{"id":890,"date":"2017-03-17T08:10:29","date_gmt":"2017-03-17T07:10:29","guid":{"rendered":"https:\/\/www.umweltperspektiven.ch\/?p=890"},"modified":"2017-03-17T08:10:29","modified_gmt":"2017-03-17T07:10:29","slug":"abfallhochzeit-srs-und-helvetia-envirennement-schliessen-sich-zusammen","status":"publish","type":"post","link":"https:\/\/www.organisator.ch\/en\/allgemein\/2017-03-17\/abfallhochzeit-srs-und-helvetia-envirennement-schliessen-sich-zusammen\/","title":{"rendered":"Merger in waste management"},"content":{"rendered":"<figure id=\"attachment_891\" aria-describedby=\"caption-attachment-891\" style=\"width: 680px\" class=\"wp-caption alignnone\"><img loading=\"lazy\" decoding=\"async\" class=\"size-medium wp-image-891\" src=\"\/\/www.umweltperspektiven.ch\/wp-content\/uploads\/2017\/03\/Image-2.jpg\" alt=\"\" width=\"680\" height=\"453\" srcset=\"https:\/\/www.organisator.ch\/wp-content\/uploads\/2017\/03\/Image-2.jpg 1920w, https:\/\/www.organisator.ch\/wp-content\/uploads\/2017\/03\/Image-2-680x453.jpg 680w, https:\/\/www.organisator.ch\/wp-content\/uploads\/2017\/03\/Image-2-1024x683.jpg 1024w, https:\/\/www.organisator.ch\/wp-content\/uploads\/2017\/03\/Image-2-768x512.jpg 768w, https:\/\/www.organisator.ch\/wp-content\/uploads\/2017\/03\/Image-2-1536x1024.jpg 1536w, https:\/\/www.organisator.ch\/wp-content\/uploads\/2017\/03\/Image-2-18x12.jpg 18w, https:\/\/www.organisator.ch\/wp-content\/uploads\/2017\/03\/Image-2-263x175.jpg 263w, https:\/\/www.organisator.ch\/wp-content\/uploads\/2017\/03\/Image-2-525x350.jpg 525w, https:\/\/www.organisator.ch\/wp-content\/uploads\/2017\/03\/Image-2-1200x800.jpg 1200w, https:\/\/www.organisator.ch\/wp-content\/uploads\/2017\/03\/Image-2-920x613.jpg 920w, https:\/\/www.organisator.ch\/wp-content\/uploads\/2017\/03\/Image-2-1400x933.jpg 1400w, https:\/\/www.organisator.ch\/wp-content\/uploads\/2017\/03\/Image-2-300x200.jpg 300w\" sizes=\"auto, (max-width: 680px) 100vw, 680px\" \/><figcaption id=\"caption-attachment-891\" class=\"wp-caption-text\">The waste management companies SRS and Helvetia Environnement will merge in the future.<\/figcaption><\/figure>\n<p>Just a few months after the initial talks, the companies announced <a href=\"\/\/www.helvetia-environnement.ch\/\">Helvetia Environnement<\/a> and SRS announced the agreement of their merger on February 22, 2017. The alliance now makes the two largest players in French-speaking Switzerland the nationwide industry leader in waste management. In the future, SRS will be one of the subsidiaries of the Helvetia Environnement Group, along with Transvoirie, Sogetri and Leman Bio Energie.<\/p>\n<p>The management of SRS will be integrated into the management of Helvetia Environnement. In the medium term, this cooperation will allow synergies between the four subsidiaries in terms of geographical presence, optimization of waste sorting facilities and reduction of Co2 emissions thanks to the use of biofuels made from waste.<\/p>\n<p>Already well established in French-speaking Switzerland, Helvetia Environnement Group will now operate nationwide with agencies in Basel and Solothurn and, thanks to a network of partners, in the cantons of Berne, Zurich and Ticino. The Group and its subsidiaries currently employ 500 people who serve 17,000 customers on a daily basis, including major industrial companies and 490 public entities. In 2017, sales are expected to exceed CHF 120 million.<\/p>\n<p>Helvetia Environnement has carried out a significant capital increase in which the founding shareholders and two other shareholders have participated. These are on the one hand UBS Clean Energy Infrastructure Switzerland KGK as an existing shareholder, advised by Fontavis AG in Baar, and on the other hand a new Swiss partner, the fund Reichmuth Infrastruktur Schweiz KGK. This fund is managed by Reichmuth &amp; Co Investment Management AG, which is based in Lucerne.<\/p>\n<p><strong>Changed market environment<\/strong><\/p>\n<p>Both companies decided on this merger in order to be prepared for the increasing concentration of waste management in Switzerland. Since their foundation, both Helvetia Environnement and SRS have developed further partly thanks to external growth, i.e. by incorporating local companies.<\/p>\n<p>The scarcity of natural resources and increasingly stringent regulations are making the collection, separation and recycling of waste ever more complex. As a result, major investments for qualified personnel and specialized teams are increasingly essential. This sector requires wide-ranging expertise and considerable financial capacity to meet the expectations of municipalities, industrial companies and SMEs in Switzerland. Whether industrial waste such as construction waste, scrap iron, wood and cardboard, or biowaste, each subsidiary requires specific logistics and special expertise to sort and transport the material to the appropriate recycling centers.<\/p>\n<p>Thus, the complementarity of the two companies in terms of fields of activity and geographical presence will allow the development of an even more comprehensive range of services. In addition, the new size of the Group will stimulate innovation and strengthen relations with public authorities and local communities.<\/p>\n<p><strong>Common values<\/strong><\/p>\n<p>This merger also focuses on the human aspect, as the employees of Helvetia Environnement and SRS share strong common values. These are expressed in their work through three components of sustainable development:<\/p>\n<ul>\n<li>Environmental Component: Promoting responsible segregation, recycling and transformation of waste into new recyclables or energy, mitigating greenhouse gas emissions.<\/li>\n<li>Economic component: conservation of natural resources through increased use of waste resources and production of alternative energy (biofuel)<\/li>\n<li>Social component: improvement of training, working conditions and safety of employees, contribution to professional reintegration.<\/li>\n<\/ul>\n<p>In their day-to-day work, both companies have actively contributed to building a circular economy model that they now intend to apply nationwide.<\/p>\n<p>Vincent Chapel, CEO of Helvetia Environnement, said: \"This merger strengthens the competitiveness of the Helvetia Environnement Group. The company demonstrates its ability to think ahead and strengthens its capacity to meet the future challenges of waste management.  Setting up automated sorting plants, optimizing existing recycling capabilities and increasing the separation rate for each material. Thanks to our new strength, we want to make a significant contribution to responsible economic activity\".<\/p>\n<p>Frank Blanpain, Director of SRS, affirmed, \"The creation of a nationwide company will allow us to share our investments and improve the services offered to our customers. In addition, the merger will stimulate the innovation capacity of our teams responding to tenders from municipalities and companies. We will offer efficient waste management strategies while strictly complying with all environmental standards.\"<\/p>\n<p>Text: Voxia Communication\/Michael Donath<\/p>","protected":false},"excerpt":{"rendered":"<p>Bereits wenige Monate nach den ersten Gespr\u00e4chen k\u00fcndigten die Firmen Helvetia Environnement und SRS am 22. Februar 2017 die Einigung \u00fcber ihren Zusammenschluss an. Das B\u00fcndnis macht aus den beiden gr\u00f6ssten Akteuren der Romandie nun den landesweiten Branchenf\u00fchrer der Abfallwirtschaft. SRS z\u00e4hlt k\u00fcnftig mit Transvoirie, Sogetri und Leman Bio Energie zu den Tochterfirmen der Helvetia [&hellip;]<\/p>\n","protected":false},"author":1,"featured_media":891,"comment_status":"open","ping_status":"open","sticky":false,"template":"","format":"standard","meta":{"_acf_changed":false,"_yoast_wpseo_focuskw":"Abfallwirtschaft","_yoast_wpseo_metadesc":"Die Firmen SRS und Helvetia Environnement, die in den Bereichen Abfallsammlung, -trennung und -verwertung t\u00e4tig sind, k\u00fcndigen ihren Zusammenschluss an.","articlekey":"","footnotes":""},"categories":[1],"tags":[],"class_list":["post-890","post","type-post","status-publish","format-standard","has-post-thumbnail","hentry","category-allgemein"],"acf":[],"yoast_head":"<!-- This site is optimized with the Yoast SEO plugin v27.5 - https:\/\/yoast.com\/product\/yoast-seo-wordpress\/ -->\n<title>Zusammenschluss in der Abfallwirtschaft - Organisator<\/title>\n<meta name=\"description\" content=\"Die Firmen SRS und Helvetia Environnement, die in den Bereichen Abfallsammlung, -trennung und -verwertung t\u00e4tig sind, k\u00fcndigen ihren Zusammenschluss an.\" \/>\n<meta name=\"robots\" content=\"index, follow, max-snippet:-1, max-image-preview:large, max-video-preview:-1\" \/>\n<link rel=\"canonical\" href=\"https:\/\/www.organisator.ch\/en\/general\/2017-03-17\/abfallhochzeit-srs-und-helvetia-envirennement-schliessen-sich-zusammen\/\" \/>\n<meta property=\"og:locale\" content=\"en_US\" \/>\n<meta property=\"og:type\" content=\"article\" \/>\n<meta property=\"og:title\" content=\"Zusammenschluss in der Abfallwirtschaft - Organisator\" \/>\n<meta property=\"og:description\" content=\"Die Firmen SRS und Helvetia Environnement, die in den Bereichen Abfallsammlung, -trennung und -verwertung t\u00e4tig sind, k\u00fcndigen ihren Zusammenschluss an.\" \/>\n<meta property=\"og:url\" content=\"https:\/\/www.organisator.ch\/en\/general\/2017-03-17\/abfallhochzeit-srs-und-helvetia-envirennement-schliessen-sich-zusammen\/\" \/>\n<meta property=\"og:site_name\" content=\"Organisator\" \/>\n<meta property=\"article:publisher\" content=\"https:\/\/www.facebook.com\/OrganisatorFachmagazin\" \/>\n<meta property=\"article:published_time\" content=\"2017-03-17T07:10:29+00:00\" \/>\n<meta property=\"og:image\" content=\"https:\/\/www.organisator.ch\/wp-content\/uploads\/2017\/03\/Image-2.jpg\" \/>\n\t<meta property=\"og:image:width\" content=\"1920\" \/>\n\t<meta property=\"og:image:height\" content=\"1280\" \/>\n\t<meta property=\"og:image:type\" content=\"image\/jpeg\" \/>\n<meta name=\"author\" content=\"admin\" \/>\n<meta name=\"twitter:card\" content=\"summary_large_image\" \/>\n<script type=\"application\/ld+json\" class=\"yoast-schema-graph\">{\"@context\":\"https:\\\/\\\/schema.org\",\"@graph\":[{\"@type\":\"Article\",\"@id\":\"https:\\\/\\\/www.organisator.ch\\\/en\\\/general\\\/2017-03-17\\\/abfallhochzeit-srs-und-helvetia-envirennement-schliessen-sich-zusammen\\\/#article\",\"isPartOf\":{\"@id\":\"https:\\\/\\\/www.organisator.ch\\\/en\\\/general\\\/2017-03-17\\\/abfallhochzeit-srs-und-helvetia-envirennement-schliessen-sich-zusammen\\\/\"},\"author\":{\"name\":\"admin\",\"@id\":\"https:\\\/\\\/www.organisator.ch\\\/#\\\/schema\\\/person\\\/aa2bace6c5c5aad60102004a50c4eb1c\"},\"headline\":\"Zusammenschluss in der Abfallwirtschaft\",\"datePublished\":\"2017-03-17T07:10:29+00:00\",\"mainEntityOfPage\":{\"@id\":\"https:\\\/\\\/www.organisator.ch\\\/en\\\/general\\\/2017-03-17\\\/abfallhochzeit-srs-und-helvetia-envirennement-schliessen-sich-zusammen\\\/\"},\"wordCount\":721,\"commentCount\":0,\"publisher\":{\"@id\":\"https:\\\/\\\/www.organisator.ch\\\/#organization\"},\"image\":{\"@id\":\"https:\\\/\\\/www.organisator.ch\\\/en\\\/general\\\/2017-03-17\\\/abfallhochzeit-srs-und-helvetia-envirennement-schliessen-sich-zusammen\\\/#primaryimage\"},\"thumbnailUrl\":\"https:\\\/\\\/www.organisator.ch\\\/wp-content\\\/uploads\\\/2017\\\/03\\\/Image-2.jpg\",\"articleSection\":[\"Allgemein\"],\"inLanguage\":\"en-US\"},{\"@type\":\"WebPage\",\"@id\":\"https:\\\/\\\/www.organisator.ch\\\/en\\\/general\\\/2017-03-17\\\/abfallhochzeit-srs-und-helvetia-envirennement-schliessen-sich-zusammen\\\/\",\"url\":\"https:\\\/\\\/www.organisator.ch\\\/en\\\/general\\\/2017-03-17\\\/abfallhochzeit-srs-und-helvetia-envirennement-schliessen-sich-zusammen\\\/\",\"name\":\"Zusammenschluss in der Abfallwirtschaft - Organisator\",\"isPartOf\":{\"@id\":\"https:\\\/\\\/www.organisator.ch\\\/#website\"},\"primaryImageOfPage\":{\"@id\":\"https:\\\/\\\/www.organisator.ch\\\/en\\\/general\\\/2017-03-17\\\/abfallhochzeit-srs-und-helvetia-envirennement-schliessen-sich-zusammen\\\/#primaryimage\"},\"image\":{\"@id\":\"https:\\\/\\\/www.organisator.ch\\\/en\\\/general\\\/2017-03-17\\\/abfallhochzeit-srs-und-helvetia-envirennement-schliessen-sich-zusammen\\\/#primaryimage\"},\"thumbnailUrl\":\"https:\\\/\\\/www.organisator.ch\\\/wp-content\\\/uploads\\\/2017\\\/03\\\/Image-2.jpg\",\"datePublished\":\"2017-03-17T07:10:29+00:00\",\"description\":\"Die Firmen SRS und Helvetia Environnement, die in den Bereichen Abfallsammlung, -trennung und -verwertung t\u00e4tig sind, k\u00fcndigen ihren Zusammenschluss an.\",\"breadcrumb\":{\"@id\":\"https:\\\/\\\/www.organisator.ch\\\/en\\\/general\\\/2017-03-17\\\/abfallhochzeit-srs-und-helvetia-envirennement-schliessen-sich-zusammen\\\/#breadcrumb\"},\"inLanguage\":\"en-US\",\"potentialAction\":[{\"@type\":\"ReadAction\",\"target\":[\"https:\\\/\\\/www.organisator.ch\\\/en\\\/general\\\/2017-03-17\\\/abfallhochzeit-srs-und-helvetia-envirennement-schliessen-sich-zusammen\\\/\"]}]},{\"@type\":\"ImageObject\",\"inLanguage\":\"en-US\",\"@id\":\"https:\\\/\\\/www.organisator.ch\\\/en\\\/general\\\/2017-03-17\\\/abfallhochzeit-srs-und-helvetia-envirennement-schliessen-sich-zusammen\\\/#primaryimage\",\"url\":\"https:\\\/\\\/www.organisator.ch\\\/wp-content\\\/uploads\\\/2017\\\/03\\\/Image-2.jpg\",\"contentUrl\":\"https:\\\/\\\/www.organisator.ch\\\/wp-content\\\/uploads\\\/2017\\\/03\\\/Image-2.jpg\",\"width\":1920,\"height\":1280,\"caption\":\"Die Entsorgungsunternehmen SRS und Helvetia Environnement schliessen sich k\u00fcnftig zusammen.\"},{\"@type\":\"BreadcrumbList\",\"@id\":\"https:\\\/\\\/www.organisator.ch\\\/en\\\/general\\\/2017-03-17\\\/abfallhochzeit-srs-und-helvetia-envirennement-schliessen-sich-zusammen\\\/#breadcrumb\",\"itemListElement\":[{\"@type\":\"ListItem\",\"position\":1,\"name\":\"Home\",\"item\":\"https:\\\/\\\/www.organisator.ch\\\/\"},{\"@type\":\"ListItem\",\"position\":2,\"name\":\"Zusammenschluss in der Abfallwirtschaft\"}]},{\"@type\":\"WebSite\",\"@id\":\"https:\\\/\\\/www.organisator.ch\\\/#website\",\"url\":\"https:\\\/\\\/www.organisator.ch\\\/\",\"name\":\"Organisator\",\"description\":\"Kompetent. Praxisnah. Der ORGANISATOR bereitet in 10 Ausgaben pro Jahr die wesentlichen Themen f\u00fcr F\u00fchrungskr\u00e4fte von KMU auf.\",\"publisher\":{\"@id\":\"https:\\\/\\\/www.organisator.ch\\\/#organization\"},\"potentialAction\":[{\"@type\":\"SearchAction\",\"target\":{\"@type\":\"EntryPoint\",\"urlTemplate\":\"https:\\\/\\\/www.organisator.ch\\\/?s={search_term_string}\"},\"query-input\":{\"@type\":\"PropertyValueSpecification\",\"valueRequired\":true,\"valueName\":\"search_term_string\"}}],\"inLanguage\":\"en-US\"},{\"@type\":\"Organization\",\"@id\":\"https:\\\/\\\/www.organisator.ch\\\/#organization\",\"name\":\"Organisator\",\"url\":\"https:\\\/\\\/www.organisator.ch\\\/\",\"logo\":{\"@type\":\"ImageObject\",\"inLanguage\":\"en-US\",\"@id\":\"https:\\\/\\\/www.organisator.ch\\\/#\\\/schema\\\/logo\\\/image\\\/\",\"url\":\"https:\\\/\\\/www.organisator.ch\\\/wp-content\\\/uploads\\\/2022\\\/01\\\/Logo_Organisator_Website.png\",\"contentUrl\":\"https:\\\/\\\/www.organisator.ch\\\/wp-content\\\/uploads\\\/2022\\\/01\\\/Logo_Organisator_Website.png\",\"width\":800,\"height\":77,\"caption\":\"Organisator\"},\"image\":{\"@id\":\"https:\\\/\\\/www.organisator.ch\\\/#\\\/schema\\\/logo\\\/image\\\/\"},\"sameAs\":[\"https:\\\/\\\/www.facebook.com\\\/OrganisatorFachmagazin\",\"https:\\\/\\\/www.linkedin.com\\\/showcase\\\/organisator-das-magazin-fr-kmu\",\"https:\\\/\\\/www.xing.com\\\/news\\\/pages\\\/organisator-ch-695\",\"https:\\\/\\\/www.youtube.com\\\/channel\\\/UCGP2Sq0iWaZwT3BdIAQFYpw\"]},{\"@type\":\"Person\",\"@id\":\"https:\\\/\\\/www.organisator.ch\\\/#\\\/schema\\\/person\\\/aa2bace6c5c5aad60102004a50c4eb1c\",\"name\":\"admin\",\"image\":{\"@type\":\"ImageObject\",\"inLanguage\":\"en-US\",\"@id\":\"https:\\\/\\\/secure.gravatar.com\\\/avatar\\\/ae2f4d718e6c49043e314ce431e7e645d646302a24a5ef5a8bc8e3f5a032e319?s=96&d=mm&r=g\",\"url\":\"https:\\\/\\\/secure.gravatar.com\\\/avatar\\\/ae2f4d718e6c49043e314ce431e7e645d646302a24a5ef5a8bc8e3f5a032e319?s=96&d=mm&r=g\",\"contentUrl\":\"https:\\\/\\\/secure.gravatar.com\\\/avatar\\\/ae2f4d718e6c49043e314ce431e7e645d646302a24a5ef5a8bc8e3f5a032e319?s=96&d=mm&r=g\",\"caption\":\"admin\"},\"sameAs\":[\"https:\\\/\\\/www.organisator.ch\"],\"url\":\"https:\\\/\\\/www.organisator.ch\\\/en\\\/author\\\/admin\\\/\"}]}<\/script>\n<!-- \/ Yoast SEO plugin. -->","yoast_head_json":{"title":"Association in waste management - organizer","description":"The companies SRS and Helvetia Environnement, active in waste collection, separation and recycling, announce their merger.","robots":{"index":"index","follow":"follow","max-snippet":"max-snippet:-1","max-image-preview":"max-image-preview:large","max-video-preview":"max-video-preview:-1"},"canonical":"https:\/\/www.organisator.ch\/en\/general\/2017-03-17\/abfallhochzeit-srs-und-helvetia-envirennement-schliessen-sich-zusammen\/","og_locale":"en_US","og_type":"article","og_title":"Zusammenschluss in der Abfallwirtschaft - Organisator","og_description":"Die Firmen SRS und Helvetia Environnement, die in den Bereichen Abfallsammlung, -trennung und -verwertung t\u00e4tig sind, k\u00fcndigen ihren Zusammenschluss an.","og_url":"https:\/\/www.organisator.ch\/en\/general\/2017-03-17\/abfallhochzeit-srs-und-helvetia-envirennement-schliessen-sich-zusammen\/","og_site_name":"Organisator","article_publisher":"https:\/\/www.facebook.com\/OrganisatorFachmagazin","article_published_time":"2017-03-17T07:10:29+00:00","og_image":[{"width":1920,"height":1280,"url":"https:\/\/www.organisator.ch\/wp-content\/uploads\/2017\/03\/Image-2.jpg","type":"image\/jpeg"}],"author":"admin","twitter_card":"summary_large_image","schema":{"@context":"https:\/\/schema.org","@graph":[{"@type":"Article","@id":"https:\/\/www.organisator.ch\/en\/general\/2017-03-17\/abfallhochzeit-srs-und-helvetia-envirennement-schliessen-sich-zusammen\/#article","isPartOf":{"@id":"https:\/\/www.organisator.ch\/en\/general\/2017-03-17\/abfallhochzeit-srs-und-helvetia-envirennement-schliessen-sich-zusammen\/"},"author":{"name":"admin","@id":"https:\/\/www.organisator.ch\/#\/schema\/person\/aa2bace6c5c5aad60102004a50c4eb1c"},"headline":"Zusammenschluss in der Abfallwirtschaft","datePublished":"2017-03-17T07:10:29+00:00","mainEntityOfPage":{"@id":"https:\/\/www.organisator.ch\/en\/general\/2017-03-17\/abfallhochzeit-srs-und-helvetia-envirennement-schliessen-sich-zusammen\/"},"wordCount":721,"commentCount":0,"publisher":{"@id":"https:\/\/www.organisator.ch\/#organization"},"image":{"@id":"https:\/\/www.organisator.ch\/en\/general\/2017-03-17\/abfallhochzeit-srs-und-helvetia-envirennement-schliessen-sich-zusammen\/#primaryimage"},"thumbnailUrl":"https:\/\/www.organisator.ch\/wp-content\/uploads\/2017\/03\/Image-2.jpg","articleSection":["Allgemein"],"inLanguage":"en-US"},{"@type":"WebPage","@id":"https:\/\/www.organisator.ch\/en\/general\/2017-03-17\/abfallhochzeit-srs-und-helvetia-envirennement-schliessen-sich-zusammen\/","url":"https:\/\/www.organisator.ch\/en\/general\/2017-03-17\/abfallhochzeit-srs-und-helvetia-envirennement-schliessen-sich-zusammen\/","name":"Association in waste management - organizer","isPartOf":{"@id":"https:\/\/www.organisator.ch\/#website"},"primaryImageOfPage":{"@id":"https:\/\/www.organisator.ch\/en\/general\/2017-03-17\/abfallhochzeit-srs-und-helvetia-envirennement-schliessen-sich-zusammen\/#primaryimage"},"image":{"@id":"https:\/\/www.organisator.ch\/en\/general\/2017-03-17\/abfallhochzeit-srs-und-helvetia-envirennement-schliessen-sich-zusammen\/#primaryimage"},"thumbnailUrl":"https:\/\/www.organisator.ch\/wp-content\/uploads\/2017\/03\/Image-2.jpg","datePublished":"2017-03-17T07:10:29+00:00","description":"The companies SRS and Helvetia Environnement, active in waste collection, separation and recycling, announce their merger.","breadcrumb":{"@id":"https:\/\/www.organisator.ch\/en\/general\/2017-03-17\/abfallhochzeit-srs-und-helvetia-envirennement-schliessen-sich-zusammen\/#breadcrumb"},"inLanguage":"en-US","potentialAction":[{"@type":"ReadAction","target":["https:\/\/www.organisator.ch\/en\/general\/2017-03-17\/abfallhochzeit-srs-und-helvetia-envirennement-schliessen-sich-zusammen\/"]}]},{"@type":"ImageObject","inLanguage":"en-US","@id":"https:\/\/www.organisator.ch\/en\/general\/2017-03-17\/abfallhochzeit-srs-und-helvetia-envirennement-schliessen-sich-zusammen\/#primaryimage","url":"https:\/\/www.organisator.ch\/wp-content\/uploads\/2017\/03\/Image-2.jpg","contentUrl":"https:\/\/www.organisator.ch\/wp-content\/uploads\/2017\/03\/Image-2.jpg","width":1920,"height":1280,"caption":"Die Entsorgungsunternehmen SRS und Helvetia Environnement schliessen sich k\u00fcnftig zusammen."},{"@type":"BreadcrumbList","@id":"https:\/\/www.organisator.ch\/en\/general\/2017-03-17\/abfallhochzeit-srs-und-helvetia-envirennement-schliessen-sich-zusammen\/#breadcrumb","itemListElement":[{"@type":"ListItem","position":1,"name":"Home","item":"https:\/\/www.organisator.ch\/"},{"@type":"ListItem","position":2,"name":"Zusammenschluss in der Abfallwirtschaft"}]},{"@type":"WebSite","@id":"https:\/\/www.organisator.ch\/#website","url":"https:\/\/www.organisator.ch\/","name":"Organizer","description":"Competent. Practical. In 10 issues per year, ORGANISATOR presents the essential topics for managers of SMEs.","publisher":{"@id":"https:\/\/www.organisator.ch\/#organization"},"potentialAction":[{"@type":"SearchAction","target":{"@type":"EntryPoint","urlTemplate":"https:\/\/www.organisator.ch\/?s={search_term_string}"},"query-input":{"@type":"PropertyValueSpecification","valueRequired":true,"valueName":"search_term_string"}}],"inLanguage":"en-US"},{"@type":"Organization","@id":"https:\/\/www.organisator.ch\/#organization","name":"Organizer","url":"https:\/\/www.organisator.ch\/","logo":{"@type":"ImageObject","inLanguage":"en-US","@id":"https:\/\/www.organisator.ch\/#\/schema\/logo\/image\/","url":"https:\/\/www.organisator.ch\/wp-content\/uploads\/2022\/01\/Logo_Organisator_Website.png","contentUrl":"https:\/\/www.organisator.ch\/wp-content\/uploads\/2022\/01\/Logo_Organisator_Website.png","width":800,"height":77,"caption":"Organisator"},"image":{"@id":"https:\/\/www.organisator.ch\/#\/schema\/logo\/image\/"},"sameAs":["https:\/\/www.facebook.com\/OrganisatorFachmagazin","https:\/\/www.linkedin.com\/showcase\/organisator-das-magazin-fr-kmu","https:\/\/www.xing.com\/news\/pages\/organisator-ch-695","https:\/\/www.youtube.com\/channel\/UCGP2Sq0iWaZwT3BdIAQFYpw"]},{"@type":"Person","@id":"https:\/\/www.organisator.ch\/#\/schema\/person\/aa2bace6c5c5aad60102004a50c4eb1c","name":"admin","image":{"@type":"ImageObject","inLanguage":"en-US","@id":"https:\/\/secure.gravatar.com\/avatar\/ae2f4d718e6c49043e314ce431e7e645d646302a24a5ef5a8bc8e3f5a032e319?s=96&d=mm&r=g","url":"https:\/\/secure.gravatar.com\/avatar\/ae2f4d718e6c49043e314ce431e7e645d646302a24a5ef5a8bc8e3f5a032e319?s=96&d=mm&r=g","contentUrl":"https:\/\/secure.gravatar.com\/avatar\/ae2f4d718e6c49043e314ce431e7e645d646302a24a5ef5a8bc8e3f5a032e319?s=96&d=mm&r=g","caption":"admin"},"sameAs":["https:\/\/www.organisator.ch"],"url":"https:\/\/www.organisator.ch\/en\/author\/admin\/"}]}},"_links":{"self":[{"href":"https:\/\/www.organisator.ch\/en\/wp-json\/wp\/v2\/posts\/890","targetHints":{"allow":["GET"]}}],"collection":[{"href":"https:\/\/www.organisator.ch\/en\/wp-json\/wp\/v2\/posts"}],"about":[{"href":"https:\/\/www.organisator.ch\/en\/wp-json\/wp\/v2\/types\/post"}],"author":[{"embeddable":true,"href":"https:\/\/www.organisator.ch\/en\/wp-json\/wp\/v2\/users\/1"}],"replies":[{"embeddable":true,"href":"https:\/\/www.organisator.ch\/en\/wp-json\/wp\/v2\/comments?post=890"}],"version-history":[{"count":0,"href":"https:\/\/www.organisator.ch\/en\/wp-json\/wp\/v2\/posts\/890\/revisions"}],"wp:featuredmedia":[{"embeddable":true,"href":"https:\/\/www.organisator.ch\/en\/wp-json\/wp\/v2\/media\/891"}],"wp:attachment":[{"href":"https:\/\/www.organisator.ch\/en\/wp-json\/wp\/v2\/media?parent=890"}],"wp:term":[{"taxonomy":"category","embeddable":true,"href":"https:\/\/www.organisator.ch\/en\/wp-json\/wp\/v2\/categories?post=890"},{"taxonomy":"post_tag","embeddable":true,"href":"https:\/\/www.organisator.ch\/en\/wp-json\/wp\/v2\/tags?post=890"}],"curies":[{"name":"wp","href":"https:\/\/api.w.org\/{rel}","templated":true}]}}