{"id":899,"date":"2016-07-11T17:26:48","date_gmt":"2016-07-11T15:26:48","guid":{"rendered":"http:\/\/dev.organisator.ch\/?p=899"},"modified":"2016-07-11T17:26:48","modified_gmt":"2016-07-11T15:26:48","slug":"schluss-mit-dem-ferien-blues","status":"publish","type":"post","link":"https:\/\/www.organisator.ch\/en\/allgemein\/2016-07-11\/schluss-mit-dem-ferien-blues\/","title":{"rendered":"Putting an end to the vacation blues"},"content":{"rendered":"<figure id=\"attachment_900\" aria-describedby=\"caption-attachment-900\" style=\"width: 468px\" class=\"wp-caption alignnone\"><img loading=\"lazy\" decoding=\"async\" class=\"size-full wp-image-900\" src=\"https:\/\/www.organisator.ch\/wp-content\/uploads\/2016\/12\/Schluss-mit-dem-Ferien-Blues-organisator.jpg\" alt=\"\" width=\"468\" height=\"640\" srcset=\"https:\/\/www.organisator.ch\/wp-content\/uploads\/2016\/12\/Schluss-mit-dem-Ferien-Blues-organisator.jpg 468w, https:\/\/www.organisator.ch\/wp-content\/uploads\/2016\/12\/Schluss-mit-dem-Ferien-Blues-organisator-9x12.jpg 9w, https:\/\/www.organisator.ch\/wp-content\/uploads\/2016\/12\/Schluss-mit-dem-Ferien-Blues-organisator-128x175.jpg 128w, https:\/\/www.organisator.ch\/wp-content\/uploads\/2016\/12\/Schluss-mit-dem-Ferien-Blues-organisator-256x350.jpg 256w, https:\/\/www.organisator.ch\/wp-content\/uploads\/2016\/12\/Schluss-mit-dem-Ferien-Blues-organisator-300x410.jpg 300w\" sizes=\"auto, (max-width: 468px) 100vw, 468px\" \/><figcaption id=\"caption-attachment-900\" class=\"wp-caption-text\">(Source Mankau Verlag)<\/figcaption><\/figure>\n<p>In his book of the same name, published by Mankau Verlag to coincide with the start of the vacations, he has written down his method for the first time in a way that is accessible to everyone and can be implemented immediately. The aim of the book is to provide readers with a clear and simple way to get rid of burdensome patterns forever, to go through life with a new, more joyful perspective and to define and achieve their goals and desires.<\/p>\n<p>For this, the HRC uses the effects of heart resonance, coherence and quantum physics, combined with methods from naturopathic and energetic medicine. Thus, it helps to achieve a higher quality of life with more joy and meaningfulness - permanently, even outside the vacation season.<\/p>\n<p><strong>\"Heavy luggage\" can spoil vacations<\/strong><\/p>\n<p>Our heart, the center of all feelings, generates an electromagnetic field with every beat: the heart resonance field. All our experiences, both positive and negative, are stored in this energy field. If burdensome topics get out of hand, physical and emotional stress reactions are the result, which can make us ill and lead to exhaustion, depression or burn-out.<\/p>\n<p>Unfortunately, such \"dissonances\" often show up particularly clearly during vacations - when there is peace and quiet and away from the usual - for example in the form of disputes and tensions, extreme fatigue, passivity, susceptibility to illness, and even a crisis of meaning. Because no matter where the journey goes: You always take yourself with all the \"trappings\" (physical and emotional) with you. If you don't \"come clean\" with yourself, these dissonances remain and intensify in a downward spiral.<\/p>\n<p>This is precisely where the HRC comes in. It wants to contribute significantly to clarification and improvement.<\/p>\n<p><strong>Follow the heart compass<\/strong><\/p>\n<p>Heart Resonance Coaching is about using the heart like a compass. The essential \"heart\" and working tool in this context is the so-called life map as a basis for creating clarity in the personal network of relationships of the past and present.<\/p>\n<p>With its help, the current location in life is first determined and the cause of all negative issues - such as exhaustion, illness, accident, negative experiences or conflicts - is revealed and clarified. In a second step, all relevant interference fields (= causes\/negative themes) that negatively influence the heart resonance field are identified and neutralized with simple resolution tasks.<\/p>\n<p>Last but not least, thanks to the necessary clarity for the personal goals and visions, the heart compass can again work trouble-free.<\/p>\n<p><strong>Be in triad<\/strong><\/p>\n<p>\"If we free the heart from that which burdens us, inner peace, tranquility and serenity return permanently,\" Claus Walter sums up the effect of his coaching model. The goal is to bring the head (= thoughts), heart (= feelings) and gut (= intuition, instinct, inner voice) back into a stable unity, a harmonious triad. If all three are in a balanced relationship, the person is more mindful in all his activities.<\/p>\n<p>From the balance, insights occur that stimulate changes and promote their implementation. As a consequence, this process often leads to a (re)reflection on one's own knowledge, competencies and personal abilities and talents - the second important triad in the core of the human being - and suddenly the answers to possible questions of meaning are very close at hand. In this way, Heart-Resonance-Coaching leads to lasting joy of life and quality of life.<\/p>\n<p>Claus Walter: \"Heart-Resonance-Coaching\" - with enclosed life map in A2 format - available from Mankau Verlag. ISBN 978-3-86374-305-5.<\/p>\n<p><a href=\"http:\/\/www.mankau.com\" target=\"_blank\" data-cke-saved-href=\"http:\/\/www.mankau.com\" rel=\"noopener\">http:\/\/www.mankau.com<\/a><\/p>","protected":false},"excerpt":{"rendered":"<p>In seinem gleichnamigen, passend zum Ferienbeginn beim Mankau Verlag erscheinenden Buch hat er seine Methode erstmals f\u00fcr alle zug\u00e4nglich und sofort umsetzbar niedergeschrieben. Ziel des Buches ist, den Lesern einen klaren und einfachen Weg zu vermitteln, wie sie belastende Muster f\u00fcr immer loswerden, mit neuem, freudvollerem Blickwinkel durchs Leben gehen und ihre Ziele und W\u00fcnsche [&hellip;]<\/p>\n","protected":false},"author":1,"featured_media":900,"comment_status":"open","ping_status":"open","sticky":false,"template":"","format":"standard","meta":{"_acf_changed":false,"_yoast_wpseo_focuskw":"Ferien-Blues","_yoast_wpseo_metadesc":"Mit dem \u201eHerz-Resonanz-Coaching\u201c (HRC) l\u00e4sst sich der h\u00e4ufig frustrierende Kreislauf aus Arbeit \u2013 Urlaub \u2013 Arbeit wirksam durchbrechen.","articlekey":"","footnotes":""},"categories":[1],"tags":[92],"class_list":["post-899","post","type-post","status-publish","format-standard","has-post-thumbnail","hentry","category-allgemein","tag-buch"],"acf":[],"yoast_head":"<!-- This site is optimized with the Yoast SEO plugin v27.4 - https:\/\/yoast.com\/product\/yoast-seo-wordpress\/ -->\n<title>Schluss mit dem Ferien-Blues - Organisator<\/title>\n<meta name=\"description\" content=\"Mit dem \u201eHerz-Resonanz-Coaching\u201c (HRC) l\u00e4sst sich der h\u00e4ufig frustrierende Kreislauf aus Arbeit \u2013 Urlaub \u2013 Arbeit wirksam durchbrechen.\" \/>\n<meta name=\"robots\" content=\"index, follow, max-snippet:-1, max-image-preview:large, max-video-preview:-1\" \/>\n<link rel=\"canonical\" href=\"https:\/\/www.organisator.ch\/en\/general\/2016-07-11\/schluss-mit-dem-ferien-blues\/\" \/>\n<meta property=\"og:locale\" content=\"en_US\" \/>\n<meta property=\"og:type\" content=\"article\" \/>\n<meta property=\"og:title\" content=\"Schluss mit dem Ferien-Blues\" \/>\n<meta property=\"og:description\" content=\"Mit dem \u201eHerz-Resonanz-Coaching\u201c (HRC) l\u00e4sst sich der h\u00e4ufig frustrierende Kreislauf aus Arbeit \u2013 Urlaub \u2013 Arbeit wirksam durchbrechen. Claus Walter entwickelte das innovative Herz-Resonanz-Coaching in zw\u00f6lfj\u00e4hriger Forschungsarbeit. Soeben ist sein gleichnamiges Buch erschienen.\" \/>\n<meta property=\"og:url\" content=\"https:\/\/www.organisator.ch\/en\/general\/2016-07-11\/schluss-mit-dem-ferien-blues\/\" \/>\n<meta property=\"og:site_name\" content=\"Organisator\" \/>\n<meta property=\"article:publisher\" content=\"https:\/\/www.facebook.com\/OrganisatorFachmagazin\" \/>\n<meta property=\"article:published_time\" content=\"2016-07-11T15:26:48+00:00\" \/>\n<meta name=\"author\" content=\"admin\" \/>\n<meta name=\"twitter:card\" content=\"summary_large_image\" \/>\n<meta name=\"twitter:image\" content=\"https:\/\/www.organisator.ch\/wp-content\/uploads\/2016\/12\/Schluss-mit-dem-Ferien-Blues-organisator.jpg\" \/>\n<script type=\"application\/ld+json\" class=\"yoast-schema-graph\">{\"@context\":\"https:\\\/\\\/schema.org\",\"@graph\":[{\"@type\":\"Article\",\"@id\":\"https:\\\/\\\/www.organisator.ch\\\/fr\\\/general\\\/2016-07-11\\\/schluss-mit-dem-ferien-blues\\\/#article\",\"isPartOf\":{\"@id\":\"https:\\\/\\\/www.organisator.ch\\\/fr\\\/general\\\/2016-07-11\\\/schluss-mit-dem-ferien-blues\\\/\"},\"author\":{\"name\":\"admin\",\"@id\":\"https:\\\/\\\/www.organisator.ch\\\/#\\\/schema\\\/person\\\/aa2bace6c5c5aad60102004a50c4eb1c\"},\"headline\":\"Schluss mit dem Ferien-Blues\",\"datePublished\":\"2016-07-11T15:26:48+00:00\",\"mainEntityOfPage\":{\"@id\":\"https:\\\/\\\/www.organisator.ch\\\/fr\\\/general\\\/2016-07-11\\\/schluss-mit-dem-ferien-blues\\\/\"},\"wordCount\":573,\"commentCount\":0,\"publisher\":{\"@id\":\"https:\\\/\\\/www.organisator.ch\\\/#organization\"},\"image\":{\"@id\":\"https:\\\/\\\/www.organisator.ch\\\/fr\\\/general\\\/2016-07-11\\\/schluss-mit-dem-ferien-blues\\\/#primaryimage\"},\"thumbnailUrl\":\"https:\\\/\\\/www.organisator.ch\\\/wp-content\\\/uploads\\\/2016\\\/12\\\/Schluss-mit-dem-Ferien-Blues-organisator.jpg\",\"keywords\":[\"Buch\"],\"articleSection\":[\"Allgemein\"],\"inLanguage\":\"en-US\"},{\"@type\":\"WebPage\",\"@id\":\"https:\\\/\\\/www.organisator.ch\\\/fr\\\/general\\\/2016-07-11\\\/schluss-mit-dem-ferien-blues\\\/\",\"url\":\"https:\\\/\\\/www.organisator.ch\\\/fr\\\/general\\\/2016-07-11\\\/schluss-mit-dem-ferien-blues\\\/\",\"name\":\"Schluss mit dem Ferien-Blues - Organisator\",\"isPartOf\":{\"@id\":\"https:\\\/\\\/www.organisator.ch\\\/#website\"},\"primaryImageOfPage\":{\"@id\":\"https:\\\/\\\/www.organisator.ch\\\/fr\\\/general\\\/2016-07-11\\\/schluss-mit-dem-ferien-blues\\\/#primaryimage\"},\"image\":{\"@id\":\"https:\\\/\\\/www.organisator.ch\\\/fr\\\/general\\\/2016-07-11\\\/schluss-mit-dem-ferien-blues\\\/#primaryimage\"},\"thumbnailUrl\":\"https:\\\/\\\/www.organisator.ch\\\/wp-content\\\/uploads\\\/2016\\\/12\\\/Schluss-mit-dem-Ferien-Blues-organisator.jpg\",\"datePublished\":\"2016-07-11T15:26:48+00:00\",\"description\":\"Mit dem \u201eHerz-Resonanz-Coaching\u201c (HRC) l\u00e4sst sich der h\u00e4ufig frustrierende Kreislauf aus Arbeit \u2013 Urlaub \u2013 Arbeit wirksam durchbrechen.\",\"breadcrumb\":{\"@id\":\"https:\\\/\\\/www.organisator.ch\\\/fr\\\/general\\\/2016-07-11\\\/schluss-mit-dem-ferien-blues\\\/#breadcrumb\"},\"inLanguage\":\"en-US\",\"potentialAction\":[{\"@type\":\"ReadAction\",\"target\":[\"https:\\\/\\\/www.organisator.ch\\\/fr\\\/general\\\/2016-07-11\\\/schluss-mit-dem-ferien-blues\\\/\"]}]},{\"@type\":\"ImageObject\",\"inLanguage\":\"en-US\",\"@id\":\"https:\\\/\\\/www.organisator.ch\\\/fr\\\/general\\\/2016-07-11\\\/schluss-mit-dem-ferien-blues\\\/#primaryimage\",\"url\":\"https:\\\/\\\/www.organisator.ch\\\/wp-content\\\/uploads\\\/2016\\\/12\\\/Schluss-mit-dem-Ferien-Blues-organisator.jpg\",\"contentUrl\":\"https:\\\/\\\/www.organisator.ch\\\/wp-content\\\/uploads\\\/2016\\\/12\\\/Schluss-mit-dem-Ferien-Blues-organisator.jpg\",\"width\":468,\"height\":640,\"caption\":\"(Quelle Mankau Verlag)\"},{\"@type\":\"BreadcrumbList\",\"@id\":\"https:\\\/\\\/www.organisator.ch\\\/fr\\\/general\\\/2016-07-11\\\/schluss-mit-dem-ferien-blues\\\/#breadcrumb\",\"itemListElement\":[{\"@type\":\"ListItem\",\"position\":1,\"name\":\"Home\",\"item\":\"https:\\\/\\\/www.organisator.ch\\\/\"},{\"@type\":\"ListItem\",\"position\":2,\"name\":\"Schluss mit dem Ferien-Blues\"}]},{\"@type\":\"WebSite\",\"@id\":\"https:\\\/\\\/www.organisator.ch\\\/#website\",\"url\":\"https:\\\/\\\/www.organisator.ch\\\/\",\"name\":\"Organisator\",\"description\":\"Kompetent. Praxisnah. Der ORGANISATOR bereitet in 10 Ausgaben pro Jahr die wesentlichen Themen f\u00fcr F\u00fchrungskr\u00e4fte von KMU auf.\",\"publisher\":{\"@id\":\"https:\\\/\\\/www.organisator.ch\\\/#organization\"},\"potentialAction\":[{\"@type\":\"SearchAction\",\"target\":{\"@type\":\"EntryPoint\",\"urlTemplate\":\"https:\\\/\\\/www.organisator.ch\\\/?s={search_term_string}\"},\"query-input\":{\"@type\":\"PropertyValueSpecification\",\"valueRequired\":true,\"valueName\":\"search_term_string\"}}],\"inLanguage\":\"en-US\"},{\"@type\":\"Organization\",\"@id\":\"https:\\\/\\\/www.organisator.ch\\\/#organization\",\"name\":\"Organisator\",\"url\":\"https:\\\/\\\/www.organisator.ch\\\/\",\"logo\":{\"@type\":\"ImageObject\",\"inLanguage\":\"en-US\",\"@id\":\"https:\\\/\\\/www.organisator.ch\\\/#\\\/schema\\\/logo\\\/image\\\/\",\"url\":\"https:\\\/\\\/www.organisator.ch\\\/wp-content\\\/uploads\\\/2022\\\/01\\\/Logo_Organisator_Website.png\",\"contentUrl\":\"https:\\\/\\\/www.organisator.ch\\\/wp-content\\\/uploads\\\/2022\\\/01\\\/Logo_Organisator_Website.png\",\"width\":800,\"height\":77,\"caption\":\"Organisator\"},\"image\":{\"@id\":\"https:\\\/\\\/www.organisator.ch\\\/#\\\/schema\\\/logo\\\/image\\\/\"},\"sameAs\":[\"https:\\\/\\\/www.facebook.com\\\/OrganisatorFachmagazin\",\"https:\\\/\\\/www.linkedin.com\\\/showcase\\\/organisator-das-magazin-fr-kmu\",\"https:\\\/\\\/www.xing.com\\\/news\\\/pages\\\/organisator-ch-695\",\"https:\\\/\\\/www.youtube.com\\\/channel\\\/UCGP2Sq0iWaZwT3BdIAQFYpw\"]},{\"@type\":\"Person\",\"@id\":\"https:\\\/\\\/www.organisator.ch\\\/#\\\/schema\\\/person\\\/aa2bace6c5c5aad60102004a50c4eb1c\",\"name\":\"admin\",\"image\":{\"@type\":\"ImageObject\",\"inLanguage\":\"en-US\",\"@id\":\"https:\\\/\\\/secure.gravatar.com\\\/avatar\\\/ae2f4d718e6c49043e314ce431e7e645d646302a24a5ef5a8bc8e3f5a032e319?s=96&d=mm&r=g\",\"url\":\"https:\\\/\\\/secure.gravatar.com\\\/avatar\\\/ae2f4d718e6c49043e314ce431e7e645d646302a24a5ef5a8bc8e3f5a032e319?s=96&d=mm&r=g\",\"contentUrl\":\"https:\\\/\\\/secure.gravatar.com\\\/avatar\\\/ae2f4d718e6c49043e314ce431e7e645d646302a24a5ef5a8bc8e3f5a032e319?s=96&d=mm&r=g\",\"caption\":\"admin\"},\"sameAs\":[\"https:\\\/\\\/www.organisator.ch\"],\"url\":\"https:\\\/\\\/www.organisator.ch\\\/en\\\/author\\\/admin\\\/\"}]}<\/script>\n<!-- \/ Yoast SEO plugin. -->","yoast_head_json":{"title":"Putting an end to the vacation blues - organizer","description":"Heart Resonance Coaching\" (HRC) is an effective way to break the often frustrating cycle of work - vacation - work.","robots":{"index":"index","follow":"follow","max-snippet":"max-snippet:-1","max-image-preview":"max-image-preview:large","max-video-preview":"max-video-preview:-1"},"canonical":"https:\/\/www.organisator.ch\/en\/general\/2016-07-11\/schluss-mit-dem-ferien-blues\/","og_locale":"en_US","og_type":"article","og_title":"Schluss mit dem Ferien-Blues","og_description":"Mit dem \u201eHerz-Resonanz-Coaching\u201c (HRC) l\u00e4sst sich der h\u00e4ufig frustrierende Kreislauf aus Arbeit \u2013 Urlaub \u2013 Arbeit wirksam durchbrechen. Claus Walter entwickelte das innovative Herz-Resonanz-Coaching in zw\u00f6lfj\u00e4hriger Forschungsarbeit. Soeben ist sein gleichnamiges Buch erschienen.","og_url":"https:\/\/www.organisator.ch\/en\/general\/2016-07-11\/schluss-mit-dem-ferien-blues\/","og_site_name":"Organisator","article_publisher":"https:\/\/www.facebook.com\/OrganisatorFachmagazin","article_published_time":"2016-07-11T15:26:48+00:00","author":"admin","twitter_card":"summary_large_image","twitter_image":"https:\/\/www.organisator.ch\/wp-content\/uploads\/2016\/12\/Schluss-mit-dem-Ferien-Blues-organisator.jpg","schema":{"@context":"https:\/\/schema.org","@graph":[{"@type":"Article","@id":"https:\/\/www.organisator.ch\/fr\/general\/2016-07-11\/schluss-mit-dem-ferien-blues\/#article","isPartOf":{"@id":"https:\/\/www.organisator.ch\/fr\/general\/2016-07-11\/schluss-mit-dem-ferien-blues\/"},"author":{"name":"admin","@id":"https:\/\/www.organisator.ch\/#\/schema\/person\/aa2bace6c5c5aad60102004a50c4eb1c"},"headline":"Schluss mit dem Ferien-Blues","datePublished":"2016-07-11T15:26:48+00:00","mainEntityOfPage":{"@id":"https:\/\/www.organisator.ch\/fr\/general\/2016-07-11\/schluss-mit-dem-ferien-blues\/"},"wordCount":573,"commentCount":0,"publisher":{"@id":"https:\/\/www.organisator.ch\/#organization"},"image":{"@id":"https:\/\/www.organisator.ch\/fr\/general\/2016-07-11\/schluss-mit-dem-ferien-blues\/#primaryimage"},"thumbnailUrl":"https:\/\/www.organisator.ch\/wp-content\/uploads\/2016\/12\/Schluss-mit-dem-Ferien-Blues-organisator.jpg","keywords":["Buch"],"articleSection":["Allgemein"],"inLanguage":"en-US"},{"@type":"WebPage","@id":"https:\/\/www.organisator.ch\/fr\/general\/2016-07-11\/schluss-mit-dem-ferien-blues\/","url":"https:\/\/www.organisator.ch\/fr\/general\/2016-07-11\/schluss-mit-dem-ferien-blues\/","name":"Putting an end to the vacation blues - organizer","isPartOf":{"@id":"https:\/\/www.organisator.ch\/#website"},"primaryImageOfPage":{"@id":"https:\/\/www.organisator.ch\/fr\/general\/2016-07-11\/schluss-mit-dem-ferien-blues\/#primaryimage"},"image":{"@id":"https:\/\/www.organisator.ch\/fr\/general\/2016-07-11\/schluss-mit-dem-ferien-blues\/#primaryimage"},"thumbnailUrl":"https:\/\/www.organisator.ch\/wp-content\/uploads\/2016\/12\/Schluss-mit-dem-Ferien-Blues-organisator.jpg","datePublished":"2016-07-11T15:26:48+00:00","description":"Heart Resonance Coaching\" (HRC) is an effective way to break the often frustrating cycle of work - vacation - work.","breadcrumb":{"@id":"https:\/\/www.organisator.ch\/fr\/general\/2016-07-11\/schluss-mit-dem-ferien-blues\/#breadcrumb"},"inLanguage":"en-US","potentialAction":[{"@type":"ReadAction","target":["https:\/\/www.organisator.ch\/fr\/general\/2016-07-11\/schluss-mit-dem-ferien-blues\/"]}]},{"@type":"ImageObject","inLanguage":"en-US","@id":"https:\/\/www.organisator.ch\/fr\/general\/2016-07-11\/schluss-mit-dem-ferien-blues\/#primaryimage","url":"https:\/\/www.organisator.ch\/wp-content\/uploads\/2016\/12\/Schluss-mit-dem-Ferien-Blues-organisator.jpg","contentUrl":"https:\/\/www.organisator.ch\/wp-content\/uploads\/2016\/12\/Schluss-mit-dem-Ferien-Blues-organisator.jpg","width":468,"height":640,"caption":"(Quelle Mankau Verlag)"},{"@type":"BreadcrumbList","@id":"https:\/\/www.organisator.ch\/fr\/general\/2016-07-11\/schluss-mit-dem-ferien-blues\/#breadcrumb","itemListElement":[{"@type":"ListItem","position":1,"name":"Home","item":"https:\/\/www.organisator.ch\/"},{"@type":"ListItem","position":2,"name":"Schluss mit dem Ferien-Blues"}]},{"@type":"WebSite","@id":"https:\/\/www.organisator.ch\/#website","url":"https:\/\/www.organisator.ch\/","name":"Organizer","description":"Competent. Practical. In 10 issues per year, ORGANISATOR presents the essential topics for managers of SMEs.","publisher":{"@id":"https:\/\/www.organisator.ch\/#organization"},"potentialAction":[{"@type":"SearchAction","target":{"@type":"EntryPoint","urlTemplate":"https:\/\/www.organisator.ch\/?s={search_term_string}"},"query-input":{"@type":"PropertyValueSpecification","valueRequired":true,"valueName":"search_term_string"}}],"inLanguage":"en-US"},{"@type":"Organization","@id":"https:\/\/www.organisator.ch\/#organization","name":"Organizer","url":"https:\/\/www.organisator.ch\/","logo":{"@type":"ImageObject","inLanguage":"en-US","@id":"https:\/\/www.organisator.ch\/#\/schema\/logo\/image\/","url":"https:\/\/www.organisator.ch\/wp-content\/uploads\/2022\/01\/Logo_Organisator_Website.png","contentUrl":"https:\/\/www.organisator.ch\/wp-content\/uploads\/2022\/01\/Logo_Organisator_Website.png","width":800,"height":77,"caption":"Organisator"},"image":{"@id":"https:\/\/www.organisator.ch\/#\/schema\/logo\/image\/"},"sameAs":["https:\/\/www.facebook.com\/OrganisatorFachmagazin","https:\/\/www.linkedin.com\/showcase\/organisator-das-magazin-fr-kmu","https:\/\/www.xing.com\/news\/pages\/organisator-ch-695","https:\/\/www.youtube.com\/channel\/UCGP2Sq0iWaZwT3BdIAQFYpw"]},{"@type":"Person","@id":"https:\/\/www.organisator.ch\/#\/schema\/person\/aa2bace6c5c5aad60102004a50c4eb1c","name":"admin","image":{"@type":"ImageObject","inLanguage":"en-US","@id":"https:\/\/secure.gravatar.com\/avatar\/ae2f4d718e6c49043e314ce431e7e645d646302a24a5ef5a8bc8e3f5a032e319?s=96&d=mm&r=g","url":"https:\/\/secure.gravatar.com\/avatar\/ae2f4d718e6c49043e314ce431e7e645d646302a24a5ef5a8bc8e3f5a032e319?s=96&d=mm&r=g","contentUrl":"https:\/\/secure.gravatar.com\/avatar\/ae2f4d718e6c49043e314ce431e7e645d646302a24a5ef5a8bc8e3f5a032e319?s=96&d=mm&r=g","caption":"admin"},"sameAs":["https:\/\/www.organisator.ch"],"url":"https:\/\/www.organisator.ch\/en\/author\/admin\/"}]}},"_links":{"self":[{"href":"https:\/\/www.organisator.ch\/en\/wp-json\/wp\/v2\/posts\/899","targetHints":{"allow":["GET"]}}],"collection":[{"href":"https:\/\/www.organisator.ch\/en\/wp-json\/wp\/v2\/posts"}],"about":[{"href":"https:\/\/www.organisator.ch\/en\/wp-json\/wp\/v2\/types\/post"}],"author":[{"embeddable":true,"href":"https:\/\/www.organisator.ch\/en\/wp-json\/wp\/v2\/users\/1"}],"replies":[{"embeddable":true,"href":"https:\/\/www.organisator.ch\/en\/wp-json\/wp\/v2\/comments?post=899"}],"version-history":[{"count":0,"href":"https:\/\/www.organisator.ch\/en\/wp-json\/wp\/v2\/posts\/899\/revisions"}],"wp:featuredmedia":[{"embeddable":true,"href":"https:\/\/www.organisator.ch\/en\/wp-json\/wp\/v2\/media\/900"}],"wp:attachment":[{"href":"https:\/\/www.organisator.ch\/en\/wp-json\/wp\/v2\/media?parent=899"}],"wp:term":[{"taxonomy":"category","embeddable":true,"href":"https:\/\/www.organisator.ch\/en\/wp-json\/wp\/v2\/categories?post=899"},{"taxonomy":"post_tag","embeddable":true,"href":"https:\/\/www.organisator.ch\/en\/wp-json\/wp\/v2\/tags?post=899"}],"curies":[{"name":"wp","href":"https:\/\/api.w.org\/{rel}","templated":true}]}}