{"id":905,"date":"2017-03-24T08:41:25","date_gmt":"2017-03-24T07:41:25","guid":{"rendered":"https:\/\/www.umweltperspektiven.ch\/?p=905"},"modified":"2022-02-09T11:06:21","modified_gmt":"2022-02-09T10:06:21","slug":"energieautarkes-mehrfamilienhaus-positive-bilanz-nach-erstem-winter","status":"publish","type":"post","link":"https:\/\/www.organisator.ch\/en\/sustainability\/2017-03-24\/energieautarkes-mehrfamilienhaus-positive-bilanz-nach-erstem-winter\/","title":{"rendered":"Energy self-sufficient apartment building: Positive balance after first winter"},"content":{"rendered":"<figure id=\"attachment_906\" aria-describedby=\"caption-attachment-906\" style=\"width: 680px\" class=\"wp-caption alignnone\"><img loading=\"lazy\" decoding=\"async\" class=\"size-medium wp-image-906\" src=\"\/\/www.umweltperspektiven.ch\/wp-content\/uploads\/2017\/03\/Br\u00fctten.jpg\" alt=\"\" width=\"680\" height=\"453\" \/><figcaption id=\"caption-attachment-906\" class=\"wp-caption-text\">The world's first energy self-sufficient apartment building survived its first harsh winter with flying colors. (Image: Environment Arena)<\/figcaption><\/figure>\n<p>The world's first energy self-sufficient apartment building in Br\u00fctten (Canton of Zurich), which manages completely without external energy connections, passed its first endurance test in the form of the coldest winter with the least sunshine in several decades without a hitch. The simulations correspond to reality. The results achieved met the predicted values for both energy production and consumption. For example, the residents of the nine-family house, who were selected in a casting, required only half as much energy (2,200 kWh) instead of the 4,400 kWh per apartment\/year that is usual in Switzerland, without having to accept any loss of comfort. And this despite the fact that more energy was initially consumed due to the usual house humidity in new buildings.<\/p>\n<p><strong>Problems with fuel cell solved<\/strong><\/p>\n<p>Only the reliability of the fuel cell, which produces electricity and heat again from the hydrogen generated with solar energy in summer, proved to be insufficient at the beginning of the cold season. With appropriate adjustments and new software programming, the problem was solved. The balance sheet after the first winter shows that - as calculated - there is only a power shortfall of 10 percent, which can be covered in the energy-autonomous multi-family house with the self-produced hydrogen.<\/p>\n<p>The experts also see additional potential in the thermal water tank (long-term storage), which - in order to reduce cooling by passing groundwater - is to be insulated even more.<\/p>\n<p>With the <a href=\"\/\/www.umweltarena.ch\/uber-uns\/energieautarkes-mfh-brutten\/\">Lighthouse project <\/a>\"Energy self-sufficient apartment building\", Umwelt Arena and its participating partners are demonstrating what is possible with the technology already available today. The project serves as a role model and attracts considerable interest from the media and the general public. The special tours of the world's first energy-autonomous apartment building organized by the Umwelt Arena are correspondingly well attended. The exhibition shows the technical structure of the building, current energy data and presents the technical solutions used in the project.<\/p>\n<p>Text: <a href=\"\/\/www.umweltarena.ch\">Environment arena<\/a><\/p>","protected":false},"excerpt":{"rendered":"<p>Das erste energieautarke Mehrfamilienhaus der Welt in Br\u00fctten (Kanton Z\u00fcrich), das komplett ohne externe Energieanschl\u00fcsse auskommt, \u00a0hat den ersten H\u00e4rtetest in Form des k\u00e4ltesten und sonnen\u00e4rmsten Winters seit mehreren Jahrzehnten ohne Fehl und Tadel bestanden. Die Simulationen entsprechen der Realit\u00e4t. Die erzielten Resultate erf\u00fcllten sowohl bei der Energieproduktion, als auch beim Verbrauch die prognostizierten Werte. [&hellip;]<\/p>\n","protected":false},"author":1,"featured_media":9481,"comment_status":"open","ping_status":"open","sticky":false,"template":"","format":"standard","meta":{"_acf_changed":false,"_yoast_wpseo_focuskw":"Umwelt Arena","_yoast_wpseo_metadesc":"Das erste energieautarke Mehrfamilienhaus in Br\u00fctten hat den harten Winter problemlos \u00fcberstanden: Die Bewohner hatten immer Licht, Strom und W\u00e4rme.","articlekey":"","footnotes":""},"categories":[580],"tags":[879,1063,1777,2352],"class_list":["post-905","post","type-post","status-publish","format-standard","has-post-thumbnail","hentry","category-sustainability","tag-bruetten","tag-energieautark","tag-nachhaltiges-bauen","tag-umwelt-arena"],"acf":[],"yoast_head":"<!-- This site is optimized with the Yoast SEO plugin v27.4 - https:\/\/yoast.com\/product\/yoast-seo-wordpress\/ -->\n<title>Energieautarkes Mehrfamilienhaus: Positive Bilanz nach erstem Winter<\/title>\n<meta name=\"description\" content=\"Das erste energieautarke Mehrfamilienhaus in Br\u00fctten hat den harten Winter problemlos \u00fcberstanden: Die Bewohner hatten immer Licht, Strom und W\u00e4rme.\" \/>\n<meta name=\"robots\" content=\"index, follow, max-snippet:-1, max-image-preview:large, max-video-preview:-1\" \/>\n<link rel=\"canonical\" href=\"https:\/\/www.organisator.ch\/en\/sustainability\/2017-03-24\/energieautarkes-mehrfamilienhaus-positive-bilanz-nach-erstem-winter\/\" \/>\n<meta property=\"og:locale\" content=\"en_US\" \/>\n<meta property=\"og:type\" content=\"article\" \/>\n<meta property=\"og:title\" content=\"Energieautarkes Mehrfamilienhaus: Positive Bilanz nach erstem Winter\" \/>\n<meta property=\"og:description\" content=\"Das erste energieautarke Mehrfamilienhaus in Br\u00fctten hat den harten Winter problemlos \u00fcberstanden: Die Bewohner hatten immer Licht, Strom und W\u00e4rme.\" \/>\n<meta property=\"og:url\" content=\"https:\/\/www.organisator.ch\/en\/sustainability\/2017-03-24\/energieautarkes-mehrfamilienhaus-positive-bilanz-nach-erstem-winter\/\" \/>\n<meta property=\"og:site_name\" content=\"Organisator\" \/>\n<meta property=\"article:publisher\" content=\"https:\/\/www.facebook.com\/OrganisatorFachmagazin\" \/>\n<meta property=\"article:published_time\" content=\"2017-03-24T07:41:25+00:00\" \/>\n<meta property=\"article:modified_time\" content=\"2022-02-09T10:06:21+00:00\" \/>\n<meta property=\"og:image\" content=\"https:\/\/www.organisator.ch\/wp-content\/uploads\/2017\/03\/Bruetten.jpg\" \/>\n\t<meta property=\"og:image:width\" content=\"2000\" \/>\n\t<meta property=\"og:image:height\" content=\"1333\" \/>\n\t<meta property=\"og:image:type\" content=\"image\/jpeg\" \/>\n<meta name=\"author\" content=\"admin\" \/>\n<meta name=\"twitter:card\" content=\"summary_large_image\" \/>\n<script type=\"application\/ld+json\" class=\"yoast-schema-graph\">{\"@context\":\"https:\\\/\\\/schema.org\",\"@graph\":[{\"@type\":\"Article\",\"@id\":\"https:\\\/\\\/www.organisator.ch\\\/sustainability\\\/2017-03-24\\\/energieautarkes-mehrfamilienhaus-positive-bilanz-nach-erstem-winter\\\/#article\",\"isPartOf\":{\"@id\":\"https:\\\/\\\/www.organisator.ch\\\/sustainability\\\/2017-03-24\\\/energieautarkes-mehrfamilienhaus-positive-bilanz-nach-erstem-winter\\\/\"},\"author\":{\"name\":\"admin\",\"@id\":\"https:\\\/\\\/www.organisator.ch\\\/#\\\/schema\\\/person\\\/aa2bace6c5c5aad60102004a50c4eb1c\"},\"headline\":\"Energieautarkes Mehrfamilienhaus: Positive Bilanz nach erstem Winter\",\"datePublished\":\"2017-03-24T07:41:25+00:00\",\"dateModified\":\"2022-02-09T10:06:21+00:00\",\"mainEntityOfPage\":{\"@id\":\"https:\\\/\\\/www.organisator.ch\\\/sustainability\\\/2017-03-24\\\/energieautarkes-mehrfamilienhaus-positive-bilanz-nach-erstem-winter\\\/\"},\"wordCount\":339,\"commentCount\":0,\"publisher\":{\"@id\":\"https:\\\/\\\/www.organisator.ch\\\/#organization\"},\"image\":{\"@id\":\"https:\\\/\\\/www.organisator.ch\\\/sustainability\\\/2017-03-24\\\/energieautarkes-mehrfamilienhaus-positive-bilanz-nach-erstem-winter\\\/#primaryimage\"},\"thumbnailUrl\":\"https:\\\/\\\/www.organisator.ch\\\/wp-content\\\/uploads\\\/2017\\\/03\\\/Bruetten.jpg\",\"keywords\":[\"Br\u00fctten\",\"Energieautark\",\"nachhaltiges Bauen\",\"Umwelt Arena\"],\"articleSection\":[\"SUSTAINABILITY\"],\"inLanguage\":\"en-US\"},{\"@type\":\"WebPage\",\"@id\":\"https:\\\/\\\/www.organisator.ch\\\/sustainability\\\/2017-03-24\\\/energieautarkes-mehrfamilienhaus-positive-bilanz-nach-erstem-winter\\\/\",\"url\":\"https:\\\/\\\/www.organisator.ch\\\/sustainability\\\/2017-03-24\\\/energieautarkes-mehrfamilienhaus-positive-bilanz-nach-erstem-winter\\\/\",\"name\":\"Energieautarkes Mehrfamilienhaus: Positive Bilanz nach erstem Winter\",\"isPartOf\":{\"@id\":\"https:\\\/\\\/www.organisator.ch\\\/#website\"},\"primaryImageOfPage\":{\"@id\":\"https:\\\/\\\/www.organisator.ch\\\/sustainability\\\/2017-03-24\\\/energieautarkes-mehrfamilienhaus-positive-bilanz-nach-erstem-winter\\\/#primaryimage\"},\"image\":{\"@id\":\"https:\\\/\\\/www.organisator.ch\\\/sustainability\\\/2017-03-24\\\/energieautarkes-mehrfamilienhaus-positive-bilanz-nach-erstem-winter\\\/#primaryimage\"},\"thumbnailUrl\":\"https:\\\/\\\/www.organisator.ch\\\/wp-content\\\/uploads\\\/2017\\\/03\\\/Bruetten.jpg\",\"datePublished\":\"2017-03-24T07:41:25+00:00\",\"dateModified\":\"2022-02-09T10:06:21+00:00\",\"description\":\"Das erste energieautarke Mehrfamilienhaus in Br\u00fctten hat den harten Winter problemlos \u00fcberstanden: Die Bewohner hatten immer Licht, Strom und W\u00e4rme.\",\"breadcrumb\":{\"@id\":\"https:\\\/\\\/www.organisator.ch\\\/sustainability\\\/2017-03-24\\\/energieautarkes-mehrfamilienhaus-positive-bilanz-nach-erstem-winter\\\/#breadcrumb\"},\"inLanguage\":\"en-US\",\"potentialAction\":[{\"@type\":\"ReadAction\",\"target\":[\"https:\\\/\\\/www.organisator.ch\\\/sustainability\\\/2017-03-24\\\/energieautarkes-mehrfamilienhaus-positive-bilanz-nach-erstem-winter\\\/\"]}]},{\"@type\":\"ImageObject\",\"inLanguage\":\"en-US\",\"@id\":\"https:\\\/\\\/www.organisator.ch\\\/sustainability\\\/2017-03-24\\\/energieautarkes-mehrfamilienhaus-positive-bilanz-nach-erstem-winter\\\/#primaryimage\",\"url\":\"https:\\\/\\\/www.organisator.ch\\\/wp-content\\\/uploads\\\/2017\\\/03\\\/Bruetten.jpg\",\"contentUrl\":\"https:\\\/\\\/www.organisator.ch\\\/wp-content\\\/uploads\\\/2017\\\/03\\\/Bruetten.jpg\",\"width\":2000,\"height\":1333,\"caption\":\"Das erste energieautarke Mehrfamilienhaus der Welt hat den ersten harten Winter mit Bravour \u00fcberstanden. (Bild: Umwelt Arena)\"},{\"@type\":\"BreadcrumbList\",\"@id\":\"https:\\\/\\\/www.organisator.ch\\\/sustainability\\\/2017-03-24\\\/energieautarkes-mehrfamilienhaus-positive-bilanz-nach-erstem-winter\\\/#breadcrumb\",\"itemListElement\":[{\"@type\":\"ListItem\",\"position\":1,\"name\":\"Home\",\"item\":\"https:\\\/\\\/www.organisator.ch\\\/\"},{\"@type\":\"ListItem\",\"position\":2,\"name\":\"Energieautarkes Mehrfamilienhaus: Positive Bilanz nach erstem Winter\"}]},{\"@type\":\"WebSite\",\"@id\":\"https:\\\/\\\/www.organisator.ch\\\/#website\",\"url\":\"https:\\\/\\\/www.organisator.ch\\\/\",\"name\":\"Organisator\",\"description\":\"Kompetent. Praxisnah. Der ORGANISATOR bereitet in 10 Ausgaben pro Jahr die wesentlichen Themen f\u00fcr F\u00fchrungskr\u00e4fte von KMU auf.\",\"publisher\":{\"@id\":\"https:\\\/\\\/www.organisator.ch\\\/#organization\"},\"potentialAction\":[{\"@type\":\"SearchAction\",\"target\":{\"@type\":\"EntryPoint\",\"urlTemplate\":\"https:\\\/\\\/www.organisator.ch\\\/?s={search_term_string}\"},\"query-input\":{\"@type\":\"PropertyValueSpecification\",\"valueRequired\":true,\"valueName\":\"search_term_string\"}}],\"inLanguage\":\"en-US\"},{\"@type\":\"Organization\",\"@id\":\"https:\\\/\\\/www.organisator.ch\\\/#organization\",\"name\":\"Organisator\",\"url\":\"https:\\\/\\\/www.organisator.ch\\\/\",\"logo\":{\"@type\":\"ImageObject\",\"inLanguage\":\"en-US\",\"@id\":\"https:\\\/\\\/www.organisator.ch\\\/#\\\/schema\\\/logo\\\/image\\\/\",\"url\":\"https:\\\/\\\/www.organisator.ch\\\/wp-content\\\/uploads\\\/2022\\\/01\\\/Logo_Organisator_Website.png\",\"contentUrl\":\"https:\\\/\\\/www.organisator.ch\\\/wp-content\\\/uploads\\\/2022\\\/01\\\/Logo_Organisator_Website.png\",\"width\":800,\"height\":77,\"caption\":\"Organisator\"},\"image\":{\"@id\":\"https:\\\/\\\/www.organisator.ch\\\/#\\\/schema\\\/logo\\\/image\\\/\"},\"sameAs\":[\"https:\\\/\\\/www.facebook.com\\\/OrganisatorFachmagazin\",\"https:\\\/\\\/www.linkedin.com\\\/showcase\\\/organisator-das-magazin-fr-kmu\",\"https:\\\/\\\/www.xing.com\\\/news\\\/pages\\\/organisator-ch-695\",\"https:\\\/\\\/www.youtube.com\\\/channel\\\/UCGP2Sq0iWaZwT3BdIAQFYpw\"]},{\"@type\":\"Person\",\"@id\":\"https:\\\/\\\/www.organisator.ch\\\/#\\\/schema\\\/person\\\/aa2bace6c5c5aad60102004a50c4eb1c\",\"name\":\"admin\",\"image\":{\"@type\":\"ImageObject\",\"inLanguage\":\"en-US\",\"@id\":\"https:\\\/\\\/secure.gravatar.com\\\/avatar\\\/ae2f4d718e6c49043e314ce431e7e645d646302a24a5ef5a8bc8e3f5a032e319?s=96&d=mm&r=g\",\"url\":\"https:\\\/\\\/secure.gravatar.com\\\/avatar\\\/ae2f4d718e6c49043e314ce431e7e645d646302a24a5ef5a8bc8e3f5a032e319?s=96&d=mm&r=g\",\"contentUrl\":\"https:\\\/\\\/secure.gravatar.com\\\/avatar\\\/ae2f4d718e6c49043e314ce431e7e645d646302a24a5ef5a8bc8e3f5a032e319?s=96&d=mm&r=g\",\"caption\":\"admin\"},\"sameAs\":[\"https:\\\/\\\/www.organisator.ch\"],\"url\":\"https:\\\/\\\/www.organisator.ch\\\/en\\\/author\\\/admin\\\/\"}]}<\/script>\n<!-- \/ Yoast SEO plugin. -->","yoast_head_json":{"title":"Energy self-sufficient apartment building: Positive balance after first winter","description":"The first energy self-sufficient apartment building in Br\u00fctten survived the harsh winter without any problems: The residents always had light, electricity and heat.","robots":{"index":"index","follow":"follow","max-snippet":"max-snippet:-1","max-image-preview":"max-image-preview:large","max-video-preview":"max-video-preview:-1"},"canonical":"https:\/\/www.organisator.ch\/en\/sustainability\/2017-03-24\/energieautarkes-mehrfamilienhaus-positive-bilanz-nach-erstem-winter\/","og_locale":"en_US","og_type":"article","og_title":"Energieautarkes Mehrfamilienhaus: Positive Bilanz nach erstem Winter","og_description":"Das erste energieautarke Mehrfamilienhaus in Br\u00fctten hat den harten Winter problemlos \u00fcberstanden: Die Bewohner hatten immer Licht, Strom und W\u00e4rme.","og_url":"https:\/\/www.organisator.ch\/en\/sustainability\/2017-03-24\/energieautarkes-mehrfamilienhaus-positive-bilanz-nach-erstem-winter\/","og_site_name":"Organisator","article_publisher":"https:\/\/www.facebook.com\/OrganisatorFachmagazin","article_published_time":"2017-03-24T07:41:25+00:00","article_modified_time":"2022-02-09T10:06:21+00:00","og_image":[{"width":2000,"height":1333,"url":"https:\/\/www.organisator.ch\/wp-content\/uploads\/2017\/03\/Bruetten.jpg","type":"image\/jpeg"}],"author":"admin","twitter_card":"summary_large_image","schema":{"@context":"https:\/\/schema.org","@graph":[{"@type":"Article","@id":"https:\/\/www.organisator.ch\/sustainability\/2017-03-24\/energieautarkes-mehrfamilienhaus-positive-bilanz-nach-erstem-winter\/#article","isPartOf":{"@id":"https:\/\/www.organisator.ch\/sustainability\/2017-03-24\/energieautarkes-mehrfamilienhaus-positive-bilanz-nach-erstem-winter\/"},"author":{"name":"admin","@id":"https:\/\/www.organisator.ch\/#\/schema\/person\/aa2bace6c5c5aad60102004a50c4eb1c"},"headline":"Energieautarkes Mehrfamilienhaus: Positive Bilanz nach erstem Winter","datePublished":"2017-03-24T07:41:25+00:00","dateModified":"2022-02-09T10:06:21+00:00","mainEntityOfPage":{"@id":"https:\/\/www.organisator.ch\/sustainability\/2017-03-24\/energieautarkes-mehrfamilienhaus-positive-bilanz-nach-erstem-winter\/"},"wordCount":339,"commentCount":0,"publisher":{"@id":"https:\/\/www.organisator.ch\/#organization"},"image":{"@id":"https:\/\/www.organisator.ch\/sustainability\/2017-03-24\/energieautarkes-mehrfamilienhaus-positive-bilanz-nach-erstem-winter\/#primaryimage"},"thumbnailUrl":"https:\/\/www.organisator.ch\/wp-content\/uploads\/2017\/03\/Bruetten.jpg","keywords":["Br\u00fctten","Energieautark","nachhaltiges Bauen","Umwelt Arena"],"articleSection":["SUSTAINABILITY"],"inLanguage":"en-US"},{"@type":"WebPage","@id":"https:\/\/www.organisator.ch\/sustainability\/2017-03-24\/energieautarkes-mehrfamilienhaus-positive-bilanz-nach-erstem-winter\/","url":"https:\/\/www.organisator.ch\/sustainability\/2017-03-24\/energieautarkes-mehrfamilienhaus-positive-bilanz-nach-erstem-winter\/","name":"Energy self-sufficient apartment building: Positive balance after first winter","isPartOf":{"@id":"https:\/\/www.organisator.ch\/#website"},"primaryImageOfPage":{"@id":"https:\/\/www.organisator.ch\/sustainability\/2017-03-24\/energieautarkes-mehrfamilienhaus-positive-bilanz-nach-erstem-winter\/#primaryimage"},"image":{"@id":"https:\/\/www.organisator.ch\/sustainability\/2017-03-24\/energieautarkes-mehrfamilienhaus-positive-bilanz-nach-erstem-winter\/#primaryimage"},"thumbnailUrl":"https:\/\/www.organisator.ch\/wp-content\/uploads\/2017\/03\/Bruetten.jpg","datePublished":"2017-03-24T07:41:25+00:00","dateModified":"2022-02-09T10:06:21+00:00","description":"The first energy self-sufficient apartment building in Br\u00fctten survived the harsh winter without any problems: The residents always had light, electricity and heat.","breadcrumb":{"@id":"https:\/\/www.organisator.ch\/sustainability\/2017-03-24\/energieautarkes-mehrfamilienhaus-positive-bilanz-nach-erstem-winter\/#breadcrumb"},"inLanguage":"en-US","potentialAction":[{"@type":"ReadAction","target":["https:\/\/www.organisator.ch\/sustainability\/2017-03-24\/energieautarkes-mehrfamilienhaus-positive-bilanz-nach-erstem-winter\/"]}]},{"@type":"ImageObject","inLanguage":"en-US","@id":"https:\/\/www.organisator.ch\/sustainability\/2017-03-24\/energieautarkes-mehrfamilienhaus-positive-bilanz-nach-erstem-winter\/#primaryimage","url":"https:\/\/www.organisator.ch\/wp-content\/uploads\/2017\/03\/Bruetten.jpg","contentUrl":"https:\/\/www.organisator.ch\/wp-content\/uploads\/2017\/03\/Bruetten.jpg","width":2000,"height":1333,"caption":"Das erste energieautarke Mehrfamilienhaus der Welt hat den ersten harten Winter mit Bravour \u00fcberstanden. (Bild: Umwelt Arena)"},{"@type":"BreadcrumbList","@id":"https:\/\/www.organisator.ch\/sustainability\/2017-03-24\/energieautarkes-mehrfamilienhaus-positive-bilanz-nach-erstem-winter\/#breadcrumb","itemListElement":[{"@type":"ListItem","position":1,"name":"Home","item":"https:\/\/www.organisator.ch\/"},{"@type":"ListItem","position":2,"name":"Energieautarkes Mehrfamilienhaus: Positive Bilanz nach erstem Winter"}]},{"@type":"WebSite","@id":"https:\/\/www.organisator.ch\/#website","url":"https:\/\/www.organisator.ch\/","name":"Organizer","description":"Competent. Practical. In 10 issues per year, ORGANISATOR presents the essential topics for managers of SMEs.","publisher":{"@id":"https:\/\/www.organisator.ch\/#organization"},"potentialAction":[{"@type":"SearchAction","target":{"@type":"EntryPoint","urlTemplate":"https:\/\/www.organisator.ch\/?s={search_term_string}"},"query-input":{"@type":"PropertyValueSpecification","valueRequired":true,"valueName":"search_term_string"}}],"inLanguage":"en-US"},{"@type":"Organization","@id":"https:\/\/www.organisator.ch\/#organization","name":"Organizer","url":"https:\/\/www.organisator.ch\/","logo":{"@type":"ImageObject","inLanguage":"en-US","@id":"https:\/\/www.organisator.ch\/#\/schema\/logo\/image\/","url":"https:\/\/www.organisator.ch\/wp-content\/uploads\/2022\/01\/Logo_Organisator_Website.png","contentUrl":"https:\/\/www.organisator.ch\/wp-content\/uploads\/2022\/01\/Logo_Organisator_Website.png","width":800,"height":77,"caption":"Organisator"},"image":{"@id":"https:\/\/www.organisator.ch\/#\/schema\/logo\/image\/"},"sameAs":["https:\/\/www.facebook.com\/OrganisatorFachmagazin","https:\/\/www.linkedin.com\/showcase\/organisator-das-magazin-fr-kmu","https:\/\/www.xing.com\/news\/pages\/organisator-ch-695","https:\/\/www.youtube.com\/channel\/UCGP2Sq0iWaZwT3BdIAQFYpw"]},{"@type":"Person","@id":"https:\/\/www.organisator.ch\/#\/schema\/person\/aa2bace6c5c5aad60102004a50c4eb1c","name":"admin","image":{"@type":"ImageObject","inLanguage":"en-US","@id":"https:\/\/secure.gravatar.com\/avatar\/ae2f4d718e6c49043e314ce431e7e645d646302a24a5ef5a8bc8e3f5a032e319?s=96&d=mm&r=g","url":"https:\/\/secure.gravatar.com\/avatar\/ae2f4d718e6c49043e314ce431e7e645d646302a24a5ef5a8bc8e3f5a032e319?s=96&d=mm&r=g","contentUrl":"https:\/\/secure.gravatar.com\/avatar\/ae2f4d718e6c49043e314ce431e7e645d646302a24a5ef5a8bc8e3f5a032e319?s=96&d=mm&r=g","caption":"admin"},"sameAs":["https:\/\/www.organisator.ch"],"url":"https:\/\/www.organisator.ch\/en\/author\/admin\/"}]}},"_links":{"self":[{"href":"https:\/\/www.organisator.ch\/en\/wp-json\/wp\/v2\/posts\/905","targetHints":{"allow":["GET"]}}],"collection":[{"href":"https:\/\/www.organisator.ch\/en\/wp-json\/wp\/v2\/posts"}],"about":[{"href":"https:\/\/www.organisator.ch\/en\/wp-json\/wp\/v2\/types\/post"}],"author":[{"embeddable":true,"href":"https:\/\/www.organisator.ch\/en\/wp-json\/wp\/v2\/users\/1"}],"replies":[{"embeddable":true,"href":"https:\/\/www.organisator.ch\/en\/wp-json\/wp\/v2\/comments?post=905"}],"version-history":[{"count":1,"href":"https:\/\/www.organisator.ch\/en\/wp-json\/wp\/v2\/posts\/905\/revisions"}],"predecessor-version":[{"id":10587,"href":"https:\/\/www.organisator.ch\/en\/wp-json\/wp\/v2\/posts\/905\/revisions\/10587"}],"wp:featuredmedia":[{"embeddable":true,"href":"https:\/\/www.organisator.ch\/en\/wp-json\/wp\/v2\/media\/9481"}],"wp:attachment":[{"href":"https:\/\/www.organisator.ch\/en\/wp-json\/wp\/v2\/media?parent=905"}],"wp:term":[{"taxonomy":"category","embeddable":true,"href":"https:\/\/www.organisator.ch\/en\/wp-json\/wp\/v2\/categories?post=905"},{"taxonomy":"post_tag","embeddable":true,"href":"https:\/\/www.organisator.ch\/en\/wp-json\/wp\/v2\/tags?post=905"}],"curies":[{"name":"wp","href":"https:\/\/api.w.org\/{rel}","templated":true}]}}