{"id":9215,"date":"2022-02-02T08:00:41","date_gmt":"2022-02-02T07:00:41","guid":{"rendered":"https:\/\/www.organisator.ch\/?p=9215"},"modified":"2022-02-02T08:00:41","modified_gmt":"2022-02-02T07:00:41","slug":"best-retail-cases-switzerland-award-the-tension-rises","status":"publish","type":"post","link":"https:\/\/www.organisator.ch\/en\/marketing\/2022-02-02\/best-retail-cases-switzerland-award-die-spannung-steigt\/","title":{"rendered":"\"Best Retail Cases Switzerland\" Award: The tension is rising"},"content":{"rendered":"<figure id=\"attachment_9217\" aria-describedby=\"caption-attachment-9217\" style=\"width: 680px\" class=\"wp-caption alignnone\"><a href=\"https:\/\/www.organisator.ch\/wp-content\/uploads\/2022\/02\/Best-Retail-Cases-Switzerland-Award-Die-Spannung-steigt_Organisator.jpg\"><img loading=\"lazy\" decoding=\"async\" class=\"size-medium wp-image-9217\" src=\"https:\/\/www.organisator.ch\/wp-content\/uploads\/2022\/02\/Best-Retail-Cases-Switzerland-Award-Die-Spannung-steigt_Organisator.jpg\" alt=\"\" width=\"680\" height=\"383\" \/><\/a><figcaption id=\"caption-attachment-9217\" class=\"wp-caption-text\">Great excitement before the \"Best Retail Cases Switzerland\" Award...<\/figcaption><\/figure>\n<p>Smart technologies, changing customer behavior and new sales concepts require retailers to be highly flexible in order to keep pace with dynamic developments. That is why Ewa Ming and her team have set up the \"Best Retail Cases Switzerland\" platform. For Ewa Ming, it is a declared goal to use this platform to provide an opportunity for information exchange and networking: \"Best Retail Cases Switzerland is a showcase platform for innovative solutions and a source of inspiration for new approaches in retail. We want to use it to give retail and e-commerce a face.\"<\/p>\n<h2>\"Best Retail Cases Switzerland\" Award as an inspiration for innovation<\/h2>\n<p>Now, with the award, the platform can report a first highlight. \"All the submitted cases in the areas of e-commerce and omnichannel demonstrate a high level of innovation,\" says jury member and topsoft editor-in-chief Christian B\u00fchlmann. \"It was not easy for us as a jury to choose the best of the nominated cases. The proposals show how modern technologies can already be implemented concretely today. The award is not simply a marketing or sales platform, but a source of inspiration for innovation in retail,\" Christian B\u00fchlmann continues.<\/p>\n<h2>Friday, February 4, 2022 is the date<\/h2>\n<p>The event begins next Friday at 9 a.m. The first three winners of the user voting and the expert jury evaluation in the e-commerce and omnichannel categories will be selected. The award will be broadcast live by Digicomp in Zurich and will last approximately one hour. Due to Covid-19, the award ceremony will take place as an online event this time.<\/p>\n<p><em>Here you can register free of charge: <a href=\"https:\/\/bit.ly\/3fNezUN\">https:\/\/bit.ly\/3fNezUN<\/a>.<\/em><\/p>","protected":false},"excerpt":{"rendered":"<p>Smarte Technologien, ver\u00e4ndertes Kundenverhalten und neue Vertriebskonzepte verlangen vom Handel eine hohe Flexibilit\u00e4t, um mit der dynamischen Entwicklung Schritt zu halten. Deshalb hat Ewa Ming und ihr Team die Plattform \u00abBest Retail Cases Switzerland\u00bb aufgebaut. F\u00fcr Ewa Ming ist es ein erkl\u00e4rtes Ziel, mit dieser Plattform eine M\u00f6glichkeit f\u00fcr Informationsaustausch und Vernetzung zu bieten: \u00abBest [&hellip;]<\/p>\n","protected":false},"author":4,"featured_media":11655,"comment_status":"closed","ping_status":"closed","sticky":false,"template":"","format":"standard","meta":{"_acf_changed":false,"_yoast_wpseo_focuskw":"Retail Cases","_yoast_wpseo_metadesc":"Am 4. Februar 2022 werden mit dem \u00abBest Retail Cases Switzerland\u00bb Award die besten Cases in den Kategorien Omnichannel und E-Commerce ausgezeichnet.","articlekey":"","footnotes":""},"categories":[29],"tags":[66,163,339],"class_list":["post-9215","post","type-post","status-publish","format-standard","has-post-thumbnail","hentry","category-marketing","tag-awards","tag-e-commerce","tag-marketing"],"acf":[],"yoast_head":"<!-- This site is optimized with the Yoast SEO plugin v27.5 - https:\/\/yoast.com\/product\/yoast-seo-wordpress\/ -->\n<title>\u00abBest Retail Cases Switzerland\u00bb Award: Die Spannung steigt - Organisator<\/title>\n<meta name=\"description\" content=\"Am 4. Februar 2022 werden mit dem \u00abBest Retail Cases Switzerland\u00bb Award die besten Cases in den Kategorien Omnichannel und E-Commerce ausgezeichnet.\" \/>\n<meta name=\"robots\" content=\"index, follow, max-snippet:-1, max-image-preview:large, max-video-preview:-1\" \/>\n<link rel=\"canonical\" href=\"https:\/\/www.organisator.ch\/en\/marketing\/2022-02-02\/best-retail-cases-switzerland-award-the-tension-rises\/\" \/>\n<meta property=\"og:locale\" content=\"en_US\" \/>\n<meta property=\"og:type\" content=\"article\" \/>\n<meta property=\"og:title\" content=\"\u00abBest Retail Cases Switzerland\u00bb Award: Die Spannung steigt\" \/>\n<meta property=\"og:description\" content=\"Am 4. Februar 2022 werden mit dem \u00abBest Retail Cases Switzerland\u00bb Award die besten Cases in den Kategorien Omnichannel und E-Commerce ausgezeichnet.\" \/>\n<meta property=\"og:url\" content=\"https:\/\/www.organisator.ch\/en\/marketing\/2022-02-02\/best-retail-cases-switzerland-award-the-tension-rises\/\" \/>\n<meta property=\"og:site_name\" content=\"Organisator\" \/>\n<meta property=\"article:publisher\" content=\"https:\/\/www.facebook.com\/OrganisatorFachmagazin\" \/>\n<meta property=\"article:published_time\" content=\"2022-02-02T07:00:41+00:00\" \/>\n<meta name=\"author\" content=\"thomas.berner\" \/>\n<meta name=\"twitter:card\" content=\"summary_large_image\" \/>\n<meta name=\"twitter:title\" content=\"\u00abBest #Retail Cases Switzerland\u00bb #Award: Die Spannung steigt\" \/>\n<meta name=\"twitter:description\" content=\"Am 4. Februar 2022 werden mit dem \u00abBest Retail Cases Switzerland\u00bb Award #BRC die besten Cases in den Kategorien #Omnichannel und #E-Commerce ausgezeichnet.\" \/>\n<script type=\"application\/ld+json\" class=\"yoast-schema-graph\">{\"@context\":\"https:\\\/\\\/schema.org\",\"@graph\":[{\"@type\":\"Article\",\"@id\":\"https:\\\/\\\/www.organisator.ch\\\/marketing\\\/2022-02-02\\\/best-retail-cases-switzerland-award-die-spannung-steigt\\\/#article\",\"isPartOf\":{\"@id\":\"https:\\\/\\\/www.organisator.ch\\\/marketing\\\/2022-02-02\\\/best-retail-cases-switzerland-award-die-spannung-steigt\\\/\"},\"author\":{\"name\":\"thomas.berner\",\"@id\":\"https:\\\/\\\/www.organisator.ch\\\/#\\\/schema\\\/person\\\/6f650f90b2842cd4c0cc334b4e36f67e\"},\"headline\":\"\u00abBest Retail Cases Switzerland\u00bb Award: Die Spannung steigt\",\"datePublished\":\"2022-02-02T07:00:41+00:00\",\"mainEntityOfPage\":{\"@id\":\"https:\\\/\\\/www.organisator.ch\\\/marketing\\\/2022-02-02\\\/best-retail-cases-switzerland-award-die-spannung-steigt\\\/\"},\"wordCount\":275,\"publisher\":{\"@id\":\"https:\\\/\\\/www.organisator.ch\\\/#organization\"},\"image\":{\"@id\":\"https:\\\/\\\/www.organisator.ch\\\/marketing\\\/2022-02-02\\\/best-retail-cases-switzerland-award-die-spannung-steigt\\\/#primaryimage\"},\"thumbnailUrl\":\"https:\\\/\\\/www.organisator.ch\\\/wp-content\\\/uploads\\\/2022\\\/02\\\/Best-Retail-Cases-Switzerland-Award-Die-Spannung-steigt_Organisator.jpg\",\"keywords\":[\"Awards\",\"E-Commerce\",\"Marketing\"],\"articleSection\":[\"MARKETING\"],\"inLanguage\":\"en-US\"},{\"@type\":\"WebPage\",\"@id\":\"https:\\\/\\\/www.organisator.ch\\\/marketing\\\/2022-02-02\\\/best-retail-cases-switzerland-award-die-spannung-steigt\\\/\",\"url\":\"https:\\\/\\\/www.organisator.ch\\\/marketing\\\/2022-02-02\\\/best-retail-cases-switzerland-award-die-spannung-steigt\\\/\",\"name\":\"\u00abBest Retail Cases Switzerland\u00bb Award: Die Spannung steigt - Organisator\",\"isPartOf\":{\"@id\":\"https:\\\/\\\/www.organisator.ch\\\/#website\"},\"primaryImageOfPage\":{\"@id\":\"https:\\\/\\\/www.organisator.ch\\\/marketing\\\/2022-02-02\\\/best-retail-cases-switzerland-award-die-spannung-steigt\\\/#primaryimage\"},\"image\":{\"@id\":\"https:\\\/\\\/www.organisator.ch\\\/marketing\\\/2022-02-02\\\/best-retail-cases-switzerland-award-die-spannung-steigt\\\/#primaryimage\"},\"thumbnailUrl\":\"https:\\\/\\\/www.organisator.ch\\\/wp-content\\\/uploads\\\/2022\\\/02\\\/Best-Retail-Cases-Switzerland-Award-Die-Spannung-steigt_Organisator.jpg\",\"datePublished\":\"2022-02-02T07:00:41+00:00\",\"description\":\"Am 4. Februar 2022 werden mit dem \u00abBest Retail Cases Switzerland\u00bb Award die besten Cases in den Kategorien Omnichannel und E-Commerce ausgezeichnet.\",\"breadcrumb\":{\"@id\":\"https:\\\/\\\/www.organisator.ch\\\/marketing\\\/2022-02-02\\\/best-retail-cases-switzerland-award-die-spannung-steigt\\\/#breadcrumb\"},\"inLanguage\":\"en-US\",\"potentialAction\":[{\"@type\":\"ReadAction\",\"target\":[\"https:\\\/\\\/www.organisator.ch\\\/marketing\\\/2022-02-02\\\/best-retail-cases-switzerland-award-die-spannung-steigt\\\/\"]}]},{\"@type\":\"ImageObject\",\"inLanguage\":\"en-US\",\"@id\":\"https:\\\/\\\/www.organisator.ch\\\/marketing\\\/2022-02-02\\\/best-retail-cases-switzerland-award-die-spannung-steigt\\\/#primaryimage\",\"url\":\"https:\\\/\\\/www.organisator.ch\\\/wp-content\\\/uploads\\\/2022\\\/02\\\/Best-Retail-Cases-Switzerland-Award-Die-Spannung-steigt_Organisator.jpg\",\"contentUrl\":\"https:\\\/\\\/www.organisator.ch\\\/wp-content\\\/uploads\\\/2022\\\/02\\\/Best-Retail-Cases-Switzerland-Award-Die-Spannung-steigt_Organisator.jpg\",\"width\":680,\"height\":383,\"caption\":\"Grosse Spannung vor dem \u00abBest Retail Cases Switzerland\u00bb Award...\"},{\"@type\":\"BreadcrumbList\",\"@id\":\"https:\\\/\\\/www.organisator.ch\\\/marketing\\\/2022-02-02\\\/best-retail-cases-switzerland-award-die-spannung-steigt\\\/#breadcrumb\",\"itemListElement\":[{\"@type\":\"ListItem\",\"position\":1,\"name\":\"Home\",\"item\":\"https:\\\/\\\/www.organisator.ch\\\/\"},{\"@type\":\"ListItem\",\"position\":2,\"name\":\"\u00abBest Retail Cases Switzerland\u00bb Award: Die Spannung steigt\"}]},{\"@type\":\"WebSite\",\"@id\":\"https:\\\/\\\/www.organisator.ch\\\/#website\",\"url\":\"https:\\\/\\\/www.organisator.ch\\\/\",\"name\":\"Organisator\",\"description\":\"Kompetent. Praxisnah. Der ORGANISATOR bereitet in 10 Ausgaben pro Jahr die wesentlichen Themen f\u00fcr F\u00fchrungskr\u00e4fte von KMU auf.\",\"publisher\":{\"@id\":\"https:\\\/\\\/www.organisator.ch\\\/#organization\"},\"potentialAction\":[{\"@type\":\"SearchAction\",\"target\":{\"@type\":\"EntryPoint\",\"urlTemplate\":\"https:\\\/\\\/www.organisator.ch\\\/?s={search_term_string}\"},\"query-input\":{\"@type\":\"PropertyValueSpecification\",\"valueRequired\":true,\"valueName\":\"search_term_string\"}}],\"inLanguage\":\"en-US\"},{\"@type\":\"Organization\",\"@id\":\"https:\\\/\\\/www.organisator.ch\\\/#organization\",\"name\":\"Organisator\",\"url\":\"https:\\\/\\\/www.organisator.ch\\\/\",\"logo\":{\"@type\":\"ImageObject\",\"inLanguage\":\"en-US\",\"@id\":\"https:\\\/\\\/www.organisator.ch\\\/#\\\/schema\\\/logo\\\/image\\\/\",\"url\":\"https:\\\/\\\/www.organisator.ch\\\/wp-content\\\/uploads\\\/2022\\\/01\\\/Logo_Organisator_Website.png\",\"contentUrl\":\"https:\\\/\\\/www.organisator.ch\\\/wp-content\\\/uploads\\\/2022\\\/01\\\/Logo_Organisator_Website.png\",\"width\":800,\"height\":77,\"caption\":\"Organisator\"},\"image\":{\"@id\":\"https:\\\/\\\/www.organisator.ch\\\/#\\\/schema\\\/logo\\\/image\\\/\"},\"sameAs\":[\"https:\\\/\\\/www.facebook.com\\\/OrganisatorFachmagazin\",\"https:\\\/\\\/www.linkedin.com\\\/showcase\\\/organisator-das-magazin-fr-kmu\",\"https:\\\/\\\/www.xing.com\\\/news\\\/pages\\\/organisator-ch-695\",\"https:\\\/\\\/www.youtube.com\\\/channel\\\/UCGP2Sq0iWaZwT3BdIAQFYpw\"]},{\"@type\":\"Person\",\"@id\":\"https:\\\/\\\/www.organisator.ch\\\/#\\\/schema\\\/person\\\/6f650f90b2842cd4c0cc334b4e36f67e\",\"name\":\"thomas.berner\",\"image\":{\"@type\":\"ImageObject\",\"inLanguage\":\"en-US\",\"@id\":\"https:\\\/\\\/secure.gravatar.com\\\/avatar\\\/ac5001d2a36cb6c6cd3e50789007ffca834b477b74a2144564522e944eabff61?s=96&d=mm&r=g\",\"url\":\"https:\\\/\\\/secure.gravatar.com\\\/avatar\\\/ac5001d2a36cb6c6cd3e50789007ffca834b477b74a2144564522e944eabff61?s=96&d=mm&r=g\",\"contentUrl\":\"https:\\\/\\\/secure.gravatar.com\\\/avatar\\\/ac5001d2a36cb6c6cd3e50789007ffca834b477b74a2144564522e944eabff61?s=96&d=mm&r=g\",\"caption\":\"thomas.berner\"},\"url\":\"https:\\\/\\\/www.organisator.ch\\\/en\\\/author\\\/thomas-berner\\\/\"}]}<\/script>\n<!-- \/ Yoast SEO plugin. -->","yoast_head_json":{"title":"\"Best Retail Cases Switzerland\" Award: The tension is rising - Organizer","description":"On February 4, 2022, the \"Best Retail Cases Switzerland\" Award will recognize the best cases in the omnichannel and e-commerce categories.","robots":{"index":"index","follow":"follow","max-snippet":"max-snippet:-1","max-image-preview":"max-image-preview:large","max-video-preview":"max-video-preview:-1"},"canonical":"https:\/\/www.organisator.ch\/en\/marketing\/2022-02-02\/best-retail-cases-switzerland-award-the-tension-rises\/","og_locale":"en_US","og_type":"article","og_title":"\u00abBest Retail Cases Switzerland\u00bb Award: Die Spannung steigt","og_description":"Am 4. Februar 2022 werden mit dem \u00abBest Retail Cases Switzerland\u00bb Award die besten Cases in den Kategorien Omnichannel und E-Commerce ausgezeichnet.","og_url":"https:\/\/www.organisator.ch\/en\/marketing\/2022-02-02\/best-retail-cases-switzerland-award-the-tension-rises\/","og_site_name":"Organisator","article_publisher":"https:\/\/www.facebook.com\/OrganisatorFachmagazin","article_published_time":"2022-02-02T07:00:41+00:00","author":"thomas.berner","twitter_card":"summary_large_image","twitter_title":"\u00abBest #Retail Cases Switzerland\u00bb #Award: Die Spannung steigt","twitter_description":"Am 4. Februar 2022 werden mit dem \u00abBest Retail Cases Switzerland\u00bb Award #BRC die besten Cases in den Kategorien #Omnichannel und #E-Commerce ausgezeichnet.","schema":{"@context":"https:\/\/schema.org","@graph":[{"@type":"Article","@id":"https:\/\/www.organisator.ch\/marketing\/2022-02-02\/best-retail-cases-switzerland-award-die-spannung-steigt\/#article","isPartOf":{"@id":"https:\/\/www.organisator.ch\/marketing\/2022-02-02\/best-retail-cases-switzerland-award-die-spannung-steigt\/"},"author":{"name":"thomas.berner","@id":"https:\/\/www.organisator.ch\/#\/schema\/person\/6f650f90b2842cd4c0cc334b4e36f67e"},"headline":"\u00abBest Retail Cases Switzerland\u00bb Award: Die Spannung steigt","datePublished":"2022-02-02T07:00:41+00:00","mainEntityOfPage":{"@id":"https:\/\/www.organisator.ch\/marketing\/2022-02-02\/best-retail-cases-switzerland-award-die-spannung-steigt\/"},"wordCount":275,"publisher":{"@id":"https:\/\/www.organisator.ch\/#organization"},"image":{"@id":"https:\/\/www.organisator.ch\/marketing\/2022-02-02\/best-retail-cases-switzerland-award-die-spannung-steigt\/#primaryimage"},"thumbnailUrl":"https:\/\/www.organisator.ch\/wp-content\/uploads\/2022\/02\/Best-Retail-Cases-Switzerland-Award-Die-Spannung-steigt_Organisator.jpg","keywords":["Awards","E-Commerce","Marketing"],"articleSection":["MARKETING"],"inLanguage":"en-US"},{"@type":"WebPage","@id":"https:\/\/www.organisator.ch\/marketing\/2022-02-02\/best-retail-cases-switzerland-award-die-spannung-steigt\/","url":"https:\/\/www.organisator.ch\/marketing\/2022-02-02\/best-retail-cases-switzerland-award-die-spannung-steigt\/","name":"\"Best Retail Cases Switzerland\" Award: The tension is rising - Organizer","isPartOf":{"@id":"https:\/\/www.organisator.ch\/#website"},"primaryImageOfPage":{"@id":"https:\/\/www.organisator.ch\/marketing\/2022-02-02\/best-retail-cases-switzerland-award-die-spannung-steigt\/#primaryimage"},"image":{"@id":"https:\/\/www.organisator.ch\/marketing\/2022-02-02\/best-retail-cases-switzerland-award-die-spannung-steigt\/#primaryimage"},"thumbnailUrl":"https:\/\/www.organisator.ch\/wp-content\/uploads\/2022\/02\/Best-Retail-Cases-Switzerland-Award-Die-Spannung-steigt_Organisator.jpg","datePublished":"2022-02-02T07:00:41+00:00","description":"On February 4, 2022, the \"Best Retail Cases Switzerland\" Award will recognize the best cases in the omnichannel and e-commerce categories.","breadcrumb":{"@id":"https:\/\/www.organisator.ch\/marketing\/2022-02-02\/best-retail-cases-switzerland-award-die-spannung-steigt\/#breadcrumb"},"inLanguage":"en-US","potentialAction":[{"@type":"ReadAction","target":["https:\/\/www.organisator.ch\/marketing\/2022-02-02\/best-retail-cases-switzerland-award-die-spannung-steigt\/"]}]},{"@type":"ImageObject","inLanguage":"en-US","@id":"https:\/\/www.organisator.ch\/marketing\/2022-02-02\/best-retail-cases-switzerland-award-die-spannung-steigt\/#primaryimage","url":"https:\/\/www.organisator.ch\/wp-content\/uploads\/2022\/02\/Best-Retail-Cases-Switzerland-Award-Die-Spannung-steigt_Organisator.jpg","contentUrl":"https:\/\/www.organisator.ch\/wp-content\/uploads\/2022\/02\/Best-Retail-Cases-Switzerland-Award-Die-Spannung-steigt_Organisator.jpg","width":680,"height":383,"caption":"Grosse Spannung vor dem \u00abBest Retail Cases Switzerland\u00bb Award..."},{"@type":"BreadcrumbList","@id":"https:\/\/www.organisator.ch\/marketing\/2022-02-02\/best-retail-cases-switzerland-award-die-spannung-steigt\/#breadcrumb","itemListElement":[{"@type":"ListItem","position":1,"name":"Home","item":"https:\/\/www.organisator.ch\/"},{"@type":"ListItem","position":2,"name":"\u00abBest Retail Cases Switzerland\u00bb Award: Die Spannung steigt"}]},{"@type":"WebSite","@id":"https:\/\/www.organisator.ch\/#website","url":"https:\/\/www.organisator.ch\/","name":"Organizer","description":"Competent. Practical. In 10 issues per year, ORGANISATOR presents the essential topics for managers of SMEs.","publisher":{"@id":"https:\/\/www.organisator.ch\/#organization"},"potentialAction":[{"@type":"SearchAction","target":{"@type":"EntryPoint","urlTemplate":"https:\/\/www.organisator.ch\/?s={search_term_string}"},"query-input":{"@type":"PropertyValueSpecification","valueRequired":true,"valueName":"search_term_string"}}],"inLanguage":"en-US"},{"@type":"Organization","@id":"https:\/\/www.organisator.ch\/#organization","name":"Organizer","url":"https:\/\/www.organisator.ch\/","logo":{"@type":"ImageObject","inLanguage":"en-US","@id":"https:\/\/www.organisator.ch\/#\/schema\/logo\/image\/","url":"https:\/\/www.organisator.ch\/wp-content\/uploads\/2022\/01\/Logo_Organisator_Website.png","contentUrl":"https:\/\/www.organisator.ch\/wp-content\/uploads\/2022\/01\/Logo_Organisator_Website.png","width":800,"height":77,"caption":"Organisator"},"image":{"@id":"https:\/\/www.organisator.ch\/#\/schema\/logo\/image\/"},"sameAs":["https:\/\/www.facebook.com\/OrganisatorFachmagazin","https:\/\/www.linkedin.com\/showcase\/organisator-das-magazin-fr-kmu","https:\/\/www.xing.com\/news\/pages\/organisator-ch-695","https:\/\/www.youtube.com\/channel\/UCGP2Sq0iWaZwT3BdIAQFYpw"]},{"@type":"Person","@id":"https:\/\/www.organisator.ch\/#\/schema\/person\/6f650f90b2842cd4c0cc334b4e36f67e","name":"thomas.berner","image":{"@type":"ImageObject","inLanguage":"en-US","@id":"https:\/\/secure.gravatar.com\/avatar\/ac5001d2a36cb6c6cd3e50789007ffca834b477b74a2144564522e944eabff61?s=96&d=mm&r=g","url":"https:\/\/secure.gravatar.com\/avatar\/ac5001d2a36cb6c6cd3e50789007ffca834b477b74a2144564522e944eabff61?s=96&d=mm&r=g","contentUrl":"https:\/\/secure.gravatar.com\/avatar\/ac5001d2a36cb6c6cd3e50789007ffca834b477b74a2144564522e944eabff61?s=96&d=mm&r=g","caption":"thomas.berner"},"url":"https:\/\/www.organisator.ch\/en\/author\/thomas-berner\/"}]}},"_links":{"self":[{"href":"https:\/\/www.organisator.ch\/en\/wp-json\/wp\/v2\/posts\/9215","targetHints":{"allow":["GET"]}}],"collection":[{"href":"https:\/\/www.organisator.ch\/en\/wp-json\/wp\/v2\/posts"}],"about":[{"href":"https:\/\/www.organisator.ch\/en\/wp-json\/wp\/v2\/types\/post"}],"author":[{"embeddable":true,"href":"https:\/\/www.organisator.ch\/en\/wp-json\/wp\/v2\/users\/4"}],"replies":[{"embeddable":true,"href":"https:\/\/www.organisator.ch\/en\/wp-json\/wp\/v2\/comments?post=9215"}],"version-history":[{"count":0,"href":"https:\/\/www.organisator.ch\/en\/wp-json\/wp\/v2\/posts\/9215\/revisions"}],"wp:featuredmedia":[{"embeddable":true,"href":"https:\/\/www.organisator.ch\/en\/wp-json\/wp\/v2\/media\/11655"}],"wp:attachment":[{"href":"https:\/\/www.organisator.ch\/en\/wp-json\/wp\/v2\/media?parent=9215"}],"wp:term":[{"taxonomy":"category","embeddable":true,"href":"https:\/\/www.organisator.ch\/en\/wp-json\/wp\/v2\/categories?post=9215"},{"taxonomy":"post_tag","embeddable":true,"href":"https:\/\/www.organisator.ch\/en\/wp-json\/wp\/v2\/tags?post=9215"}],"curies":[{"name":"wp","href":"https:\/\/api.w.org\/{rel}","templated":true}]}}