{"id":9307,"date":"2022-02-07T09:32:14","date_gmt":"2022-02-07T08:32:14","guid":{"rendered":"https:\/\/www.m-q.ch\/?p=15870"},"modified":"2022-08-02T14:21:41","modified_gmt":"2022-08-02T12:21:41","slug":"neuer-leiter-werkstofftechnik-im-swiss-safety-center","status":"publish","type":"post","link":"https:\/\/www.organisator.ch\/en\/operational-excellence\/2022-02-07\/neuer-leiter-werkstofftechnik-im-swiss-safety-center\/","title":{"rendered":"New head of materials technology at the Swiss Safety Center"},"content":{"rendered":"<figure id=\"attachment_15871\" class=\"wp-caption alignnone\" style=\"width: 680px\" aria-describedby=\"caption-attachment-15871\"><img class=\"alignnone wp-image-15871 size-full\" src=\"https:\/\/www.m-q.ch\/wp-content\/uploads\/2022\/02\/Neuer-Leiter-Werkstofftechnik-im-Swiss-Safety-Center_MQ.jpg\" alt=\"Materials engineering\" width=\"680\" height=\"532\" \/><figcaption id=\"caption-attachment-15871\" class=\"wp-caption-text\">Arnulf H\u00f6rtnagl, that's the name of the new head of materials technology at the Swiss Safety Center. (Image: zVg)<\/figcaption><\/figure>\r\nThe Swiss Safety Center, part of the SVTI Group, also has recognized expertise in the fields of materials engineering and science, metallurgy, materialography, and corrosion as part of its loss prevention and fire protection responsibilities, and prepares damage analyses, expert reports, and expert opinions. To this end, the Swiss Safety Center carries out a wide range of non-destructive material tests, either stationary in its own testing laboratory or mobile on site.\r\n<h3>Particularly well networked in the SME scene<\/h3>\r\nAfter already recently a <a href=\"https:\/\/www.m-q.ch\/de\/robin-setz-ist-neuer-qualitaetsleiter-der-svti-gruppe\/\">new quality manager<\/a> was presented for the entire SVTI Group, there is another personnel development to report at the Swiss Safety Center: As of November 2021, Dr. Arnulf H\u00f6rtnagl is now the new Head of Materials Technology. He is a mechanical engineer with further specializations in manufacturing technology and materials science. His scientific activities led to a doctorate and a specialization in the fields of corrosion, tribology and stainless steels. Thanks to his professional activity, in various internationally active laboratories, he expanded his know-how in the direction of plastics technology and acquired his skills in sales as well as in the management of R+D projects. In passing on specialist knowledge, he brings experience from his two years as a lecturer in materials science. His excellent networking in the Swiss \"SME scene\" ideally complements his profile, according to the Swiss Safety Center.\r\n<h3>Further expansion of materials technology capabilities<\/h3>\r\nIn his new position, he is responsible for the testing laboratory, which has its core competence in the area of materials testing and damage analysis on primarily metallic materials. His goal is to expand the range of services to include testing and analysis of stainless steels and the area of plastics technology, as well as to deepen the electrochemical corrosion measurements. He sees the testing laboratory as a competence center and partner for individual examinations through to complex problems for SMEs of all sizes, from a wide range of industries, both nationally and internationally.\r\n\r\n<em>Source and further information: <a href=\"http:\/\/www.safetycenter.ch\/\">Swiss Safety Center<\/a><\/em>\r\n\r\nThe contribution <a href=\"https:\/\/www.m-q.ch\/de\/neuer-leiter-werkstofftechnik-im-swiss-safety-center\/\" rel=\"nofollow\">New head of materials technology at the Swiss Safety Center<\/a> first appeared on <a href=\"https:\/\/www.m-q.ch\/de\/\" rel=\"nofollow\">MQ Management and Quality<\/a>.\n<p class=\"syndicated-attribution\">This article originally appeared on m-q.ch - <a href=\"https:\/\/www.m-q.ch\/de\/neuer-leiter-werkstofftechnik-im-swiss-safety-center\/\" target=\"_blank\">https:\/\/www.m-q.ch\/de\/neuer-leiter-werkstofftechnik-im-swiss-safety-center\/<\/a><\/p>","protected":false},"excerpt":{"rendered":"<p>Das Swiss Safety Center, Teil der SVTI-Gruppe, verf\u00fcgt im Rahmen seiner Aufgabenbereiche zu Schadenspr\u00e4vention und Brandschutz auch \u00fcber anerkannte Kompetenz auf den Gebieten Werkstofftechnik und -wissenschaft, Metallkunde, Materialografie sowie Korrosion und erstellt Schadensanalysen, Expertisen und Gutachten. Dazu f\u00fchrt das Swiss Safety Center eine Vielzahl an auch zerst\u00f6rungsfreien Werkstoffpr\u00fcfungen durch, station\u00e4r im eigenen Pr\u00fcflabor oder mobil [\u2026]<\/p>\n<p>Der Beitrag <a rel=\"nofollow\" href=\"https:\/\/www.m-q.ch\/de\/neuer-leiter-werkstofftechnik-im-swiss-safety-center\/\">Neuer Leiter Werkstofftechnik im Swiss Safety Center<\/a> erschien zuerst auf <a rel=\"nofollow\" href=\"https:\/\/www.m-q.ch\/de\/\">MQ Management und Qualit\u00e4t<\/a>.<\/p>\n","protected":false},"author":8,"featured_media":0,"comment_status":"closed","ping_status":"closed","sticky":false,"template":"","format":"standard","meta":{"_acf_changed":false,"_yoast_wpseo_focuskw":"Werkstofftechnik","_yoast_wpseo_metadesc":"Bereits seit November 2021 leitet neu Dr. Arnulf H\u00f6rtnagl den Bereich Werkstofftechnik des Swiss Safety Centers in Wallisellen.","articlekey":"","footnotes":""},"categories":[582],"tags":[614],"class_list":["post-9307","post","type-post","status-publish","format-standard","hentry","category-operational-excellence","tag-werkstofftechnik"],"acf":[],"yoast_head":"<!-- This site is optimized with the Yoast SEO plugin v27.5 - https:\/\/yoast.com\/product\/yoast-seo-wordpress\/ -->\n<title>Neuer Leiter Werkstofftechnik im Swiss Safety Center - Organisator<\/title>\n<meta name=\"description\" content=\"Bereits seit November 2021 leitet neu Dr. Arnulf H\u00f6rtnagl den Bereich Werkstofftechnik des Swiss Safety Centers in Wallisellen.\" \/>\n<meta name=\"robots\" content=\"index, follow, max-snippet:-1, max-image-preview:large, max-video-preview:-1\" \/>\n<link rel=\"canonical\" href=\"https:\/\/www.m-q.ch\/de\/neuer-leiter-werkstofftechnik-im-swiss-safety-center\/\" \/>\n<meta property=\"og:locale\" content=\"en_US\" \/>\n<meta property=\"og:type\" content=\"article\" \/>\n<meta property=\"og:title\" content=\"Neuer Leiter Werkstofftechnik im Swiss Safety Center - Organisator\" \/>\n<meta property=\"og:description\" content=\"Bereits seit November 2021 leitet neu Dr. Arnulf H\u00f6rtnagl den Bereich Werkstofftechnik des Swiss Safety Centers in Wallisellen.\" \/>\n<meta property=\"og:url\" content=\"https:\/\/www.m-q.ch\/de\/neuer-leiter-werkstofftechnik-im-swiss-safety-center\/\" \/>\n<meta property=\"og:site_name\" content=\"Organisator\" \/>\n<meta property=\"article:publisher\" content=\"https:\/\/www.facebook.com\/OrganisatorFachmagazin\" \/>\n<meta property=\"article:published_time\" content=\"2022-02-07T08:32:14+00:00\" \/>\n<meta property=\"article:modified_time\" content=\"2022-08-02T12:21:41+00:00\" \/>\n<meta property=\"og:image\" content=\"https:\/\/www.m-q.ch\/wp-content\/uploads\/2022\/02\/Neuer-Leiter-Werkstofftechnik-im-Swiss-Safety-Center_MQ.jpg\" \/>\n<meta name=\"author\" content=\"galledia\" \/>\n<meta name=\"twitter:card\" content=\"summary_large_image\" \/>\n<meta name=\"twitter:creator\" content=\"@admin\" \/>\n<script type=\"application\/ld+json\" class=\"yoast-schema-graph\">{\"@context\":\"https:\\\/\\\/schema.org\",\"@graph\":[{\"@type\":\"Article\",\"@id\":\"https:\\\/\\\/www.m-q.ch\\\/de\\\/neuer-leiter-werkstofftechnik-im-swiss-safety-center\\\/#article\",\"isPartOf\":{\"@id\":\"https:\\\/\\\/www.organisator.ch\\\/operational-excellence\\\/2022-02-07\\\/neuer-leiter-werkstofftechnik-im-swiss-safety-center\\\/\"},\"author\":{\"name\":\"galledia\",\"@id\":\"https:\\\/\\\/www.organisator.ch\\\/#\\\/schema\\\/person\\\/4e51799071cd2dd1232ac003643ef5f0\"},\"headline\":\"Neuer Leiter Werkstofftechnik im Swiss Safety Center\",\"datePublished\":\"2022-02-07T08:32:14+00:00\",\"dateModified\":\"2022-08-02T12:21:41+00:00\",\"mainEntityOfPage\":{\"@id\":\"https:\\\/\\\/www.organisator.ch\\\/operational-excellence\\\/2022-02-07\\\/neuer-leiter-werkstofftechnik-im-swiss-safety-center\\\/\"},\"wordCount\":343,\"publisher\":{\"@id\":\"https:\\\/\\\/www.organisator.ch\\\/#organization\"},\"image\":{\"@id\":\"https:\\\/\\\/www.m-q.ch\\\/de\\\/neuer-leiter-werkstofftechnik-im-swiss-safety-center\\\/#primaryimage\"},\"thumbnailUrl\":\"https:\\\/\\\/www.m-q.ch\\\/wp-content\\\/uploads\\\/2022\\\/02\\\/Neuer-Leiter-Werkstofftechnik-im-Swiss-Safety-Center_MQ.jpg\",\"keywords\":[\"Werkstofftechnik\"],\"articleSection\":[\"OPERATIONAL EXCELLENCE\"],\"inLanguage\":\"en-US\"},{\"@type\":\"WebPage\",\"@id\":\"https:\\\/\\\/www.organisator.ch\\\/operational-excellence\\\/2022-02-07\\\/neuer-leiter-werkstofftechnik-im-swiss-safety-center\\\/\",\"url\":\"https:\\\/\\\/www.m-q.ch\\\/de\\\/neuer-leiter-werkstofftechnik-im-swiss-safety-center\\\/\",\"name\":\"Neuer Leiter Werkstofftechnik im Swiss Safety Center - Organisator\",\"isPartOf\":{\"@id\":\"https:\\\/\\\/www.organisator.ch\\\/#website\"},\"primaryImageOfPage\":{\"@id\":\"https:\\\/\\\/www.m-q.ch\\\/de\\\/neuer-leiter-werkstofftechnik-im-swiss-safety-center\\\/#primaryimage\"},\"image\":{\"@id\":\"https:\\\/\\\/www.m-q.ch\\\/de\\\/neuer-leiter-werkstofftechnik-im-swiss-safety-center\\\/#primaryimage\"},\"thumbnailUrl\":\"https:\\\/\\\/www.m-q.ch\\\/wp-content\\\/uploads\\\/2022\\\/02\\\/Neuer-Leiter-Werkstofftechnik-im-Swiss-Safety-Center_MQ.jpg\",\"datePublished\":\"2022-02-07T08:32:14+00:00\",\"dateModified\":\"2022-08-02T12:21:41+00:00\",\"description\":\"Bereits seit November 2021 leitet neu Dr. Arnulf H\u00f6rtnagl den Bereich Werkstofftechnik des Swiss Safety Centers in Wallisellen.\",\"breadcrumb\":{\"@id\":\"https:\\\/\\\/www.m-q.ch\\\/de\\\/neuer-leiter-werkstofftechnik-im-swiss-safety-center\\\/#breadcrumb\"},\"inLanguage\":\"en-US\",\"potentialAction\":[{\"@type\":\"ReadAction\",\"target\":[\"https:\\\/\\\/www.m-q.ch\\\/de\\\/neuer-leiter-werkstofftechnik-im-swiss-safety-center\\\/\"]}]},{\"@type\":\"ImageObject\",\"inLanguage\":\"en-US\",\"@id\":\"https:\\\/\\\/www.m-q.ch\\\/de\\\/neuer-leiter-werkstofftechnik-im-swiss-safety-center\\\/#primaryimage\",\"url\":\"https:\\\/\\\/www.m-q.ch\\\/wp-content\\\/uploads\\\/2022\\\/02\\\/Neuer-Leiter-Werkstofftechnik-im-Swiss-Safety-Center_MQ.jpg\",\"contentUrl\":\"https:\\\/\\\/www.m-q.ch\\\/wp-content\\\/uploads\\\/2022\\\/02\\\/Neuer-Leiter-Werkstofftechnik-im-Swiss-Safety-Center_MQ.jpg\"},{\"@type\":\"BreadcrumbList\",\"@id\":\"https:\\\/\\\/www.m-q.ch\\\/de\\\/neuer-leiter-werkstofftechnik-im-swiss-safety-center\\\/#breadcrumb\",\"itemListElement\":[{\"@type\":\"ListItem\",\"position\":1,\"name\":\"Home\",\"item\":\"https:\\\/\\\/www.organisator.ch\\\/\"},{\"@type\":\"ListItem\",\"position\":2,\"name\":\"Neuer Leiter Werkstofftechnik im Swiss Safety Center\"}]},{\"@type\":\"WebSite\",\"@id\":\"https:\\\/\\\/www.organisator.ch\\\/#website\",\"url\":\"https:\\\/\\\/www.organisator.ch\\\/\",\"name\":\"Organisator\",\"description\":\"Kompetent. Praxisnah. Der ORGANISATOR bereitet in 10 Ausgaben pro Jahr die wesentlichen Themen f\u00fcr F\u00fchrungskr\u00e4fte von KMU auf.\",\"publisher\":{\"@id\":\"https:\\\/\\\/www.organisator.ch\\\/#organization\"},\"potentialAction\":[{\"@type\":\"SearchAction\",\"target\":{\"@type\":\"EntryPoint\",\"urlTemplate\":\"https:\\\/\\\/www.organisator.ch\\\/?s={search_term_string}\"},\"query-input\":{\"@type\":\"PropertyValueSpecification\",\"valueRequired\":true,\"valueName\":\"search_term_string\"}}],\"inLanguage\":\"en-US\"},{\"@type\":\"Organization\",\"@id\":\"https:\\\/\\\/www.organisator.ch\\\/#organization\",\"name\":\"Organisator\",\"url\":\"https:\\\/\\\/www.organisator.ch\\\/\",\"logo\":{\"@type\":\"ImageObject\",\"inLanguage\":\"en-US\",\"@id\":\"https:\\\/\\\/www.organisator.ch\\\/#\\\/schema\\\/logo\\\/image\\\/\",\"url\":\"https:\\\/\\\/www.organisator.ch\\\/wp-content\\\/uploads\\\/2022\\\/01\\\/Logo_Organisator_Website.png\",\"contentUrl\":\"https:\\\/\\\/www.organisator.ch\\\/wp-content\\\/uploads\\\/2022\\\/01\\\/Logo_Organisator_Website.png\",\"width\":800,\"height\":77,\"caption\":\"Organisator\"},\"image\":{\"@id\":\"https:\\\/\\\/www.organisator.ch\\\/#\\\/schema\\\/logo\\\/image\\\/\"},\"sameAs\":[\"https:\\\/\\\/www.facebook.com\\\/OrganisatorFachmagazin\",\"https:\\\/\\\/www.linkedin.com\\\/showcase\\\/organisator-das-magazin-fr-kmu\",\"https:\\\/\\\/www.xing.com\\\/news\\\/pages\\\/organisator-ch-695\",\"https:\\\/\\\/www.youtube.com\\\/channel\\\/UCGP2Sq0iWaZwT3BdIAQFYpw\"]},{\"@type\":\"Person\",\"@id\":\"https:\\\/\\\/www.organisator.ch\\\/#\\\/schema\\\/person\\\/4e51799071cd2dd1232ac003643ef5f0\",\"name\":\"galledia\",\"image\":{\"@type\":\"ImageObject\",\"inLanguage\":\"en-US\",\"@id\":\"https:\\\/\\\/secure.gravatar.com\\\/avatar\\\/78a7f90c01fc2bfc875782a0d4922b37cde2cf184ce347b91316d23cd7f69a36?s=96&d=mm&r=g\",\"url\":\"https:\\\/\\\/secure.gravatar.com\\\/avatar\\\/78a7f90c01fc2bfc875782a0d4922b37cde2cf184ce347b91316d23cd7f69a36?s=96&d=mm&r=g\",\"contentUrl\":\"https:\\\/\\\/secure.gravatar.com\\\/avatar\\\/78a7f90c01fc2bfc875782a0d4922b37cde2cf184ce347b91316d23cd7f69a36?s=96&d=mm&r=g\",\"caption\":\"galledia\"},\"sameAs\":[\"https:\\\/\\\/x.com\\\/admin\"],\"url\":\"https:\\\/\\\/www.organisator.ch\\\/en\\\/author\\\/galledia\\\/\"}]}<\/script>\n<!-- \/ Yoast SEO plugin. -->","yoast_head_json":{"title":"New head of materials technology at the Swiss Safety Center - Organizer","description":"As early as November 2021, Dr. Arnulf H\u00f6rtnagl will take over as Head of Materials Technology at the Swiss Safety Center in Wallisellen.","robots":{"index":"index","follow":"follow","max-snippet":"max-snippet:-1","max-image-preview":"max-image-preview:large","max-video-preview":"max-video-preview:-1"},"canonical":"https:\/\/www.m-q.ch\/de\/neuer-leiter-werkstofftechnik-im-swiss-safety-center\/","og_locale":"en_US","og_type":"article","og_title":"Neuer Leiter Werkstofftechnik im Swiss Safety Center - Organisator","og_description":"Bereits seit November 2021 leitet neu Dr. Arnulf H\u00f6rtnagl den Bereich Werkstofftechnik des Swiss Safety Centers in Wallisellen.","og_url":"https:\/\/www.m-q.ch\/de\/neuer-leiter-werkstofftechnik-im-swiss-safety-center\/","og_site_name":"Organisator","article_publisher":"https:\/\/www.facebook.com\/OrganisatorFachmagazin","article_published_time":"2022-02-07T08:32:14+00:00","article_modified_time":"2022-08-02T12:21:41+00:00","og_image":[{"url":"https:\/\/www.m-q.ch\/wp-content\/uploads\/2022\/02\/Neuer-Leiter-Werkstofftechnik-im-Swiss-Safety-Center_MQ.jpg","type":"","width":"","height":""}],"author":"galledia","twitter_card":"summary_large_image","twitter_creator":"@admin","schema":{"@context":"https:\/\/schema.org","@graph":[{"@type":"Article","@id":"https:\/\/www.m-q.ch\/de\/neuer-leiter-werkstofftechnik-im-swiss-safety-center\/#article","isPartOf":{"@id":"https:\/\/www.organisator.ch\/operational-excellence\/2022-02-07\/neuer-leiter-werkstofftechnik-im-swiss-safety-center\/"},"author":{"name":"galledia","@id":"https:\/\/www.organisator.ch\/#\/schema\/person\/4e51799071cd2dd1232ac003643ef5f0"},"headline":"Neuer Leiter Werkstofftechnik im Swiss Safety Center","datePublished":"2022-02-07T08:32:14+00:00","dateModified":"2022-08-02T12:21:41+00:00","mainEntityOfPage":{"@id":"https:\/\/www.organisator.ch\/operational-excellence\/2022-02-07\/neuer-leiter-werkstofftechnik-im-swiss-safety-center\/"},"wordCount":343,"publisher":{"@id":"https:\/\/www.organisator.ch\/#organization"},"image":{"@id":"https:\/\/www.m-q.ch\/de\/neuer-leiter-werkstofftechnik-im-swiss-safety-center\/#primaryimage"},"thumbnailUrl":"https:\/\/www.m-q.ch\/wp-content\/uploads\/2022\/02\/Neuer-Leiter-Werkstofftechnik-im-Swiss-Safety-Center_MQ.jpg","keywords":["Werkstofftechnik"],"articleSection":["OPERATIONAL EXCELLENCE"],"inLanguage":"en-US"},{"@type":"WebPage","@id":"https:\/\/www.organisator.ch\/operational-excellence\/2022-02-07\/neuer-leiter-werkstofftechnik-im-swiss-safety-center\/","url":"https:\/\/www.m-q.ch\/de\/neuer-leiter-werkstofftechnik-im-swiss-safety-center\/","name":"New head of materials technology at the Swiss Safety Center - Organizer","isPartOf":{"@id":"https:\/\/www.organisator.ch\/#website"},"primaryImageOfPage":{"@id":"https:\/\/www.m-q.ch\/de\/neuer-leiter-werkstofftechnik-im-swiss-safety-center\/#primaryimage"},"image":{"@id":"https:\/\/www.m-q.ch\/de\/neuer-leiter-werkstofftechnik-im-swiss-safety-center\/#primaryimage"},"thumbnailUrl":"https:\/\/www.m-q.ch\/wp-content\/uploads\/2022\/02\/Neuer-Leiter-Werkstofftechnik-im-Swiss-Safety-Center_MQ.jpg","datePublished":"2022-02-07T08:32:14+00:00","dateModified":"2022-08-02T12:21:41+00:00","description":"As early as November 2021, Dr. Arnulf H\u00f6rtnagl will take over as Head of Materials Technology at the Swiss Safety Center in Wallisellen.","breadcrumb":{"@id":"https:\/\/www.m-q.ch\/de\/neuer-leiter-werkstofftechnik-im-swiss-safety-center\/#breadcrumb"},"inLanguage":"en-US","potentialAction":[{"@type":"ReadAction","target":["https:\/\/www.m-q.ch\/de\/neuer-leiter-werkstofftechnik-im-swiss-safety-center\/"]}]},{"@type":"ImageObject","inLanguage":"en-US","@id":"https:\/\/www.m-q.ch\/de\/neuer-leiter-werkstofftechnik-im-swiss-safety-center\/#primaryimage","url":"https:\/\/www.m-q.ch\/wp-content\/uploads\/2022\/02\/Neuer-Leiter-Werkstofftechnik-im-Swiss-Safety-Center_MQ.jpg","contentUrl":"https:\/\/www.m-q.ch\/wp-content\/uploads\/2022\/02\/Neuer-Leiter-Werkstofftechnik-im-Swiss-Safety-Center_MQ.jpg"},{"@type":"BreadcrumbList","@id":"https:\/\/www.m-q.ch\/de\/neuer-leiter-werkstofftechnik-im-swiss-safety-center\/#breadcrumb","itemListElement":[{"@type":"ListItem","position":1,"name":"Home","item":"https:\/\/www.organisator.ch\/"},{"@type":"ListItem","position":2,"name":"Neuer Leiter Werkstofftechnik im Swiss Safety Center"}]},{"@type":"WebSite","@id":"https:\/\/www.organisator.ch\/#website","url":"https:\/\/www.organisator.ch\/","name":"Organizer","description":"Competent. Practical. In 10 issues per year, ORGANISATOR presents the essential topics for managers of SMEs.","publisher":{"@id":"https:\/\/www.organisator.ch\/#organization"},"potentialAction":[{"@type":"SearchAction","target":{"@type":"EntryPoint","urlTemplate":"https:\/\/www.organisator.ch\/?s={search_term_string}"},"query-input":{"@type":"PropertyValueSpecification","valueRequired":true,"valueName":"search_term_string"}}],"inLanguage":"en-US"},{"@type":"Organization","@id":"https:\/\/www.organisator.ch\/#organization","name":"Organizer","url":"https:\/\/www.organisator.ch\/","logo":{"@type":"ImageObject","inLanguage":"en-US","@id":"https:\/\/www.organisator.ch\/#\/schema\/logo\/image\/","url":"https:\/\/www.organisator.ch\/wp-content\/uploads\/2022\/01\/Logo_Organisator_Website.png","contentUrl":"https:\/\/www.organisator.ch\/wp-content\/uploads\/2022\/01\/Logo_Organisator_Website.png","width":800,"height":77,"caption":"Organisator"},"image":{"@id":"https:\/\/www.organisator.ch\/#\/schema\/logo\/image\/"},"sameAs":["https:\/\/www.facebook.com\/OrganisatorFachmagazin","https:\/\/www.linkedin.com\/showcase\/organisator-das-magazin-fr-kmu","https:\/\/www.xing.com\/news\/pages\/organisator-ch-695","https:\/\/www.youtube.com\/channel\/UCGP2Sq0iWaZwT3BdIAQFYpw"]},{"@type":"Person","@id":"https:\/\/www.organisator.ch\/#\/schema\/person\/4e51799071cd2dd1232ac003643ef5f0","name":"galledia","image":{"@type":"ImageObject","inLanguage":"en-US","@id":"https:\/\/secure.gravatar.com\/avatar\/78a7f90c01fc2bfc875782a0d4922b37cde2cf184ce347b91316d23cd7f69a36?s=96&d=mm&r=g","url":"https:\/\/secure.gravatar.com\/avatar\/78a7f90c01fc2bfc875782a0d4922b37cde2cf184ce347b91316d23cd7f69a36?s=96&d=mm&r=g","contentUrl":"https:\/\/secure.gravatar.com\/avatar\/78a7f90c01fc2bfc875782a0d4922b37cde2cf184ce347b91316d23cd7f69a36?s=96&d=mm&r=g","caption":"galledia"},"sameAs":["https:\/\/x.com\/admin"],"url":"https:\/\/www.organisator.ch\/en\/author\/galledia\/"}]}},"_links":{"self":[{"href":"https:\/\/www.organisator.ch\/en\/wp-json\/wp\/v2\/posts\/9307","targetHints":{"allow":["GET"]}}],"collection":[{"href":"https:\/\/www.organisator.ch\/en\/wp-json\/wp\/v2\/posts"}],"about":[{"href":"https:\/\/www.organisator.ch\/en\/wp-json\/wp\/v2\/types\/post"}],"author":[{"embeddable":true,"href":"https:\/\/www.organisator.ch\/en\/wp-json\/wp\/v2\/users\/8"}],"replies":[{"embeddable":true,"href":"https:\/\/www.organisator.ch\/en\/wp-json\/wp\/v2\/comments?post=9307"}],"version-history":[{"count":6,"href":"https:\/\/www.organisator.ch\/en\/wp-json\/wp\/v2\/posts\/9307\/revisions"}],"predecessor-version":[{"id":16210,"href":"https:\/\/www.organisator.ch\/en\/wp-json\/wp\/v2\/posts\/9307\/revisions\/16210"}],"wp:attachment":[{"href":"https:\/\/www.organisator.ch\/en\/wp-json\/wp\/v2\/media?parent=9307"}],"wp:term":[{"taxonomy":"category","embeddable":true,"href":"https:\/\/www.organisator.ch\/en\/wp-json\/wp\/v2\/categories?post=9307"},{"taxonomy":"post_tag","embeddable":true,"href":"https:\/\/www.organisator.ch\/en\/wp-json\/wp\/v2\/tags?post=9307"}],"curies":[{"name":"wp","href":"https:\/\/api.w.org\/{rel}","templated":true}]}}