{"id":950,"date":"2017-04-19T10:44:03","date_gmt":"2017-04-19T08:44:03","guid":{"rendered":"https:\/\/www.umweltperspektiven.ch\/?p=950"},"modified":"2022-02-09T11:06:20","modified_gmt":"2022-02-09T10:06:20","slug":"power-to-heat-anlage-ermoeglicht-negative-regelleistung","status":"publish","type":"post","link":"https:\/\/www.organisator.ch\/en\/sustainability\/2017-04-19\/power-to-heat-anlage-ermoeglicht-negative-regelleistung\/","title":{"rendered":"Power-to-heat plant enables negative control power"},"content":{"rendered":"<figure id=\"attachment_951\" aria-describedby=\"caption-attachment-951\" style=\"width: 680px\" class=\"wp-caption alignnone\"><img loading=\"lazy\" decoding=\"async\" class=\"size-medium wp-image-951\" src=\"\/\/www.umweltperspektiven.ch\/wp-content\/uploads\/2017\/04\/Power-to-Heat_Alpiq.jpg\" alt=\"\" width=\"680\" height=\"486\" \/><figcaption id=\"caption-attachment-951\" class=\"wp-caption-text\">Steam is generated in the boiler house by two electrode boilers, each with an output of 11 MW.<br \/>(Photo: Alpiq)<\/figcaption><\/figure>\n<p>The more fluctuating solar and wind energy is fed into the grid, the higher the probability that more electricity will be generated than consumed at any given time. To make use of this surplus, storage facilities are an option - or else plants that offer negative balancing power. The energy company\u00a0<a href=\"\/\/www.alpiq.com\/de\/index.jsp\">Alpiq <\/a>has now been commissioned for the first time in Niederg\u00f6sgen: The power-to-heat (P2H) plant uses the surplus electricity to produce process steam in two electrode boilers, each with an electrical output of 11 MW.<\/p>\n<p><strong>Contribute to grid stability<\/strong><\/p>\n<p>Alpiq offers the flexible negative power of the power-to-heat plant on the balancing energy market. The operators of the transmission grid use the power to balance out the differences between the electricity generated and consumed, thus ensuring grid stability. This offers new business opportunities for the energy group.<\/p>\n<p>The plant is located on the site of the G\u00f6sgen hydropower plant. The location is optimal with regard to flexible use of the P2H plant because of the proximity of the steam line between the G\u00f6sgen nuclear power plant and the Model AG paper mill, as well as the proximity to the hydropower plant and electricity grid infrastructure.<\/p>\n<p>In addition to marketing in the balancing energy market, there is the possibility of cooperation with the Model AG paper mill. The paper mill already uses process steam from the nuclear power plant - but so far the supply has been interrupted during the annual overhaul of the NPP. The new plant can now compensate for this. It feeds the process steam directly into the existing heating steam line.<\/p>\n<p><span style=\"font-size: 10.0pt; font-family: 'Verdana','sans-serif';\">The heart of the plant, the boiler house housing the two steam generators, was built by Alpiq. Construction began at the beginning of October 2016 and cost around CHF 6 million.<\/span><\/p>","protected":false},"excerpt":{"rendered":"<p>Je mehr fluktuierende Sonnen- und Windenergie ins Netz eingespeist wird, desto h\u00f6her die Wahrscheinlichkeit, dass zu einem bestimmten Zeitpunkt mehr Strom erzeugt als verbraucht wird. Um diesen \u00dcberschuss zu nutzen, bieten sich Speicher an &#8211; oder aber Anlagen, die negative Regelleistung anbieten. Eine solche hat das Energieunternehmen\u00a0Alpiq nun in Niederg\u00f6sgen erstmals in Betrieb genommen: Die [&hellip;]<\/p>\n","protected":false},"author":1,"featured_media":9489,"comment_status":"open","ping_status":"open","sticky":false,"template":"","format":"standard","meta":{"_acf_changed":false,"_yoast_wpseo_focuskw":"Power-to-Heat","_yoast_wpseo_metadesc":"Alpiq nimmt in Niederg\u00f6sgen ihre erste Power-to-Heat-Anlage in Betrieb und kann damit neu negative Regelleistung auf den Energiem\u00e4rkten anbieten.","articlekey":"","footnotes":""},"categories":[580],"tags":[696,584,1940,1995],"class_list":["post-950","post","type-post","status-publish","format-standard","has-post-thumbnail","hentry","category-sustainability","tag-alpiq","tag-energie","tag-power-to-heat","tag-regelenergie"],"acf":[],"yoast_head":"<!-- This site is optimized with the Yoast SEO plugin v27.4 - https:\/\/yoast.com\/product\/yoast-seo-wordpress\/ -->\n<title>Power-to-Heat-Anlage erm\u00f6glicht negative Regelleistung - Organisator<\/title>\n<meta name=\"description\" content=\"Alpiq nimmt in Niederg\u00f6sgen ihre erste Power-to-Heat-Anlage in Betrieb und kann damit neu negative Regelleistung auf den Energiem\u00e4rkten anbieten.\" \/>\n<meta name=\"robots\" content=\"index, follow, max-snippet:-1, max-image-preview:large, max-video-preview:-1\" \/>\n<link rel=\"canonical\" href=\"https:\/\/www.organisator.ch\/en\/sustainability\/2017-04-19\/power-to-heat-anlage-ermoeglicht-negative-regelleistung\/\" \/>\n<meta property=\"og:locale\" content=\"en_US\" \/>\n<meta property=\"og:type\" content=\"article\" \/>\n<meta property=\"og:title\" content=\"Power-to-Heat-Anlage erm\u00f6glicht negative Regelleistung - Organisator\" \/>\n<meta property=\"og:description\" content=\"Alpiq nimmt in Niederg\u00f6sgen ihre erste Power-to-Heat-Anlage in Betrieb und kann damit neu negative Regelleistung auf den Energiem\u00e4rkten anbieten.\" \/>\n<meta property=\"og:url\" content=\"https:\/\/www.organisator.ch\/en\/sustainability\/2017-04-19\/power-to-heat-anlage-ermoeglicht-negative-regelleistung\/\" \/>\n<meta property=\"og:site_name\" content=\"Organisator\" \/>\n<meta property=\"article:publisher\" content=\"https:\/\/www.facebook.com\/OrganisatorFachmagazin\" \/>\n<meta property=\"article:published_time\" content=\"2017-04-19T08:44:03+00:00\" \/>\n<meta property=\"article:modified_time\" content=\"2022-02-09T10:06:20+00:00\" \/>\n<meta property=\"og:image\" content=\"https:\/\/www.organisator.ch\/wp-content\/uploads\/2017\/04\/Power-to-Heat_Alpiq.jpg\" \/>\n\t<meta property=\"og:image:width\" content=\"700\" \/>\n\t<meta property=\"og:image:height\" content=\"500\" \/>\n\t<meta property=\"og:image:type\" content=\"image\/jpeg\" \/>\n<meta name=\"author\" content=\"admin\" \/>\n<meta name=\"twitter:card\" content=\"summary_large_image\" \/>\n<script type=\"application\/ld+json\" class=\"yoast-schema-graph\">{\"@context\":\"https:\\\/\\\/schema.org\",\"@graph\":[{\"@type\":\"Article\",\"@id\":\"https:\\\/\\\/www.organisator.ch\\\/sustainability\\\/2017-04-19\\\/power-to-heat-anlage-ermoeglicht-negative-regelleistung\\\/#article\",\"isPartOf\":{\"@id\":\"https:\\\/\\\/www.organisator.ch\\\/sustainability\\\/2017-04-19\\\/power-to-heat-anlage-ermoeglicht-negative-regelleistung\\\/\"},\"author\":{\"name\":\"admin\",\"@id\":\"https:\\\/\\\/www.organisator.ch\\\/#\\\/schema\\\/person\\\/aa2bace6c5c5aad60102004a50c4eb1c\"},\"headline\":\"Power-to-Heat-Anlage erm\u00f6glicht negative Regelleistung\",\"datePublished\":\"2017-04-19T08:44:03+00:00\",\"dateModified\":\"2022-02-09T10:06:20+00:00\",\"mainEntityOfPage\":{\"@id\":\"https:\\\/\\\/www.organisator.ch\\\/sustainability\\\/2017-04-19\\\/power-to-heat-anlage-ermoeglicht-negative-regelleistung\\\/\"},\"wordCount\":286,\"commentCount\":0,\"publisher\":{\"@id\":\"https:\\\/\\\/www.organisator.ch\\\/#organization\"},\"image\":{\"@id\":\"https:\\\/\\\/www.organisator.ch\\\/sustainability\\\/2017-04-19\\\/power-to-heat-anlage-ermoeglicht-negative-regelleistung\\\/#primaryimage\"},\"thumbnailUrl\":\"https:\\\/\\\/www.organisator.ch\\\/wp-content\\\/uploads\\\/2017\\\/04\\\/Power-to-Heat_Alpiq.jpg\",\"keywords\":[\"Alpiq\",\"ENERGIE\",\"Power-to-Heat\",\"Regelenergie\"],\"articleSection\":[\"SUSTAINABILITY\"],\"inLanguage\":\"en-US\"},{\"@type\":\"WebPage\",\"@id\":\"https:\\\/\\\/www.organisator.ch\\\/sustainability\\\/2017-04-19\\\/power-to-heat-anlage-ermoeglicht-negative-regelleistung\\\/\",\"url\":\"https:\\\/\\\/www.organisator.ch\\\/sustainability\\\/2017-04-19\\\/power-to-heat-anlage-ermoeglicht-negative-regelleistung\\\/\",\"name\":\"Power-to-Heat-Anlage erm\u00f6glicht negative Regelleistung - Organisator\",\"isPartOf\":{\"@id\":\"https:\\\/\\\/www.organisator.ch\\\/#website\"},\"primaryImageOfPage\":{\"@id\":\"https:\\\/\\\/www.organisator.ch\\\/sustainability\\\/2017-04-19\\\/power-to-heat-anlage-ermoeglicht-negative-regelleistung\\\/#primaryimage\"},\"image\":{\"@id\":\"https:\\\/\\\/www.organisator.ch\\\/sustainability\\\/2017-04-19\\\/power-to-heat-anlage-ermoeglicht-negative-regelleistung\\\/#primaryimage\"},\"thumbnailUrl\":\"https:\\\/\\\/www.organisator.ch\\\/wp-content\\\/uploads\\\/2017\\\/04\\\/Power-to-Heat_Alpiq.jpg\",\"datePublished\":\"2017-04-19T08:44:03+00:00\",\"dateModified\":\"2022-02-09T10:06:20+00:00\",\"description\":\"Alpiq nimmt in Niederg\u00f6sgen ihre erste Power-to-Heat-Anlage in Betrieb und kann damit neu negative Regelleistung auf den Energiem\u00e4rkten anbieten.\",\"breadcrumb\":{\"@id\":\"https:\\\/\\\/www.organisator.ch\\\/sustainability\\\/2017-04-19\\\/power-to-heat-anlage-ermoeglicht-negative-regelleistung\\\/#breadcrumb\"},\"inLanguage\":\"en-US\",\"potentialAction\":[{\"@type\":\"ReadAction\",\"target\":[\"https:\\\/\\\/www.organisator.ch\\\/sustainability\\\/2017-04-19\\\/power-to-heat-anlage-ermoeglicht-negative-regelleistung\\\/\"]}]},{\"@type\":\"ImageObject\",\"inLanguage\":\"en-US\",\"@id\":\"https:\\\/\\\/www.organisator.ch\\\/sustainability\\\/2017-04-19\\\/power-to-heat-anlage-ermoeglicht-negative-regelleistung\\\/#primaryimage\",\"url\":\"https:\\\/\\\/www.organisator.ch\\\/wp-content\\\/uploads\\\/2017\\\/04\\\/Power-to-Heat_Alpiq.jpg\",\"contentUrl\":\"https:\\\/\\\/www.organisator.ch\\\/wp-content\\\/uploads\\\/2017\\\/04\\\/Power-to-Heat_Alpiq.jpg\",\"width\":700,\"height\":500,\"caption\":\"Die Dampferzeugung erfolgt im Kesselhaus durch zwei Elektrodenboiler mit je 11 MW Leistung. (Foto: Alpiq)\"},{\"@type\":\"BreadcrumbList\",\"@id\":\"https:\\\/\\\/www.organisator.ch\\\/sustainability\\\/2017-04-19\\\/power-to-heat-anlage-ermoeglicht-negative-regelleistung\\\/#breadcrumb\",\"itemListElement\":[{\"@type\":\"ListItem\",\"position\":1,\"name\":\"Home\",\"item\":\"https:\\\/\\\/www.organisator.ch\\\/\"},{\"@type\":\"ListItem\",\"position\":2,\"name\":\"Power-to-Heat-Anlage erm\u00f6glicht negative Regelleistung\"}]},{\"@type\":\"WebSite\",\"@id\":\"https:\\\/\\\/www.organisator.ch\\\/#website\",\"url\":\"https:\\\/\\\/www.organisator.ch\\\/\",\"name\":\"Organisator\",\"description\":\"Kompetent. Praxisnah. Der ORGANISATOR bereitet in 10 Ausgaben pro Jahr die wesentlichen Themen f\u00fcr F\u00fchrungskr\u00e4fte von KMU auf.\",\"publisher\":{\"@id\":\"https:\\\/\\\/www.organisator.ch\\\/#organization\"},\"potentialAction\":[{\"@type\":\"SearchAction\",\"target\":{\"@type\":\"EntryPoint\",\"urlTemplate\":\"https:\\\/\\\/www.organisator.ch\\\/?s={search_term_string}\"},\"query-input\":{\"@type\":\"PropertyValueSpecification\",\"valueRequired\":true,\"valueName\":\"search_term_string\"}}],\"inLanguage\":\"en-US\"},{\"@type\":\"Organization\",\"@id\":\"https:\\\/\\\/www.organisator.ch\\\/#organization\",\"name\":\"Organisator\",\"url\":\"https:\\\/\\\/www.organisator.ch\\\/\",\"logo\":{\"@type\":\"ImageObject\",\"inLanguage\":\"en-US\",\"@id\":\"https:\\\/\\\/www.organisator.ch\\\/#\\\/schema\\\/logo\\\/image\\\/\",\"url\":\"https:\\\/\\\/www.organisator.ch\\\/wp-content\\\/uploads\\\/2022\\\/01\\\/Logo_Organisator_Website.png\",\"contentUrl\":\"https:\\\/\\\/www.organisator.ch\\\/wp-content\\\/uploads\\\/2022\\\/01\\\/Logo_Organisator_Website.png\",\"width\":800,\"height\":77,\"caption\":\"Organisator\"},\"image\":{\"@id\":\"https:\\\/\\\/www.organisator.ch\\\/#\\\/schema\\\/logo\\\/image\\\/\"},\"sameAs\":[\"https:\\\/\\\/www.facebook.com\\\/OrganisatorFachmagazin\",\"https:\\\/\\\/www.linkedin.com\\\/showcase\\\/organisator-das-magazin-fr-kmu\",\"https:\\\/\\\/www.xing.com\\\/news\\\/pages\\\/organisator-ch-695\",\"https:\\\/\\\/www.youtube.com\\\/channel\\\/UCGP2Sq0iWaZwT3BdIAQFYpw\"]},{\"@type\":\"Person\",\"@id\":\"https:\\\/\\\/www.organisator.ch\\\/#\\\/schema\\\/person\\\/aa2bace6c5c5aad60102004a50c4eb1c\",\"name\":\"admin\",\"image\":{\"@type\":\"ImageObject\",\"inLanguage\":\"en-US\",\"@id\":\"https:\\\/\\\/secure.gravatar.com\\\/avatar\\\/ae2f4d718e6c49043e314ce431e7e645d646302a24a5ef5a8bc8e3f5a032e319?s=96&d=mm&r=g\",\"url\":\"https:\\\/\\\/secure.gravatar.com\\\/avatar\\\/ae2f4d718e6c49043e314ce431e7e645d646302a24a5ef5a8bc8e3f5a032e319?s=96&d=mm&r=g\",\"contentUrl\":\"https:\\\/\\\/secure.gravatar.com\\\/avatar\\\/ae2f4d718e6c49043e314ce431e7e645d646302a24a5ef5a8bc8e3f5a032e319?s=96&d=mm&r=g\",\"caption\":\"admin\"},\"sameAs\":[\"https:\\\/\\\/www.organisator.ch\"],\"url\":\"https:\\\/\\\/www.organisator.ch\\\/en\\\/author\\\/admin\\\/\"}]}<\/script>\n<!-- \/ Yoast SEO plugin. -->","yoast_head_json":{"title":"Power-to-heat plant enables negative control power - organizer","description":"Alpiq commissions its first power-to-heat plant in Niederg\u00f6sgen and can now offer negative balancing power on the energy markets.","robots":{"index":"index","follow":"follow","max-snippet":"max-snippet:-1","max-image-preview":"max-image-preview:large","max-video-preview":"max-video-preview:-1"},"canonical":"https:\/\/www.organisator.ch\/en\/sustainability\/2017-04-19\/power-to-heat-anlage-ermoeglicht-negative-regelleistung\/","og_locale":"en_US","og_type":"article","og_title":"Power-to-Heat-Anlage erm\u00f6glicht negative Regelleistung - Organisator","og_description":"Alpiq nimmt in Niederg\u00f6sgen ihre erste Power-to-Heat-Anlage in Betrieb und kann damit neu negative Regelleistung auf den Energiem\u00e4rkten anbieten.","og_url":"https:\/\/www.organisator.ch\/en\/sustainability\/2017-04-19\/power-to-heat-anlage-ermoeglicht-negative-regelleistung\/","og_site_name":"Organisator","article_publisher":"https:\/\/www.facebook.com\/OrganisatorFachmagazin","article_published_time":"2017-04-19T08:44:03+00:00","article_modified_time":"2022-02-09T10:06:20+00:00","og_image":[{"width":700,"height":500,"url":"https:\/\/www.organisator.ch\/wp-content\/uploads\/2017\/04\/Power-to-Heat_Alpiq.jpg","type":"image\/jpeg"}],"author":"admin","twitter_card":"summary_large_image","schema":{"@context":"https:\/\/schema.org","@graph":[{"@type":"Article","@id":"https:\/\/www.organisator.ch\/sustainability\/2017-04-19\/power-to-heat-anlage-ermoeglicht-negative-regelleistung\/#article","isPartOf":{"@id":"https:\/\/www.organisator.ch\/sustainability\/2017-04-19\/power-to-heat-anlage-ermoeglicht-negative-regelleistung\/"},"author":{"name":"admin","@id":"https:\/\/www.organisator.ch\/#\/schema\/person\/aa2bace6c5c5aad60102004a50c4eb1c"},"headline":"Power-to-Heat-Anlage erm\u00f6glicht negative Regelleistung","datePublished":"2017-04-19T08:44:03+00:00","dateModified":"2022-02-09T10:06:20+00:00","mainEntityOfPage":{"@id":"https:\/\/www.organisator.ch\/sustainability\/2017-04-19\/power-to-heat-anlage-ermoeglicht-negative-regelleistung\/"},"wordCount":286,"commentCount":0,"publisher":{"@id":"https:\/\/www.organisator.ch\/#organization"},"image":{"@id":"https:\/\/www.organisator.ch\/sustainability\/2017-04-19\/power-to-heat-anlage-ermoeglicht-negative-regelleistung\/#primaryimage"},"thumbnailUrl":"https:\/\/www.organisator.ch\/wp-content\/uploads\/2017\/04\/Power-to-Heat_Alpiq.jpg","keywords":["Alpiq","ENERGIE","Power-to-Heat","Regelenergie"],"articleSection":["SUSTAINABILITY"],"inLanguage":"en-US"},{"@type":"WebPage","@id":"https:\/\/www.organisator.ch\/sustainability\/2017-04-19\/power-to-heat-anlage-ermoeglicht-negative-regelleistung\/","url":"https:\/\/www.organisator.ch\/sustainability\/2017-04-19\/power-to-heat-anlage-ermoeglicht-negative-regelleistung\/","name":"Power-to-heat plant enables negative control power - organizer","isPartOf":{"@id":"https:\/\/www.organisator.ch\/#website"},"primaryImageOfPage":{"@id":"https:\/\/www.organisator.ch\/sustainability\/2017-04-19\/power-to-heat-anlage-ermoeglicht-negative-regelleistung\/#primaryimage"},"image":{"@id":"https:\/\/www.organisator.ch\/sustainability\/2017-04-19\/power-to-heat-anlage-ermoeglicht-negative-regelleistung\/#primaryimage"},"thumbnailUrl":"https:\/\/www.organisator.ch\/wp-content\/uploads\/2017\/04\/Power-to-Heat_Alpiq.jpg","datePublished":"2017-04-19T08:44:03+00:00","dateModified":"2022-02-09T10:06:20+00:00","description":"Alpiq commissions its first power-to-heat plant in Niederg\u00f6sgen and can now offer negative balancing power on the energy markets.","breadcrumb":{"@id":"https:\/\/www.organisator.ch\/sustainability\/2017-04-19\/power-to-heat-anlage-ermoeglicht-negative-regelleistung\/#breadcrumb"},"inLanguage":"en-US","potentialAction":[{"@type":"ReadAction","target":["https:\/\/www.organisator.ch\/sustainability\/2017-04-19\/power-to-heat-anlage-ermoeglicht-negative-regelleistung\/"]}]},{"@type":"ImageObject","inLanguage":"en-US","@id":"https:\/\/www.organisator.ch\/sustainability\/2017-04-19\/power-to-heat-anlage-ermoeglicht-negative-regelleistung\/#primaryimage","url":"https:\/\/www.organisator.ch\/wp-content\/uploads\/2017\/04\/Power-to-Heat_Alpiq.jpg","contentUrl":"https:\/\/www.organisator.ch\/wp-content\/uploads\/2017\/04\/Power-to-Heat_Alpiq.jpg","width":700,"height":500,"caption":"Die Dampferzeugung erfolgt im Kesselhaus durch zwei Elektrodenboiler mit je 11 MW Leistung. (Foto: Alpiq)"},{"@type":"BreadcrumbList","@id":"https:\/\/www.organisator.ch\/sustainability\/2017-04-19\/power-to-heat-anlage-ermoeglicht-negative-regelleistung\/#breadcrumb","itemListElement":[{"@type":"ListItem","position":1,"name":"Home","item":"https:\/\/www.organisator.ch\/"},{"@type":"ListItem","position":2,"name":"Power-to-Heat-Anlage erm\u00f6glicht negative Regelleistung"}]},{"@type":"WebSite","@id":"https:\/\/www.organisator.ch\/#website","url":"https:\/\/www.organisator.ch\/","name":"Organizer","description":"Competent. Practical. In 10 issues per year, ORGANISATOR presents the essential topics for managers of SMEs.","publisher":{"@id":"https:\/\/www.organisator.ch\/#organization"},"potentialAction":[{"@type":"SearchAction","target":{"@type":"EntryPoint","urlTemplate":"https:\/\/www.organisator.ch\/?s={search_term_string}"},"query-input":{"@type":"PropertyValueSpecification","valueRequired":true,"valueName":"search_term_string"}}],"inLanguage":"en-US"},{"@type":"Organization","@id":"https:\/\/www.organisator.ch\/#organization","name":"Organizer","url":"https:\/\/www.organisator.ch\/","logo":{"@type":"ImageObject","inLanguage":"en-US","@id":"https:\/\/www.organisator.ch\/#\/schema\/logo\/image\/","url":"https:\/\/www.organisator.ch\/wp-content\/uploads\/2022\/01\/Logo_Organisator_Website.png","contentUrl":"https:\/\/www.organisator.ch\/wp-content\/uploads\/2022\/01\/Logo_Organisator_Website.png","width":800,"height":77,"caption":"Organisator"},"image":{"@id":"https:\/\/www.organisator.ch\/#\/schema\/logo\/image\/"},"sameAs":["https:\/\/www.facebook.com\/OrganisatorFachmagazin","https:\/\/www.linkedin.com\/showcase\/organisator-das-magazin-fr-kmu","https:\/\/www.xing.com\/news\/pages\/organisator-ch-695","https:\/\/www.youtube.com\/channel\/UCGP2Sq0iWaZwT3BdIAQFYpw"]},{"@type":"Person","@id":"https:\/\/www.organisator.ch\/#\/schema\/person\/aa2bace6c5c5aad60102004a50c4eb1c","name":"admin","image":{"@type":"ImageObject","inLanguage":"en-US","@id":"https:\/\/secure.gravatar.com\/avatar\/ae2f4d718e6c49043e314ce431e7e645d646302a24a5ef5a8bc8e3f5a032e319?s=96&d=mm&r=g","url":"https:\/\/secure.gravatar.com\/avatar\/ae2f4d718e6c49043e314ce431e7e645d646302a24a5ef5a8bc8e3f5a032e319?s=96&d=mm&r=g","contentUrl":"https:\/\/secure.gravatar.com\/avatar\/ae2f4d718e6c49043e314ce431e7e645d646302a24a5ef5a8bc8e3f5a032e319?s=96&d=mm&r=g","caption":"admin"},"sameAs":["https:\/\/www.organisator.ch"],"url":"https:\/\/www.organisator.ch\/en\/author\/admin\/"}]}},"_links":{"self":[{"href":"https:\/\/www.organisator.ch\/en\/wp-json\/wp\/v2\/posts\/950","targetHints":{"allow":["GET"]}}],"collection":[{"href":"https:\/\/www.organisator.ch\/en\/wp-json\/wp\/v2\/posts"}],"about":[{"href":"https:\/\/www.organisator.ch\/en\/wp-json\/wp\/v2\/types\/post"}],"author":[{"embeddable":true,"href":"https:\/\/www.organisator.ch\/en\/wp-json\/wp\/v2\/users\/1"}],"replies":[{"embeddable":true,"href":"https:\/\/www.organisator.ch\/en\/wp-json\/wp\/v2\/comments?post=950"}],"version-history":[{"count":1,"href":"https:\/\/www.organisator.ch\/en\/wp-json\/wp\/v2\/posts\/950\/revisions"}],"predecessor-version":[{"id":10585,"href":"https:\/\/www.organisator.ch\/en\/wp-json\/wp\/v2\/posts\/950\/revisions\/10585"}],"wp:featuredmedia":[{"embeddable":true,"href":"https:\/\/www.organisator.ch\/en\/wp-json\/wp\/v2\/media\/9489"}],"wp:attachment":[{"href":"https:\/\/www.organisator.ch\/en\/wp-json\/wp\/v2\/media?parent=950"}],"wp:term":[{"taxonomy":"category","embeddable":true,"href":"https:\/\/www.organisator.ch\/en\/wp-json\/wp\/v2\/categories?post=950"},{"taxonomy":"post_tag","embeddable":true,"href":"https:\/\/www.organisator.ch\/en\/wp-json\/wp\/v2\/tags?post=950"}],"curies":[{"name":"wp","href":"https:\/\/api.w.org\/{rel}","templated":true}]}}