{"id":954,"date":"2017-04-21T10:26:24","date_gmt":"2017-04-21T08:26:24","guid":{"rendered":"https:\/\/www.umweltperspektiven.ch\/?p=954"},"modified":"2022-02-09T11:06:20","modified_gmt":"2022-02-09T10:06:20","slug":"stromverbrauch-trotz-kalten-winters-stabil","status":"publish","type":"post","link":"https:\/\/www.organisator.ch\/en\/sustainability\/2017-04-21\/stromverbrauch-trotz-kalten-winters-stabil\/","title":{"rendered":"Electricity consumption stable despite cold winter"},"content":{"rendered":"<figure id=\"attachment_955\" aria-describedby=\"caption-attachment-955\" style=\"width: 680px\" class=\"wp-caption alignnone\"><img loading=\"lazy\" decoding=\"async\" class=\"size-medium wp-image-955\" src=\"\/\/www.umweltperspektiven.ch\/wp-content\/uploads\/2017\/04\/Depositphotos_58084599_l-2015.jpg\" alt=\"\" width=\"680\" height=\"510\" srcset=\"https:\/\/www.organisator.ch\/wp-content\/uploads\/2017\/04\/Depositphotos_58084599_l-2015.jpg 2000w, https:\/\/www.organisator.ch\/wp-content\/uploads\/2017\/04\/Depositphotos_58084599_l-2015-680x510.jpg 680w, https:\/\/www.organisator.ch\/wp-content\/uploads\/2017\/04\/Depositphotos_58084599_l-2015-1024x768.jpg 1024w, https:\/\/www.organisator.ch\/wp-content\/uploads\/2017\/04\/Depositphotos_58084599_l-2015-768x576.jpg 768w, https:\/\/www.organisator.ch\/wp-content\/uploads\/2017\/04\/Depositphotos_58084599_l-2015-1536x1152.jpg 1536w, https:\/\/www.organisator.ch\/wp-content\/uploads\/2017\/04\/Depositphotos_58084599_l-2015-16x12.jpg 16w, https:\/\/www.organisator.ch\/wp-content\/uploads\/2017\/04\/Depositphotos_58084599_l-2015-233x175.jpg 233w, https:\/\/www.organisator.ch\/wp-content\/uploads\/2017\/04\/Depositphotos_58084599_l-2015-467x350.jpg 467w, https:\/\/www.organisator.ch\/wp-content\/uploads\/2017\/04\/Depositphotos_58084599_l-2015-1067x800.jpg 1067w, https:\/\/www.organisator.ch\/wp-content\/uploads\/2017\/04\/Depositphotos_58084599_l-2015-920x690.jpg 920w, https:\/\/www.organisator.ch\/wp-content\/uploads\/2017\/04\/Depositphotos_58084599_l-2015-1400x1050.jpg 1400w, https:\/\/www.organisator.ch\/wp-content\/uploads\/2017\/04\/Depositphotos_58084599_l-2015-1867x1400.jpg 1867w, https:\/\/www.organisator.ch\/wp-content\/uploads\/2017\/04\/Depositphotos_58084599_l-2015-300x225.jpg 300w\" sizes=\"auto, (max-width: 680px) 100vw, 680px\" \/><figcaption id=\"caption-attachment-955\" class=\"wp-caption-text\">Dam in the Verzasca Valley: hydropower production decreased by 8% in 2016.<\/figcaption><\/figure>\n<p class=\"webLead\">The national consumption of electricity in Switzerland was 62.6 billion kWh in 2016. After deducting transmission and distribution losses of 4.4 billion kWh, electricity consumption was 58.239 billion kWh. This is 0.01% or 7 million kWh less than in 2015 (58.246 billion kWh). Year-on-year changes were -1.2% in the first, +1.0% in the second, -2.8% in the third and +2.8% in the fourth quarter of 2016.<\/p>\n<div id=\"xmlWrapper\">\n<p>Although important influencing factors (see below) had the effect of increasing consumption, electricity consumption in Switzerland remained stable because these were offset by efficiency improvements:<\/p>\n<ul>\n<li>Economic development: Gross domestic product (GDP) increased by 1.3% in 2016 according to the first provisional results (source: State Secretariat for Economic Affairs, SECO).<\/li>\n<li>Population development: The population of Switzerland increased by 1.1% in 2016, according to the provisional results of the Swiss Federal Statistical Office (SFSO) of April 6, 2017.<\/li>\n<li>Weather: In 2016, heating degree days increased by 6.7% compared to the previous year (see table in the appendix). Since in Switzerland around 10% of electricity consumption is used for heating, this development has a slightly consumption-increasing effect.<\/li>\n<\/ul>\n<p>The annual ex-post analyses of energy consumption will be able to provide further information on the determinants of electricity consumption development (publication in October 2017).<\/p>\n<p><strong>Domestic electricity production 2016<\/strong><\/p>\n<p>Electricity production (national generation) decreased by 6.6% to 61.6 billion kWh in 2016 (2015: 66.0 billion kWh). After deducting the consumption of storage pumps of 2.9 billion kWh, the net generation was 58.7 billion kWh. In the third quarter, the country's generation was higher than the previous year (+0.7%), but in the first (-10.6%), second (-1.3%) and fourth quarters (-16.4%) it was lower than the corresponding figures for the previous year.<\/p>\n<p>The hydropower plants (run-of-river and storage power plants) produced 8.0% less electricity than in the previous year (run-of-river power plants - 0.1%, storage power plants - 13.7%). In summer 2016, the production of hydropower plants decreased by 2.4% compared to the previous year (run-of-river plants + 1.4%, storage power plants - 6.2%), in the two winter quarters by 15.4% (run-of-river plants - 3.2% resp. storage power plants - 21.2%).<\/p>\n<p>Electricity production by Swiss nuclear power plants fell by 8.4% to 20.2 billion kWh (2015: 22.1 billion kWh). Despite the production record of the G\u00f6sgen nuclear power plant, this is mainly due to extraordinary outages of the Beznau I nuclear power plant (all year) and the Leibstadt nuclear power plant (September to December). In 2016, the availability of the Swiss nuclear power plant fleet was 69.4% (2015: 76.0%).<\/p>\n<p>Hydroelectric plants accounted for 59.0%, nuclear plants for 32.8%, and conventional-thermal and renewable plants for 8.2% of the total electricity production.<\/p>\n<p><strong>Import surplus in 2016<\/strong><\/p>\n<p>With imports of 38.0 billion kWh and exports of 34.1 billion kWh, there was an import surplus of 3.9 billion kWh in 2016 (2015: export surplus of 1.0 billion kWh). In the first and fourth quarters (winter quarters), Switzerland imported a net 8.2 billion kWh (2015: 3.3 billion kWh), while in the second and third quarters it exported a net 4.3 billion kWh, as in the previous year.<\/p>\n<p>Revenue from electricity exports amounted to 1,387 million Swiss francs (4.09 Rp.\/kWh). Expenditure on imports amounted to CHF 1,532 million (4.04 cents per kWh). As a result, Switzerland recorded a negative foreign trade balance of CHF 145 million for the first time in 2016 (2015: positive foreign trade balance of CHF 234 million).<\/p>\n<\/div>\n<p>Source: SFOE<\/p>","protected":false},"excerpt":{"rendered":"<p>Der Landesverbrauch von Strom lag in der Schweiz 2016 bei 62,6 Mrd. kWh. Nach Abzug der \u00dcbertragungs- und Verteilverluste von 4,4 Mrd. kWh ergibt sich ein Stromverbrauch von 58,239 Mrd. kWh. Das sind 0,01% oder 7 Millionen kWh weniger als 2015 (58,246 Mrd. kWh). Die Ver\u00e4nderungen gegen\u00fcber dem Vorjahr betrugen -1,2% im ersten, +1,0% im [&hellip;]<\/p>\n","protected":false},"author":1,"featured_media":955,"comment_status":"open","ping_status":"open","sticky":false,"template":"","format":"standard","meta":{"_acf_changed":false,"_yoast_wpseo_focuskw":"Stromverbrauch","_yoast_wpseo_metadesc":"Mehr Heiztage, Bev\u00f6lkerungswachstum und Wirtschaftswachstum: Trotzdem blieb der Stromverbrauch in der Schweiz im Jahr 2016 gegen\u00fcber dem Vorjahr stabil .","articlekey":"","footnotes":""},"categories":[580],"tags":[807,1091,452,2225],"class_list":["post-954","post","type-post","status-publish","format-standard","has-post-thumbnail","hentry","category-sustainability","tag-bfe","tag-energieverbrauch","tag-statistik","tag-stromverbrauch"],"acf":[],"yoast_head":"<!-- This site is optimized with the Yoast SEO plugin v27.5 - https:\/\/yoast.com\/product\/yoast-seo-wordpress\/ -->\n<title>Stromverbrauch trotz kalten Winters stabil - Organisator<\/title>\n<meta name=\"description\" content=\"Mehr Heiztage, Bev\u00f6lkerungswachstum und Wirtschaftswachstum: Trotzdem blieb der Stromverbrauch in der Schweiz im Jahr 2016 gegen\u00fcber dem Vorjahr stabil .\" \/>\n<meta name=\"robots\" content=\"index, follow, max-snippet:-1, max-image-preview:large, max-video-preview:-1\" \/>\n<link rel=\"canonical\" href=\"https:\/\/www.organisator.ch\/en\/sustainability\/2017-04-21\/stromverbrauch-trotz-kalten-winters-stabil\/\" \/>\n<meta property=\"og:locale\" content=\"en_US\" \/>\n<meta property=\"og:type\" content=\"article\" \/>\n<meta property=\"og:title\" content=\"Stromverbrauch trotz kalten Winters stabil - Organisator\" \/>\n<meta property=\"og:description\" content=\"Mehr Heiztage, Bev\u00f6lkerungswachstum und Wirtschaftswachstum: Trotzdem blieb der Stromverbrauch in der Schweiz im Jahr 2016 gegen\u00fcber dem Vorjahr stabil .\" \/>\n<meta property=\"og:url\" content=\"https:\/\/www.organisator.ch\/en\/sustainability\/2017-04-21\/stromverbrauch-trotz-kalten-winters-stabil\/\" \/>\n<meta property=\"og:site_name\" content=\"Organisator\" \/>\n<meta property=\"article:publisher\" content=\"https:\/\/www.facebook.com\/OrganisatorFachmagazin\" \/>\n<meta property=\"article:published_time\" content=\"2017-04-21T08:26:24+00:00\" \/>\n<meta property=\"article:modified_time\" content=\"2022-02-09T10:06:20+00:00\" \/>\n<meta property=\"og:image\" content=\"https:\/\/www.organisator.ch\/wp-content\/uploads\/2017\/04\/Depositphotos_58084599_l-2015-1024x768.jpg\" \/>\n\t<meta property=\"og:image:width\" content=\"1024\" \/>\n\t<meta property=\"og:image:height\" content=\"768\" \/>\n\t<meta property=\"og:image:type\" content=\"image\/jpeg\" \/>\n<meta name=\"author\" content=\"admin\" \/>\n<meta name=\"twitter:card\" content=\"summary_large_image\" \/>\n<script type=\"application\/ld+json\" class=\"yoast-schema-graph\">{\"@context\":\"https:\\\/\\\/schema.org\",\"@graph\":[{\"@type\":\"Article\",\"@id\":\"https:\\\/\\\/www.organisator.ch\\\/sustainability\\\/2017-04-21\\\/stromverbrauch-trotz-kalten-winters-stabil\\\/#article\",\"isPartOf\":{\"@id\":\"https:\\\/\\\/www.organisator.ch\\\/sustainability\\\/2017-04-21\\\/stromverbrauch-trotz-kalten-winters-stabil\\\/\"},\"author\":{\"name\":\"admin\",\"@id\":\"https:\\\/\\\/www.organisator.ch\\\/#\\\/schema\\\/person\\\/aa2bace6c5c5aad60102004a50c4eb1c\"},\"headline\":\"Stromverbrauch trotz kalten Winters stabil\",\"datePublished\":\"2017-04-21T08:26:24+00:00\",\"dateModified\":\"2022-02-09T10:06:20+00:00\",\"mainEntityOfPage\":{\"@id\":\"https:\\\/\\\/www.organisator.ch\\\/sustainability\\\/2017-04-21\\\/stromverbrauch-trotz-kalten-winters-stabil\\\/\"},\"wordCount\":461,\"commentCount\":0,\"publisher\":{\"@id\":\"https:\\\/\\\/www.organisator.ch\\\/#organization\"},\"image\":{\"@id\":\"https:\\\/\\\/www.organisator.ch\\\/sustainability\\\/2017-04-21\\\/stromverbrauch-trotz-kalten-winters-stabil\\\/#primaryimage\"},\"thumbnailUrl\":\"https:\\\/\\\/www.organisator.ch\\\/wp-content\\\/uploads\\\/2017\\\/04\\\/Depositphotos_58084599_l-2015.jpg\",\"keywords\":[\"BFE\",\"Energieverbrauch\",\"Statistik\",\"Stromverbrauch\"],\"articleSection\":[\"SUSTAINABILITY\"],\"inLanguage\":\"en-US\"},{\"@type\":\"WebPage\",\"@id\":\"https:\\\/\\\/www.organisator.ch\\\/sustainability\\\/2017-04-21\\\/stromverbrauch-trotz-kalten-winters-stabil\\\/\",\"url\":\"https:\\\/\\\/www.organisator.ch\\\/sustainability\\\/2017-04-21\\\/stromverbrauch-trotz-kalten-winters-stabil\\\/\",\"name\":\"Stromverbrauch trotz kalten Winters stabil - Organisator\",\"isPartOf\":{\"@id\":\"https:\\\/\\\/www.organisator.ch\\\/#website\"},\"primaryImageOfPage\":{\"@id\":\"https:\\\/\\\/www.organisator.ch\\\/sustainability\\\/2017-04-21\\\/stromverbrauch-trotz-kalten-winters-stabil\\\/#primaryimage\"},\"image\":{\"@id\":\"https:\\\/\\\/www.organisator.ch\\\/sustainability\\\/2017-04-21\\\/stromverbrauch-trotz-kalten-winters-stabil\\\/#primaryimage\"},\"thumbnailUrl\":\"https:\\\/\\\/www.organisator.ch\\\/wp-content\\\/uploads\\\/2017\\\/04\\\/Depositphotos_58084599_l-2015.jpg\",\"datePublished\":\"2017-04-21T08:26:24+00:00\",\"dateModified\":\"2022-02-09T10:06:20+00:00\",\"description\":\"Mehr Heiztage, Bev\u00f6lkerungswachstum und Wirtschaftswachstum: Trotzdem blieb der Stromverbrauch in der Schweiz im Jahr 2016 gegen\u00fcber dem Vorjahr stabil .\",\"breadcrumb\":{\"@id\":\"https:\\\/\\\/www.organisator.ch\\\/sustainability\\\/2017-04-21\\\/stromverbrauch-trotz-kalten-winters-stabil\\\/#breadcrumb\"},\"inLanguage\":\"en-US\",\"potentialAction\":[{\"@type\":\"ReadAction\",\"target\":[\"https:\\\/\\\/www.organisator.ch\\\/sustainability\\\/2017-04-21\\\/stromverbrauch-trotz-kalten-winters-stabil\\\/\"]}]},{\"@type\":\"ImageObject\",\"inLanguage\":\"en-US\",\"@id\":\"https:\\\/\\\/www.organisator.ch\\\/sustainability\\\/2017-04-21\\\/stromverbrauch-trotz-kalten-winters-stabil\\\/#primaryimage\",\"url\":\"https:\\\/\\\/www.organisator.ch\\\/wp-content\\\/uploads\\\/2017\\\/04\\\/Depositphotos_58084599_l-2015.jpg\",\"contentUrl\":\"https:\\\/\\\/www.organisator.ch\\\/wp-content\\\/uploads\\\/2017\\\/04\\\/Depositphotos_58084599_l-2015.jpg\",\"width\":2000,\"height\":1500,\"caption\":\"Staudamm im Verzasca-Tal: Die Wasserkraftproduktion hat 2016 um 8% abgenommen.\"},{\"@type\":\"BreadcrumbList\",\"@id\":\"https:\\\/\\\/www.organisator.ch\\\/sustainability\\\/2017-04-21\\\/stromverbrauch-trotz-kalten-winters-stabil\\\/#breadcrumb\",\"itemListElement\":[{\"@type\":\"ListItem\",\"position\":1,\"name\":\"Home\",\"item\":\"https:\\\/\\\/www.organisator.ch\\\/\"},{\"@type\":\"ListItem\",\"position\":2,\"name\":\"Stromverbrauch trotz kalten Winters stabil\"}]},{\"@type\":\"WebSite\",\"@id\":\"https:\\\/\\\/www.organisator.ch\\\/#website\",\"url\":\"https:\\\/\\\/www.organisator.ch\\\/\",\"name\":\"Organisator\",\"description\":\"Kompetent. Praxisnah. Der ORGANISATOR bereitet in 10 Ausgaben pro Jahr die wesentlichen Themen f\u00fcr F\u00fchrungskr\u00e4fte von KMU auf.\",\"publisher\":{\"@id\":\"https:\\\/\\\/www.organisator.ch\\\/#organization\"},\"potentialAction\":[{\"@type\":\"SearchAction\",\"target\":{\"@type\":\"EntryPoint\",\"urlTemplate\":\"https:\\\/\\\/www.organisator.ch\\\/?s={search_term_string}\"},\"query-input\":{\"@type\":\"PropertyValueSpecification\",\"valueRequired\":true,\"valueName\":\"search_term_string\"}}],\"inLanguage\":\"en-US\"},{\"@type\":\"Organization\",\"@id\":\"https:\\\/\\\/www.organisator.ch\\\/#organization\",\"name\":\"Organisator\",\"url\":\"https:\\\/\\\/www.organisator.ch\\\/\",\"logo\":{\"@type\":\"ImageObject\",\"inLanguage\":\"en-US\",\"@id\":\"https:\\\/\\\/www.organisator.ch\\\/#\\\/schema\\\/logo\\\/image\\\/\",\"url\":\"https:\\\/\\\/www.organisator.ch\\\/wp-content\\\/uploads\\\/2022\\\/01\\\/Logo_Organisator_Website.png\",\"contentUrl\":\"https:\\\/\\\/www.organisator.ch\\\/wp-content\\\/uploads\\\/2022\\\/01\\\/Logo_Organisator_Website.png\",\"width\":800,\"height\":77,\"caption\":\"Organisator\"},\"image\":{\"@id\":\"https:\\\/\\\/www.organisator.ch\\\/#\\\/schema\\\/logo\\\/image\\\/\"},\"sameAs\":[\"https:\\\/\\\/www.facebook.com\\\/OrganisatorFachmagazin\",\"https:\\\/\\\/www.linkedin.com\\\/showcase\\\/organisator-das-magazin-fr-kmu\",\"https:\\\/\\\/www.xing.com\\\/news\\\/pages\\\/organisator-ch-695\",\"https:\\\/\\\/www.youtube.com\\\/channel\\\/UCGP2Sq0iWaZwT3BdIAQFYpw\"]},{\"@type\":\"Person\",\"@id\":\"https:\\\/\\\/www.organisator.ch\\\/#\\\/schema\\\/person\\\/aa2bace6c5c5aad60102004a50c4eb1c\",\"name\":\"admin\",\"image\":{\"@type\":\"ImageObject\",\"inLanguage\":\"en-US\",\"@id\":\"https:\\\/\\\/secure.gravatar.com\\\/avatar\\\/ae2f4d718e6c49043e314ce431e7e645d646302a24a5ef5a8bc8e3f5a032e319?s=96&d=mm&r=g\",\"url\":\"https:\\\/\\\/secure.gravatar.com\\\/avatar\\\/ae2f4d718e6c49043e314ce431e7e645d646302a24a5ef5a8bc8e3f5a032e319?s=96&d=mm&r=g\",\"contentUrl\":\"https:\\\/\\\/secure.gravatar.com\\\/avatar\\\/ae2f4d718e6c49043e314ce431e7e645d646302a24a5ef5a8bc8e3f5a032e319?s=96&d=mm&r=g\",\"caption\":\"admin\"},\"sameAs\":[\"https:\\\/\\\/www.organisator.ch\"],\"url\":\"https:\\\/\\\/www.organisator.ch\\\/en\\\/author\\\/admin\\\/\"}]}<\/script>\n<!-- \/ Yoast SEO plugin. -->","yoast_head_json":{"title":"Power consumption stable despite cold winter - organizer","description":"More heating days, population growth and economic growth: Nevertheless, electricity consumption in Switzerland remained stable in 2016 compared to the previous year .","robots":{"index":"index","follow":"follow","max-snippet":"max-snippet:-1","max-image-preview":"max-image-preview:large","max-video-preview":"max-video-preview:-1"},"canonical":"https:\/\/www.organisator.ch\/en\/sustainability\/2017-04-21\/stromverbrauch-trotz-kalten-winters-stabil\/","og_locale":"en_US","og_type":"article","og_title":"Stromverbrauch trotz kalten Winters stabil - Organisator","og_description":"Mehr Heiztage, Bev\u00f6lkerungswachstum und Wirtschaftswachstum: Trotzdem blieb der Stromverbrauch in der Schweiz im Jahr 2016 gegen\u00fcber dem Vorjahr stabil .","og_url":"https:\/\/www.organisator.ch\/en\/sustainability\/2017-04-21\/stromverbrauch-trotz-kalten-winters-stabil\/","og_site_name":"Organisator","article_publisher":"https:\/\/www.facebook.com\/OrganisatorFachmagazin","article_published_time":"2017-04-21T08:26:24+00:00","article_modified_time":"2022-02-09T10:06:20+00:00","og_image":[{"width":1024,"height":768,"url":"https:\/\/www.organisator.ch\/wp-content\/uploads\/2017\/04\/Depositphotos_58084599_l-2015-1024x768.jpg","type":"image\/jpeg"}],"author":"admin","twitter_card":"summary_large_image","schema":{"@context":"https:\/\/schema.org","@graph":[{"@type":"Article","@id":"https:\/\/www.organisator.ch\/sustainability\/2017-04-21\/stromverbrauch-trotz-kalten-winters-stabil\/#article","isPartOf":{"@id":"https:\/\/www.organisator.ch\/sustainability\/2017-04-21\/stromverbrauch-trotz-kalten-winters-stabil\/"},"author":{"name":"admin","@id":"https:\/\/www.organisator.ch\/#\/schema\/person\/aa2bace6c5c5aad60102004a50c4eb1c"},"headline":"Stromverbrauch trotz kalten Winters stabil","datePublished":"2017-04-21T08:26:24+00:00","dateModified":"2022-02-09T10:06:20+00:00","mainEntityOfPage":{"@id":"https:\/\/www.organisator.ch\/sustainability\/2017-04-21\/stromverbrauch-trotz-kalten-winters-stabil\/"},"wordCount":461,"commentCount":0,"publisher":{"@id":"https:\/\/www.organisator.ch\/#organization"},"image":{"@id":"https:\/\/www.organisator.ch\/sustainability\/2017-04-21\/stromverbrauch-trotz-kalten-winters-stabil\/#primaryimage"},"thumbnailUrl":"https:\/\/www.organisator.ch\/wp-content\/uploads\/2017\/04\/Depositphotos_58084599_l-2015.jpg","keywords":["BFE","Energieverbrauch","Statistik","Stromverbrauch"],"articleSection":["SUSTAINABILITY"],"inLanguage":"en-US"},{"@type":"WebPage","@id":"https:\/\/www.organisator.ch\/sustainability\/2017-04-21\/stromverbrauch-trotz-kalten-winters-stabil\/","url":"https:\/\/www.organisator.ch\/sustainability\/2017-04-21\/stromverbrauch-trotz-kalten-winters-stabil\/","name":"Power consumption stable despite cold winter - organizer","isPartOf":{"@id":"https:\/\/www.organisator.ch\/#website"},"primaryImageOfPage":{"@id":"https:\/\/www.organisator.ch\/sustainability\/2017-04-21\/stromverbrauch-trotz-kalten-winters-stabil\/#primaryimage"},"image":{"@id":"https:\/\/www.organisator.ch\/sustainability\/2017-04-21\/stromverbrauch-trotz-kalten-winters-stabil\/#primaryimage"},"thumbnailUrl":"https:\/\/www.organisator.ch\/wp-content\/uploads\/2017\/04\/Depositphotos_58084599_l-2015.jpg","datePublished":"2017-04-21T08:26:24+00:00","dateModified":"2022-02-09T10:06:20+00:00","description":"More heating days, population growth and economic growth: Nevertheless, electricity consumption in Switzerland remained stable in 2016 compared to the previous year .","breadcrumb":{"@id":"https:\/\/www.organisator.ch\/sustainability\/2017-04-21\/stromverbrauch-trotz-kalten-winters-stabil\/#breadcrumb"},"inLanguage":"en-US","potentialAction":[{"@type":"ReadAction","target":["https:\/\/www.organisator.ch\/sustainability\/2017-04-21\/stromverbrauch-trotz-kalten-winters-stabil\/"]}]},{"@type":"ImageObject","inLanguage":"en-US","@id":"https:\/\/www.organisator.ch\/sustainability\/2017-04-21\/stromverbrauch-trotz-kalten-winters-stabil\/#primaryimage","url":"https:\/\/www.organisator.ch\/wp-content\/uploads\/2017\/04\/Depositphotos_58084599_l-2015.jpg","contentUrl":"https:\/\/www.organisator.ch\/wp-content\/uploads\/2017\/04\/Depositphotos_58084599_l-2015.jpg","width":2000,"height":1500,"caption":"Staudamm im Verzasca-Tal: Die Wasserkraftproduktion hat 2016 um 8% abgenommen."},{"@type":"BreadcrumbList","@id":"https:\/\/www.organisator.ch\/sustainability\/2017-04-21\/stromverbrauch-trotz-kalten-winters-stabil\/#breadcrumb","itemListElement":[{"@type":"ListItem","position":1,"name":"Home","item":"https:\/\/www.organisator.ch\/"},{"@type":"ListItem","position":2,"name":"Stromverbrauch trotz kalten Winters stabil"}]},{"@type":"WebSite","@id":"https:\/\/www.organisator.ch\/#website","url":"https:\/\/www.organisator.ch\/","name":"Organizer","description":"Competent. Practical. In 10 issues per year, ORGANISATOR presents the essential topics for managers of SMEs.","publisher":{"@id":"https:\/\/www.organisator.ch\/#organization"},"potentialAction":[{"@type":"SearchAction","target":{"@type":"EntryPoint","urlTemplate":"https:\/\/www.organisator.ch\/?s={search_term_string}"},"query-input":{"@type":"PropertyValueSpecification","valueRequired":true,"valueName":"search_term_string"}}],"inLanguage":"en-US"},{"@type":"Organization","@id":"https:\/\/www.organisator.ch\/#organization","name":"Organizer","url":"https:\/\/www.organisator.ch\/","logo":{"@type":"ImageObject","inLanguage":"en-US","@id":"https:\/\/www.organisator.ch\/#\/schema\/logo\/image\/","url":"https:\/\/www.organisator.ch\/wp-content\/uploads\/2022\/01\/Logo_Organisator_Website.png","contentUrl":"https:\/\/www.organisator.ch\/wp-content\/uploads\/2022\/01\/Logo_Organisator_Website.png","width":800,"height":77,"caption":"Organisator"},"image":{"@id":"https:\/\/www.organisator.ch\/#\/schema\/logo\/image\/"},"sameAs":["https:\/\/www.facebook.com\/OrganisatorFachmagazin","https:\/\/www.linkedin.com\/showcase\/organisator-das-magazin-fr-kmu","https:\/\/www.xing.com\/news\/pages\/organisator-ch-695","https:\/\/www.youtube.com\/channel\/UCGP2Sq0iWaZwT3BdIAQFYpw"]},{"@type":"Person","@id":"https:\/\/www.organisator.ch\/#\/schema\/person\/aa2bace6c5c5aad60102004a50c4eb1c","name":"admin","image":{"@type":"ImageObject","inLanguage":"en-US","@id":"https:\/\/secure.gravatar.com\/avatar\/ae2f4d718e6c49043e314ce431e7e645d646302a24a5ef5a8bc8e3f5a032e319?s=96&d=mm&r=g","url":"https:\/\/secure.gravatar.com\/avatar\/ae2f4d718e6c49043e314ce431e7e645d646302a24a5ef5a8bc8e3f5a032e319?s=96&d=mm&r=g","contentUrl":"https:\/\/secure.gravatar.com\/avatar\/ae2f4d718e6c49043e314ce431e7e645d646302a24a5ef5a8bc8e3f5a032e319?s=96&d=mm&r=g","caption":"admin"},"sameAs":["https:\/\/www.organisator.ch"],"url":"https:\/\/www.organisator.ch\/en\/author\/admin\/"}]}},"_links":{"self":[{"href":"https:\/\/www.organisator.ch\/en\/wp-json\/wp\/v2\/posts\/954","targetHints":{"allow":["GET"]}}],"collection":[{"href":"https:\/\/www.organisator.ch\/en\/wp-json\/wp\/v2\/posts"}],"about":[{"href":"https:\/\/www.organisator.ch\/en\/wp-json\/wp\/v2\/types\/post"}],"author":[{"embeddable":true,"href":"https:\/\/www.organisator.ch\/en\/wp-json\/wp\/v2\/users\/1"}],"replies":[{"embeddable":true,"href":"https:\/\/www.organisator.ch\/en\/wp-json\/wp\/v2\/comments?post=954"}],"version-history":[{"count":1,"href":"https:\/\/www.organisator.ch\/en\/wp-json\/wp\/v2\/posts\/954\/revisions"}],"predecessor-version":[{"id":10584,"href":"https:\/\/www.organisator.ch\/en\/wp-json\/wp\/v2\/posts\/954\/revisions\/10584"}],"wp:featuredmedia":[{"embeddable":true,"href":"https:\/\/www.organisator.ch\/en\/wp-json\/wp\/v2\/media\/955"}],"wp:attachment":[{"href":"https:\/\/www.organisator.ch\/en\/wp-json\/wp\/v2\/media?parent=954"}],"wp:term":[{"taxonomy":"category","embeddable":true,"href":"https:\/\/www.organisator.ch\/en\/wp-json\/wp\/v2\/categories?post=954"},{"taxonomy":"post_tag","embeddable":true,"href":"https:\/\/www.organisator.ch\/en\/wp-json\/wp\/v2\/tags?post=954"}],"curies":[{"name":"wp","href":"https:\/\/api.w.org\/{rel}","templated":true}]}}