{"id":966,"date":"2016-08-26T08:16:26","date_gmt":"2016-08-26T06:16:26","guid":{"rendered":"http:\/\/dev.organisator.ch\/?p=966"},"modified":"2016-08-26T08:16:26","modified_gmt":"2016-08-26T06:16:26","slug":"wenn-mitarbeitende-von-kleinunternehmen-psychische-probleme-haben","status":"publish","type":"post","link":"https:\/\/www.organisator.ch\/en\/human-resources\/fit_im_job\/2016-08-26\/wenn-mitarbeitende-von-kleinunternehmen-psychische-probleme-haben\/","title":{"rendered":"When employees of small businesses have mental health problems"},"content":{"rendered":"<figure id=\"attachment_967\" aria-describedby=\"caption-attachment-967\" style=\"width: 640px\" class=\"wp-caption alignnone\"><img loading=\"lazy\" decoding=\"async\" class=\"size-full wp-image-967\" src=\"https:\/\/www.organisator.ch\/wp-content\/uploads\/2016\/12\/Wenn-Mitarbeitende-von-Kleinunternehmen-psychische-Probleme-haben-organisator.jpg\" alt=\"\" width=\"640\" height=\"275\" srcset=\"https:\/\/www.organisator.ch\/wp-content\/uploads\/2016\/12\/Wenn-Mitarbeitende-von-Kleinunternehmen-psychische-Probleme-haben-organisator.jpg 640w, https:\/\/www.organisator.ch\/wp-content\/uploads\/2016\/12\/Wenn-Mitarbeitende-von-Kleinunternehmen-psychische-Probleme-haben-organisator-16x7.jpg 16w, https:\/\/www.organisator.ch\/wp-content\/uploads\/2016\/12\/Wenn-Mitarbeitende-von-Kleinunternehmen-psychische-Probleme-haben-organisator-375x161.jpg 375w, https:\/\/www.organisator.ch\/wp-content\/uploads\/2016\/12\/Wenn-Mitarbeitende-von-Kleinunternehmen-psychische-Probleme-haben-organisator-300x129.jpg 300w\" sizes=\"auto, (max-width: 640px) 100vw, 640px\" \/><figcaption id=\"caption-attachment-967\" class=\"wp-caption-text\">Scene from the new video of the Artisana association, which draws attention to the issue of mental health problems in small businesses. (Photo: Press service Artisana)<\/figcaption><\/figure>\n<p>Burn-out, exhaustion or excessive demands are often used buzzwords in today's performance-oriented society. In the meantime, a great deal of information, recommendations and basic principles for prevention and occupational health management are available. In small companies, however, resources are often limited, which makes it difficult or even impossible to implement the measures. In 2015, the Artisana association launched a practice-oriented research project with the study \"What's wrong with Max Muster?\" written by the University of Bern and the BASS office, in which the handling of mentally ill employees in small companies was examined. The most important results of the project are now presented in a video trailer.<\/p>\n<p><strong>Max Muster becomes Youtube star<\/strong><\/p>\n<p>Every second person suffers from a mental illness at least once in their adult life. The reasons for this are complex. It can affect anyone and everyone, regardless of occupation and position. In Artisana's new video trailer, the consequences of mental health problems in the workplace are illustrated using three impressive examples. The viewer sees Max Muster suffer, learns what is going on in his head. What his supervisor thinks of the situation also comes up clearly. While things like physical ailments, pain, depression, divorce or financial difficulties make life hell for the employee and make normal work impossible, the supervisor wonders about the sudden changes in his employee. It quickly becomes clear: action is needed here. In the case of all three protagonists, the story has a different outcome because each supervisor dealt with the situation differently. Whether construction, industry or gastronomy: the examples show that the issue affects every industry.<\/p>\n<p><strong>Small businesses at an advantage: close, flexible and versatile<\/strong><\/p>\n<p>With the video, Artisana wants to raise awareness for the important topic and draw attention to the possibilities and opportunities for small businesses. The three case studies in the trailer are based on real-life situations. They show that stress, mental strain and problems are everywhere, even in industries where they are still rarely talked about. It is important that company managers respond to such incidents. The examples also show that small companies do have advantages when it comes to dealing with their employees' problems: They are close to their employees, flexible and can react quickly.<\/p>\n<p><strong>Associations as important ambassadors of this information<\/strong><\/p>\n<p>Industry and trade associations can be important mediators of this message. In addition to distributing the video trailer, the Artisana association is therefore launching a lecture offer for industry and trade associations. Under the title \"Dealing with stress and psychological problems in small businesses\", the results of the study will be presented, case studies will be explained, and the strengths and weaknesses of small businesses will be addressed. Time and place will be determined by the association, the costs will be covered by the Artisana association.<\/p>\n<p><em>Information on the range of presentations for industry and trade associations can be found at: <a href=\"http:\/\/www.artisana.ch\" data-cke-saved-href=\"http:\/\/www.artisana.ch\">www.artisana.ch<\/a><\/em><\/p>\n<p><iframe loading=\"lazy\" title=\"What&#039;s going on with Max Muster?\" width=\"768\" height=\"432\" src=\"https:\/\/www.youtube.com\/embed\/LcgMbdevFIk?feature=oembed\" frameborder=\"0\" allow=\"accelerometer; autoplay; clipboard-write; encrypted-media; gyroscope; picture-in-picture\" allowfullscreen><\/iframe><\/p>\n<p><em>The video trailer shows examples from three industries<\/em><\/p>","protected":false},"excerpt":{"rendered":"<p>Burn-out, Ersch\u00f6pfung oder \u00dcberforderung sind oft gebrauchte Schlagw\u00f6rter in der heutigen Leistungsgesellschaft. Mittlerweile stehen zahlreiche Informationen, Empfehlungen und Grundlagen zur Pr\u00e4vention und zu betrieblichem Gesundheitsmanagement zur Verf\u00fcgung. In Kleinunternehmen sind die Ressourcen jedoch oft begrenzt, was eine Umsetzung der Massnahmen erschwert oder gar verunm\u00f6glicht. Der Verein Artisana hat 2015 mit der von der Universit\u00e4t Bern [&hellip;]<\/p>\n","protected":false},"author":1,"featured_media":967,"comment_status":"open","ping_status":"open","sticky":false,"template":"","format":"standard","meta":{"_acf_changed":false,"_yoast_wpseo_focuskw":"psychische Probleme","_yoast_wpseo_metadesc":"Ein neuer Video-Trailer zeigt authentisch und unkonventionelle Weise, was passieren kann, wenn Mitarbeitende in Kleinunternehmen psychische Probleme haben.","articlekey":"","footnotes":""},"categories":[25],"tags":[77,208,400,496],"class_list":["post-966","post","type-post","status-publish","format-standard","has-post-thumbnail","hentry","category-fit_im_job","tag-betriebliches-gesundheitsmanagement","tag-fit-im-job","tag-psychische-gesundheit","tag-unternehmensfuehrung"],"acf":[],"yoast_head":"<!-- This site is optimized with the Yoast SEO plugin v27.5 - https:\/\/yoast.com\/product\/yoast-seo-wordpress\/ -->\n<title>Wenn Mitarbeitende von Kleinunternehmen psychische Probleme haben - Organisator<\/title>\n<meta name=\"description\" content=\"Ein neuer Video-Trailer zeigt authentisch und unkonventionelle Weise, was passieren kann, wenn Mitarbeitende in Kleinunternehmen psychische Probleme haben.\" \/>\n<meta name=\"robots\" content=\"index, follow, max-snippet:-1, max-image-preview:large, max-video-preview:-1\" \/>\n<link rel=\"canonical\" href=\"https:\/\/www.organisator.ch\/en\/human-resources\/fit_im_job\/2016-08-26\/wenn-mitarbeitende-von-kleinunternehmen-psychische-probleme-haben\/\" \/>\n<meta property=\"og:locale\" content=\"en_US\" \/>\n<meta property=\"og:type\" content=\"article\" \/>\n<meta property=\"og:title\" content=\"Wenn Mitarbeitende von Kleinunternehmen psychische Probleme haben\" \/>\n<meta property=\"og:description\" content=\"Ein neuer Video-Trailer zeigt authentisch und unkonventionelle Weise, was passieren kann, wenn Mitarbeitende in Kleinunternehmen psychische Probleme haben. Der Trailer zeigt zudem, dass gerade kleine Unternehmen hier durchaus schnell und richtig reagieren k\u00f6nnen. Der Verein Artisana, der dieses Video lanciert hat, bietet Branchen- und Gewerbeverb\u00e4nden Vortr\u00e4ge an unter dem Titel \u00abUmgang mit Stress und psychischen Problemen in Kleinunternehmen\u00bb.\" \/>\n<meta property=\"og:url\" content=\"https:\/\/www.organisator.ch\/en\/human-resources\/fit_im_job\/2016-08-26\/wenn-mitarbeitende-von-kleinunternehmen-psychische-probleme-haben\/\" \/>\n<meta property=\"og:site_name\" content=\"Organisator\" \/>\n<meta property=\"article:publisher\" content=\"https:\/\/www.facebook.com\/OrganisatorFachmagazin\" \/>\n<meta property=\"article:published_time\" content=\"2016-08-26T06:16:26+00:00\" \/>\n<meta name=\"author\" content=\"admin\" \/>\n<meta name=\"twitter:card\" content=\"summary_large_image\" \/>\n<meta name=\"twitter:image\" content=\"https:\/\/www.organisator.ch\/wp-content\/uploads\/2016\/12\/Wenn-Mitarbeitende-von-Kleinunternehmen-psychische-Probleme-haben-organisator.jpg\" \/>\n<script type=\"application\/ld+json\" class=\"yoast-schema-graph\">{\"@context\":\"https:\\\/\\\/schema.org\",\"@graph\":[{\"@type\":\"Article\",\"@id\":\"https:\\\/\\\/www.organisator.ch\\\/human-resources\\\/fit_im_job\\\/2016-08-26\\\/wenn-mitarbeitende-von-kleinunternehmen-psychische-probleme-haben\\\/#article\",\"isPartOf\":{\"@id\":\"https:\\\/\\\/www.organisator.ch\\\/human-resources\\\/fit_im_job\\\/2016-08-26\\\/wenn-mitarbeitende-von-kleinunternehmen-psychische-probleme-haben\\\/\"},\"author\":{\"name\":\"admin\",\"@id\":\"https:\\\/\\\/www.organisator.ch\\\/#\\\/schema\\\/person\\\/aa2bace6c5c5aad60102004a50c4eb1c\"},\"headline\":\"Wenn Mitarbeitende von Kleinunternehmen psychische Probleme haben\",\"datePublished\":\"2016-08-26T06:16:26+00:00\",\"mainEntityOfPage\":{\"@id\":\"https:\\\/\\\/www.organisator.ch\\\/human-resources\\\/fit_im_job\\\/2016-08-26\\\/wenn-mitarbeitende-von-kleinunternehmen-psychische-probleme-haben\\\/\"},\"wordCount\":505,\"commentCount\":0,\"publisher\":{\"@id\":\"https:\\\/\\\/www.organisator.ch\\\/#organization\"},\"image\":{\"@id\":\"https:\\\/\\\/www.organisator.ch\\\/human-resources\\\/fit_im_job\\\/2016-08-26\\\/wenn-mitarbeitende-von-kleinunternehmen-psychische-probleme-haben\\\/#primaryimage\"},\"thumbnailUrl\":\"https:\\\/\\\/www.organisator.ch\\\/wp-content\\\/uploads\\\/2016\\\/12\\\/Wenn-Mitarbeitende-von-Kleinunternehmen-psychische-Probleme-haben-organisator.jpg\",\"keywords\":[\"Betriebliches Gesundheitsmanagement\",\"Fit im Job\",\"Psychische Gesundheit\",\"Unternehmensf\u00fchrung\"],\"articleSection\":[\"FIT IM JOB\"],\"inLanguage\":\"en-US\"},{\"@type\":\"WebPage\",\"@id\":\"https:\\\/\\\/www.organisator.ch\\\/human-resources\\\/fit_im_job\\\/2016-08-26\\\/wenn-mitarbeitende-von-kleinunternehmen-psychische-probleme-haben\\\/\",\"url\":\"https:\\\/\\\/www.organisator.ch\\\/human-resources\\\/fit_im_job\\\/2016-08-26\\\/wenn-mitarbeitende-von-kleinunternehmen-psychische-probleme-haben\\\/\",\"name\":\"Wenn Mitarbeitende von Kleinunternehmen psychische Probleme haben - Organisator\",\"isPartOf\":{\"@id\":\"https:\\\/\\\/www.organisator.ch\\\/#website\"},\"primaryImageOfPage\":{\"@id\":\"https:\\\/\\\/www.organisator.ch\\\/human-resources\\\/fit_im_job\\\/2016-08-26\\\/wenn-mitarbeitende-von-kleinunternehmen-psychische-probleme-haben\\\/#primaryimage\"},\"image\":{\"@id\":\"https:\\\/\\\/www.organisator.ch\\\/human-resources\\\/fit_im_job\\\/2016-08-26\\\/wenn-mitarbeitende-von-kleinunternehmen-psychische-probleme-haben\\\/#primaryimage\"},\"thumbnailUrl\":\"https:\\\/\\\/www.organisator.ch\\\/wp-content\\\/uploads\\\/2016\\\/12\\\/Wenn-Mitarbeitende-von-Kleinunternehmen-psychische-Probleme-haben-organisator.jpg\",\"datePublished\":\"2016-08-26T06:16:26+00:00\",\"description\":\"Ein neuer Video-Trailer zeigt authentisch und unkonventionelle Weise, was passieren kann, wenn Mitarbeitende in Kleinunternehmen psychische Probleme haben.\",\"breadcrumb\":{\"@id\":\"https:\\\/\\\/www.organisator.ch\\\/human-resources\\\/fit_im_job\\\/2016-08-26\\\/wenn-mitarbeitende-von-kleinunternehmen-psychische-probleme-haben\\\/#breadcrumb\"},\"inLanguage\":\"en-US\",\"potentialAction\":[{\"@type\":\"ReadAction\",\"target\":[\"https:\\\/\\\/www.organisator.ch\\\/human-resources\\\/fit_im_job\\\/2016-08-26\\\/wenn-mitarbeitende-von-kleinunternehmen-psychische-probleme-haben\\\/\"]}]},{\"@type\":\"ImageObject\",\"inLanguage\":\"en-US\",\"@id\":\"https:\\\/\\\/www.organisator.ch\\\/human-resources\\\/fit_im_job\\\/2016-08-26\\\/wenn-mitarbeitende-von-kleinunternehmen-psychische-probleme-haben\\\/#primaryimage\",\"url\":\"https:\\\/\\\/www.organisator.ch\\\/wp-content\\\/uploads\\\/2016\\\/12\\\/Wenn-Mitarbeitende-von-Kleinunternehmen-psychische-Probleme-haben-organisator.jpg\",\"contentUrl\":\"https:\\\/\\\/www.organisator.ch\\\/wp-content\\\/uploads\\\/2016\\\/12\\\/Wenn-Mitarbeitende-von-Kleinunternehmen-psychische-Probleme-haben-organisator.jpg\",\"width\":640,\"height\":275,\"caption\":\"Szene aus dem neuen Video des Vereins Artisana, mit dem auf das Thema \\\"Psychische Probleme in Kleinunternehmen\\\" aufmerksam gemacht wird. (Foto: Pressedienst Artisana)\"},{\"@type\":\"BreadcrumbList\",\"@id\":\"https:\\\/\\\/www.organisator.ch\\\/human-resources\\\/fit_im_job\\\/2016-08-26\\\/wenn-mitarbeitende-von-kleinunternehmen-psychische-probleme-haben\\\/#breadcrumb\",\"itemListElement\":[{\"@type\":\"ListItem\",\"position\":1,\"name\":\"Home\",\"item\":\"https:\\\/\\\/www.organisator.ch\\\/\"},{\"@type\":\"ListItem\",\"position\":2,\"name\":\"Wenn Mitarbeitende von Kleinunternehmen psychische Probleme haben\"}]},{\"@type\":\"WebSite\",\"@id\":\"https:\\\/\\\/www.organisator.ch\\\/#website\",\"url\":\"https:\\\/\\\/www.organisator.ch\\\/\",\"name\":\"Organisator\",\"description\":\"Kompetent. Praxisnah. Der ORGANISATOR bereitet in 10 Ausgaben pro Jahr die wesentlichen Themen f\u00fcr F\u00fchrungskr\u00e4fte von KMU auf.\",\"publisher\":{\"@id\":\"https:\\\/\\\/www.organisator.ch\\\/#organization\"},\"potentialAction\":[{\"@type\":\"SearchAction\",\"target\":{\"@type\":\"EntryPoint\",\"urlTemplate\":\"https:\\\/\\\/www.organisator.ch\\\/?s={search_term_string}\"},\"query-input\":{\"@type\":\"PropertyValueSpecification\",\"valueRequired\":true,\"valueName\":\"search_term_string\"}}],\"inLanguage\":\"en-US\"},{\"@type\":\"Organization\",\"@id\":\"https:\\\/\\\/www.organisator.ch\\\/#organization\",\"name\":\"Organisator\",\"url\":\"https:\\\/\\\/www.organisator.ch\\\/\",\"logo\":{\"@type\":\"ImageObject\",\"inLanguage\":\"en-US\",\"@id\":\"https:\\\/\\\/www.organisator.ch\\\/#\\\/schema\\\/logo\\\/image\\\/\",\"url\":\"https:\\\/\\\/www.organisator.ch\\\/wp-content\\\/uploads\\\/2022\\\/01\\\/Logo_Organisator_Website.png\",\"contentUrl\":\"https:\\\/\\\/www.organisator.ch\\\/wp-content\\\/uploads\\\/2022\\\/01\\\/Logo_Organisator_Website.png\",\"width\":800,\"height\":77,\"caption\":\"Organisator\"},\"image\":{\"@id\":\"https:\\\/\\\/www.organisator.ch\\\/#\\\/schema\\\/logo\\\/image\\\/\"},\"sameAs\":[\"https:\\\/\\\/www.facebook.com\\\/OrganisatorFachmagazin\",\"https:\\\/\\\/www.linkedin.com\\\/showcase\\\/organisator-das-magazin-fr-kmu\",\"https:\\\/\\\/www.xing.com\\\/news\\\/pages\\\/organisator-ch-695\",\"https:\\\/\\\/www.youtube.com\\\/channel\\\/UCGP2Sq0iWaZwT3BdIAQFYpw\"]},{\"@type\":\"Person\",\"@id\":\"https:\\\/\\\/www.organisator.ch\\\/#\\\/schema\\\/person\\\/aa2bace6c5c5aad60102004a50c4eb1c\",\"name\":\"admin\",\"image\":{\"@type\":\"ImageObject\",\"inLanguage\":\"en-US\",\"@id\":\"https:\\\/\\\/secure.gravatar.com\\\/avatar\\\/ae2f4d718e6c49043e314ce431e7e645d646302a24a5ef5a8bc8e3f5a032e319?s=96&d=mm&r=g\",\"url\":\"https:\\\/\\\/secure.gravatar.com\\\/avatar\\\/ae2f4d718e6c49043e314ce431e7e645d646302a24a5ef5a8bc8e3f5a032e319?s=96&d=mm&r=g\",\"contentUrl\":\"https:\\\/\\\/secure.gravatar.com\\\/avatar\\\/ae2f4d718e6c49043e314ce431e7e645d646302a24a5ef5a8bc8e3f5a032e319?s=96&d=mm&r=g\",\"caption\":\"admin\"},\"sameAs\":[\"https:\\\/\\\/www.organisator.ch\"],\"url\":\"https:\\\/\\\/www.organisator.ch\\\/en\\\/author\\\/admin\\\/\"}]}<\/script>\n<!-- \/ Yoast SEO plugin. -->","yoast_head_json":{"title":"When employees of small businesses have mental health problems - organizer","description":"A new video trailer shows in an authentic and unconventional way what can happen when employees in small businesses experience mental health problems.","robots":{"index":"index","follow":"follow","max-snippet":"max-snippet:-1","max-image-preview":"max-image-preview:large","max-video-preview":"max-video-preview:-1"},"canonical":"https:\/\/www.organisator.ch\/en\/human-resources\/fit_im_job\/2016-08-26\/wenn-mitarbeitende-von-kleinunternehmen-psychische-probleme-haben\/","og_locale":"en_US","og_type":"article","og_title":"Wenn Mitarbeitende von Kleinunternehmen psychische Probleme haben","og_description":"Ein neuer Video-Trailer zeigt authentisch und unkonventionelle Weise, was passieren kann, wenn Mitarbeitende in Kleinunternehmen psychische Probleme haben. Der Trailer zeigt zudem, dass gerade kleine Unternehmen hier durchaus schnell und richtig reagieren k\u00f6nnen. Der Verein Artisana, der dieses Video lanciert hat, bietet Branchen- und Gewerbeverb\u00e4nden Vortr\u00e4ge an unter dem Titel \u00abUmgang mit Stress und psychischen Problemen in Kleinunternehmen\u00bb.","og_url":"https:\/\/www.organisator.ch\/en\/human-resources\/fit_im_job\/2016-08-26\/wenn-mitarbeitende-von-kleinunternehmen-psychische-probleme-haben\/","og_site_name":"Organisator","article_publisher":"https:\/\/www.facebook.com\/OrganisatorFachmagazin","article_published_time":"2016-08-26T06:16:26+00:00","author":"admin","twitter_card":"summary_large_image","twitter_image":"https:\/\/www.organisator.ch\/wp-content\/uploads\/2016\/12\/Wenn-Mitarbeitende-von-Kleinunternehmen-psychische-Probleme-haben-organisator.jpg","schema":{"@context":"https:\/\/schema.org","@graph":[{"@type":"Article","@id":"https:\/\/www.organisator.ch\/human-resources\/fit_im_job\/2016-08-26\/wenn-mitarbeitende-von-kleinunternehmen-psychische-probleme-haben\/#article","isPartOf":{"@id":"https:\/\/www.organisator.ch\/human-resources\/fit_im_job\/2016-08-26\/wenn-mitarbeitende-von-kleinunternehmen-psychische-probleme-haben\/"},"author":{"name":"admin","@id":"https:\/\/www.organisator.ch\/#\/schema\/person\/aa2bace6c5c5aad60102004a50c4eb1c"},"headline":"Wenn Mitarbeitende von Kleinunternehmen psychische Probleme haben","datePublished":"2016-08-26T06:16:26+00:00","mainEntityOfPage":{"@id":"https:\/\/www.organisator.ch\/human-resources\/fit_im_job\/2016-08-26\/wenn-mitarbeitende-von-kleinunternehmen-psychische-probleme-haben\/"},"wordCount":505,"commentCount":0,"publisher":{"@id":"https:\/\/www.organisator.ch\/#organization"},"image":{"@id":"https:\/\/www.organisator.ch\/human-resources\/fit_im_job\/2016-08-26\/wenn-mitarbeitende-von-kleinunternehmen-psychische-probleme-haben\/#primaryimage"},"thumbnailUrl":"https:\/\/www.organisator.ch\/wp-content\/uploads\/2016\/12\/Wenn-Mitarbeitende-von-Kleinunternehmen-psychische-Probleme-haben-organisator.jpg","keywords":["Betriebliches Gesundheitsmanagement","Fit im Job","Psychische Gesundheit","Unternehmensf\u00fchrung"],"articleSection":["FIT IM JOB"],"inLanguage":"en-US"},{"@type":"WebPage","@id":"https:\/\/www.organisator.ch\/human-resources\/fit_im_job\/2016-08-26\/wenn-mitarbeitende-von-kleinunternehmen-psychische-probleme-haben\/","url":"https:\/\/www.organisator.ch\/human-resources\/fit_im_job\/2016-08-26\/wenn-mitarbeitende-von-kleinunternehmen-psychische-probleme-haben\/","name":"When employees of small businesses have mental health problems - organizer","isPartOf":{"@id":"https:\/\/www.organisator.ch\/#website"},"primaryImageOfPage":{"@id":"https:\/\/www.organisator.ch\/human-resources\/fit_im_job\/2016-08-26\/wenn-mitarbeitende-von-kleinunternehmen-psychische-probleme-haben\/#primaryimage"},"image":{"@id":"https:\/\/www.organisator.ch\/human-resources\/fit_im_job\/2016-08-26\/wenn-mitarbeitende-von-kleinunternehmen-psychische-probleme-haben\/#primaryimage"},"thumbnailUrl":"https:\/\/www.organisator.ch\/wp-content\/uploads\/2016\/12\/Wenn-Mitarbeitende-von-Kleinunternehmen-psychische-Probleme-haben-organisator.jpg","datePublished":"2016-08-26T06:16:26+00:00","description":"A new video trailer shows in an authentic and unconventional way what can happen when employees in small businesses experience mental health problems.","breadcrumb":{"@id":"https:\/\/www.organisator.ch\/human-resources\/fit_im_job\/2016-08-26\/wenn-mitarbeitende-von-kleinunternehmen-psychische-probleme-haben\/#breadcrumb"},"inLanguage":"en-US","potentialAction":[{"@type":"ReadAction","target":["https:\/\/www.organisator.ch\/human-resources\/fit_im_job\/2016-08-26\/wenn-mitarbeitende-von-kleinunternehmen-psychische-probleme-haben\/"]}]},{"@type":"ImageObject","inLanguage":"en-US","@id":"https:\/\/www.organisator.ch\/human-resources\/fit_im_job\/2016-08-26\/wenn-mitarbeitende-von-kleinunternehmen-psychische-probleme-haben\/#primaryimage","url":"https:\/\/www.organisator.ch\/wp-content\/uploads\/2016\/12\/Wenn-Mitarbeitende-von-Kleinunternehmen-psychische-Probleme-haben-organisator.jpg","contentUrl":"https:\/\/www.organisator.ch\/wp-content\/uploads\/2016\/12\/Wenn-Mitarbeitende-von-Kleinunternehmen-psychische-Probleme-haben-organisator.jpg","width":640,"height":275,"caption":"Szene aus dem neuen Video des Vereins Artisana, mit dem auf das Thema \"Psychische Probleme in Kleinunternehmen\" aufmerksam gemacht wird. (Foto: Pressedienst Artisana)"},{"@type":"BreadcrumbList","@id":"https:\/\/www.organisator.ch\/human-resources\/fit_im_job\/2016-08-26\/wenn-mitarbeitende-von-kleinunternehmen-psychische-probleme-haben\/#breadcrumb","itemListElement":[{"@type":"ListItem","position":1,"name":"Home","item":"https:\/\/www.organisator.ch\/"},{"@type":"ListItem","position":2,"name":"Wenn Mitarbeitende von Kleinunternehmen psychische Probleme haben"}]},{"@type":"WebSite","@id":"https:\/\/www.organisator.ch\/#website","url":"https:\/\/www.organisator.ch\/","name":"Organizer","description":"Competent. Practical. In 10 issues per year, ORGANISATOR presents the essential topics for managers of SMEs.","publisher":{"@id":"https:\/\/www.organisator.ch\/#organization"},"potentialAction":[{"@type":"SearchAction","target":{"@type":"EntryPoint","urlTemplate":"https:\/\/www.organisator.ch\/?s={search_term_string}"},"query-input":{"@type":"PropertyValueSpecification","valueRequired":true,"valueName":"search_term_string"}}],"inLanguage":"en-US"},{"@type":"Organization","@id":"https:\/\/www.organisator.ch\/#organization","name":"Organizer","url":"https:\/\/www.organisator.ch\/","logo":{"@type":"ImageObject","inLanguage":"en-US","@id":"https:\/\/www.organisator.ch\/#\/schema\/logo\/image\/","url":"https:\/\/www.organisator.ch\/wp-content\/uploads\/2022\/01\/Logo_Organisator_Website.png","contentUrl":"https:\/\/www.organisator.ch\/wp-content\/uploads\/2022\/01\/Logo_Organisator_Website.png","width":800,"height":77,"caption":"Organisator"},"image":{"@id":"https:\/\/www.organisator.ch\/#\/schema\/logo\/image\/"},"sameAs":["https:\/\/www.facebook.com\/OrganisatorFachmagazin","https:\/\/www.linkedin.com\/showcase\/organisator-das-magazin-fr-kmu","https:\/\/www.xing.com\/news\/pages\/organisator-ch-695","https:\/\/www.youtube.com\/channel\/UCGP2Sq0iWaZwT3BdIAQFYpw"]},{"@type":"Person","@id":"https:\/\/www.organisator.ch\/#\/schema\/person\/aa2bace6c5c5aad60102004a50c4eb1c","name":"admin","image":{"@type":"ImageObject","inLanguage":"en-US","@id":"https:\/\/secure.gravatar.com\/avatar\/ae2f4d718e6c49043e314ce431e7e645d646302a24a5ef5a8bc8e3f5a032e319?s=96&d=mm&r=g","url":"https:\/\/secure.gravatar.com\/avatar\/ae2f4d718e6c49043e314ce431e7e645d646302a24a5ef5a8bc8e3f5a032e319?s=96&d=mm&r=g","contentUrl":"https:\/\/secure.gravatar.com\/avatar\/ae2f4d718e6c49043e314ce431e7e645d646302a24a5ef5a8bc8e3f5a032e319?s=96&d=mm&r=g","caption":"admin"},"sameAs":["https:\/\/www.organisator.ch"],"url":"https:\/\/www.organisator.ch\/en\/author\/admin\/"}]}},"_links":{"self":[{"href":"https:\/\/www.organisator.ch\/en\/wp-json\/wp\/v2\/posts\/966","targetHints":{"allow":["GET"]}}],"collection":[{"href":"https:\/\/www.organisator.ch\/en\/wp-json\/wp\/v2\/posts"}],"about":[{"href":"https:\/\/www.organisator.ch\/en\/wp-json\/wp\/v2\/types\/post"}],"author":[{"embeddable":true,"href":"https:\/\/www.organisator.ch\/en\/wp-json\/wp\/v2\/users\/1"}],"replies":[{"embeddable":true,"href":"https:\/\/www.organisator.ch\/en\/wp-json\/wp\/v2\/comments?post=966"}],"version-history":[{"count":0,"href":"https:\/\/www.organisator.ch\/en\/wp-json\/wp\/v2\/posts\/966\/revisions"}],"wp:featuredmedia":[{"embeddable":true,"href":"https:\/\/www.organisator.ch\/en\/wp-json\/wp\/v2\/media\/967"}],"wp:attachment":[{"href":"https:\/\/www.organisator.ch\/en\/wp-json\/wp\/v2\/media?parent=966"}],"wp:term":[{"taxonomy":"category","embeddable":true,"href":"https:\/\/www.organisator.ch\/en\/wp-json\/wp\/v2\/categories?post=966"},{"taxonomy":"post_tag","embeddable":true,"href":"https:\/\/www.organisator.ch\/en\/wp-json\/wp\/v2\/tags?post=966"}],"curies":[{"name":"wp","href":"https:\/\/api.w.org\/{rel}","templated":true}]}}