{"id":970,"date":"2016-08-24T08:18:08","date_gmt":"2016-08-24T06:18:08","guid":{"rendered":"http:\/\/dev.organisator.ch\/?p=970"},"modified":"2016-08-24T08:18:08","modified_gmt":"2016-08-24T06:18:08","slug":"wer-gewinnt-den-wtt-young-leader-award-2016","status":"publish","type":"post","link":"https:\/\/www.organisator.ch\/en\/management\/2016-08-24\/wer-gewinnt-den-wtt-young-leader-award-2016\/","title":{"rendered":"Who will win the WTT Young Leader Award 2016?"},"content":{"rendered":"<figure id=\"attachment_972\" aria-describedby=\"caption-attachment-972\" style=\"width: 640px\" class=\"wp-caption alignnone\"><img loading=\"lazy\" decoding=\"async\" class=\"size-full wp-image-972\" src=\"https:\/\/www.organisator.ch\/wp-content\/uploads\/2016\/12\/Wer-gewinnt-den-WTT-Young-Leader-Award-2016-organisator.jpg\" alt=\"\" width=\"640\" height=\"428\" srcset=\"https:\/\/www.organisator.ch\/wp-content\/uploads\/2016\/12\/Wer-gewinnt-den-WTT-Young-Leader-Award-2016-organisator.jpg 640w, https:\/\/www.organisator.ch\/wp-content\/uploads\/2016\/12\/Wer-gewinnt-den-WTT-Young-Leader-Award-2016-organisator-16x12.jpg 16w, https:\/\/www.organisator.ch\/wp-content\/uploads\/2016\/12\/Wer-gewinnt-den-WTT-Young-Leader-Award-2016-organisator-262x175.jpg 262w, https:\/\/www.organisator.ch\/wp-content\/uploads\/2016\/12\/Wer-gewinnt-den-WTT-Young-Leader-Award-2016-organisator-523x350.jpg 523w, https:\/\/www.organisator.ch\/wp-content\/uploads\/2016\/12\/Wer-gewinnt-den-WTT-Young-Leader-Award-2016-organisator-300x201.jpg 300w\" sizes=\"auto, (max-width: 640px) 100vw, 640px\" \/><figcaption id=\"caption-attachment-972\" class=\"wp-caption-text\">The jury for the WTT Young Leader Award meets. (Photo: zVg)<\/figcaption><\/figure>\n<p>The jury has decided: The six nominated practical project teams for the WTT Young Leader Award have been determined. However, who will take first, second and third place in the two categories of market research and management conception - this secret will not be revealed until Monday, September 26, in front of over 500 guests in the Tonhalle St.Gallen. \"The jury was unanimous regarding the two winning teams,\" says Sibylle Minder Hochreutener, Prorector of the University of Applied Sciences St.Gallen (FHS). In the management concept category, there was a clear favorite. Long-time jury member and Bauwerk boss Klaus Brammertz comments: \"Even viewed over the years, this work can be classified as an extraordinarily outstanding achievement.\" One can be curious.<\/p>\n<p><strong>Professional level<\/strong><\/p>\n<p>\"It is a great pleasure to examine the often refreshing, down-to-earth, and pragmatic solutions of the students,\" says a pleased Christof Oswald, head of B\u00fchler Human Resources. Thomas Harring from the top management of Leica Geosystems is of a similar opinion: \"Some of the work has the level of well-paid consulting firms.\" FHS Principal Sebastian W\u00f6rwag is pleased with how amazingly deeply the teams have delved into very specific industry topics. \"With such achievements, the students always manage to give very valuable initial impulses to the economy of eastern Switzerland,\" knows Bruno R\u00e4ss, partner at PricewaterhouseCoopers.<\/p>\n<p><strong>Convincing market research<\/strong><\/p>\n<p>The following teams were nominated in the market research category: Nicole Bischof (Wittenbach), Philipp Gemperle (Waldkirch), Lorena L\u00fctscher (Domat\/Ems), Ramona Sigron (Chur), Marco Solenthaler (Heiden) prepared a market potential and competitor analysis for the company De Martin AG in W\u00e4ngi. Marco Otti (St.Gallen), Manuel Bayer (Degersheim), Ramon Beerli (St.Gallen), Matthias Nider\u00f6st (St.Gallen) and Raffaele Vignacastrisi (Abtwil) caught the jury's eye with their customer benefit analysis for Oertli Instrumente AG from Berneck. Students Selina Steiger (St.Gallen), Rafael Manetsch (Siat), Christian Schiegg (Appenzell) and their American colleagues Yana Bliznakova, Aryan Jain and Jaa Le from Babson College in Boston can also hope for the coveted trophy thanks to their market entry analysis for the Swiss company SFS intec Inc. in Wyoming (USA).<\/p>\n<p><strong>Promising concepts<\/strong><\/p>\n<p>Which teams are nominated in the Management Concept category? Johannes Grob (Herisau), Nicolas Gorlero (Uerikon), Luca Pieli (Stein), Fabian Ritter (Gais) and Philipp Sutter (Sonnental) have professionalized the basis for financial management for the Flawil company B\u00fcchler Reinli und Spitzli AG. Daniel B\u00e4nziger (Trogen), Roman B\u00fcchler (Hauptwil), Timo Koller (Herisau), Lino Schindler (Heiden) and Simon Stoffel (Sitterdorf) are in the running with a sales concept for Leica Geosystems in Heerbrugg. The jury was also convinced by the key figures cockpit for Plaston AG in Widnau by the students Ramon Hilber (Gossau), Nico Heiniger (St.Gallen), Lia Canal (Buchs), Leoni Bleisch (St.Gallen).<\/p>\n<p>This year's award speech \"A unique entrepreneur and life design\" will be given by the internationally active architect and entrepreneur Klauspeter N\u00fcesch from Eastern Switzerland.<\/p>\n<p><em>More information: <a href=\"http:\/\/www.fhsg.ch\/praxisprojekte\" data-cke-saved-href=\"http:\/\/www.fhsg.ch\/praxisprojekte\">www.fhsg.ch\/praxisprojekte<\/a><\/em><\/p>","protected":false},"excerpt":{"rendered":"<p>Die Jury hat entschieden: Die sechs nominierten Praxisprojekt-Teams f\u00fcr den WTT Young Leader Award\u00a0stehen fest. Wer in den beiden Kategorien Marktforschung und Managementkonzeption allerdings die Pl\u00e4tze eins, zwei und drei belegt \u2013 dieses Gehemnis wird erst am Montag, 26. September, vor \u00fcber 500 G\u00e4sten in der Tonhalle St.Gallen gel\u00fcftet. \u00abBetreffend der beiden Siegerteams war sich [&hellip;]<\/p>\n","protected":false},"author":1,"featured_media":972,"comment_status":"open","ping_status":"open","sticky":false,"template":"","format":"standard","meta":{"_acf_changed":false,"_yoast_wpseo_focuskw":"WTT Young Leader Award","_yoast_wpseo_metadesc":"Wer Preistr\u00e4ger des WTT Young Leader Awards 2016 wird, weiss die Jury, bestehend aus namhaften Top-Managern aus Wirtschaft und Wissenschaft, bereits.","articlekey":"","footnotes":""},"categories":[28],"tags":[66,335],"class_list":["post-970","post","type-post","status-publish","format-standard","has-post-thumbnail","hentry","category-management","tag-awards","tag-management-und-unternehmensfuehrung"],"acf":[],"yoast_head":"<!-- This site is optimized with the Yoast SEO plugin v27.5 - https:\/\/yoast.com\/product\/yoast-seo-wordpress\/ -->\n<title>Wer gewinnt den WTT Young Leader Award 2016? - Organisator<\/title>\n<meta name=\"description\" content=\"Wer Preistr\u00e4ger des WTT Young Leader Awards 2016 wird, weiss die Jury, bestehend aus namhaften Top-Managern aus Wirtschaft und Wissenschaft, bereits.\" \/>\n<meta name=\"robots\" content=\"index, follow, max-snippet:-1, max-image-preview:large, max-video-preview:-1\" \/>\n<link rel=\"canonical\" href=\"https:\/\/www.organisator.ch\/en\/management\/2016-08-24\/wer-gewinnt-den-wtt-young-leader-award-2016\/\" \/>\n<meta property=\"og:locale\" content=\"en_US\" \/>\n<meta property=\"og:type\" content=\"article\" \/>\n<meta property=\"og:title\" content=\"Wer gewinnt den WTT Young Leader Award 2016?\" \/>\n<meta property=\"og:description\" content=\"Wer Preistr\u00e4ger des WTT Young Leader Awards 2016 wird, weiss die Jury, bestehend aus namhaften Top-Managern aus Wirtschaft und Wissenschaft, bereits. K\u00fcrzlich tagte sie und gab anschliessend die Nominationen bekannt. Ein Praxisprojekt-Team stach besonders heraus.\" \/>\n<meta property=\"og:url\" content=\"https:\/\/www.organisator.ch\/en\/management\/2016-08-24\/wer-gewinnt-den-wtt-young-leader-award-2016\/\" \/>\n<meta property=\"og:site_name\" content=\"Organisator\" \/>\n<meta property=\"article:publisher\" content=\"https:\/\/www.facebook.com\/OrganisatorFachmagazin\" \/>\n<meta property=\"article:published_time\" content=\"2016-08-24T06:18:08+00:00\" \/>\n<meta name=\"author\" content=\"admin\" \/>\n<meta name=\"twitter:card\" content=\"summary_large_image\" \/>\n<meta name=\"twitter:image\" content=\"https:\/\/www.organisator.ch\/wp-content\/uploads\/2016\/12\/Wer-gewinnt-den-WTT-Young-Leader-Award-2016-organisator.jpg\" \/>\n<script type=\"application\/ld+json\" class=\"yoast-schema-graph\">{\"@context\":\"https:\\\/\\\/schema.org\",\"@graph\":[{\"@type\":\"Article\",\"@id\":\"https:\\\/\\\/www.organisator.ch\\\/management\\\/2016-08-24\\\/wer-gewinnt-den-wtt-young-leader-award-2016\\\/#article\",\"isPartOf\":{\"@id\":\"https:\\\/\\\/www.organisator.ch\\\/management\\\/2016-08-24\\\/wer-gewinnt-den-wtt-young-leader-award-2016\\\/\"},\"author\":{\"name\":\"admin\",\"@id\":\"https:\\\/\\\/www.organisator.ch\\\/#\\\/schema\\\/person\\\/aa2bace6c5c5aad60102004a50c4eb1c\"},\"headline\":\"Wer gewinnt den WTT Young Leader Award 2016?\",\"datePublished\":\"2016-08-24T06:18:08+00:00\",\"mainEntityOfPage\":{\"@id\":\"https:\\\/\\\/www.organisator.ch\\\/management\\\/2016-08-24\\\/wer-gewinnt-den-wtt-young-leader-award-2016\\\/\"},\"wordCount\":487,\"commentCount\":0,\"publisher\":{\"@id\":\"https:\\\/\\\/www.organisator.ch\\\/#organization\"},\"image\":{\"@id\":\"https:\\\/\\\/www.organisator.ch\\\/management\\\/2016-08-24\\\/wer-gewinnt-den-wtt-young-leader-award-2016\\\/#primaryimage\"},\"thumbnailUrl\":\"https:\\\/\\\/www.organisator.ch\\\/wp-content\\\/uploads\\\/2016\\\/12\\\/Wer-gewinnt-den-WTT-Young-Leader-Award-2016-organisator.jpg\",\"keywords\":[\"Awards\",\"Management und Unternehmensf\u00fchrung\"],\"articleSection\":[\"MANAGEMENT\"],\"inLanguage\":\"en-US\"},{\"@type\":\"WebPage\",\"@id\":\"https:\\\/\\\/www.organisator.ch\\\/management\\\/2016-08-24\\\/wer-gewinnt-den-wtt-young-leader-award-2016\\\/\",\"url\":\"https:\\\/\\\/www.organisator.ch\\\/management\\\/2016-08-24\\\/wer-gewinnt-den-wtt-young-leader-award-2016\\\/\",\"name\":\"Wer gewinnt den WTT Young Leader Award 2016? - Organisator\",\"isPartOf\":{\"@id\":\"https:\\\/\\\/www.organisator.ch\\\/#website\"},\"primaryImageOfPage\":{\"@id\":\"https:\\\/\\\/www.organisator.ch\\\/management\\\/2016-08-24\\\/wer-gewinnt-den-wtt-young-leader-award-2016\\\/#primaryimage\"},\"image\":{\"@id\":\"https:\\\/\\\/www.organisator.ch\\\/management\\\/2016-08-24\\\/wer-gewinnt-den-wtt-young-leader-award-2016\\\/#primaryimage\"},\"thumbnailUrl\":\"https:\\\/\\\/www.organisator.ch\\\/wp-content\\\/uploads\\\/2016\\\/12\\\/Wer-gewinnt-den-WTT-Young-Leader-Award-2016-organisator.jpg\",\"datePublished\":\"2016-08-24T06:18:08+00:00\",\"description\":\"Wer Preistr\u00e4ger des WTT Young Leader Awards 2016 wird, weiss die Jury, bestehend aus namhaften Top-Managern aus Wirtschaft und Wissenschaft, bereits.\",\"breadcrumb\":{\"@id\":\"https:\\\/\\\/www.organisator.ch\\\/management\\\/2016-08-24\\\/wer-gewinnt-den-wtt-young-leader-award-2016\\\/#breadcrumb\"},\"inLanguage\":\"en-US\",\"potentialAction\":[{\"@type\":\"ReadAction\",\"target\":[\"https:\\\/\\\/www.organisator.ch\\\/management\\\/2016-08-24\\\/wer-gewinnt-den-wtt-young-leader-award-2016\\\/\"]}]},{\"@type\":\"ImageObject\",\"inLanguage\":\"en-US\",\"@id\":\"https:\\\/\\\/www.organisator.ch\\\/management\\\/2016-08-24\\\/wer-gewinnt-den-wtt-young-leader-award-2016\\\/#primaryimage\",\"url\":\"https:\\\/\\\/www.organisator.ch\\\/wp-content\\\/uploads\\\/2016\\\/12\\\/Wer-gewinnt-den-WTT-Young-Leader-Award-2016-organisator.jpg\",\"contentUrl\":\"https:\\\/\\\/www.organisator.ch\\\/wp-content\\\/uploads\\\/2016\\\/12\\\/Wer-gewinnt-den-WTT-Young-Leader-Award-2016-organisator.jpg\",\"width\":640,\"height\":428,\"caption\":\"Die Jury f\u00fcr den WTT Young Leader Award tagt. (Foto: zVg)\"},{\"@type\":\"BreadcrumbList\",\"@id\":\"https:\\\/\\\/www.organisator.ch\\\/management\\\/2016-08-24\\\/wer-gewinnt-den-wtt-young-leader-award-2016\\\/#breadcrumb\",\"itemListElement\":[{\"@type\":\"ListItem\",\"position\":1,\"name\":\"Home\",\"item\":\"https:\\\/\\\/www.organisator.ch\\\/\"},{\"@type\":\"ListItem\",\"position\":2,\"name\":\"Wer gewinnt den WTT Young Leader Award 2016?\"}]},{\"@type\":\"WebSite\",\"@id\":\"https:\\\/\\\/www.organisator.ch\\\/#website\",\"url\":\"https:\\\/\\\/www.organisator.ch\\\/\",\"name\":\"Organisator\",\"description\":\"Kompetent. Praxisnah. Der ORGANISATOR bereitet in 10 Ausgaben pro Jahr die wesentlichen Themen f\u00fcr F\u00fchrungskr\u00e4fte von KMU auf.\",\"publisher\":{\"@id\":\"https:\\\/\\\/www.organisator.ch\\\/#organization\"},\"potentialAction\":[{\"@type\":\"SearchAction\",\"target\":{\"@type\":\"EntryPoint\",\"urlTemplate\":\"https:\\\/\\\/www.organisator.ch\\\/?s={search_term_string}\"},\"query-input\":{\"@type\":\"PropertyValueSpecification\",\"valueRequired\":true,\"valueName\":\"search_term_string\"}}],\"inLanguage\":\"en-US\"},{\"@type\":\"Organization\",\"@id\":\"https:\\\/\\\/www.organisator.ch\\\/#organization\",\"name\":\"Organisator\",\"url\":\"https:\\\/\\\/www.organisator.ch\\\/\",\"logo\":{\"@type\":\"ImageObject\",\"inLanguage\":\"en-US\",\"@id\":\"https:\\\/\\\/www.organisator.ch\\\/#\\\/schema\\\/logo\\\/image\\\/\",\"url\":\"https:\\\/\\\/www.organisator.ch\\\/wp-content\\\/uploads\\\/2022\\\/01\\\/Logo_Organisator_Website.png\",\"contentUrl\":\"https:\\\/\\\/www.organisator.ch\\\/wp-content\\\/uploads\\\/2022\\\/01\\\/Logo_Organisator_Website.png\",\"width\":800,\"height\":77,\"caption\":\"Organisator\"},\"image\":{\"@id\":\"https:\\\/\\\/www.organisator.ch\\\/#\\\/schema\\\/logo\\\/image\\\/\"},\"sameAs\":[\"https:\\\/\\\/www.facebook.com\\\/OrganisatorFachmagazin\",\"https:\\\/\\\/www.linkedin.com\\\/showcase\\\/organisator-das-magazin-fr-kmu\",\"https:\\\/\\\/www.xing.com\\\/news\\\/pages\\\/organisator-ch-695\",\"https:\\\/\\\/www.youtube.com\\\/channel\\\/UCGP2Sq0iWaZwT3BdIAQFYpw\"]},{\"@type\":\"Person\",\"@id\":\"https:\\\/\\\/www.organisator.ch\\\/#\\\/schema\\\/person\\\/aa2bace6c5c5aad60102004a50c4eb1c\",\"name\":\"admin\",\"image\":{\"@type\":\"ImageObject\",\"inLanguage\":\"en-US\",\"@id\":\"https:\\\/\\\/secure.gravatar.com\\\/avatar\\\/ae2f4d718e6c49043e314ce431e7e645d646302a24a5ef5a8bc8e3f5a032e319?s=96&d=mm&r=g\",\"url\":\"https:\\\/\\\/secure.gravatar.com\\\/avatar\\\/ae2f4d718e6c49043e314ce431e7e645d646302a24a5ef5a8bc8e3f5a032e319?s=96&d=mm&r=g\",\"contentUrl\":\"https:\\\/\\\/secure.gravatar.com\\\/avatar\\\/ae2f4d718e6c49043e314ce431e7e645d646302a24a5ef5a8bc8e3f5a032e319?s=96&d=mm&r=g\",\"caption\":\"admin\"},\"sameAs\":[\"https:\\\/\\\/www.organisator.ch\"],\"url\":\"https:\\\/\\\/www.organisator.ch\\\/en\\\/author\\\/admin\\\/\"}]}<\/script>\n<!-- \/ Yoast SEO plugin. -->","yoast_head_json":{"title":"Who will win the WTT Young Leader Award 2016? - Organizer","description":"The jury, consisting of renowned top managers from business and science, already knows who will be the winner of the WTT Young Leader Award 2016.","robots":{"index":"index","follow":"follow","max-snippet":"max-snippet:-1","max-image-preview":"max-image-preview:large","max-video-preview":"max-video-preview:-1"},"canonical":"https:\/\/www.organisator.ch\/en\/management\/2016-08-24\/wer-gewinnt-den-wtt-young-leader-award-2016\/","og_locale":"en_US","og_type":"article","og_title":"Wer gewinnt den WTT Young Leader Award 2016?","og_description":"Wer Preistr\u00e4ger des WTT Young Leader Awards 2016 wird, weiss die Jury, bestehend aus namhaften Top-Managern aus Wirtschaft und Wissenschaft, bereits. K\u00fcrzlich tagte sie und gab anschliessend die Nominationen bekannt. Ein Praxisprojekt-Team stach besonders heraus.","og_url":"https:\/\/www.organisator.ch\/en\/management\/2016-08-24\/wer-gewinnt-den-wtt-young-leader-award-2016\/","og_site_name":"Organisator","article_publisher":"https:\/\/www.facebook.com\/OrganisatorFachmagazin","article_published_time":"2016-08-24T06:18:08+00:00","author":"admin","twitter_card":"summary_large_image","twitter_image":"https:\/\/www.organisator.ch\/wp-content\/uploads\/2016\/12\/Wer-gewinnt-den-WTT-Young-Leader-Award-2016-organisator.jpg","schema":{"@context":"https:\/\/schema.org","@graph":[{"@type":"Article","@id":"https:\/\/www.organisator.ch\/management\/2016-08-24\/wer-gewinnt-den-wtt-young-leader-award-2016\/#article","isPartOf":{"@id":"https:\/\/www.organisator.ch\/management\/2016-08-24\/wer-gewinnt-den-wtt-young-leader-award-2016\/"},"author":{"name":"admin","@id":"https:\/\/www.organisator.ch\/#\/schema\/person\/aa2bace6c5c5aad60102004a50c4eb1c"},"headline":"Wer gewinnt den WTT Young Leader Award 2016?","datePublished":"2016-08-24T06:18:08+00:00","mainEntityOfPage":{"@id":"https:\/\/www.organisator.ch\/management\/2016-08-24\/wer-gewinnt-den-wtt-young-leader-award-2016\/"},"wordCount":487,"commentCount":0,"publisher":{"@id":"https:\/\/www.organisator.ch\/#organization"},"image":{"@id":"https:\/\/www.organisator.ch\/management\/2016-08-24\/wer-gewinnt-den-wtt-young-leader-award-2016\/#primaryimage"},"thumbnailUrl":"https:\/\/www.organisator.ch\/wp-content\/uploads\/2016\/12\/Wer-gewinnt-den-WTT-Young-Leader-Award-2016-organisator.jpg","keywords":["Awards","Management und Unternehmensf\u00fchrung"],"articleSection":["MANAGEMENT"],"inLanguage":"en-US"},{"@type":"WebPage","@id":"https:\/\/www.organisator.ch\/management\/2016-08-24\/wer-gewinnt-den-wtt-young-leader-award-2016\/","url":"https:\/\/www.organisator.ch\/management\/2016-08-24\/wer-gewinnt-den-wtt-young-leader-award-2016\/","name":"Who will win the WTT Young Leader Award 2016? - Organizer","isPartOf":{"@id":"https:\/\/www.organisator.ch\/#website"},"primaryImageOfPage":{"@id":"https:\/\/www.organisator.ch\/management\/2016-08-24\/wer-gewinnt-den-wtt-young-leader-award-2016\/#primaryimage"},"image":{"@id":"https:\/\/www.organisator.ch\/management\/2016-08-24\/wer-gewinnt-den-wtt-young-leader-award-2016\/#primaryimage"},"thumbnailUrl":"https:\/\/www.organisator.ch\/wp-content\/uploads\/2016\/12\/Wer-gewinnt-den-WTT-Young-Leader-Award-2016-organisator.jpg","datePublished":"2016-08-24T06:18:08+00:00","description":"The jury, consisting of renowned top managers from business and science, already knows who will be the winner of the WTT Young Leader Award 2016.","breadcrumb":{"@id":"https:\/\/www.organisator.ch\/management\/2016-08-24\/wer-gewinnt-den-wtt-young-leader-award-2016\/#breadcrumb"},"inLanguage":"en-US","potentialAction":[{"@type":"ReadAction","target":["https:\/\/www.organisator.ch\/management\/2016-08-24\/wer-gewinnt-den-wtt-young-leader-award-2016\/"]}]},{"@type":"ImageObject","inLanguage":"en-US","@id":"https:\/\/www.organisator.ch\/management\/2016-08-24\/wer-gewinnt-den-wtt-young-leader-award-2016\/#primaryimage","url":"https:\/\/www.organisator.ch\/wp-content\/uploads\/2016\/12\/Wer-gewinnt-den-WTT-Young-Leader-Award-2016-organisator.jpg","contentUrl":"https:\/\/www.organisator.ch\/wp-content\/uploads\/2016\/12\/Wer-gewinnt-den-WTT-Young-Leader-Award-2016-organisator.jpg","width":640,"height":428,"caption":"Die Jury f\u00fcr den WTT Young Leader Award tagt. (Foto: zVg)"},{"@type":"BreadcrumbList","@id":"https:\/\/www.organisator.ch\/management\/2016-08-24\/wer-gewinnt-den-wtt-young-leader-award-2016\/#breadcrumb","itemListElement":[{"@type":"ListItem","position":1,"name":"Home","item":"https:\/\/www.organisator.ch\/"},{"@type":"ListItem","position":2,"name":"Wer gewinnt den WTT Young Leader Award 2016?"}]},{"@type":"WebSite","@id":"https:\/\/www.organisator.ch\/#website","url":"https:\/\/www.organisator.ch\/","name":"Organizer","description":"Competent. Practical. In 10 issues per year, ORGANISATOR presents the essential topics for managers of SMEs.","publisher":{"@id":"https:\/\/www.organisator.ch\/#organization"},"potentialAction":[{"@type":"SearchAction","target":{"@type":"EntryPoint","urlTemplate":"https:\/\/www.organisator.ch\/?s={search_term_string}"},"query-input":{"@type":"PropertyValueSpecification","valueRequired":true,"valueName":"search_term_string"}}],"inLanguage":"en-US"},{"@type":"Organization","@id":"https:\/\/www.organisator.ch\/#organization","name":"Organizer","url":"https:\/\/www.organisator.ch\/","logo":{"@type":"ImageObject","inLanguage":"en-US","@id":"https:\/\/www.organisator.ch\/#\/schema\/logo\/image\/","url":"https:\/\/www.organisator.ch\/wp-content\/uploads\/2022\/01\/Logo_Organisator_Website.png","contentUrl":"https:\/\/www.organisator.ch\/wp-content\/uploads\/2022\/01\/Logo_Organisator_Website.png","width":800,"height":77,"caption":"Organisator"},"image":{"@id":"https:\/\/www.organisator.ch\/#\/schema\/logo\/image\/"},"sameAs":["https:\/\/www.facebook.com\/OrganisatorFachmagazin","https:\/\/www.linkedin.com\/showcase\/organisator-das-magazin-fr-kmu","https:\/\/www.xing.com\/news\/pages\/organisator-ch-695","https:\/\/www.youtube.com\/channel\/UCGP2Sq0iWaZwT3BdIAQFYpw"]},{"@type":"Person","@id":"https:\/\/www.organisator.ch\/#\/schema\/person\/aa2bace6c5c5aad60102004a50c4eb1c","name":"admin","image":{"@type":"ImageObject","inLanguage":"en-US","@id":"https:\/\/secure.gravatar.com\/avatar\/ae2f4d718e6c49043e314ce431e7e645d646302a24a5ef5a8bc8e3f5a032e319?s=96&d=mm&r=g","url":"https:\/\/secure.gravatar.com\/avatar\/ae2f4d718e6c49043e314ce431e7e645d646302a24a5ef5a8bc8e3f5a032e319?s=96&d=mm&r=g","contentUrl":"https:\/\/secure.gravatar.com\/avatar\/ae2f4d718e6c49043e314ce431e7e645d646302a24a5ef5a8bc8e3f5a032e319?s=96&d=mm&r=g","caption":"admin"},"sameAs":["https:\/\/www.organisator.ch"],"url":"https:\/\/www.organisator.ch\/en\/author\/admin\/"}]}},"_links":{"self":[{"href":"https:\/\/www.organisator.ch\/en\/wp-json\/wp\/v2\/posts\/970","targetHints":{"allow":["GET"]}}],"collection":[{"href":"https:\/\/www.organisator.ch\/en\/wp-json\/wp\/v2\/posts"}],"about":[{"href":"https:\/\/www.organisator.ch\/en\/wp-json\/wp\/v2\/types\/post"}],"author":[{"embeddable":true,"href":"https:\/\/www.organisator.ch\/en\/wp-json\/wp\/v2\/users\/1"}],"replies":[{"embeddable":true,"href":"https:\/\/www.organisator.ch\/en\/wp-json\/wp\/v2\/comments?post=970"}],"version-history":[{"count":0,"href":"https:\/\/www.organisator.ch\/en\/wp-json\/wp\/v2\/posts\/970\/revisions"}],"wp:featuredmedia":[{"embeddable":true,"href":"https:\/\/www.organisator.ch\/en\/wp-json\/wp\/v2\/media\/972"}],"wp:attachment":[{"href":"https:\/\/www.organisator.ch\/en\/wp-json\/wp\/v2\/media?parent=970"}],"wp:term":[{"taxonomy":"category","embeddable":true,"href":"https:\/\/www.organisator.ch\/en\/wp-json\/wp\/v2\/categories?post=970"},{"taxonomy":"post_tag","embeddable":true,"href":"https:\/\/www.organisator.ch\/en\/wp-json\/wp\/v2\/tags?post=970"}],"curies":[{"name":"wp","href":"https:\/\/api.w.org\/{rel}","templated":true}]}}