{"id":985,"date":"2016-08-19T08:23:04","date_gmt":"2016-08-19T06:23:04","guid":{"rendered":"http:\/\/dev.organisator.ch\/?p=985"},"modified":"2016-08-19T08:23:04","modified_gmt":"2016-08-19T06:23:04","slug":"rausch-ag-kreuzlingen-regelt-nachfolge","status":"publish","type":"post","link":"https:\/\/www.organisator.ch\/en\/management\/2016-08-19\/rausch-ag-kreuzlingen-regelt-nachfolge\/","title":{"rendered":"Rausch AG Kreuzlingen settles succession"},"content":{"rendered":"<figure id=\"attachment_989\" aria-describedby=\"caption-attachment-989\" style=\"width: 640px\" class=\"wp-caption alignnone\"><img loading=\"lazy\" decoding=\"async\" class=\"size-full wp-image-989\" src=\"https:\/\/www.organisator.ch\/wp-content\/uploads\/2016\/12\/Rausch-AG-Kreuzlingen-regelt-Nachfolge-organisator.jpg\" alt=\"\" width=\"640\" height=\"426\" srcset=\"https:\/\/www.organisator.ch\/wp-content\/uploads\/2016\/12\/Rausch-AG-Kreuzlingen-regelt-Nachfolge-organisator.jpg 640w, https:\/\/www.organisator.ch\/wp-content\/uploads\/2016\/12\/Rausch-AG-Kreuzlingen-regelt-Nachfolge-organisator-16x12.jpg 16w, https:\/\/www.organisator.ch\/wp-content\/uploads\/2016\/12\/Rausch-AG-Kreuzlingen-regelt-Nachfolge-organisator-263x175.jpg 263w, https:\/\/www.organisator.ch\/wp-content\/uploads\/2016\/12\/Rausch-AG-Kreuzlingen-regelt-Nachfolge-organisator-526x350.jpg 526w, https:\/\/www.organisator.ch\/wp-content\/uploads\/2016\/12\/Rausch-AG-Kreuzlingen-regelt-Nachfolge-organisator-300x200.jpg 300w\" sizes=\"auto, (max-width: 640px) 100vw, 640px\" \/><figcaption id=\"caption-attachment-989\" class=\"wp-caption-text\">Marco Baumann hands over the management of Rausch AG Kreuzlingen to son Lucas Baumann. (Photo: obs\/Rausch AG Kreuzlingen\/Donato Caspari)<\/figcaption><\/figure>\n<p>Lucas Baumann, a federally certified business economist with a degree from the HTW University of Applied Sciences in Chur, will be the new CEO of the Kreuzlingen-based family business. He has been Head of Marketing and Communication at Rausch AG since 2012. In 2015, he successfully managed the product relaunch on the occasion of the company's 125th anniversary. Marco Baumann will remain with the company as a brand ambassador. He also remains Chairman of the Board of Directors, which also includes his two sons Lucas and Tom Baumann.<\/p>\n<p>The family business stands for quality, competence, safety and effectiveness. Strengths that remain the top priority for Lucas Baumann in order to continue serving customers who are enthusiastic about RAUSCH. \"Competence and herbal knowledge, experience and tradition meet new ideas and challenges. We are ready for the future without forgetting our past,\" says the new CEO. Lucas Baumann also says he intends to stick to the \"Made in Switzerland\" principle and keep the company's supply chain in Switzerland. Research, development, manufacturing, marketing and sales will remain at the parent company in Kreuzlingen, where the majority of the 164 employees work. From there, Rausch AG cosmetic products are sold in 27 countries worldwide. The company's distribution partner is the specialist retail trade, which is well versed in providing advice. In the highly competitive cosmetics market, Lucas Baumann wants to differentiate his natural products even more clearly from other suppliers and secure and purposefully expand the company with new strategies. The focus is on digitalization and on targeting a younger audience.<\/p>\n<p><em><a href=\"http:\/\/www.rausch.ch\" data-cke-saved-href=\"http:\/\/www.rausch.ch\">www.rausch.ch<\/a><\/em><\/p>","protected":false},"excerpt":{"rendered":"<p>Lucas Baumann,\u00a0eidg. Dipl. Betriebs\u00f6konom mit einem Abschluss der Hochschule HTW in Chur,\u00a0wird neuer CEO des Kreuzlinger Familienunternehmens. Er\u00a0war bereits\u00a0von 2012 an als Leiter Marketing und Kommunikation bei Rausch AG\u00a0t\u00e4tig. 2015 steuerte er erfolgreich den Produkt-Relaunch anl\u00e4sslich des 125j\u00e4hrigen Firmenjubil\u00e4ums. Marco Baumann bleibt dem Unternehmen als Markenbotschafter erhalten. Er bleibt auch Pr\u00e4sident des Verwaltungsrates, dem ausserdem [&hellip;]<\/p>\n","protected":false},"author":1,"featured_media":989,"comment_status":"open","ping_status":"open","sticky":false,"template":"","format":"standard","meta":{"_acf_changed":false,"_yoast_wpseo_focuskw":"Rausch AG","_yoast_wpseo_metadesc":"Im August zieht sich Marco Baumann (70) aus der operativen Leitung des Schweizer Kosmetik- und Pharmaunternehmens Rausch AG in Kreuzlingen zur\u00fcck.","articlekey":"","footnotes":""},"categories":[28],"tags":[335,492],"class_list":["post-985","post","type-post","status-publish","format-standard","has-post-thumbnail","hentry","category-management","tag-management-und-unternehmensfuehrung","tag-unternehmen"],"acf":[],"yoast_head":"<!-- This site is optimized with the Yoast SEO plugin v27.5 - https:\/\/yoast.com\/product\/yoast-seo-wordpress\/ -->\n<title>Rausch AG Kreuzlingen regelt Nachfolge - Organisator<\/title>\n<meta name=\"description\" content=\"Im August zieht sich Marco Baumann (70) aus der operativen Leitung des Schweizer Kosmetik- und Pharmaunternehmens Rausch AG in Kreuzlingen zur\u00fcck.\" \/>\n<meta name=\"robots\" content=\"index, follow, max-snippet:-1, max-image-preview:large, max-video-preview:-1\" \/>\n<link rel=\"canonical\" href=\"https:\/\/www.organisator.ch\/en\/management\/2016-08-19\/rausch-ag-kreuzlingen-regelt-nachfolge\/\" \/>\n<meta property=\"og:locale\" content=\"en_US\" \/>\n<meta property=\"og:type\" content=\"article\" \/>\n<meta property=\"og:title\" content=\"Rausch AG Kreuzlingen regelt Nachfolge\" \/>\n<meta property=\"og:description\" content=\"Im August zieht sich Marco Baumann (70) aus der operativen Leitung des Schweizer Kosmetik- und Pharmaunternehmens Rausch AG in Kreuzlingen zur\u00fcck. Ihm folgt in vierter F\u00fchrungsgeneration sein \u00e4ltester Sohn Lucas Baumann (37).\" \/>\n<meta property=\"og:url\" content=\"https:\/\/www.organisator.ch\/en\/management\/2016-08-19\/rausch-ag-kreuzlingen-regelt-nachfolge\/\" \/>\n<meta property=\"og:site_name\" content=\"Organisator\" \/>\n<meta property=\"article:publisher\" content=\"https:\/\/www.facebook.com\/OrganisatorFachmagazin\" \/>\n<meta property=\"article:published_time\" content=\"2016-08-19T06:23:04+00:00\" \/>\n<meta name=\"author\" content=\"admin\" \/>\n<meta name=\"twitter:card\" content=\"summary_large_image\" \/>\n<meta name=\"twitter:image\" content=\"https:\/\/www.organisator.ch\/wp-content\/uploads\/2016\/12\/Rausch-AG-Kreuzlingen-regelt-Nachfolge-organisator.jpg\" \/>\n<script type=\"application\/ld+json\" class=\"yoast-schema-graph\">{\"@context\":\"https:\\\/\\\/schema.org\",\"@graph\":[{\"@type\":\"Article\",\"@id\":\"https:\\\/\\\/www.organisator.ch\\\/management\\\/2016-08-19\\\/rausch-ag-kreuzlingen-regelt-nachfolge\\\/#article\",\"isPartOf\":{\"@id\":\"https:\\\/\\\/www.organisator.ch\\\/management\\\/2016-08-19\\\/rausch-ag-kreuzlingen-regelt-nachfolge\\\/\"},\"author\":{\"name\":\"admin\",\"@id\":\"https:\\\/\\\/www.organisator.ch\\\/#\\\/schema\\\/person\\\/aa2bace6c5c5aad60102004a50c4eb1c\"},\"headline\":\"Rausch AG Kreuzlingen regelt Nachfolge\",\"datePublished\":\"2016-08-19T06:23:04+00:00\",\"mainEntityOfPage\":{\"@id\":\"https:\\\/\\\/www.organisator.ch\\\/management\\\/2016-08-19\\\/rausch-ag-kreuzlingen-regelt-nachfolge\\\/\"},\"wordCount\":274,\"commentCount\":0,\"publisher\":{\"@id\":\"https:\\\/\\\/www.organisator.ch\\\/#organization\"},\"image\":{\"@id\":\"https:\\\/\\\/www.organisator.ch\\\/management\\\/2016-08-19\\\/rausch-ag-kreuzlingen-regelt-nachfolge\\\/#primaryimage\"},\"thumbnailUrl\":\"https:\\\/\\\/www.organisator.ch\\\/wp-content\\\/uploads\\\/2016\\\/12\\\/Rausch-AG-Kreuzlingen-regelt-Nachfolge-organisator.jpg\",\"keywords\":[\"Management und Unternehmensf\u00fchrung\",\"Unternehmen\"],\"articleSection\":[\"MANAGEMENT\"],\"inLanguage\":\"en-US\"},{\"@type\":\"WebPage\",\"@id\":\"https:\\\/\\\/www.organisator.ch\\\/management\\\/2016-08-19\\\/rausch-ag-kreuzlingen-regelt-nachfolge\\\/\",\"url\":\"https:\\\/\\\/www.organisator.ch\\\/management\\\/2016-08-19\\\/rausch-ag-kreuzlingen-regelt-nachfolge\\\/\",\"name\":\"Rausch AG Kreuzlingen regelt Nachfolge - Organisator\",\"isPartOf\":{\"@id\":\"https:\\\/\\\/www.organisator.ch\\\/#website\"},\"primaryImageOfPage\":{\"@id\":\"https:\\\/\\\/www.organisator.ch\\\/management\\\/2016-08-19\\\/rausch-ag-kreuzlingen-regelt-nachfolge\\\/#primaryimage\"},\"image\":{\"@id\":\"https:\\\/\\\/www.organisator.ch\\\/management\\\/2016-08-19\\\/rausch-ag-kreuzlingen-regelt-nachfolge\\\/#primaryimage\"},\"thumbnailUrl\":\"https:\\\/\\\/www.organisator.ch\\\/wp-content\\\/uploads\\\/2016\\\/12\\\/Rausch-AG-Kreuzlingen-regelt-Nachfolge-organisator.jpg\",\"datePublished\":\"2016-08-19T06:23:04+00:00\",\"description\":\"Im August zieht sich Marco Baumann (70) aus der operativen Leitung des Schweizer Kosmetik- und Pharmaunternehmens Rausch AG in Kreuzlingen zur\u00fcck.\",\"breadcrumb\":{\"@id\":\"https:\\\/\\\/www.organisator.ch\\\/management\\\/2016-08-19\\\/rausch-ag-kreuzlingen-regelt-nachfolge\\\/#breadcrumb\"},\"inLanguage\":\"en-US\",\"potentialAction\":[{\"@type\":\"ReadAction\",\"target\":[\"https:\\\/\\\/www.organisator.ch\\\/management\\\/2016-08-19\\\/rausch-ag-kreuzlingen-regelt-nachfolge\\\/\"]}]},{\"@type\":\"ImageObject\",\"inLanguage\":\"en-US\",\"@id\":\"https:\\\/\\\/www.organisator.ch\\\/management\\\/2016-08-19\\\/rausch-ag-kreuzlingen-regelt-nachfolge\\\/#primaryimage\",\"url\":\"https:\\\/\\\/www.organisator.ch\\\/wp-content\\\/uploads\\\/2016\\\/12\\\/Rausch-AG-Kreuzlingen-regelt-Nachfolge-organisator.jpg\",\"contentUrl\":\"https:\\\/\\\/www.organisator.ch\\\/wp-content\\\/uploads\\\/2016\\\/12\\\/Rausch-AG-Kreuzlingen-regelt-Nachfolge-organisator.jpg\",\"width\":640,\"height\":426,\"caption\":\"Marco Baumann \u00fcbergibt die Leitung der Firma Rausch AG Kreuzlingen an Sohn Lucas Baumann. (Foto: obs\\\/Rausch AG Kreuzlingen\\\/Donato Caspari)\"},{\"@type\":\"BreadcrumbList\",\"@id\":\"https:\\\/\\\/www.organisator.ch\\\/management\\\/2016-08-19\\\/rausch-ag-kreuzlingen-regelt-nachfolge\\\/#breadcrumb\",\"itemListElement\":[{\"@type\":\"ListItem\",\"position\":1,\"name\":\"Home\",\"item\":\"https:\\\/\\\/www.organisator.ch\\\/\"},{\"@type\":\"ListItem\",\"position\":2,\"name\":\"Rausch AG Kreuzlingen regelt Nachfolge\"}]},{\"@type\":\"WebSite\",\"@id\":\"https:\\\/\\\/www.organisator.ch\\\/#website\",\"url\":\"https:\\\/\\\/www.organisator.ch\\\/\",\"name\":\"Organisator\",\"description\":\"Kompetent. Praxisnah. Der ORGANISATOR bereitet in 10 Ausgaben pro Jahr die wesentlichen Themen f\u00fcr F\u00fchrungskr\u00e4fte von KMU auf.\",\"publisher\":{\"@id\":\"https:\\\/\\\/www.organisator.ch\\\/#organization\"},\"potentialAction\":[{\"@type\":\"SearchAction\",\"target\":{\"@type\":\"EntryPoint\",\"urlTemplate\":\"https:\\\/\\\/www.organisator.ch\\\/?s={search_term_string}\"},\"query-input\":{\"@type\":\"PropertyValueSpecification\",\"valueRequired\":true,\"valueName\":\"search_term_string\"}}],\"inLanguage\":\"en-US\"},{\"@type\":\"Organization\",\"@id\":\"https:\\\/\\\/www.organisator.ch\\\/#organization\",\"name\":\"Organisator\",\"url\":\"https:\\\/\\\/www.organisator.ch\\\/\",\"logo\":{\"@type\":\"ImageObject\",\"inLanguage\":\"en-US\",\"@id\":\"https:\\\/\\\/www.organisator.ch\\\/#\\\/schema\\\/logo\\\/image\\\/\",\"url\":\"https:\\\/\\\/www.organisator.ch\\\/wp-content\\\/uploads\\\/2022\\\/01\\\/Logo_Organisator_Website.png\",\"contentUrl\":\"https:\\\/\\\/www.organisator.ch\\\/wp-content\\\/uploads\\\/2022\\\/01\\\/Logo_Organisator_Website.png\",\"width\":800,\"height\":77,\"caption\":\"Organisator\"},\"image\":{\"@id\":\"https:\\\/\\\/www.organisator.ch\\\/#\\\/schema\\\/logo\\\/image\\\/\"},\"sameAs\":[\"https:\\\/\\\/www.facebook.com\\\/OrganisatorFachmagazin\",\"https:\\\/\\\/www.linkedin.com\\\/showcase\\\/organisator-das-magazin-fr-kmu\",\"https:\\\/\\\/www.xing.com\\\/news\\\/pages\\\/organisator-ch-695\",\"https:\\\/\\\/www.youtube.com\\\/channel\\\/UCGP2Sq0iWaZwT3BdIAQFYpw\"]},{\"@type\":\"Person\",\"@id\":\"https:\\\/\\\/www.organisator.ch\\\/#\\\/schema\\\/person\\\/aa2bace6c5c5aad60102004a50c4eb1c\",\"name\":\"admin\",\"image\":{\"@type\":\"ImageObject\",\"inLanguage\":\"en-US\",\"@id\":\"https:\\\/\\\/secure.gravatar.com\\\/avatar\\\/ae2f4d718e6c49043e314ce431e7e645d646302a24a5ef5a8bc8e3f5a032e319?s=96&d=mm&r=g\",\"url\":\"https:\\\/\\\/secure.gravatar.com\\\/avatar\\\/ae2f4d718e6c49043e314ce431e7e645d646302a24a5ef5a8bc8e3f5a032e319?s=96&d=mm&r=g\",\"contentUrl\":\"https:\\\/\\\/secure.gravatar.com\\\/avatar\\\/ae2f4d718e6c49043e314ce431e7e645d646302a24a5ef5a8bc8e3f5a032e319?s=96&d=mm&r=g\",\"caption\":\"admin\"},\"sameAs\":[\"https:\\\/\\\/www.organisator.ch\"],\"url\":\"https:\\\/\\\/www.organisator.ch\\\/en\\\/author\\\/admin\\\/\"}]}<\/script>\n<!-- \/ Yoast SEO plugin. -->","yoast_head_json":{"title":"Rausch AG Kreuzlingen settles succession - Organizer","description":"In August, Marco Baumann (70) will retire from the operational management of the Swiss cosmetics and pharmaceutical company Rausch AG in Kreuzlingen.","robots":{"index":"index","follow":"follow","max-snippet":"max-snippet:-1","max-image-preview":"max-image-preview:large","max-video-preview":"max-video-preview:-1"},"canonical":"https:\/\/www.organisator.ch\/en\/management\/2016-08-19\/rausch-ag-kreuzlingen-regelt-nachfolge\/","og_locale":"en_US","og_type":"article","og_title":"Rausch AG Kreuzlingen regelt Nachfolge","og_description":"Im August zieht sich Marco Baumann (70) aus der operativen Leitung des Schweizer Kosmetik- und Pharmaunternehmens Rausch AG in Kreuzlingen zur\u00fcck. Ihm folgt in vierter F\u00fchrungsgeneration sein \u00e4ltester Sohn Lucas Baumann (37).","og_url":"https:\/\/www.organisator.ch\/en\/management\/2016-08-19\/rausch-ag-kreuzlingen-regelt-nachfolge\/","og_site_name":"Organisator","article_publisher":"https:\/\/www.facebook.com\/OrganisatorFachmagazin","article_published_time":"2016-08-19T06:23:04+00:00","author":"admin","twitter_card":"summary_large_image","twitter_image":"https:\/\/www.organisator.ch\/wp-content\/uploads\/2016\/12\/Rausch-AG-Kreuzlingen-regelt-Nachfolge-organisator.jpg","schema":{"@context":"https:\/\/schema.org","@graph":[{"@type":"Article","@id":"https:\/\/www.organisator.ch\/management\/2016-08-19\/rausch-ag-kreuzlingen-regelt-nachfolge\/#article","isPartOf":{"@id":"https:\/\/www.organisator.ch\/management\/2016-08-19\/rausch-ag-kreuzlingen-regelt-nachfolge\/"},"author":{"name":"admin","@id":"https:\/\/www.organisator.ch\/#\/schema\/person\/aa2bace6c5c5aad60102004a50c4eb1c"},"headline":"Rausch AG Kreuzlingen regelt Nachfolge","datePublished":"2016-08-19T06:23:04+00:00","mainEntityOfPage":{"@id":"https:\/\/www.organisator.ch\/management\/2016-08-19\/rausch-ag-kreuzlingen-regelt-nachfolge\/"},"wordCount":274,"commentCount":0,"publisher":{"@id":"https:\/\/www.organisator.ch\/#organization"},"image":{"@id":"https:\/\/www.organisator.ch\/management\/2016-08-19\/rausch-ag-kreuzlingen-regelt-nachfolge\/#primaryimage"},"thumbnailUrl":"https:\/\/www.organisator.ch\/wp-content\/uploads\/2016\/12\/Rausch-AG-Kreuzlingen-regelt-Nachfolge-organisator.jpg","keywords":["Management und Unternehmensf\u00fchrung","Unternehmen"],"articleSection":["MANAGEMENT"],"inLanguage":"en-US"},{"@type":"WebPage","@id":"https:\/\/www.organisator.ch\/management\/2016-08-19\/rausch-ag-kreuzlingen-regelt-nachfolge\/","url":"https:\/\/www.organisator.ch\/management\/2016-08-19\/rausch-ag-kreuzlingen-regelt-nachfolge\/","name":"Rausch AG Kreuzlingen settles succession - Organizer","isPartOf":{"@id":"https:\/\/www.organisator.ch\/#website"},"primaryImageOfPage":{"@id":"https:\/\/www.organisator.ch\/management\/2016-08-19\/rausch-ag-kreuzlingen-regelt-nachfolge\/#primaryimage"},"image":{"@id":"https:\/\/www.organisator.ch\/management\/2016-08-19\/rausch-ag-kreuzlingen-regelt-nachfolge\/#primaryimage"},"thumbnailUrl":"https:\/\/www.organisator.ch\/wp-content\/uploads\/2016\/12\/Rausch-AG-Kreuzlingen-regelt-Nachfolge-organisator.jpg","datePublished":"2016-08-19T06:23:04+00:00","description":"In August, Marco Baumann (70) will retire from the operational management of the Swiss cosmetics and pharmaceutical company Rausch AG in Kreuzlingen.","breadcrumb":{"@id":"https:\/\/www.organisator.ch\/management\/2016-08-19\/rausch-ag-kreuzlingen-regelt-nachfolge\/#breadcrumb"},"inLanguage":"en-US","potentialAction":[{"@type":"ReadAction","target":["https:\/\/www.organisator.ch\/management\/2016-08-19\/rausch-ag-kreuzlingen-regelt-nachfolge\/"]}]},{"@type":"ImageObject","inLanguage":"en-US","@id":"https:\/\/www.organisator.ch\/management\/2016-08-19\/rausch-ag-kreuzlingen-regelt-nachfolge\/#primaryimage","url":"https:\/\/www.organisator.ch\/wp-content\/uploads\/2016\/12\/Rausch-AG-Kreuzlingen-regelt-Nachfolge-organisator.jpg","contentUrl":"https:\/\/www.organisator.ch\/wp-content\/uploads\/2016\/12\/Rausch-AG-Kreuzlingen-regelt-Nachfolge-organisator.jpg","width":640,"height":426,"caption":"Marco Baumann \u00fcbergibt die Leitung der Firma Rausch AG Kreuzlingen an Sohn Lucas Baumann. (Foto: obs\/Rausch AG Kreuzlingen\/Donato Caspari)"},{"@type":"BreadcrumbList","@id":"https:\/\/www.organisator.ch\/management\/2016-08-19\/rausch-ag-kreuzlingen-regelt-nachfolge\/#breadcrumb","itemListElement":[{"@type":"ListItem","position":1,"name":"Home","item":"https:\/\/www.organisator.ch\/"},{"@type":"ListItem","position":2,"name":"Rausch AG Kreuzlingen regelt Nachfolge"}]},{"@type":"WebSite","@id":"https:\/\/www.organisator.ch\/#website","url":"https:\/\/www.organisator.ch\/","name":"Organizer","description":"Competent. Practical. In 10 issues per year, ORGANISATOR presents the essential topics for managers of SMEs.","publisher":{"@id":"https:\/\/www.organisator.ch\/#organization"},"potentialAction":[{"@type":"SearchAction","target":{"@type":"EntryPoint","urlTemplate":"https:\/\/www.organisator.ch\/?s={search_term_string}"},"query-input":{"@type":"PropertyValueSpecification","valueRequired":true,"valueName":"search_term_string"}}],"inLanguage":"en-US"},{"@type":"Organization","@id":"https:\/\/www.organisator.ch\/#organization","name":"Organizer","url":"https:\/\/www.organisator.ch\/","logo":{"@type":"ImageObject","inLanguage":"en-US","@id":"https:\/\/www.organisator.ch\/#\/schema\/logo\/image\/","url":"https:\/\/www.organisator.ch\/wp-content\/uploads\/2022\/01\/Logo_Organisator_Website.png","contentUrl":"https:\/\/www.organisator.ch\/wp-content\/uploads\/2022\/01\/Logo_Organisator_Website.png","width":800,"height":77,"caption":"Organisator"},"image":{"@id":"https:\/\/www.organisator.ch\/#\/schema\/logo\/image\/"},"sameAs":["https:\/\/www.facebook.com\/OrganisatorFachmagazin","https:\/\/www.linkedin.com\/showcase\/organisator-das-magazin-fr-kmu","https:\/\/www.xing.com\/news\/pages\/organisator-ch-695","https:\/\/www.youtube.com\/channel\/UCGP2Sq0iWaZwT3BdIAQFYpw"]},{"@type":"Person","@id":"https:\/\/www.organisator.ch\/#\/schema\/person\/aa2bace6c5c5aad60102004a50c4eb1c","name":"admin","image":{"@type":"ImageObject","inLanguage":"en-US","@id":"https:\/\/secure.gravatar.com\/avatar\/ae2f4d718e6c49043e314ce431e7e645d646302a24a5ef5a8bc8e3f5a032e319?s=96&d=mm&r=g","url":"https:\/\/secure.gravatar.com\/avatar\/ae2f4d718e6c49043e314ce431e7e645d646302a24a5ef5a8bc8e3f5a032e319?s=96&d=mm&r=g","contentUrl":"https:\/\/secure.gravatar.com\/avatar\/ae2f4d718e6c49043e314ce431e7e645d646302a24a5ef5a8bc8e3f5a032e319?s=96&d=mm&r=g","caption":"admin"},"sameAs":["https:\/\/www.organisator.ch"],"url":"https:\/\/www.organisator.ch\/en\/author\/admin\/"}]}},"_links":{"self":[{"href":"https:\/\/www.organisator.ch\/en\/wp-json\/wp\/v2\/posts\/985","targetHints":{"allow":["GET"]}}],"collection":[{"href":"https:\/\/www.organisator.ch\/en\/wp-json\/wp\/v2\/posts"}],"about":[{"href":"https:\/\/www.organisator.ch\/en\/wp-json\/wp\/v2\/types\/post"}],"author":[{"embeddable":true,"href":"https:\/\/www.organisator.ch\/en\/wp-json\/wp\/v2\/users\/1"}],"replies":[{"embeddable":true,"href":"https:\/\/www.organisator.ch\/en\/wp-json\/wp\/v2\/comments?post=985"}],"version-history":[{"count":0,"href":"https:\/\/www.organisator.ch\/en\/wp-json\/wp\/v2\/posts\/985\/revisions"}],"wp:featuredmedia":[{"embeddable":true,"href":"https:\/\/www.organisator.ch\/en\/wp-json\/wp\/v2\/media\/989"}],"wp:attachment":[{"href":"https:\/\/www.organisator.ch\/en\/wp-json\/wp\/v2\/media?parent=985"}],"wp:term":[{"taxonomy":"category","embeddable":true,"href":"https:\/\/www.organisator.ch\/en\/wp-json\/wp\/v2\/categories?post=985"},{"taxonomy":"post_tag","embeddable":true,"href":"https:\/\/www.organisator.ch\/en\/wp-json\/wp\/v2\/tags?post=985"}],"curies":[{"name":"wp","href":"https:\/\/api.w.org\/{rel}","templated":true}]}}