{"id":99,"date":"2015-12-08T10:40:04","date_gmt":"2015-12-08T09:40:04","guid":{"rendered":"https:\/\/dev.umweltperspektiven.ch\/?p=99"},"modified":"2022-02-09T11:05:39","modified_gmt":"2022-02-09T10:05:39","slug":"tva-ressourcenschonung-und-neuer-name","status":"publish","type":"post","link":"https:\/\/www.organisator.ch\/en\/sustainability\/2015-12-08\/tva-ressourcenschonung-und-neuer-name\/","title":{"rendered":"TVA: Resource conservation - and a new name"},"content":{"rendered":"<figure id=\"attachment_100\" aria-describedby=\"caption-attachment-100\" style=\"width: 680px\" class=\"wp-caption alignnone\"><a href=\"\/\/dev.umweltperspektiven.ch\/wp-content\/uploads\/2016\/12\/TVA-Ressourcenschonung-und-neuer-Name-umweltperspektiven.jpg\"><img loading=\"lazy\" decoding=\"async\" class=\"wp-image-100 size-medium\" src=\"\/\/www.umweltperspektiven.ch\/wp-content\/uploads\/2016\/12\/TVA-Ressourcenschonung-und-neuer-Name-umweltperspektiven.jpg\" alt=\"Photo: Martin Abegglen. CC BY-SA 2.0\" width=\"680\" height=\"509\" \/><\/a><figcaption id=\"caption-attachment-100\" class=\"wp-caption-text\">Photo: Martin Abegglen. CC BY-SA 2.0<\/figcaption><\/figure>\n<p>The total revision was necessary in order to do justice to the changes of the past decades and to master the new challenges in Swiss waste management. The most important changes in the newly named \"Ordinance on the Prevention and Disposal of Waste\" (VVEA), or \"Waste Ordinance\" for short, are as follows:<\/p>\n<p>It now contains regulations for the recycling of biogenic waste, such as food or wood waste.<br \/>\nThe requirements for landfills were adapted to the state of the art. In the process, it was more clearly regulated how aftercare must be ensured after the end of landfill operation.<br \/>\nPhosphorus recovery from sewage sludge, animal and bone meal becomes mandatory. A transitional period of ten years applies.<br \/>\nThe ordinance now specifies how waste may be recycled in cement plants.<br \/>\nReporting, duty to inform and training are newly regulated.<\/p>\n<p>The Federal Council today put the VVEA into force on January 1, 2016.<\/p>\n<p><strong>Positive effects on the national economy<\/strong><\/p>\n<p>The Technical Regulation on Waste dates from 1990, and much has changed in the meantime. In the next few years, waste management is to develop into resource management. The main objective of the revision of the ordinance is the conservation of resources. This will have positive effects on the national economy. Closed raw material cycles lead to a more favorable disposal infrastructure in the medium and long term, as capacities can be saved at waste incineration plants. This benefits households and companies.<\/p>","protected":false},"excerpt":{"rendered":"<p>Notwendig war die Totalrevision, um den Ver\u00e4nderungen der vergangenen Jahrzehnte gerecht zu werden und die neuen Herausforderungen in der Schweizer Abfallwirtschaft zu meistern. Die wichtigsten \u00c4nderungen der neu benannten \u00abVerordnung \u00fcber die Vermeidung und die Entsorgung von Abf\u00e4llen\u00bb (VVEA), kurz \u00abAbfallverordnung\u00bb, sind folgende: Neu enth\u00e4lt sie Vorschriften f\u00fcr die Verwertung von biogenen Abf\u00e4llen, wie beispielsweise [&hellip;]<\/p>\n","protected":false},"author":1,"featured_media":100,"comment_status":"open","ping_status":"open","sticky":false,"template":"","format":"standard","meta":{"_acf_changed":false,"_yoast_wpseo_focuskw":"Totalrevision","_yoast_wpseo_metadesc":"Die Totalrevision der Technischen Verordnung \u00fcber Abf\u00e4lle r\u00e4umt der Vermeidung, Verminderung und gezielten Verwertung von Abf\u00e4llen einen h\u00f6heren Stellenwert ein.","articlekey":"","footnotes":""},"categories":[580],"tags":[654,100,1987,2008,2339,2496],"class_list":["post-99","post","type-post","status-publish","format-standard","has-post-thumbnail","hentry","category-sustainability","tag-abfall","tag-bundesrat","tag-recycling","tag-ressourcen","tag-tva","tag-vvea"],"acf":[],"yoast_head":"<!-- This site is optimized with the Yoast SEO plugin v27.5 - https:\/\/yoast.com\/product\/yoast-seo-wordpress\/ -->\n<title>TVA: Ressourcenschonung - und neuer Name - Organisator<\/title>\n<meta name=\"description\" content=\"Die Totalrevision der Technischen Verordnung \u00fcber Abf\u00e4lle r\u00e4umt der Vermeidung, Verminderung und gezielten Verwertung von Abf\u00e4llen einen h\u00f6heren Stellenwert ein.\" \/>\n<meta name=\"robots\" content=\"index, follow, max-snippet:-1, max-image-preview:large, max-video-preview:-1\" \/>\n<link rel=\"canonical\" href=\"https:\/\/www.organisator.ch\/en\/sustainability\/2015-12-08\/tva-ressourcenschonung-und-neuer-name\/\" \/>\n<meta property=\"og:locale\" content=\"en_US\" \/>\n<meta property=\"og:type\" content=\"article\" \/>\n<meta property=\"og:title\" content=\"TVA: Ressourcenschonung - und neuer Name - Organisator\" \/>\n<meta property=\"og:description\" content=\"Die Totalrevision der Technischen Verordnung \u00fcber Abf\u00e4lle r\u00e4umt der Vermeidung, Verminderung und gezielten Verwertung von Abf\u00e4llen einen h\u00f6heren Stellenwert ein.\" \/>\n<meta property=\"og:url\" content=\"https:\/\/www.organisator.ch\/en\/sustainability\/2015-12-08\/tva-ressourcenschonung-und-neuer-name\/\" \/>\n<meta property=\"og:site_name\" content=\"Organisator\" \/>\n<meta property=\"article:publisher\" content=\"https:\/\/www.facebook.com\/OrganisatorFachmagazin\" \/>\n<meta property=\"article:published_time\" content=\"2015-12-08T09:40:04+00:00\" \/>\n<meta property=\"article:modified_time\" content=\"2022-02-09T10:05:39+00:00\" \/>\n<meta property=\"og:image\" content=\"https:\/\/www.organisator.ch\/wp-content\/uploads\/2016\/12\/TVA-Ressourcenschonung-und-neuer-Name-umweltperspektiven-scaled.jpg\" \/>\n\t<meta property=\"og:image:width\" content=\"2560\" \/>\n\t<meta property=\"og:image:height\" content=\"1915\" \/>\n\t<meta property=\"og:image:type\" content=\"image\/jpeg\" \/>\n<meta name=\"author\" content=\"admin\" \/>\n<meta name=\"twitter:card\" content=\"summary_large_image\" \/>\n<script type=\"application\/ld+json\" class=\"yoast-schema-graph\">{\"@context\":\"https:\\\/\\\/schema.org\",\"@graph\":[{\"@type\":\"Article\",\"@id\":\"https:\\\/\\\/www.organisator.ch\\\/sustainability\\\/2015-12-08\\\/tva-ressourcenschonung-und-neuer-name\\\/#article\",\"isPartOf\":{\"@id\":\"https:\\\/\\\/www.organisator.ch\\\/sustainability\\\/2015-12-08\\\/tva-ressourcenschonung-und-neuer-name\\\/\"},\"author\":{\"name\":\"admin\",\"@id\":\"https:\\\/\\\/www.organisator.ch\\\/#\\\/schema\\\/person\\\/aa2bace6c5c5aad60102004a50c4eb1c\"},\"headline\":\"TVA: Ressourcenschonung &#8211; und neuer Name\",\"datePublished\":\"2015-12-08T09:40:04+00:00\",\"dateModified\":\"2022-02-09T10:05:39+00:00\",\"mainEntityOfPage\":{\"@id\":\"https:\\\/\\\/www.organisator.ch\\\/sustainability\\\/2015-12-08\\\/tva-ressourcenschonung-und-neuer-name\\\/\"},\"wordCount\":240,\"commentCount\":0,\"publisher\":{\"@id\":\"https:\\\/\\\/www.organisator.ch\\\/#organization\"},\"image\":{\"@id\":\"https:\\\/\\\/www.organisator.ch\\\/sustainability\\\/2015-12-08\\\/tva-ressourcenschonung-und-neuer-name\\\/#primaryimage\"},\"thumbnailUrl\":\"https:\\\/\\\/www.organisator.ch\\\/wp-content\\\/uploads\\\/2016\\\/12\\\/TVA-Ressourcenschonung-und-neuer-Name-umweltperspektiven-scaled.jpg\",\"keywords\":[\"Abfall\",\"Bundesrat\",\"Recycling\",\"Ressourcen\",\"TVA\",\"VVEA\"],\"articleSection\":[\"SUSTAINABILITY\"],\"inLanguage\":\"en-US\"},{\"@type\":\"WebPage\",\"@id\":\"https:\\\/\\\/www.organisator.ch\\\/sustainability\\\/2015-12-08\\\/tva-ressourcenschonung-und-neuer-name\\\/\",\"url\":\"https:\\\/\\\/www.organisator.ch\\\/sustainability\\\/2015-12-08\\\/tva-ressourcenschonung-und-neuer-name\\\/\",\"name\":\"TVA: Ressourcenschonung - und neuer Name - Organisator\",\"isPartOf\":{\"@id\":\"https:\\\/\\\/www.organisator.ch\\\/#website\"},\"primaryImageOfPage\":{\"@id\":\"https:\\\/\\\/www.organisator.ch\\\/sustainability\\\/2015-12-08\\\/tva-ressourcenschonung-und-neuer-name\\\/#primaryimage\"},\"image\":{\"@id\":\"https:\\\/\\\/www.organisator.ch\\\/sustainability\\\/2015-12-08\\\/tva-ressourcenschonung-und-neuer-name\\\/#primaryimage\"},\"thumbnailUrl\":\"https:\\\/\\\/www.organisator.ch\\\/wp-content\\\/uploads\\\/2016\\\/12\\\/TVA-Ressourcenschonung-und-neuer-Name-umweltperspektiven-scaled.jpg\",\"datePublished\":\"2015-12-08T09:40:04+00:00\",\"dateModified\":\"2022-02-09T10:05:39+00:00\",\"description\":\"Die Totalrevision der Technischen Verordnung \u00fcber Abf\u00e4lle r\u00e4umt der Vermeidung, Verminderung und gezielten Verwertung von Abf\u00e4llen einen h\u00f6heren Stellenwert ein.\",\"breadcrumb\":{\"@id\":\"https:\\\/\\\/www.organisator.ch\\\/sustainability\\\/2015-12-08\\\/tva-ressourcenschonung-und-neuer-name\\\/#breadcrumb\"},\"inLanguage\":\"en-US\",\"potentialAction\":[{\"@type\":\"ReadAction\",\"target\":[\"https:\\\/\\\/www.organisator.ch\\\/sustainability\\\/2015-12-08\\\/tva-ressourcenschonung-und-neuer-name\\\/\"]}]},{\"@type\":\"ImageObject\",\"inLanguage\":\"en-US\",\"@id\":\"https:\\\/\\\/www.organisator.ch\\\/sustainability\\\/2015-12-08\\\/tva-ressourcenschonung-und-neuer-name\\\/#primaryimage\",\"url\":\"https:\\\/\\\/www.organisator.ch\\\/wp-content\\\/uploads\\\/2016\\\/12\\\/TVA-Ressourcenschonung-und-neuer-Name-umweltperspektiven-scaled.jpg\",\"contentUrl\":\"https:\\\/\\\/www.organisator.ch\\\/wp-content\\\/uploads\\\/2016\\\/12\\\/TVA-Ressourcenschonung-und-neuer-Name-umweltperspektiven-scaled.jpg\",\"width\":2560,\"height\":1915,\"caption\":\"Foto: Martin Abegglen. CC BY-SA 2.0\"},{\"@type\":\"BreadcrumbList\",\"@id\":\"https:\\\/\\\/www.organisator.ch\\\/sustainability\\\/2015-12-08\\\/tva-ressourcenschonung-und-neuer-name\\\/#breadcrumb\",\"itemListElement\":[{\"@type\":\"ListItem\",\"position\":1,\"name\":\"Home\",\"item\":\"https:\\\/\\\/www.organisator.ch\\\/\"},{\"@type\":\"ListItem\",\"position\":2,\"name\":\"TVA: Ressourcenschonung &#8211; und neuer Name\"}]},{\"@type\":\"WebSite\",\"@id\":\"https:\\\/\\\/www.organisator.ch\\\/#website\",\"url\":\"https:\\\/\\\/www.organisator.ch\\\/\",\"name\":\"Organisator\",\"description\":\"Kompetent. Praxisnah. Der ORGANISATOR bereitet in 10 Ausgaben pro Jahr die wesentlichen Themen f\u00fcr F\u00fchrungskr\u00e4fte von KMU auf.\",\"publisher\":{\"@id\":\"https:\\\/\\\/www.organisator.ch\\\/#organization\"},\"potentialAction\":[{\"@type\":\"SearchAction\",\"target\":{\"@type\":\"EntryPoint\",\"urlTemplate\":\"https:\\\/\\\/www.organisator.ch\\\/?s={search_term_string}\"},\"query-input\":{\"@type\":\"PropertyValueSpecification\",\"valueRequired\":true,\"valueName\":\"search_term_string\"}}],\"inLanguage\":\"en-US\"},{\"@type\":\"Organization\",\"@id\":\"https:\\\/\\\/www.organisator.ch\\\/#organization\",\"name\":\"Organisator\",\"url\":\"https:\\\/\\\/www.organisator.ch\\\/\",\"logo\":{\"@type\":\"ImageObject\",\"inLanguage\":\"en-US\",\"@id\":\"https:\\\/\\\/www.organisator.ch\\\/#\\\/schema\\\/logo\\\/image\\\/\",\"url\":\"https:\\\/\\\/www.organisator.ch\\\/wp-content\\\/uploads\\\/2022\\\/01\\\/Logo_Organisator_Website.png\",\"contentUrl\":\"https:\\\/\\\/www.organisator.ch\\\/wp-content\\\/uploads\\\/2022\\\/01\\\/Logo_Organisator_Website.png\",\"width\":800,\"height\":77,\"caption\":\"Organisator\"},\"image\":{\"@id\":\"https:\\\/\\\/www.organisator.ch\\\/#\\\/schema\\\/logo\\\/image\\\/\"},\"sameAs\":[\"https:\\\/\\\/www.facebook.com\\\/OrganisatorFachmagazin\",\"https:\\\/\\\/www.linkedin.com\\\/showcase\\\/organisator-das-magazin-fr-kmu\",\"https:\\\/\\\/www.xing.com\\\/news\\\/pages\\\/organisator-ch-695\",\"https:\\\/\\\/www.youtube.com\\\/channel\\\/UCGP2Sq0iWaZwT3BdIAQFYpw\"]},{\"@type\":\"Person\",\"@id\":\"https:\\\/\\\/www.organisator.ch\\\/#\\\/schema\\\/person\\\/aa2bace6c5c5aad60102004a50c4eb1c\",\"name\":\"admin\",\"image\":{\"@type\":\"ImageObject\",\"inLanguage\":\"en-US\",\"@id\":\"https:\\\/\\\/secure.gravatar.com\\\/avatar\\\/ae2f4d718e6c49043e314ce431e7e645d646302a24a5ef5a8bc8e3f5a032e319?s=96&d=mm&r=g\",\"url\":\"https:\\\/\\\/secure.gravatar.com\\\/avatar\\\/ae2f4d718e6c49043e314ce431e7e645d646302a24a5ef5a8bc8e3f5a032e319?s=96&d=mm&r=g\",\"contentUrl\":\"https:\\\/\\\/secure.gravatar.com\\\/avatar\\\/ae2f4d718e6c49043e314ce431e7e645d646302a24a5ef5a8bc8e3f5a032e319?s=96&d=mm&r=g\",\"caption\":\"admin\"},\"sameAs\":[\"https:\\\/\\\/www.organisator.ch\"],\"url\":\"https:\\\/\\\/www.organisator.ch\\\/en\\\/author\\\/admin\\\/\"}]}<\/script>\n<!-- \/ Yoast SEO plugin. -->","yoast_head_json":{"title":"TVA: resource conservation - and new name - organizer","description":"The total revision of the Technical Ordinance on Waste gives greater priority to the avoidance, reduction and targeted recycling of waste.","robots":{"index":"index","follow":"follow","max-snippet":"max-snippet:-1","max-image-preview":"max-image-preview:large","max-video-preview":"max-video-preview:-1"},"canonical":"https:\/\/www.organisator.ch\/en\/sustainability\/2015-12-08\/tva-ressourcenschonung-und-neuer-name\/","og_locale":"en_US","og_type":"article","og_title":"TVA: Ressourcenschonung - und neuer Name - Organisator","og_description":"Die Totalrevision der Technischen Verordnung \u00fcber Abf\u00e4lle r\u00e4umt der Vermeidung, Verminderung und gezielten Verwertung von Abf\u00e4llen einen h\u00f6heren Stellenwert ein.","og_url":"https:\/\/www.organisator.ch\/en\/sustainability\/2015-12-08\/tva-ressourcenschonung-und-neuer-name\/","og_site_name":"Organisator","article_publisher":"https:\/\/www.facebook.com\/OrganisatorFachmagazin","article_published_time":"2015-12-08T09:40:04+00:00","article_modified_time":"2022-02-09T10:05:39+00:00","og_image":[{"width":2560,"height":1915,"url":"https:\/\/www.organisator.ch\/wp-content\/uploads\/2016\/12\/TVA-Ressourcenschonung-und-neuer-Name-umweltperspektiven-scaled.jpg","type":"image\/jpeg"}],"author":"admin","twitter_card":"summary_large_image","schema":{"@context":"https:\/\/schema.org","@graph":[{"@type":"Article","@id":"https:\/\/www.organisator.ch\/sustainability\/2015-12-08\/tva-ressourcenschonung-und-neuer-name\/#article","isPartOf":{"@id":"https:\/\/www.organisator.ch\/sustainability\/2015-12-08\/tva-ressourcenschonung-und-neuer-name\/"},"author":{"name":"admin","@id":"https:\/\/www.organisator.ch\/#\/schema\/person\/aa2bace6c5c5aad60102004a50c4eb1c"},"headline":"TVA: Ressourcenschonung &#8211; und neuer Name","datePublished":"2015-12-08T09:40:04+00:00","dateModified":"2022-02-09T10:05:39+00:00","mainEntityOfPage":{"@id":"https:\/\/www.organisator.ch\/sustainability\/2015-12-08\/tva-ressourcenschonung-und-neuer-name\/"},"wordCount":240,"commentCount":0,"publisher":{"@id":"https:\/\/www.organisator.ch\/#organization"},"image":{"@id":"https:\/\/www.organisator.ch\/sustainability\/2015-12-08\/tva-ressourcenschonung-und-neuer-name\/#primaryimage"},"thumbnailUrl":"https:\/\/www.organisator.ch\/wp-content\/uploads\/2016\/12\/TVA-Ressourcenschonung-und-neuer-Name-umweltperspektiven-scaled.jpg","keywords":["Abfall","Bundesrat","Recycling","Ressourcen","TVA","VVEA"],"articleSection":["SUSTAINABILITY"],"inLanguage":"en-US"},{"@type":"WebPage","@id":"https:\/\/www.organisator.ch\/sustainability\/2015-12-08\/tva-ressourcenschonung-und-neuer-name\/","url":"https:\/\/www.organisator.ch\/sustainability\/2015-12-08\/tva-ressourcenschonung-und-neuer-name\/","name":"TVA: resource conservation - and new name - organizer","isPartOf":{"@id":"https:\/\/www.organisator.ch\/#website"},"primaryImageOfPage":{"@id":"https:\/\/www.organisator.ch\/sustainability\/2015-12-08\/tva-ressourcenschonung-und-neuer-name\/#primaryimage"},"image":{"@id":"https:\/\/www.organisator.ch\/sustainability\/2015-12-08\/tva-ressourcenschonung-und-neuer-name\/#primaryimage"},"thumbnailUrl":"https:\/\/www.organisator.ch\/wp-content\/uploads\/2016\/12\/TVA-Ressourcenschonung-und-neuer-Name-umweltperspektiven-scaled.jpg","datePublished":"2015-12-08T09:40:04+00:00","dateModified":"2022-02-09T10:05:39+00:00","description":"The total revision of the Technical Ordinance on Waste gives greater priority to the avoidance, reduction and targeted recycling of waste.","breadcrumb":{"@id":"https:\/\/www.organisator.ch\/sustainability\/2015-12-08\/tva-ressourcenschonung-und-neuer-name\/#breadcrumb"},"inLanguage":"en-US","potentialAction":[{"@type":"ReadAction","target":["https:\/\/www.organisator.ch\/sustainability\/2015-12-08\/tva-ressourcenschonung-und-neuer-name\/"]}]},{"@type":"ImageObject","inLanguage":"en-US","@id":"https:\/\/www.organisator.ch\/sustainability\/2015-12-08\/tva-ressourcenschonung-und-neuer-name\/#primaryimage","url":"https:\/\/www.organisator.ch\/wp-content\/uploads\/2016\/12\/TVA-Ressourcenschonung-und-neuer-Name-umweltperspektiven-scaled.jpg","contentUrl":"https:\/\/www.organisator.ch\/wp-content\/uploads\/2016\/12\/TVA-Ressourcenschonung-und-neuer-Name-umweltperspektiven-scaled.jpg","width":2560,"height":1915,"caption":"Foto: Martin Abegglen. CC BY-SA 2.0"},{"@type":"BreadcrumbList","@id":"https:\/\/www.organisator.ch\/sustainability\/2015-12-08\/tva-ressourcenschonung-und-neuer-name\/#breadcrumb","itemListElement":[{"@type":"ListItem","position":1,"name":"Home","item":"https:\/\/www.organisator.ch\/"},{"@type":"ListItem","position":2,"name":"TVA: Ressourcenschonung &#8211; und neuer Name"}]},{"@type":"WebSite","@id":"https:\/\/www.organisator.ch\/#website","url":"https:\/\/www.organisator.ch\/","name":"Organizer","description":"Competent. Practical. In 10 issues per year, ORGANISATOR presents the essential topics for managers of SMEs.","publisher":{"@id":"https:\/\/www.organisator.ch\/#organization"},"potentialAction":[{"@type":"SearchAction","target":{"@type":"EntryPoint","urlTemplate":"https:\/\/www.organisator.ch\/?s={search_term_string}"},"query-input":{"@type":"PropertyValueSpecification","valueRequired":true,"valueName":"search_term_string"}}],"inLanguage":"en-US"},{"@type":"Organization","@id":"https:\/\/www.organisator.ch\/#organization","name":"Organizer","url":"https:\/\/www.organisator.ch\/","logo":{"@type":"ImageObject","inLanguage":"en-US","@id":"https:\/\/www.organisator.ch\/#\/schema\/logo\/image\/","url":"https:\/\/www.organisator.ch\/wp-content\/uploads\/2022\/01\/Logo_Organisator_Website.png","contentUrl":"https:\/\/www.organisator.ch\/wp-content\/uploads\/2022\/01\/Logo_Organisator_Website.png","width":800,"height":77,"caption":"Organisator"},"image":{"@id":"https:\/\/www.organisator.ch\/#\/schema\/logo\/image\/"},"sameAs":["https:\/\/www.facebook.com\/OrganisatorFachmagazin","https:\/\/www.linkedin.com\/showcase\/organisator-das-magazin-fr-kmu","https:\/\/www.xing.com\/news\/pages\/organisator-ch-695","https:\/\/www.youtube.com\/channel\/UCGP2Sq0iWaZwT3BdIAQFYpw"]},{"@type":"Person","@id":"https:\/\/www.organisator.ch\/#\/schema\/person\/aa2bace6c5c5aad60102004a50c4eb1c","name":"admin","image":{"@type":"ImageObject","inLanguage":"en-US","@id":"https:\/\/secure.gravatar.com\/avatar\/ae2f4d718e6c49043e314ce431e7e645d646302a24a5ef5a8bc8e3f5a032e319?s=96&d=mm&r=g","url":"https:\/\/secure.gravatar.com\/avatar\/ae2f4d718e6c49043e314ce431e7e645d646302a24a5ef5a8bc8e3f5a032e319?s=96&d=mm&r=g","contentUrl":"https:\/\/secure.gravatar.com\/avatar\/ae2f4d718e6c49043e314ce431e7e645d646302a24a5ef5a8bc8e3f5a032e319?s=96&d=mm&r=g","caption":"admin"},"sameAs":["https:\/\/www.organisator.ch"],"url":"https:\/\/www.organisator.ch\/en\/author\/admin\/"}]}},"_links":{"self":[{"href":"https:\/\/www.organisator.ch\/en\/wp-json\/wp\/v2\/posts\/99","targetHints":{"allow":["GET"]}}],"collection":[{"href":"https:\/\/www.organisator.ch\/en\/wp-json\/wp\/v2\/posts"}],"about":[{"href":"https:\/\/www.organisator.ch\/en\/wp-json\/wp\/v2\/types\/post"}],"author":[{"embeddable":true,"href":"https:\/\/www.organisator.ch\/en\/wp-json\/wp\/v2\/users\/1"}],"replies":[{"embeddable":true,"href":"https:\/\/www.organisator.ch\/en\/wp-json\/wp\/v2\/comments?post=99"}],"version-history":[{"count":1,"href":"https:\/\/www.organisator.ch\/en\/wp-json\/wp\/v2\/posts\/99\/revisions"}],"predecessor-version":[{"id":10441,"href":"https:\/\/www.organisator.ch\/en\/wp-json\/wp\/v2\/posts\/99\/revisions\/10441"}],"wp:featuredmedia":[{"embeddable":true,"href":"https:\/\/www.organisator.ch\/en\/wp-json\/wp\/v2\/media\/100"}],"wp:attachment":[{"href":"https:\/\/www.organisator.ch\/en\/wp-json\/wp\/v2\/media?parent=99"}],"wp:term":[{"taxonomy":"category","embeddable":true,"href":"https:\/\/www.organisator.ch\/en\/wp-json\/wp\/v2\/categories?post=99"},{"taxonomy":"post_tag","embeddable":true,"href":"https:\/\/www.organisator.ch\/en\/wp-json\/wp\/v2\/tags?post=99"}],"curies":[{"name":"wp","href":"https:\/\/api.w.org\/{rel}","templated":true}]}}