{"id":9904,"date":"2015-12-11T10:43:14","date_gmt":"2015-12-11T09:43:14","guid":{"rendered":"https:\/\/dev.umweltperspektiven.ch\/?p=105"},"modified":"2022-02-09T11:06:59","modified_gmt":"2022-02-09T10:06:59","slug":"verbotenes-kaeltemittel-deutschland-verklagt","status":"publish","type":"post","link":"https:\/\/www.organisator.ch\/en\/sustainability\/2015-12-11\/verbotenes-kaeltemittel-deutschland-verklagt\/","title":{"rendered":"Banned refrigerant: Germany sued"},"content":{"rendered":"<figure id=\"attachment_106\" aria-describedby=\"caption-attachment-106\" style=\"width: 680px\" class=\"wp-caption alignnone\"><a href=\"\/\/dev.umweltperspektiven.ch\/wp-content\/uploads\/2016\/12\/Verbotenes-K\u00e4ltemittel-Deutschland-verklagt-umweltperspektiven.jpg\"><img loading=\"lazy\" decoding=\"async\" class=\"size-medium wp-image-106\" src=\"\/\/dev.umweltperspektiven.ch\/wp-content\/uploads\/2016\/12\/Verbotenes-K\u00e4ltemittel-Deutschland-verklagt-umweltperspektiven.jpg\" alt=\"Banned refrigerant Germany sued\" width=\"680\" height=\"457\" \/><\/a><figcaption id=\"caption-attachment-106\" class=\"wp-caption-text\">Banned refrigerant Germany sued<\/figcaption><\/figure>\n<p>The European Commission has decided to take Germany to the European Court of Justice. The reason for this is Germany's failure to implement Directive 2006\/40\/EC on air conditioning systems in motor vehicles, which requires the use of vehicle refrigerants with lower global warming potential and a phasing out of certain fluorinated greenhouse gases. National type-approval authorities are required to certify that a vehicle meets all EU safety, environmental and manufacturing requirements - including requirements for air-conditioning systems in motor vehicles - before issuing a permit to place it on the EU market. This matter is governed by Directive 2007\/46\/EC, which sets out a general framework for motor vehicle type approvals and a range of remedies, including the possibility of penalties.<\/p>\n<p>The Commission alleges that Germany violated EU law by allowing German vehicle manufacturer Daimler AG to place vehicles on the EU market that did not comply with the Directive on Air Conditioning in Vehicles and failing to take corrective action.<\/p>\n<p><strong>Daimler claimed safety concerns<\/strong><\/p>\n<p>Daimler AG raised safety concerns about the refrigerants prescribed in the directive. These concerns were not supported by the other motor vehicle manufacturers and were dismissed by the German Federal Motor Transport Authority (KBA) and the European Commission's Joint Research Centre, which carried out an additional risk analysis in 2014.<\/p>\n<p>Despite contacts between the Commission and the German authorities in connection with the infringement proceedings, Germany took no further action against the issuing of type-approvals for non-compliant motor vehicles and took no remedial action against the manufacturer.<\/p>\n<p>By taking Germany to the Court of Justice, the Commission aims to ensure that the climate objectives of this Directive are met and that EU law is applied uniformly across the EU, guaranteeing a level playing field for all economic operators.<\/p>\n<p><em>Source: European Commission<\/em><\/p>","protected":false},"excerpt":{"rendered":"<p>Die Europ\u00e4ische Kommission hat beschlossen, vor dem Europ\u00e4ischen Gerichtshof eine Klage gegen Deutschland zu erheben. Grund hierf\u00fcr ist die Nichtumsetzung der Richtlinie 2006\/40\/EG \u00fcber Klimaanlagen in Kraftfahrzeugen, in der die Verwendung von Fahrzeug-K\u00e4ltemitteln mit geringerem Treibhauspotenzial sowie ein schrittweises Abschaffen bestimmter fluorierter Treibhausgase vorgeschrieben wird. Die nationalen Typgenehmigungsbeh\u00f6rden sind dazu verpflichtet, zu bescheinigen, dass ein [&hellip;]<\/p>\n","protected":false},"author":1,"featured_media":9340,"comment_status":"open","ping_status":"open","sticky":false,"template":"","format":"standard","meta":{"_acf_changed":false,"_yoast_wpseo_focuskw":"K\u00e4ltemittel","_yoast_wpseo_metadesc":"Die EU-Kommission verklagt Deutschland vor dem EU-Gerichtshof wegen der Verwendung eines verbotenen Treibhausgases als Fahrzeug-K\u00e4ltemittel.","articlekey":"","footnotes":""},"categories":[580],"tags":[745,977,1136],"class_list":["post-9904","post","type-post","status-publish","format-standard","has-post-thumbnail","hentry","category-sustainability","tag-auto-kaeltemittel","tag-deutschland-verklagt","tag-eu-kommission"],"acf":[],"yoast_head":"<!-- This site is optimized with the Yoast SEO plugin v27.4 - https:\/\/yoast.com\/product\/yoast-seo-wordpress\/ -->\n<title>Verbotenes K\u00e4ltemittel: Deutschland verklagt - Organisator<\/title>\n<meta name=\"description\" content=\"Die EU-Kommission verklagt Deutschland vor dem EU-Gerichtshof wegen der Verwendung eines verbotenen Treibhausgases als Fahrzeug-K\u00e4ltemittel.\" \/>\n<meta name=\"robots\" content=\"index, follow, max-snippet:-1, max-image-preview:large, max-video-preview:-1\" \/>\n<link rel=\"canonical\" href=\"https:\/\/www.organisator.ch\/en\/sustainability\/2015-12-11\/verbotenes-kaeltemittel-deutschland-verklagt\/\" \/>\n<meta property=\"og:locale\" content=\"en_US\" \/>\n<meta property=\"og:type\" content=\"article\" \/>\n<meta property=\"og:title\" content=\"Verbotenes K\u00e4ltemittel: Deutschland verklagt - Organisator\" \/>\n<meta property=\"og:description\" content=\"Die EU-Kommission verklagt Deutschland vor dem EU-Gerichtshof wegen der Verwendung eines verbotenen Treibhausgases als Fahrzeug-K\u00e4ltemittel.\" \/>\n<meta property=\"og:url\" content=\"https:\/\/www.organisator.ch\/en\/sustainability\/2015-12-11\/verbotenes-kaeltemittel-deutschland-verklagt\/\" \/>\n<meta property=\"og:site_name\" content=\"Organisator\" \/>\n<meta property=\"article:publisher\" content=\"https:\/\/www.facebook.com\/OrganisatorFachmagazin\" \/>\n<meta property=\"article:published_time\" content=\"2015-12-11T09:43:14+00:00\" \/>\n<meta property=\"article:modified_time\" content=\"2022-02-09T10:06:59+00:00\" \/>\n<meta property=\"og:image\" content=\"https:\/\/www.organisator.ch\/wp-content\/uploads\/2016\/12\/Verbotenes-Kaeltemittel-Deutschland-verklagt-umweltperspektiven-scaled.jpg\" \/>\n\t<meta property=\"og:image:width\" content=\"2560\" \/>\n\t<meta property=\"og:image:height\" content=\"1720\" \/>\n\t<meta property=\"og:image:type\" content=\"image\/jpeg\" \/>\n<meta name=\"author\" content=\"admin\" \/>\n<meta name=\"twitter:card\" content=\"summary_large_image\" \/>\n<script type=\"application\/ld+json\" class=\"yoast-schema-graph\">{\"@context\":\"https:\\\/\\\/schema.org\",\"@graph\":[{\"@type\":\"Article\",\"@id\":\"https:\\\/\\\/www.organisator.ch\\\/sustainability\\\/2015-12-11\\\/verbotenes-kaeltemittel-deutschland-verklagt\\\/#article\",\"isPartOf\":{\"@id\":\"https:\\\/\\\/www.organisator.ch\\\/sustainability\\\/2015-12-11\\\/verbotenes-kaeltemittel-deutschland-verklagt\\\/\"},\"author\":{\"name\":\"admin\",\"@id\":\"https:\\\/\\\/www.organisator.ch\\\/#\\\/schema\\\/person\\\/aa2bace6c5c5aad60102004a50c4eb1c\"},\"headline\":\"Verbotenes K\u00e4ltemittel: Deutschland verklagt\",\"datePublished\":\"2015-12-11T09:43:14+00:00\",\"dateModified\":\"2022-02-09T10:06:59+00:00\",\"mainEntityOfPage\":{\"@id\":\"https:\\\/\\\/www.organisator.ch\\\/sustainability\\\/2015-12-11\\\/verbotenes-kaeltemittel-deutschland-verklagt\\\/\"},\"wordCount\":318,\"commentCount\":0,\"publisher\":{\"@id\":\"https:\\\/\\\/www.organisator.ch\\\/#organization\"},\"image\":{\"@id\":\"https:\\\/\\\/www.organisator.ch\\\/sustainability\\\/2015-12-11\\\/verbotenes-kaeltemittel-deutschland-verklagt\\\/#primaryimage\"},\"thumbnailUrl\":\"https:\\\/\\\/www.organisator.ch\\\/wp-content\\\/uploads\\\/2016\\\/12\\\/Verbotenes-Kaeltemittel-Deutschland-verklagt-umweltperspektiven-scaled.jpg\",\"keywords\":[\"Auto-K\u00e4ltemittel\",\"Deutschland verklagt\",\"EU-Kommission\"],\"articleSection\":[\"SUSTAINABILITY\"],\"inLanguage\":\"en-US\"},{\"@type\":\"WebPage\",\"@id\":\"https:\\\/\\\/www.organisator.ch\\\/sustainability\\\/2015-12-11\\\/verbotenes-kaeltemittel-deutschland-verklagt\\\/\",\"url\":\"https:\\\/\\\/www.organisator.ch\\\/sustainability\\\/2015-12-11\\\/verbotenes-kaeltemittel-deutschland-verklagt\\\/\",\"name\":\"Verbotenes K\u00e4ltemittel: Deutschland verklagt - Organisator\",\"isPartOf\":{\"@id\":\"https:\\\/\\\/www.organisator.ch\\\/#website\"},\"primaryImageOfPage\":{\"@id\":\"https:\\\/\\\/www.organisator.ch\\\/sustainability\\\/2015-12-11\\\/verbotenes-kaeltemittel-deutschland-verklagt\\\/#primaryimage\"},\"image\":{\"@id\":\"https:\\\/\\\/www.organisator.ch\\\/sustainability\\\/2015-12-11\\\/verbotenes-kaeltemittel-deutschland-verklagt\\\/#primaryimage\"},\"thumbnailUrl\":\"https:\\\/\\\/www.organisator.ch\\\/wp-content\\\/uploads\\\/2016\\\/12\\\/Verbotenes-Kaeltemittel-Deutschland-verklagt-umweltperspektiven-scaled.jpg\",\"datePublished\":\"2015-12-11T09:43:14+00:00\",\"dateModified\":\"2022-02-09T10:06:59+00:00\",\"description\":\"Die EU-Kommission verklagt Deutschland vor dem EU-Gerichtshof wegen der Verwendung eines verbotenen Treibhausgases als Fahrzeug-K\u00e4ltemittel.\",\"breadcrumb\":{\"@id\":\"https:\\\/\\\/www.organisator.ch\\\/sustainability\\\/2015-12-11\\\/verbotenes-kaeltemittel-deutschland-verklagt\\\/#breadcrumb\"},\"inLanguage\":\"en-US\",\"potentialAction\":[{\"@type\":\"ReadAction\",\"target\":[\"https:\\\/\\\/www.organisator.ch\\\/sustainability\\\/2015-12-11\\\/verbotenes-kaeltemittel-deutschland-verklagt\\\/\"]}]},{\"@type\":\"ImageObject\",\"inLanguage\":\"en-US\",\"@id\":\"https:\\\/\\\/www.organisator.ch\\\/sustainability\\\/2015-12-11\\\/verbotenes-kaeltemittel-deutschland-verklagt\\\/#primaryimage\",\"url\":\"https:\\\/\\\/www.organisator.ch\\\/wp-content\\\/uploads\\\/2016\\\/12\\\/Verbotenes-Kaeltemittel-Deutschland-verklagt-umweltperspektiven-scaled.jpg\",\"contentUrl\":\"https:\\\/\\\/www.organisator.ch\\\/wp-content\\\/uploads\\\/2016\\\/12\\\/Verbotenes-Kaeltemittel-Deutschland-verklagt-umweltperspektiven-scaled.jpg\",\"width\":2560,\"height\":1720,\"caption\":\"Verbotenes K\u00e4ltemittel Deutschland verklagt\"},{\"@type\":\"BreadcrumbList\",\"@id\":\"https:\\\/\\\/www.organisator.ch\\\/sustainability\\\/2015-12-11\\\/verbotenes-kaeltemittel-deutschland-verklagt\\\/#breadcrumb\",\"itemListElement\":[{\"@type\":\"ListItem\",\"position\":1,\"name\":\"Home\",\"item\":\"https:\\\/\\\/www.organisator.ch\\\/\"},{\"@type\":\"ListItem\",\"position\":2,\"name\":\"Verbotenes K\u00e4ltemittel: Deutschland verklagt\"}]},{\"@type\":\"WebSite\",\"@id\":\"https:\\\/\\\/www.organisator.ch\\\/#website\",\"url\":\"https:\\\/\\\/www.organisator.ch\\\/\",\"name\":\"Organisator\",\"description\":\"Kompetent. Praxisnah. Der ORGANISATOR bereitet in 10 Ausgaben pro Jahr die wesentlichen Themen f\u00fcr F\u00fchrungskr\u00e4fte von KMU auf.\",\"publisher\":{\"@id\":\"https:\\\/\\\/www.organisator.ch\\\/#organization\"},\"potentialAction\":[{\"@type\":\"SearchAction\",\"target\":{\"@type\":\"EntryPoint\",\"urlTemplate\":\"https:\\\/\\\/www.organisator.ch\\\/?s={search_term_string}\"},\"query-input\":{\"@type\":\"PropertyValueSpecification\",\"valueRequired\":true,\"valueName\":\"search_term_string\"}}],\"inLanguage\":\"en-US\"},{\"@type\":\"Organization\",\"@id\":\"https:\\\/\\\/www.organisator.ch\\\/#organization\",\"name\":\"Organisator\",\"url\":\"https:\\\/\\\/www.organisator.ch\\\/\",\"logo\":{\"@type\":\"ImageObject\",\"inLanguage\":\"en-US\",\"@id\":\"https:\\\/\\\/www.organisator.ch\\\/#\\\/schema\\\/logo\\\/image\\\/\",\"url\":\"https:\\\/\\\/www.organisator.ch\\\/wp-content\\\/uploads\\\/2022\\\/01\\\/Logo_Organisator_Website.png\",\"contentUrl\":\"https:\\\/\\\/www.organisator.ch\\\/wp-content\\\/uploads\\\/2022\\\/01\\\/Logo_Organisator_Website.png\",\"width\":800,\"height\":77,\"caption\":\"Organisator\"},\"image\":{\"@id\":\"https:\\\/\\\/www.organisator.ch\\\/#\\\/schema\\\/logo\\\/image\\\/\"},\"sameAs\":[\"https:\\\/\\\/www.facebook.com\\\/OrganisatorFachmagazin\",\"https:\\\/\\\/www.linkedin.com\\\/showcase\\\/organisator-das-magazin-fr-kmu\",\"https:\\\/\\\/www.xing.com\\\/news\\\/pages\\\/organisator-ch-695\",\"https:\\\/\\\/www.youtube.com\\\/channel\\\/UCGP2Sq0iWaZwT3BdIAQFYpw\"]},{\"@type\":\"Person\",\"@id\":\"https:\\\/\\\/www.organisator.ch\\\/#\\\/schema\\\/person\\\/aa2bace6c5c5aad60102004a50c4eb1c\",\"name\":\"admin\",\"image\":{\"@type\":\"ImageObject\",\"inLanguage\":\"en-US\",\"@id\":\"https:\\\/\\\/secure.gravatar.com\\\/avatar\\\/ae2f4d718e6c49043e314ce431e7e645d646302a24a5ef5a8bc8e3f5a032e319?s=96&d=mm&r=g\",\"url\":\"https:\\\/\\\/secure.gravatar.com\\\/avatar\\\/ae2f4d718e6c49043e314ce431e7e645d646302a24a5ef5a8bc8e3f5a032e319?s=96&d=mm&r=g\",\"contentUrl\":\"https:\\\/\\\/secure.gravatar.com\\\/avatar\\\/ae2f4d718e6c49043e314ce431e7e645d646302a24a5ef5a8bc8e3f5a032e319?s=96&d=mm&r=g\",\"caption\":\"admin\"},\"sameAs\":[\"https:\\\/\\\/www.organisator.ch\"],\"url\":\"https:\\\/\\\/www.organisator.ch\\\/en\\\/author\\\/admin\\\/\"}]}<\/script>\n<!-- \/ Yoast SEO plugin. -->","yoast_head_json":{"title":"Banned refrigerant: Germany sued - organizer","description":"The EU Commission is taking Germany to the EU Court of Justice over the use of a banned greenhouse gas as a vehicle refrigerant.","robots":{"index":"index","follow":"follow","max-snippet":"max-snippet:-1","max-image-preview":"max-image-preview:large","max-video-preview":"max-video-preview:-1"},"canonical":"https:\/\/www.organisator.ch\/en\/sustainability\/2015-12-11\/verbotenes-kaeltemittel-deutschland-verklagt\/","og_locale":"en_US","og_type":"article","og_title":"Verbotenes K\u00e4ltemittel: Deutschland verklagt - Organisator","og_description":"Die EU-Kommission verklagt Deutschland vor dem EU-Gerichtshof wegen der Verwendung eines verbotenen Treibhausgases als Fahrzeug-K\u00e4ltemittel.","og_url":"https:\/\/www.organisator.ch\/en\/sustainability\/2015-12-11\/verbotenes-kaeltemittel-deutschland-verklagt\/","og_site_name":"Organisator","article_publisher":"https:\/\/www.facebook.com\/OrganisatorFachmagazin","article_published_time":"2015-12-11T09:43:14+00:00","article_modified_time":"2022-02-09T10:06:59+00:00","og_image":[{"width":2560,"height":1720,"url":"https:\/\/www.organisator.ch\/wp-content\/uploads\/2016\/12\/Verbotenes-Kaeltemittel-Deutschland-verklagt-umweltperspektiven-scaled.jpg","type":"image\/jpeg"}],"author":"admin","twitter_card":"summary_large_image","schema":{"@context":"https:\/\/schema.org","@graph":[{"@type":"Article","@id":"https:\/\/www.organisator.ch\/sustainability\/2015-12-11\/verbotenes-kaeltemittel-deutschland-verklagt\/#article","isPartOf":{"@id":"https:\/\/www.organisator.ch\/sustainability\/2015-12-11\/verbotenes-kaeltemittel-deutschland-verklagt\/"},"author":{"name":"admin","@id":"https:\/\/www.organisator.ch\/#\/schema\/person\/aa2bace6c5c5aad60102004a50c4eb1c"},"headline":"Verbotenes K\u00e4ltemittel: Deutschland verklagt","datePublished":"2015-12-11T09:43:14+00:00","dateModified":"2022-02-09T10:06:59+00:00","mainEntityOfPage":{"@id":"https:\/\/www.organisator.ch\/sustainability\/2015-12-11\/verbotenes-kaeltemittel-deutschland-verklagt\/"},"wordCount":318,"commentCount":0,"publisher":{"@id":"https:\/\/www.organisator.ch\/#organization"},"image":{"@id":"https:\/\/www.organisator.ch\/sustainability\/2015-12-11\/verbotenes-kaeltemittel-deutschland-verklagt\/#primaryimage"},"thumbnailUrl":"https:\/\/www.organisator.ch\/wp-content\/uploads\/2016\/12\/Verbotenes-Kaeltemittel-Deutschland-verklagt-umweltperspektiven-scaled.jpg","keywords":["Auto-K\u00e4ltemittel","Deutschland verklagt","EU-Kommission"],"articleSection":["SUSTAINABILITY"],"inLanguage":"en-US"},{"@type":"WebPage","@id":"https:\/\/www.organisator.ch\/sustainability\/2015-12-11\/verbotenes-kaeltemittel-deutschland-verklagt\/","url":"https:\/\/www.organisator.ch\/sustainability\/2015-12-11\/verbotenes-kaeltemittel-deutschland-verklagt\/","name":"Banned refrigerant: Germany sued - organizer","isPartOf":{"@id":"https:\/\/www.organisator.ch\/#website"},"primaryImageOfPage":{"@id":"https:\/\/www.organisator.ch\/sustainability\/2015-12-11\/verbotenes-kaeltemittel-deutschland-verklagt\/#primaryimage"},"image":{"@id":"https:\/\/www.organisator.ch\/sustainability\/2015-12-11\/verbotenes-kaeltemittel-deutschland-verklagt\/#primaryimage"},"thumbnailUrl":"https:\/\/www.organisator.ch\/wp-content\/uploads\/2016\/12\/Verbotenes-Kaeltemittel-Deutschland-verklagt-umweltperspektiven-scaled.jpg","datePublished":"2015-12-11T09:43:14+00:00","dateModified":"2022-02-09T10:06:59+00:00","description":"The EU Commission is taking Germany to the EU Court of Justice over the use of a banned greenhouse gas as a vehicle refrigerant.","breadcrumb":{"@id":"https:\/\/www.organisator.ch\/sustainability\/2015-12-11\/verbotenes-kaeltemittel-deutschland-verklagt\/#breadcrumb"},"inLanguage":"en-US","potentialAction":[{"@type":"ReadAction","target":["https:\/\/www.organisator.ch\/sustainability\/2015-12-11\/verbotenes-kaeltemittel-deutschland-verklagt\/"]}]},{"@type":"ImageObject","inLanguage":"en-US","@id":"https:\/\/www.organisator.ch\/sustainability\/2015-12-11\/verbotenes-kaeltemittel-deutschland-verklagt\/#primaryimage","url":"https:\/\/www.organisator.ch\/wp-content\/uploads\/2016\/12\/Verbotenes-Kaeltemittel-Deutschland-verklagt-umweltperspektiven-scaled.jpg","contentUrl":"https:\/\/www.organisator.ch\/wp-content\/uploads\/2016\/12\/Verbotenes-Kaeltemittel-Deutschland-verklagt-umweltperspektiven-scaled.jpg","width":2560,"height":1720,"caption":"Verbotenes K\u00e4ltemittel Deutschland verklagt"},{"@type":"BreadcrumbList","@id":"https:\/\/www.organisator.ch\/sustainability\/2015-12-11\/verbotenes-kaeltemittel-deutschland-verklagt\/#breadcrumb","itemListElement":[{"@type":"ListItem","position":1,"name":"Home","item":"https:\/\/www.organisator.ch\/"},{"@type":"ListItem","position":2,"name":"Verbotenes K\u00e4ltemittel: Deutschland verklagt"}]},{"@type":"WebSite","@id":"https:\/\/www.organisator.ch\/#website","url":"https:\/\/www.organisator.ch\/","name":"Organizer","description":"Competent. Practical. In 10 issues per year, ORGANISATOR presents the essential topics for managers of SMEs.","publisher":{"@id":"https:\/\/www.organisator.ch\/#organization"},"potentialAction":[{"@type":"SearchAction","target":{"@type":"EntryPoint","urlTemplate":"https:\/\/www.organisator.ch\/?s={search_term_string}"},"query-input":{"@type":"PropertyValueSpecification","valueRequired":true,"valueName":"search_term_string"}}],"inLanguage":"en-US"},{"@type":"Organization","@id":"https:\/\/www.organisator.ch\/#organization","name":"Organizer","url":"https:\/\/www.organisator.ch\/","logo":{"@type":"ImageObject","inLanguage":"en-US","@id":"https:\/\/www.organisator.ch\/#\/schema\/logo\/image\/","url":"https:\/\/www.organisator.ch\/wp-content\/uploads\/2022\/01\/Logo_Organisator_Website.png","contentUrl":"https:\/\/www.organisator.ch\/wp-content\/uploads\/2022\/01\/Logo_Organisator_Website.png","width":800,"height":77,"caption":"Organisator"},"image":{"@id":"https:\/\/www.organisator.ch\/#\/schema\/logo\/image\/"},"sameAs":["https:\/\/www.facebook.com\/OrganisatorFachmagazin","https:\/\/www.linkedin.com\/showcase\/organisator-das-magazin-fr-kmu","https:\/\/www.xing.com\/news\/pages\/organisator-ch-695","https:\/\/www.youtube.com\/channel\/UCGP2Sq0iWaZwT3BdIAQFYpw"]},{"@type":"Person","@id":"https:\/\/www.organisator.ch\/#\/schema\/person\/aa2bace6c5c5aad60102004a50c4eb1c","name":"admin","image":{"@type":"ImageObject","inLanguage":"en-US","@id":"https:\/\/secure.gravatar.com\/avatar\/ae2f4d718e6c49043e314ce431e7e645d646302a24a5ef5a8bc8e3f5a032e319?s=96&d=mm&r=g","url":"https:\/\/secure.gravatar.com\/avatar\/ae2f4d718e6c49043e314ce431e7e645d646302a24a5ef5a8bc8e3f5a032e319?s=96&d=mm&r=g","contentUrl":"https:\/\/secure.gravatar.com\/avatar\/ae2f4d718e6c49043e314ce431e7e645d646302a24a5ef5a8bc8e3f5a032e319?s=96&d=mm&r=g","caption":"admin"},"sameAs":["https:\/\/www.organisator.ch"],"url":"https:\/\/www.organisator.ch\/en\/author\/admin\/"}]}},"_links":{"self":[{"href":"https:\/\/www.organisator.ch\/en\/wp-json\/wp\/v2\/posts\/9904","targetHints":{"allow":["GET"]}}],"collection":[{"href":"https:\/\/www.organisator.ch\/en\/wp-json\/wp\/v2\/posts"}],"about":[{"href":"https:\/\/www.organisator.ch\/en\/wp-json\/wp\/v2\/types\/post"}],"author":[{"embeddable":true,"href":"https:\/\/www.organisator.ch\/en\/wp-json\/wp\/v2\/users\/1"}],"replies":[{"embeddable":true,"href":"https:\/\/www.organisator.ch\/en\/wp-json\/wp\/v2\/comments?post=9904"}],"version-history":[{"count":1,"href":"https:\/\/www.organisator.ch\/en\/wp-json\/wp\/v2\/posts\/9904\/revisions"}],"predecessor-version":[{"id":10765,"href":"https:\/\/www.organisator.ch\/en\/wp-json\/wp\/v2\/posts\/9904\/revisions\/10765"}],"wp:featuredmedia":[{"embeddable":true,"href":"https:\/\/www.organisator.ch\/en\/wp-json\/wp\/v2\/media\/9340"}],"wp:attachment":[{"href":"https:\/\/www.organisator.ch\/en\/wp-json\/wp\/v2\/media?parent=9904"}],"wp:term":[{"taxonomy":"category","embeddable":true,"href":"https:\/\/www.organisator.ch\/en\/wp-json\/wp\/v2\/categories?post=9904"},{"taxonomy":"post_tag","embeddable":true,"href":"https:\/\/www.organisator.ch\/en\/wp-json\/wp\/v2\/tags?post=9904"}],"curies":[{"name":"wp","href":"https:\/\/api.w.org\/{rel}","templated":true}]}}