{"id":9906,"date":"2015-12-22T10:54:33","date_gmt":"2015-12-22T09:54:33","guid":{"rendered":"https:\/\/dev.umweltperspektiven.ch\/?p=124"},"modified":"2022-02-09T11:06:25","modified_gmt":"2022-02-09T10:06:25","slug":"erhoehung-der-grimsel-staumauer-abgeschmettert","status":"publish","type":"post","link":"https:\/\/www.organisator.ch\/en\/sustainability\/2015-12-22\/erhoehung-der-grimsel-staumauer-abgeschmettert\/","title":{"rendered":"Increase of the Grimsel dam rejected"},"content":{"rendered":"<figure id=\"attachment_125\" aria-describedby=\"caption-attachment-125\" style=\"width: 680px\" class=\"wp-caption alignnone\"><a href=\"\/\/dev.umweltperspektiven.ch\/wp-content\/uploads\/2016\/12\/Erh\u00f6hung-der-Grimsel-Staumauer-abgeschmettert-umweltperspektiven.jpg\"><img loading=\"lazy\" decoding=\"async\" class=\"size-medium wp-image-125\" src=\"\/\/dev.umweltperspektiven.ch\/wp-content\/uploads\/2016\/12\/Erh\u00f6hung-der-Grimsel-Staumauer-abgeschmettert-umweltperspektiven.jpg\" alt=\"According to environmental groups, the dam raise would have served only slightly for energy production.\" width=\"680\" height=\"453\" \/><\/a><figcaption id=\"caption-attachment-125\" class=\"wp-caption-text\">According to environmental groups, the dam raise would have served only slightly for energy production.<\/figcaption><\/figure>\n<p>It is now clear that the concession for an increase in the Grimsel dam will not be granted with the <a href=\"https:\/\/www.admin.ch\/ch\/d\/pore\/vi\/vis159t.html\" target=\"_blank\" data-cke-saved-href=\"\/\/www.admin.ch\/ch\/d\/pore\/vi\/vis159t.html\" rel=\"noopener\">constitutional peatland protection<\/a> is compatible, write the Grimselverein, WWF and Pro Natura in a joint media release. The environmental associations are relieved about this decision, with which the court protects the moors and the <a href=\"http:\/\/www.pronatura.ch\/moore?gclid=CODi15bl78kCFVXGGwodRZcLMA\" target=\"_blank\" data-cke-saved-href=\"\/\/www.pronatura.ch\/moore?gclid=CODi15bl78kCFVXGGwodRZcLMA\" rel=\"noopener\">Moorland<\/a> at the Grimsel against flooding and thus support the protection of peatlands throughout Switzerland. Moors, of which only a few remain in Switzerland, are particularly valuable habitats for rare animal and plant species worthy of protection. If the destruction of the mire landscape at the Grimsel had been permitted, this would have undermined mire protection throughout Switzerland, it continues.<\/p>\n<p>From an environmental point of view, the renunciation of the reservoir enlargement of the Oberhasli power plants (<a href=\"http:\/\/www.grimselstrom.ch\/ausbauvorhaben\/vergroesserung-des-grimselsees\/\" target=\"_blank\" data-cke-saved-href=\"\/\/www.grimselstrom.ch\/ausbauvorhaben\/vergroesserung-des-grimselsees\/\" rel=\"noopener\">Info from the KWO<\/a>) no loss. This is because, according to Pro Natura, the dam increase would not produce any additional electricity. The intended shift of production from summer to winter would affect only a small fraction of Switzerland's annual electricity consumption, the organization writes. According to KWO, the larger reservoir would have allowed the water to be better used for electricity production throughout the year.<\/p>\n<p>Finally, the environmental associations emphasize that storage capacities in Switzerland have been expanded more than enough elsewhere and are still being expanded.<\/p>","protected":false},"excerpt":{"rendered":"<p>Jetzt sei klar, dass die Konzession f\u00fcr eine Erh\u00f6hung der Grimsel-Staumauer nicht mit dem verfassungsm\u00e4ssigen Moorschutz vereinbar sei, schreiben der Grimselverein, der WWF und Pro Natura in einer gemeinsamen Medienmitteilung. Die Umweltverb\u00e4nde seien erleichtert \u00fcber diesen Entscheid, mit dem das Gericht die Moore und die Moorlandschaft an der Grimsel vor Flutung sch\u00fctzen und damit den [&hellip;]<\/p>\n","protected":false},"author":1,"featured_media":125,"comment_status":"open","ping_status":"open","sticky":false,"template":"","format":"standard","meta":{"_acf_changed":false,"_yoast_wpseo_focuskw":"Staumauer","_yoast_wpseo_metadesc":"Das Verwaltungsgericht Bern hat die Erh\u00f6hung der Grimsel-Staumauer abgeschmettert.","articlekey":"","footnotes":""},"categories":[580],"tags":[1323,1736,2386],"class_list":["post-9906","post","type-post","status-publish","format-standard","has-post-thumbnail","hentry","category-sustainability","tag-grimsel-stausee","tag-moorlandschaft","tag-umweltverbaende"],"acf":[],"yoast_head":"<!-- This site is optimized with the Yoast SEO plugin v27.4 - https:\/\/yoast.com\/product\/yoast-seo-wordpress\/ -->\n<title>Erh\u00f6hung der Grimsel-Staumauer abgeschmettert - Organisator<\/title>\n<meta name=\"description\" content=\"Das Verwaltungsgericht Bern hat die Erh\u00f6hung der Grimsel-Staumauer abgeschmettert.\" \/>\n<meta name=\"robots\" content=\"index, follow, max-snippet:-1, max-image-preview:large, max-video-preview:-1\" \/>\n<link rel=\"canonical\" href=\"https:\/\/www.organisator.ch\/en\/sustainability\/2015-12-22\/erhoehung-der-grimsel-staumauer-abgeschmettert\/\" \/>\n<meta property=\"og:locale\" content=\"en_US\" \/>\n<meta property=\"og:type\" content=\"article\" \/>\n<meta property=\"og:title\" content=\"Erh\u00f6hung der Grimsel-Staumauer abgeschmettert - Organisator\" \/>\n<meta property=\"og:description\" content=\"Das Verwaltungsgericht Bern hat die Erh\u00f6hung der Grimsel-Staumauer abgeschmettert.\" \/>\n<meta property=\"og:url\" content=\"https:\/\/www.organisator.ch\/en\/sustainability\/2015-12-22\/erhoehung-der-grimsel-staumauer-abgeschmettert\/\" \/>\n<meta property=\"og:site_name\" content=\"Organisator\" \/>\n<meta property=\"article:publisher\" content=\"https:\/\/www.facebook.com\/OrganisatorFachmagazin\" \/>\n<meta property=\"article:published_time\" content=\"2015-12-22T09:54:33+00:00\" \/>\n<meta property=\"article:modified_time\" content=\"2022-02-09T10:06:25+00:00\" \/>\n<meta property=\"og:image\" content=\"https:\/\/www.organisator.ch\/wp-content\/uploads\/2016\/12\/Erhoehung-der-Grimsel-Staumauer-abgeschmettert-umweltperspektiven-scaled.jpg\" \/>\n\t<meta property=\"og:image:width\" content=\"2560\" \/>\n\t<meta property=\"og:image:height\" content=\"1707\" \/>\n\t<meta property=\"og:image:type\" content=\"image\/jpeg\" \/>\n<meta name=\"author\" content=\"admin\" \/>\n<meta name=\"twitter:card\" content=\"summary_large_image\" \/>\n<script type=\"application\/ld+json\" class=\"yoast-schema-graph\">{\"@context\":\"https:\\\/\\\/schema.org\",\"@graph\":[{\"@type\":\"Article\",\"@id\":\"https:\\\/\\\/www.organisator.ch\\\/sustainability\\\/2015-12-22\\\/erhoehung-der-grimsel-staumauer-abgeschmettert\\\/#article\",\"isPartOf\":{\"@id\":\"https:\\\/\\\/www.organisator.ch\\\/sustainability\\\/2015-12-22\\\/erhoehung-der-grimsel-staumauer-abgeschmettert\\\/\"},\"author\":{\"name\":\"admin\",\"@id\":\"https:\\\/\\\/www.organisator.ch\\\/#\\\/schema\\\/person\\\/aa2bace6c5c5aad60102004a50c4eb1c\"},\"headline\":\"Erh\u00f6hung der Grimsel-Staumauer abgeschmettert\",\"datePublished\":\"2015-12-22T09:54:33+00:00\",\"dateModified\":\"2022-02-09T10:06:25+00:00\",\"mainEntityOfPage\":{\"@id\":\"https:\\\/\\\/www.organisator.ch\\\/sustainability\\\/2015-12-22\\\/erhoehung-der-grimsel-staumauer-abgeschmettert\\\/\"},\"wordCount\":244,\"commentCount\":0,\"publisher\":{\"@id\":\"https:\\\/\\\/www.organisator.ch\\\/#organization\"},\"image\":{\"@id\":\"https:\\\/\\\/www.organisator.ch\\\/sustainability\\\/2015-12-22\\\/erhoehung-der-grimsel-staumauer-abgeschmettert\\\/#primaryimage\"},\"thumbnailUrl\":\"https:\\\/\\\/www.organisator.ch\\\/wp-content\\\/uploads\\\/2016\\\/12\\\/Erhoehung-der-Grimsel-Staumauer-abgeschmettert-umweltperspektiven-scaled.jpg\",\"keywords\":[\"Grimsel-Stausee\",\"Moorlandschaft\",\"Umweltverb\u00e4nde\"],\"articleSection\":[\"SUSTAINABILITY\"],\"inLanguage\":\"en-US\"},{\"@type\":\"WebPage\",\"@id\":\"https:\\\/\\\/www.organisator.ch\\\/sustainability\\\/2015-12-22\\\/erhoehung-der-grimsel-staumauer-abgeschmettert\\\/\",\"url\":\"https:\\\/\\\/www.organisator.ch\\\/sustainability\\\/2015-12-22\\\/erhoehung-der-grimsel-staumauer-abgeschmettert\\\/\",\"name\":\"Erh\u00f6hung der Grimsel-Staumauer abgeschmettert - Organisator\",\"isPartOf\":{\"@id\":\"https:\\\/\\\/www.organisator.ch\\\/#website\"},\"primaryImageOfPage\":{\"@id\":\"https:\\\/\\\/www.organisator.ch\\\/sustainability\\\/2015-12-22\\\/erhoehung-der-grimsel-staumauer-abgeschmettert\\\/#primaryimage\"},\"image\":{\"@id\":\"https:\\\/\\\/www.organisator.ch\\\/sustainability\\\/2015-12-22\\\/erhoehung-der-grimsel-staumauer-abgeschmettert\\\/#primaryimage\"},\"thumbnailUrl\":\"https:\\\/\\\/www.organisator.ch\\\/wp-content\\\/uploads\\\/2016\\\/12\\\/Erhoehung-der-Grimsel-Staumauer-abgeschmettert-umweltperspektiven-scaled.jpg\",\"datePublished\":\"2015-12-22T09:54:33+00:00\",\"dateModified\":\"2022-02-09T10:06:25+00:00\",\"description\":\"Das Verwaltungsgericht Bern hat die Erh\u00f6hung der Grimsel-Staumauer abgeschmettert.\",\"breadcrumb\":{\"@id\":\"https:\\\/\\\/www.organisator.ch\\\/sustainability\\\/2015-12-22\\\/erhoehung-der-grimsel-staumauer-abgeschmettert\\\/#breadcrumb\"},\"inLanguage\":\"en-US\",\"potentialAction\":[{\"@type\":\"ReadAction\",\"target\":[\"https:\\\/\\\/www.organisator.ch\\\/sustainability\\\/2015-12-22\\\/erhoehung-der-grimsel-staumauer-abgeschmettert\\\/\"]}]},{\"@type\":\"ImageObject\",\"inLanguage\":\"en-US\",\"@id\":\"https:\\\/\\\/www.organisator.ch\\\/sustainability\\\/2015-12-22\\\/erhoehung-der-grimsel-staumauer-abgeschmettert\\\/#primaryimage\",\"url\":\"https:\\\/\\\/www.organisator.ch\\\/wp-content\\\/uploads\\\/2016\\\/12\\\/Erhoehung-der-Grimsel-Staumauer-abgeschmettert-umweltperspektiven-scaled.jpg\",\"contentUrl\":\"https:\\\/\\\/www.organisator.ch\\\/wp-content\\\/uploads\\\/2016\\\/12\\\/Erhoehung-der-Grimsel-Staumauer-abgeschmettert-umweltperspektiven-scaled.jpg\",\"width\":2560,\"height\":1707,\"caption\":\"Die Staumauer-Erh\u00f6hung h\u00e4tte gem\u00e4ss Umweltverb\u00e4nde nur gering der Energie-Produktion gedient.\"},{\"@type\":\"BreadcrumbList\",\"@id\":\"https:\\\/\\\/www.organisator.ch\\\/sustainability\\\/2015-12-22\\\/erhoehung-der-grimsel-staumauer-abgeschmettert\\\/#breadcrumb\",\"itemListElement\":[{\"@type\":\"ListItem\",\"position\":1,\"name\":\"Home\",\"item\":\"https:\\\/\\\/www.organisator.ch\\\/\"},{\"@type\":\"ListItem\",\"position\":2,\"name\":\"Erh\u00f6hung der Grimsel-Staumauer abgeschmettert\"}]},{\"@type\":\"WebSite\",\"@id\":\"https:\\\/\\\/www.organisator.ch\\\/#website\",\"url\":\"https:\\\/\\\/www.organisator.ch\\\/\",\"name\":\"Organisator\",\"description\":\"Kompetent. Praxisnah. Der ORGANISATOR bereitet in 10 Ausgaben pro Jahr die wesentlichen Themen f\u00fcr F\u00fchrungskr\u00e4fte von KMU auf.\",\"publisher\":{\"@id\":\"https:\\\/\\\/www.organisator.ch\\\/#organization\"},\"potentialAction\":[{\"@type\":\"SearchAction\",\"target\":{\"@type\":\"EntryPoint\",\"urlTemplate\":\"https:\\\/\\\/www.organisator.ch\\\/?s={search_term_string}\"},\"query-input\":{\"@type\":\"PropertyValueSpecification\",\"valueRequired\":true,\"valueName\":\"search_term_string\"}}],\"inLanguage\":\"en-US\"},{\"@type\":\"Organization\",\"@id\":\"https:\\\/\\\/www.organisator.ch\\\/#organization\",\"name\":\"Organisator\",\"url\":\"https:\\\/\\\/www.organisator.ch\\\/\",\"logo\":{\"@type\":\"ImageObject\",\"inLanguage\":\"en-US\",\"@id\":\"https:\\\/\\\/www.organisator.ch\\\/#\\\/schema\\\/logo\\\/image\\\/\",\"url\":\"https:\\\/\\\/www.organisator.ch\\\/wp-content\\\/uploads\\\/2022\\\/01\\\/Logo_Organisator_Website.png\",\"contentUrl\":\"https:\\\/\\\/www.organisator.ch\\\/wp-content\\\/uploads\\\/2022\\\/01\\\/Logo_Organisator_Website.png\",\"width\":800,\"height\":77,\"caption\":\"Organisator\"},\"image\":{\"@id\":\"https:\\\/\\\/www.organisator.ch\\\/#\\\/schema\\\/logo\\\/image\\\/\"},\"sameAs\":[\"https:\\\/\\\/www.facebook.com\\\/OrganisatorFachmagazin\",\"https:\\\/\\\/www.linkedin.com\\\/showcase\\\/organisator-das-magazin-fr-kmu\",\"https:\\\/\\\/www.xing.com\\\/news\\\/pages\\\/organisator-ch-695\",\"https:\\\/\\\/www.youtube.com\\\/channel\\\/UCGP2Sq0iWaZwT3BdIAQFYpw\"]},{\"@type\":\"Person\",\"@id\":\"https:\\\/\\\/www.organisator.ch\\\/#\\\/schema\\\/person\\\/aa2bace6c5c5aad60102004a50c4eb1c\",\"name\":\"admin\",\"image\":{\"@type\":\"ImageObject\",\"inLanguage\":\"en-US\",\"@id\":\"https:\\\/\\\/secure.gravatar.com\\\/avatar\\\/ae2f4d718e6c49043e314ce431e7e645d646302a24a5ef5a8bc8e3f5a032e319?s=96&d=mm&r=g\",\"url\":\"https:\\\/\\\/secure.gravatar.com\\\/avatar\\\/ae2f4d718e6c49043e314ce431e7e645d646302a24a5ef5a8bc8e3f5a032e319?s=96&d=mm&r=g\",\"contentUrl\":\"https:\\\/\\\/secure.gravatar.com\\\/avatar\\\/ae2f4d718e6c49043e314ce431e7e645d646302a24a5ef5a8bc8e3f5a032e319?s=96&d=mm&r=g\",\"caption\":\"admin\"},\"sameAs\":[\"https:\\\/\\\/www.organisator.ch\"],\"url\":\"https:\\\/\\\/www.organisator.ch\\\/en\\\/author\\\/admin\\\/\"}]}<\/script>\n<!-- \/ Yoast SEO plugin. -->","yoast_head_json":{"title":"Increase of Grimsel dam rejected - organizer","description":"The Administrative Court of Bern has rejected the increase of the Grimsel dam.","robots":{"index":"index","follow":"follow","max-snippet":"max-snippet:-1","max-image-preview":"max-image-preview:large","max-video-preview":"max-video-preview:-1"},"canonical":"https:\/\/www.organisator.ch\/en\/sustainability\/2015-12-22\/erhoehung-der-grimsel-staumauer-abgeschmettert\/","og_locale":"en_US","og_type":"article","og_title":"Erh\u00f6hung der Grimsel-Staumauer abgeschmettert - Organisator","og_description":"Das Verwaltungsgericht Bern hat die Erh\u00f6hung der Grimsel-Staumauer abgeschmettert.","og_url":"https:\/\/www.organisator.ch\/en\/sustainability\/2015-12-22\/erhoehung-der-grimsel-staumauer-abgeschmettert\/","og_site_name":"Organisator","article_publisher":"https:\/\/www.facebook.com\/OrganisatorFachmagazin","article_published_time":"2015-12-22T09:54:33+00:00","article_modified_time":"2022-02-09T10:06:25+00:00","og_image":[{"width":2560,"height":1707,"url":"https:\/\/www.organisator.ch\/wp-content\/uploads\/2016\/12\/Erhoehung-der-Grimsel-Staumauer-abgeschmettert-umweltperspektiven-scaled.jpg","type":"image\/jpeg"}],"author":"admin","twitter_card":"summary_large_image","schema":{"@context":"https:\/\/schema.org","@graph":[{"@type":"Article","@id":"https:\/\/www.organisator.ch\/sustainability\/2015-12-22\/erhoehung-der-grimsel-staumauer-abgeschmettert\/#article","isPartOf":{"@id":"https:\/\/www.organisator.ch\/sustainability\/2015-12-22\/erhoehung-der-grimsel-staumauer-abgeschmettert\/"},"author":{"name":"admin","@id":"https:\/\/www.organisator.ch\/#\/schema\/person\/aa2bace6c5c5aad60102004a50c4eb1c"},"headline":"Erh\u00f6hung der Grimsel-Staumauer abgeschmettert","datePublished":"2015-12-22T09:54:33+00:00","dateModified":"2022-02-09T10:06:25+00:00","mainEntityOfPage":{"@id":"https:\/\/www.organisator.ch\/sustainability\/2015-12-22\/erhoehung-der-grimsel-staumauer-abgeschmettert\/"},"wordCount":244,"commentCount":0,"publisher":{"@id":"https:\/\/www.organisator.ch\/#organization"},"image":{"@id":"https:\/\/www.organisator.ch\/sustainability\/2015-12-22\/erhoehung-der-grimsel-staumauer-abgeschmettert\/#primaryimage"},"thumbnailUrl":"https:\/\/www.organisator.ch\/wp-content\/uploads\/2016\/12\/Erhoehung-der-Grimsel-Staumauer-abgeschmettert-umweltperspektiven-scaled.jpg","keywords":["Grimsel-Stausee","Moorlandschaft","Umweltverb\u00e4nde"],"articleSection":["SUSTAINABILITY"],"inLanguage":"en-US"},{"@type":"WebPage","@id":"https:\/\/www.organisator.ch\/sustainability\/2015-12-22\/erhoehung-der-grimsel-staumauer-abgeschmettert\/","url":"https:\/\/www.organisator.ch\/sustainability\/2015-12-22\/erhoehung-der-grimsel-staumauer-abgeschmettert\/","name":"Increase of Grimsel dam rejected - organizer","isPartOf":{"@id":"https:\/\/www.organisator.ch\/#website"},"primaryImageOfPage":{"@id":"https:\/\/www.organisator.ch\/sustainability\/2015-12-22\/erhoehung-der-grimsel-staumauer-abgeschmettert\/#primaryimage"},"image":{"@id":"https:\/\/www.organisator.ch\/sustainability\/2015-12-22\/erhoehung-der-grimsel-staumauer-abgeschmettert\/#primaryimage"},"thumbnailUrl":"https:\/\/www.organisator.ch\/wp-content\/uploads\/2016\/12\/Erhoehung-der-Grimsel-Staumauer-abgeschmettert-umweltperspektiven-scaled.jpg","datePublished":"2015-12-22T09:54:33+00:00","dateModified":"2022-02-09T10:06:25+00:00","description":"The Administrative Court of Bern has rejected the increase of the Grimsel dam.","breadcrumb":{"@id":"https:\/\/www.organisator.ch\/sustainability\/2015-12-22\/erhoehung-der-grimsel-staumauer-abgeschmettert\/#breadcrumb"},"inLanguage":"en-US","potentialAction":[{"@type":"ReadAction","target":["https:\/\/www.organisator.ch\/sustainability\/2015-12-22\/erhoehung-der-grimsel-staumauer-abgeschmettert\/"]}]},{"@type":"ImageObject","inLanguage":"en-US","@id":"https:\/\/www.organisator.ch\/sustainability\/2015-12-22\/erhoehung-der-grimsel-staumauer-abgeschmettert\/#primaryimage","url":"https:\/\/www.organisator.ch\/wp-content\/uploads\/2016\/12\/Erhoehung-der-Grimsel-Staumauer-abgeschmettert-umweltperspektiven-scaled.jpg","contentUrl":"https:\/\/www.organisator.ch\/wp-content\/uploads\/2016\/12\/Erhoehung-der-Grimsel-Staumauer-abgeschmettert-umweltperspektiven-scaled.jpg","width":2560,"height":1707,"caption":"Die Staumauer-Erh\u00f6hung h\u00e4tte gem\u00e4ss Umweltverb\u00e4nde nur gering der Energie-Produktion gedient."},{"@type":"BreadcrumbList","@id":"https:\/\/www.organisator.ch\/sustainability\/2015-12-22\/erhoehung-der-grimsel-staumauer-abgeschmettert\/#breadcrumb","itemListElement":[{"@type":"ListItem","position":1,"name":"Home","item":"https:\/\/www.organisator.ch\/"},{"@type":"ListItem","position":2,"name":"Erh\u00f6hung der Grimsel-Staumauer abgeschmettert"}]},{"@type":"WebSite","@id":"https:\/\/www.organisator.ch\/#website","url":"https:\/\/www.organisator.ch\/","name":"Organizer","description":"Competent. Practical. In 10 issues per year, ORGANISATOR presents the essential topics for managers of SMEs.","publisher":{"@id":"https:\/\/www.organisator.ch\/#organization"},"potentialAction":[{"@type":"SearchAction","target":{"@type":"EntryPoint","urlTemplate":"https:\/\/www.organisator.ch\/?s={search_term_string}"},"query-input":{"@type":"PropertyValueSpecification","valueRequired":true,"valueName":"search_term_string"}}],"inLanguage":"en-US"},{"@type":"Organization","@id":"https:\/\/www.organisator.ch\/#organization","name":"Organizer","url":"https:\/\/www.organisator.ch\/","logo":{"@type":"ImageObject","inLanguage":"en-US","@id":"https:\/\/www.organisator.ch\/#\/schema\/logo\/image\/","url":"https:\/\/www.organisator.ch\/wp-content\/uploads\/2022\/01\/Logo_Organisator_Website.png","contentUrl":"https:\/\/www.organisator.ch\/wp-content\/uploads\/2022\/01\/Logo_Organisator_Website.png","width":800,"height":77,"caption":"Organisator"},"image":{"@id":"https:\/\/www.organisator.ch\/#\/schema\/logo\/image\/"},"sameAs":["https:\/\/www.facebook.com\/OrganisatorFachmagazin","https:\/\/www.linkedin.com\/showcase\/organisator-das-magazin-fr-kmu","https:\/\/www.xing.com\/news\/pages\/organisator-ch-695","https:\/\/www.youtube.com\/channel\/UCGP2Sq0iWaZwT3BdIAQFYpw"]},{"@type":"Person","@id":"https:\/\/www.organisator.ch\/#\/schema\/person\/aa2bace6c5c5aad60102004a50c4eb1c","name":"admin","image":{"@type":"ImageObject","inLanguage":"en-US","@id":"https:\/\/secure.gravatar.com\/avatar\/ae2f4d718e6c49043e314ce431e7e645d646302a24a5ef5a8bc8e3f5a032e319?s=96&d=mm&r=g","url":"https:\/\/secure.gravatar.com\/avatar\/ae2f4d718e6c49043e314ce431e7e645d646302a24a5ef5a8bc8e3f5a032e319?s=96&d=mm&r=g","contentUrl":"https:\/\/secure.gravatar.com\/avatar\/ae2f4d718e6c49043e314ce431e7e645d646302a24a5ef5a8bc8e3f5a032e319?s=96&d=mm&r=g","caption":"admin"},"sameAs":["https:\/\/www.organisator.ch"],"url":"https:\/\/www.organisator.ch\/en\/author\/admin\/"}]}},"_links":{"self":[{"href":"https:\/\/www.organisator.ch\/en\/wp-json\/wp\/v2\/posts\/9906","targetHints":{"allow":["GET"]}}],"collection":[{"href":"https:\/\/www.organisator.ch\/en\/wp-json\/wp\/v2\/posts"}],"about":[{"href":"https:\/\/www.organisator.ch\/en\/wp-json\/wp\/v2\/types\/post"}],"author":[{"embeddable":true,"href":"https:\/\/www.organisator.ch\/en\/wp-json\/wp\/v2\/users\/1"}],"replies":[{"embeddable":true,"href":"https:\/\/www.organisator.ch\/en\/wp-json\/wp\/v2\/comments?post=9906"}],"version-history":[{"count":1,"href":"https:\/\/www.organisator.ch\/en\/wp-json\/wp\/v2\/posts\/9906\/revisions"}],"predecessor-version":[{"id":10631,"href":"https:\/\/www.organisator.ch\/en\/wp-json\/wp\/v2\/posts\/9906\/revisions\/10631"}],"wp:featuredmedia":[{"embeddable":true,"href":"https:\/\/www.organisator.ch\/en\/wp-json\/wp\/v2\/media\/125"}],"wp:attachment":[{"href":"https:\/\/www.organisator.ch\/en\/wp-json\/wp\/v2\/media?parent=9906"}],"wp:term":[{"taxonomy":"category","embeddable":true,"href":"https:\/\/www.organisator.ch\/en\/wp-json\/wp\/v2\/categories?post=9906"},{"taxonomy":"post_tag","embeddable":true,"href":"https:\/\/www.organisator.ch\/en\/wp-json\/wp\/v2\/tags?post=9906"}],"curies":[{"name":"wp","href":"https:\/\/api.w.org\/{rel}","templated":true}]}}