{"id":9910,"date":"2016-01-14T14:10:58","date_gmt":"2016-01-14T13:10:58","guid":{"rendered":"https:\/\/dev.umweltperspektiven.ch\/?p=171"},"modified":"2022-02-09T11:10:57","modified_gmt":"2022-02-09T10:10:57","slug":"ifat-bereits-ausgebucht","status":"publish","type":"post","link":"https:\/\/www.organisator.ch\/en\/sustainability\/2016-01-14\/ifat-bereits-ausgebucht\/","title":{"rendered":"IFAT already fully booked"},"content":{"rendered":"<figure id=\"attachment_173\" aria-describedby=\"caption-attachment-173\" style=\"width: 680px\" class=\"wp-caption alignnone\"><a href=\"\/\/dev.umweltperspektiven.ch\/wp-content\/uploads\/2016\/01\/IFAT-bereits-ausgebucht-umweltperspektiven.jpg\"><img loading=\"lazy\" decoding=\"async\" class=\"size-medium wp-image-173\" src=\"\/\/dev.umweltperspektiven.ch\/wp-content\/uploads\/2016\/01\/IFAT-bereits-ausgebucht-umweltperspektiven.jpg\" alt=\"On course for success: IFAT in Munich\" width=\"680\" height=\"453\" \/><\/a><figcaption id=\"caption-attachment-173\" class=\"wp-caption-text\">On course for success: IFAT in Munich<\/figcaption><\/figure>\n<p>16 fully occupied halls, 230,000 square meters of exhibition space and over 3,000 exhibitors: Demand from companies at IFAT remains high. Waiting lists are already being kept in the water and recycling sectors.<\/p>\n<p><strong>50 years of IFAT<\/strong><br \/>\nThe world's leading trade fair for environmental technology is already in its 50th year in 2016. In 1966, the trade fair started under the name \"International Trade Fair for Wastewater Technology\" as a presentation platform for the wastewater industry. On an area of 18,000 square meters, 147 exhibitors from nine countries and 7650 visitors from 40 nations took part. At that time, therefore, the event was still quite manageable. Over the years, it established considerable growth rates in all areas - including the newly added ones such as water supply, recycling and municipal technology.<\/p>\n<p><strong>All halls occupied<\/strong><br \/>\nIFAT 2016 will occupy all 16 halls and parts of the outdoor area, covering a total of 230,000 square meters of exhibition space. 115,000 square meters are allotted to the water and wastewater sector and 115,000 square meters to the recycling and municipal technology sector. In addition, more than 135,000 visitors from all over the world are expected to attend the world's leading trade fair for water, sewage, waste and raw materials management.<\/p>\n<p><strong>Exhibitor database online<\/strong><br \/>\nGiven the number of exhibitors and visitors and the size of the site, good advance planning is essential. An important support for this is the exhibitor directory under <a href=\"http:\/\/www.ifat.de\/ausstellerverzeichnis\" target=\"_blank\" data-cke-saved-href=\"\/\/www.ifat.de\/ausstellerverzeichnis\" rel=\"noopener\">www.ifat.de\/ausstellerverzeichnis<\/a>. Here, interested parties can get an initial overview of the halls and the outdoor exhibition area in the \"Site plan\" section. Detailed information on the exhibitors and their products and services is available in the \"Exhibitor search\" section. Visitors also have the option of creating a \"watch list\" to plan all the important stops in advance.<\/p>\n<p>More information: <a href=\"http:\/\/www.ifat.de\" target=\"_blank\" data-cke-saved-href=\"\/\/www.ifat.de\" rel=\"noopener\">www.ifat.de<\/a><\/p>","protected":false},"excerpt":{"rendered":"<p>16 voll belegte Hallen, 230&#8217;000 Quadratmeter Ausstelungsfl\u00e4che und \u00fcber 3000 Aussteller: Die Nachfrage der Unternehmen an der\u00a0IFAT ist ungebrochen hoch.\u00a0In den Bereichen Wasser und Recycling werden bereits Wartelisten gef\u00fchrt. 50 Jahre IFAT Die Weltleitmesse f\u00fcr Umwelttechnologie findet 2016\u00a0bereits in ihrem 50. Jahr statt. 1966 startete die Messe unter\u00a0dem Namen \u201eInternationale Fachmesse f\u00fcr Abwassertechnik\u201c \u00a0als Pr\u00e4sentationsplattform [&hellip;]<\/p>\n","protected":false},"author":1,"featured_media":173,"comment_status":"open","ping_status":"open","sticky":false,"template":"","format":"standard","meta":{"_acf_changed":false,"_yoast_wpseo_focuskw":"IFAT","_yoast_wpseo_metadesc":"Die Weltleitmesse f\u00fcr Umwelttechnologien IFAT vom 30. Mai bis 3. Juni in M\u00fcnchen ist mit \u00fcber 3000 Ausstellern auch in ihrem 50. Jahr bereits voll besetzt.","articlekey":"","footnotes":""},"categories":[580],"tags":[663,1392,1548,1690,1743,1987,600],"class_list":["post-9910","post","type-post","status-publish","format-standard","has-post-thumbnail","hentry","category-sustainability","tag-abwasser","tag-ifat","tag-kommunaltechnik","tag-messe","tag-muenchen","tag-recycling","tag-wasser"],"acf":[],"yoast_head":"<!-- This site is optimized with the Yoast SEO plugin v27.4 - https:\/\/yoast.com\/product\/yoast-seo-wordpress\/ -->\n<title>IFAT bereits ausgebucht - Organisator<\/title>\n<meta name=\"description\" content=\"Die Weltleitmesse f\u00fcr Umwelttechnologien IFAT vom 30. Mai bis 3. Juni in M\u00fcnchen ist mit \u00fcber 3000 Ausstellern auch in ihrem 50. Jahr bereits voll besetzt.\" \/>\n<meta name=\"robots\" content=\"index, follow, max-snippet:-1, max-image-preview:large, max-video-preview:-1\" \/>\n<link rel=\"canonical\" href=\"https:\/\/www.organisator.ch\/en\/sustainability\/2016-01-14\/ifat-bereits-ausgebucht\/\" \/>\n<meta property=\"og:locale\" content=\"en_US\" \/>\n<meta property=\"og:type\" content=\"article\" \/>\n<meta property=\"og:title\" content=\"IFAT bereits ausgebucht - Organisator\" \/>\n<meta property=\"og:description\" content=\"Die Weltleitmesse f\u00fcr Umwelttechnologien IFAT vom 30. Mai bis 3. Juni in M\u00fcnchen ist mit \u00fcber 3000 Ausstellern auch in ihrem 50. Jahr bereits voll besetzt.\" \/>\n<meta property=\"og:url\" content=\"https:\/\/www.organisator.ch\/en\/sustainability\/2016-01-14\/ifat-bereits-ausgebucht\/\" \/>\n<meta property=\"og:site_name\" content=\"Organisator\" \/>\n<meta property=\"article:publisher\" content=\"https:\/\/www.facebook.com\/OrganisatorFachmagazin\" \/>\n<meta property=\"article:published_time\" content=\"2016-01-14T13:10:58+00:00\" \/>\n<meta property=\"article:modified_time\" content=\"2022-02-09T10:10:57+00:00\" \/>\n<meta property=\"og:image\" content=\"https:\/\/www.organisator.ch\/wp-content\/uploads\/2016\/01\/IFAT-bereits-ausgebucht-umweltperspektiven-scaled.jpg\" \/>\n\t<meta property=\"og:image:width\" content=\"2560\" \/>\n\t<meta property=\"og:image:height\" content=\"1707\" \/>\n\t<meta property=\"og:image:type\" content=\"image\/jpeg\" \/>\n<meta name=\"author\" content=\"admin\" \/>\n<meta name=\"twitter:card\" content=\"summary_large_image\" \/>\n<script type=\"application\/ld+json\" class=\"yoast-schema-graph\">{\"@context\":\"https:\\\/\\\/schema.org\",\"@graph\":[{\"@type\":\"Article\",\"@id\":\"https:\\\/\\\/www.organisator.ch\\\/sustainability\\\/2016-01-14\\\/ifat-bereits-ausgebucht\\\/#article\",\"isPartOf\":{\"@id\":\"https:\\\/\\\/www.organisator.ch\\\/sustainability\\\/2016-01-14\\\/ifat-bereits-ausgebucht\\\/\"},\"author\":{\"name\":\"admin\",\"@id\":\"https:\\\/\\\/www.organisator.ch\\\/#\\\/schema\\\/person\\\/aa2bace6c5c5aad60102004a50c4eb1c\"},\"headline\":\"IFAT bereits ausgebucht\",\"datePublished\":\"2016-01-14T13:10:58+00:00\",\"dateModified\":\"2022-02-09T10:10:57+00:00\",\"mainEntityOfPage\":{\"@id\":\"https:\\\/\\\/www.organisator.ch\\\/sustainability\\\/2016-01-14\\\/ifat-bereits-ausgebucht\\\/\"},\"wordCount\":272,\"commentCount\":0,\"publisher\":{\"@id\":\"https:\\\/\\\/www.organisator.ch\\\/#organization\"},\"image\":{\"@id\":\"https:\\\/\\\/www.organisator.ch\\\/sustainability\\\/2016-01-14\\\/ifat-bereits-ausgebucht\\\/#primaryimage\"},\"thumbnailUrl\":\"https:\\\/\\\/www.organisator.ch\\\/wp-content\\\/uploads\\\/2016\\\/01\\\/IFAT-bereits-ausgebucht-umweltperspektiven-scaled.jpg\",\"keywords\":[\"Abwasser\",\"IFAT\",\"Kommunaltechnik\",\"Messe\",\"M\u00fcnchen\",\"Recycling\",\"WASSER\"],\"articleSection\":[\"SUSTAINABILITY\"],\"inLanguage\":\"en-US\"},{\"@type\":\"WebPage\",\"@id\":\"https:\\\/\\\/www.organisator.ch\\\/sustainability\\\/2016-01-14\\\/ifat-bereits-ausgebucht\\\/\",\"url\":\"https:\\\/\\\/www.organisator.ch\\\/sustainability\\\/2016-01-14\\\/ifat-bereits-ausgebucht\\\/\",\"name\":\"IFAT bereits ausgebucht - Organisator\",\"isPartOf\":{\"@id\":\"https:\\\/\\\/www.organisator.ch\\\/#website\"},\"primaryImageOfPage\":{\"@id\":\"https:\\\/\\\/www.organisator.ch\\\/sustainability\\\/2016-01-14\\\/ifat-bereits-ausgebucht\\\/#primaryimage\"},\"image\":{\"@id\":\"https:\\\/\\\/www.organisator.ch\\\/sustainability\\\/2016-01-14\\\/ifat-bereits-ausgebucht\\\/#primaryimage\"},\"thumbnailUrl\":\"https:\\\/\\\/www.organisator.ch\\\/wp-content\\\/uploads\\\/2016\\\/01\\\/IFAT-bereits-ausgebucht-umweltperspektiven-scaled.jpg\",\"datePublished\":\"2016-01-14T13:10:58+00:00\",\"dateModified\":\"2022-02-09T10:10:57+00:00\",\"description\":\"Die Weltleitmesse f\u00fcr Umwelttechnologien IFAT vom 30. Mai bis 3. Juni in M\u00fcnchen ist mit \u00fcber 3000 Ausstellern auch in ihrem 50. Jahr bereits voll besetzt.\",\"breadcrumb\":{\"@id\":\"https:\\\/\\\/www.organisator.ch\\\/sustainability\\\/2016-01-14\\\/ifat-bereits-ausgebucht\\\/#breadcrumb\"},\"inLanguage\":\"en-US\",\"potentialAction\":[{\"@type\":\"ReadAction\",\"target\":[\"https:\\\/\\\/www.organisator.ch\\\/sustainability\\\/2016-01-14\\\/ifat-bereits-ausgebucht\\\/\"]}]},{\"@type\":\"ImageObject\",\"inLanguage\":\"en-US\",\"@id\":\"https:\\\/\\\/www.organisator.ch\\\/sustainability\\\/2016-01-14\\\/ifat-bereits-ausgebucht\\\/#primaryimage\",\"url\":\"https:\\\/\\\/www.organisator.ch\\\/wp-content\\\/uploads\\\/2016\\\/01\\\/IFAT-bereits-ausgebucht-umweltperspektiven-scaled.jpg\",\"contentUrl\":\"https:\\\/\\\/www.organisator.ch\\\/wp-content\\\/uploads\\\/2016\\\/01\\\/IFAT-bereits-ausgebucht-umweltperspektiven-scaled.jpg\",\"width\":2560,\"height\":1707,\"caption\":\"Auf Erfolgskurs: Die IFAT in M\u00fcnchen\"},{\"@type\":\"BreadcrumbList\",\"@id\":\"https:\\\/\\\/www.organisator.ch\\\/sustainability\\\/2016-01-14\\\/ifat-bereits-ausgebucht\\\/#breadcrumb\",\"itemListElement\":[{\"@type\":\"ListItem\",\"position\":1,\"name\":\"Home\",\"item\":\"https:\\\/\\\/www.organisator.ch\\\/\"},{\"@type\":\"ListItem\",\"position\":2,\"name\":\"IFAT bereits ausgebucht\"}]},{\"@type\":\"WebSite\",\"@id\":\"https:\\\/\\\/www.organisator.ch\\\/#website\",\"url\":\"https:\\\/\\\/www.organisator.ch\\\/\",\"name\":\"Organisator\",\"description\":\"Kompetent. Praxisnah. Der ORGANISATOR bereitet in 10 Ausgaben pro Jahr die wesentlichen Themen f\u00fcr F\u00fchrungskr\u00e4fte von KMU auf.\",\"publisher\":{\"@id\":\"https:\\\/\\\/www.organisator.ch\\\/#organization\"},\"potentialAction\":[{\"@type\":\"SearchAction\",\"target\":{\"@type\":\"EntryPoint\",\"urlTemplate\":\"https:\\\/\\\/www.organisator.ch\\\/?s={search_term_string}\"},\"query-input\":{\"@type\":\"PropertyValueSpecification\",\"valueRequired\":true,\"valueName\":\"search_term_string\"}}],\"inLanguage\":\"en-US\"},{\"@type\":\"Organization\",\"@id\":\"https:\\\/\\\/www.organisator.ch\\\/#organization\",\"name\":\"Organisator\",\"url\":\"https:\\\/\\\/www.organisator.ch\\\/\",\"logo\":{\"@type\":\"ImageObject\",\"inLanguage\":\"en-US\",\"@id\":\"https:\\\/\\\/www.organisator.ch\\\/#\\\/schema\\\/logo\\\/image\\\/\",\"url\":\"https:\\\/\\\/www.organisator.ch\\\/wp-content\\\/uploads\\\/2022\\\/01\\\/Logo_Organisator_Website.png\",\"contentUrl\":\"https:\\\/\\\/www.organisator.ch\\\/wp-content\\\/uploads\\\/2022\\\/01\\\/Logo_Organisator_Website.png\",\"width\":800,\"height\":77,\"caption\":\"Organisator\"},\"image\":{\"@id\":\"https:\\\/\\\/www.organisator.ch\\\/#\\\/schema\\\/logo\\\/image\\\/\"},\"sameAs\":[\"https:\\\/\\\/www.facebook.com\\\/OrganisatorFachmagazin\",\"https:\\\/\\\/www.linkedin.com\\\/showcase\\\/organisator-das-magazin-fr-kmu\",\"https:\\\/\\\/www.xing.com\\\/news\\\/pages\\\/organisator-ch-695\",\"https:\\\/\\\/www.youtube.com\\\/channel\\\/UCGP2Sq0iWaZwT3BdIAQFYpw\"]},{\"@type\":\"Person\",\"@id\":\"https:\\\/\\\/www.organisator.ch\\\/#\\\/schema\\\/person\\\/aa2bace6c5c5aad60102004a50c4eb1c\",\"name\":\"admin\",\"image\":{\"@type\":\"ImageObject\",\"inLanguage\":\"en-US\",\"@id\":\"https:\\\/\\\/secure.gravatar.com\\\/avatar\\\/ae2f4d718e6c49043e314ce431e7e645d646302a24a5ef5a8bc8e3f5a032e319?s=96&d=mm&r=g\",\"url\":\"https:\\\/\\\/secure.gravatar.com\\\/avatar\\\/ae2f4d718e6c49043e314ce431e7e645d646302a24a5ef5a8bc8e3f5a032e319?s=96&d=mm&r=g\",\"contentUrl\":\"https:\\\/\\\/secure.gravatar.com\\\/avatar\\\/ae2f4d718e6c49043e314ce431e7e645d646302a24a5ef5a8bc8e3f5a032e319?s=96&d=mm&r=g\",\"caption\":\"admin\"},\"sameAs\":[\"https:\\\/\\\/www.organisator.ch\"],\"url\":\"https:\\\/\\\/www.organisator.ch\\\/en\\\/author\\\/admin\\\/\"}]}<\/script>\n<!-- \/ Yoast SEO plugin. -->","yoast_head_json":{"title":"IFAT already fully booked - organizer","description":"IFAT, the world's leading trade fair for environmental technologies, which will be held in Munich from May 30 to June 3, is already full to capacity with more than 3,000 exhibitors in its 50th year.","robots":{"index":"index","follow":"follow","max-snippet":"max-snippet:-1","max-image-preview":"max-image-preview:large","max-video-preview":"max-video-preview:-1"},"canonical":"https:\/\/www.organisator.ch\/en\/sustainability\/2016-01-14\/ifat-bereits-ausgebucht\/","og_locale":"en_US","og_type":"article","og_title":"IFAT bereits ausgebucht - Organisator","og_description":"Die Weltleitmesse f\u00fcr Umwelttechnologien IFAT vom 30. Mai bis 3. Juni in M\u00fcnchen ist mit \u00fcber 3000 Ausstellern auch in ihrem 50. Jahr bereits voll besetzt.","og_url":"https:\/\/www.organisator.ch\/en\/sustainability\/2016-01-14\/ifat-bereits-ausgebucht\/","og_site_name":"Organisator","article_publisher":"https:\/\/www.facebook.com\/OrganisatorFachmagazin","article_published_time":"2016-01-14T13:10:58+00:00","article_modified_time":"2022-02-09T10:10:57+00:00","og_image":[{"width":2560,"height":1707,"url":"https:\/\/www.organisator.ch\/wp-content\/uploads\/2016\/01\/IFAT-bereits-ausgebucht-umweltperspektiven-scaled.jpg","type":"image\/jpeg"}],"author":"admin","twitter_card":"summary_large_image","schema":{"@context":"https:\/\/schema.org","@graph":[{"@type":"Article","@id":"https:\/\/www.organisator.ch\/sustainability\/2016-01-14\/ifat-bereits-ausgebucht\/#article","isPartOf":{"@id":"https:\/\/www.organisator.ch\/sustainability\/2016-01-14\/ifat-bereits-ausgebucht\/"},"author":{"name":"admin","@id":"https:\/\/www.organisator.ch\/#\/schema\/person\/aa2bace6c5c5aad60102004a50c4eb1c"},"headline":"IFAT bereits ausgebucht","datePublished":"2016-01-14T13:10:58+00:00","dateModified":"2022-02-09T10:10:57+00:00","mainEntityOfPage":{"@id":"https:\/\/www.organisator.ch\/sustainability\/2016-01-14\/ifat-bereits-ausgebucht\/"},"wordCount":272,"commentCount":0,"publisher":{"@id":"https:\/\/www.organisator.ch\/#organization"},"image":{"@id":"https:\/\/www.organisator.ch\/sustainability\/2016-01-14\/ifat-bereits-ausgebucht\/#primaryimage"},"thumbnailUrl":"https:\/\/www.organisator.ch\/wp-content\/uploads\/2016\/01\/IFAT-bereits-ausgebucht-umweltperspektiven-scaled.jpg","keywords":["Abwasser","IFAT","Kommunaltechnik","Messe","M\u00fcnchen","Recycling","WASSER"],"articleSection":["SUSTAINABILITY"],"inLanguage":"en-US"},{"@type":"WebPage","@id":"https:\/\/www.organisator.ch\/sustainability\/2016-01-14\/ifat-bereits-ausgebucht\/","url":"https:\/\/www.organisator.ch\/sustainability\/2016-01-14\/ifat-bereits-ausgebucht\/","name":"IFAT already fully booked - organizer","isPartOf":{"@id":"https:\/\/www.organisator.ch\/#website"},"primaryImageOfPage":{"@id":"https:\/\/www.organisator.ch\/sustainability\/2016-01-14\/ifat-bereits-ausgebucht\/#primaryimage"},"image":{"@id":"https:\/\/www.organisator.ch\/sustainability\/2016-01-14\/ifat-bereits-ausgebucht\/#primaryimage"},"thumbnailUrl":"https:\/\/www.organisator.ch\/wp-content\/uploads\/2016\/01\/IFAT-bereits-ausgebucht-umweltperspektiven-scaled.jpg","datePublished":"2016-01-14T13:10:58+00:00","dateModified":"2022-02-09T10:10:57+00:00","description":"IFAT, the world's leading trade fair for environmental technologies, which will be held in Munich from May 30 to June 3, is already full to capacity with more than 3,000 exhibitors in its 50th year.","breadcrumb":{"@id":"https:\/\/www.organisator.ch\/sustainability\/2016-01-14\/ifat-bereits-ausgebucht\/#breadcrumb"},"inLanguage":"en-US","potentialAction":[{"@type":"ReadAction","target":["https:\/\/www.organisator.ch\/sustainability\/2016-01-14\/ifat-bereits-ausgebucht\/"]}]},{"@type":"ImageObject","inLanguage":"en-US","@id":"https:\/\/www.organisator.ch\/sustainability\/2016-01-14\/ifat-bereits-ausgebucht\/#primaryimage","url":"https:\/\/www.organisator.ch\/wp-content\/uploads\/2016\/01\/IFAT-bereits-ausgebucht-umweltperspektiven-scaled.jpg","contentUrl":"https:\/\/www.organisator.ch\/wp-content\/uploads\/2016\/01\/IFAT-bereits-ausgebucht-umweltperspektiven-scaled.jpg","width":2560,"height":1707,"caption":"Auf Erfolgskurs: Die IFAT in M\u00fcnchen"},{"@type":"BreadcrumbList","@id":"https:\/\/www.organisator.ch\/sustainability\/2016-01-14\/ifat-bereits-ausgebucht\/#breadcrumb","itemListElement":[{"@type":"ListItem","position":1,"name":"Home","item":"https:\/\/www.organisator.ch\/"},{"@type":"ListItem","position":2,"name":"IFAT bereits ausgebucht"}]},{"@type":"WebSite","@id":"https:\/\/www.organisator.ch\/#website","url":"https:\/\/www.organisator.ch\/","name":"Organizer","description":"Competent. Practical. In 10 issues per year, ORGANISATOR presents the essential topics for managers of SMEs.","publisher":{"@id":"https:\/\/www.organisator.ch\/#organization"},"potentialAction":[{"@type":"SearchAction","target":{"@type":"EntryPoint","urlTemplate":"https:\/\/www.organisator.ch\/?s={search_term_string}"},"query-input":{"@type":"PropertyValueSpecification","valueRequired":true,"valueName":"search_term_string"}}],"inLanguage":"en-US"},{"@type":"Organization","@id":"https:\/\/www.organisator.ch\/#organization","name":"Organizer","url":"https:\/\/www.organisator.ch\/","logo":{"@type":"ImageObject","inLanguage":"en-US","@id":"https:\/\/www.organisator.ch\/#\/schema\/logo\/image\/","url":"https:\/\/www.organisator.ch\/wp-content\/uploads\/2022\/01\/Logo_Organisator_Website.png","contentUrl":"https:\/\/www.organisator.ch\/wp-content\/uploads\/2022\/01\/Logo_Organisator_Website.png","width":800,"height":77,"caption":"Organisator"},"image":{"@id":"https:\/\/www.organisator.ch\/#\/schema\/logo\/image\/"},"sameAs":["https:\/\/www.facebook.com\/OrganisatorFachmagazin","https:\/\/www.linkedin.com\/showcase\/organisator-das-magazin-fr-kmu","https:\/\/www.xing.com\/news\/pages\/organisator-ch-695","https:\/\/www.youtube.com\/channel\/UCGP2Sq0iWaZwT3BdIAQFYpw"]},{"@type":"Person","@id":"https:\/\/www.organisator.ch\/#\/schema\/person\/aa2bace6c5c5aad60102004a50c4eb1c","name":"admin","image":{"@type":"ImageObject","inLanguage":"en-US","@id":"https:\/\/secure.gravatar.com\/avatar\/ae2f4d718e6c49043e314ce431e7e645d646302a24a5ef5a8bc8e3f5a032e319?s=96&d=mm&r=g","url":"https:\/\/secure.gravatar.com\/avatar\/ae2f4d718e6c49043e314ce431e7e645d646302a24a5ef5a8bc8e3f5a032e319?s=96&d=mm&r=g","contentUrl":"https:\/\/secure.gravatar.com\/avatar\/ae2f4d718e6c49043e314ce431e7e645d646302a24a5ef5a8bc8e3f5a032e319?s=96&d=mm&r=g","caption":"admin"},"sameAs":["https:\/\/www.organisator.ch"],"url":"https:\/\/www.organisator.ch\/en\/author\/admin\/"}]}},"_links":{"self":[{"href":"https:\/\/www.organisator.ch\/en\/wp-json\/wp\/v2\/posts\/9910","targetHints":{"allow":["GET"]}}],"collection":[{"href":"https:\/\/www.organisator.ch\/en\/wp-json\/wp\/v2\/posts"}],"about":[{"href":"https:\/\/www.organisator.ch\/en\/wp-json\/wp\/v2\/types\/post"}],"author":[{"embeddable":true,"href":"https:\/\/www.organisator.ch\/en\/wp-json\/wp\/v2\/users\/1"}],"replies":[{"embeddable":true,"href":"https:\/\/www.organisator.ch\/en\/wp-json\/wp\/v2\/comments?post=9910"}],"version-history":[{"count":1,"href":"https:\/\/www.organisator.ch\/en\/wp-json\/wp\/v2\/posts\/9910\/revisions"}],"predecessor-version":[{"id":11055,"href":"https:\/\/www.organisator.ch\/en\/wp-json\/wp\/v2\/posts\/9910\/revisions\/11055"}],"wp:featuredmedia":[{"embeddable":true,"href":"https:\/\/www.organisator.ch\/en\/wp-json\/wp\/v2\/media\/173"}],"wp:attachment":[{"href":"https:\/\/www.organisator.ch\/en\/wp-json\/wp\/v2\/media?parent=9910"}],"wp:term":[{"taxonomy":"category","embeddable":true,"href":"https:\/\/www.organisator.ch\/en\/wp-json\/wp\/v2\/categories?post=9910"},{"taxonomy":"post_tag","embeddable":true,"href":"https:\/\/www.organisator.ch\/en\/wp-json\/wp\/v2\/tags?post=9910"}],"curies":[{"name":"wp","href":"https:\/\/api.w.org\/{rel}","templated":true}]}}