{"id":9927,"date":"2016-03-21T15:17:59","date_gmt":"2016-03-21T14:17:59","guid":{"rendered":"https:\/\/dev.umweltperspektiven.ch\/?p=267"},"modified":"2016-03-21T15:17:59","modified_gmt":"2016-03-21T14:17:59","slug":"sicher-arbeiten-mit-nanomaterialien","status":"publish","type":"post","link":"https:\/\/www.organisator.ch\/en\/allgemein\/2016-03-21\/sicher-arbeiten-mit-nanomaterialien\/","title":{"rendered":"Working safely with nanomaterials"},"content":{"rendered":"<figure id=\"attachment_268\" aria-describedby=\"caption-attachment-268\" style=\"width: 680px\" class=\"wp-caption alignnone\"><a href=\"\/\/dev.umweltperspektiven.ch\/wp-content\/uploads\/2016\/12\/Sicher-arbeiten-mit-Nanomaterialien-umweltperspektiven.jpg\"><img loading=\"lazy\" decoding=\"async\" class=\"size-medium wp-image-268\" src=\"\/\/dev.umweltperspektiven.ch\/wp-content\/uploads\/2016\/12\/Sicher-arbeiten-mit-Nanomaterialien-umweltperspektiven.jpg\" alt=\"The e-learning tool offers practical knowledge on working safely with nanomaterials. (Image: Screenshot DGUV)\" width=\"680\" height=\"404\" \/><\/a><figcaption id=\"caption-attachment-268\" class=\"wp-caption-text\">The e-learning tool offers practical knowledge on working safely with nanomaterials. (Image: Screenshot DGUV)<\/figcaption><\/figure>\n<p>The online portal\u00a0<a href=\"http:\/\/nano.dguv.de\/home\/\" target=\"_blank\" data-cke-saved-href=\"\/\/nano.dguv.de\/home\/\" rel=\"noopener\">\"Working safely with nanomaterials.\"<\/a>\u00a0of the German Social Accident Insurance (DGUV) provides information and e-learning tools on the topic of occupational health and safety when dealing with nanomaterials and nanotechnologies.<\/p>\n<p>As of now, the interactive e-learning tool <a href=\"http:\/\/nano.dguv.de\/nanorama\/bgrci2\/\" target=\"_blank\" data-cke-saved-href=\"\/\/nano.dguv.de\/nanorama\/bgrci2\/\" rel=\"noopener\">\"Nanorama Production\"<\/a> available on the portal. It provides information on the safe manufacture and processing of nanomaterials. It also enables employees to recognize activities involving nanomaterials, to make a rough estimate of exposure, and to recognize and correctly apply selected protective measures by way of example.<\/p>\n<p><strong>Recognize work environments<\/strong><\/p>\n<p>The \"Nanorama Production\" offers insight into six different working environments: 1. synthesis, 2. dispersion of solid nanomaterials, 3. production of suspensions by means of a basket mill, 4. processing of dispersions, 5. storage as well as 6. operating laboratory. In addition, the \"Nanorama\" provides information on topics such as cleaning, measurements of airborne particles, explosion protection or industrial hygiene.<\/p>\n<p>In the photo-realistic images of the 3D panorama, employees recognize occupational situations and receive valuable information on occupational safety and health as they work through the \"Nanorama\". The \"Nanorama Production\" is primarily aimed directly at employees, but can also be used by safety experts - e.g. for training purposes.<\/p>\n<p>Behind the development is the\u00a0<a href=\"http:\/\/innovationsgesellschaft.ch\/\" target=\"_blank\" data-cke-saved-href=\"\/\/innovationsgesellschaft.ch\/\" rel=\"noopener\">Innovation Company, St.Gallen<\/a>a spin-off of the University of St.Gallen. The internationally active management and technology consulting company focuses on consulting on new technologies with a controversial opportunity\/risk profile, such as biotechnology and genetic engineering, medicine and life sciences, and nanotechnology.<\/p>","protected":false},"excerpt":{"rendered":"<p>Das Online-Portal\u00a0&#8222;Sicheres Arbeiten mit Nanomaterialien&#8220;\u00a0der Deutschen gesetzlichen Unfallversicherung (DGUV) bietet Informationen und E-Learning-Tools rund um das Thema Arbeitsschutz und Arbeitssicherheit im Umgang mit Nanomaterialien und Nanotechnologien. Ab sofort steht das interaktive E-Learning Tool &#8222;Nanorama Produktion&#8220; auf dem Portal zu Verf\u00fcgung. Es\u00a0informiert \u00fcber die sichere Herstellung und Verarbeitung von Nanomaterialien. Ausserdem\u00a0erm\u00f6glicht es Besch\u00e4ftigten, T\u00e4tigkeiten mit Nanomaterialien [&hellip;]<\/p>\n","protected":false},"author":1,"featured_media":9360,"comment_status":"open","ping_status":"open","sticky":false,"template":"","format":"standard","meta":{"_acf_changed":false,"_yoast_wpseo_focuskw":"Nanomaterialien","_yoast_wpseo_metadesc":"Ein neues interaktives Online-Tool bietet Wissen f\u00fcr die sichere Herstellung und Verarbeitung von Nanomaterialien weltweit.","articlekey":"","footnotes":""},"categories":[1],"tags":[978,1418,1800,489],"class_list":["post-9927","post","type-post","status-publish","format-standard","has-post-thumbnail","hentry","category-allgemein","tag-dguv","tag-innovationsgesellschaft","tag-nanomaterialien","tag-umweltschutz"],"acf":[],"yoast_head":"<!-- This site is optimized with the Yoast SEO plugin v27.4 - https:\/\/yoast.com\/product\/yoast-seo-wordpress\/ -->\n<title>Sicher arbeiten mit Nanomaterialien - Organisator<\/title>\n<meta name=\"description\" content=\"Ein neues interaktives Online-Tool bietet Wissen f\u00fcr die sichere Herstellung und Verarbeitung von Nanomaterialien weltweit.\" \/>\n<meta name=\"robots\" content=\"index, follow, max-snippet:-1, max-image-preview:large, max-video-preview:-1\" \/>\n<link rel=\"canonical\" href=\"https:\/\/www.organisator.ch\/en\/general\/2016-03-21\/sicher-arbeiten-mit-nanomaterialien\/\" \/>\n<meta property=\"og:locale\" content=\"en_US\" \/>\n<meta property=\"og:type\" content=\"article\" \/>\n<meta property=\"og:title\" content=\"Sicher arbeiten mit Nanomaterialien - Organisator\" \/>\n<meta property=\"og:description\" content=\"Ein neues interaktives Online-Tool bietet Wissen f\u00fcr die sichere Herstellung und Verarbeitung von Nanomaterialien weltweit.\" \/>\n<meta property=\"og:url\" content=\"https:\/\/www.organisator.ch\/en\/general\/2016-03-21\/sicher-arbeiten-mit-nanomaterialien\/\" \/>\n<meta property=\"og:site_name\" content=\"Organisator\" \/>\n<meta property=\"article:publisher\" content=\"https:\/\/www.facebook.com\/OrganisatorFachmagazin\" \/>\n<meta property=\"article:published_time\" content=\"2016-03-21T14:17:59+00:00\" \/>\n<meta property=\"og:image\" content=\"https:\/\/www.organisator.ch\/wp-content\/uploads\/2016\/12\/Sicher-arbeiten-mit-Nanomaterialien-umweltperspektiven.jpg\" \/>\n\t<meta property=\"og:image:width\" content=\"1536\" \/>\n\t<meta property=\"og:image:height\" content=\"913\" \/>\n\t<meta property=\"og:image:type\" content=\"image\/jpeg\" \/>\n<meta name=\"author\" content=\"admin\" \/>\n<meta name=\"twitter:card\" content=\"summary_large_image\" \/>\n<script type=\"application\/ld+json\" class=\"yoast-schema-graph\">{\"@context\":\"https:\\\/\\\/schema.org\",\"@graph\":[{\"@type\":\"Article\",\"@id\":\"https:\\\/\\\/www.organisator.ch\\\/de\\\/allgemein\\\/2016-03-21\\\/sicher-arbeiten-mit-nanomaterialien\\\/#article\",\"isPartOf\":{\"@id\":\"https:\\\/\\\/www.organisator.ch\\\/de\\\/allgemein\\\/2016-03-21\\\/sicher-arbeiten-mit-nanomaterialien\\\/\"},\"author\":{\"name\":\"admin\",\"@id\":\"https:\\\/\\\/www.organisator.ch\\\/#\\\/schema\\\/person\\\/aa2bace6c5c5aad60102004a50c4eb1c\"},\"headline\":\"Sicher arbeiten mit Nanomaterialien\",\"datePublished\":\"2016-03-21T14:17:59+00:00\",\"mainEntityOfPage\":{\"@id\":\"https:\\\/\\\/www.organisator.ch\\\/de\\\/allgemein\\\/2016-03-21\\\/sicher-arbeiten-mit-nanomaterialien\\\/\"},\"wordCount\":245,\"commentCount\":0,\"publisher\":{\"@id\":\"https:\\\/\\\/www.organisator.ch\\\/#organization\"},\"image\":{\"@id\":\"https:\\\/\\\/www.organisator.ch\\\/de\\\/allgemein\\\/2016-03-21\\\/sicher-arbeiten-mit-nanomaterialien\\\/#primaryimage\"},\"thumbnailUrl\":\"https:\\\/\\\/www.organisator.ch\\\/wp-content\\\/uploads\\\/2016\\\/12\\\/Sicher-arbeiten-mit-Nanomaterialien-umweltperspektiven.jpg\",\"keywords\":[\"DGUV\",\"Innovationsgesellschaft\",\"Nanomaterialien\",\"Umweltschutz\"],\"articleSection\":[\"Allgemein\"],\"inLanguage\":\"en-US\"},{\"@type\":\"WebPage\",\"@id\":\"https:\\\/\\\/www.organisator.ch\\\/de\\\/allgemein\\\/2016-03-21\\\/sicher-arbeiten-mit-nanomaterialien\\\/\",\"url\":\"https:\\\/\\\/www.organisator.ch\\\/de\\\/allgemein\\\/2016-03-21\\\/sicher-arbeiten-mit-nanomaterialien\\\/\",\"name\":\"Sicher arbeiten mit Nanomaterialien - Organisator\",\"isPartOf\":{\"@id\":\"https:\\\/\\\/www.organisator.ch\\\/#website\"},\"primaryImageOfPage\":{\"@id\":\"https:\\\/\\\/www.organisator.ch\\\/de\\\/allgemein\\\/2016-03-21\\\/sicher-arbeiten-mit-nanomaterialien\\\/#primaryimage\"},\"image\":{\"@id\":\"https:\\\/\\\/www.organisator.ch\\\/de\\\/allgemein\\\/2016-03-21\\\/sicher-arbeiten-mit-nanomaterialien\\\/#primaryimage\"},\"thumbnailUrl\":\"https:\\\/\\\/www.organisator.ch\\\/wp-content\\\/uploads\\\/2016\\\/12\\\/Sicher-arbeiten-mit-Nanomaterialien-umweltperspektiven.jpg\",\"datePublished\":\"2016-03-21T14:17:59+00:00\",\"description\":\"Ein neues interaktives Online-Tool bietet Wissen f\u00fcr die sichere Herstellung und Verarbeitung von Nanomaterialien weltweit.\",\"breadcrumb\":{\"@id\":\"https:\\\/\\\/www.organisator.ch\\\/de\\\/allgemein\\\/2016-03-21\\\/sicher-arbeiten-mit-nanomaterialien\\\/#breadcrumb\"},\"inLanguage\":\"en-US\",\"potentialAction\":[{\"@type\":\"ReadAction\",\"target\":[\"https:\\\/\\\/www.organisator.ch\\\/de\\\/allgemein\\\/2016-03-21\\\/sicher-arbeiten-mit-nanomaterialien\\\/\"]}]},{\"@type\":\"ImageObject\",\"inLanguage\":\"en-US\",\"@id\":\"https:\\\/\\\/www.organisator.ch\\\/de\\\/allgemein\\\/2016-03-21\\\/sicher-arbeiten-mit-nanomaterialien\\\/#primaryimage\",\"url\":\"https:\\\/\\\/www.organisator.ch\\\/wp-content\\\/uploads\\\/2016\\\/12\\\/Sicher-arbeiten-mit-Nanomaterialien-umweltperspektiven.jpg\",\"contentUrl\":\"https:\\\/\\\/www.organisator.ch\\\/wp-content\\\/uploads\\\/2016\\\/12\\\/Sicher-arbeiten-mit-Nanomaterialien-umweltperspektiven.jpg\",\"width\":1536,\"height\":913,\"caption\":\"Das E-Learning Tool bietet praktisches Wissen zur sicherer Arbeit mit Nanomaterialien. (Bild: Screenshot DGUV)\"},{\"@type\":\"BreadcrumbList\",\"@id\":\"https:\\\/\\\/www.organisator.ch\\\/de\\\/allgemein\\\/2016-03-21\\\/sicher-arbeiten-mit-nanomaterialien\\\/#breadcrumb\",\"itemListElement\":[{\"@type\":\"ListItem\",\"position\":1,\"name\":\"Home\",\"item\":\"https:\\\/\\\/www.organisator.ch\\\/\"},{\"@type\":\"ListItem\",\"position\":2,\"name\":\"Sicher arbeiten mit Nanomaterialien\"}]},{\"@type\":\"WebSite\",\"@id\":\"https:\\\/\\\/www.organisator.ch\\\/#website\",\"url\":\"https:\\\/\\\/www.organisator.ch\\\/\",\"name\":\"Organisator\",\"description\":\"Kompetent. Praxisnah. Der ORGANISATOR bereitet in 10 Ausgaben pro Jahr die wesentlichen Themen f\u00fcr F\u00fchrungskr\u00e4fte von KMU auf.\",\"publisher\":{\"@id\":\"https:\\\/\\\/www.organisator.ch\\\/#organization\"},\"potentialAction\":[{\"@type\":\"SearchAction\",\"target\":{\"@type\":\"EntryPoint\",\"urlTemplate\":\"https:\\\/\\\/www.organisator.ch\\\/?s={search_term_string}\"},\"query-input\":{\"@type\":\"PropertyValueSpecification\",\"valueRequired\":true,\"valueName\":\"search_term_string\"}}],\"inLanguage\":\"en-US\"},{\"@type\":\"Organization\",\"@id\":\"https:\\\/\\\/www.organisator.ch\\\/#organization\",\"name\":\"Organisator\",\"url\":\"https:\\\/\\\/www.organisator.ch\\\/\",\"logo\":{\"@type\":\"ImageObject\",\"inLanguage\":\"en-US\",\"@id\":\"https:\\\/\\\/www.organisator.ch\\\/#\\\/schema\\\/logo\\\/image\\\/\",\"url\":\"https:\\\/\\\/www.organisator.ch\\\/wp-content\\\/uploads\\\/2022\\\/01\\\/Logo_Organisator_Website.png\",\"contentUrl\":\"https:\\\/\\\/www.organisator.ch\\\/wp-content\\\/uploads\\\/2022\\\/01\\\/Logo_Organisator_Website.png\",\"width\":800,\"height\":77,\"caption\":\"Organisator\"},\"image\":{\"@id\":\"https:\\\/\\\/www.organisator.ch\\\/#\\\/schema\\\/logo\\\/image\\\/\"},\"sameAs\":[\"https:\\\/\\\/www.facebook.com\\\/OrganisatorFachmagazin\",\"https:\\\/\\\/www.linkedin.com\\\/showcase\\\/organisator-das-magazin-fr-kmu\",\"https:\\\/\\\/www.xing.com\\\/news\\\/pages\\\/organisator-ch-695\",\"https:\\\/\\\/www.youtube.com\\\/channel\\\/UCGP2Sq0iWaZwT3BdIAQFYpw\"]},{\"@type\":\"Person\",\"@id\":\"https:\\\/\\\/www.organisator.ch\\\/#\\\/schema\\\/person\\\/aa2bace6c5c5aad60102004a50c4eb1c\",\"name\":\"admin\",\"image\":{\"@type\":\"ImageObject\",\"inLanguage\":\"en-US\",\"@id\":\"https:\\\/\\\/secure.gravatar.com\\\/avatar\\\/ae2f4d718e6c49043e314ce431e7e645d646302a24a5ef5a8bc8e3f5a032e319?s=96&d=mm&r=g\",\"url\":\"https:\\\/\\\/secure.gravatar.com\\\/avatar\\\/ae2f4d718e6c49043e314ce431e7e645d646302a24a5ef5a8bc8e3f5a032e319?s=96&d=mm&r=g\",\"contentUrl\":\"https:\\\/\\\/secure.gravatar.com\\\/avatar\\\/ae2f4d718e6c49043e314ce431e7e645d646302a24a5ef5a8bc8e3f5a032e319?s=96&d=mm&r=g\",\"caption\":\"admin\"},\"sameAs\":[\"https:\\\/\\\/www.organisator.ch\"],\"url\":\"https:\\\/\\\/www.organisator.ch\\\/en\\\/author\\\/admin\\\/\"}]}<\/script>\n<!-- \/ Yoast SEO plugin. -->","yoast_head_json":{"title":"Working safely with nanomaterials - Organizer","description":"A new interactive online tool provides knowledge for the safe manufacture and processing of nanomaterials worldwide.","robots":{"index":"index","follow":"follow","max-snippet":"max-snippet:-1","max-image-preview":"max-image-preview:large","max-video-preview":"max-video-preview:-1"},"canonical":"https:\/\/www.organisator.ch\/en\/general\/2016-03-21\/sicher-arbeiten-mit-nanomaterialien\/","og_locale":"en_US","og_type":"article","og_title":"Sicher arbeiten mit Nanomaterialien - Organisator","og_description":"Ein neues interaktives Online-Tool bietet Wissen f\u00fcr die sichere Herstellung und Verarbeitung von Nanomaterialien weltweit.","og_url":"https:\/\/www.organisator.ch\/en\/general\/2016-03-21\/sicher-arbeiten-mit-nanomaterialien\/","og_site_name":"Organisator","article_publisher":"https:\/\/www.facebook.com\/OrganisatorFachmagazin","article_published_time":"2016-03-21T14:17:59+00:00","og_image":[{"width":1536,"height":913,"url":"https:\/\/www.organisator.ch\/wp-content\/uploads\/2016\/12\/Sicher-arbeiten-mit-Nanomaterialien-umweltperspektiven.jpg","type":"image\/jpeg"}],"author":"admin","twitter_card":"summary_large_image","schema":{"@context":"https:\/\/schema.org","@graph":[{"@type":"Article","@id":"https:\/\/www.organisator.ch\/de\/allgemein\/2016-03-21\/sicher-arbeiten-mit-nanomaterialien\/#article","isPartOf":{"@id":"https:\/\/www.organisator.ch\/de\/allgemein\/2016-03-21\/sicher-arbeiten-mit-nanomaterialien\/"},"author":{"name":"admin","@id":"https:\/\/www.organisator.ch\/#\/schema\/person\/aa2bace6c5c5aad60102004a50c4eb1c"},"headline":"Sicher arbeiten mit Nanomaterialien","datePublished":"2016-03-21T14:17:59+00:00","mainEntityOfPage":{"@id":"https:\/\/www.organisator.ch\/de\/allgemein\/2016-03-21\/sicher-arbeiten-mit-nanomaterialien\/"},"wordCount":245,"commentCount":0,"publisher":{"@id":"https:\/\/www.organisator.ch\/#organization"},"image":{"@id":"https:\/\/www.organisator.ch\/de\/allgemein\/2016-03-21\/sicher-arbeiten-mit-nanomaterialien\/#primaryimage"},"thumbnailUrl":"https:\/\/www.organisator.ch\/wp-content\/uploads\/2016\/12\/Sicher-arbeiten-mit-Nanomaterialien-umweltperspektiven.jpg","keywords":["DGUV","Innovationsgesellschaft","Nanomaterialien","Umweltschutz"],"articleSection":["Allgemein"],"inLanguage":"en-US"},{"@type":"WebPage","@id":"https:\/\/www.organisator.ch\/de\/allgemein\/2016-03-21\/sicher-arbeiten-mit-nanomaterialien\/","url":"https:\/\/www.organisator.ch\/de\/allgemein\/2016-03-21\/sicher-arbeiten-mit-nanomaterialien\/","name":"Working safely with nanomaterials - Organizer","isPartOf":{"@id":"https:\/\/www.organisator.ch\/#website"},"primaryImageOfPage":{"@id":"https:\/\/www.organisator.ch\/de\/allgemein\/2016-03-21\/sicher-arbeiten-mit-nanomaterialien\/#primaryimage"},"image":{"@id":"https:\/\/www.organisator.ch\/de\/allgemein\/2016-03-21\/sicher-arbeiten-mit-nanomaterialien\/#primaryimage"},"thumbnailUrl":"https:\/\/www.organisator.ch\/wp-content\/uploads\/2016\/12\/Sicher-arbeiten-mit-Nanomaterialien-umweltperspektiven.jpg","datePublished":"2016-03-21T14:17:59+00:00","description":"A new interactive online tool provides knowledge for the safe manufacture and processing of nanomaterials worldwide.","breadcrumb":{"@id":"https:\/\/www.organisator.ch\/de\/allgemein\/2016-03-21\/sicher-arbeiten-mit-nanomaterialien\/#breadcrumb"},"inLanguage":"en-US","potentialAction":[{"@type":"ReadAction","target":["https:\/\/www.organisator.ch\/de\/allgemein\/2016-03-21\/sicher-arbeiten-mit-nanomaterialien\/"]}]},{"@type":"ImageObject","inLanguage":"en-US","@id":"https:\/\/www.organisator.ch\/de\/allgemein\/2016-03-21\/sicher-arbeiten-mit-nanomaterialien\/#primaryimage","url":"https:\/\/www.organisator.ch\/wp-content\/uploads\/2016\/12\/Sicher-arbeiten-mit-Nanomaterialien-umweltperspektiven.jpg","contentUrl":"https:\/\/www.organisator.ch\/wp-content\/uploads\/2016\/12\/Sicher-arbeiten-mit-Nanomaterialien-umweltperspektiven.jpg","width":1536,"height":913,"caption":"Das E-Learning Tool bietet praktisches Wissen zur sicherer Arbeit mit Nanomaterialien. (Bild: Screenshot DGUV)"},{"@type":"BreadcrumbList","@id":"https:\/\/www.organisator.ch\/de\/allgemein\/2016-03-21\/sicher-arbeiten-mit-nanomaterialien\/#breadcrumb","itemListElement":[{"@type":"ListItem","position":1,"name":"Home","item":"https:\/\/www.organisator.ch\/"},{"@type":"ListItem","position":2,"name":"Sicher arbeiten mit Nanomaterialien"}]},{"@type":"WebSite","@id":"https:\/\/www.organisator.ch\/#website","url":"https:\/\/www.organisator.ch\/","name":"Organizer","description":"Competent. Practical. In 10 issues per year, ORGANISATOR presents the essential topics for managers of SMEs.","publisher":{"@id":"https:\/\/www.organisator.ch\/#organization"},"potentialAction":[{"@type":"SearchAction","target":{"@type":"EntryPoint","urlTemplate":"https:\/\/www.organisator.ch\/?s={search_term_string}"},"query-input":{"@type":"PropertyValueSpecification","valueRequired":true,"valueName":"search_term_string"}}],"inLanguage":"en-US"},{"@type":"Organization","@id":"https:\/\/www.organisator.ch\/#organization","name":"Organizer","url":"https:\/\/www.organisator.ch\/","logo":{"@type":"ImageObject","inLanguage":"en-US","@id":"https:\/\/www.organisator.ch\/#\/schema\/logo\/image\/","url":"https:\/\/www.organisator.ch\/wp-content\/uploads\/2022\/01\/Logo_Organisator_Website.png","contentUrl":"https:\/\/www.organisator.ch\/wp-content\/uploads\/2022\/01\/Logo_Organisator_Website.png","width":800,"height":77,"caption":"Organisator"},"image":{"@id":"https:\/\/www.organisator.ch\/#\/schema\/logo\/image\/"},"sameAs":["https:\/\/www.facebook.com\/OrganisatorFachmagazin","https:\/\/www.linkedin.com\/showcase\/organisator-das-magazin-fr-kmu","https:\/\/www.xing.com\/news\/pages\/organisator-ch-695","https:\/\/www.youtube.com\/channel\/UCGP2Sq0iWaZwT3BdIAQFYpw"]},{"@type":"Person","@id":"https:\/\/www.organisator.ch\/#\/schema\/person\/aa2bace6c5c5aad60102004a50c4eb1c","name":"admin","image":{"@type":"ImageObject","inLanguage":"en-US","@id":"https:\/\/secure.gravatar.com\/avatar\/ae2f4d718e6c49043e314ce431e7e645d646302a24a5ef5a8bc8e3f5a032e319?s=96&d=mm&r=g","url":"https:\/\/secure.gravatar.com\/avatar\/ae2f4d718e6c49043e314ce431e7e645d646302a24a5ef5a8bc8e3f5a032e319?s=96&d=mm&r=g","contentUrl":"https:\/\/secure.gravatar.com\/avatar\/ae2f4d718e6c49043e314ce431e7e645d646302a24a5ef5a8bc8e3f5a032e319?s=96&d=mm&r=g","caption":"admin"},"sameAs":["https:\/\/www.organisator.ch"],"url":"https:\/\/www.organisator.ch\/en\/author\/admin\/"}]}},"_links":{"self":[{"href":"https:\/\/www.organisator.ch\/en\/wp-json\/wp\/v2\/posts\/9927","targetHints":{"allow":["GET"]}}],"collection":[{"href":"https:\/\/www.organisator.ch\/en\/wp-json\/wp\/v2\/posts"}],"about":[{"href":"https:\/\/www.organisator.ch\/en\/wp-json\/wp\/v2\/types\/post"}],"author":[{"embeddable":true,"href":"https:\/\/www.organisator.ch\/en\/wp-json\/wp\/v2\/users\/1"}],"replies":[{"embeddable":true,"href":"https:\/\/www.organisator.ch\/en\/wp-json\/wp\/v2\/comments?post=9927"}],"version-history":[{"count":0,"href":"https:\/\/www.organisator.ch\/en\/wp-json\/wp\/v2\/posts\/9927\/revisions"}],"wp:featuredmedia":[{"embeddable":true,"href":"https:\/\/www.organisator.ch\/en\/wp-json\/wp\/v2\/media\/9360"}],"wp:attachment":[{"href":"https:\/\/www.organisator.ch\/en\/wp-json\/wp\/v2\/media?parent=9927"}],"wp:term":[{"taxonomy":"category","embeddable":true,"href":"https:\/\/www.organisator.ch\/en\/wp-json\/wp\/v2\/categories?post=9927"},{"taxonomy":"post_tag","embeddable":true,"href":"https:\/\/www.organisator.ch\/en\/wp-json\/wp\/v2\/tags?post=9927"}],"curies":[{"name":"wp","href":"https:\/\/api.w.org\/{rel}","templated":true}]}}