{"id":9932,"date":"2016-03-30T15:37:02","date_gmt":"2016-03-30T13:37:02","guid":{"rendered":"https:\/\/dev.umweltperspektiven.ch\/?p=300"},"modified":"2016-03-30T15:37:02","modified_gmt":"2016-03-30T13:37:02","slug":"indien-will-bis-2030-auf-elektrofahrzeuge-umstellen","status":"publish","type":"post","link":"https:\/\/www.organisator.ch\/en\/allgemein\/2016-03-30\/indien-will-bis-2030-auf-elektrofahrzeuge-umstellen\/","title":{"rendered":"India to switch to electric vehicles by 2030"},"content":{"rendered":"<figure id=\"attachment_301\" aria-describedby=\"caption-attachment-301\" style=\"width: 680px\" class=\"wp-caption alignnone\"><a href=\"\/\/dev.umweltperspektiven.ch\/wp-content\/uploads\/2016\/12\/Indien-will-bis-2030-auf-Elektrofahrzeuge-umstellen-umweltperspektiven.jpg\"><img loading=\"lazy\" decoding=\"async\" class=\"size-medium wp-image-301\" src=\"\/\/dev.umweltperspektiven.ch\/wp-content\/uploads\/2016\/12\/Indien-will-bis-2030-auf-Elektrofahrzeuge-umstellen-umweltperspektiven.jpg\" alt=\"Road in Delhi: By 2030, vehicles in India should no longer emit any pollutants.\" width=\"680\" height=\"454\" srcset=\"https:\/\/www.organisator.ch\/wp-content\/uploads\/2016\/12\/Indien-will-bis-2030-auf-Elektrofahrzeuge-umstellen-umweltperspektiven.jpg 1000w, https:\/\/www.organisator.ch\/wp-content\/uploads\/2016\/12\/Indien-will-bis-2030-auf-Elektrofahrzeuge-umstellen-umweltperspektiven-680x454.jpg 680w, https:\/\/www.organisator.ch\/wp-content\/uploads\/2016\/12\/Indien-will-bis-2030-auf-Elektrofahrzeuge-umstellen-umweltperspektiven-768x512.jpg 768w, https:\/\/www.organisator.ch\/wp-content\/uploads\/2016\/12\/Indien-will-bis-2030-auf-Elektrofahrzeuge-umstellen-umweltperspektiven-18x12.jpg 18w, https:\/\/www.organisator.ch\/wp-content\/uploads\/2016\/12\/Indien-will-bis-2030-auf-Elektrofahrzeuge-umstellen-umweltperspektiven-262x175.jpg 262w, https:\/\/www.organisator.ch\/wp-content\/uploads\/2016\/12\/Indien-will-bis-2030-auf-Elektrofahrzeuge-umstellen-umweltperspektiven-525x350.jpg 525w, https:\/\/www.organisator.ch\/wp-content\/uploads\/2016\/12\/Indien-will-bis-2030-auf-Elektrofahrzeuge-umstellen-umweltperspektiven-920x614.jpg 920w, https:\/\/www.organisator.ch\/wp-content\/uploads\/2016\/12\/Indien-will-bis-2030-auf-Elektrofahrzeuge-umstellen-umweltperspektiven-300x200.jpg 300w\" sizes=\"auto, (max-width: 680px) 100vw, 680px\" \/><\/a><figcaption id=\"caption-attachment-301\" class=\"wp-caption-text\">Road in Delhi: By 2030, vehicles in India should no longer emit any pollutants.<\/figcaption><\/figure>\n<p>The Indian government has set itself the goal of strongly promoting electromobility: By 2030, every vehicle in the country should be electric. This is reported by the <a href=\"http:\/\/economictimes.indiatimes.com\/industry\/auto\/news\/industry\/india-aims-to-become-100-e-vehicle-nation-by-2030-piyush-goyal\/articleshow\/51551706.cms\" target=\"_blank\" data-cke-saved-href=\"\/\/economictimes.indiatimes.com\/industry\/auto\/news\/industry\/india-aims-to-become-100-e-vehicle-nation-by-2030-piyush-goyal\/articleshow\/51551706.cms\" rel=\"noopener\">India Times<\/a>.<\/p>\n<p>The incentive program will operate entirely without financial support from the government, according to Energy Minister Piyush Goyal: The idea is that buyers will not have to make a down payment on a new vehicle, and their installments will match the amount they save by not using expensive gasoline. The program is not yet a done deal, however.<\/p>\n<p>India is the third largest vehicle market in Asia and suffers from heavy air pollution from fossil-fuel vehicles.<\/p>","protected":false},"excerpt":{"rendered":"<p>Die Indische Regierung hat sich zum Ziel gesetzt, die Elektromobilit\u00e4t stark zu f\u00f6rdern: Bis zum Jahr 2030 soll jedes Fahrzeug im Land elektrisch betrieben sein. Dies berichtet die India Times. Das F\u00f6rderungsprogramm soll ganz ohne finanzielle Unterst\u00fctzung der Regierung auskommen, so der Energieminister Piyush Goyal: Die Idee ist, dass K\u00e4ufer keine Anzahlung an ein neues [&hellip;]<\/p>\n","protected":false},"author":1,"featured_media":301,"comment_status":"open","ping_status":"open","sticky":false,"template":"","format":"standard","meta":{"_acf_changed":false,"_yoast_wpseo_focuskw":"Elektromobilit\u00e4t","_yoast_wpseo_metadesc":"Ein Programm will Elektromobilit\u00e4t in Indien f\u00f6rdern. Mit finanziellen Anreizen soll bis 2030 jedes Fahrzeug durch ein Elektrofahrzeug ersetzt werden.","articlekey":"","footnotes":""},"categories":[1],"tags":[1035,1401,354],"class_list":["post-9932","post","type-post","status-publish","format-standard","has-post-thumbnail","hentry","category-allgemein","tag-elektrofahrzeug","tag-indien","tag-mobilitaet"],"acf":[],"yoast_head":"<!-- This site is optimized with the Yoast SEO plugin v27.5 - https:\/\/yoast.com\/product\/yoast-seo-wordpress\/ -->\n<title>Indien will bis 2030 auf Elektrofahrzeuge umstellen - Organisator<\/title>\n<meta name=\"description\" content=\"Ein Programm will Elektromobilit\u00e4t in Indien f\u00f6rdern. Mit finanziellen Anreizen soll bis 2030 jedes Fahrzeug durch ein Elektrofahrzeug ersetzt werden.\" \/>\n<meta name=\"robots\" content=\"index, follow, max-snippet:-1, max-image-preview:large, max-video-preview:-1\" \/>\n<link rel=\"canonical\" href=\"https:\/\/www.organisator.ch\/en\/general\/2016-03-30\/indien-will-bis-2030-auf-elektrofahrzeuge-umstellen\/\" \/>\n<meta property=\"og:locale\" content=\"en_US\" \/>\n<meta property=\"og:type\" content=\"article\" \/>\n<meta property=\"og:title\" content=\"Indien will bis 2030 auf Elektrofahrzeuge umstellen - Organisator\" \/>\n<meta property=\"og:description\" content=\"Ein Programm will Elektromobilit\u00e4t in Indien f\u00f6rdern. Mit finanziellen Anreizen soll bis 2030 jedes Fahrzeug durch ein Elektrofahrzeug ersetzt werden.\" \/>\n<meta property=\"og:url\" content=\"https:\/\/www.organisator.ch\/en\/general\/2016-03-30\/indien-will-bis-2030-auf-elektrofahrzeuge-umstellen\/\" \/>\n<meta property=\"og:site_name\" content=\"Organisator\" \/>\n<meta property=\"article:publisher\" content=\"https:\/\/www.facebook.com\/OrganisatorFachmagazin\" \/>\n<meta property=\"article:published_time\" content=\"2016-03-30T13:37:02+00:00\" \/>\n<meta property=\"og:image\" content=\"https:\/\/www.organisator.ch\/wp-content\/uploads\/2016\/12\/Indien-will-bis-2030-auf-Elektrofahrzeuge-umstellen-umweltperspektiven.jpg\" \/>\n\t<meta property=\"og:image:width\" content=\"1000\" \/>\n\t<meta property=\"og:image:height\" content=\"667\" \/>\n\t<meta property=\"og:image:type\" content=\"image\/jpeg\" \/>\n<meta name=\"author\" content=\"admin\" \/>\n<meta name=\"twitter:card\" content=\"summary_large_image\" \/>\n<script type=\"application\/ld+json\" class=\"yoast-schema-graph\">{\"@context\":\"https:\\\/\\\/schema.org\",\"@graph\":[{\"@type\":\"Article\",\"@id\":\"https:\\\/\\\/www.organisator.ch\\\/en\\\/general\\\/2016-03-30\\\/indien-will-bis-2030-auf-elektrofahrzeuge-umstellen\\\/#article\",\"isPartOf\":{\"@id\":\"https:\\\/\\\/www.organisator.ch\\\/en\\\/general\\\/2016-03-30\\\/indien-will-bis-2030-auf-elektrofahrzeuge-umstellen\\\/\"},\"author\":{\"name\":\"admin\",\"@id\":\"https:\\\/\\\/www.organisator.ch\\\/#\\\/schema\\\/person\\\/aa2bace6c5c5aad60102004a50c4eb1c\"},\"headline\":\"Indien will bis 2030 auf Elektrofahrzeuge umstellen\",\"datePublished\":\"2016-03-30T13:37:02+00:00\",\"mainEntityOfPage\":{\"@id\":\"https:\\\/\\\/www.organisator.ch\\\/en\\\/general\\\/2016-03-30\\\/indien-will-bis-2030-auf-elektrofahrzeuge-umstellen\\\/\"},\"wordCount\":129,\"commentCount\":0,\"publisher\":{\"@id\":\"https:\\\/\\\/www.organisator.ch\\\/#organization\"},\"image\":{\"@id\":\"https:\\\/\\\/www.organisator.ch\\\/en\\\/general\\\/2016-03-30\\\/indien-will-bis-2030-auf-elektrofahrzeuge-umstellen\\\/#primaryimage\"},\"thumbnailUrl\":\"https:\\\/\\\/www.organisator.ch\\\/wp-content\\\/uploads\\\/2016\\\/12\\\/Indien-will-bis-2030-auf-Elektrofahrzeuge-umstellen-umweltperspektiven.jpg\",\"keywords\":[\"Elektrofahrzeug\",\"Indien\",\"Mobilit\u00e4t\"],\"articleSection\":[\"Allgemein\"],\"inLanguage\":\"en-US\"},{\"@type\":\"WebPage\",\"@id\":\"https:\\\/\\\/www.organisator.ch\\\/en\\\/general\\\/2016-03-30\\\/indien-will-bis-2030-auf-elektrofahrzeuge-umstellen\\\/\",\"url\":\"https:\\\/\\\/www.organisator.ch\\\/en\\\/general\\\/2016-03-30\\\/indien-will-bis-2030-auf-elektrofahrzeuge-umstellen\\\/\",\"name\":\"Indien will bis 2030 auf Elektrofahrzeuge umstellen - Organisator\",\"isPartOf\":{\"@id\":\"https:\\\/\\\/www.organisator.ch\\\/#website\"},\"primaryImageOfPage\":{\"@id\":\"https:\\\/\\\/www.organisator.ch\\\/en\\\/general\\\/2016-03-30\\\/indien-will-bis-2030-auf-elektrofahrzeuge-umstellen\\\/#primaryimage\"},\"image\":{\"@id\":\"https:\\\/\\\/www.organisator.ch\\\/en\\\/general\\\/2016-03-30\\\/indien-will-bis-2030-auf-elektrofahrzeuge-umstellen\\\/#primaryimage\"},\"thumbnailUrl\":\"https:\\\/\\\/www.organisator.ch\\\/wp-content\\\/uploads\\\/2016\\\/12\\\/Indien-will-bis-2030-auf-Elektrofahrzeuge-umstellen-umweltperspektiven.jpg\",\"datePublished\":\"2016-03-30T13:37:02+00:00\",\"description\":\"Ein Programm will Elektromobilit\u00e4t in Indien f\u00f6rdern. Mit finanziellen Anreizen soll bis 2030 jedes Fahrzeug durch ein Elektrofahrzeug ersetzt werden.\",\"breadcrumb\":{\"@id\":\"https:\\\/\\\/www.organisator.ch\\\/en\\\/general\\\/2016-03-30\\\/indien-will-bis-2030-auf-elektrofahrzeuge-umstellen\\\/#breadcrumb\"},\"inLanguage\":\"en-US\",\"potentialAction\":[{\"@type\":\"ReadAction\",\"target\":[\"https:\\\/\\\/www.organisator.ch\\\/en\\\/general\\\/2016-03-30\\\/indien-will-bis-2030-auf-elektrofahrzeuge-umstellen\\\/\"]}]},{\"@type\":\"ImageObject\",\"inLanguage\":\"en-US\",\"@id\":\"https:\\\/\\\/www.organisator.ch\\\/en\\\/general\\\/2016-03-30\\\/indien-will-bis-2030-auf-elektrofahrzeuge-umstellen\\\/#primaryimage\",\"url\":\"https:\\\/\\\/www.organisator.ch\\\/wp-content\\\/uploads\\\/2016\\\/12\\\/Indien-will-bis-2030-auf-Elektrofahrzeuge-umstellen-umweltperspektiven.jpg\",\"contentUrl\":\"https:\\\/\\\/www.organisator.ch\\\/wp-content\\\/uploads\\\/2016\\\/12\\\/Indien-will-bis-2030-auf-Elektrofahrzeuge-umstellen-umweltperspektiven.jpg\",\"width\":1000,\"height\":667,\"caption\":\"Strasse in Delhi: Bis 2030 sollen Fahrzeuge in Indien keine Schadstoffe mehr ausstossen.\"},{\"@type\":\"BreadcrumbList\",\"@id\":\"https:\\\/\\\/www.organisator.ch\\\/en\\\/general\\\/2016-03-30\\\/indien-will-bis-2030-auf-elektrofahrzeuge-umstellen\\\/#breadcrumb\",\"itemListElement\":[{\"@type\":\"ListItem\",\"position\":1,\"name\":\"Home\",\"item\":\"https:\\\/\\\/www.organisator.ch\\\/\"},{\"@type\":\"ListItem\",\"position\":2,\"name\":\"Indien will bis 2030 auf Elektrofahrzeuge umstellen\"}]},{\"@type\":\"WebSite\",\"@id\":\"https:\\\/\\\/www.organisator.ch\\\/#website\",\"url\":\"https:\\\/\\\/www.organisator.ch\\\/\",\"name\":\"Organisator\",\"description\":\"Kompetent. Praxisnah. Der ORGANISATOR bereitet in 10 Ausgaben pro Jahr die wesentlichen Themen f\u00fcr F\u00fchrungskr\u00e4fte von KMU auf.\",\"publisher\":{\"@id\":\"https:\\\/\\\/www.organisator.ch\\\/#organization\"},\"potentialAction\":[{\"@type\":\"SearchAction\",\"target\":{\"@type\":\"EntryPoint\",\"urlTemplate\":\"https:\\\/\\\/www.organisator.ch\\\/?s={search_term_string}\"},\"query-input\":{\"@type\":\"PropertyValueSpecification\",\"valueRequired\":true,\"valueName\":\"search_term_string\"}}],\"inLanguage\":\"en-US\"},{\"@type\":\"Organization\",\"@id\":\"https:\\\/\\\/www.organisator.ch\\\/#organization\",\"name\":\"Organisator\",\"url\":\"https:\\\/\\\/www.organisator.ch\\\/\",\"logo\":{\"@type\":\"ImageObject\",\"inLanguage\":\"en-US\",\"@id\":\"https:\\\/\\\/www.organisator.ch\\\/#\\\/schema\\\/logo\\\/image\\\/\",\"url\":\"https:\\\/\\\/www.organisator.ch\\\/wp-content\\\/uploads\\\/2022\\\/01\\\/Logo_Organisator_Website.png\",\"contentUrl\":\"https:\\\/\\\/www.organisator.ch\\\/wp-content\\\/uploads\\\/2022\\\/01\\\/Logo_Organisator_Website.png\",\"width\":800,\"height\":77,\"caption\":\"Organisator\"},\"image\":{\"@id\":\"https:\\\/\\\/www.organisator.ch\\\/#\\\/schema\\\/logo\\\/image\\\/\"},\"sameAs\":[\"https:\\\/\\\/www.facebook.com\\\/OrganisatorFachmagazin\",\"https:\\\/\\\/www.linkedin.com\\\/showcase\\\/organisator-das-magazin-fr-kmu\",\"https:\\\/\\\/www.xing.com\\\/news\\\/pages\\\/organisator-ch-695\",\"https:\\\/\\\/www.youtube.com\\\/channel\\\/UCGP2Sq0iWaZwT3BdIAQFYpw\"]},{\"@type\":\"Person\",\"@id\":\"https:\\\/\\\/www.organisator.ch\\\/#\\\/schema\\\/person\\\/aa2bace6c5c5aad60102004a50c4eb1c\",\"name\":\"admin\",\"image\":{\"@type\":\"ImageObject\",\"inLanguage\":\"en-US\",\"@id\":\"https:\\\/\\\/secure.gravatar.com\\\/avatar\\\/ae2f4d718e6c49043e314ce431e7e645d646302a24a5ef5a8bc8e3f5a032e319?s=96&d=mm&r=g\",\"url\":\"https:\\\/\\\/secure.gravatar.com\\\/avatar\\\/ae2f4d718e6c49043e314ce431e7e645d646302a24a5ef5a8bc8e3f5a032e319?s=96&d=mm&r=g\",\"contentUrl\":\"https:\\\/\\\/secure.gravatar.com\\\/avatar\\\/ae2f4d718e6c49043e314ce431e7e645d646302a24a5ef5a8bc8e3f5a032e319?s=96&d=mm&r=g\",\"caption\":\"admin\"},\"sameAs\":[\"https:\\\/\\\/www.organisator.ch\"],\"url\":\"https:\\\/\\\/www.organisator.ch\\\/en\\\/author\\\/admin\\\/\"}]}<\/script>\n<!-- \/ Yoast SEO plugin. -->","yoast_head_json":{"title":"India to switch to electric vehicles by 2030 - organizer","description":"A program aims to promote electric mobility in India. With financial incentives, every vehicle is to be replaced by an electric vehicle by 2030.","robots":{"index":"index","follow":"follow","max-snippet":"max-snippet:-1","max-image-preview":"max-image-preview:large","max-video-preview":"max-video-preview:-1"},"canonical":"https:\/\/www.organisator.ch\/en\/general\/2016-03-30\/indien-will-bis-2030-auf-elektrofahrzeuge-umstellen\/","og_locale":"en_US","og_type":"article","og_title":"Indien will bis 2030 auf Elektrofahrzeuge umstellen - Organisator","og_description":"Ein Programm will Elektromobilit\u00e4t in Indien f\u00f6rdern. Mit finanziellen Anreizen soll bis 2030 jedes Fahrzeug durch ein Elektrofahrzeug ersetzt werden.","og_url":"https:\/\/www.organisator.ch\/en\/general\/2016-03-30\/indien-will-bis-2030-auf-elektrofahrzeuge-umstellen\/","og_site_name":"Organisator","article_publisher":"https:\/\/www.facebook.com\/OrganisatorFachmagazin","article_published_time":"2016-03-30T13:37:02+00:00","og_image":[{"width":1000,"height":667,"url":"https:\/\/www.organisator.ch\/wp-content\/uploads\/2016\/12\/Indien-will-bis-2030-auf-Elektrofahrzeuge-umstellen-umweltperspektiven.jpg","type":"image\/jpeg"}],"author":"admin","twitter_card":"summary_large_image","schema":{"@context":"https:\/\/schema.org","@graph":[{"@type":"Article","@id":"https:\/\/www.organisator.ch\/en\/general\/2016-03-30\/indien-will-bis-2030-auf-elektrofahrzeuge-umstellen\/#article","isPartOf":{"@id":"https:\/\/www.organisator.ch\/en\/general\/2016-03-30\/indien-will-bis-2030-auf-elektrofahrzeuge-umstellen\/"},"author":{"name":"admin","@id":"https:\/\/www.organisator.ch\/#\/schema\/person\/aa2bace6c5c5aad60102004a50c4eb1c"},"headline":"Indien will bis 2030 auf Elektrofahrzeuge umstellen","datePublished":"2016-03-30T13:37:02+00:00","mainEntityOfPage":{"@id":"https:\/\/www.organisator.ch\/en\/general\/2016-03-30\/indien-will-bis-2030-auf-elektrofahrzeuge-umstellen\/"},"wordCount":129,"commentCount":0,"publisher":{"@id":"https:\/\/www.organisator.ch\/#organization"},"image":{"@id":"https:\/\/www.organisator.ch\/en\/general\/2016-03-30\/indien-will-bis-2030-auf-elektrofahrzeuge-umstellen\/#primaryimage"},"thumbnailUrl":"https:\/\/www.organisator.ch\/wp-content\/uploads\/2016\/12\/Indien-will-bis-2030-auf-Elektrofahrzeuge-umstellen-umweltperspektiven.jpg","keywords":["Elektrofahrzeug","Indien","Mobilit\u00e4t"],"articleSection":["Allgemein"],"inLanguage":"en-US"},{"@type":"WebPage","@id":"https:\/\/www.organisator.ch\/en\/general\/2016-03-30\/indien-will-bis-2030-auf-elektrofahrzeuge-umstellen\/","url":"https:\/\/www.organisator.ch\/en\/general\/2016-03-30\/indien-will-bis-2030-auf-elektrofahrzeuge-umstellen\/","name":"India to switch to electric vehicles by 2030 - organizer","isPartOf":{"@id":"https:\/\/www.organisator.ch\/#website"},"primaryImageOfPage":{"@id":"https:\/\/www.organisator.ch\/en\/general\/2016-03-30\/indien-will-bis-2030-auf-elektrofahrzeuge-umstellen\/#primaryimage"},"image":{"@id":"https:\/\/www.organisator.ch\/en\/general\/2016-03-30\/indien-will-bis-2030-auf-elektrofahrzeuge-umstellen\/#primaryimage"},"thumbnailUrl":"https:\/\/www.organisator.ch\/wp-content\/uploads\/2016\/12\/Indien-will-bis-2030-auf-Elektrofahrzeuge-umstellen-umweltperspektiven.jpg","datePublished":"2016-03-30T13:37:02+00:00","description":"A program aims to promote electric mobility in India. With financial incentives, every vehicle is to be replaced by an electric vehicle by 2030.","breadcrumb":{"@id":"https:\/\/www.organisator.ch\/en\/general\/2016-03-30\/indien-will-bis-2030-auf-elektrofahrzeuge-umstellen\/#breadcrumb"},"inLanguage":"en-US","potentialAction":[{"@type":"ReadAction","target":["https:\/\/www.organisator.ch\/en\/general\/2016-03-30\/indien-will-bis-2030-auf-elektrofahrzeuge-umstellen\/"]}]},{"@type":"ImageObject","inLanguage":"en-US","@id":"https:\/\/www.organisator.ch\/en\/general\/2016-03-30\/indien-will-bis-2030-auf-elektrofahrzeuge-umstellen\/#primaryimage","url":"https:\/\/www.organisator.ch\/wp-content\/uploads\/2016\/12\/Indien-will-bis-2030-auf-Elektrofahrzeuge-umstellen-umweltperspektiven.jpg","contentUrl":"https:\/\/www.organisator.ch\/wp-content\/uploads\/2016\/12\/Indien-will-bis-2030-auf-Elektrofahrzeuge-umstellen-umweltperspektiven.jpg","width":1000,"height":667,"caption":"Strasse in Delhi: Bis 2030 sollen Fahrzeuge in Indien keine Schadstoffe mehr ausstossen."},{"@type":"BreadcrumbList","@id":"https:\/\/www.organisator.ch\/en\/general\/2016-03-30\/indien-will-bis-2030-auf-elektrofahrzeuge-umstellen\/#breadcrumb","itemListElement":[{"@type":"ListItem","position":1,"name":"Home","item":"https:\/\/www.organisator.ch\/"},{"@type":"ListItem","position":2,"name":"Indien will bis 2030 auf Elektrofahrzeuge umstellen"}]},{"@type":"WebSite","@id":"https:\/\/www.organisator.ch\/#website","url":"https:\/\/www.organisator.ch\/","name":"Organizer","description":"Competent. Practical. In 10 issues per year, ORGANISATOR presents the essential topics for managers of SMEs.","publisher":{"@id":"https:\/\/www.organisator.ch\/#organization"},"potentialAction":[{"@type":"SearchAction","target":{"@type":"EntryPoint","urlTemplate":"https:\/\/www.organisator.ch\/?s={search_term_string}"},"query-input":{"@type":"PropertyValueSpecification","valueRequired":true,"valueName":"search_term_string"}}],"inLanguage":"en-US"},{"@type":"Organization","@id":"https:\/\/www.organisator.ch\/#organization","name":"Organizer","url":"https:\/\/www.organisator.ch\/","logo":{"@type":"ImageObject","inLanguage":"en-US","@id":"https:\/\/www.organisator.ch\/#\/schema\/logo\/image\/","url":"https:\/\/www.organisator.ch\/wp-content\/uploads\/2022\/01\/Logo_Organisator_Website.png","contentUrl":"https:\/\/www.organisator.ch\/wp-content\/uploads\/2022\/01\/Logo_Organisator_Website.png","width":800,"height":77,"caption":"Organisator"},"image":{"@id":"https:\/\/www.organisator.ch\/#\/schema\/logo\/image\/"},"sameAs":["https:\/\/www.facebook.com\/OrganisatorFachmagazin","https:\/\/www.linkedin.com\/showcase\/organisator-das-magazin-fr-kmu","https:\/\/www.xing.com\/news\/pages\/organisator-ch-695","https:\/\/www.youtube.com\/channel\/UCGP2Sq0iWaZwT3BdIAQFYpw"]},{"@type":"Person","@id":"https:\/\/www.organisator.ch\/#\/schema\/person\/aa2bace6c5c5aad60102004a50c4eb1c","name":"admin","image":{"@type":"ImageObject","inLanguage":"en-US","@id":"https:\/\/secure.gravatar.com\/avatar\/ae2f4d718e6c49043e314ce431e7e645d646302a24a5ef5a8bc8e3f5a032e319?s=96&d=mm&r=g","url":"https:\/\/secure.gravatar.com\/avatar\/ae2f4d718e6c49043e314ce431e7e645d646302a24a5ef5a8bc8e3f5a032e319?s=96&d=mm&r=g","contentUrl":"https:\/\/secure.gravatar.com\/avatar\/ae2f4d718e6c49043e314ce431e7e645d646302a24a5ef5a8bc8e3f5a032e319?s=96&d=mm&r=g","caption":"admin"},"sameAs":["https:\/\/www.organisator.ch"],"url":"https:\/\/www.organisator.ch\/en\/author\/admin\/"}]}},"_links":{"self":[{"href":"https:\/\/www.organisator.ch\/en\/wp-json\/wp\/v2\/posts\/9932","targetHints":{"allow":["GET"]}}],"collection":[{"href":"https:\/\/www.organisator.ch\/en\/wp-json\/wp\/v2\/posts"}],"about":[{"href":"https:\/\/www.organisator.ch\/en\/wp-json\/wp\/v2\/types\/post"}],"author":[{"embeddable":true,"href":"https:\/\/www.organisator.ch\/en\/wp-json\/wp\/v2\/users\/1"}],"replies":[{"embeddable":true,"href":"https:\/\/www.organisator.ch\/en\/wp-json\/wp\/v2\/comments?post=9932"}],"version-history":[{"count":0,"href":"https:\/\/www.organisator.ch\/en\/wp-json\/wp\/v2\/posts\/9932\/revisions"}],"wp:featuredmedia":[{"embeddable":true,"href":"https:\/\/www.organisator.ch\/en\/wp-json\/wp\/v2\/media\/301"}],"wp:attachment":[{"href":"https:\/\/www.organisator.ch\/en\/wp-json\/wp\/v2\/media?parent=9932"}],"wp:term":[{"taxonomy":"category","embeddable":true,"href":"https:\/\/www.organisator.ch\/en\/wp-json\/wp\/v2\/categories?post=9932"},{"taxonomy":"post_tag","embeddable":true,"href":"https:\/\/www.organisator.ch\/en\/wp-json\/wp\/v2\/tags?post=9932"}],"curies":[{"name":"wp","href":"https:\/\/api.w.org\/{rel}","templated":true}]}}