{"id":9937,"date":"2016-04-20T15:51:32","date_gmt":"2016-04-20T13:51:32","guid":{"rendered":"https:\/\/dev.umweltperspektiven.ch\/?p=325"},"modified":"2016-04-20T15:51:32","modified_gmt":"2016-04-20T13:51:32","slug":"fokussierte-koordination-im-cleantech-bereich","status":"publish","type":"post","link":"https:\/\/www.organisator.ch\/en\/allgemein\/2016-04-20\/fokussierte-koordination-im-cleantech-bereich\/","title":{"rendered":"Focused coordination in the cleantech sector"},"content":{"rendered":"<figure id=\"attachment_326\" aria-describedby=\"caption-attachment-326\" style=\"width: 680px\" class=\"wp-caption alignnone\"><a href=\"\/\/dev.umweltperspektiven.ch\/wp-content\/uploads\/2016\/12\/Fokussierte-Koordination-im-Cleantech-Bereich-umweltperspektiven.jpg\"><img loading=\"lazy\" decoding=\"async\" class=\"size-medium wp-image-326\" src=\"\/\/dev.umweltperspektiven.ch\/wp-content\/uploads\/2016\/12\/Fokussierte-Koordination-im-Cleantech-Bereich-umweltperspektiven.jpg\" alt=\"The cleantech strategy to date has proven its worth and triggered numerous activities at the public and private sector level.\" width=\"680\" height=\"454\" \/><\/a><figcaption id=\"caption-attachment-326\" class=\"wp-caption-text\">The cleantech strategy to date has proven its worth and triggered numerous activities at the public and private sector level.<\/figcaption><\/figure>\n<p>Cleantech is a growing future market worldwide, in which many Swiss companies are increasingly able to position themselves successfully. The resource efficiency strategy adopted by the Federal Council in 2011 has contributed significantly to this. With its Cleantech Master Plan, the federal government has defined its role as a door opener to join forces and create synergies between the players from science, business, administration and politics. The implementation report, which the Federal Council took note of in May 2015, showed that this has been successful.<\/p>\n<p>Following a renewed analysis of the situation, the Federal Council decided today to no longer pursue the Master Plan as a stand-alone strategy, but to continue the measures already underway within the framework of other existing strategies (including the Green Economy Report and the Sustainable Development Strategy). The Federal Office of Energy will remain the first point of contact for concerns in the cleantech sector and will assume the coordination function within the federal administration.<\/p>\n<p>In May 2015, the Federal Council took note of the implementation report on the Cleantech Master Plan and instructed the Federal Department of the Environment, Transport, Energy and Communications (DETEC) and the Federal Department of Economic Affairs, Education and Research (EAER) to submit a proposal on how to proceed. To this end, the federal agencies involved have conducted a comprehensive analysis of the situation together with the Conference of Cantonal Directors of Economic Affairs (VDK).<\/p>\n<p><strong>Proven strategy<\/strong><\/p>\n<p>The analysis shows that the previous cleantech strategy has proven its worth and has triggered numerous activities at the public and private sector level. Most of the measures defined in 2011 have been successfully implemented. As an important principle for future work, it was again stated that the federal government must first and foremost ensure good framework conditions.<\/p>\n<p>Against this background, the Federal Council concludes that an independent continuation of the Cleantech Master Plan is no longer necessary. The measures still underway can be addressed within the framework of other existing strategies.<\/p>\n<p>The Federal Council continues to attach importance to a coordinated approach in the area of cleantech and has today assigned the coordinating role to DETEC (Federal Office of Energy). It will be informed again by the end of 2019 at the latest with an overall view of the current status of the work and will then decide on the further course of action.<\/p>\n<p>(BR)<\/p>","protected":false},"excerpt":{"rendered":"<p>Cleantech ist ein weltweit wachsender Zukunftsmarkt, auf dem sich viele Schweizer Firmen zunehmend erfolgreich positionieren k\u00f6nnen. Die vom Bundesrat 2011 verabschiedete Strategie f\u00fcr Ressourceneffizienz hat massgeblich dazu beigetragen. Mit seinem Masterplan Cleantech hat der Bund seine Rolle als T\u00fcr\u00f6ffner definiert, um Kr\u00e4fte zu b\u00fcndeln und Synergien zwischen den Akteuren aus Wissenschaft, Wirtschaft, Verwaltung und Politik [&hellip;]<\/p>\n","protected":false},"author":1,"featured_media":9371,"comment_status":"open","ping_status":"open","sticky":false,"template":"","format":"standard","meta":{"_acf_changed":false,"_yoast_wpseo_focuskw":"Cleantech","_yoast_wpseo_metadesc":"Der Bundesrat will den Masterplan Cleantech nicht l\u00e4nger als eigene Strategie f\u00fchren, sondern die Massnahmen im Rahmen anderer Strategien weiterf\u00fchren.","articlekey":"","footnotes":""},"categories":[1],"tags":[100,919,1668,458],"class_list":["post-9937","post","type-post","status-publish","format-standard","has-post-thumbnail","hentry","category-allgemein","tag-bundesrat","tag-cleantech","tag-masterplan","tag-strategie"],"acf":[],"yoast_head":"<!-- This site is optimized with the Yoast SEO plugin v27.4 - https:\/\/yoast.com\/product\/yoast-seo-wordpress\/ -->\n<title>Fokussierte Koordination im Cleantech-Bereich - Organisator<\/title>\n<meta name=\"description\" content=\"Der Bundesrat will den Masterplan Cleantech nicht l\u00e4nger als eigene Strategie f\u00fchren, sondern die Massnahmen im Rahmen anderer Strategien weiterf\u00fchren.\" \/>\n<meta name=\"robots\" content=\"index, follow, max-snippet:-1, max-image-preview:large, max-video-preview:-1\" \/>\n<link rel=\"canonical\" href=\"https:\/\/www.organisator.ch\/en\/general\/2016-04-20\/fokussierte-koordination-im-cleantech-bereich\/\" \/>\n<meta property=\"og:locale\" content=\"en_US\" \/>\n<meta property=\"og:type\" content=\"article\" \/>\n<meta property=\"og:title\" content=\"Fokussierte Koordination im Cleantech-Bereich - Organisator\" \/>\n<meta property=\"og:description\" content=\"Der Bundesrat will den Masterplan Cleantech nicht l\u00e4nger als eigene Strategie f\u00fchren, sondern die Massnahmen im Rahmen anderer Strategien weiterf\u00fchren.\" \/>\n<meta property=\"og:url\" content=\"https:\/\/www.organisator.ch\/en\/general\/2016-04-20\/fokussierte-koordination-im-cleantech-bereich\/\" \/>\n<meta property=\"og:site_name\" content=\"Organisator\" \/>\n<meta property=\"article:publisher\" content=\"https:\/\/www.facebook.com\/OrganisatorFachmagazin\" \/>\n<meta property=\"article:published_time\" content=\"2016-04-20T13:51:32+00:00\" \/>\n<meta property=\"og:image\" content=\"https:\/\/www.organisator.ch\/wp-content\/uploads\/2016\/12\/Fokussierte-Koordination-im-Cleantech-Bereich-umweltperspektiven.jpg\" \/>\n\t<meta property=\"og:image:width\" content=\"1000\" \/>\n\t<meta property=\"og:image:height\" content=\"667\" \/>\n\t<meta property=\"og:image:type\" content=\"image\/jpeg\" \/>\n<meta name=\"author\" content=\"admin\" \/>\n<meta name=\"twitter:card\" content=\"summary_large_image\" \/>\n<script type=\"application\/ld+json\" class=\"yoast-schema-graph\">{\"@context\":\"https:\\\/\\\/schema.org\",\"@graph\":[{\"@type\":\"Article\",\"@id\":\"https:\\\/\\\/www.organisator.ch\\\/en\\\/general\\\/2016-04-20\\\/fokussierte-koordination-im-cleantech-bereich\\\/#article\",\"isPartOf\":{\"@id\":\"https:\\\/\\\/www.organisator.ch\\\/en\\\/general\\\/2016-04-20\\\/fokussierte-koordination-im-cleantech-bereich\\\/\"},\"author\":{\"name\":\"admin\",\"@id\":\"https:\\\/\\\/www.organisator.ch\\\/#\\\/schema\\\/person\\\/aa2bace6c5c5aad60102004a50c4eb1c\"},\"headline\":\"Fokussierte Koordination im Cleantech-Bereich\",\"datePublished\":\"2016-04-20T13:51:32+00:00\",\"mainEntityOfPage\":{\"@id\":\"https:\\\/\\\/www.organisator.ch\\\/en\\\/general\\\/2016-04-20\\\/fokussierte-koordination-im-cleantech-bereich\\\/\"},\"wordCount\":381,\"commentCount\":0,\"publisher\":{\"@id\":\"https:\\\/\\\/www.organisator.ch\\\/#organization\"},\"image\":{\"@id\":\"https:\\\/\\\/www.organisator.ch\\\/en\\\/general\\\/2016-04-20\\\/fokussierte-koordination-im-cleantech-bereich\\\/#primaryimage\"},\"thumbnailUrl\":\"https:\\\/\\\/www.organisator.ch\\\/wp-content\\\/uploads\\\/2016\\\/12\\\/Fokussierte-Koordination-im-Cleantech-Bereich-umweltperspektiven.jpg\",\"keywords\":[\"Bundesrat\",\"Cleantech\",\"Masterplan\",\"Strategie\"],\"articleSection\":[\"Allgemein\"],\"inLanguage\":\"en-US\"},{\"@type\":\"WebPage\",\"@id\":\"https:\\\/\\\/www.organisator.ch\\\/en\\\/general\\\/2016-04-20\\\/fokussierte-koordination-im-cleantech-bereich\\\/\",\"url\":\"https:\\\/\\\/www.organisator.ch\\\/en\\\/general\\\/2016-04-20\\\/fokussierte-koordination-im-cleantech-bereich\\\/\",\"name\":\"Fokussierte Koordination im Cleantech-Bereich - Organisator\",\"isPartOf\":{\"@id\":\"https:\\\/\\\/www.organisator.ch\\\/#website\"},\"primaryImageOfPage\":{\"@id\":\"https:\\\/\\\/www.organisator.ch\\\/en\\\/general\\\/2016-04-20\\\/fokussierte-koordination-im-cleantech-bereich\\\/#primaryimage\"},\"image\":{\"@id\":\"https:\\\/\\\/www.organisator.ch\\\/en\\\/general\\\/2016-04-20\\\/fokussierte-koordination-im-cleantech-bereich\\\/#primaryimage\"},\"thumbnailUrl\":\"https:\\\/\\\/www.organisator.ch\\\/wp-content\\\/uploads\\\/2016\\\/12\\\/Fokussierte-Koordination-im-Cleantech-Bereich-umweltperspektiven.jpg\",\"datePublished\":\"2016-04-20T13:51:32+00:00\",\"description\":\"Der Bundesrat will den Masterplan Cleantech nicht l\u00e4nger als eigene Strategie f\u00fchren, sondern die Massnahmen im Rahmen anderer Strategien weiterf\u00fchren.\",\"breadcrumb\":{\"@id\":\"https:\\\/\\\/www.organisator.ch\\\/en\\\/general\\\/2016-04-20\\\/fokussierte-koordination-im-cleantech-bereich\\\/#breadcrumb\"},\"inLanguage\":\"en-US\",\"potentialAction\":[{\"@type\":\"ReadAction\",\"target\":[\"https:\\\/\\\/www.organisator.ch\\\/en\\\/general\\\/2016-04-20\\\/fokussierte-koordination-im-cleantech-bereich\\\/\"]}]},{\"@type\":\"ImageObject\",\"inLanguage\":\"en-US\",\"@id\":\"https:\\\/\\\/www.organisator.ch\\\/en\\\/general\\\/2016-04-20\\\/fokussierte-koordination-im-cleantech-bereich\\\/#primaryimage\",\"url\":\"https:\\\/\\\/www.organisator.ch\\\/wp-content\\\/uploads\\\/2016\\\/12\\\/Fokussierte-Koordination-im-Cleantech-Bereich-umweltperspektiven.jpg\",\"contentUrl\":\"https:\\\/\\\/www.organisator.ch\\\/wp-content\\\/uploads\\\/2016\\\/12\\\/Fokussierte-Koordination-im-Cleantech-Bereich-umweltperspektiven.jpg\",\"width\":1000,\"height\":667,\"caption\":\"Die bisherige Cleantech-Strategie hat sich bew\u00e4hrt und auf \u00f6ffentlicher und privatwirtschaftlicher Ebene zahlreiche Aktivit\u00e4ten ausgel\u00f6st.\"},{\"@type\":\"BreadcrumbList\",\"@id\":\"https:\\\/\\\/www.organisator.ch\\\/en\\\/general\\\/2016-04-20\\\/fokussierte-koordination-im-cleantech-bereich\\\/#breadcrumb\",\"itemListElement\":[{\"@type\":\"ListItem\",\"position\":1,\"name\":\"Home\",\"item\":\"https:\\\/\\\/www.organisator.ch\\\/\"},{\"@type\":\"ListItem\",\"position\":2,\"name\":\"Fokussierte Koordination im Cleantech-Bereich\"}]},{\"@type\":\"WebSite\",\"@id\":\"https:\\\/\\\/www.organisator.ch\\\/#website\",\"url\":\"https:\\\/\\\/www.organisator.ch\\\/\",\"name\":\"Organisator\",\"description\":\"Kompetent. Praxisnah. Der ORGANISATOR bereitet in 10 Ausgaben pro Jahr die wesentlichen Themen f\u00fcr F\u00fchrungskr\u00e4fte von KMU auf.\",\"publisher\":{\"@id\":\"https:\\\/\\\/www.organisator.ch\\\/#organization\"},\"potentialAction\":[{\"@type\":\"SearchAction\",\"target\":{\"@type\":\"EntryPoint\",\"urlTemplate\":\"https:\\\/\\\/www.organisator.ch\\\/?s={search_term_string}\"},\"query-input\":{\"@type\":\"PropertyValueSpecification\",\"valueRequired\":true,\"valueName\":\"search_term_string\"}}],\"inLanguage\":\"en-US\"},{\"@type\":\"Organization\",\"@id\":\"https:\\\/\\\/www.organisator.ch\\\/#organization\",\"name\":\"Organisator\",\"url\":\"https:\\\/\\\/www.organisator.ch\\\/\",\"logo\":{\"@type\":\"ImageObject\",\"inLanguage\":\"en-US\",\"@id\":\"https:\\\/\\\/www.organisator.ch\\\/#\\\/schema\\\/logo\\\/image\\\/\",\"url\":\"https:\\\/\\\/www.organisator.ch\\\/wp-content\\\/uploads\\\/2022\\\/01\\\/Logo_Organisator_Website.png\",\"contentUrl\":\"https:\\\/\\\/www.organisator.ch\\\/wp-content\\\/uploads\\\/2022\\\/01\\\/Logo_Organisator_Website.png\",\"width\":800,\"height\":77,\"caption\":\"Organisator\"},\"image\":{\"@id\":\"https:\\\/\\\/www.organisator.ch\\\/#\\\/schema\\\/logo\\\/image\\\/\"},\"sameAs\":[\"https:\\\/\\\/www.facebook.com\\\/OrganisatorFachmagazin\",\"https:\\\/\\\/www.linkedin.com\\\/showcase\\\/organisator-das-magazin-fr-kmu\",\"https:\\\/\\\/www.xing.com\\\/news\\\/pages\\\/organisator-ch-695\",\"https:\\\/\\\/www.youtube.com\\\/channel\\\/UCGP2Sq0iWaZwT3BdIAQFYpw\"]},{\"@type\":\"Person\",\"@id\":\"https:\\\/\\\/www.organisator.ch\\\/#\\\/schema\\\/person\\\/aa2bace6c5c5aad60102004a50c4eb1c\",\"name\":\"admin\",\"image\":{\"@type\":\"ImageObject\",\"inLanguage\":\"en-US\",\"@id\":\"https:\\\/\\\/secure.gravatar.com\\\/avatar\\\/ae2f4d718e6c49043e314ce431e7e645d646302a24a5ef5a8bc8e3f5a032e319?s=96&d=mm&r=g\",\"url\":\"https:\\\/\\\/secure.gravatar.com\\\/avatar\\\/ae2f4d718e6c49043e314ce431e7e645d646302a24a5ef5a8bc8e3f5a032e319?s=96&d=mm&r=g\",\"contentUrl\":\"https:\\\/\\\/secure.gravatar.com\\\/avatar\\\/ae2f4d718e6c49043e314ce431e7e645d646302a24a5ef5a8bc8e3f5a032e319?s=96&d=mm&r=g\",\"caption\":\"admin\"},\"sameAs\":[\"https:\\\/\\\/www.organisator.ch\"],\"url\":\"https:\\\/\\\/www.organisator.ch\\\/en\\\/author\\\/admin\\\/\"}]}<\/script>\n<!-- \/ Yoast SEO plugin. -->","yoast_head_json":{"title":"Focused coordination in the cleantech sector - organizer","description":"The Federal Council no longer wants to manage the Cleantech Master Plan as a separate strategy, but to continue the measures within the framework of other strategies.","robots":{"index":"index","follow":"follow","max-snippet":"max-snippet:-1","max-image-preview":"max-image-preview:large","max-video-preview":"max-video-preview:-1"},"canonical":"https:\/\/www.organisator.ch\/en\/general\/2016-04-20\/fokussierte-koordination-im-cleantech-bereich\/","og_locale":"en_US","og_type":"article","og_title":"Fokussierte Koordination im Cleantech-Bereich - Organisator","og_description":"Der Bundesrat will den Masterplan Cleantech nicht l\u00e4nger als eigene Strategie f\u00fchren, sondern die Massnahmen im Rahmen anderer Strategien weiterf\u00fchren.","og_url":"https:\/\/www.organisator.ch\/en\/general\/2016-04-20\/fokussierte-koordination-im-cleantech-bereich\/","og_site_name":"Organisator","article_publisher":"https:\/\/www.facebook.com\/OrganisatorFachmagazin","article_published_time":"2016-04-20T13:51:32+00:00","og_image":[{"width":1000,"height":667,"url":"https:\/\/www.organisator.ch\/wp-content\/uploads\/2016\/12\/Fokussierte-Koordination-im-Cleantech-Bereich-umweltperspektiven.jpg","type":"image\/jpeg"}],"author":"admin","twitter_card":"summary_large_image","schema":{"@context":"https:\/\/schema.org","@graph":[{"@type":"Article","@id":"https:\/\/www.organisator.ch\/en\/general\/2016-04-20\/fokussierte-koordination-im-cleantech-bereich\/#article","isPartOf":{"@id":"https:\/\/www.organisator.ch\/en\/general\/2016-04-20\/fokussierte-koordination-im-cleantech-bereich\/"},"author":{"name":"admin","@id":"https:\/\/www.organisator.ch\/#\/schema\/person\/aa2bace6c5c5aad60102004a50c4eb1c"},"headline":"Fokussierte Koordination im Cleantech-Bereich","datePublished":"2016-04-20T13:51:32+00:00","mainEntityOfPage":{"@id":"https:\/\/www.organisator.ch\/en\/general\/2016-04-20\/fokussierte-koordination-im-cleantech-bereich\/"},"wordCount":381,"commentCount":0,"publisher":{"@id":"https:\/\/www.organisator.ch\/#organization"},"image":{"@id":"https:\/\/www.organisator.ch\/en\/general\/2016-04-20\/fokussierte-koordination-im-cleantech-bereich\/#primaryimage"},"thumbnailUrl":"https:\/\/www.organisator.ch\/wp-content\/uploads\/2016\/12\/Fokussierte-Koordination-im-Cleantech-Bereich-umweltperspektiven.jpg","keywords":["Bundesrat","Cleantech","Masterplan","Strategie"],"articleSection":["Allgemein"],"inLanguage":"en-US"},{"@type":"WebPage","@id":"https:\/\/www.organisator.ch\/en\/general\/2016-04-20\/fokussierte-koordination-im-cleantech-bereich\/","url":"https:\/\/www.organisator.ch\/en\/general\/2016-04-20\/fokussierte-koordination-im-cleantech-bereich\/","name":"Focused coordination in the cleantech sector - organizer","isPartOf":{"@id":"https:\/\/www.organisator.ch\/#website"},"primaryImageOfPage":{"@id":"https:\/\/www.organisator.ch\/en\/general\/2016-04-20\/fokussierte-koordination-im-cleantech-bereich\/#primaryimage"},"image":{"@id":"https:\/\/www.organisator.ch\/en\/general\/2016-04-20\/fokussierte-koordination-im-cleantech-bereich\/#primaryimage"},"thumbnailUrl":"https:\/\/www.organisator.ch\/wp-content\/uploads\/2016\/12\/Fokussierte-Koordination-im-Cleantech-Bereich-umweltperspektiven.jpg","datePublished":"2016-04-20T13:51:32+00:00","description":"The Federal Council no longer wants to manage the Cleantech Master Plan as a separate strategy, but to continue the measures within the framework of other strategies.","breadcrumb":{"@id":"https:\/\/www.organisator.ch\/en\/general\/2016-04-20\/fokussierte-koordination-im-cleantech-bereich\/#breadcrumb"},"inLanguage":"en-US","potentialAction":[{"@type":"ReadAction","target":["https:\/\/www.organisator.ch\/en\/general\/2016-04-20\/fokussierte-koordination-im-cleantech-bereich\/"]}]},{"@type":"ImageObject","inLanguage":"en-US","@id":"https:\/\/www.organisator.ch\/en\/general\/2016-04-20\/fokussierte-koordination-im-cleantech-bereich\/#primaryimage","url":"https:\/\/www.organisator.ch\/wp-content\/uploads\/2016\/12\/Fokussierte-Koordination-im-Cleantech-Bereich-umweltperspektiven.jpg","contentUrl":"https:\/\/www.organisator.ch\/wp-content\/uploads\/2016\/12\/Fokussierte-Koordination-im-Cleantech-Bereich-umweltperspektiven.jpg","width":1000,"height":667,"caption":"Die bisherige Cleantech-Strategie hat sich bew\u00e4hrt und auf \u00f6ffentlicher und privatwirtschaftlicher Ebene zahlreiche Aktivit\u00e4ten ausgel\u00f6st."},{"@type":"BreadcrumbList","@id":"https:\/\/www.organisator.ch\/en\/general\/2016-04-20\/fokussierte-koordination-im-cleantech-bereich\/#breadcrumb","itemListElement":[{"@type":"ListItem","position":1,"name":"Home","item":"https:\/\/www.organisator.ch\/"},{"@type":"ListItem","position":2,"name":"Fokussierte Koordination im Cleantech-Bereich"}]},{"@type":"WebSite","@id":"https:\/\/www.organisator.ch\/#website","url":"https:\/\/www.organisator.ch\/","name":"Organizer","description":"Competent. Practical. In 10 issues per year, ORGANISATOR presents the essential topics for managers of SMEs.","publisher":{"@id":"https:\/\/www.organisator.ch\/#organization"},"potentialAction":[{"@type":"SearchAction","target":{"@type":"EntryPoint","urlTemplate":"https:\/\/www.organisator.ch\/?s={search_term_string}"},"query-input":{"@type":"PropertyValueSpecification","valueRequired":true,"valueName":"search_term_string"}}],"inLanguage":"en-US"},{"@type":"Organization","@id":"https:\/\/www.organisator.ch\/#organization","name":"Organizer","url":"https:\/\/www.organisator.ch\/","logo":{"@type":"ImageObject","inLanguage":"en-US","@id":"https:\/\/www.organisator.ch\/#\/schema\/logo\/image\/","url":"https:\/\/www.organisator.ch\/wp-content\/uploads\/2022\/01\/Logo_Organisator_Website.png","contentUrl":"https:\/\/www.organisator.ch\/wp-content\/uploads\/2022\/01\/Logo_Organisator_Website.png","width":800,"height":77,"caption":"Organisator"},"image":{"@id":"https:\/\/www.organisator.ch\/#\/schema\/logo\/image\/"},"sameAs":["https:\/\/www.facebook.com\/OrganisatorFachmagazin","https:\/\/www.linkedin.com\/showcase\/organisator-das-magazin-fr-kmu","https:\/\/www.xing.com\/news\/pages\/organisator-ch-695","https:\/\/www.youtube.com\/channel\/UCGP2Sq0iWaZwT3BdIAQFYpw"]},{"@type":"Person","@id":"https:\/\/www.organisator.ch\/#\/schema\/person\/aa2bace6c5c5aad60102004a50c4eb1c","name":"admin","image":{"@type":"ImageObject","inLanguage":"en-US","@id":"https:\/\/secure.gravatar.com\/avatar\/ae2f4d718e6c49043e314ce431e7e645d646302a24a5ef5a8bc8e3f5a032e319?s=96&d=mm&r=g","url":"https:\/\/secure.gravatar.com\/avatar\/ae2f4d718e6c49043e314ce431e7e645d646302a24a5ef5a8bc8e3f5a032e319?s=96&d=mm&r=g","contentUrl":"https:\/\/secure.gravatar.com\/avatar\/ae2f4d718e6c49043e314ce431e7e645d646302a24a5ef5a8bc8e3f5a032e319?s=96&d=mm&r=g","caption":"admin"},"sameAs":["https:\/\/www.organisator.ch"],"url":"https:\/\/www.organisator.ch\/en\/author\/admin\/"}]}},"_links":{"self":[{"href":"https:\/\/www.organisator.ch\/en\/wp-json\/wp\/v2\/posts\/9937","targetHints":{"allow":["GET"]}}],"collection":[{"href":"https:\/\/www.organisator.ch\/en\/wp-json\/wp\/v2\/posts"}],"about":[{"href":"https:\/\/www.organisator.ch\/en\/wp-json\/wp\/v2\/types\/post"}],"author":[{"embeddable":true,"href":"https:\/\/www.organisator.ch\/en\/wp-json\/wp\/v2\/users\/1"}],"replies":[{"embeddable":true,"href":"https:\/\/www.organisator.ch\/en\/wp-json\/wp\/v2\/comments?post=9937"}],"version-history":[{"count":0,"href":"https:\/\/www.organisator.ch\/en\/wp-json\/wp\/v2\/posts\/9937\/revisions"}],"wp:featuredmedia":[{"embeddable":true,"href":"https:\/\/www.organisator.ch\/en\/wp-json\/wp\/v2\/media\/9371"}],"wp:attachment":[{"href":"https:\/\/www.organisator.ch\/en\/wp-json\/wp\/v2\/media?parent=9937"}],"wp:term":[{"taxonomy":"category","embeddable":true,"href":"https:\/\/www.organisator.ch\/en\/wp-json\/wp\/v2\/categories?post=9937"},{"taxonomy":"post_tag","embeddable":true,"href":"https:\/\/www.organisator.ch\/en\/wp-json\/wp\/v2\/tags?post=9937"}],"curies":[{"name":"wp","href":"https:\/\/api.w.org\/{rel}","templated":true}]}}