{"id":9946,"date":"2016-06-16T16:17:02","date_gmt":"2016-06-16T14:17:02","guid":{"rendered":"https:\/\/dev.umweltperspektiven.ch\/?p=371"},"modified":"2022-02-09T11:06:58","modified_gmt":"2022-02-09T10:06:58","slug":"co2-vorgabe-fuer-neuwagen-knapp-verfehlt","status":"publish","type":"post","link":"https:\/\/www.organisator.ch\/en\/sustainability\/2016-06-16\/co2-vorgabe-fuer-neuwagen-knapp-verfehlt\/","title":{"rendered":"CO2 target for new cars narrowly missed"},"content":{"rendered":"<figure id=\"attachment_372\" aria-describedby=\"caption-attachment-372\" style=\"width: 680px\" class=\"wp-caption alignnone\"><a href=\"\/\/dev.umweltperspektiven.ch\/wp-content\/uploads\/2016\/12\/CO2-Vorgabe-f\u00fcr-Neuwagen-knapp-verfehlt-umweltperspektiven.jpg\"><img loading=\"lazy\" decoding=\"async\" class=\"size-medium wp-image-372\" src=\"\/\/dev.umweltperspektiven.ch\/wp-content\/uploads\/2016\/12\/CO2-Vorgabe-f\u00fcr-Neuwagen-knapp-verfehlt-umweltperspektiven.jpg\" alt=\"New cars at the dealer: The target of 130 grams of CO2 per kilometer was missed by five grams.\" width=\"680\" height=\"443\" \/><\/a><figcaption id=\"caption-attachment-372\" class=\"wp-caption-text\">New cars at the dealer: The target of 130 grams of CO2 per kilometer was missed by five grams.<\/figcaption><\/figure>\n<p>Since July 1, 2012, CO2 emission regulations for new passenger cars have been in force in Switzerland - analogous to the EU. They oblige Swiss car importers to reduce the emissions of passenger cars registered for the first time for use in Switzerland. By the end of 2015, these should have been reduced to an average of 130 grams of CO2 per kilometer. Exceedances are penalized with a sanction levy. In 2015, these penalties totaled 12.6 million Swiss francs.<\/p>\n<p>In the 2015 enforcement year, around 327,000 passenger cars (PW) were checked for compliance. These included new vehicles and those registered abroad for the first time less than 6 months before customs clearance in Switzerland. The total new vehicle fleet consisted of around 2,000 cars from small and private importers and around 325,000 cars from 93 registered large importers.<\/p>\n<p>The average CO2 emissions of this new vehicle fleet were around 135 g CO2\/km. The overall fleet target of 130 g CO2\/km was thus exceeded by an average of 5 g CO2\/km.<\/p>\n<p>26 of the 93 registered large importers were found to exceed their individual target. Most of these 26 large importers exceeded their individual target by less than 5 g CO2\/km. On the one hand, this is due to the individual target: it may be higher than the value of 130 g\/km, as it depends on the average unladen weight of all vehicles of an importer and as higher targets apply to vehicles of small manufacturers. On the other hand, the sanction-relevant CO2 average of an importer can be additionally lowered by multiple counting of particularly low-CO2 vehicles. These factors resulted in a target value overshoot relevant for the sanction calculation that is significantly less than 5 g\/km.<\/p>\n<p><strong>Sharp decrease compared to 2014<\/strong><\/p>\n<p>The average CO2 emissions of the entire new car fleet of 135 g CO2\/km correspond to a reduction rate of 4.9% compared to the previous year. This sharp reduction is primarily due to the phasing out of CO2 emission regulations for PW at the end of 2014: Whereas in 2014 only the 80% lowest-emission cars in a fleet were taken into account for compliance with the individual target, since 2015 all cars have been taken into account for the target.<\/p>\n<p>After the CO2 emissions regulations came into force in 2012, there were sharp fluctuations in the shares of parallel and direct importers, but these have since subsided. Since 2013, the share of parallel and direct imports has been consistently above 7% of all new registrations, reaching a level similar to that before the introduction of the CO2 emissions regulations.<\/p>\n<p><strong>Sanction amount and enforcement effort<\/strong><\/p>\n<p>The sanctions levied amount to a total of around CHF 12.6 million. The total sanction revenue is offset by enforcement costs of around CHF 1.5 million. Overall, this results in net income of CHF 11.1 million for 2015, which - depending on the number of vehicle registrations and importers - is divided between Switzerland and the Principality of Liechtenstein (share of the Principality of Liechtenstein: CHF 83,000). The Swiss share of the net income from the 2015 enforcement year is allocated to the infrastructure fund.<\/p>","protected":false},"excerpt":{"rendered":"<p>Seit dem 1. Juli 2012 gelten in der Schweiz &#8211; analog zur EU &#8211; CO2-Emissionsvorschriften f\u00fcr neue Personenwagen. Sie verpflichten die Schweizer Auto-Importeure, die Emissionen der erstmals zum Verkehr in der Schweiz zugelassenen Personenwagen zu senken. Bis Ende 2015 h\u00e4tten diese im Durchschnitt auf 130 Gramm CO2 pro Kilometer gesenkt werden m\u00fcssen. \u00dcberschreitungen werden mit [&hellip;]<\/p>\n","protected":false},"author":1,"featured_media":9382,"comment_status":"open","ping_status":"open","sticky":false,"template":"","format":"standard","meta":{"_acf_changed":false,"_yoast_wpseo_focuskw":"CO2","_yoast_wpseo_metadesc":"Bis Ende 2015 h\u00e4tten Neuwagen im Durchschnitt noch 130 Gramm CO2\/Kilometer ausstossen d\u00fcrfen. Dieses Ziel wurde von den Importeuren knapp nicht erreicht.","articlekey":"","footnotes":""},"categories":[580],"tags":[744,938,596,2454],"class_list":["post-9946","post","type-post","status-publish","format-standard","has-post-thumbnail","hentry","category-sustainability","tag-auto","tag-co2-vorgabe","tag-klima","tag-verkehr"],"acf":[],"yoast_head":"<!-- This site is optimized with the Yoast SEO plugin v27.4 - https:\/\/yoast.com\/product\/yoast-seo-wordpress\/ -->\n<title>CO2-Vorgabe f\u00fcr Neuwagen knapp verfehlt - Organisator<\/title>\n<meta name=\"description\" content=\"Bis Ende 2015 h\u00e4tten Neuwagen im Durchschnitt noch 130 Gramm CO2\/Kilometer ausstossen d\u00fcrfen. Dieses Ziel wurde von den Importeuren knapp nicht erreicht.\" \/>\n<meta name=\"robots\" content=\"index, follow, max-snippet:-1, max-image-preview:large, max-video-preview:-1\" \/>\n<link rel=\"canonical\" href=\"https:\/\/www.organisator.ch\/en\/sustainability\/2016-06-16\/co2-vorgabe-fuer-neuwagen-knapp-verfehlt\/\" \/>\n<meta property=\"og:locale\" content=\"en_US\" \/>\n<meta property=\"og:type\" content=\"article\" \/>\n<meta property=\"og:title\" content=\"CO2-Vorgabe f\u00fcr Neuwagen knapp verfehlt - Organisator\" \/>\n<meta property=\"og:description\" content=\"Bis Ende 2015 h\u00e4tten Neuwagen im Durchschnitt noch 130 Gramm CO2\/Kilometer ausstossen d\u00fcrfen. Dieses Ziel wurde von den Importeuren knapp nicht erreicht.\" \/>\n<meta property=\"og:url\" content=\"https:\/\/www.organisator.ch\/en\/sustainability\/2016-06-16\/co2-vorgabe-fuer-neuwagen-knapp-verfehlt\/\" \/>\n<meta property=\"og:site_name\" content=\"Organisator\" \/>\n<meta property=\"article:publisher\" content=\"https:\/\/www.facebook.com\/OrganisatorFachmagazin\" \/>\n<meta property=\"article:published_time\" content=\"2016-06-16T14:17:02+00:00\" \/>\n<meta property=\"article:modified_time\" content=\"2022-02-09T10:06:58+00:00\" \/>\n<meta property=\"og:image\" content=\"https:\/\/www.organisator.ch\/wp-content\/uploads\/2016\/12\/CO2-Vorgabe-fuer-Neuwagen-knapp-verfehlt-umweltperspektiven.jpg\" \/>\n\t<meta property=\"og:image:width\" content=\"2000\" \/>\n\t<meta property=\"og:image:height\" content=\"1304\" \/>\n\t<meta property=\"og:image:type\" content=\"image\/jpeg\" \/>\n<meta name=\"author\" content=\"admin\" \/>\n<meta name=\"twitter:card\" content=\"summary_large_image\" \/>\n<script type=\"application\/ld+json\" class=\"yoast-schema-graph\">{\"@context\":\"https:\\\/\\\/schema.org\",\"@graph\":[{\"@type\":\"Article\",\"@id\":\"https:\\\/\\\/www.organisator.ch\\\/sustainability\\\/2016-06-16\\\/co2-vorgabe-fuer-neuwagen-knapp-verfehlt\\\/#article\",\"isPartOf\":{\"@id\":\"https:\\\/\\\/www.organisator.ch\\\/sustainability\\\/2016-06-16\\\/co2-vorgabe-fuer-neuwagen-knapp-verfehlt\\\/\"},\"author\":{\"name\":\"admin\",\"@id\":\"https:\\\/\\\/www.organisator.ch\\\/#\\\/schema\\\/person\\\/aa2bace6c5c5aad60102004a50c4eb1c\"},\"headline\":\"CO2-Vorgabe f\u00fcr Neuwagen knapp verfehlt\",\"datePublished\":\"2016-06-16T14:17:02+00:00\",\"dateModified\":\"2022-02-09T10:06:58+00:00\",\"mainEntityOfPage\":{\"@id\":\"https:\\\/\\\/www.organisator.ch\\\/sustainability\\\/2016-06-16\\\/co2-vorgabe-fuer-neuwagen-knapp-verfehlt\\\/\"},\"wordCount\":482,\"commentCount\":0,\"publisher\":{\"@id\":\"https:\\\/\\\/www.organisator.ch\\\/#organization\"},\"image\":{\"@id\":\"https:\\\/\\\/www.organisator.ch\\\/sustainability\\\/2016-06-16\\\/co2-vorgabe-fuer-neuwagen-knapp-verfehlt\\\/#primaryimage\"},\"thumbnailUrl\":\"https:\\\/\\\/www.organisator.ch\\\/wp-content\\\/uploads\\\/2016\\\/12\\\/CO2-Vorgabe-fuer-Neuwagen-knapp-verfehlt-umweltperspektiven.jpg\",\"keywords\":[\"Auto\",\"CO2-Vorgabe\",\"KLIMA\",\"Verkehr\"],\"articleSection\":[\"SUSTAINABILITY\"],\"inLanguage\":\"en-US\"},{\"@type\":\"WebPage\",\"@id\":\"https:\\\/\\\/www.organisator.ch\\\/sustainability\\\/2016-06-16\\\/co2-vorgabe-fuer-neuwagen-knapp-verfehlt\\\/\",\"url\":\"https:\\\/\\\/www.organisator.ch\\\/sustainability\\\/2016-06-16\\\/co2-vorgabe-fuer-neuwagen-knapp-verfehlt\\\/\",\"name\":\"CO2-Vorgabe f\u00fcr Neuwagen knapp verfehlt - Organisator\",\"isPartOf\":{\"@id\":\"https:\\\/\\\/www.organisator.ch\\\/#website\"},\"primaryImageOfPage\":{\"@id\":\"https:\\\/\\\/www.organisator.ch\\\/sustainability\\\/2016-06-16\\\/co2-vorgabe-fuer-neuwagen-knapp-verfehlt\\\/#primaryimage\"},\"image\":{\"@id\":\"https:\\\/\\\/www.organisator.ch\\\/sustainability\\\/2016-06-16\\\/co2-vorgabe-fuer-neuwagen-knapp-verfehlt\\\/#primaryimage\"},\"thumbnailUrl\":\"https:\\\/\\\/www.organisator.ch\\\/wp-content\\\/uploads\\\/2016\\\/12\\\/CO2-Vorgabe-fuer-Neuwagen-knapp-verfehlt-umweltperspektiven.jpg\",\"datePublished\":\"2016-06-16T14:17:02+00:00\",\"dateModified\":\"2022-02-09T10:06:58+00:00\",\"description\":\"Bis Ende 2015 h\u00e4tten Neuwagen im Durchschnitt noch 130 Gramm CO2\\\/Kilometer ausstossen d\u00fcrfen. Dieses Ziel wurde von den Importeuren knapp nicht erreicht.\",\"breadcrumb\":{\"@id\":\"https:\\\/\\\/www.organisator.ch\\\/sustainability\\\/2016-06-16\\\/co2-vorgabe-fuer-neuwagen-knapp-verfehlt\\\/#breadcrumb\"},\"inLanguage\":\"en-US\",\"potentialAction\":[{\"@type\":\"ReadAction\",\"target\":[\"https:\\\/\\\/www.organisator.ch\\\/sustainability\\\/2016-06-16\\\/co2-vorgabe-fuer-neuwagen-knapp-verfehlt\\\/\"]}]},{\"@type\":\"ImageObject\",\"inLanguage\":\"en-US\",\"@id\":\"https:\\\/\\\/www.organisator.ch\\\/sustainability\\\/2016-06-16\\\/co2-vorgabe-fuer-neuwagen-knapp-verfehlt\\\/#primaryimage\",\"url\":\"https:\\\/\\\/www.organisator.ch\\\/wp-content\\\/uploads\\\/2016\\\/12\\\/CO2-Vorgabe-fuer-Neuwagen-knapp-verfehlt-umweltperspektiven.jpg\",\"contentUrl\":\"https:\\\/\\\/www.organisator.ch\\\/wp-content\\\/uploads\\\/2016\\\/12\\\/CO2-Vorgabe-fuer-Neuwagen-knapp-verfehlt-umweltperspektiven.jpg\",\"width\":2000,\"height\":1304,\"caption\":\"Neuwagen beim H\u00e4ndler: Die Zielvorgabe von 130 Gramm CO2 pro Kilometer wurde um f\u00fcnf Gramm verfehlt.\"},{\"@type\":\"BreadcrumbList\",\"@id\":\"https:\\\/\\\/www.organisator.ch\\\/sustainability\\\/2016-06-16\\\/co2-vorgabe-fuer-neuwagen-knapp-verfehlt\\\/#breadcrumb\",\"itemListElement\":[{\"@type\":\"ListItem\",\"position\":1,\"name\":\"Home\",\"item\":\"https:\\\/\\\/www.organisator.ch\\\/\"},{\"@type\":\"ListItem\",\"position\":2,\"name\":\"CO2-Vorgabe f\u00fcr Neuwagen knapp verfehlt\"}]},{\"@type\":\"WebSite\",\"@id\":\"https:\\\/\\\/www.organisator.ch\\\/#website\",\"url\":\"https:\\\/\\\/www.organisator.ch\\\/\",\"name\":\"Organisator\",\"description\":\"Kompetent. Praxisnah. Der ORGANISATOR bereitet in 10 Ausgaben pro Jahr die wesentlichen Themen f\u00fcr F\u00fchrungskr\u00e4fte von KMU auf.\",\"publisher\":{\"@id\":\"https:\\\/\\\/www.organisator.ch\\\/#organization\"},\"potentialAction\":[{\"@type\":\"SearchAction\",\"target\":{\"@type\":\"EntryPoint\",\"urlTemplate\":\"https:\\\/\\\/www.organisator.ch\\\/?s={search_term_string}\"},\"query-input\":{\"@type\":\"PropertyValueSpecification\",\"valueRequired\":true,\"valueName\":\"search_term_string\"}}],\"inLanguage\":\"en-US\"},{\"@type\":\"Organization\",\"@id\":\"https:\\\/\\\/www.organisator.ch\\\/#organization\",\"name\":\"Organisator\",\"url\":\"https:\\\/\\\/www.organisator.ch\\\/\",\"logo\":{\"@type\":\"ImageObject\",\"inLanguage\":\"en-US\",\"@id\":\"https:\\\/\\\/www.organisator.ch\\\/#\\\/schema\\\/logo\\\/image\\\/\",\"url\":\"https:\\\/\\\/www.organisator.ch\\\/wp-content\\\/uploads\\\/2022\\\/01\\\/Logo_Organisator_Website.png\",\"contentUrl\":\"https:\\\/\\\/www.organisator.ch\\\/wp-content\\\/uploads\\\/2022\\\/01\\\/Logo_Organisator_Website.png\",\"width\":800,\"height\":77,\"caption\":\"Organisator\"},\"image\":{\"@id\":\"https:\\\/\\\/www.organisator.ch\\\/#\\\/schema\\\/logo\\\/image\\\/\"},\"sameAs\":[\"https:\\\/\\\/www.facebook.com\\\/OrganisatorFachmagazin\",\"https:\\\/\\\/www.linkedin.com\\\/showcase\\\/organisator-das-magazin-fr-kmu\",\"https:\\\/\\\/www.xing.com\\\/news\\\/pages\\\/organisator-ch-695\",\"https:\\\/\\\/www.youtube.com\\\/channel\\\/UCGP2Sq0iWaZwT3BdIAQFYpw\"]},{\"@type\":\"Person\",\"@id\":\"https:\\\/\\\/www.organisator.ch\\\/#\\\/schema\\\/person\\\/aa2bace6c5c5aad60102004a50c4eb1c\",\"name\":\"admin\",\"image\":{\"@type\":\"ImageObject\",\"inLanguage\":\"en-US\",\"@id\":\"https:\\\/\\\/secure.gravatar.com\\\/avatar\\\/ae2f4d718e6c49043e314ce431e7e645d646302a24a5ef5a8bc8e3f5a032e319?s=96&d=mm&r=g\",\"url\":\"https:\\\/\\\/secure.gravatar.com\\\/avatar\\\/ae2f4d718e6c49043e314ce431e7e645d646302a24a5ef5a8bc8e3f5a032e319?s=96&d=mm&r=g\",\"contentUrl\":\"https:\\\/\\\/secure.gravatar.com\\\/avatar\\\/ae2f4d718e6c49043e314ce431e7e645d646302a24a5ef5a8bc8e3f5a032e319?s=96&d=mm&r=g\",\"caption\":\"admin\"},\"sameAs\":[\"https:\\\/\\\/www.organisator.ch\"],\"url\":\"https:\\\/\\\/www.organisator.ch\\\/en\\\/author\\\/admin\\\/\"}]}<\/script>\n<!-- \/ Yoast SEO plugin. -->","yoast_head_json":{"title":"CO2 target for new cars narrowly missed - organizer","description":"By the end of 2015, new cars would have been allowed to emit an average of 130 grams of CO2\/kilometer. Importers fell just short of this target.","robots":{"index":"index","follow":"follow","max-snippet":"max-snippet:-1","max-image-preview":"max-image-preview:large","max-video-preview":"max-video-preview:-1"},"canonical":"https:\/\/www.organisator.ch\/en\/sustainability\/2016-06-16\/co2-vorgabe-fuer-neuwagen-knapp-verfehlt\/","og_locale":"en_US","og_type":"article","og_title":"CO2-Vorgabe f\u00fcr Neuwagen knapp verfehlt - Organisator","og_description":"Bis Ende 2015 h\u00e4tten Neuwagen im Durchschnitt noch 130 Gramm CO2\/Kilometer ausstossen d\u00fcrfen. Dieses Ziel wurde von den Importeuren knapp nicht erreicht.","og_url":"https:\/\/www.organisator.ch\/en\/sustainability\/2016-06-16\/co2-vorgabe-fuer-neuwagen-knapp-verfehlt\/","og_site_name":"Organisator","article_publisher":"https:\/\/www.facebook.com\/OrganisatorFachmagazin","article_published_time":"2016-06-16T14:17:02+00:00","article_modified_time":"2022-02-09T10:06:58+00:00","og_image":[{"width":2000,"height":1304,"url":"https:\/\/www.organisator.ch\/wp-content\/uploads\/2016\/12\/CO2-Vorgabe-fuer-Neuwagen-knapp-verfehlt-umweltperspektiven.jpg","type":"image\/jpeg"}],"author":"admin","twitter_card":"summary_large_image","schema":{"@context":"https:\/\/schema.org","@graph":[{"@type":"Article","@id":"https:\/\/www.organisator.ch\/sustainability\/2016-06-16\/co2-vorgabe-fuer-neuwagen-knapp-verfehlt\/#article","isPartOf":{"@id":"https:\/\/www.organisator.ch\/sustainability\/2016-06-16\/co2-vorgabe-fuer-neuwagen-knapp-verfehlt\/"},"author":{"name":"admin","@id":"https:\/\/www.organisator.ch\/#\/schema\/person\/aa2bace6c5c5aad60102004a50c4eb1c"},"headline":"CO2-Vorgabe f\u00fcr Neuwagen knapp verfehlt","datePublished":"2016-06-16T14:17:02+00:00","dateModified":"2022-02-09T10:06:58+00:00","mainEntityOfPage":{"@id":"https:\/\/www.organisator.ch\/sustainability\/2016-06-16\/co2-vorgabe-fuer-neuwagen-knapp-verfehlt\/"},"wordCount":482,"commentCount":0,"publisher":{"@id":"https:\/\/www.organisator.ch\/#organization"},"image":{"@id":"https:\/\/www.organisator.ch\/sustainability\/2016-06-16\/co2-vorgabe-fuer-neuwagen-knapp-verfehlt\/#primaryimage"},"thumbnailUrl":"https:\/\/www.organisator.ch\/wp-content\/uploads\/2016\/12\/CO2-Vorgabe-fuer-Neuwagen-knapp-verfehlt-umweltperspektiven.jpg","keywords":["Auto","CO2-Vorgabe","KLIMA","Verkehr"],"articleSection":["SUSTAINABILITY"],"inLanguage":"en-US"},{"@type":"WebPage","@id":"https:\/\/www.organisator.ch\/sustainability\/2016-06-16\/co2-vorgabe-fuer-neuwagen-knapp-verfehlt\/","url":"https:\/\/www.organisator.ch\/sustainability\/2016-06-16\/co2-vorgabe-fuer-neuwagen-knapp-verfehlt\/","name":"CO2 target for new cars narrowly missed - organizer","isPartOf":{"@id":"https:\/\/www.organisator.ch\/#website"},"primaryImageOfPage":{"@id":"https:\/\/www.organisator.ch\/sustainability\/2016-06-16\/co2-vorgabe-fuer-neuwagen-knapp-verfehlt\/#primaryimage"},"image":{"@id":"https:\/\/www.organisator.ch\/sustainability\/2016-06-16\/co2-vorgabe-fuer-neuwagen-knapp-verfehlt\/#primaryimage"},"thumbnailUrl":"https:\/\/www.organisator.ch\/wp-content\/uploads\/2016\/12\/CO2-Vorgabe-fuer-Neuwagen-knapp-verfehlt-umweltperspektiven.jpg","datePublished":"2016-06-16T14:17:02+00:00","dateModified":"2022-02-09T10:06:58+00:00","description":"By the end of 2015, new cars would have been allowed to emit an average of 130 grams of CO2\/kilometer. Importers fell just short of this target.","breadcrumb":{"@id":"https:\/\/www.organisator.ch\/sustainability\/2016-06-16\/co2-vorgabe-fuer-neuwagen-knapp-verfehlt\/#breadcrumb"},"inLanguage":"en-US","potentialAction":[{"@type":"ReadAction","target":["https:\/\/www.organisator.ch\/sustainability\/2016-06-16\/co2-vorgabe-fuer-neuwagen-knapp-verfehlt\/"]}]},{"@type":"ImageObject","inLanguage":"en-US","@id":"https:\/\/www.organisator.ch\/sustainability\/2016-06-16\/co2-vorgabe-fuer-neuwagen-knapp-verfehlt\/#primaryimage","url":"https:\/\/www.organisator.ch\/wp-content\/uploads\/2016\/12\/CO2-Vorgabe-fuer-Neuwagen-knapp-verfehlt-umweltperspektiven.jpg","contentUrl":"https:\/\/www.organisator.ch\/wp-content\/uploads\/2016\/12\/CO2-Vorgabe-fuer-Neuwagen-knapp-verfehlt-umweltperspektiven.jpg","width":2000,"height":1304,"caption":"Neuwagen beim H\u00e4ndler: Die Zielvorgabe von 130 Gramm CO2 pro Kilometer wurde um f\u00fcnf Gramm verfehlt."},{"@type":"BreadcrumbList","@id":"https:\/\/www.organisator.ch\/sustainability\/2016-06-16\/co2-vorgabe-fuer-neuwagen-knapp-verfehlt\/#breadcrumb","itemListElement":[{"@type":"ListItem","position":1,"name":"Home","item":"https:\/\/www.organisator.ch\/"},{"@type":"ListItem","position":2,"name":"CO2-Vorgabe f\u00fcr Neuwagen knapp verfehlt"}]},{"@type":"WebSite","@id":"https:\/\/www.organisator.ch\/#website","url":"https:\/\/www.organisator.ch\/","name":"Organizer","description":"Competent. Practical. In 10 issues per year, ORGANISATOR presents the essential topics for managers of SMEs.","publisher":{"@id":"https:\/\/www.organisator.ch\/#organization"},"potentialAction":[{"@type":"SearchAction","target":{"@type":"EntryPoint","urlTemplate":"https:\/\/www.organisator.ch\/?s={search_term_string}"},"query-input":{"@type":"PropertyValueSpecification","valueRequired":true,"valueName":"search_term_string"}}],"inLanguage":"en-US"},{"@type":"Organization","@id":"https:\/\/www.organisator.ch\/#organization","name":"Organizer","url":"https:\/\/www.organisator.ch\/","logo":{"@type":"ImageObject","inLanguage":"en-US","@id":"https:\/\/www.organisator.ch\/#\/schema\/logo\/image\/","url":"https:\/\/www.organisator.ch\/wp-content\/uploads\/2022\/01\/Logo_Organisator_Website.png","contentUrl":"https:\/\/www.organisator.ch\/wp-content\/uploads\/2022\/01\/Logo_Organisator_Website.png","width":800,"height":77,"caption":"Organisator"},"image":{"@id":"https:\/\/www.organisator.ch\/#\/schema\/logo\/image\/"},"sameAs":["https:\/\/www.facebook.com\/OrganisatorFachmagazin","https:\/\/www.linkedin.com\/showcase\/organisator-das-magazin-fr-kmu","https:\/\/www.xing.com\/news\/pages\/organisator-ch-695","https:\/\/www.youtube.com\/channel\/UCGP2Sq0iWaZwT3BdIAQFYpw"]},{"@type":"Person","@id":"https:\/\/www.organisator.ch\/#\/schema\/person\/aa2bace6c5c5aad60102004a50c4eb1c","name":"admin","image":{"@type":"ImageObject","inLanguage":"en-US","@id":"https:\/\/secure.gravatar.com\/avatar\/ae2f4d718e6c49043e314ce431e7e645d646302a24a5ef5a8bc8e3f5a032e319?s=96&d=mm&r=g","url":"https:\/\/secure.gravatar.com\/avatar\/ae2f4d718e6c49043e314ce431e7e645d646302a24a5ef5a8bc8e3f5a032e319?s=96&d=mm&r=g","contentUrl":"https:\/\/secure.gravatar.com\/avatar\/ae2f4d718e6c49043e314ce431e7e645d646302a24a5ef5a8bc8e3f5a032e319?s=96&d=mm&r=g","caption":"admin"},"sameAs":["https:\/\/www.organisator.ch"],"url":"https:\/\/www.organisator.ch\/en\/author\/admin\/"}]}},"_links":{"self":[{"href":"https:\/\/www.organisator.ch\/en\/wp-json\/wp\/v2\/posts\/9946","targetHints":{"allow":["GET"]}}],"collection":[{"href":"https:\/\/www.organisator.ch\/en\/wp-json\/wp\/v2\/posts"}],"about":[{"href":"https:\/\/www.organisator.ch\/en\/wp-json\/wp\/v2\/types\/post"}],"author":[{"embeddable":true,"href":"https:\/\/www.organisator.ch\/en\/wp-json\/wp\/v2\/users\/1"}],"replies":[{"embeddable":true,"href":"https:\/\/www.organisator.ch\/en\/wp-json\/wp\/v2\/comments?post=9946"}],"version-history":[{"count":1,"href":"https:\/\/www.organisator.ch\/en\/wp-json\/wp\/v2\/posts\/9946\/revisions"}],"predecessor-version":[{"id":10753,"href":"https:\/\/www.organisator.ch\/en\/wp-json\/wp\/v2\/posts\/9946\/revisions\/10753"}],"wp:featuredmedia":[{"embeddable":true,"href":"https:\/\/www.organisator.ch\/en\/wp-json\/wp\/v2\/media\/9382"}],"wp:attachment":[{"href":"https:\/\/www.organisator.ch\/en\/wp-json\/wp\/v2\/media?parent=9946"}],"wp:term":[{"taxonomy":"category","embeddable":true,"href":"https:\/\/www.organisator.ch\/en\/wp-json\/wp\/v2\/categories?post=9946"},{"taxonomy":"post_tag","embeddable":true,"href":"https:\/\/www.organisator.ch\/en\/wp-json\/wp\/v2\/tags?post=9946"}],"curies":[{"name":"wp","href":"https:\/\/api.w.org\/{rel}","templated":true}]}}