{"id":9959,"date":"2016-08-24T15:54:04","date_gmt":"2016-08-24T13:54:04","guid":{"rendered":"https:\/\/dev.umweltperspektiven.ch\/?p=483"},"modified":"2022-02-09T11:06:58","modified_gmt":"2022-02-09T10:06:58","slug":"wie-wir-kuenftig-mit-naturgefahren-umgehen","status":"publish","type":"post","link":"https:\/\/www.organisator.ch\/en\/sustainability\/2016-08-24\/wie-wir-kuenftig-mit-naturgefahren-umgehen\/","title":{"rendered":"How we deal with natural hazards in the future"},"content":{"rendered":"<figure id=\"attachment_484\" aria-describedby=\"caption-attachment-484\" style=\"width: 680px\" class=\"wp-caption alignnone\"><a href=\"\/\/dev.umweltperspektiven.ch\/wp-content\/uploads\/2016\/12\/Wie-wir-k\u00fcnftig-mit-Naturgefahren-umgehen-umweltperspektiven.jpg\"><img loading=\"lazy\" decoding=\"async\" class=\"size-medium wp-image-484\" src=\"\/\/dev.umweltperspektiven.ch\/wp-content\/uploads\/2016\/12\/Wie-wir-k\u00fcnftig-mit-Naturgefahren-umgehen-umweltperspektiven.jpg\" alt=\"Protection against rockfalls, floods and other natural hazards is a permanent task.\" width=\"680\" height=\"454\" \/><\/a><figcaption id=\"caption-attachment-484\" class=\"wp-caption-text\">Protection against rockfalls, floods and other natural hazards is a permanent task.<\/figcaption><\/figure>\n<p>Switzerland has a progressive approach to protection against natural hazards, to which it is particularly exposed as an alpine and densely populated country. 1.8 million people still live in flood-prone areas. 1.7 million jobs and 840 billion. Swiss francs in material assets are located in such danger zones.<\/p>\n<p>In the near future, new challenges are foreseeable for which Switzerland must prepare: The increasingly warm climate and the resulting heavier and more frequent precipitation, as well as settlement development and increasingly expensive infrastructure (e.g. transport routes), increase the risks of damage from natural events such as floods. The report on natural hazards in Switzerland therefore sets out various packages of measures to ensure the safety and economic development of Switzerland in the future.<\/p>\n<p><strong>Cost-effective solutions thanks to early detection and prevention<\/strong><\/p>\n<p>The measures are aimed at using the available resources as effectively and economically as possible for prevention. The aim is to protect the population, the economy and the environment from the consequences of natural events and to keep public expenditure within reasonable limits.<\/p>\n<p>Central to this is comprehensive risk management - the earlier large-scale risks are identified and prevented, the more cost-effective the measures and the more thoroughly they can be planned. Part of this planning is a forward-looking strategy for adapting to climate change. It is worth investing in protection against natural hazards in the future and keeping existing protective structures such as dams intact in the long term.<\/p>\n<p>According to the package of measures for natural hazards in Switzerland, the existing bases, such as hazard maps, must be updated and taken into account in spatial planning throughout the country. New phenomena such as surface runoff, i.e. flooding from surfaces such as fields or roads, must also be recorded on maps. In the construction industry, uniform standards should also be applied for natural hazard-oriented building. In this way, safety can be improved with relatively little effort and a further increase in risks can be prevented. This applies in particular to the natural hazard of earthquakes.<\/p>\n<p><strong>Permanent task for the whole society<\/strong><\/p>\n<p>Protection against natural hazards remains a joint task of the federal government, cantons and municipalities. Insurance companies, professional associations, teaching and research are also included in this alliance, as is the general public. The aim is to make them even more aware of the issue and their own options for action.<\/p>\n<p>Protection against floods, rockfalls and other natural hazards is a permanent task. On the one hand, existing protective structures, such as those on the Rh\u00f4ne or the Alpine Rhine, must be renewed so that they retain their protective function. On the other hand, the changed hazard situation due to climate change and social and economic development must be taken into account. In order to remedy the deficits identified and to use the resources as optimally as possible, it may be necessary to adapt the existing legal basis.<\/p>\n<p>Source: Confederation<\/p>","protected":false},"excerpt":{"rendered":"<p>Die Schweiz verf\u00fcgt \u00fcber einen fortschrittlichen Umgang mit dem Schutz vor Naturgefahren, denen sie als alpines und dicht bev\u00f6lkertes Land besonders ausgesetzt ist. Nach wie vor leben 1.8 Millionen Menschen in hochwassergef\u00e4hrdeten Gebieten. 1.7 Millionen Arbeitspl\u00e4tze und 840 Mia. Franken Sachwerte befinden sich in solchen Gefahrenzonen. In naher Zukunft sind zudem neue Herausforderungen absehbar, auf [&hellip;]<\/p>\n","protected":false},"author":1,"featured_media":484,"comment_status":"open","ping_status":"open","sticky":false,"template":"","format":"standard","meta":{"_acf_changed":false,"_yoast_wpseo_focuskw":"Naturgefahren","_yoast_wpseo_metadesc":"Die Schweiz muss weiterhin grosse Anstrengungen unternehmen, damit sie auch in Zukunft gut vor Naturgefahren gesch\u00fctzt ist.","articlekey":"","footnotes":""},"categories":[580],"tags":[100,596,1810,434],"class_list":["post-9959","post","type-post","status-publish","format-standard","has-post-thumbnail","hentry","category-sustainability","tag-bundesrat","tag-klima","tag-naturgefahren","tag-sicherheit"],"acf":[],"yoast_head":"<!-- This site is optimized with the Yoast SEO plugin v27.4 - https:\/\/yoast.com\/product\/yoast-seo-wordpress\/ -->\n<title>Wie wir k\u00fcnftig mit Naturgefahren umgehen - Organisator<\/title>\n<meta name=\"description\" content=\"Die Schweiz muss weiterhin grosse Anstrengungen unternehmen, damit sie auch in Zukunft gut vor Naturgefahren gesch\u00fctzt ist.\" \/>\n<meta name=\"robots\" content=\"index, follow, max-snippet:-1, max-image-preview:large, max-video-preview:-1\" \/>\n<link rel=\"canonical\" href=\"https:\/\/www.organisator.ch\/en\/sustainability\/2016-08-24\/wie-wir-kuenftig-mit-naturgefahren-umgehen\/\" \/>\n<meta property=\"og:locale\" content=\"en_US\" \/>\n<meta property=\"og:type\" content=\"article\" \/>\n<meta property=\"og:title\" content=\"Wie wir k\u00fcnftig mit Naturgefahren umgehen - Organisator\" \/>\n<meta property=\"og:description\" content=\"Die Schweiz muss weiterhin grosse Anstrengungen unternehmen, damit sie auch in Zukunft gut vor Naturgefahren gesch\u00fctzt ist.\" \/>\n<meta property=\"og:url\" content=\"https:\/\/www.organisator.ch\/en\/sustainability\/2016-08-24\/wie-wir-kuenftig-mit-naturgefahren-umgehen\/\" \/>\n<meta property=\"og:site_name\" content=\"Organisator\" \/>\n<meta property=\"article:publisher\" content=\"https:\/\/www.facebook.com\/OrganisatorFachmagazin\" \/>\n<meta property=\"article:published_time\" content=\"2016-08-24T13:54:04+00:00\" \/>\n<meta property=\"article:modified_time\" content=\"2022-02-09T10:06:58+00:00\" \/>\n<meta property=\"og:image\" content=\"https:\/\/www.organisator.ch\/wp-content\/uploads\/2016\/12\/Wie-wir-kuenftig-mit-Naturgefahren-umgehen-umweltperspektiven.jpg\" \/>\n\t<meta property=\"og:image:width\" content=\"999\" \/>\n\t<meta property=\"og:image:height\" content=\"667\" \/>\n\t<meta property=\"og:image:type\" content=\"image\/jpeg\" \/>\n<meta name=\"author\" content=\"admin\" \/>\n<meta name=\"twitter:card\" content=\"summary_large_image\" \/>\n<script type=\"application\/ld+json\" class=\"yoast-schema-graph\">{\"@context\":\"https:\\\/\\\/schema.org\",\"@graph\":[{\"@type\":\"Article\",\"@id\":\"https:\\\/\\\/www.organisator.ch\\\/sustainability\\\/2016-08-24\\\/wie-wir-kuenftig-mit-naturgefahren-umgehen\\\/#article\",\"isPartOf\":{\"@id\":\"https:\\\/\\\/www.organisator.ch\\\/sustainability\\\/2016-08-24\\\/wie-wir-kuenftig-mit-naturgefahren-umgehen\\\/\"},\"author\":{\"name\":\"admin\",\"@id\":\"https:\\\/\\\/www.organisator.ch\\\/#\\\/schema\\\/person\\\/aa2bace6c5c5aad60102004a50c4eb1c\"},\"headline\":\"Wie wir k\u00fcnftig mit Naturgefahren umgehen\",\"datePublished\":\"2016-08-24T13:54:04+00:00\",\"dateModified\":\"2022-02-09T10:06:58+00:00\",\"mainEntityOfPage\":{\"@id\":\"https:\\\/\\\/www.organisator.ch\\\/sustainability\\\/2016-08-24\\\/wie-wir-kuenftig-mit-naturgefahren-umgehen\\\/\"},\"wordCount\":481,\"commentCount\":0,\"publisher\":{\"@id\":\"https:\\\/\\\/www.organisator.ch\\\/#organization\"},\"image\":{\"@id\":\"https:\\\/\\\/www.organisator.ch\\\/sustainability\\\/2016-08-24\\\/wie-wir-kuenftig-mit-naturgefahren-umgehen\\\/#primaryimage\"},\"thumbnailUrl\":\"https:\\\/\\\/www.organisator.ch\\\/wp-content\\\/uploads\\\/2016\\\/12\\\/Wie-wir-kuenftig-mit-Naturgefahren-umgehen-umweltperspektiven.jpg\",\"keywords\":[\"Bundesrat\",\"KLIMA\",\"Naturgefahren\",\"Sicherheit\"],\"articleSection\":[\"SUSTAINABILITY\"],\"inLanguage\":\"en-US\"},{\"@type\":\"WebPage\",\"@id\":\"https:\\\/\\\/www.organisator.ch\\\/sustainability\\\/2016-08-24\\\/wie-wir-kuenftig-mit-naturgefahren-umgehen\\\/\",\"url\":\"https:\\\/\\\/www.organisator.ch\\\/sustainability\\\/2016-08-24\\\/wie-wir-kuenftig-mit-naturgefahren-umgehen\\\/\",\"name\":\"Wie wir k\u00fcnftig mit Naturgefahren umgehen - Organisator\",\"isPartOf\":{\"@id\":\"https:\\\/\\\/www.organisator.ch\\\/#website\"},\"primaryImageOfPage\":{\"@id\":\"https:\\\/\\\/www.organisator.ch\\\/sustainability\\\/2016-08-24\\\/wie-wir-kuenftig-mit-naturgefahren-umgehen\\\/#primaryimage\"},\"image\":{\"@id\":\"https:\\\/\\\/www.organisator.ch\\\/sustainability\\\/2016-08-24\\\/wie-wir-kuenftig-mit-naturgefahren-umgehen\\\/#primaryimage\"},\"thumbnailUrl\":\"https:\\\/\\\/www.organisator.ch\\\/wp-content\\\/uploads\\\/2016\\\/12\\\/Wie-wir-kuenftig-mit-Naturgefahren-umgehen-umweltperspektiven.jpg\",\"datePublished\":\"2016-08-24T13:54:04+00:00\",\"dateModified\":\"2022-02-09T10:06:58+00:00\",\"description\":\"Die Schweiz muss weiterhin grosse Anstrengungen unternehmen, damit sie auch in Zukunft gut vor Naturgefahren gesch\u00fctzt ist.\",\"breadcrumb\":{\"@id\":\"https:\\\/\\\/www.organisator.ch\\\/sustainability\\\/2016-08-24\\\/wie-wir-kuenftig-mit-naturgefahren-umgehen\\\/#breadcrumb\"},\"inLanguage\":\"en-US\",\"potentialAction\":[{\"@type\":\"ReadAction\",\"target\":[\"https:\\\/\\\/www.organisator.ch\\\/sustainability\\\/2016-08-24\\\/wie-wir-kuenftig-mit-naturgefahren-umgehen\\\/\"]}]},{\"@type\":\"ImageObject\",\"inLanguage\":\"en-US\",\"@id\":\"https:\\\/\\\/www.organisator.ch\\\/sustainability\\\/2016-08-24\\\/wie-wir-kuenftig-mit-naturgefahren-umgehen\\\/#primaryimage\",\"url\":\"https:\\\/\\\/www.organisator.ch\\\/wp-content\\\/uploads\\\/2016\\\/12\\\/Wie-wir-kuenftig-mit-Naturgefahren-umgehen-umweltperspektiven.jpg\",\"contentUrl\":\"https:\\\/\\\/www.organisator.ch\\\/wp-content\\\/uploads\\\/2016\\\/12\\\/Wie-wir-kuenftig-mit-Naturgefahren-umgehen-umweltperspektiven.jpg\",\"width\":999,\"height\":667,\"caption\":\"Der Schutz vor Steinschl\u00e4gen, Hochwasser und anderen Naturgefahren ist eine Daueraufgabe.\"},{\"@type\":\"BreadcrumbList\",\"@id\":\"https:\\\/\\\/www.organisator.ch\\\/sustainability\\\/2016-08-24\\\/wie-wir-kuenftig-mit-naturgefahren-umgehen\\\/#breadcrumb\",\"itemListElement\":[{\"@type\":\"ListItem\",\"position\":1,\"name\":\"Home\",\"item\":\"https:\\\/\\\/www.organisator.ch\\\/\"},{\"@type\":\"ListItem\",\"position\":2,\"name\":\"Wie wir k\u00fcnftig mit Naturgefahren umgehen\"}]},{\"@type\":\"WebSite\",\"@id\":\"https:\\\/\\\/www.organisator.ch\\\/#website\",\"url\":\"https:\\\/\\\/www.organisator.ch\\\/\",\"name\":\"Organisator\",\"description\":\"Kompetent. Praxisnah. Der ORGANISATOR bereitet in 10 Ausgaben pro Jahr die wesentlichen Themen f\u00fcr F\u00fchrungskr\u00e4fte von KMU auf.\",\"publisher\":{\"@id\":\"https:\\\/\\\/www.organisator.ch\\\/#organization\"},\"potentialAction\":[{\"@type\":\"SearchAction\",\"target\":{\"@type\":\"EntryPoint\",\"urlTemplate\":\"https:\\\/\\\/www.organisator.ch\\\/?s={search_term_string}\"},\"query-input\":{\"@type\":\"PropertyValueSpecification\",\"valueRequired\":true,\"valueName\":\"search_term_string\"}}],\"inLanguage\":\"en-US\"},{\"@type\":\"Organization\",\"@id\":\"https:\\\/\\\/www.organisator.ch\\\/#organization\",\"name\":\"Organisator\",\"url\":\"https:\\\/\\\/www.organisator.ch\\\/\",\"logo\":{\"@type\":\"ImageObject\",\"inLanguage\":\"en-US\",\"@id\":\"https:\\\/\\\/www.organisator.ch\\\/#\\\/schema\\\/logo\\\/image\\\/\",\"url\":\"https:\\\/\\\/www.organisator.ch\\\/wp-content\\\/uploads\\\/2022\\\/01\\\/Logo_Organisator_Website.png\",\"contentUrl\":\"https:\\\/\\\/www.organisator.ch\\\/wp-content\\\/uploads\\\/2022\\\/01\\\/Logo_Organisator_Website.png\",\"width\":800,\"height\":77,\"caption\":\"Organisator\"},\"image\":{\"@id\":\"https:\\\/\\\/www.organisator.ch\\\/#\\\/schema\\\/logo\\\/image\\\/\"},\"sameAs\":[\"https:\\\/\\\/www.facebook.com\\\/OrganisatorFachmagazin\",\"https:\\\/\\\/www.linkedin.com\\\/showcase\\\/organisator-das-magazin-fr-kmu\",\"https:\\\/\\\/www.xing.com\\\/news\\\/pages\\\/organisator-ch-695\",\"https:\\\/\\\/www.youtube.com\\\/channel\\\/UCGP2Sq0iWaZwT3BdIAQFYpw\"]},{\"@type\":\"Person\",\"@id\":\"https:\\\/\\\/www.organisator.ch\\\/#\\\/schema\\\/person\\\/aa2bace6c5c5aad60102004a50c4eb1c\",\"name\":\"admin\",\"image\":{\"@type\":\"ImageObject\",\"inLanguage\":\"en-US\",\"@id\":\"https:\\\/\\\/secure.gravatar.com\\\/avatar\\\/ae2f4d718e6c49043e314ce431e7e645d646302a24a5ef5a8bc8e3f5a032e319?s=96&d=mm&r=g\",\"url\":\"https:\\\/\\\/secure.gravatar.com\\\/avatar\\\/ae2f4d718e6c49043e314ce431e7e645d646302a24a5ef5a8bc8e3f5a032e319?s=96&d=mm&r=g\",\"contentUrl\":\"https:\\\/\\\/secure.gravatar.com\\\/avatar\\\/ae2f4d718e6c49043e314ce431e7e645d646302a24a5ef5a8bc8e3f5a032e319?s=96&d=mm&r=g\",\"caption\":\"admin\"},\"sameAs\":[\"https:\\\/\\\/www.organisator.ch\"],\"url\":\"https:\\\/\\\/www.organisator.ch\\\/en\\\/author\\\/admin\\\/\"}]}<\/script>\n<!-- \/ Yoast SEO plugin. -->","yoast_head_json":{"title":"How we deal with natural hazards in the future - Organizer","description":"Switzerland must continue to make great efforts to ensure that it is well protected against natural hazards in the future.","robots":{"index":"index","follow":"follow","max-snippet":"max-snippet:-1","max-image-preview":"max-image-preview:large","max-video-preview":"max-video-preview:-1"},"canonical":"https:\/\/www.organisator.ch\/en\/sustainability\/2016-08-24\/wie-wir-kuenftig-mit-naturgefahren-umgehen\/","og_locale":"en_US","og_type":"article","og_title":"Wie wir k\u00fcnftig mit Naturgefahren umgehen - Organisator","og_description":"Die Schweiz muss weiterhin grosse Anstrengungen unternehmen, damit sie auch in Zukunft gut vor Naturgefahren gesch\u00fctzt ist.","og_url":"https:\/\/www.organisator.ch\/en\/sustainability\/2016-08-24\/wie-wir-kuenftig-mit-naturgefahren-umgehen\/","og_site_name":"Organisator","article_publisher":"https:\/\/www.facebook.com\/OrganisatorFachmagazin","article_published_time":"2016-08-24T13:54:04+00:00","article_modified_time":"2022-02-09T10:06:58+00:00","og_image":[{"width":999,"height":667,"url":"https:\/\/www.organisator.ch\/wp-content\/uploads\/2016\/12\/Wie-wir-kuenftig-mit-Naturgefahren-umgehen-umweltperspektiven.jpg","type":"image\/jpeg"}],"author":"admin","twitter_card":"summary_large_image","schema":{"@context":"https:\/\/schema.org","@graph":[{"@type":"Article","@id":"https:\/\/www.organisator.ch\/sustainability\/2016-08-24\/wie-wir-kuenftig-mit-naturgefahren-umgehen\/#article","isPartOf":{"@id":"https:\/\/www.organisator.ch\/sustainability\/2016-08-24\/wie-wir-kuenftig-mit-naturgefahren-umgehen\/"},"author":{"name":"admin","@id":"https:\/\/www.organisator.ch\/#\/schema\/person\/aa2bace6c5c5aad60102004a50c4eb1c"},"headline":"Wie wir k\u00fcnftig mit Naturgefahren umgehen","datePublished":"2016-08-24T13:54:04+00:00","dateModified":"2022-02-09T10:06:58+00:00","mainEntityOfPage":{"@id":"https:\/\/www.organisator.ch\/sustainability\/2016-08-24\/wie-wir-kuenftig-mit-naturgefahren-umgehen\/"},"wordCount":481,"commentCount":0,"publisher":{"@id":"https:\/\/www.organisator.ch\/#organization"},"image":{"@id":"https:\/\/www.organisator.ch\/sustainability\/2016-08-24\/wie-wir-kuenftig-mit-naturgefahren-umgehen\/#primaryimage"},"thumbnailUrl":"https:\/\/www.organisator.ch\/wp-content\/uploads\/2016\/12\/Wie-wir-kuenftig-mit-Naturgefahren-umgehen-umweltperspektiven.jpg","keywords":["Bundesrat","KLIMA","Naturgefahren","Sicherheit"],"articleSection":["SUSTAINABILITY"],"inLanguage":"en-US"},{"@type":"WebPage","@id":"https:\/\/www.organisator.ch\/sustainability\/2016-08-24\/wie-wir-kuenftig-mit-naturgefahren-umgehen\/","url":"https:\/\/www.organisator.ch\/sustainability\/2016-08-24\/wie-wir-kuenftig-mit-naturgefahren-umgehen\/","name":"How we deal with natural hazards in the future - Organizer","isPartOf":{"@id":"https:\/\/www.organisator.ch\/#website"},"primaryImageOfPage":{"@id":"https:\/\/www.organisator.ch\/sustainability\/2016-08-24\/wie-wir-kuenftig-mit-naturgefahren-umgehen\/#primaryimage"},"image":{"@id":"https:\/\/www.organisator.ch\/sustainability\/2016-08-24\/wie-wir-kuenftig-mit-naturgefahren-umgehen\/#primaryimage"},"thumbnailUrl":"https:\/\/www.organisator.ch\/wp-content\/uploads\/2016\/12\/Wie-wir-kuenftig-mit-Naturgefahren-umgehen-umweltperspektiven.jpg","datePublished":"2016-08-24T13:54:04+00:00","dateModified":"2022-02-09T10:06:58+00:00","description":"Switzerland must continue to make great efforts to ensure that it is well protected against natural hazards in the future.","breadcrumb":{"@id":"https:\/\/www.organisator.ch\/sustainability\/2016-08-24\/wie-wir-kuenftig-mit-naturgefahren-umgehen\/#breadcrumb"},"inLanguage":"en-US","potentialAction":[{"@type":"ReadAction","target":["https:\/\/www.organisator.ch\/sustainability\/2016-08-24\/wie-wir-kuenftig-mit-naturgefahren-umgehen\/"]}]},{"@type":"ImageObject","inLanguage":"en-US","@id":"https:\/\/www.organisator.ch\/sustainability\/2016-08-24\/wie-wir-kuenftig-mit-naturgefahren-umgehen\/#primaryimage","url":"https:\/\/www.organisator.ch\/wp-content\/uploads\/2016\/12\/Wie-wir-kuenftig-mit-Naturgefahren-umgehen-umweltperspektiven.jpg","contentUrl":"https:\/\/www.organisator.ch\/wp-content\/uploads\/2016\/12\/Wie-wir-kuenftig-mit-Naturgefahren-umgehen-umweltperspektiven.jpg","width":999,"height":667,"caption":"Der Schutz vor Steinschl\u00e4gen, Hochwasser und anderen Naturgefahren ist eine Daueraufgabe."},{"@type":"BreadcrumbList","@id":"https:\/\/www.organisator.ch\/sustainability\/2016-08-24\/wie-wir-kuenftig-mit-naturgefahren-umgehen\/#breadcrumb","itemListElement":[{"@type":"ListItem","position":1,"name":"Home","item":"https:\/\/www.organisator.ch\/"},{"@type":"ListItem","position":2,"name":"Wie wir k\u00fcnftig mit Naturgefahren umgehen"}]},{"@type":"WebSite","@id":"https:\/\/www.organisator.ch\/#website","url":"https:\/\/www.organisator.ch\/","name":"Organizer","description":"Competent. Practical. In 10 issues per year, ORGANISATOR presents the essential topics for managers of SMEs.","publisher":{"@id":"https:\/\/www.organisator.ch\/#organization"},"potentialAction":[{"@type":"SearchAction","target":{"@type":"EntryPoint","urlTemplate":"https:\/\/www.organisator.ch\/?s={search_term_string}"},"query-input":{"@type":"PropertyValueSpecification","valueRequired":true,"valueName":"search_term_string"}}],"inLanguage":"en-US"},{"@type":"Organization","@id":"https:\/\/www.organisator.ch\/#organization","name":"Organizer","url":"https:\/\/www.organisator.ch\/","logo":{"@type":"ImageObject","inLanguage":"en-US","@id":"https:\/\/www.organisator.ch\/#\/schema\/logo\/image\/","url":"https:\/\/www.organisator.ch\/wp-content\/uploads\/2022\/01\/Logo_Organisator_Website.png","contentUrl":"https:\/\/www.organisator.ch\/wp-content\/uploads\/2022\/01\/Logo_Organisator_Website.png","width":800,"height":77,"caption":"Organisator"},"image":{"@id":"https:\/\/www.organisator.ch\/#\/schema\/logo\/image\/"},"sameAs":["https:\/\/www.facebook.com\/OrganisatorFachmagazin","https:\/\/www.linkedin.com\/showcase\/organisator-das-magazin-fr-kmu","https:\/\/www.xing.com\/news\/pages\/organisator-ch-695","https:\/\/www.youtube.com\/channel\/UCGP2Sq0iWaZwT3BdIAQFYpw"]},{"@type":"Person","@id":"https:\/\/www.organisator.ch\/#\/schema\/person\/aa2bace6c5c5aad60102004a50c4eb1c","name":"admin","image":{"@type":"ImageObject","inLanguage":"en-US","@id":"https:\/\/secure.gravatar.com\/avatar\/ae2f4d718e6c49043e314ce431e7e645d646302a24a5ef5a8bc8e3f5a032e319?s=96&d=mm&r=g","url":"https:\/\/secure.gravatar.com\/avatar\/ae2f4d718e6c49043e314ce431e7e645d646302a24a5ef5a8bc8e3f5a032e319?s=96&d=mm&r=g","contentUrl":"https:\/\/secure.gravatar.com\/avatar\/ae2f4d718e6c49043e314ce431e7e645d646302a24a5ef5a8bc8e3f5a032e319?s=96&d=mm&r=g","caption":"admin"},"sameAs":["https:\/\/www.organisator.ch"],"url":"https:\/\/www.organisator.ch\/en\/author\/admin\/"}]}},"_links":{"self":[{"href":"https:\/\/www.organisator.ch\/en\/wp-json\/wp\/v2\/posts\/9959","targetHints":{"allow":["GET"]}}],"collection":[{"href":"https:\/\/www.organisator.ch\/en\/wp-json\/wp\/v2\/posts"}],"about":[{"href":"https:\/\/www.organisator.ch\/en\/wp-json\/wp\/v2\/types\/post"}],"author":[{"embeddable":true,"href":"https:\/\/www.organisator.ch\/en\/wp-json\/wp\/v2\/users\/1"}],"replies":[{"embeddable":true,"href":"https:\/\/www.organisator.ch\/en\/wp-json\/wp\/v2\/comments?post=9959"}],"version-history":[{"count":1,"href":"https:\/\/www.organisator.ch\/en\/wp-json\/wp\/v2\/posts\/9959\/revisions"}],"predecessor-version":[{"id":10747,"href":"https:\/\/www.organisator.ch\/en\/wp-json\/wp\/v2\/posts\/9959\/revisions\/10747"}],"wp:featuredmedia":[{"embeddable":true,"href":"https:\/\/www.organisator.ch\/en\/wp-json\/wp\/v2\/media\/484"}],"wp:attachment":[{"href":"https:\/\/www.organisator.ch\/en\/wp-json\/wp\/v2\/media?parent=9959"}],"wp:term":[{"taxonomy":"category","embeddable":true,"href":"https:\/\/www.organisator.ch\/en\/wp-json\/wp\/v2\/categories?post=9959"},{"taxonomy":"post_tag","embeddable":true,"href":"https:\/\/www.organisator.ch\/en\/wp-json\/wp\/v2\/tags?post=9959"}],"curies":[{"name":"wp","href":"https:\/\/api.w.org\/{rel}","templated":true}]}}