{"id":9960,"date":"2016-08-24T15:55:19","date_gmt":"2016-08-24T13:55:19","guid":{"rendered":"https:\/\/dev.umweltperspektiven.ch\/?p=486"},"modified":"2016-08-24T15:55:19","modified_gmt":"2016-08-24T13:55:19","slug":"moorente-rebhuhn-und-haubentaucher-neu-unter-schutz","status":"publish","type":"post","link":"https:\/\/www.organisator.ch\/en\/allgemein\/2016-08-24\/moorente-rebhuhn-und-haubentaucher-neu-unter-schutz\/","title":{"rendered":"Ferruginous Duck, Partridge and Great Crested Grebe now under protection"},"content":{"rendered":"<figure id=\"attachment_487\" aria-describedby=\"caption-attachment-487\" style=\"width: 680px\" class=\"wp-caption alignnone\"><a href=\"\/\/dev.umweltperspektiven.ch\/wp-content\/uploads\/2016\/12\/Moorente-Rebhuhn-und-Haubentaucher-neu-unter-Schutz-umweltperspektiven.jpg\"><img loading=\"lazy\" decoding=\"async\" class=\"size-medium wp-image-487\" src=\"\/\/dev.umweltperspektiven.ch\/wp-content\/uploads\/2016\/12\/Moorente-Rebhuhn-und-Haubentaucher-neu-unter-Schutz-umweltperspektiven.jpg\" alt=\"The Ferruginous Duck may no longer be hunted in the future.\" width=\"680\" height=\"454\" \/><\/a><figcaption id=\"caption-attachment-487\" class=\"wp-caption-text\">The Ferruginous Duck may no longer be hunted in the future.<\/figcaption><\/figure>\n<p>The motion Engler \"Coexistence of wolf and mountain population\", adopted by parliament in 2015, demands a revision of the hunting law so that in the future wolf populations can be regulated within the framework of the Bern Convention.<\/p>\n<p>In implementation of this motion, regulatory interventions in populations of not only the wolf but also other conflict-prone protected species should be possible in the future if, despite reasonable preventive measures, the occurrence of major damage or the concrete endangerment of humans is imminent.<\/p>\n<p><strong>Clarification of hunting authorization and examination<\/strong><\/p>\n<p>The revised law also aims to clarify the relationship between hunting permits and hunting examinations. The hunting license enables hunting to be practiced in a canton; its issuance remains the responsibility of the cantons. A prerequisite for this in all cantons is a successful hunting examination, for which the federal government will in future specify the examination areas of species and habitat protection, animal protection and handling of weapons, including marksmanship. These cantonal hunting examinations, which are standardized in terms of content, are to be mutually recognized by the cantons in the future.<\/p>\n<p><strong>Huntable species and closed seasons adapted<\/strong><\/p>\n<p>Finally, the provisions on huntable species and their closed seasons, which were amended in 2012 with a revision of the Hunting Ordinance, will be transferred to the law and supplemented: the moor duck, the partridge and the great crested grebe will now be protected in the law.<\/p>\n<p>It also seeks to declare the rook huntable, shorten the closed seasons of the wild boar and cormorant, and grant closed seasons to all native species.<\/p>\n<p>The handling of non-native species is also to be newly regulated. For example, fallow deer, sika and mouflon, which were previously granted a closed season, are to be huntable all year round in future, based on the strategy for combating invasive alien species adopted by the Federal Council on May 18, 2016.<\/p>\n<p>The Federal Council opened the consultation on the revised Hunting Act on August 24, 2016. It will last until November 30, 2016.<\/p>\n<p>Source: Confederation<\/p>","protected":false},"excerpt":{"rendered":"<p>Die 2015 vom Parlament angenommene Motion Engler\u00a0\u00abZusammenleben von Wolf und Bergbev\u00f6lkerung\u00bb verlangt eine Revision des Jagdgesetzes, damit zuk\u00fcnftig Wolfsbest\u00e4nde innerhalb des Rahmens der Berner Konvention reguliert werden k\u00f6nnen. In Umsetzung dieser Motion sollen k\u00fcnftig regulierende Eingriffe in Best\u00e4nde nicht nur des Wolfes, sondern auch anderer konflikttr\u00e4chtiger gesch\u00fctzter Arten m\u00f6glich werden, wenn trotz zumutbarer Pr\u00e4ventionsmassnahmen das [&hellip;]<\/p>\n","protected":false},"author":1,"featured_media":9409,"comment_status":"open","ping_status":"open","sticky":false,"template":"","format":"standard","meta":{"_acf_changed":false,"_yoast_wpseo_focuskw":"Schutz","_yoast_wpseo_metadesc":"Das revidierte Jagdgesetz regelt den Umgang mit W\u00f6lfen neu , nimmt weitere Arten unter Schutz und passt die Schonzeiten an.","articlekey":"","footnotes":""},"categories":[1],"tags":[829,100,1458,2565],"class_list":["post-9960","post","type-post","status-publish","format-standard","has-post-thumbnail","hentry","category-allgemein","tag-biodiversitaet","tag-bundesrat","tag-jagd","tag-wildtiere"],"acf":[],"yoast_head":"<!-- This site is optimized with the Yoast SEO plugin v27.4 - https:\/\/yoast.com\/product\/yoast-seo-wordpress\/ -->\n<title>Moorente, Rebhuhn und Haubentaucher neu unter Schutz - Organisator<\/title>\n<meta name=\"description\" content=\"Das revidierte Jagdgesetz regelt den Umgang mit W\u00f6lfen neu , nimmt weitere Arten unter Schutz und passt die Schonzeiten an.\" \/>\n<meta name=\"robots\" content=\"index, follow, max-snippet:-1, max-image-preview:large, max-video-preview:-1\" \/>\n<link rel=\"canonical\" href=\"https:\/\/www.organisator.ch\/en\/general\/2016-08-24\/moorente-rebhuhn-und-haubentaucher-neu-unter-schutz\/\" \/>\n<meta property=\"og:locale\" content=\"en_US\" \/>\n<meta property=\"og:type\" content=\"article\" \/>\n<meta property=\"og:title\" content=\"Moorente, Rebhuhn und Haubentaucher neu unter Schutz - Organisator\" \/>\n<meta property=\"og:description\" content=\"Das revidierte Jagdgesetz regelt den Umgang mit W\u00f6lfen neu , nimmt weitere Arten unter Schutz und passt die Schonzeiten an.\" \/>\n<meta property=\"og:url\" content=\"https:\/\/www.organisator.ch\/en\/general\/2016-08-24\/moorente-rebhuhn-und-haubentaucher-neu-unter-schutz\/\" \/>\n<meta property=\"og:site_name\" content=\"Organisator\" \/>\n<meta property=\"article:publisher\" content=\"https:\/\/www.facebook.com\/OrganisatorFachmagazin\" \/>\n<meta property=\"article:published_time\" content=\"2016-08-24T13:55:19+00:00\" \/>\n<meta property=\"og:image\" content=\"https:\/\/www.organisator.ch\/wp-content\/uploads\/2016\/12\/Moorente-Rebhuhn-und-Haubentaucher-neu-unter-Schutz-umweltperspektiven.jpg\" \/>\n\t<meta property=\"og:image:width\" content=\"1000\" \/>\n\t<meta property=\"og:image:height\" content=\"667\" \/>\n\t<meta property=\"og:image:type\" content=\"image\/jpeg\" \/>\n<meta name=\"author\" content=\"admin\" \/>\n<meta name=\"twitter:card\" content=\"summary_large_image\" \/>\n<script type=\"application\/ld+json\" class=\"yoast-schema-graph\">{\"@context\":\"https:\\\/\\\/schema.org\",\"@graph\":[{\"@type\":\"Article\",\"@id\":\"https:\\\/\\\/www.organisator.ch\\\/de\\\/allgemein\\\/2016-08-24\\\/moorente-rebhuhn-und-haubentaucher-neu-unter-schutz\\\/#article\",\"isPartOf\":{\"@id\":\"https:\\\/\\\/www.organisator.ch\\\/de\\\/allgemein\\\/2016-08-24\\\/moorente-rebhuhn-und-haubentaucher-neu-unter-schutz\\\/\"},\"author\":{\"name\":\"admin\",\"@id\":\"https:\\\/\\\/www.organisator.ch\\\/#\\\/schema\\\/person\\\/aa2bace6c5c5aad60102004a50c4eb1c\"},\"headline\":\"Moorente, Rebhuhn und Haubentaucher neu unter Schutz\",\"datePublished\":\"2016-08-24T13:55:19+00:00\",\"mainEntityOfPage\":{\"@id\":\"https:\\\/\\\/www.organisator.ch\\\/de\\\/allgemein\\\/2016-08-24\\\/moorente-rebhuhn-und-haubentaucher-neu-unter-schutz\\\/\"},\"wordCount\":329,\"commentCount\":0,\"publisher\":{\"@id\":\"https:\\\/\\\/www.organisator.ch\\\/#organization\"},\"image\":{\"@id\":\"https:\\\/\\\/www.organisator.ch\\\/de\\\/allgemein\\\/2016-08-24\\\/moorente-rebhuhn-und-haubentaucher-neu-unter-schutz\\\/#primaryimage\"},\"thumbnailUrl\":\"https:\\\/\\\/www.organisator.ch\\\/wp-content\\\/uploads\\\/2016\\\/12\\\/Moorente-Rebhuhn-und-Haubentaucher-neu-unter-Schutz-umweltperspektiven.jpg\",\"keywords\":[\"Biodiversit\u00e4t\",\"Bundesrat\",\"Jagd\",\"Wildtiere\"],\"articleSection\":[\"Allgemein\"],\"inLanguage\":\"en-US\"},{\"@type\":\"WebPage\",\"@id\":\"https:\\\/\\\/www.organisator.ch\\\/de\\\/allgemein\\\/2016-08-24\\\/moorente-rebhuhn-und-haubentaucher-neu-unter-schutz\\\/\",\"url\":\"https:\\\/\\\/www.organisator.ch\\\/de\\\/allgemein\\\/2016-08-24\\\/moorente-rebhuhn-und-haubentaucher-neu-unter-schutz\\\/\",\"name\":\"Moorente, Rebhuhn und Haubentaucher neu unter Schutz - Organisator\",\"isPartOf\":{\"@id\":\"https:\\\/\\\/www.organisator.ch\\\/#website\"},\"primaryImageOfPage\":{\"@id\":\"https:\\\/\\\/www.organisator.ch\\\/de\\\/allgemein\\\/2016-08-24\\\/moorente-rebhuhn-und-haubentaucher-neu-unter-schutz\\\/#primaryimage\"},\"image\":{\"@id\":\"https:\\\/\\\/www.organisator.ch\\\/de\\\/allgemein\\\/2016-08-24\\\/moorente-rebhuhn-und-haubentaucher-neu-unter-schutz\\\/#primaryimage\"},\"thumbnailUrl\":\"https:\\\/\\\/www.organisator.ch\\\/wp-content\\\/uploads\\\/2016\\\/12\\\/Moorente-Rebhuhn-und-Haubentaucher-neu-unter-Schutz-umweltperspektiven.jpg\",\"datePublished\":\"2016-08-24T13:55:19+00:00\",\"description\":\"Das revidierte Jagdgesetz regelt den Umgang mit W\u00f6lfen neu , nimmt weitere Arten unter Schutz und passt die Schonzeiten an.\",\"breadcrumb\":{\"@id\":\"https:\\\/\\\/www.organisator.ch\\\/de\\\/allgemein\\\/2016-08-24\\\/moorente-rebhuhn-und-haubentaucher-neu-unter-schutz\\\/#breadcrumb\"},\"inLanguage\":\"en-US\",\"potentialAction\":[{\"@type\":\"ReadAction\",\"target\":[\"https:\\\/\\\/www.organisator.ch\\\/de\\\/allgemein\\\/2016-08-24\\\/moorente-rebhuhn-und-haubentaucher-neu-unter-schutz\\\/\"]}]},{\"@type\":\"ImageObject\",\"inLanguage\":\"en-US\",\"@id\":\"https:\\\/\\\/www.organisator.ch\\\/de\\\/allgemein\\\/2016-08-24\\\/moorente-rebhuhn-und-haubentaucher-neu-unter-schutz\\\/#primaryimage\",\"url\":\"https:\\\/\\\/www.organisator.ch\\\/wp-content\\\/uploads\\\/2016\\\/12\\\/Moorente-Rebhuhn-und-Haubentaucher-neu-unter-Schutz-umweltperspektiven.jpg\",\"contentUrl\":\"https:\\\/\\\/www.organisator.ch\\\/wp-content\\\/uploads\\\/2016\\\/12\\\/Moorente-Rebhuhn-und-Haubentaucher-neu-unter-Schutz-umweltperspektiven.jpg\",\"width\":1000,\"height\":667,\"caption\":\"Die Moorente darf k\u00fcnftig nicht mehr gejagt werden.\"},{\"@type\":\"BreadcrumbList\",\"@id\":\"https:\\\/\\\/www.organisator.ch\\\/de\\\/allgemein\\\/2016-08-24\\\/moorente-rebhuhn-und-haubentaucher-neu-unter-schutz\\\/#breadcrumb\",\"itemListElement\":[{\"@type\":\"ListItem\",\"position\":1,\"name\":\"Home\",\"item\":\"https:\\\/\\\/www.organisator.ch\\\/\"},{\"@type\":\"ListItem\",\"position\":2,\"name\":\"Moorente, Rebhuhn und Haubentaucher neu unter Schutz\"}]},{\"@type\":\"WebSite\",\"@id\":\"https:\\\/\\\/www.organisator.ch\\\/#website\",\"url\":\"https:\\\/\\\/www.organisator.ch\\\/\",\"name\":\"Organisator\",\"description\":\"Kompetent. Praxisnah. Der ORGANISATOR bereitet in 10 Ausgaben pro Jahr die wesentlichen Themen f\u00fcr F\u00fchrungskr\u00e4fte von KMU auf.\",\"publisher\":{\"@id\":\"https:\\\/\\\/www.organisator.ch\\\/#organization\"},\"potentialAction\":[{\"@type\":\"SearchAction\",\"target\":{\"@type\":\"EntryPoint\",\"urlTemplate\":\"https:\\\/\\\/www.organisator.ch\\\/?s={search_term_string}\"},\"query-input\":{\"@type\":\"PropertyValueSpecification\",\"valueRequired\":true,\"valueName\":\"search_term_string\"}}],\"inLanguage\":\"en-US\"},{\"@type\":\"Organization\",\"@id\":\"https:\\\/\\\/www.organisator.ch\\\/#organization\",\"name\":\"Organisator\",\"url\":\"https:\\\/\\\/www.organisator.ch\\\/\",\"logo\":{\"@type\":\"ImageObject\",\"inLanguage\":\"en-US\",\"@id\":\"https:\\\/\\\/www.organisator.ch\\\/#\\\/schema\\\/logo\\\/image\\\/\",\"url\":\"https:\\\/\\\/www.organisator.ch\\\/wp-content\\\/uploads\\\/2022\\\/01\\\/Logo_Organisator_Website.png\",\"contentUrl\":\"https:\\\/\\\/www.organisator.ch\\\/wp-content\\\/uploads\\\/2022\\\/01\\\/Logo_Organisator_Website.png\",\"width\":800,\"height\":77,\"caption\":\"Organisator\"},\"image\":{\"@id\":\"https:\\\/\\\/www.organisator.ch\\\/#\\\/schema\\\/logo\\\/image\\\/\"},\"sameAs\":[\"https:\\\/\\\/www.facebook.com\\\/OrganisatorFachmagazin\",\"https:\\\/\\\/www.linkedin.com\\\/showcase\\\/organisator-das-magazin-fr-kmu\",\"https:\\\/\\\/www.xing.com\\\/news\\\/pages\\\/organisator-ch-695\",\"https:\\\/\\\/www.youtube.com\\\/channel\\\/UCGP2Sq0iWaZwT3BdIAQFYpw\"]},{\"@type\":\"Person\",\"@id\":\"https:\\\/\\\/www.organisator.ch\\\/#\\\/schema\\\/person\\\/aa2bace6c5c5aad60102004a50c4eb1c\",\"name\":\"admin\",\"image\":{\"@type\":\"ImageObject\",\"inLanguage\":\"en-US\",\"@id\":\"https:\\\/\\\/secure.gravatar.com\\\/avatar\\\/ae2f4d718e6c49043e314ce431e7e645d646302a24a5ef5a8bc8e3f5a032e319?s=96&d=mm&r=g\",\"url\":\"https:\\\/\\\/secure.gravatar.com\\\/avatar\\\/ae2f4d718e6c49043e314ce431e7e645d646302a24a5ef5a8bc8e3f5a032e319?s=96&d=mm&r=g\",\"contentUrl\":\"https:\\\/\\\/secure.gravatar.com\\\/avatar\\\/ae2f4d718e6c49043e314ce431e7e645d646302a24a5ef5a8bc8e3f5a032e319?s=96&d=mm&r=g\",\"caption\":\"admin\"},\"sameAs\":[\"https:\\\/\\\/www.organisator.ch\"],\"url\":\"https:\\\/\\\/www.organisator.ch\\\/en\\\/author\\\/admin\\\/\"}]}<\/script>\n<!-- \/ Yoast SEO plugin. -->","yoast_head_json":{"title":"Ferruginous Duck, Partridge and Great Crested Grebe newly under protection - Organizer","description":"The revised hunting law regulates the handling of wolves in a new way, takes further species under protection and adjusts the closed seasons.","robots":{"index":"index","follow":"follow","max-snippet":"max-snippet:-1","max-image-preview":"max-image-preview:large","max-video-preview":"max-video-preview:-1"},"canonical":"https:\/\/www.organisator.ch\/en\/general\/2016-08-24\/moorente-rebhuhn-und-haubentaucher-neu-unter-schutz\/","og_locale":"en_US","og_type":"article","og_title":"Moorente, Rebhuhn und Haubentaucher neu unter Schutz - Organisator","og_description":"Das revidierte Jagdgesetz regelt den Umgang mit W\u00f6lfen neu , nimmt weitere Arten unter Schutz und passt die Schonzeiten an.","og_url":"https:\/\/www.organisator.ch\/en\/general\/2016-08-24\/moorente-rebhuhn-und-haubentaucher-neu-unter-schutz\/","og_site_name":"Organisator","article_publisher":"https:\/\/www.facebook.com\/OrganisatorFachmagazin","article_published_time":"2016-08-24T13:55:19+00:00","og_image":[{"width":1000,"height":667,"url":"https:\/\/www.organisator.ch\/wp-content\/uploads\/2016\/12\/Moorente-Rebhuhn-und-Haubentaucher-neu-unter-Schutz-umweltperspektiven.jpg","type":"image\/jpeg"}],"author":"admin","twitter_card":"summary_large_image","schema":{"@context":"https:\/\/schema.org","@graph":[{"@type":"Article","@id":"https:\/\/www.organisator.ch\/de\/allgemein\/2016-08-24\/moorente-rebhuhn-und-haubentaucher-neu-unter-schutz\/#article","isPartOf":{"@id":"https:\/\/www.organisator.ch\/de\/allgemein\/2016-08-24\/moorente-rebhuhn-und-haubentaucher-neu-unter-schutz\/"},"author":{"name":"admin","@id":"https:\/\/www.organisator.ch\/#\/schema\/person\/aa2bace6c5c5aad60102004a50c4eb1c"},"headline":"Moorente, Rebhuhn und Haubentaucher neu unter Schutz","datePublished":"2016-08-24T13:55:19+00:00","mainEntityOfPage":{"@id":"https:\/\/www.organisator.ch\/de\/allgemein\/2016-08-24\/moorente-rebhuhn-und-haubentaucher-neu-unter-schutz\/"},"wordCount":329,"commentCount":0,"publisher":{"@id":"https:\/\/www.organisator.ch\/#organization"},"image":{"@id":"https:\/\/www.organisator.ch\/de\/allgemein\/2016-08-24\/moorente-rebhuhn-und-haubentaucher-neu-unter-schutz\/#primaryimage"},"thumbnailUrl":"https:\/\/www.organisator.ch\/wp-content\/uploads\/2016\/12\/Moorente-Rebhuhn-und-Haubentaucher-neu-unter-Schutz-umweltperspektiven.jpg","keywords":["Biodiversit\u00e4t","Bundesrat","Jagd","Wildtiere"],"articleSection":["Allgemein"],"inLanguage":"en-US"},{"@type":"WebPage","@id":"https:\/\/www.organisator.ch\/de\/allgemein\/2016-08-24\/moorente-rebhuhn-und-haubentaucher-neu-unter-schutz\/","url":"https:\/\/www.organisator.ch\/de\/allgemein\/2016-08-24\/moorente-rebhuhn-und-haubentaucher-neu-unter-schutz\/","name":"Ferruginous Duck, Partridge and Great Crested Grebe newly under protection - Organizer","isPartOf":{"@id":"https:\/\/www.organisator.ch\/#website"},"primaryImageOfPage":{"@id":"https:\/\/www.organisator.ch\/de\/allgemein\/2016-08-24\/moorente-rebhuhn-und-haubentaucher-neu-unter-schutz\/#primaryimage"},"image":{"@id":"https:\/\/www.organisator.ch\/de\/allgemein\/2016-08-24\/moorente-rebhuhn-und-haubentaucher-neu-unter-schutz\/#primaryimage"},"thumbnailUrl":"https:\/\/www.organisator.ch\/wp-content\/uploads\/2016\/12\/Moorente-Rebhuhn-und-Haubentaucher-neu-unter-Schutz-umweltperspektiven.jpg","datePublished":"2016-08-24T13:55:19+00:00","description":"The revised hunting law regulates the handling of wolves in a new way, takes further species under protection and adjusts the closed seasons.","breadcrumb":{"@id":"https:\/\/www.organisator.ch\/de\/allgemein\/2016-08-24\/moorente-rebhuhn-und-haubentaucher-neu-unter-schutz\/#breadcrumb"},"inLanguage":"en-US","potentialAction":[{"@type":"ReadAction","target":["https:\/\/www.organisator.ch\/de\/allgemein\/2016-08-24\/moorente-rebhuhn-und-haubentaucher-neu-unter-schutz\/"]}]},{"@type":"ImageObject","inLanguage":"en-US","@id":"https:\/\/www.organisator.ch\/de\/allgemein\/2016-08-24\/moorente-rebhuhn-und-haubentaucher-neu-unter-schutz\/#primaryimage","url":"https:\/\/www.organisator.ch\/wp-content\/uploads\/2016\/12\/Moorente-Rebhuhn-und-Haubentaucher-neu-unter-Schutz-umweltperspektiven.jpg","contentUrl":"https:\/\/www.organisator.ch\/wp-content\/uploads\/2016\/12\/Moorente-Rebhuhn-und-Haubentaucher-neu-unter-Schutz-umweltperspektiven.jpg","width":1000,"height":667,"caption":"Die Moorente darf k\u00fcnftig nicht mehr gejagt werden."},{"@type":"BreadcrumbList","@id":"https:\/\/www.organisator.ch\/de\/allgemein\/2016-08-24\/moorente-rebhuhn-und-haubentaucher-neu-unter-schutz\/#breadcrumb","itemListElement":[{"@type":"ListItem","position":1,"name":"Home","item":"https:\/\/www.organisator.ch\/"},{"@type":"ListItem","position":2,"name":"Moorente, Rebhuhn und Haubentaucher neu unter Schutz"}]},{"@type":"WebSite","@id":"https:\/\/www.organisator.ch\/#website","url":"https:\/\/www.organisator.ch\/","name":"Organizer","description":"Competent. Practical. In 10 issues per year, ORGANISATOR presents the essential topics for managers of SMEs.","publisher":{"@id":"https:\/\/www.organisator.ch\/#organization"},"potentialAction":[{"@type":"SearchAction","target":{"@type":"EntryPoint","urlTemplate":"https:\/\/www.organisator.ch\/?s={search_term_string}"},"query-input":{"@type":"PropertyValueSpecification","valueRequired":true,"valueName":"search_term_string"}}],"inLanguage":"en-US"},{"@type":"Organization","@id":"https:\/\/www.organisator.ch\/#organization","name":"Organizer","url":"https:\/\/www.organisator.ch\/","logo":{"@type":"ImageObject","inLanguage":"en-US","@id":"https:\/\/www.organisator.ch\/#\/schema\/logo\/image\/","url":"https:\/\/www.organisator.ch\/wp-content\/uploads\/2022\/01\/Logo_Organisator_Website.png","contentUrl":"https:\/\/www.organisator.ch\/wp-content\/uploads\/2022\/01\/Logo_Organisator_Website.png","width":800,"height":77,"caption":"Organisator"},"image":{"@id":"https:\/\/www.organisator.ch\/#\/schema\/logo\/image\/"},"sameAs":["https:\/\/www.facebook.com\/OrganisatorFachmagazin","https:\/\/www.linkedin.com\/showcase\/organisator-das-magazin-fr-kmu","https:\/\/www.xing.com\/news\/pages\/organisator-ch-695","https:\/\/www.youtube.com\/channel\/UCGP2Sq0iWaZwT3BdIAQFYpw"]},{"@type":"Person","@id":"https:\/\/www.organisator.ch\/#\/schema\/person\/aa2bace6c5c5aad60102004a50c4eb1c","name":"admin","image":{"@type":"ImageObject","inLanguage":"en-US","@id":"https:\/\/secure.gravatar.com\/avatar\/ae2f4d718e6c49043e314ce431e7e645d646302a24a5ef5a8bc8e3f5a032e319?s=96&d=mm&r=g","url":"https:\/\/secure.gravatar.com\/avatar\/ae2f4d718e6c49043e314ce431e7e645d646302a24a5ef5a8bc8e3f5a032e319?s=96&d=mm&r=g","contentUrl":"https:\/\/secure.gravatar.com\/avatar\/ae2f4d718e6c49043e314ce431e7e645d646302a24a5ef5a8bc8e3f5a032e319?s=96&d=mm&r=g","caption":"admin"},"sameAs":["https:\/\/www.organisator.ch"],"url":"https:\/\/www.organisator.ch\/en\/author\/admin\/"}]}},"_links":{"self":[{"href":"https:\/\/www.organisator.ch\/en\/wp-json\/wp\/v2\/posts\/9960","targetHints":{"allow":["GET"]}}],"collection":[{"href":"https:\/\/www.organisator.ch\/en\/wp-json\/wp\/v2\/posts"}],"about":[{"href":"https:\/\/www.organisator.ch\/en\/wp-json\/wp\/v2\/types\/post"}],"author":[{"embeddable":true,"href":"https:\/\/www.organisator.ch\/en\/wp-json\/wp\/v2\/users\/1"}],"replies":[{"embeddable":true,"href":"https:\/\/www.organisator.ch\/en\/wp-json\/wp\/v2\/comments?post=9960"}],"version-history":[{"count":0,"href":"https:\/\/www.organisator.ch\/en\/wp-json\/wp\/v2\/posts\/9960\/revisions"}],"wp:featuredmedia":[{"embeddable":true,"href":"https:\/\/www.organisator.ch\/en\/wp-json\/wp\/v2\/media\/9409"}],"wp:attachment":[{"href":"https:\/\/www.organisator.ch\/en\/wp-json\/wp\/v2\/media?parent=9960"}],"wp:term":[{"taxonomy":"category","embeddable":true,"href":"https:\/\/www.organisator.ch\/en\/wp-json\/wp\/v2\/categories?post=9960"},{"taxonomy":"post_tag","embeddable":true,"href":"https:\/\/www.organisator.ch\/en\/wp-json\/wp\/v2\/tags?post=9960"}],"curies":[{"name":"wp","href":"https:\/\/api.w.org\/{rel}","templated":true}]}}