{"id":9965,"date":"2016-09-20T16:14:28","date_gmt":"2016-09-20T14:14:28","guid":{"rendered":"https:\/\/dev.umweltperspektiven.ch\/?p=523"},"modified":"2016-09-20T16:14:28","modified_gmt":"2016-09-20T14:14:28","slug":"lidl-schafft-plastiktaschen-ab","status":"publish","type":"post","link":"https:\/\/www.organisator.ch\/en\/allgemein\/2016-09-20\/lidl-schafft-plastiktaschen-ab\/","title":{"rendered":"Lidl abolishes plastic bags"},"content":{"rendered":"<figure id=\"attachment_524\" aria-describedby=\"caption-attachment-524\" style=\"width: 680px\" class=\"wp-caption alignnone\"><a href=\"\/\/dev.umweltperspektiven.ch\/wp-content\/uploads\/2016\/12\/Lidl-schafft-Plastiktaschen-ab-umweltperspektiven.jpg\"><img loading=\"lazy\" decoding=\"async\" class=\"size-medium wp-image-524\" src=\"\/\/dev.umweltperspektiven.ch\/wp-content\/uploads\/2016\/12\/Lidl-schafft-Plastiktaschen-ab-umweltperspektiven.jpg\" alt=\"Lidl abolishes plastic bags-environmental perspectives\" width=\"680\" height=\"913\" \/><\/a><figcaption id=\"caption-attachment-524\" class=\"wp-caption-text\">Lidl abolishes plastic bags-environmental perspectives<\/figcaption><\/figure>\n<p>Lidl Switzerland is abolishing the standard plastic carrier bag at the checkout, for which a charge is made. It is being replaced by a reusable carrier bag made of unbleached paper. This is certified by the Forest Stewardship Council (FSC) and is recyclable. This means that all Lidl paper carrier bags are made from 100 % renewable and recyclable raw materials. With this measure, Lidl Switzerland saves over 70 tons of plastic every year. Lidl has already dispensed with the widespread free plastic bags at the checkout since its market launch.<\/p>\n<p><strong>Complementing the sustainability commitment<\/strong><br \/>\nBy switching to exclusively paper and permanent carrier bags, Lidl Switzerland aims to promote the multiple use of carrier bags for purchases and thus conserve resources. The measure is part of Lidl Switzerland's comprehensive commitment to sustainability, such as comprehensive recycling, certified products, CO2 neutrality and the avoidance of food waste. Lidl's national organizations in Germany and Austria will also refrain from selling plastic bags at checkouts in the future.<\/p>\n<p><em>Source: Lidl Switzerland<\/em><\/p>","protected":false},"excerpt":{"rendered":"<p>Lidl Schweiz schafft die kostenpflichtige Standard-Plastiktragetasche an der Kasse ab. Ersetzt wird sie durch eine Mehrweg-Tragetasche aus ungebleichtem Papier. Diese ist durch den \u00abForest Stewardship Council\u00bb (FSC) zertifiziert und recycelbar. Damit stammen alle Lidl-Papiertragetaschen zu 100 % aus nachwachsenden und wiederverwertbaren Rohstoffen. Mit dieser Massnahme spart Lidl Schweiz jedes Jahr \u00fcber 70 Tonnen Plastik. Auf [&hellip;]<\/p>\n","protected":false},"author":1,"featured_media":9419,"comment_status":"open","ping_status":"open","sticky":false,"template":"","format":"standard","meta":{"_acf_changed":false,"_yoast_wpseo_focuskw":"Plastiktaschen","_yoast_wpseo_metadesc":"Lidl Schweiz ersetzt ab Fr\u00fchling 2017 die kostenpflichtigen Plastiktaschen aus recyceltem Plastik durch eine mehrfach verwendbare Papiertragetasche.","articlekey":"","footnotes":""},"categories":[1],"tags":[],"class_list":["post-9965","post","type-post","status-publish","format-standard","has-post-thumbnail","hentry","category-allgemein"],"acf":[],"yoast_head":"<!-- This site is optimized with the Yoast SEO plugin v27.5 - https:\/\/yoast.com\/product\/yoast-seo-wordpress\/ -->\n<title>Lidl schafft Plastiktaschen ab - Organisator<\/title>\n<meta name=\"description\" content=\"Lidl Schweiz ersetzt ab Fr\u00fchling 2017 die kostenpflichtigen Plastiktaschen aus recyceltem Plastik durch eine mehrfach verwendbare Papiertragetasche.\" \/>\n<meta name=\"robots\" content=\"index, follow, max-snippet:-1, max-image-preview:large, max-video-preview:-1\" \/>\n<link rel=\"canonical\" href=\"https:\/\/www.organisator.ch\/en\/general\/2016-09-20\/lidl-schafft-plastiktaschen-ab\/\" \/>\n<meta property=\"og:locale\" content=\"en_US\" \/>\n<meta property=\"og:type\" content=\"article\" \/>\n<meta property=\"og:title\" content=\"Lidl schafft Plastiktaschen ab - Organisator\" \/>\n<meta property=\"og:description\" content=\"Lidl Schweiz ersetzt ab Fr\u00fchling 2017 die kostenpflichtigen Plastiktaschen aus recyceltem Plastik durch eine mehrfach verwendbare Papiertragetasche.\" \/>\n<meta property=\"og:url\" content=\"https:\/\/www.organisator.ch\/en\/general\/2016-09-20\/lidl-schafft-plastiktaschen-ab\/\" \/>\n<meta property=\"og:site_name\" content=\"Organisator\" \/>\n<meta property=\"article:publisher\" content=\"https:\/\/www.facebook.com\/OrganisatorFachmagazin\" \/>\n<meta property=\"article:published_time\" content=\"2016-09-20T14:14:28+00:00\" \/>\n<meta property=\"og:image\" content=\"https:\/\/www.organisator.ch\/wp-content\/uploads\/2016\/12\/Lidl-schafft-Plastiktaschen-ab-umweltperspektiven-scaled.jpg\" \/>\n\t<meta property=\"og:image:width\" content=\"1907\" \/>\n\t<meta property=\"og:image:height\" content=\"2560\" \/>\n\t<meta property=\"og:image:type\" content=\"image\/jpeg\" \/>\n<meta name=\"author\" content=\"admin\" \/>\n<meta name=\"twitter:card\" content=\"summary_large_image\" \/>\n<script type=\"application\/ld+json\" class=\"yoast-schema-graph\">{\"@context\":\"https:\\\/\\\/schema.org\",\"@graph\":[{\"@type\":\"Article\",\"@id\":\"https:\\\/\\\/www.organisator.ch\\\/en\\\/general\\\/2016-09-20\\\/lidl-schafft-plastiktaschen-ab\\\/#article\",\"isPartOf\":{\"@id\":\"https:\\\/\\\/www.organisator.ch\\\/en\\\/general\\\/2016-09-20\\\/lidl-schafft-plastiktaschen-ab\\\/\"},\"author\":{\"name\":\"admin\",\"@id\":\"https:\\\/\\\/www.organisator.ch\\\/#\\\/schema\\\/person\\\/aa2bace6c5c5aad60102004a50c4eb1c\"},\"headline\":\"Lidl schafft Plastiktaschen ab\",\"datePublished\":\"2016-09-20T14:14:28+00:00\",\"mainEntityOfPage\":{\"@id\":\"https:\\\/\\\/www.organisator.ch\\\/en\\\/general\\\/2016-09-20\\\/lidl-schafft-plastiktaschen-ab\\\/\"},\"wordCount\":162,\"commentCount\":0,\"publisher\":{\"@id\":\"https:\\\/\\\/www.organisator.ch\\\/#organization\"},\"image\":{\"@id\":\"https:\\\/\\\/www.organisator.ch\\\/en\\\/general\\\/2016-09-20\\\/lidl-schafft-plastiktaschen-ab\\\/#primaryimage\"},\"thumbnailUrl\":\"https:\\\/\\\/www.organisator.ch\\\/wp-content\\\/uploads\\\/2016\\\/12\\\/Lidl-schafft-Plastiktaschen-ab-umweltperspektiven-scaled.jpg\",\"articleSection\":[\"Allgemein\"],\"inLanguage\":\"en-US\"},{\"@type\":\"WebPage\",\"@id\":\"https:\\\/\\\/www.organisator.ch\\\/en\\\/general\\\/2016-09-20\\\/lidl-schafft-plastiktaschen-ab\\\/\",\"url\":\"https:\\\/\\\/www.organisator.ch\\\/en\\\/general\\\/2016-09-20\\\/lidl-schafft-plastiktaschen-ab\\\/\",\"name\":\"Lidl schafft Plastiktaschen ab - Organisator\",\"isPartOf\":{\"@id\":\"https:\\\/\\\/www.organisator.ch\\\/#website\"},\"primaryImageOfPage\":{\"@id\":\"https:\\\/\\\/www.organisator.ch\\\/en\\\/general\\\/2016-09-20\\\/lidl-schafft-plastiktaschen-ab\\\/#primaryimage\"},\"image\":{\"@id\":\"https:\\\/\\\/www.organisator.ch\\\/en\\\/general\\\/2016-09-20\\\/lidl-schafft-plastiktaschen-ab\\\/#primaryimage\"},\"thumbnailUrl\":\"https:\\\/\\\/www.organisator.ch\\\/wp-content\\\/uploads\\\/2016\\\/12\\\/Lidl-schafft-Plastiktaschen-ab-umweltperspektiven-scaled.jpg\",\"datePublished\":\"2016-09-20T14:14:28+00:00\",\"description\":\"Lidl Schweiz ersetzt ab Fr\u00fchling 2017 die kostenpflichtigen Plastiktaschen aus recyceltem Plastik durch eine mehrfach verwendbare Papiertragetasche.\",\"breadcrumb\":{\"@id\":\"https:\\\/\\\/www.organisator.ch\\\/en\\\/general\\\/2016-09-20\\\/lidl-schafft-plastiktaschen-ab\\\/#breadcrumb\"},\"inLanguage\":\"en-US\",\"potentialAction\":[{\"@type\":\"ReadAction\",\"target\":[\"https:\\\/\\\/www.organisator.ch\\\/en\\\/general\\\/2016-09-20\\\/lidl-schafft-plastiktaschen-ab\\\/\"]}]},{\"@type\":\"ImageObject\",\"inLanguage\":\"en-US\",\"@id\":\"https:\\\/\\\/www.organisator.ch\\\/en\\\/general\\\/2016-09-20\\\/lidl-schafft-plastiktaschen-ab\\\/#primaryimage\",\"url\":\"https:\\\/\\\/www.organisator.ch\\\/wp-content\\\/uploads\\\/2016\\\/12\\\/Lidl-schafft-Plastiktaschen-ab-umweltperspektiven-scaled.jpg\",\"contentUrl\":\"https:\\\/\\\/www.organisator.ch\\\/wp-content\\\/uploads\\\/2016\\\/12\\\/Lidl-schafft-Plastiktaschen-ab-umweltperspektiven-scaled.jpg\",\"width\":1907,\"height\":2560,\"caption\":\"Lidl schafft Plastiktaschen ab-umweltperspektiven\"},{\"@type\":\"BreadcrumbList\",\"@id\":\"https:\\\/\\\/www.organisator.ch\\\/en\\\/general\\\/2016-09-20\\\/lidl-schafft-plastiktaschen-ab\\\/#breadcrumb\",\"itemListElement\":[{\"@type\":\"ListItem\",\"position\":1,\"name\":\"Home\",\"item\":\"https:\\\/\\\/www.organisator.ch\\\/\"},{\"@type\":\"ListItem\",\"position\":2,\"name\":\"Lidl schafft Plastiktaschen ab\"}]},{\"@type\":\"WebSite\",\"@id\":\"https:\\\/\\\/www.organisator.ch\\\/#website\",\"url\":\"https:\\\/\\\/www.organisator.ch\\\/\",\"name\":\"Organisator\",\"description\":\"Kompetent. Praxisnah. Der ORGANISATOR bereitet in 10 Ausgaben pro Jahr die wesentlichen Themen f\u00fcr F\u00fchrungskr\u00e4fte von KMU auf.\",\"publisher\":{\"@id\":\"https:\\\/\\\/www.organisator.ch\\\/#organization\"},\"potentialAction\":[{\"@type\":\"SearchAction\",\"target\":{\"@type\":\"EntryPoint\",\"urlTemplate\":\"https:\\\/\\\/www.organisator.ch\\\/?s={search_term_string}\"},\"query-input\":{\"@type\":\"PropertyValueSpecification\",\"valueRequired\":true,\"valueName\":\"search_term_string\"}}],\"inLanguage\":\"en-US\"},{\"@type\":\"Organization\",\"@id\":\"https:\\\/\\\/www.organisator.ch\\\/#organization\",\"name\":\"Organisator\",\"url\":\"https:\\\/\\\/www.organisator.ch\\\/\",\"logo\":{\"@type\":\"ImageObject\",\"inLanguage\":\"en-US\",\"@id\":\"https:\\\/\\\/www.organisator.ch\\\/#\\\/schema\\\/logo\\\/image\\\/\",\"url\":\"https:\\\/\\\/www.organisator.ch\\\/wp-content\\\/uploads\\\/2022\\\/01\\\/Logo_Organisator_Website.png\",\"contentUrl\":\"https:\\\/\\\/www.organisator.ch\\\/wp-content\\\/uploads\\\/2022\\\/01\\\/Logo_Organisator_Website.png\",\"width\":800,\"height\":77,\"caption\":\"Organisator\"},\"image\":{\"@id\":\"https:\\\/\\\/www.organisator.ch\\\/#\\\/schema\\\/logo\\\/image\\\/\"},\"sameAs\":[\"https:\\\/\\\/www.facebook.com\\\/OrganisatorFachmagazin\",\"https:\\\/\\\/www.linkedin.com\\\/showcase\\\/organisator-das-magazin-fr-kmu\",\"https:\\\/\\\/www.xing.com\\\/news\\\/pages\\\/organisator-ch-695\",\"https:\\\/\\\/www.youtube.com\\\/channel\\\/UCGP2Sq0iWaZwT3BdIAQFYpw\"]},{\"@type\":\"Person\",\"@id\":\"https:\\\/\\\/www.organisator.ch\\\/#\\\/schema\\\/person\\\/aa2bace6c5c5aad60102004a50c4eb1c\",\"name\":\"admin\",\"image\":{\"@type\":\"ImageObject\",\"inLanguage\":\"en-US\",\"@id\":\"https:\\\/\\\/secure.gravatar.com\\\/avatar\\\/ae2f4d718e6c49043e314ce431e7e645d646302a24a5ef5a8bc8e3f5a032e319?s=96&d=mm&r=g\",\"url\":\"https:\\\/\\\/secure.gravatar.com\\\/avatar\\\/ae2f4d718e6c49043e314ce431e7e645d646302a24a5ef5a8bc8e3f5a032e319?s=96&d=mm&r=g\",\"contentUrl\":\"https:\\\/\\\/secure.gravatar.com\\\/avatar\\\/ae2f4d718e6c49043e314ce431e7e645d646302a24a5ef5a8bc8e3f5a032e319?s=96&d=mm&r=g\",\"caption\":\"admin\"},\"sameAs\":[\"https:\\\/\\\/www.organisator.ch\"],\"url\":\"https:\\\/\\\/www.organisator.ch\\\/en\\\/author\\\/admin\\\/\"}]}<\/script>\n<!-- \/ Yoast SEO plugin. -->","yoast_head_json":{"title":"Lidl abolishes plastic bags - organizer","description":"Starting in spring 2017, Lidl Switzerland is replacing its plastic bags made of recycled plastic, which are subject to a fee, with a reusable paper carrier bag.","robots":{"index":"index","follow":"follow","max-snippet":"max-snippet:-1","max-image-preview":"max-image-preview:large","max-video-preview":"max-video-preview:-1"},"canonical":"https:\/\/www.organisator.ch\/en\/general\/2016-09-20\/lidl-schafft-plastiktaschen-ab\/","og_locale":"en_US","og_type":"article","og_title":"Lidl schafft Plastiktaschen ab - Organisator","og_description":"Lidl Schweiz ersetzt ab Fr\u00fchling 2017 die kostenpflichtigen Plastiktaschen aus recyceltem Plastik durch eine mehrfach verwendbare Papiertragetasche.","og_url":"https:\/\/www.organisator.ch\/en\/general\/2016-09-20\/lidl-schafft-plastiktaschen-ab\/","og_site_name":"Organisator","article_publisher":"https:\/\/www.facebook.com\/OrganisatorFachmagazin","article_published_time":"2016-09-20T14:14:28+00:00","og_image":[{"width":1907,"height":2560,"url":"https:\/\/www.organisator.ch\/wp-content\/uploads\/2016\/12\/Lidl-schafft-Plastiktaschen-ab-umweltperspektiven-scaled.jpg","type":"image\/jpeg"}],"author":"admin","twitter_card":"summary_large_image","schema":{"@context":"https:\/\/schema.org","@graph":[{"@type":"Article","@id":"https:\/\/www.organisator.ch\/en\/general\/2016-09-20\/lidl-schafft-plastiktaschen-ab\/#article","isPartOf":{"@id":"https:\/\/www.organisator.ch\/en\/general\/2016-09-20\/lidl-schafft-plastiktaschen-ab\/"},"author":{"name":"admin","@id":"https:\/\/www.organisator.ch\/#\/schema\/person\/aa2bace6c5c5aad60102004a50c4eb1c"},"headline":"Lidl schafft Plastiktaschen ab","datePublished":"2016-09-20T14:14:28+00:00","mainEntityOfPage":{"@id":"https:\/\/www.organisator.ch\/en\/general\/2016-09-20\/lidl-schafft-plastiktaschen-ab\/"},"wordCount":162,"commentCount":0,"publisher":{"@id":"https:\/\/www.organisator.ch\/#organization"},"image":{"@id":"https:\/\/www.organisator.ch\/en\/general\/2016-09-20\/lidl-schafft-plastiktaschen-ab\/#primaryimage"},"thumbnailUrl":"https:\/\/www.organisator.ch\/wp-content\/uploads\/2016\/12\/Lidl-schafft-Plastiktaschen-ab-umweltperspektiven-scaled.jpg","articleSection":["Allgemein"],"inLanguage":"en-US"},{"@type":"WebPage","@id":"https:\/\/www.organisator.ch\/en\/general\/2016-09-20\/lidl-schafft-plastiktaschen-ab\/","url":"https:\/\/www.organisator.ch\/en\/general\/2016-09-20\/lidl-schafft-plastiktaschen-ab\/","name":"Lidl abolishes plastic bags - organizer","isPartOf":{"@id":"https:\/\/www.organisator.ch\/#website"},"primaryImageOfPage":{"@id":"https:\/\/www.organisator.ch\/en\/general\/2016-09-20\/lidl-schafft-plastiktaschen-ab\/#primaryimage"},"image":{"@id":"https:\/\/www.organisator.ch\/en\/general\/2016-09-20\/lidl-schafft-plastiktaschen-ab\/#primaryimage"},"thumbnailUrl":"https:\/\/www.organisator.ch\/wp-content\/uploads\/2016\/12\/Lidl-schafft-Plastiktaschen-ab-umweltperspektiven-scaled.jpg","datePublished":"2016-09-20T14:14:28+00:00","description":"Starting in spring 2017, Lidl Switzerland is replacing its plastic bags made of recycled plastic, which are subject to a fee, with a reusable paper carrier bag.","breadcrumb":{"@id":"https:\/\/www.organisator.ch\/en\/general\/2016-09-20\/lidl-schafft-plastiktaschen-ab\/#breadcrumb"},"inLanguage":"en-US","potentialAction":[{"@type":"ReadAction","target":["https:\/\/www.organisator.ch\/en\/general\/2016-09-20\/lidl-schafft-plastiktaschen-ab\/"]}]},{"@type":"ImageObject","inLanguage":"en-US","@id":"https:\/\/www.organisator.ch\/en\/general\/2016-09-20\/lidl-schafft-plastiktaschen-ab\/#primaryimage","url":"https:\/\/www.organisator.ch\/wp-content\/uploads\/2016\/12\/Lidl-schafft-Plastiktaschen-ab-umweltperspektiven-scaled.jpg","contentUrl":"https:\/\/www.organisator.ch\/wp-content\/uploads\/2016\/12\/Lidl-schafft-Plastiktaschen-ab-umweltperspektiven-scaled.jpg","width":1907,"height":2560,"caption":"Lidl schafft Plastiktaschen ab-umweltperspektiven"},{"@type":"BreadcrumbList","@id":"https:\/\/www.organisator.ch\/en\/general\/2016-09-20\/lidl-schafft-plastiktaschen-ab\/#breadcrumb","itemListElement":[{"@type":"ListItem","position":1,"name":"Home","item":"https:\/\/www.organisator.ch\/"},{"@type":"ListItem","position":2,"name":"Lidl schafft Plastiktaschen ab"}]},{"@type":"WebSite","@id":"https:\/\/www.organisator.ch\/#website","url":"https:\/\/www.organisator.ch\/","name":"Organizer","description":"Competent. Practical. In 10 issues per year, ORGANISATOR presents the essential topics for managers of SMEs.","publisher":{"@id":"https:\/\/www.organisator.ch\/#organization"},"potentialAction":[{"@type":"SearchAction","target":{"@type":"EntryPoint","urlTemplate":"https:\/\/www.organisator.ch\/?s={search_term_string}"},"query-input":{"@type":"PropertyValueSpecification","valueRequired":true,"valueName":"search_term_string"}}],"inLanguage":"en-US"},{"@type":"Organization","@id":"https:\/\/www.organisator.ch\/#organization","name":"Organizer","url":"https:\/\/www.organisator.ch\/","logo":{"@type":"ImageObject","inLanguage":"en-US","@id":"https:\/\/www.organisator.ch\/#\/schema\/logo\/image\/","url":"https:\/\/www.organisator.ch\/wp-content\/uploads\/2022\/01\/Logo_Organisator_Website.png","contentUrl":"https:\/\/www.organisator.ch\/wp-content\/uploads\/2022\/01\/Logo_Organisator_Website.png","width":800,"height":77,"caption":"Organisator"},"image":{"@id":"https:\/\/www.organisator.ch\/#\/schema\/logo\/image\/"},"sameAs":["https:\/\/www.facebook.com\/OrganisatorFachmagazin","https:\/\/www.linkedin.com\/showcase\/organisator-das-magazin-fr-kmu","https:\/\/www.xing.com\/news\/pages\/organisator-ch-695","https:\/\/www.youtube.com\/channel\/UCGP2Sq0iWaZwT3BdIAQFYpw"]},{"@type":"Person","@id":"https:\/\/www.organisator.ch\/#\/schema\/person\/aa2bace6c5c5aad60102004a50c4eb1c","name":"admin","image":{"@type":"ImageObject","inLanguage":"en-US","@id":"https:\/\/secure.gravatar.com\/avatar\/ae2f4d718e6c49043e314ce431e7e645d646302a24a5ef5a8bc8e3f5a032e319?s=96&d=mm&r=g","url":"https:\/\/secure.gravatar.com\/avatar\/ae2f4d718e6c49043e314ce431e7e645d646302a24a5ef5a8bc8e3f5a032e319?s=96&d=mm&r=g","contentUrl":"https:\/\/secure.gravatar.com\/avatar\/ae2f4d718e6c49043e314ce431e7e645d646302a24a5ef5a8bc8e3f5a032e319?s=96&d=mm&r=g","caption":"admin"},"sameAs":["https:\/\/www.organisator.ch"],"url":"https:\/\/www.organisator.ch\/en\/author\/admin\/"}]}},"_links":{"self":[{"href":"https:\/\/www.organisator.ch\/en\/wp-json\/wp\/v2\/posts\/9965","targetHints":{"allow":["GET"]}}],"collection":[{"href":"https:\/\/www.organisator.ch\/en\/wp-json\/wp\/v2\/posts"}],"about":[{"href":"https:\/\/www.organisator.ch\/en\/wp-json\/wp\/v2\/types\/post"}],"author":[{"embeddable":true,"href":"https:\/\/www.organisator.ch\/en\/wp-json\/wp\/v2\/users\/1"}],"replies":[{"embeddable":true,"href":"https:\/\/www.organisator.ch\/en\/wp-json\/wp\/v2\/comments?post=9965"}],"version-history":[{"count":0,"href":"https:\/\/www.organisator.ch\/en\/wp-json\/wp\/v2\/posts\/9965\/revisions"}],"wp:featuredmedia":[{"embeddable":true,"href":"https:\/\/www.organisator.ch\/en\/wp-json\/wp\/v2\/media\/9419"}],"wp:attachment":[{"href":"https:\/\/www.organisator.ch\/en\/wp-json\/wp\/v2\/media?parent=9965"}],"wp:term":[{"taxonomy":"category","embeddable":true,"href":"https:\/\/www.organisator.ch\/en\/wp-json\/wp\/v2\/categories?post=9965"},{"taxonomy":"post_tag","embeddable":true,"href":"https:\/\/www.organisator.ch\/en\/wp-json\/wp\/v2\/tags?post=9965"}],"curies":[{"name":"wp","href":"https:\/\/api.w.org\/{rel}","templated":true}]}}