{"id":9966,"date":"2016-09-22T16:18:24","date_gmt":"2016-09-22T14:18:24","guid":{"rendered":"https:\/\/dev.umweltperspektiven.ch\/?p=532"},"modified":"2016-09-22T16:18:24","modified_gmt":"2016-09-22T14:18:24","slug":"schweizer-bevoelkerung-vertraut-der-wissenschaft","status":"publish","type":"post","link":"https:\/\/www.organisator.ch\/en\/allgemein\/2016-09-22\/schweizer-bevoelkerung-vertraut-der-wissenschaft\/","title":{"rendered":"Swiss population trusts science"},"content":{"rendered":"<figure id=\"attachment_535\" aria-describedby=\"caption-attachment-535\" style=\"width: 680px\" class=\"wp-caption alignnone\"><a href=\"\/\/dev.umweltperspektiven.ch\/wp-content\/uploads\/2016\/12\/Schweizer-Bev\u00f6lkerung-vertraut-der-Wissenschaft-umweltperspektiven.jpg\"><img loading=\"lazy\" decoding=\"async\" class=\"size-medium wp-image-535\" src=\"\/\/dev.umweltperspektiven.ch\/wp-content\/uploads\/2016\/12\/Schweizer-Bev\u00f6lkerung-vertraut-der-Wissenschaft-umweltperspektiven.jpg\" alt=\"Science enjoys a high reputation in Switzerland.\" width=\"680\" height=\"457\" \/><\/a><figcaption id=\"caption-attachment-535\" class=\"wp-caption-text\">Science enjoys a high reputation in Switzerland.<\/figcaption><\/figure>\n<p>Scientific knowledge is important in many areas of life. It influences decisions made by individuals - on health, nutrition or child rearing, for example - as well as political and economic decisions. This is particularly true for Switzerland - a knowledge society with high spending on science and research and one of the most innovative countries in the world.<\/p>\n<p>\"The Swiss population is aware of this importance of science and has a generally positive attitude toward it,\" explains Mike S. Sch\u00e4fer, professor at the University of Zurich. Together with Julia Metag, professor at the University of Fribourg, he has published the first \"<a href=\"http:\/\/www.wissenschaftsbarometer.ch\/\" target=\"_blank\" rel=\"noreferrer noopener\" data-cke-saved-href=\"\/\/www.wissenschaftsbarometer.ch\/\">Science Barometer Switzerland<\/a>\" raised.<\/p>\n<p><strong>Strong support for research<\/strong><br \/>\n\"Three quarters of the Swiss population consider scientific research to be necessary, even if no immediate benefit is derived from it,\" says Mike S. Sch\u00e4fer. An equally large number of respondents believe that science and research should be supported by the state.<\/p>\n<p>This is also reflected in their attitudes: The Swiss population is very interested in science and research. More than half of them are strongly or very strongly interested in these topics, more than in business and finance or sports. Only politics interests more respondents.<\/p>\n<p>The population's trust in science is also pronounced. For 57 percent of the population, trust is strong to very strong. For only 5 percent is it low or very low. Scientists at universities enjoy particular trust. The majority of respondents believe that science and research improve their lives, even if they think there should be limits to research. Only a few, however, are interested in participating in scientific projects themselves.<\/p>\n<p><strong>Information via newspapers and internet<\/strong><br \/>\nThe Science Barometer also shows where the Swiss population obtains information about science and research: Primarily via the traditional mass media such as daily and weekly newspapers and weekly magazines. The Internet is now the second most important source of information.<\/p>\n<p>Online, Wikipedia and websites of public institutions are most frequently used for information on scientific topics. Science and research are also an interpersonal topic: More than one-third of respondents frequently talk to friends and acquaintances about scientific findings and results from research.<\/p>\n<p><strong>Project background<\/strong><br \/>\nThe long-term project \"Science Barometer Switzerland\" surveys what the Swiss population thinks about scientific topics and how different sources of information, from mass media to Facebook and Twitter, to family and friends, influence the perception of<br \/>\ninfluence scientific topics.<br \/>\nBy means of a representative telephone survey of the Swiss population conducted every three years, current processes of change in science communication and its audience are traced. The focus is on the interrelationships between science communication,<br \/>\ntheir use and reactions on the part of the audience. With these data, international comparisons with similar surveys on science communication in other countries are possible. 1051 people - 651 in German-speaking Switzerland, 200 in French-speaking Switzerland and 200 in Ticino - were surveyed by the Adligenswil-based DemosCope Institute.<\/p>\n<p>The first survey took place in June 2016. The next surveys will take place in 2019 and 2022. The project is funded by the Gebert R\u00fcf Foundation, the Mercator Switzerland Foundation and the Institute of Mass Communication and Media Research (IPMZ) at the University of Zurich.<br \/>\nIt is conducted by Prof. Mike S. Sch\u00e4fer and his department \"Science Communication\" of the IPMZ and Prof. Julia Metag of the University of Fribourg.<\/p>\n<p><em>Source: University of Zurich<\/em><\/p>","protected":false},"excerpt":{"rendered":"<p>Wissenschaftliches Wissen ist in vielen Lebensbereichen bedeutsam. Es beeinflusst Entscheidungen\u00a0Einzelner \u2013 etwa zu Gesundheit, Ern\u00e4hrung oder Kindererziehung \u2013 ebenso wie politische und wirtschaftliche\u00a0Entscheidungen. Dies gilt insbesondere f\u00fcr die Schweiz \u2013 eine Wissensgesellschaft mit\u00a0hohen Ausgaben f\u00fcr Wissenschaft und Forschung, die zu den innovativsten L\u00e4ndern der Welt geh\u00f6rt. \u00abDie Schweizer Bev\u00f6lkerung ist sich dieser Bedeutung der Wissenschaft [&hellip;]<\/p>\n","protected":false},"author":1,"featured_media":9421,"comment_status":"open","ping_status":"open","sticky":false,"template":"","format":"standard","meta":{"_acf_changed":false,"_yoast_wpseo_focuskw":"Wissenschaft","_yoast_wpseo_metadesc":"Die Schweizer Bev\u00f6lkerung steht Wissenschaft und Forschung positiv gegen\u00fcber: Sie vertraut den Aussagen von Wissenschaftlerinnen und Wissenschaftlern in hohem Masse und interessiert sich sehr f\u00fcr wissenschaftliche Themen","articlekey":"","footnotes":""},"categories":[1],"tags":[805,487,2407,533],"class_list":["post-9966","post","type-post","status-publish","format-standard","has-post-thumbnail","hentry","category-allgemein","tag-bevoelkerung","tag-umfrage","tag-universitaet-zuerich","tag-wissenschaft"],"acf":[],"yoast_head":"<!-- This site is optimized with the Yoast SEO plugin v27.5 - https:\/\/yoast.com\/product\/yoast-seo-wordpress\/ -->\n<title>Schweizer Bev\u00f6lkerung vertraut der Wissenschaft - Organisator<\/title>\n<meta name=\"description\" content=\"Die Schweizer Bev\u00f6lkerung steht Wissenschaft und Forschung positiv gegen\u00fcber: Sie vertraut den Aussagen von Wissenschaftlerinnen und Wissenschaftlern in hohem Masse und interessiert sich sehr f\u00fcr wissenschaftliche Themen\" \/>\n<meta name=\"robots\" content=\"index, follow, max-snippet:-1, max-image-preview:large, max-video-preview:-1\" \/>\n<link rel=\"canonical\" href=\"https:\/\/www.organisator.ch\/en\/general\/2016-09-22\/schweizer-bevoelkerung-vertraut-der-wissenschaft\/\" \/>\n<meta property=\"og:locale\" content=\"en_US\" \/>\n<meta property=\"og:type\" content=\"article\" \/>\n<meta property=\"og:title\" content=\"Schweizer Bev\u00f6lkerung vertraut der Wissenschaft - Organisator\" \/>\n<meta property=\"og:description\" content=\"Die Schweizer Bev\u00f6lkerung steht Wissenschaft und Forschung positiv gegen\u00fcber: Sie vertraut den Aussagen von Wissenschaftlerinnen und Wissenschaftlern in hohem Masse und interessiert sich sehr f\u00fcr wissenschaftliche Themen\" \/>\n<meta property=\"og:url\" content=\"https:\/\/www.organisator.ch\/en\/general\/2016-09-22\/schweizer-bevoelkerung-vertraut-der-wissenschaft\/\" \/>\n<meta property=\"og:site_name\" content=\"Organisator\" \/>\n<meta property=\"article:publisher\" content=\"https:\/\/www.facebook.com\/OrganisatorFachmagazin\" \/>\n<meta property=\"article:published_time\" content=\"2016-09-22T14:18:24+00:00\" \/>\n<meta property=\"og:image\" content=\"https:\/\/www.organisator.ch\/wp-content\/uploads\/2016\/12\/Schweizer-Bevoelkerung-vertraut-der-Wissenschaft-umweltperspektiven.jpg\" \/>\n\t<meta property=\"og:image:width\" content=\"999\" \/>\n\t<meta property=\"og:image:height\" content=\"671\" \/>\n\t<meta property=\"og:image:type\" content=\"image\/jpeg\" \/>\n<meta name=\"author\" content=\"admin\" \/>\n<meta name=\"twitter:card\" content=\"summary_large_image\" \/>\n<script type=\"application\/ld+json\" class=\"yoast-schema-graph\">{\"@context\":\"https:\\\/\\\/schema.org\",\"@graph\":[{\"@type\":\"Article\",\"@id\":\"https:\\\/\\\/www.organisator.ch\\\/en\\\/general\\\/2016-09-22\\\/schweizer-bevoelkerung-vertraut-der-wissenschaft\\\/#article\",\"isPartOf\":{\"@id\":\"https:\\\/\\\/www.organisator.ch\\\/en\\\/general\\\/2016-09-22\\\/schweizer-bevoelkerung-vertraut-der-wissenschaft\\\/\"},\"author\":{\"name\":\"admin\",\"@id\":\"https:\\\/\\\/www.organisator.ch\\\/#\\\/schema\\\/person\\\/aa2bace6c5c5aad60102004a50c4eb1c\"},\"headline\":\"Schweizer Bev\u00f6lkerung vertraut der Wissenschaft\",\"datePublished\":\"2016-09-22T14:18:24+00:00\",\"mainEntityOfPage\":{\"@id\":\"https:\\\/\\\/www.organisator.ch\\\/en\\\/general\\\/2016-09-22\\\/schweizer-bevoelkerung-vertraut-der-wissenschaft\\\/\"},\"wordCount\":578,\"commentCount\":0,\"publisher\":{\"@id\":\"https:\\\/\\\/www.organisator.ch\\\/#organization\"},\"image\":{\"@id\":\"https:\\\/\\\/www.organisator.ch\\\/en\\\/general\\\/2016-09-22\\\/schweizer-bevoelkerung-vertraut-der-wissenschaft\\\/#primaryimage\"},\"thumbnailUrl\":\"https:\\\/\\\/www.organisator.ch\\\/wp-content\\\/uploads\\\/2016\\\/12\\\/Schweizer-Bevoelkerung-vertraut-der-Wissenschaft-umweltperspektiven.jpg\",\"keywords\":[\"Bev\u00f6lkerung\",\"Umfrage\",\"Universit\u00e4t Z\u00fcrich\",\"Wissenschaft\"],\"articleSection\":[\"Allgemein\"],\"inLanguage\":\"en-US\"},{\"@type\":\"WebPage\",\"@id\":\"https:\\\/\\\/www.organisator.ch\\\/en\\\/general\\\/2016-09-22\\\/schweizer-bevoelkerung-vertraut-der-wissenschaft\\\/\",\"url\":\"https:\\\/\\\/www.organisator.ch\\\/en\\\/general\\\/2016-09-22\\\/schweizer-bevoelkerung-vertraut-der-wissenschaft\\\/\",\"name\":\"Schweizer Bev\u00f6lkerung vertraut der Wissenschaft - Organisator\",\"isPartOf\":{\"@id\":\"https:\\\/\\\/www.organisator.ch\\\/#website\"},\"primaryImageOfPage\":{\"@id\":\"https:\\\/\\\/www.organisator.ch\\\/en\\\/general\\\/2016-09-22\\\/schweizer-bevoelkerung-vertraut-der-wissenschaft\\\/#primaryimage\"},\"image\":{\"@id\":\"https:\\\/\\\/www.organisator.ch\\\/en\\\/general\\\/2016-09-22\\\/schweizer-bevoelkerung-vertraut-der-wissenschaft\\\/#primaryimage\"},\"thumbnailUrl\":\"https:\\\/\\\/www.organisator.ch\\\/wp-content\\\/uploads\\\/2016\\\/12\\\/Schweizer-Bevoelkerung-vertraut-der-Wissenschaft-umweltperspektiven.jpg\",\"datePublished\":\"2016-09-22T14:18:24+00:00\",\"description\":\"Die Schweizer Bev\u00f6lkerung steht Wissenschaft und Forschung positiv gegen\u00fcber: Sie vertraut den Aussagen von Wissenschaftlerinnen und Wissenschaftlern in hohem Masse und interessiert sich sehr f\u00fcr wissenschaftliche Themen\",\"breadcrumb\":{\"@id\":\"https:\\\/\\\/www.organisator.ch\\\/en\\\/general\\\/2016-09-22\\\/schweizer-bevoelkerung-vertraut-der-wissenschaft\\\/#breadcrumb\"},\"inLanguage\":\"en-US\",\"potentialAction\":[{\"@type\":\"ReadAction\",\"target\":[\"https:\\\/\\\/www.organisator.ch\\\/en\\\/general\\\/2016-09-22\\\/schweizer-bevoelkerung-vertraut-der-wissenschaft\\\/\"]}]},{\"@type\":\"ImageObject\",\"inLanguage\":\"en-US\",\"@id\":\"https:\\\/\\\/www.organisator.ch\\\/en\\\/general\\\/2016-09-22\\\/schweizer-bevoelkerung-vertraut-der-wissenschaft\\\/#primaryimage\",\"url\":\"https:\\\/\\\/www.organisator.ch\\\/wp-content\\\/uploads\\\/2016\\\/12\\\/Schweizer-Bevoelkerung-vertraut-der-Wissenschaft-umweltperspektiven.jpg\",\"contentUrl\":\"https:\\\/\\\/www.organisator.ch\\\/wp-content\\\/uploads\\\/2016\\\/12\\\/Schweizer-Bevoelkerung-vertraut-der-Wissenschaft-umweltperspektiven.jpg\",\"width\":999,\"height\":671,\"caption\":\"Die Wissenschaft geniesst in der Schweiz ein hohes Ansehen.\"},{\"@type\":\"BreadcrumbList\",\"@id\":\"https:\\\/\\\/www.organisator.ch\\\/en\\\/general\\\/2016-09-22\\\/schweizer-bevoelkerung-vertraut-der-wissenschaft\\\/#breadcrumb\",\"itemListElement\":[{\"@type\":\"ListItem\",\"position\":1,\"name\":\"Home\",\"item\":\"https:\\\/\\\/www.organisator.ch\\\/\"},{\"@type\":\"ListItem\",\"position\":2,\"name\":\"Schweizer Bev\u00f6lkerung vertraut der Wissenschaft\"}]},{\"@type\":\"WebSite\",\"@id\":\"https:\\\/\\\/www.organisator.ch\\\/#website\",\"url\":\"https:\\\/\\\/www.organisator.ch\\\/\",\"name\":\"Organisator\",\"description\":\"Kompetent. Praxisnah. Der ORGANISATOR bereitet in 10 Ausgaben pro Jahr die wesentlichen Themen f\u00fcr F\u00fchrungskr\u00e4fte von KMU auf.\",\"publisher\":{\"@id\":\"https:\\\/\\\/www.organisator.ch\\\/#organization\"},\"potentialAction\":[{\"@type\":\"SearchAction\",\"target\":{\"@type\":\"EntryPoint\",\"urlTemplate\":\"https:\\\/\\\/www.organisator.ch\\\/?s={search_term_string}\"},\"query-input\":{\"@type\":\"PropertyValueSpecification\",\"valueRequired\":true,\"valueName\":\"search_term_string\"}}],\"inLanguage\":\"en-US\"},{\"@type\":\"Organization\",\"@id\":\"https:\\\/\\\/www.organisator.ch\\\/#organization\",\"name\":\"Organisator\",\"url\":\"https:\\\/\\\/www.organisator.ch\\\/\",\"logo\":{\"@type\":\"ImageObject\",\"inLanguage\":\"en-US\",\"@id\":\"https:\\\/\\\/www.organisator.ch\\\/#\\\/schema\\\/logo\\\/image\\\/\",\"url\":\"https:\\\/\\\/www.organisator.ch\\\/wp-content\\\/uploads\\\/2022\\\/01\\\/Logo_Organisator_Website.png\",\"contentUrl\":\"https:\\\/\\\/www.organisator.ch\\\/wp-content\\\/uploads\\\/2022\\\/01\\\/Logo_Organisator_Website.png\",\"width\":800,\"height\":77,\"caption\":\"Organisator\"},\"image\":{\"@id\":\"https:\\\/\\\/www.organisator.ch\\\/#\\\/schema\\\/logo\\\/image\\\/\"},\"sameAs\":[\"https:\\\/\\\/www.facebook.com\\\/OrganisatorFachmagazin\",\"https:\\\/\\\/www.linkedin.com\\\/showcase\\\/organisator-das-magazin-fr-kmu\",\"https:\\\/\\\/www.xing.com\\\/news\\\/pages\\\/organisator-ch-695\",\"https:\\\/\\\/www.youtube.com\\\/channel\\\/UCGP2Sq0iWaZwT3BdIAQFYpw\"]},{\"@type\":\"Person\",\"@id\":\"https:\\\/\\\/www.organisator.ch\\\/#\\\/schema\\\/person\\\/aa2bace6c5c5aad60102004a50c4eb1c\",\"name\":\"admin\",\"image\":{\"@type\":\"ImageObject\",\"inLanguage\":\"en-US\",\"@id\":\"https:\\\/\\\/secure.gravatar.com\\\/avatar\\\/ae2f4d718e6c49043e314ce431e7e645d646302a24a5ef5a8bc8e3f5a032e319?s=96&d=mm&r=g\",\"url\":\"https:\\\/\\\/secure.gravatar.com\\\/avatar\\\/ae2f4d718e6c49043e314ce431e7e645d646302a24a5ef5a8bc8e3f5a032e319?s=96&d=mm&r=g\",\"contentUrl\":\"https:\\\/\\\/secure.gravatar.com\\\/avatar\\\/ae2f4d718e6c49043e314ce431e7e645d646302a24a5ef5a8bc8e3f5a032e319?s=96&d=mm&r=g\",\"caption\":\"admin\"},\"sameAs\":[\"https:\\\/\\\/www.organisator.ch\"],\"url\":\"https:\\\/\\\/www.organisator.ch\\\/en\\\/author\\\/admin\\\/\"}]}<\/script>\n<!-- \/ Yoast SEO plugin. -->","yoast_head_json":{"title":"Swiss population trusts science - Organizer","description":"The Swiss population has a positive attitude toward science and research: They trust the statements of scientists to a high degree and are very interested in scientific topics","robots":{"index":"index","follow":"follow","max-snippet":"max-snippet:-1","max-image-preview":"max-image-preview:large","max-video-preview":"max-video-preview:-1"},"canonical":"https:\/\/www.organisator.ch\/en\/general\/2016-09-22\/schweizer-bevoelkerung-vertraut-der-wissenschaft\/","og_locale":"en_US","og_type":"article","og_title":"Schweizer Bev\u00f6lkerung vertraut der Wissenschaft - Organisator","og_description":"Die Schweizer Bev\u00f6lkerung steht Wissenschaft und Forschung positiv gegen\u00fcber: Sie vertraut den Aussagen von Wissenschaftlerinnen und Wissenschaftlern in hohem Masse und interessiert sich sehr f\u00fcr wissenschaftliche Themen","og_url":"https:\/\/www.organisator.ch\/en\/general\/2016-09-22\/schweizer-bevoelkerung-vertraut-der-wissenschaft\/","og_site_name":"Organisator","article_publisher":"https:\/\/www.facebook.com\/OrganisatorFachmagazin","article_published_time":"2016-09-22T14:18:24+00:00","og_image":[{"width":999,"height":671,"url":"https:\/\/www.organisator.ch\/wp-content\/uploads\/2016\/12\/Schweizer-Bevoelkerung-vertraut-der-Wissenschaft-umweltperspektiven.jpg","type":"image\/jpeg"}],"author":"admin","twitter_card":"summary_large_image","schema":{"@context":"https:\/\/schema.org","@graph":[{"@type":"Article","@id":"https:\/\/www.organisator.ch\/en\/general\/2016-09-22\/schweizer-bevoelkerung-vertraut-der-wissenschaft\/#article","isPartOf":{"@id":"https:\/\/www.organisator.ch\/en\/general\/2016-09-22\/schweizer-bevoelkerung-vertraut-der-wissenschaft\/"},"author":{"name":"admin","@id":"https:\/\/www.organisator.ch\/#\/schema\/person\/aa2bace6c5c5aad60102004a50c4eb1c"},"headline":"Schweizer Bev\u00f6lkerung vertraut der Wissenschaft","datePublished":"2016-09-22T14:18:24+00:00","mainEntityOfPage":{"@id":"https:\/\/www.organisator.ch\/en\/general\/2016-09-22\/schweizer-bevoelkerung-vertraut-der-wissenschaft\/"},"wordCount":578,"commentCount":0,"publisher":{"@id":"https:\/\/www.organisator.ch\/#organization"},"image":{"@id":"https:\/\/www.organisator.ch\/en\/general\/2016-09-22\/schweizer-bevoelkerung-vertraut-der-wissenschaft\/#primaryimage"},"thumbnailUrl":"https:\/\/www.organisator.ch\/wp-content\/uploads\/2016\/12\/Schweizer-Bevoelkerung-vertraut-der-Wissenschaft-umweltperspektiven.jpg","keywords":["Bev\u00f6lkerung","Umfrage","Universit\u00e4t Z\u00fcrich","Wissenschaft"],"articleSection":["Allgemein"],"inLanguage":"en-US"},{"@type":"WebPage","@id":"https:\/\/www.organisator.ch\/en\/general\/2016-09-22\/schweizer-bevoelkerung-vertraut-der-wissenschaft\/","url":"https:\/\/www.organisator.ch\/en\/general\/2016-09-22\/schweizer-bevoelkerung-vertraut-der-wissenschaft\/","name":"Swiss population trusts science - Organizer","isPartOf":{"@id":"https:\/\/www.organisator.ch\/#website"},"primaryImageOfPage":{"@id":"https:\/\/www.organisator.ch\/en\/general\/2016-09-22\/schweizer-bevoelkerung-vertraut-der-wissenschaft\/#primaryimage"},"image":{"@id":"https:\/\/www.organisator.ch\/en\/general\/2016-09-22\/schweizer-bevoelkerung-vertraut-der-wissenschaft\/#primaryimage"},"thumbnailUrl":"https:\/\/www.organisator.ch\/wp-content\/uploads\/2016\/12\/Schweizer-Bevoelkerung-vertraut-der-Wissenschaft-umweltperspektiven.jpg","datePublished":"2016-09-22T14:18:24+00:00","description":"The Swiss population has a positive attitude toward science and research: They trust the statements of scientists to a high degree and are very interested in scientific topics","breadcrumb":{"@id":"https:\/\/www.organisator.ch\/en\/general\/2016-09-22\/schweizer-bevoelkerung-vertraut-der-wissenschaft\/#breadcrumb"},"inLanguage":"en-US","potentialAction":[{"@type":"ReadAction","target":["https:\/\/www.organisator.ch\/en\/general\/2016-09-22\/schweizer-bevoelkerung-vertraut-der-wissenschaft\/"]}]},{"@type":"ImageObject","inLanguage":"en-US","@id":"https:\/\/www.organisator.ch\/en\/general\/2016-09-22\/schweizer-bevoelkerung-vertraut-der-wissenschaft\/#primaryimage","url":"https:\/\/www.organisator.ch\/wp-content\/uploads\/2016\/12\/Schweizer-Bevoelkerung-vertraut-der-Wissenschaft-umweltperspektiven.jpg","contentUrl":"https:\/\/www.organisator.ch\/wp-content\/uploads\/2016\/12\/Schweizer-Bevoelkerung-vertraut-der-Wissenschaft-umweltperspektiven.jpg","width":999,"height":671,"caption":"Die Wissenschaft geniesst in der Schweiz ein hohes Ansehen."},{"@type":"BreadcrumbList","@id":"https:\/\/www.organisator.ch\/en\/general\/2016-09-22\/schweizer-bevoelkerung-vertraut-der-wissenschaft\/#breadcrumb","itemListElement":[{"@type":"ListItem","position":1,"name":"Home","item":"https:\/\/www.organisator.ch\/"},{"@type":"ListItem","position":2,"name":"Schweizer Bev\u00f6lkerung vertraut der Wissenschaft"}]},{"@type":"WebSite","@id":"https:\/\/www.organisator.ch\/#website","url":"https:\/\/www.organisator.ch\/","name":"Organizer","description":"Competent. Practical. In 10 issues per year, ORGANISATOR presents the essential topics for managers of SMEs.","publisher":{"@id":"https:\/\/www.organisator.ch\/#organization"},"potentialAction":[{"@type":"SearchAction","target":{"@type":"EntryPoint","urlTemplate":"https:\/\/www.organisator.ch\/?s={search_term_string}"},"query-input":{"@type":"PropertyValueSpecification","valueRequired":true,"valueName":"search_term_string"}}],"inLanguage":"en-US"},{"@type":"Organization","@id":"https:\/\/www.organisator.ch\/#organization","name":"Organizer","url":"https:\/\/www.organisator.ch\/","logo":{"@type":"ImageObject","inLanguage":"en-US","@id":"https:\/\/www.organisator.ch\/#\/schema\/logo\/image\/","url":"https:\/\/www.organisator.ch\/wp-content\/uploads\/2022\/01\/Logo_Organisator_Website.png","contentUrl":"https:\/\/www.organisator.ch\/wp-content\/uploads\/2022\/01\/Logo_Organisator_Website.png","width":800,"height":77,"caption":"Organisator"},"image":{"@id":"https:\/\/www.organisator.ch\/#\/schema\/logo\/image\/"},"sameAs":["https:\/\/www.facebook.com\/OrganisatorFachmagazin","https:\/\/www.linkedin.com\/showcase\/organisator-das-magazin-fr-kmu","https:\/\/www.xing.com\/news\/pages\/organisator-ch-695","https:\/\/www.youtube.com\/channel\/UCGP2Sq0iWaZwT3BdIAQFYpw"]},{"@type":"Person","@id":"https:\/\/www.organisator.ch\/#\/schema\/person\/aa2bace6c5c5aad60102004a50c4eb1c","name":"admin","image":{"@type":"ImageObject","inLanguage":"en-US","@id":"https:\/\/secure.gravatar.com\/avatar\/ae2f4d718e6c49043e314ce431e7e645d646302a24a5ef5a8bc8e3f5a032e319?s=96&d=mm&r=g","url":"https:\/\/secure.gravatar.com\/avatar\/ae2f4d718e6c49043e314ce431e7e645d646302a24a5ef5a8bc8e3f5a032e319?s=96&d=mm&r=g","contentUrl":"https:\/\/secure.gravatar.com\/avatar\/ae2f4d718e6c49043e314ce431e7e645d646302a24a5ef5a8bc8e3f5a032e319?s=96&d=mm&r=g","caption":"admin"},"sameAs":["https:\/\/www.organisator.ch"],"url":"https:\/\/www.organisator.ch\/en\/author\/admin\/"}]}},"_links":{"self":[{"href":"https:\/\/www.organisator.ch\/en\/wp-json\/wp\/v2\/posts\/9966","targetHints":{"allow":["GET"]}}],"collection":[{"href":"https:\/\/www.organisator.ch\/en\/wp-json\/wp\/v2\/posts"}],"about":[{"href":"https:\/\/www.organisator.ch\/en\/wp-json\/wp\/v2\/types\/post"}],"author":[{"embeddable":true,"href":"https:\/\/www.organisator.ch\/en\/wp-json\/wp\/v2\/users\/1"}],"replies":[{"embeddable":true,"href":"https:\/\/www.organisator.ch\/en\/wp-json\/wp\/v2\/comments?post=9966"}],"version-history":[{"count":0,"href":"https:\/\/www.organisator.ch\/en\/wp-json\/wp\/v2\/posts\/9966\/revisions"}],"wp:featuredmedia":[{"embeddable":true,"href":"https:\/\/www.organisator.ch\/en\/wp-json\/wp\/v2\/media\/9421"}],"wp:attachment":[{"href":"https:\/\/www.organisator.ch\/en\/wp-json\/wp\/v2\/media?parent=9966"}],"wp:term":[{"taxonomy":"category","embeddable":true,"href":"https:\/\/www.organisator.ch\/en\/wp-json\/wp\/v2\/categories?post=9966"},{"taxonomy":"post_tag","embeddable":true,"href":"https:\/\/www.organisator.ch\/en\/wp-json\/wp\/v2\/tags?post=9966"}],"curies":[{"name":"wp","href":"https:\/\/api.w.org\/{rel}","templated":true}]}}