{"id":9967,"date":"2016-09-26T16:20:46","date_gmt":"2016-09-26T14:20:46","guid":{"rendered":"https:\/\/dev.umweltperspektiven.ch\/?p=538"},"modified":"2016-09-26T16:20:46","modified_gmt":"2016-09-26T14:20:46","slug":"ozonbelastung-in-der-schweiz-zu-hoch","status":"publish","type":"post","link":"https:\/\/www.organisator.ch\/en\/allgemein\/2016-09-26\/ozonbelastung-in-der-schweiz-zu-hoch\/","title":{"rendered":"Ozone pollution in Switzerland too high"},"content":{"rendered":"<figure id=\"attachment_539\" aria-describedby=\"caption-attachment-539\" style=\"width: 680px\" class=\"wp-caption alignnone\"><a href=\"\/\/dev.umweltperspektiven.ch\/wp-content\/uploads\/2016\/12\/Ozonbelastung-in-der-Schweiz-zu-hoch-umweltperspektiven.jpg\"><img loading=\"lazy\" decoding=\"async\" class=\"size-medium wp-image-539\" src=\"\/\/dev.umweltperspektiven.ch\/wp-content\/uploads\/2016\/12\/Ozonbelastung-in-der-Schweiz-zu-hoch-umweltperspektiven.jpg\" alt=\"Air quality in Switzerland has improved greatly over the last 25 years - but the goal has not yet been reached.\" width=\"680\" height=\"454\" \/><\/a><figcaption id=\"caption-attachment-539\" class=\"wp-caption-text\">Air quality in Switzerland has improved greatly over the past 25 years - but the goal has not yet been reached.<\/figcaption><\/figure>\n<p>The report of the Air Pollution Monitoring Program NABEL documents the state of the air in Switzerland and shows the development of air pollution since the beginning of the 1980s.<\/p>\n<p>The <a href=\"http:\/\/www.bafu.admin.ch\/publikationen\/publikation\/01869\/index.html?lang=de\" target=\"_blank\" rel=\"noreferrer noopener\" data-cke-saved-href=\"\/\/www.bafu.admin.ch\/publikationen\/publikation\/01869\/index.html?lang=de\">currently published report<\/a> for 2015 reflects the special weather of the past year, with an unstable winter with windy conditions and a lot of precipitation and an above-average sunny and warm summer.<\/p>\n<p>Accordingly, ozone pollution was higher than in the past five years. Especially in the canton of Ticino and at medium altitudes on the northern side of the Alps, the most frequent limit value exceedances were recorded.<\/p>\n<p>The immission limit value for nitrogen dioxide was exceeded on an annual average only along heavily trafficked main roads. In urban and suburban areas, pollution levels were close to or below the limit value, while in rural areas away from the roads they were well below.<\/p>\n<p>No limit value exceedances were observed in 2015 for sulfur dioxide, carbon monoxide, dust precipitation and heavy metals. The majority of these pollutants are far below the limit values.<\/p>\n<p><strong>Air pollution has decreased significantly<\/strong><\/p>\n<p>Over the past 25 years, air pollution with most pollutants has decreased significantly: For example, particulate matter and nitrogen dioxide levels are significantly lower than in 1990, while sulfur dioxide levels are now less than one-tenth of those measured in the early 1980s. Carbon monoxide, volatile organic compounds, heavy metals in particulate matter, and the carcinogen benzene are also on the decline.<\/p>\n<p>Only in the case of ozone no significant decrease could be observed.<\/p>\n<p><strong>Target not yet reached<\/strong><\/p>\n<p>Although significant progress has been made in keeping the air clean in recent years, the statutory goal of clean air is still far from being achieved. In particular, the health risks posed by excessive levels of particulate matter, ozone, nitrogen dioxide and carcinogenic air pollutants, as well as excessive nitrogen inputs into sensitive ecosystems, should be borne in mind.<\/p>\n<p><strong>Source: NABEL \/BAFU<\/strong><\/p>","protected":false},"excerpt":{"rendered":"<p>Der Bericht des Messprogramms f\u00fcr Luftfremdstoffe NABEL dokumentiert den Zustand der Luft in der Schweiz und\u00a0zeigt die Entwicklung der Luftverschmutzung seit Beginn der 1980er-Jahre auf. Der aktuell erschienene\u00a0Bericht f\u00fcr das Jahr 2015 widerspiegelt die spezielle Witterung des vergangenen Jahres, mit einem instabilen Winter mit windigen Verh\u00e4ltnissen und viel Niederschlag und einem \u00fcberduchschnittlich sonnigen und warmen [&hellip;]<\/p>\n","protected":false},"author":1,"featured_media":9422,"comment_status":"open","ping_status":"open","sticky":false,"template":"","format":"standard","meta":{"_acf_changed":false,"_yoast_wpseo_focuskw":"Ozonbelastung","_yoast_wpseo_metadesc":"Die aktuellen Messresultate des Nationalen Beobachtungsnetzes f\u00fcr Luftfremdstoffe NABEL zeigen, dass 2015 die Ozon-, Feinstaub- und Stickstoffimmissionen zum Teil \u00fcberschritten wurden","articlekey":"","footnotes":""},"categories":[1],"tags":[762,1649,1653,1880],"class_list":["post-9967","post","type-post","status-publish","format-standard","has-post-thumbnail","hentry","category-allgemein","tag-bafu","tag-luftqualitaet","tag-luftverschmutzung","tag-ozon"],"acf":[],"yoast_head":"<!-- This site is optimized with the Yoast SEO plugin v27.4 - https:\/\/yoast.com\/product\/yoast-seo-wordpress\/ -->\n<title>Ozonbelastung in der Schweiz zu hoch - Organisator<\/title>\n<meta name=\"description\" content=\"Die aktuellen Messresultate des Nationalen Beobachtungsnetzes f\u00fcr Luftfremdstoffe NABEL zeigen, dass 2015 die Ozon-, Feinstaub- und Stickstoffimmissionen zum Teil \u00fcberschritten wurden\" \/>\n<meta name=\"robots\" content=\"index, follow, max-snippet:-1, max-image-preview:large, max-video-preview:-1\" \/>\n<link rel=\"canonical\" href=\"https:\/\/www.organisator.ch\/en\/general\/2016-09-26\/ozonbelastung-in-der-schweiz-zu-hoch\/\" \/>\n<meta property=\"og:locale\" content=\"en_US\" \/>\n<meta property=\"og:type\" content=\"article\" \/>\n<meta property=\"og:title\" content=\"Ozonbelastung in der Schweiz zu hoch - Organisator\" \/>\n<meta property=\"og:description\" content=\"Die aktuellen Messresultate des Nationalen Beobachtungsnetzes f\u00fcr Luftfremdstoffe NABEL zeigen, dass 2015 die Ozon-, Feinstaub- und Stickstoffimmissionen zum Teil \u00fcberschritten wurden\" \/>\n<meta property=\"og:url\" content=\"https:\/\/www.organisator.ch\/en\/general\/2016-09-26\/ozonbelastung-in-der-schweiz-zu-hoch\/\" \/>\n<meta property=\"og:site_name\" content=\"Organisator\" \/>\n<meta property=\"article:publisher\" content=\"https:\/\/www.facebook.com\/OrganisatorFachmagazin\" \/>\n<meta property=\"article:published_time\" content=\"2016-09-26T14:20:46+00:00\" \/>\n<meta property=\"og:image\" content=\"https:\/\/www.organisator.ch\/wp-content\/uploads\/2016\/12\/Ozonbelastung-in-der-Schweiz-zu-hoch-umweltperspektiven.jpg\" \/>\n\t<meta property=\"og:image:width\" content=\"1000\" \/>\n\t<meta property=\"og:image:height\" content=\"667\" \/>\n\t<meta property=\"og:image:type\" content=\"image\/jpeg\" \/>\n<meta name=\"author\" content=\"admin\" \/>\n<meta name=\"twitter:card\" content=\"summary_large_image\" \/>\n<script type=\"application\/ld+json\" class=\"yoast-schema-graph\">{\"@context\":\"https:\\\/\\\/schema.org\",\"@graph\":[{\"@type\":\"Article\",\"@id\":\"https:\\\/\\\/www.organisator.ch\\\/en\\\/general\\\/2016-09-26\\\/ozonbelastung-in-der-schweiz-zu-hoch\\\/#article\",\"isPartOf\":{\"@id\":\"https:\\\/\\\/www.organisator.ch\\\/en\\\/general\\\/2016-09-26\\\/ozonbelastung-in-der-schweiz-zu-hoch\\\/\"},\"author\":{\"name\":\"admin\",\"@id\":\"https:\\\/\\\/www.organisator.ch\\\/#\\\/schema\\\/person\\\/aa2bace6c5c5aad60102004a50c4eb1c\"},\"headline\":\"Ozonbelastung in der Schweiz zu hoch\",\"datePublished\":\"2016-09-26T14:20:46+00:00\",\"mainEntityOfPage\":{\"@id\":\"https:\\\/\\\/www.organisator.ch\\\/en\\\/general\\\/2016-09-26\\\/ozonbelastung-in-der-schweiz-zu-hoch\\\/\"},\"wordCount\":339,\"commentCount\":0,\"publisher\":{\"@id\":\"https:\\\/\\\/www.organisator.ch\\\/#organization\"},\"image\":{\"@id\":\"https:\\\/\\\/www.organisator.ch\\\/en\\\/general\\\/2016-09-26\\\/ozonbelastung-in-der-schweiz-zu-hoch\\\/#primaryimage\"},\"thumbnailUrl\":\"https:\\\/\\\/www.organisator.ch\\\/wp-content\\\/uploads\\\/2016\\\/12\\\/Ozonbelastung-in-der-Schweiz-zu-hoch-umweltperspektiven.jpg\",\"keywords\":[\"BAFU\",\"Luftqualit\u00e4t\",\"Luftverschmutzung\",\"Ozon\"],\"articleSection\":[\"Allgemein\"],\"inLanguage\":\"en-US\"},{\"@type\":\"WebPage\",\"@id\":\"https:\\\/\\\/www.organisator.ch\\\/en\\\/general\\\/2016-09-26\\\/ozonbelastung-in-der-schweiz-zu-hoch\\\/\",\"url\":\"https:\\\/\\\/www.organisator.ch\\\/en\\\/general\\\/2016-09-26\\\/ozonbelastung-in-der-schweiz-zu-hoch\\\/\",\"name\":\"Ozonbelastung in der Schweiz zu hoch - Organisator\",\"isPartOf\":{\"@id\":\"https:\\\/\\\/www.organisator.ch\\\/#website\"},\"primaryImageOfPage\":{\"@id\":\"https:\\\/\\\/www.organisator.ch\\\/en\\\/general\\\/2016-09-26\\\/ozonbelastung-in-der-schweiz-zu-hoch\\\/#primaryimage\"},\"image\":{\"@id\":\"https:\\\/\\\/www.organisator.ch\\\/en\\\/general\\\/2016-09-26\\\/ozonbelastung-in-der-schweiz-zu-hoch\\\/#primaryimage\"},\"thumbnailUrl\":\"https:\\\/\\\/www.organisator.ch\\\/wp-content\\\/uploads\\\/2016\\\/12\\\/Ozonbelastung-in-der-Schweiz-zu-hoch-umweltperspektiven.jpg\",\"datePublished\":\"2016-09-26T14:20:46+00:00\",\"description\":\"Die aktuellen Messresultate des Nationalen Beobachtungsnetzes f\u00fcr Luftfremdstoffe NABEL zeigen, dass 2015 die Ozon-, Feinstaub- und Stickstoffimmissionen zum Teil \u00fcberschritten wurden\",\"breadcrumb\":{\"@id\":\"https:\\\/\\\/www.organisator.ch\\\/en\\\/general\\\/2016-09-26\\\/ozonbelastung-in-der-schweiz-zu-hoch\\\/#breadcrumb\"},\"inLanguage\":\"en-US\",\"potentialAction\":[{\"@type\":\"ReadAction\",\"target\":[\"https:\\\/\\\/www.organisator.ch\\\/en\\\/general\\\/2016-09-26\\\/ozonbelastung-in-der-schweiz-zu-hoch\\\/\"]}]},{\"@type\":\"ImageObject\",\"inLanguage\":\"en-US\",\"@id\":\"https:\\\/\\\/www.organisator.ch\\\/en\\\/general\\\/2016-09-26\\\/ozonbelastung-in-der-schweiz-zu-hoch\\\/#primaryimage\",\"url\":\"https:\\\/\\\/www.organisator.ch\\\/wp-content\\\/uploads\\\/2016\\\/12\\\/Ozonbelastung-in-der-Schweiz-zu-hoch-umweltperspektiven.jpg\",\"contentUrl\":\"https:\\\/\\\/www.organisator.ch\\\/wp-content\\\/uploads\\\/2016\\\/12\\\/Ozonbelastung-in-der-Schweiz-zu-hoch-umweltperspektiven.jpg\",\"width\":1000,\"height\":667,\"caption\":\"Die Luftqualit\u00e4t in der Schweiz hat sich in den letzten 25 Jahren stark verbessert - das Ziel ist aber noch nicht erreicht.\"},{\"@type\":\"BreadcrumbList\",\"@id\":\"https:\\\/\\\/www.organisator.ch\\\/en\\\/general\\\/2016-09-26\\\/ozonbelastung-in-der-schweiz-zu-hoch\\\/#breadcrumb\",\"itemListElement\":[{\"@type\":\"ListItem\",\"position\":1,\"name\":\"Home\",\"item\":\"https:\\\/\\\/www.organisator.ch\\\/\"},{\"@type\":\"ListItem\",\"position\":2,\"name\":\"Ozonbelastung in der Schweiz zu hoch\"}]},{\"@type\":\"WebSite\",\"@id\":\"https:\\\/\\\/www.organisator.ch\\\/#website\",\"url\":\"https:\\\/\\\/www.organisator.ch\\\/\",\"name\":\"Organisator\",\"description\":\"Kompetent. Praxisnah. Der ORGANISATOR bereitet in 10 Ausgaben pro Jahr die wesentlichen Themen f\u00fcr F\u00fchrungskr\u00e4fte von KMU auf.\",\"publisher\":{\"@id\":\"https:\\\/\\\/www.organisator.ch\\\/#organization\"},\"potentialAction\":[{\"@type\":\"SearchAction\",\"target\":{\"@type\":\"EntryPoint\",\"urlTemplate\":\"https:\\\/\\\/www.organisator.ch\\\/?s={search_term_string}\"},\"query-input\":{\"@type\":\"PropertyValueSpecification\",\"valueRequired\":true,\"valueName\":\"search_term_string\"}}],\"inLanguage\":\"en-US\"},{\"@type\":\"Organization\",\"@id\":\"https:\\\/\\\/www.organisator.ch\\\/#organization\",\"name\":\"Organisator\",\"url\":\"https:\\\/\\\/www.organisator.ch\\\/\",\"logo\":{\"@type\":\"ImageObject\",\"inLanguage\":\"en-US\",\"@id\":\"https:\\\/\\\/www.organisator.ch\\\/#\\\/schema\\\/logo\\\/image\\\/\",\"url\":\"https:\\\/\\\/www.organisator.ch\\\/wp-content\\\/uploads\\\/2022\\\/01\\\/Logo_Organisator_Website.png\",\"contentUrl\":\"https:\\\/\\\/www.organisator.ch\\\/wp-content\\\/uploads\\\/2022\\\/01\\\/Logo_Organisator_Website.png\",\"width\":800,\"height\":77,\"caption\":\"Organisator\"},\"image\":{\"@id\":\"https:\\\/\\\/www.organisator.ch\\\/#\\\/schema\\\/logo\\\/image\\\/\"},\"sameAs\":[\"https:\\\/\\\/www.facebook.com\\\/OrganisatorFachmagazin\",\"https:\\\/\\\/www.linkedin.com\\\/showcase\\\/organisator-das-magazin-fr-kmu\",\"https:\\\/\\\/www.xing.com\\\/news\\\/pages\\\/organisator-ch-695\",\"https:\\\/\\\/www.youtube.com\\\/channel\\\/UCGP2Sq0iWaZwT3BdIAQFYpw\"]},{\"@type\":\"Person\",\"@id\":\"https:\\\/\\\/www.organisator.ch\\\/#\\\/schema\\\/person\\\/aa2bace6c5c5aad60102004a50c4eb1c\",\"name\":\"admin\",\"image\":{\"@type\":\"ImageObject\",\"inLanguage\":\"en-US\",\"@id\":\"https:\\\/\\\/secure.gravatar.com\\\/avatar\\\/ae2f4d718e6c49043e314ce431e7e645d646302a24a5ef5a8bc8e3f5a032e319?s=96&d=mm&r=g\",\"url\":\"https:\\\/\\\/secure.gravatar.com\\\/avatar\\\/ae2f4d718e6c49043e314ce431e7e645d646302a24a5ef5a8bc8e3f5a032e319?s=96&d=mm&r=g\",\"contentUrl\":\"https:\\\/\\\/secure.gravatar.com\\\/avatar\\\/ae2f4d718e6c49043e314ce431e7e645d646302a24a5ef5a8bc8e3f5a032e319?s=96&d=mm&r=g\",\"caption\":\"admin\"},\"sameAs\":[\"https:\\\/\\\/www.organisator.ch\"],\"url\":\"https:\\\/\\\/www.organisator.ch\\\/en\\\/author\\\/admin\\\/\"}]}<\/script>\n<!-- \/ Yoast SEO plugin. -->","yoast_head_json":{"title":"Ozone pollution in Switzerland too high - Organizer","description":"The current measurement results of the National Air Pollutant Monitoring Network NABEL show that in 2015 ozone, particulate matter and nitrogen immissions were exceeded in some cases","robots":{"index":"index","follow":"follow","max-snippet":"max-snippet:-1","max-image-preview":"max-image-preview:large","max-video-preview":"max-video-preview:-1"},"canonical":"https:\/\/www.organisator.ch\/en\/general\/2016-09-26\/ozonbelastung-in-der-schweiz-zu-hoch\/","og_locale":"en_US","og_type":"article","og_title":"Ozonbelastung in der Schweiz zu hoch - Organisator","og_description":"Die aktuellen Messresultate des Nationalen Beobachtungsnetzes f\u00fcr Luftfremdstoffe NABEL zeigen, dass 2015 die Ozon-, Feinstaub- und Stickstoffimmissionen zum Teil \u00fcberschritten wurden","og_url":"https:\/\/www.organisator.ch\/en\/general\/2016-09-26\/ozonbelastung-in-der-schweiz-zu-hoch\/","og_site_name":"Organisator","article_publisher":"https:\/\/www.facebook.com\/OrganisatorFachmagazin","article_published_time":"2016-09-26T14:20:46+00:00","og_image":[{"width":1000,"height":667,"url":"https:\/\/www.organisator.ch\/wp-content\/uploads\/2016\/12\/Ozonbelastung-in-der-Schweiz-zu-hoch-umweltperspektiven.jpg","type":"image\/jpeg"}],"author":"admin","twitter_card":"summary_large_image","schema":{"@context":"https:\/\/schema.org","@graph":[{"@type":"Article","@id":"https:\/\/www.organisator.ch\/en\/general\/2016-09-26\/ozonbelastung-in-der-schweiz-zu-hoch\/#article","isPartOf":{"@id":"https:\/\/www.organisator.ch\/en\/general\/2016-09-26\/ozonbelastung-in-der-schweiz-zu-hoch\/"},"author":{"name":"admin","@id":"https:\/\/www.organisator.ch\/#\/schema\/person\/aa2bace6c5c5aad60102004a50c4eb1c"},"headline":"Ozonbelastung in der Schweiz zu hoch","datePublished":"2016-09-26T14:20:46+00:00","mainEntityOfPage":{"@id":"https:\/\/www.organisator.ch\/en\/general\/2016-09-26\/ozonbelastung-in-der-schweiz-zu-hoch\/"},"wordCount":339,"commentCount":0,"publisher":{"@id":"https:\/\/www.organisator.ch\/#organization"},"image":{"@id":"https:\/\/www.organisator.ch\/en\/general\/2016-09-26\/ozonbelastung-in-der-schweiz-zu-hoch\/#primaryimage"},"thumbnailUrl":"https:\/\/www.organisator.ch\/wp-content\/uploads\/2016\/12\/Ozonbelastung-in-der-Schweiz-zu-hoch-umweltperspektiven.jpg","keywords":["BAFU","Luftqualit\u00e4t","Luftverschmutzung","Ozon"],"articleSection":["Allgemein"],"inLanguage":"en-US"},{"@type":"WebPage","@id":"https:\/\/www.organisator.ch\/en\/general\/2016-09-26\/ozonbelastung-in-der-schweiz-zu-hoch\/","url":"https:\/\/www.organisator.ch\/en\/general\/2016-09-26\/ozonbelastung-in-der-schweiz-zu-hoch\/","name":"Ozone pollution in Switzerland too high - Organizer","isPartOf":{"@id":"https:\/\/www.organisator.ch\/#website"},"primaryImageOfPage":{"@id":"https:\/\/www.organisator.ch\/en\/general\/2016-09-26\/ozonbelastung-in-der-schweiz-zu-hoch\/#primaryimage"},"image":{"@id":"https:\/\/www.organisator.ch\/en\/general\/2016-09-26\/ozonbelastung-in-der-schweiz-zu-hoch\/#primaryimage"},"thumbnailUrl":"https:\/\/www.organisator.ch\/wp-content\/uploads\/2016\/12\/Ozonbelastung-in-der-Schweiz-zu-hoch-umweltperspektiven.jpg","datePublished":"2016-09-26T14:20:46+00:00","description":"The current measurement results of the National Air Pollutant Monitoring Network NABEL show that in 2015 ozone, particulate matter and nitrogen immissions were exceeded in some cases","breadcrumb":{"@id":"https:\/\/www.organisator.ch\/en\/general\/2016-09-26\/ozonbelastung-in-der-schweiz-zu-hoch\/#breadcrumb"},"inLanguage":"en-US","potentialAction":[{"@type":"ReadAction","target":["https:\/\/www.organisator.ch\/en\/general\/2016-09-26\/ozonbelastung-in-der-schweiz-zu-hoch\/"]}]},{"@type":"ImageObject","inLanguage":"en-US","@id":"https:\/\/www.organisator.ch\/en\/general\/2016-09-26\/ozonbelastung-in-der-schweiz-zu-hoch\/#primaryimage","url":"https:\/\/www.organisator.ch\/wp-content\/uploads\/2016\/12\/Ozonbelastung-in-der-Schweiz-zu-hoch-umweltperspektiven.jpg","contentUrl":"https:\/\/www.organisator.ch\/wp-content\/uploads\/2016\/12\/Ozonbelastung-in-der-Schweiz-zu-hoch-umweltperspektiven.jpg","width":1000,"height":667,"caption":"Die Luftqualit\u00e4t in der Schweiz hat sich in den letzten 25 Jahren stark verbessert - das Ziel ist aber noch nicht erreicht."},{"@type":"BreadcrumbList","@id":"https:\/\/www.organisator.ch\/en\/general\/2016-09-26\/ozonbelastung-in-der-schweiz-zu-hoch\/#breadcrumb","itemListElement":[{"@type":"ListItem","position":1,"name":"Home","item":"https:\/\/www.organisator.ch\/"},{"@type":"ListItem","position":2,"name":"Ozonbelastung in der Schweiz zu hoch"}]},{"@type":"WebSite","@id":"https:\/\/www.organisator.ch\/#website","url":"https:\/\/www.organisator.ch\/","name":"Organizer","description":"Competent. Practical. In 10 issues per year, ORGANISATOR presents the essential topics for managers of SMEs.","publisher":{"@id":"https:\/\/www.organisator.ch\/#organization"},"potentialAction":[{"@type":"SearchAction","target":{"@type":"EntryPoint","urlTemplate":"https:\/\/www.organisator.ch\/?s={search_term_string}"},"query-input":{"@type":"PropertyValueSpecification","valueRequired":true,"valueName":"search_term_string"}}],"inLanguage":"en-US"},{"@type":"Organization","@id":"https:\/\/www.organisator.ch\/#organization","name":"Organizer","url":"https:\/\/www.organisator.ch\/","logo":{"@type":"ImageObject","inLanguage":"en-US","@id":"https:\/\/www.organisator.ch\/#\/schema\/logo\/image\/","url":"https:\/\/www.organisator.ch\/wp-content\/uploads\/2022\/01\/Logo_Organisator_Website.png","contentUrl":"https:\/\/www.organisator.ch\/wp-content\/uploads\/2022\/01\/Logo_Organisator_Website.png","width":800,"height":77,"caption":"Organisator"},"image":{"@id":"https:\/\/www.organisator.ch\/#\/schema\/logo\/image\/"},"sameAs":["https:\/\/www.facebook.com\/OrganisatorFachmagazin","https:\/\/www.linkedin.com\/showcase\/organisator-das-magazin-fr-kmu","https:\/\/www.xing.com\/news\/pages\/organisator-ch-695","https:\/\/www.youtube.com\/channel\/UCGP2Sq0iWaZwT3BdIAQFYpw"]},{"@type":"Person","@id":"https:\/\/www.organisator.ch\/#\/schema\/person\/aa2bace6c5c5aad60102004a50c4eb1c","name":"admin","image":{"@type":"ImageObject","inLanguage":"en-US","@id":"https:\/\/secure.gravatar.com\/avatar\/ae2f4d718e6c49043e314ce431e7e645d646302a24a5ef5a8bc8e3f5a032e319?s=96&d=mm&r=g","url":"https:\/\/secure.gravatar.com\/avatar\/ae2f4d718e6c49043e314ce431e7e645d646302a24a5ef5a8bc8e3f5a032e319?s=96&d=mm&r=g","contentUrl":"https:\/\/secure.gravatar.com\/avatar\/ae2f4d718e6c49043e314ce431e7e645d646302a24a5ef5a8bc8e3f5a032e319?s=96&d=mm&r=g","caption":"admin"},"sameAs":["https:\/\/www.organisator.ch"],"url":"https:\/\/www.organisator.ch\/en\/author\/admin\/"}]}},"_links":{"self":[{"href":"https:\/\/www.organisator.ch\/en\/wp-json\/wp\/v2\/posts\/9967","targetHints":{"allow":["GET"]}}],"collection":[{"href":"https:\/\/www.organisator.ch\/en\/wp-json\/wp\/v2\/posts"}],"about":[{"href":"https:\/\/www.organisator.ch\/en\/wp-json\/wp\/v2\/types\/post"}],"author":[{"embeddable":true,"href":"https:\/\/www.organisator.ch\/en\/wp-json\/wp\/v2\/users\/1"}],"replies":[{"embeddable":true,"href":"https:\/\/www.organisator.ch\/en\/wp-json\/wp\/v2\/comments?post=9967"}],"version-history":[{"count":0,"href":"https:\/\/www.organisator.ch\/en\/wp-json\/wp\/v2\/posts\/9967\/revisions"}],"wp:featuredmedia":[{"embeddable":true,"href":"https:\/\/www.organisator.ch\/en\/wp-json\/wp\/v2\/media\/9422"}],"wp:attachment":[{"href":"https:\/\/www.organisator.ch\/en\/wp-json\/wp\/v2\/media?parent=9967"}],"wp:term":[{"taxonomy":"category","embeddable":true,"href":"https:\/\/www.organisator.ch\/en\/wp-json\/wp\/v2\/categories?post=9967"},{"taxonomy":"post_tag","embeddable":true,"href":"https:\/\/www.organisator.ch\/en\/wp-json\/wp\/v2\/tags?post=9967"}],"curies":[{"name":"wp","href":"https:\/\/api.w.org\/{rel}","templated":true}]}}