{"id":9970,"date":"2016-09-30T16:24:31","date_gmt":"2016-09-30T14:24:31","guid":{"rendered":"https:\/\/dev.umweltperspektiven.ch\/?p=552"},"modified":"2022-02-09T11:06:23","modified_gmt":"2022-02-09T10:06:23","slug":"energiestrategie-2050-verabschiedet","status":"publish","type":"post","link":"https:\/\/www.organisator.ch\/en\/sustainability\/2016-09-30\/energiestrategie-2050-verabschiedet\/","title":{"rendered":"Energy Strategy 2050 adopted"},"content":{"rendered":"<figure id=\"attachment_553\" aria-describedby=\"caption-attachment-553\" style=\"width: 680px\" class=\"wp-caption alignnone\"><a href=\"\/\/dev.umweltperspektiven.ch\/wp-content\/uploads\/2016\/12\/Energiestrategie-2050-verabschiedet-umweltperspektiven.jpg\"><img loading=\"lazy\" decoding=\"async\" class=\"size-medium wp-image-553\" src=\"\/\/dev.umweltperspektiven.ch\/wp-content\/uploads\/2016\/12\/Energiestrategie-2050-verabschiedet-umweltperspektiven.jpg\" alt=\"The energy turnaround is coming: that&#039;s what parliament wants\" width=\"680\" height=\"454\" \/><\/a><figcaption id=\"caption-attachment-553\" class=\"wp-caption-text\">The energy turnaround is coming: that's what parliament wants<\/figcaption><\/figure>\n<p>The National Council approved the first package of measures for the Energy Strategy 2050 in the final vote by 120 votes to 72 with 6 abstentions, the Council of States by 35 votes to 6 with 3 abstentions. The majority of the SVP parliamentary group and some FDP representatives voted against.<\/p>\n<p>The energy companies and associations expressed their relief. The Association of Swiss Electricity Companies (VSE) welcomes the fact that the adoption of the Energy Strategy 2050 (ES2050) by Parliament has once again created a clear framework, as it announced in a media communiqu\u00e9. In particular, he sees the support for existing large-scale hydropower as an important step for the Swiss energy system. The association also welcomes the lifetime limitation for nuclear power plants and the decision to give equal weight to landscape protection and renewable energies.<\/p>\n<p>Swisspower is calling for rapid implementation of the measures. The group of companies, which includes 22 Swiss municipal utilities and regional utility companies, also expects the second package of measures to improve the framework conditions for the domestic production of renewable energy and effective incentive systems to steer energy consumption.<\/p>\n<p><strong>Referendum threatened<\/strong><\/p>\n<p>Various groups, including the SVP, have threatened to file a referendum. The SVP wants to decide this in the next few days. Should it come about, the population will have the final say.<\/p>","protected":false},"excerpt":{"rendered":"<p>Der Nationalrat nahm das erste Massnahmenpaket zur Energiestrategie 2050 in der Schlussabstimmung mit 120 zu 72 Stimmen bei 6 Enthaltungen an, der St\u00e4nderat mit 35 zu 6 Stimmen bei 3 Enthaltungen. Dagegen stimmten der gr\u00f6sste Teil der\u00a0SVP-Fraktion sowie einige FDP-Vertreter. Die Energieunternehmen und -verb\u00e4nde zeigten sich erleichtert. Der Verband Schweizerischer Elektrizit\u00e4tsunternehmen (VSE)\u00a0begr\u00fcsst, dass mit der [&hellip;]<\/p>\n","protected":false},"author":1,"featured_media":9426,"comment_status":"open","ping_status":"open","sticky":false,"template":"","format":"standard","meta":{"_acf_changed":false,"_yoast_wpseo_focuskw":"Energiestrategie","_yoast_wpseo_metadesc":"Die Energiestrategie 2050 hat die Schlussabstimmung im Parlament \u00fcberstanden.","articlekey":"","footnotes":""},"categories":[580],"tags":[661,1088,374],"class_list":["post-9970","post","type-post","status-publish","format-standard","has-post-thumbnail","hentry","category-sustainability","tag-abstimmung","tag-energiestrategie-2050","tag-parlament"],"acf":[],"yoast_head":"<!-- This site is optimized with the Yoast SEO plugin v27.5 - https:\/\/yoast.com\/product\/yoast-seo-wordpress\/ -->\n<title>Energiestrategie 2050 verabschiedet - Organisator<\/title>\n<meta name=\"description\" content=\"Die Energiestrategie 2050 hat die Schlussabstimmung im Parlament \u00fcberstanden.\" \/>\n<meta name=\"robots\" content=\"index, follow, max-snippet:-1, max-image-preview:large, max-video-preview:-1\" \/>\n<link rel=\"canonical\" href=\"https:\/\/www.organisator.ch\/en\/sustainability\/2016-09-30\/energiestrategie-2050-verabschiedet\/\" \/>\n<meta property=\"og:locale\" content=\"en_US\" \/>\n<meta property=\"og:type\" content=\"article\" \/>\n<meta property=\"og:title\" content=\"Energiestrategie 2050 verabschiedet - Organisator\" \/>\n<meta property=\"og:description\" content=\"Die Energiestrategie 2050 hat die Schlussabstimmung im Parlament \u00fcberstanden.\" \/>\n<meta property=\"og:url\" content=\"https:\/\/www.organisator.ch\/en\/sustainability\/2016-09-30\/energiestrategie-2050-verabschiedet\/\" \/>\n<meta property=\"og:site_name\" content=\"Organisator\" \/>\n<meta property=\"article:publisher\" content=\"https:\/\/www.facebook.com\/OrganisatorFachmagazin\" \/>\n<meta property=\"article:published_time\" content=\"2016-09-30T14:24:31+00:00\" \/>\n<meta property=\"article:modified_time\" content=\"2022-02-09T10:06:23+00:00\" \/>\n<meta property=\"og:image\" content=\"https:\/\/www.organisator.ch\/wp-content\/uploads\/2016\/12\/Energiestrategie-2050-verabschiedet-umweltperspektiven.jpg\" \/>\n\t<meta property=\"og:image:width\" content=\"1039\" \/>\n\t<meta property=\"og:image:height\" content=\"693\" \/>\n\t<meta property=\"og:image:type\" content=\"image\/jpeg\" \/>\n<meta name=\"author\" content=\"admin\" \/>\n<meta name=\"twitter:card\" content=\"summary_large_image\" \/>\n<script type=\"application\/ld+json\" class=\"yoast-schema-graph\">{\"@context\":\"https:\\\/\\\/schema.org\",\"@graph\":[{\"@type\":\"Article\",\"@id\":\"https:\\\/\\\/www.organisator.ch\\\/sustainability\\\/2016-09-30\\\/energiestrategie-2050-verabschiedet\\\/#article\",\"isPartOf\":{\"@id\":\"https:\\\/\\\/www.organisator.ch\\\/sustainability\\\/2016-09-30\\\/energiestrategie-2050-verabschiedet\\\/\"},\"author\":{\"name\":\"admin\",\"@id\":\"https:\\\/\\\/www.organisator.ch\\\/#\\\/schema\\\/person\\\/aa2bace6c5c5aad60102004a50c4eb1c\"},\"headline\":\"Energiestrategie 2050 verabschiedet\",\"datePublished\":\"2016-09-30T14:24:31+00:00\",\"dateModified\":\"2022-02-09T10:06:23+00:00\",\"mainEntityOfPage\":{\"@id\":\"https:\\\/\\\/www.organisator.ch\\\/sustainability\\\/2016-09-30\\\/energiestrategie-2050-verabschiedet\\\/\"},\"wordCount\":212,\"commentCount\":0,\"publisher\":{\"@id\":\"https:\\\/\\\/www.organisator.ch\\\/#organization\"},\"image\":{\"@id\":\"https:\\\/\\\/www.organisator.ch\\\/sustainability\\\/2016-09-30\\\/energiestrategie-2050-verabschiedet\\\/#primaryimage\"},\"thumbnailUrl\":\"https:\\\/\\\/www.organisator.ch\\\/wp-content\\\/uploads\\\/2016\\\/12\\\/Energiestrategie-2050-verabschiedet-umweltperspektiven.jpg\",\"keywords\":[\"Abstimmung\",\"Energiestrategie 2050\",\"Parlament\"],\"articleSection\":[\"SUSTAINABILITY\"],\"inLanguage\":\"en-US\"},{\"@type\":\"WebPage\",\"@id\":\"https:\\\/\\\/www.organisator.ch\\\/sustainability\\\/2016-09-30\\\/energiestrategie-2050-verabschiedet\\\/\",\"url\":\"https:\\\/\\\/www.organisator.ch\\\/sustainability\\\/2016-09-30\\\/energiestrategie-2050-verabschiedet\\\/\",\"name\":\"Energiestrategie 2050 verabschiedet - Organisator\",\"isPartOf\":{\"@id\":\"https:\\\/\\\/www.organisator.ch\\\/#website\"},\"primaryImageOfPage\":{\"@id\":\"https:\\\/\\\/www.organisator.ch\\\/sustainability\\\/2016-09-30\\\/energiestrategie-2050-verabschiedet\\\/#primaryimage\"},\"image\":{\"@id\":\"https:\\\/\\\/www.organisator.ch\\\/sustainability\\\/2016-09-30\\\/energiestrategie-2050-verabschiedet\\\/#primaryimage\"},\"thumbnailUrl\":\"https:\\\/\\\/www.organisator.ch\\\/wp-content\\\/uploads\\\/2016\\\/12\\\/Energiestrategie-2050-verabschiedet-umweltperspektiven.jpg\",\"datePublished\":\"2016-09-30T14:24:31+00:00\",\"dateModified\":\"2022-02-09T10:06:23+00:00\",\"description\":\"Die Energiestrategie 2050 hat die Schlussabstimmung im Parlament \u00fcberstanden.\",\"breadcrumb\":{\"@id\":\"https:\\\/\\\/www.organisator.ch\\\/sustainability\\\/2016-09-30\\\/energiestrategie-2050-verabschiedet\\\/#breadcrumb\"},\"inLanguage\":\"en-US\",\"potentialAction\":[{\"@type\":\"ReadAction\",\"target\":[\"https:\\\/\\\/www.organisator.ch\\\/sustainability\\\/2016-09-30\\\/energiestrategie-2050-verabschiedet\\\/\"]}]},{\"@type\":\"ImageObject\",\"inLanguage\":\"en-US\",\"@id\":\"https:\\\/\\\/www.organisator.ch\\\/sustainability\\\/2016-09-30\\\/energiestrategie-2050-verabschiedet\\\/#primaryimage\",\"url\":\"https:\\\/\\\/www.organisator.ch\\\/wp-content\\\/uploads\\\/2016\\\/12\\\/Energiestrategie-2050-verabschiedet-umweltperspektiven.jpg\",\"contentUrl\":\"https:\\\/\\\/www.organisator.ch\\\/wp-content\\\/uploads\\\/2016\\\/12\\\/Energiestrategie-2050-verabschiedet-umweltperspektiven.jpg\",\"width\":1039,\"height\":693,\"caption\":\"Die Energiewende kommt: So will es das Parlament\"},{\"@type\":\"BreadcrumbList\",\"@id\":\"https:\\\/\\\/www.organisator.ch\\\/sustainability\\\/2016-09-30\\\/energiestrategie-2050-verabschiedet\\\/#breadcrumb\",\"itemListElement\":[{\"@type\":\"ListItem\",\"position\":1,\"name\":\"Home\",\"item\":\"https:\\\/\\\/www.organisator.ch\\\/\"},{\"@type\":\"ListItem\",\"position\":2,\"name\":\"Energiestrategie 2050 verabschiedet\"}]},{\"@type\":\"WebSite\",\"@id\":\"https:\\\/\\\/www.organisator.ch\\\/#website\",\"url\":\"https:\\\/\\\/www.organisator.ch\\\/\",\"name\":\"Organisator\",\"description\":\"Kompetent. Praxisnah. Der ORGANISATOR bereitet in 10 Ausgaben pro Jahr die wesentlichen Themen f\u00fcr F\u00fchrungskr\u00e4fte von KMU auf.\",\"publisher\":{\"@id\":\"https:\\\/\\\/www.organisator.ch\\\/#organization\"},\"potentialAction\":[{\"@type\":\"SearchAction\",\"target\":{\"@type\":\"EntryPoint\",\"urlTemplate\":\"https:\\\/\\\/www.organisator.ch\\\/?s={search_term_string}\"},\"query-input\":{\"@type\":\"PropertyValueSpecification\",\"valueRequired\":true,\"valueName\":\"search_term_string\"}}],\"inLanguage\":\"en-US\"},{\"@type\":\"Organization\",\"@id\":\"https:\\\/\\\/www.organisator.ch\\\/#organization\",\"name\":\"Organisator\",\"url\":\"https:\\\/\\\/www.organisator.ch\\\/\",\"logo\":{\"@type\":\"ImageObject\",\"inLanguage\":\"en-US\",\"@id\":\"https:\\\/\\\/www.organisator.ch\\\/#\\\/schema\\\/logo\\\/image\\\/\",\"url\":\"https:\\\/\\\/www.organisator.ch\\\/wp-content\\\/uploads\\\/2022\\\/01\\\/Logo_Organisator_Website.png\",\"contentUrl\":\"https:\\\/\\\/www.organisator.ch\\\/wp-content\\\/uploads\\\/2022\\\/01\\\/Logo_Organisator_Website.png\",\"width\":800,\"height\":77,\"caption\":\"Organisator\"},\"image\":{\"@id\":\"https:\\\/\\\/www.organisator.ch\\\/#\\\/schema\\\/logo\\\/image\\\/\"},\"sameAs\":[\"https:\\\/\\\/www.facebook.com\\\/OrganisatorFachmagazin\",\"https:\\\/\\\/www.linkedin.com\\\/showcase\\\/organisator-das-magazin-fr-kmu\",\"https:\\\/\\\/www.xing.com\\\/news\\\/pages\\\/organisator-ch-695\",\"https:\\\/\\\/www.youtube.com\\\/channel\\\/UCGP2Sq0iWaZwT3BdIAQFYpw\"]},{\"@type\":\"Person\",\"@id\":\"https:\\\/\\\/www.organisator.ch\\\/#\\\/schema\\\/person\\\/aa2bace6c5c5aad60102004a50c4eb1c\",\"name\":\"admin\",\"image\":{\"@type\":\"ImageObject\",\"inLanguage\":\"en-US\",\"@id\":\"https:\\\/\\\/secure.gravatar.com\\\/avatar\\\/ae2f4d718e6c49043e314ce431e7e645d646302a24a5ef5a8bc8e3f5a032e319?s=96&d=mm&r=g\",\"url\":\"https:\\\/\\\/secure.gravatar.com\\\/avatar\\\/ae2f4d718e6c49043e314ce431e7e645d646302a24a5ef5a8bc8e3f5a032e319?s=96&d=mm&r=g\",\"contentUrl\":\"https:\\\/\\\/secure.gravatar.com\\\/avatar\\\/ae2f4d718e6c49043e314ce431e7e645d646302a24a5ef5a8bc8e3f5a032e319?s=96&d=mm&r=g\",\"caption\":\"admin\"},\"sameAs\":[\"https:\\\/\\\/www.organisator.ch\"],\"url\":\"https:\\\/\\\/www.organisator.ch\\\/en\\\/author\\\/admin\\\/\"}]}<\/script>\n<!-- \/ Yoast SEO plugin. -->","yoast_head_json":{"title":"Energy Strategy 2050 adopted - Organizer","description":"The Energy Strategy 2050 has survived the final vote in parliament.","robots":{"index":"index","follow":"follow","max-snippet":"max-snippet:-1","max-image-preview":"max-image-preview:large","max-video-preview":"max-video-preview:-1"},"canonical":"https:\/\/www.organisator.ch\/en\/sustainability\/2016-09-30\/energiestrategie-2050-verabschiedet\/","og_locale":"en_US","og_type":"article","og_title":"Energiestrategie 2050 verabschiedet - Organisator","og_description":"Die Energiestrategie 2050 hat die Schlussabstimmung im Parlament \u00fcberstanden.","og_url":"https:\/\/www.organisator.ch\/en\/sustainability\/2016-09-30\/energiestrategie-2050-verabschiedet\/","og_site_name":"Organisator","article_publisher":"https:\/\/www.facebook.com\/OrganisatorFachmagazin","article_published_time":"2016-09-30T14:24:31+00:00","article_modified_time":"2022-02-09T10:06:23+00:00","og_image":[{"width":1039,"height":693,"url":"https:\/\/www.organisator.ch\/wp-content\/uploads\/2016\/12\/Energiestrategie-2050-verabschiedet-umweltperspektiven.jpg","type":"image\/jpeg"}],"author":"admin","twitter_card":"summary_large_image","schema":{"@context":"https:\/\/schema.org","@graph":[{"@type":"Article","@id":"https:\/\/www.organisator.ch\/sustainability\/2016-09-30\/energiestrategie-2050-verabschiedet\/#article","isPartOf":{"@id":"https:\/\/www.organisator.ch\/sustainability\/2016-09-30\/energiestrategie-2050-verabschiedet\/"},"author":{"name":"admin","@id":"https:\/\/www.organisator.ch\/#\/schema\/person\/aa2bace6c5c5aad60102004a50c4eb1c"},"headline":"Energiestrategie 2050 verabschiedet","datePublished":"2016-09-30T14:24:31+00:00","dateModified":"2022-02-09T10:06:23+00:00","mainEntityOfPage":{"@id":"https:\/\/www.organisator.ch\/sustainability\/2016-09-30\/energiestrategie-2050-verabschiedet\/"},"wordCount":212,"commentCount":0,"publisher":{"@id":"https:\/\/www.organisator.ch\/#organization"},"image":{"@id":"https:\/\/www.organisator.ch\/sustainability\/2016-09-30\/energiestrategie-2050-verabschiedet\/#primaryimage"},"thumbnailUrl":"https:\/\/www.organisator.ch\/wp-content\/uploads\/2016\/12\/Energiestrategie-2050-verabschiedet-umweltperspektiven.jpg","keywords":["Abstimmung","Energiestrategie 2050","Parlament"],"articleSection":["SUSTAINABILITY"],"inLanguage":"en-US"},{"@type":"WebPage","@id":"https:\/\/www.organisator.ch\/sustainability\/2016-09-30\/energiestrategie-2050-verabschiedet\/","url":"https:\/\/www.organisator.ch\/sustainability\/2016-09-30\/energiestrategie-2050-verabschiedet\/","name":"Energy Strategy 2050 adopted - Organizer","isPartOf":{"@id":"https:\/\/www.organisator.ch\/#website"},"primaryImageOfPage":{"@id":"https:\/\/www.organisator.ch\/sustainability\/2016-09-30\/energiestrategie-2050-verabschiedet\/#primaryimage"},"image":{"@id":"https:\/\/www.organisator.ch\/sustainability\/2016-09-30\/energiestrategie-2050-verabschiedet\/#primaryimage"},"thumbnailUrl":"https:\/\/www.organisator.ch\/wp-content\/uploads\/2016\/12\/Energiestrategie-2050-verabschiedet-umweltperspektiven.jpg","datePublished":"2016-09-30T14:24:31+00:00","dateModified":"2022-02-09T10:06:23+00:00","description":"The Energy Strategy 2050 has survived the final vote in parliament.","breadcrumb":{"@id":"https:\/\/www.organisator.ch\/sustainability\/2016-09-30\/energiestrategie-2050-verabschiedet\/#breadcrumb"},"inLanguage":"en-US","potentialAction":[{"@type":"ReadAction","target":["https:\/\/www.organisator.ch\/sustainability\/2016-09-30\/energiestrategie-2050-verabschiedet\/"]}]},{"@type":"ImageObject","inLanguage":"en-US","@id":"https:\/\/www.organisator.ch\/sustainability\/2016-09-30\/energiestrategie-2050-verabschiedet\/#primaryimage","url":"https:\/\/www.organisator.ch\/wp-content\/uploads\/2016\/12\/Energiestrategie-2050-verabschiedet-umweltperspektiven.jpg","contentUrl":"https:\/\/www.organisator.ch\/wp-content\/uploads\/2016\/12\/Energiestrategie-2050-verabschiedet-umweltperspektiven.jpg","width":1039,"height":693,"caption":"Die Energiewende kommt: So will es das Parlament"},{"@type":"BreadcrumbList","@id":"https:\/\/www.organisator.ch\/sustainability\/2016-09-30\/energiestrategie-2050-verabschiedet\/#breadcrumb","itemListElement":[{"@type":"ListItem","position":1,"name":"Home","item":"https:\/\/www.organisator.ch\/"},{"@type":"ListItem","position":2,"name":"Energiestrategie 2050 verabschiedet"}]},{"@type":"WebSite","@id":"https:\/\/www.organisator.ch\/#website","url":"https:\/\/www.organisator.ch\/","name":"Organizer","description":"Competent. Practical. In 10 issues per year, ORGANISATOR presents the essential topics for managers of SMEs.","publisher":{"@id":"https:\/\/www.organisator.ch\/#organization"},"potentialAction":[{"@type":"SearchAction","target":{"@type":"EntryPoint","urlTemplate":"https:\/\/www.organisator.ch\/?s={search_term_string}"},"query-input":{"@type":"PropertyValueSpecification","valueRequired":true,"valueName":"search_term_string"}}],"inLanguage":"en-US"},{"@type":"Organization","@id":"https:\/\/www.organisator.ch\/#organization","name":"Organizer","url":"https:\/\/www.organisator.ch\/","logo":{"@type":"ImageObject","inLanguage":"en-US","@id":"https:\/\/www.organisator.ch\/#\/schema\/logo\/image\/","url":"https:\/\/www.organisator.ch\/wp-content\/uploads\/2022\/01\/Logo_Organisator_Website.png","contentUrl":"https:\/\/www.organisator.ch\/wp-content\/uploads\/2022\/01\/Logo_Organisator_Website.png","width":800,"height":77,"caption":"Organisator"},"image":{"@id":"https:\/\/www.organisator.ch\/#\/schema\/logo\/image\/"},"sameAs":["https:\/\/www.facebook.com\/OrganisatorFachmagazin","https:\/\/www.linkedin.com\/showcase\/organisator-das-magazin-fr-kmu","https:\/\/www.xing.com\/news\/pages\/organisator-ch-695","https:\/\/www.youtube.com\/channel\/UCGP2Sq0iWaZwT3BdIAQFYpw"]},{"@type":"Person","@id":"https:\/\/www.organisator.ch\/#\/schema\/person\/aa2bace6c5c5aad60102004a50c4eb1c","name":"admin","image":{"@type":"ImageObject","inLanguage":"en-US","@id":"https:\/\/secure.gravatar.com\/avatar\/ae2f4d718e6c49043e314ce431e7e645d646302a24a5ef5a8bc8e3f5a032e319?s=96&d=mm&r=g","url":"https:\/\/secure.gravatar.com\/avatar\/ae2f4d718e6c49043e314ce431e7e645d646302a24a5ef5a8bc8e3f5a032e319?s=96&d=mm&r=g","contentUrl":"https:\/\/secure.gravatar.com\/avatar\/ae2f4d718e6c49043e314ce431e7e645d646302a24a5ef5a8bc8e3f5a032e319?s=96&d=mm&r=g","caption":"admin"},"sameAs":["https:\/\/www.organisator.ch"],"url":"https:\/\/www.organisator.ch\/en\/author\/admin\/"}]}},"_links":{"self":[{"href":"https:\/\/www.organisator.ch\/en\/wp-json\/wp\/v2\/posts\/9970","targetHints":{"allow":["GET"]}}],"collection":[{"href":"https:\/\/www.organisator.ch\/en\/wp-json\/wp\/v2\/posts"}],"about":[{"href":"https:\/\/www.organisator.ch\/en\/wp-json\/wp\/v2\/types\/post"}],"author":[{"embeddable":true,"href":"https:\/\/www.organisator.ch\/en\/wp-json\/wp\/v2\/users\/1"}],"replies":[{"embeddable":true,"href":"https:\/\/www.organisator.ch\/en\/wp-json\/wp\/v2\/comments?post=9970"}],"version-history":[{"count":1,"href":"https:\/\/www.organisator.ch\/en\/wp-json\/wp\/v2\/posts\/9970\/revisions"}],"predecessor-version":[{"id":10607,"href":"https:\/\/www.organisator.ch\/en\/wp-json\/wp\/v2\/posts\/9970\/revisions\/10607"}],"wp:featuredmedia":[{"embeddable":true,"href":"https:\/\/www.organisator.ch\/en\/wp-json\/wp\/v2\/media\/9426"}],"wp:attachment":[{"href":"https:\/\/www.organisator.ch\/en\/wp-json\/wp\/v2\/media?parent=9970"}],"wp:term":[{"taxonomy":"category","embeddable":true,"href":"https:\/\/www.organisator.ch\/en\/wp-json\/wp\/v2\/categories?post=9970"},{"taxonomy":"post_tag","embeddable":true,"href":"https:\/\/www.organisator.ch\/en\/wp-json\/wp\/v2\/tags?post=9970"}],"curies":[{"name":"wp","href":"https:\/\/api.w.org\/{rel}","templated":true}]}}