{"id":9972,"date":"2016-10-06T16:27:33","date_gmt":"2016-10-06T14:27:33","guid":{"rendered":"https:\/\/dev.umweltperspektiven.ch\/?p=558"},"modified":"2022-02-09T11:06:23","modified_gmt":"2022-02-09T10:06:23","slug":"empa-nimmt-turbo-wasserstofftankstelle-in-betrieb","status":"publish","type":"post","link":"https:\/\/www.organisator.ch\/en\/sustainability\/2016-10-06\/empa-nimmt-turbo-wasserstofftankstelle-in-betrieb\/","title":{"rendered":"Empa puts turbo-hydrogen filling station into operation"},"content":{"rendered":"<figure id=\"attachment_559\" aria-describedby=\"caption-attachment-559\" style=\"width: 680px\" class=\"wp-caption alignnone\"><a href=\"\/\/dev.umweltperspektiven.ch\/wp-content\/uploads\/2016\/12\/Empa-nimmt-Turbo-Wasserstofftankstelle-in-Betrieb-umweltperspektiven.jpg\"><img loading=\"lazy\" decoding=\"async\" class=\"size-medium wp-image-559\" src=\"\/\/dev.umweltperspektiven.ch\/wp-content\/uploads\/2016\/12\/Empa-nimmt-Turbo-Wasserstofftankstelle-in-Betrieb-umweltperspektiven.jpg\" alt=\"The turbo filling station for fuel cell vehicles is now in operation.\" width=\"680\" height=\"453\" \/><\/a><figcaption id=\"caption-attachment-559\" class=\"wp-caption-text\">The turbo filling station for fuel cell vehicles is now in operation.<\/figcaption><\/figure>\n<p>The \"move\" mobility demonstrator on the Empa site in D\u00fcbendorf, which is supported by the Swiss Federal Office of Energy (SFOE), Coop and various other industrial partners, has been in operation since November 2015; in addition to an electric filling station, it also offers filling pumps with natural gas\/biogas (CNG for \"compressed natural gas\") and with a mixture of natural gas\/biogas and hydrogen (HCNG).<\/p>\n<p>Up to now, pure hydrogen has been available with a filling pressure of 350 bar. This pressure is primarily suitable for refueling commercial vehicles, which have large tanks. With the newly installed 700 bar hydrogen dispenser, Empa is responding to the needs of fuel cell passenger vehicles: compact tanks, the longest possible range and rapid refueling. Hydrogen-powered passenger cars can be refueled within 2 to 3 minutes and have a range of up to 600 km with a full tank. This makes fuel cell vehicles competitive with conventional gasoline or diesel vehicles in terms of refueling convenience at a stroke.<\/p>\n<p>To enable rapid refueling, the compressed hydrogen is precooled to -40\u00b0C. This is necessary so that the temperature in the tank does not rise too much due to the compression heat generated during refueling. Via an intelligent infrared interface, the vehicle \"communicates\" with the nozzle during the refueling process and provides information on temperature and fill level, for example. Empa's new hydrogen filling station is closely linked to the first completely public hydrogen filling station in Hunzenschwil, which Coop Mineraloel AG will open in collaboration with \"H2 Energy AG\" at the beginning of November.<\/p>\n<p><strong>The key to success: being able to store renewable energies<\/strong><\/p>\n<p>Hydrogen is quite essential for the integration of renewable energy, which does not always occur when it is needed. It must therefore be possible to store it temporarily. Today, small-scale battery storage is available for this purpose at the lowest level of the electricity grid, and large-scale pumped-storage power plants are available at the highest level of the grid. Increasingly, however, there is a need for technologies that lie in between in terms of capacity and performance and are connected at an intermediate grid level. These include \"power-to-gas\" plants. These can convert renewable electricity into fuel, such as hydrogen or methane, whenever it cannot be used economically in the electricity market, thus replacing gasoline and diesel.<\/p>\n<p>This makes sense especially for \"frequent drivers\": Around 20% of the vehicles in Switzerland have annual mileages of more than 20,000 km and together account for almost half of all kilometers driven. Converting such vehicles from fossil to renewable energy therefore requires high ranges, which purely electrically powered vehicles with batteries cannot offer, at least in the near future. Hydrogen vehicles, on the other hand, are also suitable for long-distance journeys. Empa is investigating various uses of hydrogen at the now expanded filling station: directly for work machines, commercial vehicles and passenger cars with fuel cells, and as an admixture to natural gas\/biogas for gas vehicles.<\/p>\n<p><em>Text: Empa<\/em><\/p>","protected":false},"excerpt":{"rendered":"<p>Der vom Bundesamt f\u00fcr Energie (BFE), von Coop und verschiedenen anderen Industriepartnern unterst\u00fctzte Mobilit\u00e4tsdemonstrator \u00abmove\u00bb auf dem Empa-Areal in D\u00fcbendorf ist seit November 2015 in Betrieb; er bietet neben einer Elektro-Tankstelle auch Zapfs\u00e4ulen mit Erd-\/Biogas (CNG f\u00fcr \u00abcompressed natural gas\u00bb) und mit einer Mischung von Erd-\/Biogas und Wasserstoff (HCNG). Reiner Wasserstoff stand bis anhin mit [&hellip;]<\/p>\n","protected":false},"author":1,"featured_media":9427,"comment_status":"open","ping_status":"open","sticky":false,"template":"","format":"standard","meta":{"_acf_changed":false,"_yoast_wpseo_focuskw":"Empa","_yoast_wpseo_metadesc":"Auf ihrem Campus in D\u00fcbendorf hat die Empa die erste Wasserstofftankstelle der Schweiz f\u00fcr Personenwagen in Betrieb genommen.","articlekey":"","footnotes":""},"categories":[580],"tags":[1052,354,1769,2283,2524],"class_list":["post-9972","post","type-post","status-publish","format-standard","has-post-thumbnail","hentry","category-sustainability","tag-empa","tag-mobilitaet","tag-nachhaltige-mobilitaet","tag-tankstelle","tag-wasserstoff"],"acf":[],"yoast_head":"<!-- This site is optimized with the Yoast SEO plugin v27.4 - https:\/\/yoast.com\/product\/yoast-seo-wordpress\/ -->\n<title>Empa nimmt Turbo-Wasserstofftankstelle in Betrieb - Organisator<\/title>\n<meta name=\"description\" content=\"Auf ihrem Campus in D\u00fcbendorf hat die Empa die erste Wasserstofftankstelle der Schweiz f\u00fcr Personenwagen in Betrieb genommen.\" \/>\n<meta name=\"robots\" content=\"index, follow, max-snippet:-1, max-image-preview:large, max-video-preview:-1\" \/>\n<link rel=\"canonical\" href=\"https:\/\/www.organisator.ch\/en\/sustainability\/2016-10-06\/empa-nimmt-turbo-wasserstofftankstelle-in-betrieb\/\" \/>\n<meta property=\"og:locale\" content=\"en_US\" \/>\n<meta property=\"og:type\" content=\"article\" \/>\n<meta property=\"og:title\" content=\"Empa nimmt Turbo-Wasserstofftankstelle in Betrieb - Organisator\" \/>\n<meta property=\"og:description\" content=\"Auf ihrem Campus in D\u00fcbendorf hat die Empa die erste Wasserstofftankstelle der Schweiz f\u00fcr Personenwagen in Betrieb genommen.\" \/>\n<meta property=\"og:url\" content=\"https:\/\/www.organisator.ch\/en\/sustainability\/2016-10-06\/empa-nimmt-turbo-wasserstofftankstelle-in-betrieb\/\" \/>\n<meta property=\"og:site_name\" content=\"Organisator\" \/>\n<meta property=\"article:publisher\" content=\"https:\/\/www.facebook.com\/OrganisatorFachmagazin\" \/>\n<meta property=\"article:published_time\" content=\"2016-10-06T14:27:33+00:00\" \/>\n<meta property=\"article:modified_time\" content=\"2022-02-09T10:06:23+00:00\" \/>\n<meta property=\"og:image\" content=\"https:\/\/www.organisator.ch\/wp-content\/uploads\/2016\/12\/Empa-nimmt-Turbo-Wasserstofftankstelle-in-Betrieb-umweltperspektiven.jpg\" \/>\n\t<meta property=\"og:image:width\" content=\"1500\" \/>\n\t<meta property=\"og:image:height\" content=\"1000\" \/>\n\t<meta property=\"og:image:type\" content=\"image\/jpeg\" \/>\n<meta name=\"author\" content=\"admin\" \/>\n<meta name=\"twitter:card\" content=\"summary_large_image\" \/>\n<script type=\"application\/ld+json\" class=\"yoast-schema-graph\">{\"@context\":\"https:\\\/\\\/schema.org\",\"@graph\":[{\"@type\":\"Article\",\"@id\":\"https:\\\/\\\/www.organisator.ch\\\/sustainability\\\/2016-10-06\\\/empa-nimmt-turbo-wasserstofftankstelle-in-betrieb\\\/#article\",\"isPartOf\":{\"@id\":\"https:\\\/\\\/www.organisator.ch\\\/sustainability\\\/2016-10-06\\\/empa-nimmt-turbo-wasserstofftankstelle-in-betrieb\\\/\"},\"author\":{\"name\":\"admin\",\"@id\":\"https:\\\/\\\/www.organisator.ch\\\/#\\\/schema\\\/person\\\/aa2bace6c5c5aad60102004a50c4eb1c\"},\"headline\":\"Empa nimmt Turbo-Wasserstofftankstelle in Betrieb\",\"datePublished\":\"2016-10-06T14:27:33+00:00\",\"dateModified\":\"2022-02-09T10:06:23+00:00\",\"mainEntityOfPage\":{\"@id\":\"https:\\\/\\\/www.organisator.ch\\\/sustainability\\\/2016-10-06\\\/empa-nimmt-turbo-wasserstofftankstelle-in-betrieb\\\/\"},\"wordCount\":501,\"commentCount\":0,\"publisher\":{\"@id\":\"https:\\\/\\\/www.organisator.ch\\\/#organization\"},\"image\":{\"@id\":\"https:\\\/\\\/www.organisator.ch\\\/sustainability\\\/2016-10-06\\\/empa-nimmt-turbo-wasserstofftankstelle-in-betrieb\\\/#primaryimage\"},\"thumbnailUrl\":\"https:\\\/\\\/www.organisator.ch\\\/wp-content\\\/uploads\\\/2016\\\/12\\\/Empa-nimmt-Turbo-Wasserstofftankstelle-in-Betrieb-umweltperspektiven.jpg\",\"keywords\":[\"Empa\",\"Mobilit\u00e4t\",\"Nachhaltige Mobilit\u00e4t\",\"Tankstelle\",\"Wasserstoff\"],\"articleSection\":[\"SUSTAINABILITY\"],\"inLanguage\":\"en-US\"},{\"@type\":\"WebPage\",\"@id\":\"https:\\\/\\\/www.organisator.ch\\\/sustainability\\\/2016-10-06\\\/empa-nimmt-turbo-wasserstofftankstelle-in-betrieb\\\/\",\"url\":\"https:\\\/\\\/www.organisator.ch\\\/sustainability\\\/2016-10-06\\\/empa-nimmt-turbo-wasserstofftankstelle-in-betrieb\\\/\",\"name\":\"Empa nimmt Turbo-Wasserstofftankstelle in Betrieb - Organisator\",\"isPartOf\":{\"@id\":\"https:\\\/\\\/www.organisator.ch\\\/#website\"},\"primaryImageOfPage\":{\"@id\":\"https:\\\/\\\/www.organisator.ch\\\/sustainability\\\/2016-10-06\\\/empa-nimmt-turbo-wasserstofftankstelle-in-betrieb\\\/#primaryimage\"},\"image\":{\"@id\":\"https:\\\/\\\/www.organisator.ch\\\/sustainability\\\/2016-10-06\\\/empa-nimmt-turbo-wasserstofftankstelle-in-betrieb\\\/#primaryimage\"},\"thumbnailUrl\":\"https:\\\/\\\/www.organisator.ch\\\/wp-content\\\/uploads\\\/2016\\\/12\\\/Empa-nimmt-Turbo-Wasserstofftankstelle-in-Betrieb-umweltperspektiven.jpg\",\"datePublished\":\"2016-10-06T14:27:33+00:00\",\"dateModified\":\"2022-02-09T10:06:23+00:00\",\"description\":\"Auf ihrem Campus in D\u00fcbendorf hat die Empa die erste Wasserstofftankstelle der Schweiz f\u00fcr Personenwagen in Betrieb genommen.\",\"breadcrumb\":{\"@id\":\"https:\\\/\\\/www.organisator.ch\\\/sustainability\\\/2016-10-06\\\/empa-nimmt-turbo-wasserstofftankstelle-in-betrieb\\\/#breadcrumb\"},\"inLanguage\":\"en-US\",\"potentialAction\":[{\"@type\":\"ReadAction\",\"target\":[\"https:\\\/\\\/www.organisator.ch\\\/sustainability\\\/2016-10-06\\\/empa-nimmt-turbo-wasserstofftankstelle-in-betrieb\\\/\"]}]},{\"@type\":\"ImageObject\",\"inLanguage\":\"en-US\",\"@id\":\"https:\\\/\\\/www.organisator.ch\\\/sustainability\\\/2016-10-06\\\/empa-nimmt-turbo-wasserstofftankstelle-in-betrieb\\\/#primaryimage\",\"url\":\"https:\\\/\\\/www.organisator.ch\\\/wp-content\\\/uploads\\\/2016\\\/12\\\/Empa-nimmt-Turbo-Wasserstofftankstelle-in-Betrieb-umweltperspektiven.jpg\",\"contentUrl\":\"https:\\\/\\\/www.organisator.ch\\\/wp-content\\\/uploads\\\/2016\\\/12\\\/Empa-nimmt-Turbo-Wasserstofftankstelle-in-Betrieb-umweltperspektiven.jpg\",\"width\":1500,\"height\":1000,\"caption\":\"Die Turbo-Tankstelle f\u00fcr Brennstoffzellenfahrzeuge ist ab sofort in Betrieb.\"},{\"@type\":\"BreadcrumbList\",\"@id\":\"https:\\\/\\\/www.organisator.ch\\\/sustainability\\\/2016-10-06\\\/empa-nimmt-turbo-wasserstofftankstelle-in-betrieb\\\/#breadcrumb\",\"itemListElement\":[{\"@type\":\"ListItem\",\"position\":1,\"name\":\"Home\",\"item\":\"https:\\\/\\\/www.organisator.ch\\\/\"},{\"@type\":\"ListItem\",\"position\":2,\"name\":\"Empa nimmt Turbo-Wasserstofftankstelle in Betrieb\"}]},{\"@type\":\"WebSite\",\"@id\":\"https:\\\/\\\/www.organisator.ch\\\/#website\",\"url\":\"https:\\\/\\\/www.organisator.ch\\\/\",\"name\":\"Organisator\",\"description\":\"Kompetent. Praxisnah. Der ORGANISATOR bereitet in 10 Ausgaben pro Jahr die wesentlichen Themen f\u00fcr F\u00fchrungskr\u00e4fte von KMU auf.\",\"publisher\":{\"@id\":\"https:\\\/\\\/www.organisator.ch\\\/#organization\"},\"potentialAction\":[{\"@type\":\"SearchAction\",\"target\":{\"@type\":\"EntryPoint\",\"urlTemplate\":\"https:\\\/\\\/www.organisator.ch\\\/?s={search_term_string}\"},\"query-input\":{\"@type\":\"PropertyValueSpecification\",\"valueRequired\":true,\"valueName\":\"search_term_string\"}}],\"inLanguage\":\"en-US\"},{\"@type\":\"Organization\",\"@id\":\"https:\\\/\\\/www.organisator.ch\\\/#organization\",\"name\":\"Organisator\",\"url\":\"https:\\\/\\\/www.organisator.ch\\\/\",\"logo\":{\"@type\":\"ImageObject\",\"inLanguage\":\"en-US\",\"@id\":\"https:\\\/\\\/www.organisator.ch\\\/#\\\/schema\\\/logo\\\/image\\\/\",\"url\":\"https:\\\/\\\/www.organisator.ch\\\/wp-content\\\/uploads\\\/2022\\\/01\\\/Logo_Organisator_Website.png\",\"contentUrl\":\"https:\\\/\\\/www.organisator.ch\\\/wp-content\\\/uploads\\\/2022\\\/01\\\/Logo_Organisator_Website.png\",\"width\":800,\"height\":77,\"caption\":\"Organisator\"},\"image\":{\"@id\":\"https:\\\/\\\/www.organisator.ch\\\/#\\\/schema\\\/logo\\\/image\\\/\"},\"sameAs\":[\"https:\\\/\\\/www.facebook.com\\\/OrganisatorFachmagazin\",\"https:\\\/\\\/www.linkedin.com\\\/showcase\\\/organisator-das-magazin-fr-kmu\",\"https:\\\/\\\/www.xing.com\\\/news\\\/pages\\\/organisator-ch-695\",\"https:\\\/\\\/www.youtube.com\\\/channel\\\/UCGP2Sq0iWaZwT3BdIAQFYpw\"]},{\"@type\":\"Person\",\"@id\":\"https:\\\/\\\/www.organisator.ch\\\/#\\\/schema\\\/person\\\/aa2bace6c5c5aad60102004a50c4eb1c\",\"name\":\"admin\",\"image\":{\"@type\":\"ImageObject\",\"inLanguage\":\"en-US\",\"@id\":\"https:\\\/\\\/secure.gravatar.com\\\/avatar\\\/ae2f4d718e6c49043e314ce431e7e645d646302a24a5ef5a8bc8e3f5a032e319?s=96&d=mm&r=g\",\"url\":\"https:\\\/\\\/secure.gravatar.com\\\/avatar\\\/ae2f4d718e6c49043e314ce431e7e645d646302a24a5ef5a8bc8e3f5a032e319?s=96&d=mm&r=g\",\"contentUrl\":\"https:\\\/\\\/secure.gravatar.com\\\/avatar\\\/ae2f4d718e6c49043e314ce431e7e645d646302a24a5ef5a8bc8e3f5a032e319?s=96&d=mm&r=g\",\"caption\":\"admin\"},\"sameAs\":[\"https:\\\/\\\/www.organisator.ch\"],\"url\":\"https:\\\/\\\/www.organisator.ch\\\/en\\\/author\\\/admin\\\/\"}]}<\/script>\n<!-- \/ Yoast SEO plugin. -->","yoast_head_json":{"title":"Empa puts turbo-hydrogen filling station into operation - Organizer","description":"Empa has put Switzerland's first hydrogen filling station for passenger cars into operation on its campus in D\u00fcbendorf.","robots":{"index":"index","follow":"follow","max-snippet":"max-snippet:-1","max-image-preview":"max-image-preview:large","max-video-preview":"max-video-preview:-1"},"canonical":"https:\/\/www.organisator.ch\/en\/sustainability\/2016-10-06\/empa-nimmt-turbo-wasserstofftankstelle-in-betrieb\/","og_locale":"en_US","og_type":"article","og_title":"Empa nimmt Turbo-Wasserstofftankstelle in Betrieb - Organisator","og_description":"Auf ihrem Campus in D\u00fcbendorf hat die Empa die erste Wasserstofftankstelle der Schweiz f\u00fcr Personenwagen in Betrieb genommen.","og_url":"https:\/\/www.organisator.ch\/en\/sustainability\/2016-10-06\/empa-nimmt-turbo-wasserstofftankstelle-in-betrieb\/","og_site_name":"Organisator","article_publisher":"https:\/\/www.facebook.com\/OrganisatorFachmagazin","article_published_time":"2016-10-06T14:27:33+00:00","article_modified_time":"2022-02-09T10:06:23+00:00","og_image":[{"width":1500,"height":1000,"url":"https:\/\/www.organisator.ch\/wp-content\/uploads\/2016\/12\/Empa-nimmt-Turbo-Wasserstofftankstelle-in-Betrieb-umweltperspektiven.jpg","type":"image\/jpeg"}],"author":"admin","twitter_card":"summary_large_image","schema":{"@context":"https:\/\/schema.org","@graph":[{"@type":"Article","@id":"https:\/\/www.organisator.ch\/sustainability\/2016-10-06\/empa-nimmt-turbo-wasserstofftankstelle-in-betrieb\/#article","isPartOf":{"@id":"https:\/\/www.organisator.ch\/sustainability\/2016-10-06\/empa-nimmt-turbo-wasserstofftankstelle-in-betrieb\/"},"author":{"name":"admin","@id":"https:\/\/www.organisator.ch\/#\/schema\/person\/aa2bace6c5c5aad60102004a50c4eb1c"},"headline":"Empa nimmt Turbo-Wasserstofftankstelle in Betrieb","datePublished":"2016-10-06T14:27:33+00:00","dateModified":"2022-02-09T10:06:23+00:00","mainEntityOfPage":{"@id":"https:\/\/www.organisator.ch\/sustainability\/2016-10-06\/empa-nimmt-turbo-wasserstofftankstelle-in-betrieb\/"},"wordCount":501,"commentCount":0,"publisher":{"@id":"https:\/\/www.organisator.ch\/#organization"},"image":{"@id":"https:\/\/www.organisator.ch\/sustainability\/2016-10-06\/empa-nimmt-turbo-wasserstofftankstelle-in-betrieb\/#primaryimage"},"thumbnailUrl":"https:\/\/www.organisator.ch\/wp-content\/uploads\/2016\/12\/Empa-nimmt-Turbo-Wasserstofftankstelle-in-Betrieb-umweltperspektiven.jpg","keywords":["Empa","Mobilit\u00e4t","Nachhaltige Mobilit\u00e4t","Tankstelle","Wasserstoff"],"articleSection":["SUSTAINABILITY"],"inLanguage":"en-US"},{"@type":"WebPage","@id":"https:\/\/www.organisator.ch\/sustainability\/2016-10-06\/empa-nimmt-turbo-wasserstofftankstelle-in-betrieb\/","url":"https:\/\/www.organisator.ch\/sustainability\/2016-10-06\/empa-nimmt-turbo-wasserstofftankstelle-in-betrieb\/","name":"Empa puts turbo-hydrogen filling station into operation - Organizer","isPartOf":{"@id":"https:\/\/www.organisator.ch\/#website"},"primaryImageOfPage":{"@id":"https:\/\/www.organisator.ch\/sustainability\/2016-10-06\/empa-nimmt-turbo-wasserstofftankstelle-in-betrieb\/#primaryimage"},"image":{"@id":"https:\/\/www.organisator.ch\/sustainability\/2016-10-06\/empa-nimmt-turbo-wasserstofftankstelle-in-betrieb\/#primaryimage"},"thumbnailUrl":"https:\/\/www.organisator.ch\/wp-content\/uploads\/2016\/12\/Empa-nimmt-Turbo-Wasserstofftankstelle-in-Betrieb-umweltperspektiven.jpg","datePublished":"2016-10-06T14:27:33+00:00","dateModified":"2022-02-09T10:06:23+00:00","description":"Empa has put Switzerland's first hydrogen filling station for passenger cars into operation on its campus in D\u00fcbendorf.","breadcrumb":{"@id":"https:\/\/www.organisator.ch\/sustainability\/2016-10-06\/empa-nimmt-turbo-wasserstofftankstelle-in-betrieb\/#breadcrumb"},"inLanguage":"en-US","potentialAction":[{"@type":"ReadAction","target":["https:\/\/www.organisator.ch\/sustainability\/2016-10-06\/empa-nimmt-turbo-wasserstofftankstelle-in-betrieb\/"]}]},{"@type":"ImageObject","inLanguage":"en-US","@id":"https:\/\/www.organisator.ch\/sustainability\/2016-10-06\/empa-nimmt-turbo-wasserstofftankstelle-in-betrieb\/#primaryimage","url":"https:\/\/www.organisator.ch\/wp-content\/uploads\/2016\/12\/Empa-nimmt-Turbo-Wasserstofftankstelle-in-Betrieb-umweltperspektiven.jpg","contentUrl":"https:\/\/www.organisator.ch\/wp-content\/uploads\/2016\/12\/Empa-nimmt-Turbo-Wasserstofftankstelle-in-Betrieb-umweltperspektiven.jpg","width":1500,"height":1000,"caption":"Die Turbo-Tankstelle f\u00fcr Brennstoffzellenfahrzeuge ist ab sofort in Betrieb."},{"@type":"BreadcrumbList","@id":"https:\/\/www.organisator.ch\/sustainability\/2016-10-06\/empa-nimmt-turbo-wasserstofftankstelle-in-betrieb\/#breadcrumb","itemListElement":[{"@type":"ListItem","position":1,"name":"Home","item":"https:\/\/www.organisator.ch\/"},{"@type":"ListItem","position":2,"name":"Empa nimmt Turbo-Wasserstofftankstelle in Betrieb"}]},{"@type":"WebSite","@id":"https:\/\/www.organisator.ch\/#website","url":"https:\/\/www.organisator.ch\/","name":"Organizer","description":"Competent. Practical. In 10 issues per year, ORGANISATOR presents the essential topics for managers of SMEs.","publisher":{"@id":"https:\/\/www.organisator.ch\/#organization"},"potentialAction":[{"@type":"SearchAction","target":{"@type":"EntryPoint","urlTemplate":"https:\/\/www.organisator.ch\/?s={search_term_string}"},"query-input":{"@type":"PropertyValueSpecification","valueRequired":true,"valueName":"search_term_string"}}],"inLanguage":"en-US"},{"@type":"Organization","@id":"https:\/\/www.organisator.ch\/#organization","name":"Organizer","url":"https:\/\/www.organisator.ch\/","logo":{"@type":"ImageObject","inLanguage":"en-US","@id":"https:\/\/www.organisator.ch\/#\/schema\/logo\/image\/","url":"https:\/\/www.organisator.ch\/wp-content\/uploads\/2022\/01\/Logo_Organisator_Website.png","contentUrl":"https:\/\/www.organisator.ch\/wp-content\/uploads\/2022\/01\/Logo_Organisator_Website.png","width":800,"height":77,"caption":"Organisator"},"image":{"@id":"https:\/\/www.organisator.ch\/#\/schema\/logo\/image\/"},"sameAs":["https:\/\/www.facebook.com\/OrganisatorFachmagazin","https:\/\/www.linkedin.com\/showcase\/organisator-das-magazin-fr-kmu","https:\/\/www.xing.com\/news\/pages\/organisator-ch-695","https:\/\/www.youtube.com\/channel\/UCGP2Sq0iWaZwT3BdIAQFYpw"]},{"@type":"Person","@id":"https:\/\/www.organisator.ch\/#\/schema\/person\/aa2bace6c5c5aad60102004a50c4eb1c","name":"admin","image":{"@type":"ImageObject","inLanguage":"en-US","@id":"https:\/\/secure.gravatar.com\/avatar\/ae2f4d718e6c49043e314ce431e7e645d646302a24a5ef5a8bc8e3f5a032e319?s=96&d=mm&r=g","url":"https:\/\/secure.gravatar.com\/avatar\/ae2f4d718e6c49043e314ce431e7e645d646302a24a5ef5a8bc8e3f5a032e319?s=96&d=mm&r=g","contentUrl":"https:\/\/secure.gravatar.com\/avatar\/ae2f4d718e6c49043e314ce431e7e645d646302a24a5ef5a8bc8e3f5a032e319?s=96&d=mm&r=g","caption":"admin"},"sameAs":["https:\/\/www.organisator.ch"],"url":"https:\/\/www.organisator.ch\/en\/author\/admin\/"}]}},"_links":{"self":[{"href":"https:\/\/www.organisator.ch\/en\/wp-json\/wp\/v2\/posts\/9972","targetHints":{"allow":["GET"]}}],"collection":[{"href":"https:\/\/www.organisator.ch\/en\/wp-json\/wp\/v2\/posts"}],"about":[{"href":"https:\/\/www.organisator.ch\/en\/wp-json\/wp\/v2\/types\/post"}],"author":[{"embeddable":true,"href":"https:\/\/www.organisator.ch\/en\/wp-json\/wp\/v2\/users\/1"}],"replies":[{"embeddable":true,"href":"https:\/\/www.organisator.ch\/en\/wp-json\/wp\/v2\/comments?post=9972"}],"version-history":[{"count":1,"href":"https:\/\/www.organisator.ch\/en\/wp-json\/wp\/v2\/posts\/9972\/revisions"}],"predecessor-version":[{"id":10606,"href":"https:\/\/www.organisator.ch\/en\/wp-json\/wp\/v2\/posts\/9972\/revisions\/10606"}],"wp:featuredmedia":[{"embeddable":true,"href":"https:\/\/www.organisator.ch\/en\/wp-json\/wp\/v2\/media\/9427"}],"wp:attachment":[{"href":"https:\/\/www.organisator.ch\/en\/wp-json\/wp\/v2\/media?parent=9972"}],"wp:term":[{"taxonomy":"category","embeddable":true,"href":"https:\/\/www.organisator.ch\/en\/wp-json\/wp\/v2\/categories?post=9972"},{"taxonomy":"post_tag","embeddable":true,"href":"https:\/\/www.organisator.ch\/en\/wp-json\/wp\/v2\/tags?post=9972"}],"curies":[{"name":"wp","href":"https:\/\/api.w.org\/{rel}","templated":true}]}}