{"id":9978,"date":"2016-11-23T16:44:12","date_gmt":"2016-11-23T15:44:12","guid":{"rendered":"https:\/\/dev.umweltperspektiven.ch\/?p=592"},"modified":"2022-02-09T11:05:39","modified_gmt":"2022-02-09T10:05:39","slug":"aldi-fuehrt-getraenkekartonrecycling-ein","status":"publish","type":"post","link":"https:\/\/www.organisator.ch\/en\/sustainability\/2016-11-23\/aldi-fuehrt-getraenkekartonrecycling-ein\/","title":{"rendered":"Aldi introduces beverage carton recycling"},"content":{"rendered":"<figure id=\"attachment_593\" aria-describedby=\"caption-attachment-593\" style=\"width: 680px\" class=\"wp-caption alignnone\"><a href=\"\/\/dev.umweltperspektiven.ch\/wp-content\/uploads\/2016\/12\/Aldi-f\u00fchrt-Getr\u00e4nkekartonrecycling-ein-umweltperspektiven.jpg\"><img loading=\"lazy\" decoding=\"async\" class=\"wp-image-593 size-medium\" src=\"\/\/www.umweltperspektiven.ch\/wp-content\/uploads\/2016\/12\/Aldi-f\u00fchrt-Getr\u00e4nkekartonrecycling-ein-umweltperspektiven.jpg\" alt=\"Aldi introduces beverage carton recycling - environmental perspectives\" width=\"680\" height=\"453\" \/><\/a><figcaption id=\"caption-attachment-593\" class=\"wp-caption-text\">Aldi introduces beverage carton recycling - environmental perspectives<\/figcaption><\/figure>\n<p>Since the new sorting plant was commissioned by M\u00fcller Recycling AG in Frauenfeld at the beginning of the year, it has been possible to cleanly separate beverage cartons and plastic bottles. This has meant that beverage cartons and plastic bottles can be collected together.<\/p>\n<p>Aldi Suisse has now become the first retailer to establish the new collection: Since August 2016, ALDI SUISSE has been collecting beverage cartons together with plastic bottles - initially in the 65 stores of the Schwarzenbach branch. The nationwide introduction of the return of beverage cartons and plastic bottles is to be completed by the end of 2017.<\/p>\n<p><strong>Joint collection simplifies the disposal process<\/strong><\/p>\n<p>The empty beverage cartons of milk, iced tea, and fruit juices and the empty plastic bottles of dairy products, shower gels, detergents, and cleaning agents are collected together in a collection container and taken back to the logistics center by the trucks that deliver goods to the store. In this way, there are no extra trips. At the logistics center, they are compressed and taken to the sorting plant in Frauenfeld.<\/p>\n<p>After sorting, the collected plastic bottles are processed into regranulate on site. This is used to manufacture new plastic bottles or other plastic products. The beverage cartons are pressed into bales and transported to the Model AG paper mill. The cartonboard fibers obtained via the recycling system can be used six to seven times in cartonboard production. Model AG uses the valuable cartonboard fibers to produce corrugated board for new packaging.<\/p>","protected":false},"excerpt":{"rendered":"<p>Seit der Inbetriebnahme der neuen Sortieranlage durch die M\u00fcller Recycling AG in Frauenfeld Anfang Jahr\u00a0ist es m\u00f6glich, Getr\u00e4nkekartons und Plastikflaschen sauber voneinander zu trennen. Dies hat dazu gef\u00fchrt, dass Getr\u00e4nkekartons und Plastikflaschen gemeinsam gesammelt werden k\u00f6nnen. Aldi Suisse\u00a0hat nun als erster Detailh\u00e4ndler die\u00a0neue Sammlung\u00a0etabliert: Seit August 2016 sammelt ALDI SUISSE \u2013 vorerst in den 65 [&hellip;]<\/p>\n","protected":false},"author":1,"featured_media":9434,"comment_status":"open","ping_status":"open","sticky":false,"template":"","format":"standard","meta":{"_acf_changed":false,"_yoast_wpseo_focuskw":"Aldi","_yoast_wpseo_metadesc":"Aldi: Eine neue Sortieranlage erm\u00f6glicht es, Getr\u00e4nkekartons und Plastikflaschen sauber zu trennen. Damit k\u00f6nnen diese gemeinsam gesammelt werden.","articlekey":"","footnotes":""},"categories":[580],"tags":[692,1285,1742,1987],"class_list":["post-9978","post","type-post","status-publish","format-standard","has-post-thumbnail","hentry","category-sustainability","tag-aldi","tag-getraenkekarton","tag-mueller-recycling","tag-recycling"],"acf":[],"yoast_head":"<!-- This site is optimized with the Yoast SEO plugin v27.5 - https:\/\/yoast.com\/product\/yoast-seo-wordpress\/ -->\n<title>Aldi f\u00fchrt Getr\u00e4nkekartonrecycling ein - Organisator<\/title>\n<meta name=\"description\" content=\"Aldi: Eine neue Sortieranlage erm\u00f6glicht es, Getr\u00e4nkekartons und Plastikflaschen sauber zu trennen. Damit k\u00f6nnen diese gemeinsam gesammelt werden.\" \/>\n<meta name=\"robots\" content=\"index, follow, max-snippet:-1, max-image-preview:large, max-video-preview:-1\" \/>\n<link rel=\"canonical\" href=\"https:\/\/www.organisator.ch\/en\/sustainability\/2016-11-23\/aldi-fuehrt-getraenkekartonrecycling-ein\/\" \/>\n<meta property=\"og:locale\" content=\"en_US\" \/>\n<meta property=\"og:type\" content=\"article\" \/>\n<meta property=\"og:title\" content=\"Aldi f\u00fchrt Getr\u00e4nkekartonrecycling ein - Organisator\" \/>\n<meta property=\"og:description\" content=\"Aldi: Eine neue Sortieranlage erm\u00f6glicht es, Getr\u00e4nkekartons und Plastikflaschen sauber zu trennen. Damit k\u00f6nnen diese gemeinsam gesammelt werden.\" \/>\n<meta property=\"og:url\" content=\"https:\/\/www.organisator.ch\/en\/sustainability\/2016-11-23\/aldi-fuehrt-getraenkekartonrecycling-ein\/\" \/>\n<meta property=\"og:site_name\" content=\"Organisator\" \/>\n<meta property=\"article:publisher\" content=\"https:\/\/www.facebook.com\/OrganisatorFachmagazin\" \/>\n<meta property=\"article:published_time\" content=\"2016-11-23T15:44:12+00:00\" \/>\n<meta property=\"article:modified_time\" content=\"2022-02-09T10:05:39+00:00\" \/>\n<meta property=\"og:image\" content=\"https:\/\/www.organisator.ch\/wp-content\/uploads\/2016\/12\/Aldi-fuehrt-Getraenkekartonrecycling-ein-umweltperspektiven.jpg\" \/>\n\t<meta property=\"og:image:width\" content=\"2048\" \/>\n\t<meta property=\"og:image:height\" content=\"1365\" \/>\n\t<meta property=\"og:image:type\" content=\"image\/jpeg\" \/>\n<meta name=\"author\" content=\"admin\" \/>\n<meta name=\"twitter:card\" content=\"summary_large_image\" \/>\n<script type=\"application\/ld+json\" class=\"yoast-schema-graph\">{\"@context\":\"https:\\\/\\\/schema.org\",\"@graph\":[{\"@type\":\"Article\",\"@id\":\"https:\\\/\\\/www.organisator.ch\\\/sustainability\\\/2016-11-23\\\/aldi-fuehrt-getraenkekartonrecycling-ein\\\/#article\",\"isPartOf\":{\"@id\":\"https:\\\/\\\/www.organisator.ch\\\/sustainability\\\/2016-11-23\\\/aldi-fuehrt-getraenkekartonrecycling-ein\\\/\"},\"author\":{\"name\":\"admin\",\"@id\":\"https:\\\/\\\/www.organisator.ch\\\/#\\\/schema\\\/person\\\/aa2bace6c5c5aad60102004a50c4eb1c\"},\"headline\":\"Aldi f\u00fchrt Getr\u00e4nkekartonrecycling ein\",\"datePublished\":\"2016-11-23T15:44:12+00:00\",\"dateModified\":\"2022-02-09T10:05:39+00:00\",\"mainEntityOfPage\":{\"@id\":\"https:\\\/\\\/www.organisator.ch\\\/sustainability\\\/2016-11-23\\\/aldi-fuehrt-getraenkekartonrecycling-ein\\\/\"},\"wordCount\":238,\"commentCount\":0,\"publisher\":{\"@id\":\"https:\\\/\\\/www.organisator.ch\\\/#organization\"},\"image\":{\"@id\":\"https:\\\/\\\/www.organisator.ch\\\/sustainability\\\/2016-11-23\\\/aldi-fuehrt-getraenkekartonrecycling-ein\\\/#primaryimage\"},\"thumbnailUrl\":\"https:\\\/\\\/www.organisator.ch\\\/wp-content\\\/uploads\\\/2016\\\/12\\\/Aldi-fuehrt-Getraenkekartonrecycling-ein-umweltperspektiven.jpg\",\"keywords\":[\"Aldi\",\"Getr\u00e4nkekarton\",\"M\u00fcller Recycling\",\"Recycling\"],\"articleSection\":[\"SUSTAINABILITY\"],\"inLanguage\":\"en-US\"},{\"@type\":\"WebPage\",\"@id\":\"https:\\\/\\\/www.organisator.ch\\\/sustainability\\\/2016-11-23\\\/aldi-fuehrt-getraenkekartonrecycling-ein\\\/\",\"url\":\"https:\\\/\\\/www.organisator.ch\\\/sustainability\\\/2016-11-23\\\/aldi-fuehrt-getraenkekartonrecycling-ein\\\/\",\"name\":\"Aldi f\u00fchrt Getr\u00e4nkekartonrecycling ein - Organisator\",\"isPartOf\":{\"@id\":\"https:\\\/\\\/www.organisator.ch\\\/#website\"},\"primaryImageOfPage\":{\"@id\":\"https:\\\/\\\/www.organisator.ch\\\/sustainability\\\/2016-11-23\\\/aldi-fuehrt-getraenkekartonrecycling-ein\\\/#primaryimage\"},\"image\":{\"@id\":\"https:\\\/\\\/www.organisator.ch\\\/sustainability\\\/2016-11-23\\\/aldi-fuehrt-getraenkekartonrecycling-ein\\\/#primaryimage\"},\"thumbnailUrl\":\"https:\\\/\\\/www.organisator.ch\\\/wp-content\\\/uploads\\\/2016\\\/12\\\/Aldi-fuehrt-Getraenkekartonrecycling-ein-umweltperspektiven.jpg\",\"datePublished\":\"2016-11-23T15:44:12+00:00\",\"dateModified\":\"2022-02-09T10:05:39+00:00\",\"description\":\"Aldi: Eine neue Sortieranlage erm\u00f6glicht es, Getr\u00e4nkekartons und Plastikflaschen sauber zu trennen. Damit k\u00f6nnen diese gemeinsam gesammelt werden.\",\"breadcrumb\":{\"@id\":\"https:\\\/\\\/www.organisator.ch\\\/sustainability\\\/2016-11-23\\\/aldi-fuehrt-getraenkekartonrecycling-ein\\\/#breadcrumb\"},\"inLanguage\":\"en-US\",\"potentialAction\":[{\"@type\":\"ReadAction\",\"target\":[\"https:\\\/\\\/www.organisator.ch\\\/sustainability\\\/2016-11-23\\\/aldi-fuehrt-getraenkekartonrecycling-ein\\\/\"]}]},{\"@type\":\"ImageObject\",\"inLanguage\":\"en-US\",\"@id\":\"https:\\\/\\\/www.organisator.ch\\\/sustainability\\\/2016-11-23\\\/aldi-fuehrt-getraenkekartonrecycling-ein\\\/#primaryimage\",\"url\":\"https:\\\/\\\/www.organisator.ch\\\/wp-content\\\/uploads\\\/2016\\\/12\\\/Aldi-fuehrt-Getraenkekartonrecycling-ein-umweltperspektiven.jpg\",\"contentUrl\":\"https:\\\/\\\/www.organisator.ch\\\/wp-content\\\/uploads\\\/2016\\\/12\\\/Aldi-fuehrt-Getraenkekartonrecycling-ein-umweltperspektiven.jpg\",\"width\":2048,\"height\":1365,\"caption\":\"Aldi f\u00fchrt Getr\u00e4nkekartonrecycling ein-umweltperspektiven\"},{\"@type\":\"BreadcrumbList\",\"@id\":\"https:\\\/\\\/www.organisator.ch\\\/sustainability\\\/2016-11-23\\\/aldi-fuehrt-getraenkekartonrecycling-ein\\\/#breadcrumb\",\"itemListElement\":[{\"@type\":\"ListItem\",\"position\":1,\"name\":\"Home\",\"item\":\"https:\\\/\\\/www.organisator.ch\\\/\"},{\"@type\":\"ListItem\",\"position\":2,\"name\":\"Aldi f\u00fchrt Getr\u00e4nkekartonrecycling ein\"}]},{\"@type\":\"WebSite\",\"@id\":\"https:\\\/\\\/www.organisator.ch\\\/#website\",\"url\":\"https:\\\/\\\/www.organisator.ch\\\/\",\"name\":\"Organisator\",\"description\":\"Kompetent. Praxisnah. Der ORGANISATOR bereitet in 10 Ausgaben pro Jahr die wesentlichen Themen f\u00fcr F\u00fchrungskr\u00e4fte von KMU auf.\",\"publisher\":{\"@id\":\"https:\\\/\\\/www.organisator.ch\\\/#organization\"},\"potentialAction\":[{\"@type\":\"SearchAction\",\"target\":{\"@type\":\"EntryPoint\",\"urlTemplate\":\"https:\\\/\\\/www.organisator.ch\\\/?s={search_term_string}\"},\"query-input\":{\"@type\":\"PropertyValueSpecification\",\"valueRequired\":true,\"valueName\":\"search_term_string\"}}],\"inLanguage\":\"en-US\"},{\"@type\":\"Organization\",\"@id\":\"https:\\\/\\\/www.organisator.ch\\\/#organization\",\"name\":\"Organisator\",\"url\":\"https:\\\/\\\/www.organisator.ch\\\/\",\"logo\":{\"@type\":\"ImageObject\",\"inLanguage\":\"en-US\",\"@id\":\"https:\\\/\\\/www.organisator.ch\\\/#\\\/schema\\\/logo\\\/image\\\/\",\"url\":\"https:\\\/\\\/www.organisator.ch\\\/wp-content\\\/uploads\\\/2022\\\/01\\\/Logo_Organisator_Website.png\",\"contentUrl\":\"https:\\\/\\\/www.organisator.ch\\\/wp-content\\\/uploads\\\/2022\\\/01\\\/Logo_Organisator_Website.png\",\"width\":800,\"height\":77,\"caption\":\"Organisator\"},\"image\":{\"@id\":\"https:\\\/\\\/www.organisator.ch\\\/#\\\/schema\\\/logo\\\/image\\\/\"},\"sameAs\":[\"https:\\\/\\\/www.facebook.com\\\/OrganisatorFachmagazin\",\"https:\\\/\\\/www.linkedin.com\\\/showcase\\\/organisator-das-magazin-fr-kmu\",\"https:\\\/\\\/www.xing.com\\\/news\\\/pages\\\/organisator-ch-695\",\"https:\\\/\\\/www.youtube.com\\\/channel\\\/UCGP2Sq0iWaZwT3BdIAQFYpw\"]},{\"@type\":\"Person\",\"@id\":\"https:\\\/\\\/www.organisator.ch\\\/#\\\/schema\\\/person\\\/aa2bace6c5c5aad60102004a50c4eb1c\",\"name\":\"admin\",\"image\":{\"@type\":\"ImageObject\",\"inLanguage\":\"en-US\",\"@id\":\"https:\\\/\\\/secure.gravatar.com\\\/avatar\\\/ae2f4d718e6c49043e314ce431e7e645d646302a24a5ef5a8bc8e3f5a032e319?s=96&d=mm&r=g\",\"url\":\"https:\\\/\\\/secure.gravatar.com\\\/avatar\\\/ae2f4d718e6c49043e314ce431e7e645d646302a24a5ef5a8bc8e3f5a032e319?s=96&d=mm&r=g\",\"contentUrl\":\"https:\\\/\\\/secure.gravatar.com\\\/avatar\\\/ae2f4d718e6c49043e314ce431e7e645d646302a24a5ef5a8bc8e3f5a032e319?s=96&d=mm&r=g\",\"caption\":\"admin\"},\"sameAs\":[\"https:\\\/\\\/www.organisator.ch\"],\"url\":\"https:\\\/\\\/www.organisator.ch\\\/en\\\/author\\\/admin\\\/\"}]}<\/script>\n<!-- \/ Yoast SEO plugin. -->","yoast_head_json":{"title":"Aldi introduces beverage carton recycling - organizer","description":"Aldi: A new sorting system makes it possible to cleanly separate beverage cartons and plastic bottles. This means they can be collected together.","robots":{"index":"index","follow":"follow","max-snippet":"max-snippet:-1","max-image-preview":"max-image-preview:large","max-video-preview":"max-video-preview:-1"},"canonical":"https:\/\/www.organisator.ch\/en\/sustainability\/2016-11-23\/aldi-fuehrt-getraenkekartonrecycling-ein\/","og_locale":"en_US","og_type":"article","og_title":"Aldi f\u00fchrt Getr\u00e4nkekartonrecycling ein - Organisator","og_description":"Aldi: Eine neue Sortieranlage erm\u00f6glicht es, Getr\u00e4nkekartons und Plastikflaschen sauber zu trennen. Damit k\u00f6nnen diese gemeinsam gesammelt werden.","og_url":"https:\/\/www.organisator.ch\/en\/sustainability\/2016-11-23\/aldi-fuehrt-getraenkekartonrecycling-ein\/","og_site_name":"Organisator","article_publisher":"https:\/\/www.facebook.com\/OrganisatorFachmagazin","article_published_time":"2016-11-23T15:44:12+00:00","article_modified_time":"2022-02-09T10:05:39+00:00","og_image":[{"width":2048,"height":1365,"url":"https:\/\/www.organisator.ch\/wp-content\/uploads\/2016\/12\/Aldi-fuehrt-Getraenkekartonrecycling-ein-umweltperspektiven.jpg","type":"image\/jpeg"}],"author":"admin","twitter_card":"summary_large_image","schema":{"@context":"https:\/\/schema.org","@graph":[{"@type":"Article","@id":"https:\/\/www.organisator.ch\/sustainability\/2016-11-23\/aldi-fuehrt-getraenkekartonrecycling-ein\/#article","isPartOf":{"@id":"https:\/\/www.organisator.ch\/sustainability\/2016-11-23\/aldi-fuehrt-getraenkekartonrecycling-ein\/"},"author":{"name":"admin","@id":"https:\/\/www.organisator.ch\/#\/schema\/person\/aa2bace6c5c5aad60102004a50c4eb1c"},"headline":"Aldi f\u00fchrt Getr\u00e4nkekartonrecycling ein","datePublished":"2016-11-23T15:44:12+00:00","dateModified":"2022-02-09T10:05:39+00:00","mainEntityOfPage":{"@id":"https:\/\/www.organisator.ch\/sustainability\/2016-11-23\/aldi-fuehrt-getraenkekartonrecycling-ein\/"},"wordCount":238,"commentCount":0,"publisher":{"@id":"https:\/\/www.organisator.ch\/#organization"},"image":{"@id":"https:\/\/www.organisator.ch\/sustainability\/2016-11-23\/aldi-fuehrt-getraenkekartonrecycling-ein\/#primaryimage"},"thumbnailUrl":"https:\/\/www.organisator.ch\/wp-content\/uploads\/2016\/12\/Aldi-fuehrt-Getraenkekartonrecycling-ein-umweltperspektiven.jpg","keywords":["Aldi","Getr\u00e4nkekarton","M\u00fcller Recycling","Recycling"],"articleSection":["SUSTAINABILITY"],"inLanguage":"en-US"},{"@type":"WebPage","@id":"https:\/\/www.organisator.ch\/sustainability\/2016-11-23\/aldi-fuehrt-getraenkekartonrecycling-ein\/","url":"https:\/\/www.organisator.ch\/sustainability\/2016-11-23\/aldi-fuehrt-getraenkekartonrecycling-ein\/","name":"Aldi introduces beverage carton recycling - organizer","isPartOf":{"@id":"https:\/\/www.organisator.ch\/#website"},"primaryImageOfPage":{"@id":"https:\/\/www.organisator.ch\/sustainability\/2016-11-23\/aldi-fuehrt-getraenkekartonrecycling-ein\/#primaryimage"},"image":{"@id":"https:\/\/www.organisator.ch\/sustainability\/2016-11-23\/aldi-fuehrt-getraenkekartonrecycling-ein\/#primaryimage"},"thumbnailUrl":"https:\/\/www.organisator.ch\/wp-content\/uploads\/2016\/12\/Aldi-fuehrt-Getraenkekartonrecycling-ein-umweltperspektiven.jpg","datePublished":"2016-11-23T15:44:12+00:00","dateModified":"2022-02-09T10:05:39+00:00","description":"Aldi: A new sorting system makes it possible to cleanly separate beverage cartons and plastic bottles. This means they can be collected together.","breadcrumb":{"@id":"https:\/\/www.organisator.ch\/sustainability\/2016-11-23\/aldi-fuehrt-getraenkekartonrecycling-ein\/#breadcrumb"},"inLanguage":"en-US","potentialAction":[{"@type":"ReadAction","target":["https:\/\/www.organisator.ch\/sustainability\/2016-11-23\/aldi-fuehrt-getraenkekartonrecycling-ein\/"]}]},{"@type":"ImageObject","inLanguage":"en-US","@id":"https:\/\/www.organisator.ch\/sustainability\/2016-11-23\/aldi-fuehrt-getraenkekartonrecycling-ein\/#primaryimage","url":"https:\/\/www.organisator.ch\/wp-content\/uploads\/2016\/12\/Aldi-fuehrt-Getraenkekartonrecycling-ein-umweltperspektiven.jpg","contentUrl":"https:\/\/www.organisator.ch\/wp-content\/uploads\/2016\/12\/Aldi-fuehrt-Getraenkekartonrecycling-ein-umweltperspektiven.jpg","width":2048,"height":1365,"caption":"Aldi f\u00fchrt Getr\u00e4nkekartonrecycling ein-umweltperspektiven"},{"@type":"BreadcrumbList","@id":"https:\/\/www.organisator.ch\/sustainability\/2016-11-23\/aldi-fuehrt-getraenkekartonrecycling-ein\/#breadcrumb","itemListElement":[{"@type":"ListItem","position":1,"name":"Home","item":"https:\/\/www.organisator.ch\/"},{"@type":"ListItem","position":2,"name":"Aldi f\u00fchrt Getr\u00e4nkekartonrecycling ein"}]},{"@type":"WebSite","@id":"https:\/\/www.organisator.ch\/#website","url":"https:\/\/www.organisator.ch\/","name":"Organizer","description":"Competent. Practical. In 10 issues per year, ORGANISATOR presents the essential topics for managers of SMEs.","publisher":{"@id":"https:\/\/www.organisator.ch\/#organization"},"potentialAction":[{"@type":"SearchAction","target":{"@type":"EntryPoint","urlTemplate":"https:\/\/www.organisator.ch\/?s={search_term_string}"},"query-input":{"@type":"PropertyValueSpecification","valueRequired":true,"valueName":"search_term_string"}}],"inLanguage":"en-US"},{"@type":"Organization","@id":"https:\/\/www.organisator.ch\/#organization","name":"Organizer","url":"https:\/\/www.organisator.ch\/","logo":{"@type":"ImageObject","inLanguage":"en-US","@id":"https:\/\/www.organisator.ch\/#\/schema\/logo\/image\/","url":"https:\/\/www.organisator.ch\/wp-content\/uploads\/2022\/01\/Logo_Organisator_Website.png","contentUrl":"https:\/\/www.organisator.ch\/wp-content\/uploads\/2022\/01\/Logo_Organisator_Website.png","width":800,"height":77,"caption":"Organisator"},"image":{"@id":"https:\/\/www.organisator.ch\/#\/schema\/logo\/image\/"},"sameAs":["https:\/\/www.facebook.com\/OrganisatorFachmagazin","https:\/\/www.linkedin.com\/showcase\/organisator-das-magazin-fr-kmu","https:\/\/www.xing.com\/news\/pages\/organisator-ch-695","https:\/\/www.youtube.com\/channel\/UCGP2Sq0iWaZwT3BdIAQFYpw"]},{"@type":"Person","@id":"https:\/\/www.organisator.ch\/#\/schema\/person\/aa2bace6c5c5aad60102004a50c4eb1c","name":"admin","image":{"@type":"ImageObject","inLanguage":"en-US","@id":"https:\/\/secure.gravatar.com\/avatar\/ae2f4d718e6c49043e314ce431e7e645d646302a24a5ef5a8bc8e3f5a032e319?s=96&d=mm&r=g","url":"https:\/\/secure.gravatar.com\/avatar\/ae2f4d718e6c49043e314ce431e7e645d646302a24a5ef5a8bc8e3f5a032e319?s=96&d=mm&r=g","contentUrl":"https:\/\/secure.gravatar.com\/avatar\/ae2f4d718e6c49043e314ce431e7e645d646302a24a5ef5a8bc8e3f5a032e319?s=96&d=mm&r=g","caption":"admin"},"sameAs":["https:\/\/www.organisator.ch"],"url":"https:\/\/www.organisator.ch\/en\/author\/admin\/"}]}},"_links":{"self":[{"href":"https:\/\/www.organisator.ch\/en\/wp-json\/wp\/v2\/posts\/9978","targetHints":{"allow":["GET"]}}],"collection":[{"href":"https:\/\/www.organisator.ch\/en\/wp-json\/wp\/v2\/posts"}],"about":[{"href":"https:\/\/www.organisator.ch\/en\/wp-json\/wp\/v2\/types\/post"}],"author":[{"embeddable":true,"href":"https:\/\/www.organisator.ch\/en\/wp-json\/wp\/v2\/users\/1"}],"replies":[{"embeddable":true,"href":"https:\/\/www.organisator.ch\/en\/wp-json\/wp\/v2\/comments?post=9978"}],"version-history":[{"count":1,"href":"https:\/\/www.organisator.ch\/en\/wp-json\/wp\/v2\/posts\/9978\/revisions"}],"predecessor-version":[{"id":10434,"href":"https:\/\/www.organisator.ch\/en\/wp-json\/wp\/v2\/posts\/9978\/revisions\/10434"}],"wp:featuredmedia":[{"embeddable":true,"href":"https:\/\/www.organisator.ch\/en\/wp-json\/wp\/v2\/media\/9434"}],"wp:attachment":[{"href":"https:\/\/www.organisator.ch\/en\/wp-json\/wp\/v2\/media?parent=9978"}],"wp:term":[{"taxonomy":"category","embeddable":true,"href":"https:\/\/www.organisator.ch\/en\/wp-json\/wp\/v2\/categories?post=9978"},{"taxonomy":"post_tag","embeddable":true,"href":"https:\/\/www.organisator.ch\/en\/wp-json\/wp\/v2\/tags?post=9978"}],"curies":[{"name":"wp","href":"https:\/\/api.w.org\/{rel}","templated":true}]}}