{"id":9979,"date":"2016-11-30T16:45:35","date_gmt":"2016-11-30T15:45:35","guid":{"rendered":"https:\/\/dev.umweltperspektiven.ch\/?p=595"},"modified":"2016-11-30T16:45:35","modified_gmt":"2016-11-30T15:45:35","slug":"studie-ueber-umweltziele-der-schweizer-unternehmen","status":"publish","type":"post","link":"https:\/\/www.organisator.ch\/en\/allgemein\/2016-11-30\/studie-ueber-umweltziele-der-schweizer-unternehmen\/","title":{"rendered":"Study on environmental targets of Swiss companies"},"content":{"rendered":"<figure id=\"attachment_596\" aria-describedby=\"caption-attachment-596\" style=\"width: 680px\" class=\"wp-caption alignnone\"><a href=\"\/\/dev.umweltperspektiven.ch\/wp-content\/uploads\/2016\/12\/Studie-\u00fcber-Umweltziele-der-Schweizer-Unternehmen-umweltperspektiven.jpg\"><img loading=\"lazy\" decoding=\"async\" class=\"size-medium wp-image-596\" src=\"\/\/dev.umweltperspektiven.ch\/wp-content\/uploads\/2016\/12\/Studie-\u00fcber-Umweltziele-der-Schweizer-Unternehmen-umweltperspektiven.jpg\" alt=\"Energy, emissions and waste are at the top of the list of environmental targets\" width=\"680\" height=\"451\" \/><\/a><figcaption id=\"caption-attachment-596\" class=\"wp-caption-text\">Energy, emissions and waste are at the top of the list of environmental targets<\/figcaption><\/figure>\n<p>Companies play a crucial role in the implementation of the global Sustainable Development Goals (SDGs) defined in 2015. On the one hand, they provide those goods and services whose consumption leaves a \"footprint\" that threatens to exceed planetary impact limits. On the other hand, they have numerous resources and opportunities for influence that enable them to make significant contributions to sustainable development.<\/p>\n<p><strong>The relevance of concrete goals<\/strong><\/p>\n<p>The extent to which they are aware of their corporate responsibility can be seen, among other things, from whether they have recognized environmental issues as a strategic success factor and systematically anchored them in management.<\/p>\n<p>A relevant and meaningful indicator for this is the existence or non-existence of concrete objectives. For according to an old \"management wisdom\", you cannot and will not manage what you cannot measure. And in a business context, you can only measure something for which you have previously formulated an objective with associated indicators.<\/p>\n<p>This was the starting point for the project \"Environmental Goals of Companies in Switzerland\", which was commissioned by the FOEN and developed during the summer of 2016 by a research consortium led by Prof. Dr. Claus-Heinrich Daub, Deputy Head of the Institute for Corporate Management at the FHNW School of Business, together with Herbert Winist\u00f6rfer, Head of the Center for Corporate Responsibility at the ZHAW School of Management and Law.<\/p>\n<p>The aim of the study was to find out which environmental goals Swiss companies publish (quantitative dimension), which topics or environmental fields of action are addressed and how the goals are formulated (qualitative dimension). Obstacles and potentially beneficial factors were also to be identified.<\/p>\n<p>For this purpose, the research team looked at the 500 largest Swiss companies. Those that have public reporting and publish at least one environmental target were examined in detail. This basic sample consisted of 88 companies.<\/p>\n<p>In addition, eight of the small and medium-sized enterprises (SMEs) that have a reporting system with sustainability targets and are considered pioneers, as well as eight multinational enterprises (MNEs) that are considered \"best practice\" in terms of environmental targets, were analyzed as a comparative sample.<\/p>\n<p>Since an analysis of reports, among other things, cannot provide information on motivations and backgrounds for setting targets, individual and group interviews were conducted. Both business leaders or CEOs as well as sustainability or environmental managers of some selected companies were interviewed.<\/p>\n<p><strong>Industry differences large<\/strong><\/p>\n<p>Depending on the industry, very different proportions of companies can be found that have environmental targets at all: While there are 50% or more in the paper and cardboard industry, banks and in the cosmetics industry, the proportion in the computer\/computer industry is 5%.<\/p>\n<p>Most of the companies that formulate targets focus on energy, emissions, wastewater and waste and materials. Less attention is paid to biodiversity, products, transport and supplier certification. The majority limit themselves to areas that are dealt with in-house - the preceding or subsequent stages of the value chain are rather rarely considered.<\/p>\n<p>The entire study as well as an abridged version can be found at the <a href=\"http:\/\/www.bafu.admin.ch\/wirtschaft\/10365\/15875\/index.html?lang=de\" target=\"_blank\" rel=\"noreferrer noopener\" data-cke-saved-href=\"\/\/www.bafu.admin.ch\/wirtschaft\/10365\/15875\/index.html?lang=de\">FOEN website.\u00a0<\/a><\/p>","protected":false},"excerpt":{"rendered":"<p>Bei der Umsetzung der im Jahr 2015 festgelegten, globalen Sustainable Development Goals (SDG) spielen Unternehmen eine entscheidende Rolle. Sie stellen einerseits jene Waren und Dienstleistungen bereit, deren Konsum einen \u201eFussabdruck\u201c hinterl\u00e4sst, der die planetaren Belastungsgrenzen zu sprengen droht. Sie verf\u00fcgen andererseits \u00fcber zahlreiche Ressourcen und Einflussm\u00f6glichkeiten, die es ihnen erm\u00f6glichen, wesentliche Beitr\u00e4ge zu einer nachhaltigen [&hellip;]<\/p>\n","protected":false},"author":1,"featured_media":9435,"comment_status":"open","ping_status":"open","sticky":false,"template":"","format":"standard","meta":{"_acf_changed":false,"_yoast_wpseo_focuskw":"Umweltziele","_yoast_wpseo_metadesc":"Eine Studie im Auftrag des BAFU hat untersucht, welche Umweltziele Schweizer Unternehmen verfolgen.","articlekey":"","footnotes":""},"categories":[1],"tags":[762,1168,459,460,2393],"class_list":["post-9979","post","type-post","status-publish","format-standard","has-post-thumbnail","hentry","category-allgemein","tag-bafu","tag-fhnw","tag-studie","tag-studien","tag-umweltziele"],"acf":[],"yoast_head":"<!-- This site is optimized with the Yoast SEO plugin v27.5 - https:\/\/yoast.com\/product\/yoast-seo-wordpress\/ -->\n<title>Studie \u00fcber Umweltziele der Schweizer Unternehmen - Organisator<\/title>\n<meta name=\"description\" content=\"Eine Studie im Auftrag des BAFU hat untersucht, welche Umweltziele Schweizer Unternehmen verfolgen.\" \/>\n<meta name=\"robots\" content=\"index, follow, max-snippet:-1, max-image-preview:large, max-video-preview:-1\" \/>\n<link rel=\"canonical\" href=\"https:\/\/www.organisator.ch\/en\/general\/2016-11-30\/studie-ueber-umweltziele-der-schweizer-unternehmen\/\" \/>\n<meta property=\"og:locale\" content=\"en_US\" \/>\n<meta property=\"og:type\" content=\"article\" \/>\n<meta property=\"og:title\" content=\"Studie \u00fcber Umweltziele der Schweizer Unternehmen - Organisator\" \/>\n<meta property=\"og:description\" content=\"Eine Studie im Auftrag des BAFU hat untersucht, welche Umweltziele Schweizer Unternehmen verfolgen.\" \/>\n<meta property=\"og:url\" content=\"https:\/\/www.organisator.ch\/en\/general\/2016-11-30\/studie-ueber-umweltziele-der-schweizer-unternehmen\/\" \/>\n<meta property=\"og:site_name\" content=\"Organisator\" \/>\n<meta property=\"article:publisher\" content=\"https:\/\/www.facebook.com\/OrganisatorFachmagazin\" \/>\n<meta property=\"article:published_time\" content=\"2016-11-30T15:45:35+00:00\" \/>\n<meta property=\"og:image\" content=\"https:\/\/www.organisator.ch\/wp-content\/uploads\/2016\/12\/Studie-ueber-Umweltziele-der-Schweizer-Unternehmen-umweltperspektiven.jpg\" \/>\n\t<meta property=\"og:image:width\" content=\"1000\" \/>\n\t<meta property=\"og:image:height\" content=\"663\" \/>\n\t<meta property=\"og:image:type\" content=\"image\/jpeg\" \/>\n<meta name=\"author\" content=\"admin\" \/>\n<meta name=\"twitter:card\" content=\"summary_large_image\" \/>\n<script type=\"application\/ld+json\" class=\"yoast-schema-graph\">{\"@context\":\"https:\\\/\\\/schema.org\",\"@graph\":[{\"@type\":\"Article\",\"@id\":\"https:\\\/\\\/www.organisator.ch\\\/it\\\/generale\\\/2016-11-30\\\/studie-ueber-umweltziele-der-schweizer-unternehmen\\\/#article\",\"isPartOf\":{\"@id\":\"https:\\\/\\\/www.organisator.ch\\\/it\\\/generale\\\/2016-11-30\\\/studie-ueber-umweltziele-der-schweizer-unternehmen\\\/\"},\"author\":{\"name\":\"admin\",\"@id\":\"https:\\\/\\\/www.organisator.ch\\\/#\\\/schema\\\/person\\\/aa2bace6c5c5aad60102004a50c4eb1c\"},\"headline\":\"Studie \u00fcber Umweltziele der Schweizer Unternehmen\",\"datePublished\":\"2016-11-30T15:45:35+00:00\",\"mainEntityOfPage\":{\"@id\":\"https:\\\/\\\/www.organisator.ch\\\/it\\\/generale\\\/2016-11-30\\\/studie-ueber-umweltziele-der-schweizer-unternehmen\\\/\"},\"wordCount\":507,\"commentCount\":0,\"publisher\":{\"@id\":\"https:\\\/\\\/www.organisator.ch\\\/#organization\"},\"image\":{\"@id\":\"https:\\\/\\\/www.organisator.ch\\\/it\\\/generale\\\/2016-11-30\\\/studie-ueber-umweltziele-der-schweizer-unternehmen\\\/#primaryimage\"},\"thumbnailUrl\":\"https:\\\/\\\/www.organisator.ch\\\/wp-content\\\/uploads\\\/2016\\\/12\\\/Studie-ueber-Umweltziele-der-Schweizer-Unternehmen-umweltperspektiven.jpg\",\"keywords\":[\"BAFU\",\"FHNW\",\"Studie\",\"Studien\",\"Umweltziele\"],\"articleSection\":[\"Allgemein\"],\"inLanguage\":\"en-US\"},{\"@type\":\"WebPage\",\"@id\":\"https:\\\/\\\/www.organisator.ch\\\/it\\\/generale\\\/2016-11-30\\\/studie-ueber-umweltziele-der-schweizer-unternehmen\\\/\",\"url\":\"https:\\\/\\\/www.organisator.ch\\\/it\\\/generale\\\/2016-11-30\\\/studie-ueber-umweltziele-der-schweizer-unternehmen\\\/\",\"name\":\"Studie \u00fcber Umweltziele der Schweizer Unternehmen - Organisator\",\"isPartOf\":{\"@id\":\"https:\\\/\\\/www.organisator.ch\\\/#website\"},\"primaryImageOfPage\":{\"@id\":\"https:\\\/\\\/www.organisator.ch\\\/it\\\/generale\\\/2016-11-30\\\/studie-ueber-umweltziele-der-schweizer-unternehmen\\\/#primaryimage\"},\"image\":{\"@id\":\"https:\\\/\\\/www.organisator.ch\\\/it\\\/generale\\\/2016-11-30\\\/studie-ueber-umweltziele-der-schweizer-unternehmen\\\/#primaryimage\"},\"thumbnailUrl\":\"https:\\\/\\\/www.organisator.ch\\\/wp-content\\\/uploads\\\/2016\\\/12\\\/Studie-ueber-Umweltziele-der-Schweizer-Unternehmen-umweltperspektiven.jpg\",\"datePublished\":\"2016-11-30T15:45:35+00:00\",\"description\":\"Eine Studie im Auftrag des BAFU hat untersucht, welche Umweltziele Schweizer Unternehmen verfolgen.\",\"breadcrumb\":{\"@id\":\"https:\\\/\\\/www.organisator.ch\\\/it\\\/generale\\\/2016-11-30\\\/studie-ueber-umweltziele-der-schweizer-unternehmen\\\/#breadcrumb\"},\"inLanguage\":\"en-US\",\"potentialAction\":[{\"@type\":\"ReadAction\",\"target\":[\"https:\\\/\\\/www.organisator.ch\\\/it\\\/generale\\\/2016-11-30\\\/studie-ueber-umweltziele-der-schweizer-unternehmen\\\/\"]}]},{\"@type\":\"ImageObject\",\"inLanguage\":\"en-US\",\"@id\":\"https:\\\/\\\/www.organisator.ch\\\/it\\\/generale\\\/2016-11-30\\\/studie-ueber-umweltziele-der-schweizer-unternehmen\\\/#primaryimage\",\"url\":\"https:\\\/\\\/www.organisator.ch\\\/wp-content\\\/uploads\\\/2016\\\/12\\\/Studie-ueber-Umweltziele-der-Schweizer-Unternehmen-umweltperspektiven.jpg\",\"contentUrl\":\"https:\\\/\\\/www.organisator.ch\\\/wp-content\\\/uploads\\\/2016\\\/12\\\/Studie-ueber-Umweltziele-der-Schweizer-Unternehmen-umweltperspektiven.jpg\",\"width\":1000,\"height\":663,\"caption\":\"Energie, Emissionen und Abfall stehen an den ersten Stellen bei den Umweltzielen\"},{\"@type\":\"BreadcrumbList\",\"@id\":\"https:\\\/\\\/www.organisator.ch\\\/it\\\/generale\\\/2016-11-30\\\/studie-ueber-umweltziele-der-schweizer-unternehmen\\\/#breadcrumb\",\"itemListElement\":[{\"@type\":\"ListItem\",\"position\":1,\"name\":\"Home\",\"item\":\"https:\\\/\\\/www.organisator.ch\\\/\"},{\"@type\":\"ListItem\",\"position\":2,\"name\":\"Studie \u00fcber Umweltziele der Schweizer Unternehmen\"}]},{\"@type\":\"WebSite\",\"@id\":\"https:\\\/\\\/www.organisator.ch\\\/#website\",\"url\":\"https:\\\/\\\/www.organisator.ch\\\/\",\"name\":\"Organisator\",\"description\":\"Kompetent. Praxisnah. Der ORGANISATOR bereitet in 10 Ausgaben pro Jahr die wesentlichen Themen f\u00fcr F\u00fchrungskr\u00e4fte von KMU auf.\",\"publisher\":{\"@id\":\"https:\\\/\\\/www.organisator.ch\\\/#organization\"},\"potentialAction\":[{\"@type\":\"SearchAction\",\"target\":{\"@type\":\"EntryPoint\",\"urlTemplate\":\"https:\\\/\\\/www.organisator.ch\\\/?s={search_term_string}\"},\"query-input\":{\"@type\":\"PropertyValueSpecification\",\"valueRequired\":true,\"valueName\":\"search_term_string\"}}],\"inLanguage\":\"en-US\"},{\"@type\":\"Organization\",\"@id\":\"https:\\\/\\\/www.organisator.ch\\\/#organization\",\"name\":\"Organisator\",\"url\":\"https:\\\/\\\/www.organisator.ch\\\/\",\"logo\":{\"@type\":\"ImageObject\",\"inLanguage\":\"en-US\",\"@id\":\"https:\\\/\\\/www.organisator.ch\\\/#\\\/schema\\\/logo\\\/image\\\/\",\"url\":\"https:\\\/\\\/www.organisator.ch\\\/wp-content\\\/uploads\\\/2022\\\/01\\\/Logo_Organisator_Website.png\",\"contentUrl\":\"https:\\\/\\\/www.organisator.ch\\\/wp-content\\\/uploads\\\/2022\\\/01\\\/Logo_Organisator_Website.png\",\"width\":800,\"height\":77,\"caption\":\"Organisator\"},\"image\":{\"@id\":\"https:\\\/\\\/www.organisator.ch\\\/#\\\/schema\\\/logo\\\/image\\\/\"},\"sameAs\":[\"https:\\\/\\\/www.facebook.com\\\/OrganisatorFachmagazin\",\"https:\\\/\\\/www.linkedin.com\\\/showcase\\\/organisator-das-magazin-fr-kmu\",\"https:\\\/\\\/www.xing.com\\\/news\\\/pages\\\/organisator-ch-695\",\"https:\\\/\\\/www.youtube.com\\\/channel\\\/UCGP2Sq0iWaZwT3BdIAQFYpw\"]},{\"@type\":\"Person\",\"@id\":\"https:\\\/\\\/www.organisator.ch\\\/#\\\/schema\\\/person\\\/aa2bace6c5c5aad60102004a50c4eb1c\",\"name\":\"admin\",\"image\":{\"@type\":\"ImageObject\",\"inLanguage\":\"en-US\",\"@id\":\"https:\\\/\\\/secure.gravatar.com\\\/avatar\\\/ae2f4d718e6c49043e314ce431e7e645d646302a24a5ef5a8bc8e3f5a032e319?s=96&d=mm&r=g\",\"url\":\"https:\\\/\\\/secure.gravatar.com\\\/avatar\\\/ae2f4d718e6c49043e314ce431e7e645d646302a24a5ef5a8bc8e3f5a032e319?s=96&d=mm&r=g\",\"contentUrl\":\"https:\\\/\\\/secure.gravatar.com\\\/avatar\\\/ae2f4d718e6c49043e314ce431e7e645d646302a24a5ef5a8bc8e3f5a032e319?s=96&d=mm&r=g\",\"caption\":\"admin\"},\"sameAs\":[\"https:\\\/\\\/www.organisator.ch\"],\"url\":\"https:\\\/\\\/www.organisator.ch\\\/en\\\/author\\\/admin\\\/\"}]}<\/script>\n<!-- \/ Yoast SEO plugin. -->","yoast_head_json":{"title":"Study on environmental goals of Swiss companies - Organizer","description":"A study commissioned by the FOEN has investigated which environmental goals Swiss companies pursue.","robots":{"index":"index","follow":"follow","max-snippet":"max-snippet:-1","max-image-preview":"max-image-preview:large","max-video-preview":"max-video-preview:-1"},"canonical":"https:\/\/www.organisator.ch\/en\/general\/2016-11-30\/studie-ueber-umweltziele-der-schweizer-unternehmen\/","og_locale":"en_US","og_type":"article","og_title":"Studie \u00fcber Umweltziele der Schweizer Unternehmen - Organisator","og_description":"Eine Studie im Auftrag des BAFU hat untersucht, welche Umweltziele Schweizer Unternehmen verfolgen.","og_url":"https:\/\/www.organisator.ch\/en\/general\/2016-11-30\/studie-ueber-umweltziele-der-schweizer-unternehmen\/","og_site_name":"Organisator","article_publisher":"https:\/\/www.facebook.com\/OrganisatorFachmagazin","article_published_time":"2016-11-30T15:45:35+00:00","og_image":[{"width":1000,"height":663,"url":"https:\/\/www.organisator.ch\/wp-content\/uploads\/2016\/12\/Studie-ueber-Umweltziele-der-Schweizer-Unternehmen-umweltperspektiven.jpg","type":"image\/jpeg"}],"author":"admin","twitter_card":"summary_large_image","schema":{"@context":"https:\/\/schema.org","@graph":[{"@type":"Article","@id":"https:\/\/www.organisator.ch\/it\/generale\/2016-11-30\/studie-ueber-umweltziele-der-schweizer-unternehmen\/#article","isPartOf":{"@id":"https:\/\/www.organisator.ch\/it\/generale\/2016-11-30\/studie-ueber-umweltziele-der-schweizer-unternehmen\/"},"author":{"name":"admin","@id":"https:\/\/www.organisator.ch\/#\/schema\/person\/aa2bace6c5c5aad60102004a50c4eb1c"},"headline":"Studie \u00fcber Umweltziele der Schweizer Unternehmen","datePublished":"2016-11-30T15:45:35+00:00","mainEntityOfPage":{"@id":"https:\/\/www.organisator.ch\/it\/generale\/2016-11-30\/studie-ueber-umweltziele-der-schweizer-unternehmen\/"},"wordCount":507,"commentCount":0,"publisher":{"@id":"https:\/\/www.organisator.ch\/#organization"},"image":{"@id":"https:\/\/www.organisator.ch\/it\/generale\/2016-11-30\/studie-ueber-umweltziele-der-schweizer-unternehmen\/#primaryimage"},"thumbnailUrl":"https:\/\/www.organisator.ch\/wp-content\/uploads\/2016\/12\/Studie-ueber-Umweltziele-der-Schweizer-Unternehmen-umweltperspektiven.jpg","keywords":["BAFU","FHNW","Studie","Studien","Umweltziele"],"articleSection":["Allgemein"],"inLanguage":"en-US"},{"@type":"WebPage","@id":"https:\/\/www.organisator.ch\/it\/generale\/2016-11-30\/studie-ueber-umweltziele-der-schweizer-unternehmen\/","url":"https:\/\/www.organisator.ch\/it\/generale\/2016-11-30\/studie-ueber-umweltziele-der-schweizer-unternehmen\/","name":"Study on environmental goals of Swiss companies - Organizer","isPartOf":{"@id":"https:\/\/www.organisator.ch\/#website"},"primaryImageOfPage":{"@id":"https:\/\/www.organisator.ch\/it\/generale\/2016-11-30\/studie-ueber-umweltziele-der-schweizer-unternehmen\/#primaryimage"},"image":{"@id":"https:\/\/www.organisator.ch\/it\/generale\/2016-11-30\/studie-ueber-umweltziele-der-schweizer-unternehmen\/#primaryimage"},"thumbnailUrl":"https:\/\/www.organisator.ch\/wp-content\/uploads\/2016\/12\/Studie-ueber-Umweltziele-der-Schweizer-Unternehmen-umweltperspektiven.jpg","datePublished":"2016-11-30T15:45:35+00:00","description":"A study commissioned by the FOEN has investigated which environmental goals Swiss companies pursue.","breadcrumb":{"@id":"https:\/\/www.organisator.ch\/it\/generale\/2016-11-30\/studie-ueber-umweltziele-der-schweizer-unternehmen\/#breadcrumb"},"inLanguage":"en-US","potentialAction":[{"@type":"ReadAction","target":["https:\/\/www.organisator.ch\/it\/generale\/2016-11-30\/studie-ueber-umweltziele-der-schweizer-unternehmen\/"]}]},{"@type":"ImageObject","inLanguage":"en-US","@id":"https:\/\/www.organisator.ch\/it\/generale\/2016-11-30\/studie-ueber-umweltziele-der-schweizer-unternehmen\/#primaryimage","url":"https:\/\/www.organisator.ch\/wp-content\/uploads\/2016\/12\/Studie-ueber-Umweltziele-der-Schweizer-Unternehmen-umweltperspektiven.jpg","contentUrl":"https:\/\/www.organisator.ch\/wp-content\/uploads\/2016\/12\/Studie-ueber-Umweltziele-der-Schweizer-Unternehmen-umweltperspektiven.jpg","width":1000,"height":663,"caption":"Energie, Emissionen und Abfall stehen an den ersten Stellen bei den Umweltzielen"},{"@type":"BreadcrumbList","@id":"https:\/\/www.organisator.ch\/it\/generale\/2016-11-30\/studie-ueber-umweltziele-der-schweizer-unternehmen\/#breadcrumb","itemListElement":[{"@type":"ListItem","position":1,"name":"Home","item":"https:\/\/www.organisator.ch\/"},{"@type":"ListItem","position":2,"name":"Studie \u00fcber Umweltziele der Schweizer Unternehmen"}]},{"@type":"WebSite","@id":"https:\/\/www.organisator.ch\/#website","url":"https:\/\/www.organisator.ch\/","name":"Organizer","description":"Competent. Practical. In 10 issues per year, ORGANISATOR presents the essential topics for managers of SMEs.","publisher":{"@id":"https:\/\/www.organisator.ch\/#organization"},"potentialAction":[{"@type":"SearchAction","target":{"@type":"EntryPoint","urlTemplate":"https:\/\/www.organisator.ch\/?s={search_term_string}"},"query-input":{"@type":"PropertyValueSpecification","valueRequired":true,"valueName":"search_term_string"}}],"inLanguage":"en-US"},{"@type":"Organization","@id":"https:\/\/www.organisator.ch\/#organization","name":"Organizer","url":"https:\/\/www.organisator.ch\/","logo":{"@type":"ImageObject","inLanguage":"en-US","@id":"https:\/\/www.organisator.ch\/#\/schema\/logo\/image\/","url":"https:\/\/www.organisator.ch\/wp-content\/uploads\/2022\/01\/Logo_Organisator_Website.png","contentUrl":"https:\/\/www.organisator.ch\/wp-content\/uploads\/2022\/01\/Logo_Organisator_Website.png","width":800,"height":77,"caption":"Organisator"},"image":{"@id":"https:\/\/www.organisator.ch\/#\/schema\/logo\/image\/"},"sameAs":["https:\/\/www.facebook.com\/OrganisatorFachmagazin","https:\/\/www.linkedin.com\/showcase\/organisator-das-magazin-fr-kmu","https:\/\/www.xing.com\/news\/pages\/organisator-ch-695","https:\/\/www.youtube.com\/channel\/UCGP2Sq0iWaZwT3BdIAQFYpw"]},{"@type":"Person","@id":"https:\/\/www.organisator.ch\/#\/schema\/person\/aa2bace6c5c5aad60102004a50c4eb1c","name":"admin","image":{"@type":"ImageObject","inLanguage":"en-US","@id":"https:\/\/secure.gravatar.com\/avatar\/ae2f4d718e6c49043e314ce431e7e645d646302a24a5ef5a8bc8e3f5a032e319?s=96&d=mm&r=g","url":"https:\/\/secure.gravatar.com\/avatar\/ae2f4d718e6c49043e314ce431e7e645d646302a24a5ef5a8bc8e3f5a032e319?s=96&d=mm&r=g","contentUrl":"https:\/\/secure.gravatar.com\/avatar\/ae2f4d718e6c49043e314ce431e7e645d646302a24a5ef5a8bc8e3f5a032e319?s=96&d=mm&r=g","caption":"admin"},"sameAs":["https:\/\/www.organisator.ch"],"url":"https:\/\/www.organisator.ch\/en\/author\/admin\/"}]}},"_links":{"self":[{"href":"https:\/\/www.organisator.ch\/en\/wp-json\/wp\/v2\/posts\/9979","targetHints":{"allow":["GET"]}}],"collection":[{"href":"https:\/\/www.organisator.ch\/en\/wp-json\/wp\/v2\/posts"}],"about":[{"href":"https:\/\/www.organisator.ch\/en\/wp-json\/wp\/v2\/types\/post"}],"author":[{"embeddable":true,"href":"https:\/\/www.organisator.ch\/en\/wp-json\/wp\/v2\/users\/1"}],"replies":[{"embeddable":true,"href":"https:\/\/www.organisator.ch\/en\/wp-json\/wp\/v2\/comments?post=9979"}],"version-history":[{"count":0,"href":"https:\/\/www.organisator.ch\/en\/wp-json\/wp\/v2\/posts\/9979\/revisions"}],"wp:featuredmedia":[{"embeddable":true,"href":"https:\/\/www.organisator.ch\/en\/wp-json\/wp\/v2\/media\/9435"}],"wp:attachment":[{"href":"https:\/\/www.organisator.ch\/en\/wp-json\/wp\/v2\/media?parent=9979"}],"wp:term":[{"taxonomy":"category","embeddable":true,"href":"https:\/\/www.organisator.ch\/en\/wp-json\/wp\/v2\/categories?post=9979"},{"taxonomy":"post_tag","embeddable":true,"href":"https:\/\/www.organisator.ch\/en\/wp-json\/wp\/v2\/tags?post=9979"}],"curies":[{"name":"wp","href":"https:\/\/api.w.org\/{rel}","templated":true}]}}