{"id":9981,"date":"2016-12-03T16:49:31","date_gmt":"2016-12-03T15:49:31","guid":{"rendered":"https:\/\/dev.umweltperspektiven.ch\/?p=604"},"modified":"2016-12-03T16:49:31","modified_gmt":"2016-12-03T15:49:31","slug":"erffiziente-led-strassenbeleuchtung-effestrada-wird-verlaengert","status":"publish","type":"post","link":"https:\/\/www.organisator.ch\/en\/allgemein\/2016-12-03\/erffiziente-led-strassenbeleuchtung-effestrada-wird-verlaengert\/","title":{"rendered":"Efficient LED street lighting: effeSTRADA+ is extended"},"content":{"rendered":"<figure id=\"attachment_605\" aria-describedby=\"caption-attachment-605\" style=\"width: 680px\" class=\"wp-caption alignnone\"><a href=\"\/\/dev.umweltperspektiven.ch\/wp-content\/uploads\/2016\/12\/Erffiziente-LED-Strassenbeleuchtung-effeSTRADA-wird-verl\u00e4ngert-umweltperspektiven.jpg\"><img loading=\"lazy\" decoding=\"async\" class=\"size-medium wp-image-605\" src=\"\/\/dev.umweltperspektiven.ch\/wp-content\/uploads\/2016\/12\/Erffiziente-LED-Strassenbeleuchtung-effeSTRADA-wird-verl\u00e4ngert-umweltperspektiven.jpg\" alt=\"effeSTRADA aims to promote energy-efficient lighting in public spaces.\" width=\"680\" height=\"474\" \/><\/a><figcaption id=\"caption-attachment-605\" class=\"wp-caption-text\">effeSTRADA aims to promote energy-efficient lighting in public spaces.<\/figcaption><\/figure>\n<p>effeSTRADA is the national funding program of the Lighting Industry Association (fvb) to support municipalities in converting their street lighting to an intelligent LED solution. effeSTRADA is promoted by ProKilowatt and coordinated by the Professional Association of the Lighting Industry (fvb). The Swiss Agency for Energy Efficiency (S.A.F.E.) is responsible for the operational management of the program. Neutral experts are on hand to provide advice and monitor the program.<\/p>\n<p><strong>Targets exceeded<\/strong><\/p>\n<p>The purpose of effeSTRADA is clear: to promote energy-efficient lighting in public spaces. Street lighting accounts for about 1.5 percent of total electricity consumption in Switzerland. Modern LEDs in combination with intelligent control could save 70 percent of the energy.<\/p>\n<p>With the funding amount of 1 million Swiss francs, effeSTRADA pursued the goal of triggering investments in the amount of 5 million Swiss francs and saving 1.7 million kWh of electricity per year from 2014-16. According to Daniel Cathomen (fvb), the goals of the first phase of effeSTRADA were achieved faster than expected and were also significantly exceeded: instead of the targeted 5000 LED light points, 5500 were funded. However, many more were submitted. Several projects had to be rejected because the savings were too low or because the criteria were not met. In the end, projects were rejected and the budget was exhausted.<\/p>\n<p>Furthermore, 390 kWh\/a were saved per light point and year instead of 345 kWh\/a. With energy savings over 20 years, a quota of 124 percent was thus achieved, namely 42.7 GWh instead of 34.5 GWh. A total of 48 communities were supported. effeSTRADA paid 100 Swiss francs per light point.<\/p>\n<p><strong>Funding threshold lowered<\/strong><\/p>\n<p>With effeSTRADA+, the successor project which starts on January 16, 2017, the bonus of 100 Swiss francs per light point remains the same. For this, applications from 25 (previously 50 light points LED) will be funded, if the luminaire is equipped with a motion detector. At least 225 kWh\/a (previously 200 kWh\/a) are to be saved per light point; as a rule, old sodium vapor lamps are replaced. The subsidy program will run for three years, or until the subsidies of 1.2 million Swiss francs have been exhausted. The funded projects must be completed no later than 18 months after submission.<\/p>\n<p>Registration for the grant program at: <a href=\"http:\/\/www.effestrada.ch\" target=\"_blank\" rel=\"noreferrer noopener\" data-cke-saved-href=\"\/\/www.effestrada.ch\">www.effestrada.ch<\/a><\/p>\n<p>Author: Stefan Harmann, <a href=\"http:\/\/www.presseladen.ch\/\" target=\"_blank\" rel=\"noreferrer noopener\" data-cke-saved-href=\"\/\/www.presseladen.ch\/\">Press store<\/a><\/p>","protected":false},"excerpt":{"rendered":"<p>effeSTRADA ist das nationale F\u00f6rderprogramm des Fachverbandes der Beleuchtungsindustrie (fvb), um Gemeinden bei der Umr\u00fcstung ihrer Strassenbeleuchtung auf eine intelligente LED-L\u00f6sung zu unterst\u00fctzen. Gef\u00f6rdert wird effeSTRADA von ProKilowatt und koordiniert vom Fachverband der Beleuchtungsindustrie (fvb). Die operative Abwicklung des Programms \u00fcbernimmt die Schweizerische Agentur f\u00fcr Energieeffizienz (S.A.F.E.). Neutrale Experten stehen beratend zur Seite und \u00fcberwachen [&hellip;]<\/p>\n","protected":false},"author":1,"featured_media":9436,"comment_status":"open","ping_status":"open","sticky":false,"template":"","format":"standard","meta":{"_acf_changed":false,"_yoast_wpseo_focuskw":"LED","_yoast_wpseo_metadesc":"Nach der erfolgreichen ersten Phase wird das F\u00f6rderprogramm f\u00fcr nachhaltige Beleuchtung effeSTRADA+ ab 16. Januar 2017 fortgesetzt.","articlekey":"","footnotes":""},"categories":[1],"tags":[797,1020,1203],"class_list":["post-9981","post","type-post","status-publish","format-standard","has-post-thumbnail","hentry","category-allgemein","tag-beleuchtung","tag-effestrada","tag-foederprogramm"],"acf":[],"yoast_head":"<!-- This site is optimized with the Yoast SEO plugin v27.5 - https:\/\/yoast.com\/product\/yoast-seo-wordpress\/ -->\n<title>Erffiziente LED-Strassenbeleuchtung: effeSTRADA+ wird verl\u00e4ngert - Organisator<\/title>\n<meta name=\"description\" content=\"Nach der erfolgreichen ersten Phase wird das F\u00f6rderprogramm f\u00fcr nachhaltige Beleuchtung effeSTRADA+ ab 16. Januar 2017 fortgesetzt.\" \/>\n<meta name=\"robots\" content=\"index, follow, max-snippet:-1, max-image-preview:large, max-video-preview:-1\" \/>\n<link rel=\"canonical\" href=\"https:\/\/www.organisator.ch\/en\/general\/2016-12-03\/erffiziente-led-strassenbeleuchtung-effestrada-wird-verlaengert\/\" \/>\n<meta property=\"og:locale\" content=\"en_US\" \/>\n<meta property=\"og:type\" content=\"article\" \/>\n<meta property=\"og:title\" content=\"Erffiziente LED-Strassenbeleuchtung: effeSTRADA+ wird verl\u00e4ngert - Organisator\" \/>\n<meta property=\"og:description\" content=\"Nach der erfolgreichen ersten Phase wird das F\u00f6rderprogramm f\u00fcr nachhaltige Beleuchtung effeSTRADA+ ab 16. Januar 2017 fortgesetzt.\" \/>\n<meta property=\"og:url\" content=\"https:\/\/www.organisator.ch\/en\/general\/2016-12-03\/erffiziente-led-strassenbeleuchtung-effestrada-wird-verlaengert\/\" \/>\n<meta property=\"og:site_name\" content=\"Organisator\" \/>\n<meta property=\"article:publisher\" content=\"https:\/\/www.facebook.com\/OrganisatorFachmagazin\" \/>\n<meta property=\"article:published_time\" content=\"2016-12-03T15:49:31+00:00\" \/>\n<meta property=\"og:image\" content=\"https:\/\/www.organisator.ch\/wp-content\/uploads\/2016\/12\/Erffiziente-LED-Strassenbeleuchtung-effeSTRADA-wird-verlaengert-umweltperspektiven-scaled.jpg\" \/>\n\t<meta property=\"og:image:width\" content=\"2560\" \/>\n\t<meta property=\"og:image:height\" content=\"1784\" \/>\n\t<meta property=\"og:image:type\" content=\"image\/jpeg\" \/>\n<meta name=\"author\" content=\"admin\" \/>\n<meta name=\"twitter:card\" content=\"summary_large_image\" \/>\n<script type=\"application\/ld+json\" class=\"yoast-schema-graph\">{\"@context\":\"https:\\\/\\\/schema.org\",\"@graph\":[{\"@type\":\"Article\",\"@id\":\"https:\\\/\\\/www.organisator.ch\\\/de\\\/allgemein\\\/2016-12-03\\\/erffiziente-led-strassenbeleuchtung-effestrada-wird-verlaengert\\\/#article\",\"isPartOf\":{\"@id\":\"https:\\\/\\\/www.organisator.ch\\\/de\\\/allgemein\\\/2016-12-03\\\/erffiziente-led-strassenbeleuchtung-effestrada-wird-verlaengert\\\/\"},\"author\":{\"name\":\"admin\",\"@id\":\"https:\\\/\\\/www.organisator.ch\\\/#\\\/schema\\\/person\\\/aa2bace6c5c5aad60102004a50c4eb1c\"},\"headline\":\"Erffiziente LED-Strassenbeleuchtung: effeSTRADA+ wird verl\u00e4ngert\",\"datePublished\":\"2016-12-03T15:49:31+00:00\",\"mainEntityOfPage\":{\"@id\":\"https:\\\/\\\/www.organisator.ch\\\/de\\\/allgemein\\\/2016-12-03\\\/erffiziente-led-strassenbeleuchtung-effestrada-wird-verlaengert\\\/\"},\"wordCount\":364,\"commentCount\":0,\"publisher\":{\"@id\":\"https:\\\/\\\/www.organisator.ch\\\/#organization\"},\"image\":{\"@id\":\"https:\\\/\\\/www.organisator.ch\\\/de\\\/allgemein\\\/2016-12-03\\\/erffiziente-led-strassenbeleuchtung-effestrada-wird-verlaengert\\\/#primaryimage\"},\"thumbnailUrl\":\"https:\\\/\\\/www.organisator.ch\\\/wp-content\\\/uploads\\\/2016\\\/12\\\/Erffiziente-LED-Strassenbeleuchtung-effeSTRADA-wird-verlaengert-umweltperspektiven-scaled.jpg\",\"keywords\":[\"Beleuchtung\",\"effestrada+\",\"F\u00f6derprogramm\"],\"articleSection\":[\"Allgemein\"],\"inLanguage\":\"en-US\"},{\"@type\":\"WebPage\",\"@id\":\"https:\\\/\\\/www.organisator.ch\\\/de\\\/allgemein\\\/2016-12-03\\\/erffiziente-led-strassenbeleuchtung-effestrada-wird-verlaengert\\\/\",\"url\":\"https:\\\/\\\/www.organisator.ch\\\/de\\\/allgemein\\\/2016-12-03\\\/erffiziente-led-strassenbeleuchtung-effestrada-wird-verlaengert\\\/\",\"name\":\"Erffiziente LED-Strassenbeleuchtung: effeSTRADA+ wird verl\u00e4ngert - Organisator\",\"isPartOf\":{\"@id\":\"https:\\\/\\\/www.organisator.ch\\\/#website\"},\"primaryImageOfPage\":{\"@id\":\"https:\\\/\\\/www.organisator.ch\\\/de\\\/allgemein\\\/2016-12-03\\\/erffiziente-led-strassenbeleuchtung-effestrada-wird-verlaengert\\\/#primaryimage\"},\"image\":{\"@id\":\"https:\\\/\\\/www.organisator.ch\\\/de\\\/allgemein\\\/2016-12-03\\\/erffiziente-led-strassenbeleuchtung-effestrada-wird-verlaengert\\\/#primaryimage\"},\"thumbnailUrl\":\"https:\\\/\\\/www.organisator.ch\\\/wp-content\\\/uploads\\\/2016\\\/12\\\/Erffiziente-LED-Strassenbeleuchtung-effeSTRADA-wird-verlaengert-umweltperspektiven-scaled.jpg\",\"datePublished\":\"2016-12-03T15:49:31+00:00\",\"description\":\"Nach der erfolgreichen ersten Phase wird das F\u00f6rderprogramm f\u00fcr nachhaltige Beleuchtung effeSTRADA+ ab 16. Januar 2017 fortgesetzt.\",\"breadcrumb\":{\"@id\":\"https:\\\/\\\/www.organisator.ch\\\/de\\\/allgemein\\\/2016-12-03\\\/erffiziente-led-strassenbeleuchtung-effestrada-wird-verlaengert\\\/#breadcrumb\"},\"inLanguage\":\"en-US\",\"potentialAction\":[{\"@type\":\"ReadAction\",\"target\":[\"https:\\\/\\\/www.organisator.ch\\\/de\\\/allgemein\\\/2016-12-03\\\/erffiziente-led-strassenbeleuchtung-effestrada-wird-verlaengert\\\/\"]}]},{\"@type\":\"ImageObject\",\"inLanguage\":\"en-US\",\"@id\":\"https:\\\/\\\/www.organisator.ch\\\/de\\\/allgemein\\\/2016-12-03\\\/erffiziente-led-strassenbeleuchtung-effestrada-wird-verlaengert\\\/#primaryimage\",\"url\":\"https:\\\/\\\/www.organisator.ch\\\/wp-content\\\/uploads\\\/2016\\\/12\\\/Erffiziente-LED-Strassenbeleuchtung-effeSTRADA-wird-verlaengert-umweltperspektiven-scaled.jpg\",\"contentUrl\":\"https:\\\/\\\/www.organisator.ch\\\/wp-content\\\/uploads\\\/2016\\\/12\\\/Erffiziente-LED-Strassenbeleuchtung-effeSTRADA-wird-verlaengert-umweltperspektiven-scaled.jpg\",\"width\":2560,\"height\":1784,\"caption\":\"effeSTRADA will energieeffiziente Beleuchtungen im \u00f6ffentlichen Raum f\u00f6rdern.\"},{\"@type\":\"BreadcrumbList\",\"@id\":\"https:\\\/\\\/www.organisator.ch\\\/de\\\/allgemein\\\/2016-12-03\\\/erffiziente-led-strassenbeleuchtung-effestrada-wird-verlaengert\\\/#breadcrumb\",\"itemListElement\":[{\"@type\":\"ListItem\",\"position\":1,\"name\":\"Home\",\"item\":\"https:\\\/\\\/www.organisator.ch\\\/\"},{\"@type\":\"ListItem\",\"position\":2,\"name\":\"Erffiziente LED-Strassenbeleuchtung: effeSTRADA+ wird verl\u00e4ngert\"}]},{\"@type\":\"WebSite\",\"@id\":\"https:\\\/\\\/www.organisator.ch\\\/#website\",\"url\":\"https:\\\/\\\/www.organisator.ch\\\/\",\"name\":\"Organisator\",\"description\":\"Kompetent. Praxisnah. Der ORGANISATOR bereitet in 10 Ausgaben pro Jahr die wesentlichen Themen f\u00fcr F\u00fchrungskr\u00e4fte von KMU auf.\",\"publisher\":{\"@id\":\"https:\\\/\\\/www.organisator.ch\\\/#organization\"},\"potentialAction\":[{\"@type\":\"SearchAction\",\"target\":{\"@type\":\"EntryPoint\",\"urlTemplate\":\"https:\\\/\\\/www.organisator.ch\\\/?s={search_term_string}\"},\"query-input\":{\"@type\":\"PropertyValueSpecification\",\"valueRequired\":true,\"valueName\":\"search_term_string\"}}],\"inLanguage\":\"en-US\"},{\"@type\":\"Organization\",\"@id\":\"https:\\\/\\\/www.organisator.ch\\\/#organization\",\"name\":\"Organisator\",\"url\":\"https:\\\/\\\/www.organisator.ch\\\/\",\"logo\":{\"@type\":\"ImageObject\",\"inLanguage\":\"en-US\",\"@id\":\"https:\\\/\\\/www.organisator.ch\\\/#\\\/schema\\\/logo\\\/image\\\/\",\"url\":\"https:\\\/\\\/www.organisator.ch\\\/wp-content\\\/uploads\\\/2022\\\/01\\\/Logo_Organisator_Website.png\",\"contentUrl\":\"https:\\\/\\\/www.organisator.ch\\\/wp-content\\\/uploads\\\/2022\\\/01\\\/Logo_Organisator_Website.png\",\"width\":800,\"height\":77,\"caption\":\"Organisator\"},\"image\":{\"@id\":\"https:\\\/\\\/www.organisator.ch\\\/#\\\/schema\\\/logo\\\/image\\\/\"},\"sameAs\":[\"https:\\\/\\\/www.facebook.com\\\/OrganisatorFachmagazin\",\"https:\\\/\\\/www.linkedin.com\\\/showcase\\\/organisator-das-magazin-fr-kmu\",\"https:\\\/\\\/www.xing.com\\\/news\\\/pages\\\/organisator-ch-695\",\"https:\\\/\\\/www.youtube.com\\\/channel\\\/UCGP2Sq0iWaZwT3BdIAQFYpw\"]},{\"@type\":\"Person\",\"@id\":\"https:\\\/\\\/www.organisator.ch\\\/#\\\/schema\\\/person\\\/aa2bace6c5c5aad60102004a50c4eb1c\",\"name\":\"admin\",\"image\":{\"@type\":\"ImageObject\",\"inLanguage\":\"en-US\",\"@id\":\"https:\\\/\\\/secure.gravatar.com\\\/avatar\\\/ae2f4d718e6c49043e314ce431e7e645d646302a24a5ef5a8bc8e3f5a032e319?s=96&d=mm&r=g\",\"url\":\"https:\\\/\\\/secure.gravatar.com\\\/avatar\\\/ae2f4d718e6c49043e314ce431e7e645d646302a24a5ef5a8bc8e3f5a032e319?s=96&d=mm&r=g\",\"contentUrl\":\"https:\\\/\\\/secure.gravatar.com\\\/avatar\\\/ae2f4d718e6c49043e314ce431e7e645d646302a24a5ef5a8bc8e3f5a032e319?s=96&d=mm&r=g\",\"caption\":\"admin\"},\"sameAs\":[\"https:\\\/\\\/www.organisator.ch\"],\"url\":\"https:\\\/\\\/www.organisator.ch\\\/en\\\/author\\\/admin\\\/\"}]}<\/script>\n<!-- \/ Yoast SEO plugin. -->","yoast_head_json":{"title":"Efficient LED street lighting: effeSTRADA+ is extended - Organizer","description":"After the successful first phase, the sustainable lighting support program effeSTRADA+ will be continued from January 16, 2017.","robots":{"index":"index","follow":"follow","max-snippet":"max-snippet:-1","max-image-preview":"max-image-preview:large","max-video-preview":"max-video-preview:-1"},"canonical":"https:\/\/www.organisator.ch\/en\/general\/2016-12-03\/erffiziente-led-strassenbeleuchtung-effestrada-wird-verlaengert\/","og_locale":"en_US","og_type":"article","og_title":"Erffiziente LED-Strassenbeleuchtung: effeSTRADA+ wird verl\u00e4ngert - Organisator","og_description":"Nach der erfolgreichen ersten Phase wird das F\u00f6rderprogramm f\u00fcr nachhaltige Beleuchtung effeSTRADA+ ab 16. Januar 2017 fortgesetzt.","og_url":"https:\/\/www.organisator.ch\/en\/general\/2016-12-03\/erffiziente-led-strassenbeleuchtung-effestrada-wird-verlaengert\/","og_site_name":"Organisator","article_publisher":"https:\/\/www.facebook.com\/OrganisatorFachmagazin","article_published_time":"2016-12-03T15:49:31+00:00","og_image":[{"width":2560,"height":1784,"url":"https:\/\/www.organisator.ch\/wp-content\/uploads\/2016\/12\/Erffiziente-LED-Strassenbeleuchtung-effeSTRADA-wird-verlaengert-umweltperspektiven-scaled.jpg","type":"image\/jpeg"}],"author":"admin","twitter_card":"summary_large_image","schema":{"@context":"https:\/\/schema.org","@graph":[{"@type":"Article","@id":"https:\/\/www.organisator.ch\/de\/allgemein\/2016-12-03\/erffiziente-led-strassenbeleuchtung-effestrada-wird-verlaengert\/#article","isPartOf":{"@id":"https:\/\/www.organisator.ch\/de\/allgemein\/2016-12-03\/erffiziente-led-strassenbeleuchtung-effestrada-wird-verlaengert\/"},"author":{"name":"admin","@id":"https:\/\/www.organisator.ch\/#\/schema\/person\/aa2bace6c5c5aad60102004a50c4eb1c"},"headline":"Erffiziente LED-Strassenbeleuchtung: effeSTRADA+ wird verl\u00e4ngert","datePublished":"2016-12-03T15:49:31+00:00","mainEntityOfPage":{"@id":"https:\/\/www.organisator.ch\/de\/allgemein\/2016-12-03\/erffiziente-led-strassenbeleuchtung-effestrada-wird-verlaengert\/"},"wordCount":364,"commentCount":0,"publisher":{"@id":"https:\/\/www.organisator.ch\/#organization"},"image":{"@id":"https:\/\/www.organisator.ch\/de\/allgemein\/2016-12-03\/erffiziente-led-strassenbeleuchtung-effestrada-wird-verlaengert\/#primaryimage"},"thumbnailUrl":"https:\/\/www.organisator.ch\/wp-content\/uploads\/2016\/12\/Erffiziente-LED-Strassenbeleuchtung-effeSTRADA-wird-verlaengert-umweltperspektiven-scaled.jpg","keywords":["Beleuchtung","effestrada+","F\u00f6derprogramm"],"articleSection":["Allgemein"],"inLanguage":"en-US"},{"@type":"WebPage","@id":"https:\/\/www.organisator.ch\/de\/allgemein\/2016-12-03\/erffiziente-led-strassenbeleuchtung-effestrada-wird-verlaengert\/","url":"https:\/\/www.organisator.ch\/de\/allgemein\/2016-12-03\/erffiziente-led-strassenbeleuchtung-effestrada-wird-verlaengert\/","name":"Efficient LED street lighting: effeSTRADA+ is extended - Organizer","isPartOf":{"@id":"https:\/\/www.organisator.ch\/#website"},"primaryImageOfPage":{"@id":"https:\/\/www.organisator.ch\/de\/allgemein\/2016-12-03\/erffiziente-led-strassenbeleuchtung-effestrada-wird-verlaengert\/#primaryimage"},"image":{"@id":"https:\/\/www.organisator.ch\/de\/allgemein\/2016-12-03\/erffiziente-led-strassenbeleuchtung-effestrada-wird-verlaengert\/#primaryimage"},"thumbnailUrl":"https:\/\/www.organisator.ch\/wp-content\/uploads\/2016\/12\/Erffiziente-LED-Strassenbeleuchtung-effeSTRADA-wird-verlaengert-umweltperspektiven-scaled.jpg","datePublished":"2016-12-03T15:49:31+00:00","description":"After the successful first phase, the sustainable lighting support program effeSTRADA+ will be continued from January 16, 2017.","breadcrumb":{"@id":"https:\/\/www.organisator.ch\/de\/allgemein\/2016-12-03\/erffiziente-led-strassenbeleuchtung-effestrada-wird-verlaengert\/#breadcrumb"},"inLanguage":"en-US","potentialAction":[{"@type":"ReadAction","target":["https:\/\/www.organisator.ch\/de\/allgemein\/2016-12-03\/erffiziente-led-strassenbeleuchtung-effestrada-wird-verlaengert\/"]}]},{"@type":"ImageObject","inLanguage":"en-US","@id":"https:\/\/www.organisator.ch\/de\/allgemein\/2016-12-03\/erffiziente-led-strassenbeleuchtung-effestrada-wird-verlaengert\/#primaryimage","url":"https:\/\/www.organisator.ch\/wp-content\/uploads\/2016\/12\/Erffiziente-LED-Strassenbeleuchtung-effeSTRADA-wird-verlaengert-umweltperspektiven-scaled.jpg","contentUrl":"https:\/\/www.organisator.ch\/wp-content\/uploads\/2016\/12\/Erffiziente-LED-Strassenbeleuchtung-effeSTRADA-wird-verlaengert-umweltperspektiven-scaled.jpg","width":2560,"height":1784,"caption":"effeSTRADA will energieeffiziente Beleuchtungen im \u00f6ffentlichen Raum f\u00f6rdern."},{"@type":"BreadcrumbList","@id":"https:\/\/www.organisator.ch\/de\/allgemein\/2016-12-03\/erffiziente-led-strassenbeleuchtung-effestrada-wird-verlaengert\/#breadcrumb","itemListElement":[{"@type":"ListItem","position":1,"name":"Home","item":"https:\/\/www.organisator.ch\/"},{"@type":"ListItem","position":2,"name":"Erffiziente LED-Strassenbeleuchtung: effeSTRADA+ wird verl\u00e4ngert"}]},{"@type":"WebSite","@id":"https:\/\/www.organisator.ch\/#website","url":"https:\/\/www.organisator.ch\/","name":"Organizer","description":"Competent. Practical. In 10 issues per year, ORGANISATOR presents the essential topics for managers of SMEs.","publisher":{"@id":"https:\/\/www.organisator.ch\/#organization"},"potentialAction":[{"@type":"SearchAction","target":{"@type":"EntryPoint","urlTemplate":"https:\/\/www.organisator.ch\/?s={search_term_string}"},"query-input":{"@type":"PropertyValueSpecification","valueRequired":true,"valueName":"search_term_string"}}],"inLanguage":"en-US"},{"@type":"Organization","@id":"https:\/\/www.organisator.ch\/#organization","name":"Organizer","url":"https:\/\/www.organisator.ch\/","logo":{"@type":"ImageObject","inLanguage":"en-US","@id":"https:\/\/www.organisator.ch\/#\/schema\/logo\/image\/","url":"https:\/\/www.organisator.ch\/wp-content\/uploads\/2022\/01\/Logo_Organisator_Website.png","contentUrl":"https:\/\/www.organisator.ch\/wp-content\/uploads\/2022\/01\/Logo_Organisator_Website.png","width":800,"height":77,"caption":"Organisator"},"image":{"@id":"https:\/\/www.organisator.ch\/#\/schema\/logo\/image\/"},"sameAs":["https:\/\/www.facebook.com\/OrganisatorFachmagazin","https:\/\/www.linkedin.com\/showcase\/organisator-das-magazin-fr-kmu","https:\/\/www.xing.com\/news\/pages\/organisator-ch-695","https:\/\/www.youtube.com\/channel\/UCGP2Sq0iWaZwT3BdIAQFYpw"]},{"@type":"Person","@id":"https:\/\/www.organisator.ch\/#\/schema\/person\/aa2bace6c5c5aad60102004a50c4eb1c","name":"admin","image":{"@type":"ImageObject","inLanguage":"en-US","@id":"https:\/\/secure.gravatar.com\/avatar\/ae2f4d718e6c49043e314ce431e7e645d646302a24a5ef5a8bc8e3f5a032e319?s=96&d=mm&r=g","url":"https:\/\/secure.gravatar.com\/avatar\/ae2f4d718e6c49043e314ce431e7e645d646302a24a5ef5a8bc8e3f5a032e319?s=96&d=mm&r=g","contentUrl":"https:\/\/secure.gravatar.com\/avatar\/ae2f4d718e6c49043e314ce431e7e645d646302a24a5ef5a8bc8e3f5a032e319?s=96&d=mm&r=g","caption":"admin"},"sameAs":["https:\/\/www.organisator.ch"],"url":"https:\/\/www.organisator.ch\/en\/author\/admin\/"}]}},"_links":{"self":[{"href":"https:\/\/www.organisator.ch\/en\/wp-json\/wp\/v2\/posts\/9981","targetHints":{"allow":["GET"]}}],"collection":[{"href":"https:\/\/www.organisator.ch\/en\/wp-json\/wp\/v2\/posts"}],"about":[{"href":"https:\/\/www.organisator.ch\/en\/wp-json\/wp\/v2\/types\/post"}],"author":[{"embeddable":true,"href":"https:\/\/www.organisator.ch\/en\/wp-json\/wp\/v2\/users\/1"}],"replies":[{"embeddable":true,"href":"https:\/\/www.organisator.ch\/en\/wp-json\/wp\/v2\/comments?post=9981"}],"version-history":[{"count":0,"href":"https:\/\/www.organisator.ch\/en\/wp-json\/wp\/v2\/posts\/9981\/revisions"}],"wp:featuredmedia":[{"embeddable":true,"href":"https:\/\/www.organisator.ch\/en\/wp-json\/wp\/v2\/media\/9436"}],"wp:attachment":[{"href":"https:\/\/www.organisator.ch\/en\/wp-json\/wp\/v2\/media?parent=9981"}],"wp:term":[{"taxonomy":"category","embeddable":true,"href":"https:\/\/www.organisator.ch\/en\/wp-json\/wp\/v2\/categories?post=9981"},{"taxonomy":"post_tag","embeddable":true,"href":"https:\/\/www.organisator.ch\/en\/wp-json\/wp\/v2\/tags?post=9981"}],"curies":[{"name":"wp","href":"https:\/\/api.w.org\/{rel}","templated":true}]}}