{"id":9984,"date":"2017-01-03T16:00:56","date_gmt":"2017-01-03T15:00:56","guid":{"rendered":"https:\/\/umweltperspektiven.ch\/?p=629"},"modified":"2022-02-09T11:10:13","modified_gmt":"2022-02-09T10:10:13","slug":"oeko-zertifizierung-fuer-lederwaren-lanciert","status":"publish","type":"post","link":"https:\/\/www.organisator.ch\/en\/sustainability\/2017-01-03\/oeko-zertifizierung-fuer-lederwaren-lanciert\/","title":{"rendered":"Eco-certification for leather goods launched"},"content":{"rendered":"<figure id=\"attachment_630\" aria-describedby=\"caption-attachment-630\" style=\"width: 495px\" class=\"wp-caption aligncenter\"><img loading=\"lazy\" decoding=\"async\" class=\"wp-image-630\" src=\"\/\/www.umweltperspektiven.ch\/wp-content\/uploads\/2017\/01\/Depositphotos_41544987_l-2015.jpg\" width=\"495\" height=\"330\" \/><figcaption id=\"caption-attachment-630\" class=\"wp-caption-text\">A new Oeko-Tex standard certifies leather products.<\/figcaption><\/figure>\n<p>The independent testing and certification system for textile products Oeko-Tex is launching a new <a href=\"\/\/www.oeko-tex.com\/de\/business\/certifications_and_services\/leather_standard\/leather_standard.html\">Standard for leather goods tested for harmful substances<\/a>.<\/p>\n<p>This means that producers and suppliers of leather goods can now also have their products tested for harmful substances and certified accordingly.<\/p>\n<p>The basis for this is the new Leather Standard from <a href=\"\/\/www.oeko-tex.com\">Oeko-Tex<\/a>a strict catalog of criteria. In many cases, the test criteria and limit values go far beyond national and international requirements. From the consumer's point of view, the standard thus contributes to a high and effective level of product safety, and manufacturers of leather goods at all stages of production are able to label their articles that have been tested for harmful substances in order to offer consumers in the trade a reliable decision-making aid when purchasing leather products.<\/p>\n<p>The Oeko-Tex Association has been able to win over the Research Institute for Leather and Synthetic Materials (FILK), Freiberg, and the Pirmasens Testing and Research Institute (PFI) as further partners for testing leather goods, both of which enjoy a high level of recognition within the leather industry in their specialist field. Together with six Oeko-Tex institutes that have already been established for many years, the two new facilities FILK and PFI will also carry out tests and certifications in accordance with the Leather Standard from next year.<\/p>","protected":false},"excerpt":{"rendered":"<p>Das unabh\u00e4ngige Pr\u00fcf- und Zertifizierungssystem f\u00fcr textile Produkte Oeko-Tex lanciert einen neuen Standard f\u00fcr schadstoffgepr\u00fcfte Lederwaren. Damit k\u00f6nnen ab sofort auch Produzenten und Anbieter von Lederwaren ihre Produkte auf Schadstoffe pr\u00fcfen und entsprechend zertifizieren lassen. Basis daf\u00fcr ist der neue Leather Standard von Oeko-Tex, ein strenger Kriterienkatalog. Dessen\u00a0Pr\u00fcfkriterien und Grenzwerte gehen dabei vielfach deutlich \u00fcber [&hellip;]<\/p>\n","protected":false},"author":1,"featured_media":9443,"comment_status":"open","ping_status":"open","sticky":false,"template":"","format":"standard","meta":{"_acf_changed":false,"_yoast_wpseo_focuskw":"Lederwaren","_yoast_wpseo_metadesc":"Schadstoffarme Lederwaren k\u00f6nnen sich mit einem neuen Oeko-Tex-Standard auszeichnen lassen.","articlekey":"","footnotes":""},"categories":[580],"tags":[2189,613],"class_list":["post-9984","post","type-post","status-publish","format-standard","has-post-thumbnail","hentry","category-sustainability","tag-standard","tag-zertifizierung"],"acf":[],"yoast_head":"<!-- This site is optimized with the Yoast SEO plugin v27.5 - https:\/\/yoast.com\/product\/yoast-seo-wordpress\/ -->\n<title>\u00d6ko-Zertifizierung f\u00fcr Lederwaren lanciert - Organisator<\/title>\n<meta name=\"description\" content=\"Schadstoffarme Lederwaren k\u00f6nnen sich mit einem neuen Oeko-Tex-Standard auszeichnen lassen.\" \/>\n<meta name=\"robots\" content=\"index, follow, max-snippet:-1, max-image-preview:large, max-video-preview:-1\" \/>\n<link rel=\"canonical\" href=\"https:\/\/www.organisator.ch\/en\/sustainability\/2017-01-03\/oeko-zertifizierung-fuer-lederwaren-lanciert\/\" \/>\n<meta property=\"og:locale\" content=\"en_US\" \/>\n<meta property=\"og:type\" content=\"article\" \/>\n<meta property=\"og:title\" content=\"\u00d6ko-Zertifizierung f\u00fcr Lederwaren lanciert - Organisator\" \/>\n<meta property=\"og:description\" content=\"Schadstoffarme Lederwaren k\u00f6nnen sich mit einem neuen Oeko-Tex-Standard auszeichnen lassen.\" \/>\n<meta property=\"og:url\" content=\"https:\/\/www.organisator.ch\/en\/sustainability\/2017-01-03\/oeko-zertifizierung-fuer-lederwaren-lanciert\/\" \/>\n<meta property=\"og:site_name\" content=\"Organisator\" \/>\n<meta property=\"article:publisher\" content=\"https:\/\/www.facebook.com\/OrganisatorFachmagazin\" \/>\n<meta property=\"article:published_time\" content=\"2017-01-03T15:00:56+00:00\" \/>\n<meta property=\"article:modified_time\" content=\"2022-02-09T10:10:13+00:00\" \/>\n<meta property=\"og:image\" content=\"https:\/\/www.organisator.ch\/wp-content\/uploads\/2017\/01\/Depositphotos_41544987_l-2015-1024x682.jpg\" \/>\n\t<meta property=\"og:image:width\" content=\"1024\" \/>\n\t<meta property=\"og:image:height\" content=\"682\" \/>\n\t<meta property=\"og:image:type\" content=\"image\/jpeg\" \/>\n<meta name=\"author\" content=\"admin\" \/>\n<meta name=\"twitter:card\" content=\"summary_large_image\" \/>\n<script type=\"application\/ld+json\" class=\"yoast-schema-graph\">{\"@context\":\"https:\\\/\\\/schema.org\",\"@graph\":[{\"@type\":\"Article\",\"@id\":\"https:\\\/\\\/www.organisator.ch\\\/sustainability\\\/2017-01-03\\\/oeko-zertifizierung-fuer-lederwaren-lanciert\\\/#article\",\"isPartOf\":{\"@id\":\"https:\\\/\\\/www.organisator.ch\\\/sustainability\\\/2017-01-03\\\/oeko-zertifizierung-fuer-lederwaren-lanciert\\\/\"},\"author\":{\"name\":\"admin\",\"@id\":\"https:\\\/\\\/www.organisator.ch\\\/#\\\/schema\\\/person\\\/aa2bace6c5c5aad60102004a50c4eb1c\"},\"headline\":\"\u00d6ko-Zertifizierung f\u00fcr Lederwaren lanciert\",\"datePublished\":\"2017-01-03T15:00:56+00:00\",\"dateModified\":\"2022-02-09T10:10:13+00:00\",\"mainEntityOfPage\":{\"@id\":\"https:\\\/\\\/www.organisator.ch\\\/sustainability\\\/2017-01-03\\\/oeko-zertifizierung-fuer-lederwaren-lanciert\\\/\"},\"wordCount\":210,\"commentCount\":0,\"publisher\":{\"@id\":\"https:\\\/\\\/www.organisator.ch\\\/#organization\"},\"image\":{\"@id\":\"https:\\\/\\\/www.organisator.ch\\\/sustainability\\\/2017-01-03\\\/oeko-zertifizierung-fuer-lederwaren-lanciert\\\/#primaryimage\"},\"thumbnailUrl\":\"https:\\\/\\\/www.organisator.ch\\\/wp-content\\\/uploads\\\/2017\\\/01\\\/Depositphotos_41544987_l-2015.jpg\",\"keywords\":[\"Standard\",\"Zertifizierung\"],\"articleSection\":[\"SUSTAINABILITY\"],\"inLanguage\":\"en-US\"},{\"@type\":\"WebPage\",\"@id\":\"https:\\\/\\\/www.organisator.ch\\\/sustainability\\\/2017-01-03\\\/oeko-zertifizierung-fuer-lederwaren-lanciert\\\/\",\"url\":\"https:\\\/\\\/www.organisator.ch\\\/sustainability\\\/2017-01-03\\\/oeko-zertifizierung-fuer-lederwaren-lanciert\\\/\",\"name\":\"\u00d6ko-Zertifizierung f\u00fcr Lederwaren lanciert - Organisator\",\"isPartOf\":{\"@id\":\"https:\\\/\\\/www.organisator.ch\\\/#website\"},\"primaryImageOfPage\":{\"@id\":\"https:\\\/\\\/www.organisator.ch\\\/sustainability\\\/2017-01-03\\\/oeko-zertifizierung-fuer-lederwaren-lanciert\\\/#primaryimage\"},\"image\":{\"@id\":\"https:\\\/\\\/www.organisator.ch\\\/sustainability\\\/2017-01-03\\\/oeko-zertifizierung-fuer-lederwaren-lanciert\\\/#primaryimage\"},\"thumbnailUrl\":\"https:\\\/\\\/www.organisator.ch\\\/wp-content\\\/uploads\\\/2017\\\/01\\\/Depositphotos_41544987_l-2015.jpg\",\"datePublished\":\"2017-01-03T15:00:56+00:00\",\"dateModified\":\"2022-02-09T10:10:13+00:00\",\"description\":\"Schadstoffarme Lederwaren k\u00f6nnen sich mit einem neuen Oeko-Tex-Standard auszeichnen lassen.\",\"breadcrumb\":{\"@id\":\"https:\\\/\\\/www.organisator.ch\\\/sustainability\\\/2017-01-03\\\/oeko-zertifizierung-fuer-lederwaren-lanciert\\\/#breadcrumb\"},\"inLanguage\":\"en-US\",\"potentialAction\":[{\"@type\":\"ReadAction\",\"target\":[\"https:\\\/\\\/www.organisator.ch\\\/sustainability\\\/2017-01-03\\\/oeko-zertifizierung-fuer-lederwaren-lanciert\\\/\"]}]},{\"@type\":\"ImageObject\",\"inLanguage\":\"en-US\",\"@id\":\"https:\\\/\\\/www.organisator.ch\\\/sustainability\\\/2017-01-03\\\/oeko-zertifizierung-fuer-lederwaren-lanciert\\\/#primaryimage\",\"url\":\"https:\\\/\\\/www.organisator.ch\\\/wp-content\\\/uploads\\\/2017\\\/01\\\/Depositphotos_41544987_l-2015.jpg\",\"contentUrl\":\"https:\\\/\\\/www.organisator.ch\\\/wp-content\\\/uploads\\\/2017\\\/01\\\/Depositphotos_41544987_l-2015.jpg\",\"width\":2000,\"height\":1333,\"caption\":\"Ein neuer Oeko-Tex-Standard zertifiziert Lederprodukte.\"},{\"@type\":\"BreadcrumbList\",\"@id\":\"https:\\\/\\\/www.organisator.ch\\\/sustainability\\\/2017-01-03\\\/oeko-zertifizierung-fuer-lederwaren-lanciert\\\/#breadcrumb\",\"itemListElement\":[{\"@type\":\"ListItem\",\"position\":1,\"name\":\"Home\",\"item\":\"https:\\\/\\\/www.organisator.ch\\\/\"},{\"@type\":\"ListItem\",\"position\":2,\"name\":\"\u00d6ko-Zertifizierung f\u00fcr Lederwaren lanciert\"}]},{\"@type\":\"WebSite\",\"@id\":\"https:\\\/\\\/www.organisator.ch\\\/#website\",\"url\":\"https:\\\/\\\/www.organisator.ch\\\/\",\"name\":\"Organisator\",\"description\":\"Kompetent. Praxisnah. Der ORGANISATOR bereitet in 10 Ausgaben pro Jahr die wesentlichen Themen f\u00fcr F\u00fchrungskr\u00e4fte von KMU auf.\",\"publisher\":{\"@id\":\"https:\\\/\\\/www.organisator.ch\\\/#organization\"},\"potentialAction\":[{\"@type\":\"SearchAction\",\"target\":{\"@type\":\"EntryPoint\",\"urlTemplate\":\"https:\\\/\\\/www.organisator.ch\\\/?s={search_term_string}\"},\"query-input\":{\"@type\":\"PropertyValueSpecification\",\"valueRequired\":true,\"valueName\":\"search_term_string\"}}],\"inLanguage\":\"en-US\"},{\"@type\":\"Organization\",\"@id\":\"https:\\\/\\\/www.organisator.ch\\\/#organization\",\"name\":\"Organisator\",\"url\":\"https:\\\/\\\/www.organisator.ch\\\/\",\"logo\":{\"@type\":\"ImageObject\",\"inLanguage\":\"en-US\",\"@id\":\"https:\\\/\\\/www.organisator.ch\\\/#\\\/schema\\\/logo\\\/image\\\/\",\"url\":\"https:\\\/\\\/www.organisator.ch\\\/wp-content\\\/uploads\\\/2022\\\/01\\\/Logo_Organisator_Website.png\",\"contentUrl\":\"https:\\\/\\\/www.organisator.ch\\\/wp-content\\\/uploads\\\/2022\\\/01\\\/Logo_Organisator_Website.png\",\"width\":800,\"height\":77,\"caption\":\"Organisator\"},\"image\":{\"@id\":\"https:\\\/\\\/www.organisator.ch\\\/#\\\/schema\\\/logo\\\/image\\\/\"},\"sameAs\":[\"https:\\\/\\\/www.facebook.com\\\/OrganisatorFachmagazin\",\"https:\\\/\\\/www.linkedin.com\\\/showcase\\\/organisator-das-magazin-fr-kmu\",\"https:\\\/\\\/www.xing.com\\\/news\\\/pages\\\/organisator-ch-695\",\"https:\\\/\\\/www.youtube.com\\\/channel\\\/UCGP2Sq0iWaZwT3BdIAQFYpw\"]},{\"@type\":\"Person\",\"@id\":\"https:\\\/\\\/www.organisator.ch\\\/#\\\/schema\\\/person\\\/aa2bace6c5c5aad60102004a50c4eb1c\",\"name\":\"admin\",\"image\":{\"@type\":\"ImageObject\",\"inLanguage\":\"en-US\",\"@id\":\"https:\\\/\\\/secure.gravatar.com\\\/avatar\\\/ae2f4d718e6c49043e314ce431e7e645d646302a24a5ef5a8bc8e3f5a032e319?s=96&d=mm&r=g\",\"url\":\"https:\\\/\\\/secure.gravatar.com\\\/avatar\\\/ae2f4d718e6c49043e314ce431e7e645d646302a24a5ef5a8bc8e3f5a032e319?s=96&d=mm&r=g\",\"contentUrl\":\"https:\\\/\\\/secure.gravatar.com\\\/avatar\\\/ae2f4d718e6c49043e314ce431e7e645d646302a24a5ef5a8bc8e3f5a032e319?s=96&d=mm&r=g\",\"caption\":\"admin\"},\"sameAs\":[\"https:\\\/\\\/www.organisator.ch\"],\"url\":\"https:\\\/\\\/www.organisator.ch\\\/en\\\/author\\\/admin\\\/\"}]}<\/script>\n<!-- \/ Yoast SEO plugin. -->","yoast_head_json":{"title":"Eco-certification for leather goods launched - organizer","description":"Low-impact leather goods can be labeled with a new Oeko-Tex standard.","robots":{"index":"index","follow":"follow","max-snippet":"max-snippet:-1","max-image-preview":"max-image-preview:large","max-video-preview":"max-video-preview:-1"},"canonical":"https:\/\/www.organisator.ch\/en\/sustainability\/2017-01-03\/oeko-zertifizierung-fuer-lederwaren-lanciert\/","og_locale":"en_US","og_type":"article","og_title":"\u00d6ko-Zertifizierung f\u00fcr Lederwaren lanciert - Organisator","og_description":"Schadstoffarme Lederwaren k\u00f6nnen sich mit einem neuen Oeko-Tex-Standard auszeichnen lassen.","og_url":"https:\/\/www.organisator.ch\/en\/sustainability\/2017-01-03\/oeko-zertifizierung-fuer-lederwaren-lanciert\/","og_site_name":"Organisator","article_publisher":"https:\/\/www.facebook.com\/OrganisatorFachmagazin","article_published_time":"2017-01-03T15:00:56+00:00","article_modified_time":"2022-02-09T10:10:13+00:00","og_image":[{"width":1024,"height":682,"url":"https:\/\/www.organisator.ch\/wp-content\/uploads\/2017\/01\/Depositphotos_41544987_l-2015-1024x682.jpg","type":"image\/jpeg"}],"author":"admin","twitter_card":"summary_large_image","schema":{"@context":"https:\/\/schema.org","@graph":[{"@type":"Article","@id":"https:\/\/www.organisator.ch\/sustainability\/2017-01-03\/oeko-zertifizierung-fuer-lederwaren-lanciert\/#article","isPartOf":{"@id":"https:\/\/www.organisator.ch\/sustainability\/2017-01-03\/oeko-zertifizierung-fuer-lederwaren-lanciert\/"},"author":{"name":"admin","@id":"https:\/\/www.organisator.ch\/#\/schema\/person\/aa2bace6c5c5aad60102004a50c4eb1c"},"headline":"\u00d6ko-Zertifizierung f\u00fcr Lederwaren lanciert","datePublished":"2017-01-03T15:00:56+00:00","dateModified":"2022-02-09T10:10:13+00:00","mainEntityOfPage":{"@id":"https:\/\/www.organisator.ch\/sustainability\/2017-01-03\/oeko-zertifizierung-fuer-lederwaren-lanciert\/"},"wordCount":210,"commentCount":0,"publisher":{"@id":"https:\/\/www.organisator.ch\/#organization"},"image":{"@id":"https:\/\/www.organisator.ch\/sustainability\/2017-01-03\/oeko-zertifizierung-fuer-lederwaren-lanciert\/#primaryimage"},"thumbnailUrl":"https:\/\/www.organisator.ch\/wp-content\/uploads\/2017\/01\/Depositphotos_41544987_l-2015.jpg","keywords":["Standard","Zertifizierung"],"articleSection":["SUSTAINABILITY"],"inLanguage":"en-US"},{"@type":"WebPage","@id":"https:\/\/www.organisator.ch\/sustainability\/2017-01-03\/oeko-zertifizierung-fuer-lederwaren-lanciert\/","url":"https:\/\/www.organisator.ch\/sustainability\/2017-01-03\/oeko-zertifizierung-fuer-lederwaren-lanciert\/","name":"Eco-certification for leather goods launched - organizer","isPartOf":{"@id":"https:\/\/www.organisator.ch\/#website"},"primaryImageOfPage":{"@id":"https:\/\/www.organisator.ch\/sustainability\/2017-01-03\/oeko-zertifizierung-fuer-lederwaren-lanciert\/#primaryimage"},"image":{"@id":"https:\/\/www.organisator.ch\/sustainability\/2017-01-03\/oeko-zertifizierung-fuer-lederwaren-lanciert\/#primaryimage"},"thumbnailUrl":"https:\/\/www.organisator.ch\/wp-content\/uploads\/2017\/01\/Depositphotos_41544987_l-2015.jpg","datePublished":"2017-01-03T15:00:56+00:00","dateModified":"2022-02-09T10:10:13+00:00","description":"Low-impact leather goods can be labeled with a new Oeko-Tex standard.","breadcrumb":{"@id":"https:\/\/www.organisator.ch\/sustainability\/2017-01-03\/oeko-zertifizierung-fuer-lederwaren-lanciert\/#breadcrumb"},"inLanguage":"en-US","potentialAction":[{"@type":"ReadAction","target":["https:\/\/www.organisator.ch\/sustainability\/2017-01-03\/oeko-zertifizierung-fuer-lederwaren-lanciert\/"]}]},{"@type":"ImageObject","inLanguage":"en-US","@id":"https:\/\/www.organisator.ch\/sustainability\/2017-01-03\/oeko-zertifizierung-fuer-lederwaren-lanciert\/#primaryimage","url":"https:\/\/www.organisator.ch\/wp-content\/uploads\/2017\/01\/Depositphotos_41544987_l-2015.jpg","contentUrl":"https:\/\/www.organisator.ch\/wp-content\/uploads\/2017\/01\/Depositphotos_41544987_l-2015.jpg","width":2000,"height":1333,"caption":"Ein neuer Oeko-Tex-Standard zertifiziert Lederprodukte."},{"@type":"BreadcrumbList","@id":"https:\/\/www.organisator.ch\/sustainability\/2017-01-03\/oeko-zertifizierung-fuer-lederwaren-lanciert\/#breadcrumb","itemListElement":[{"@type":"ListItem","position":1,"name":"Home","item":"https:\/\/www.organisator.ch\/"},{"@type":"ListItem","position":2,"name":"\u00d6ko-Zertifizierung f\u00fcr Lederwaren lanciert"}]},{"@type":"WebSite","@id":"https:\/\/www.organisator.ch\/#website","url":"https:\/\/www.organisator.ch\/","name":"Organizer","description":"Competent. Practical. In 10 issues per year, ORGANISATOR presents the essential topics for managers of SMEs.","publisher":{"@id":"https:\/\/www.organisator.ch\/#organization"},"potentialAction":[{"@type":"SearchAction","target":{"@type":"EntryPoint","urlTemplate":"https:\/\/www.organisator.ch\/?s={search_term_string}"},"query-input":{"@type":"PropertyValueSpecification","valueRequired":true,"valueName":"search_term_string"}}],"inLanguage":"en-US"},{"@type":"Organization","@id":"https:\/\/www.organisator.ch\/#organization","name":"Organizer","url":"https:\/\/www.organisator.ch\/","logo":{"@type":"ImageObject","inLanguage":"en-US","@id":"https:\/\/www.organisator.ch\/#\/schema\/logo\/image\/","url":"https:\/\/www.organisator.ch\/wp-content\/uploads\/2022\/01\/Logo_Organisator_Website.png","contentUrl":"https:\/\/www.organisator.ch\/wp-content\/uploads\/2022\/01\/Logo_Organisator_Website.png","width":800,"height":77,"caption":"Organisator"},"image":{"@id":"https:\/\/www.organisator.ch\/#\/schema\/logo\/image\/"},"sameAs":["https:\/\/www.facebook.com\/OrganisatorFachmagazin","https:\/\/www.linkedin.com\/showcase\/organisator-das-magazin-fr-kmu","https:\/\/www.xing.com\/news\/pages\/organisator-ch-695","https:\/\/www.youtube.com\/channel\/UCGP2Sq0iWaZwT3BdIAQFYpw"]},{"@type":"Person","@id":"https:\/\/www.organisator.ch\/#\/schema\/person\/aa2bace6c5c5aad60102004a50c4eb1c","name":"admin","image":{"@type":"ImageObject","inLanguage":"en-US","@id":"https:\/\/secure.gravatar.com\/avatar\/ae2f4d718e6c49043e314ce431e7e645d646302a24a5ef5a8bc8e3f5a032e319?s=96&d=mm&r=g","url":"https:\/\/secure.gravatar.com\/avatar\/ae2f4d718e6c49043e314ce431e7e645d646302a24a5ef5a8bc8e3f5a032e319?s=96&d=mm&r=g","contentUrl":"https:\/\/secure.gravatar.com\/avatar\/ae2f4d718e6c49043e314ce431e7e645d646302a24a5ef5a8bc8e3f5a032e319?s=96&d=mm&r=g","caption":"admin"},"sameAs":["https:\/\/www.organisator.ch"],"url":"https:\/\/www.organisator.ch\/en\/author\/admin\/"}]}},"_links":{"self":[{"href":"https:\/\/www.organisator.ch\/en\/wp-json\/wp\/v2\/posts\/9984","targetHints":{"allow":["GET"]}}],"collection":[{"href":"https:\/\/www.organisator.ch\/en\/wp-json\/wp\/v2\/posts"}],"about":[{"href":"https:\/\/www.organisator.ch\/en\/wp-json\/wp\/v2\/types\/post"}],"author":[{"embeddable":true,"href":"https:\/\/www.organisator.ch\/en\/wp-json\/wp\/v2\/users\/1"}],"replies":[{"embeddable":true,"href":"https:\/\/www.organisator.ch\/en\/wp-json\/wp\/v2\/comments?post=9984"}],"version-history":[{"count":1,"href":"https:\/\/www.organisator.ch\/en\/wp-json\/wp\/v2\/posts\/9984\/revisions"}],"predecessor-version":[{"id":10955,"href":"https:\/\/www.organisator.ch\/en\/wp-json\/wp\/v2\/posts\/9984\/revisions\/10955"}],"wp:featuredmedia":[{"embeddable":true,"href":"https:\/\/www.organisator.ch\/en\/wp-json\/wp\/v2\/media\/9443"}],"wp:attachment":[{"href":"https:\/\/www.organisator.ch\/en\/wp-json\/wp\/v2\/media?parent=9984"}],"wp:term":[{"taxonomy":"category","embeddable":true,"href":"https:\/\/www.organisator.ch\/en\/wp-json\/wp\/v2\/categories?post=9984"},{"taxonomy":"post_tag","embeddable":true,"href":"https:\/\/www.organisator.ch\/en\/wp-json\/wp\/v2\/tags?post=9984"}],"curies":[{"name":"wp","href":"https:\/\/api.w.org\/{rel}","templated":true}]}}