{"id":9985,"date":"2017-02-02T10:57:32","date_gmt":"2017-02-02T09:57:32","guid":{"rendered":"https:\/\/www.umweltperspektiven.ch\/?p=703"},"modified":"2022-02-09T11:06:57","modified_gmt":"2022-02-09T10:06:57","slug":"e-bike-statt-autofahren","status":"publish","type":"post","link":"https:\/\/www.organisator.ch\/en\/sustainability\/2017-02-02\/e-bike-statt-autofahren\/","title":{"rendered":"E-bike instead of driving a car"},"content":{"rendered":"<figure id=\"attachment_705\" aria-describedby=\"caption-attachment-705\" style=\"width: 680px\" class=\"wp-caption alignnone\"><img loading=\"lazy\" decoding=\"async\" class=\"size-medium wp-image-705\" src=\"\/\/www.umweltperspektiven.ch\/wp-content\/uploads\/2017\/02\/FactsTrends_6.jpg\" alt=\"\" width=\"680\" height=\"453\" \/><figcaption id=\"caption-attachment-705\" class=\"wp-caption-text\">Temporarily swapping your car for an e-bike encourages you to rethink. (Image: myblueplanet)<\/figcaption><\/figure>\n<p><span style=\"font-size: 10.5pt; font-family: 'Arial','sans-serif';\">For several years now, motorists have been able to make use of the \"<a href=\"\/\/www.myblueplanet.ch\/de\/aktion\/bike4car-2016\">Bike4Car<\/a>\"The climate protection movement myblueplanet, supported by the Swiss Federal Office of Energy, wants to motivate people to try out an alternative means of transport. In this way, the climate protection movement myblueplanet, supported by the Swiss Federal Office of Energy, wants to motivate people to try out an alternative means of transport in order to experience its advantages directly. But does it also encourage participants to change their mobility behavior in the long term? ZHAW researchers, together with the University of St. Gallen, surveyed participants from 2015 and found that Bike4Car has a measurable effect - even a year after the campaign.<\/span><\/p>\n<p><b><span style=\"font-size: 10.5pt; font-family: 'Arial','sans-serif';\">More than half drive less today<br \/>\n<\/span><\/b><span style=\"font-size: 10.5pt; font-family: 'Arial','sans-serif';\">According to the survey, most of the e-bike testers still have fond memories of riding an e-bike a year after the campaign and have recommended people in their circle to try it out as well. More than half of the survey participants also state that they have been traveling more often without a car since the campaign. In addition, after trying out an e-bike, participants associate typical everyday mobility situations such as commuting more often with the e-bike than with a car - after one year, this effect was even stronger than immediately after the trial phase. \"This is an indication that trying out an e-bike can change mobility habits,\" explains study leader Corinne Moser from the ZHAW School of Engineering.<\/span><\/p>\n<p><b><span style=\"font-size: 10.5pt; font-family: 'Arial','sans-serif';\">Majority wants e-bike<br \/>\n<\/span><\/b><span style=\"font-size: 10.5pt; font-family: 'Arial','sans-serif';\">A majority of the survey participants would like to buy an e-bike or have already done so. Testing and trying out during Bike4Car 2015 played an important role according to participants. Important reasons for the purchase decision were the improved fitness and the fun factor. However, the idea of environmental protection was less central. For Corinne Moser, this is an important finding from the survey: \"It seems that it is easier to motivate someone to use an e-bike via the topic of health or fun than via the topic of the environment. This affects people more directly.\"<\/span><\/p>\n<p><b><span style=\"font-size: 10.5pt; font-family: 'Arial','sans-serif';\">Participants were interviewed three times<br \/>\n<\/span><\/b><span style=\"font-size: 10.5pt; font-family: 'Arial','sans-serif';\">The survey was conducted in three runs. First at registration and directly after the action in 2015 and then one year later (fully completed questionnaires 1st survey: 405, 2nd survey: 218, 3rd survey: 300). The survey was conducted as part of the Swiss National Science Foundation's (SNSF) National Research Program \"Control of Energy Consumption\" (NRP 71) - in collaboration with the Energy Competence Center SCCER CREST, funded by the Commission for Technology and Innovation CTI, and the climate protection movement myblueplanet. In addition to the ZHAW, the research partner was the University of St. Gallen. Across Switzerland, 1854 people participated in the Bike4Car campaign in 2015.<\/span><\/p>\n<p>Source: ZHAW<\/p>","protected":false},"excerpt":{"rendered":"<p>Seit einigen Jahren k\u00f6nnen Autofahrerinnen und Autofahrer im Rahmen der Aktion \u00abBike4Car\u00bb ihren Schl\u00fcssel abgeben, um w\u00e4hrend zwei Wochen kostenlos ein Elektrovelo auszuprobieren. Damit will die Klimaschutzbewegung myblueplanet, unterst\u00fctzt vom Bundesamt f\u00fcr Energie, dazu motivieren, ein alternatives Verkehrsmittel auszuprobieren, um so dessen Vorteile direkt zu erleben. Aber bringt es die Teilnehmenden auch dazu, ihr Mobilit\u00e4tsverhalten [&hellip;]<\/p>\n","protected":false},"author":1,"featured_media":9458,"comment_status":"open","ping_status":"open","sticky":false,"template":"","format":"standard","meta":{"_acf_changed":false,"_yoast_wpseo_focuskw":"E-Bike","_yoast_wpseo_metadesc":"Die nationale Aktion Bike4Car hat einen messbaren Effekt auf die Teilnehmenden: Sie fahren heute weniger oft Auto. Dies zeigt eine Umfrage.","articlekey":"","footnotes":""},"categories":[580],"tags":[1775,459,2600],"class_list":["post-9985","post","type-post","status-publish","format-standard","has-post-thumbnail","hentry","category-sustainability","tag-nachhaltiger-verkehr","tag-studie","tag-zhaw"],"acf":[],"yoast_head":"<!-- This site is optimized with the Yoast SEO plugin v27.5 - https:\/\/yoast.com\/product\/yoast-seo-wordpress\/ -->\n<title>E-Bike statt Autofahren - Organisator<\/title>\n<meta name=\"description\" content=\"Die nationale Aktion Bike4Car hat einen messbaren Effekt auf die Teilnehmenden: Sie fahren heute weniger oft Auto. Dies zeigt eine Umfrage.\" \/>\n<meta name=\"robots\" content=\"index, follow, max-snippet:-1, max-image-preview:large, max-video-preview:-1\" \/>\n<link rel=\"canonical\" href=\"https:\/\/www.organisator.ch\/en\/sustainability\/2017-02-02\/e-bike-statt-autofahren\/\" \/>\n<meta property=\"og:locale\" content=\"en_US\" \/>\n<meta property=\"og:type\" content=\"article\" \/>\n<meta property=\"og:title\" content=\"E-Bike statt Autofahren - Organisator\" \/>\n<meta property=\"og:description\" content=\"Die nationale Aktion Bike4Car hat einen messbaren Effekt auf die Teilnehmenden: Sie fahren heute weniger oft Auto. Dies zeigt eine Umfrage.\" \/>\n<meta property=\"og:url\" content=\"https:\/\/www.organisator.ch\/en\/sustainability\/2017-02-02\/e-bike-statt-autofahren\/\" \/>\n<meta property=\"og:site_name\" content=\"Organisator\" \/>\n<meta property=\"article:publisher\" content=\"https:\/\/www.facebook.com\/OrganisatorFachmagazin\" \/>\n<meta property=\"article:published_time\" content=\"2017-02-02T09:57:32+00:00\" \/>\n<meta property=\"article:modified_time\" content=\"2022-02-09T10:06:57+00:00\" \/>\n<meta property=\"og:image\" content=\"https:\/\/www.organisator.ch\/wp-content\/uploads\/2017\/02\/FactsTrends_6.jpg\" \/>\n\t<meta property=\"og:image:width\" content=\"1800\" \/>\n\t<meta property=\"og:image:height\" content=\"1198\" \/>\n\t<meta property=\"og:image:type\" content=\"image\/jpeg\" \/>\n<meta name=\"author\" content=\"admin\" \/>\n<meta name=\"twitter:card\" content=\"summary_large_image\" \/>\n<script type=\"application\/ld+json\" class=\"yoast-schema-graph\">{\"@context\":\"https:\\\/\\\/schema.org\",\"@graph\":[{\"@type\":\"Article\",\"@id\":\"https:\\\/\\\/www.organisator.ch\\\/sustainability\\\/2017-02-02\\\/e-bike-statt-autofahren\\\/#article\",\"isPartOf\":{\"@id\":\"https:\\\/\\\/www.organisator.ch\\\/sustainability\\\/2017-02-02\\\/e-bike-statt-autofahren\\\/\"},\"author\":{\"name\":\"admin\",\"@id\":\"https:\\\/\\\/www.organisator.ch\\\/#\\\/schema\\\/person\\\/aa2bace6c5c5aad60102004a50c4eb1c\"},\"headline\":\"E-Bike statt Autofahren\",\"datePublished\":\"2017-02-02T09:57:32+00:00\",\"dateModified\":\"2022-02-09T10:06:57+00:00\",\"mainEntityOfPage\":{\"@id\":\"https:\\\/\\\/www.organisator.ch\\\/sustainability\\\/2017-02-02\\\/e-bike-statt-autofahren\\\/\"},\"wordCount\":440,\"commentCount\":0,\"publisher\":{\"@id\":\"https:\\\/\\\/www.organisator.ch\\\/#organization\"},\"image\":{\"@id\":\"https:\\\/\\\/www.organisator.ch\\\/sustainability\\\/2017-02-02\\\/e-bike-statt-autofahren\\\/#primaryimage\"},\"thumbnailUrl\":\"https:\\\/\\\/www.organisator.ch\\\/wp-content\\\/uploads\\\/2017\\\/02\\\/FactsTrends_6.jpg\",\"keywords\":[\"Nachhaltiger Verkehr\",\"Studie\",\"ZHAW\"],\"articleSection\":[\"SUSTAINABILITY\"],\"inLanguage\":\"en-US\"},{\"@type\":\"WebPage\",\"@id\":\"https:\\\/\\\/www.organisator.ch\\\/sustainability\\\/2017-02-02\\\/e-bike-statt-autofahren\\\/\",\"url\":\"https:\\\/\\\/www.organisator.ch\\\/sustainability\\\/2017-02-02\\\/e-bike-statt-autofahren\\\/\",\"name\":\"E-Bike statt Autofahren - Organisator\",\"isPartOf\":{\"@id\":\"https:\\\/\\\/www.organisator.ch\\\/#website\"},\"primaryImageOfPage\":{\"@id\":\"https:\\\/\\\/www.organisator.ch\\\/sustainability\\\/2017-02-02\\\/e-bike-statt-autofahren\\\/#primaryimage\"},\"image\":{\"@id\":\"https:\\\/\\\/www.organisator.ch\\\/sustainability\\\/2017-02-02\\\/e-bike-statt-autofahren\\\/#primaryimage\"},\"thumbnailUrl\":\"https:\\\/\\\/www.organisator.ch\\\/wp-content\\\/uploads\\\/2017\\\/02\\\/FactsTrends_6.jpg\",\"datePublished\":\"2017-02-02T09:57:32+00:00\",\"dateModified\":\"2022-02-09T10:06:57+00:00\",\"description\":\"Die nationale Aktion Bike4Car hat einen messbaren Effekt auf die Teilnehmenden: Sie fahren heute weniger oft Auto. Dies zeigt eine Umfrage.\",\"breadcrumb\":{\"@id\":\"https:\\\/\\\/www.organisator.ch\\\/sustainability\\\/2017-02-02\\\/e-bike-statt-autofahren\\\/#breadcrumb\"},\"inLanguage\":\"en-US\",\"potentialAction\":[{\"@type\":\"ReadAction\",\"target\":[\"https:\\\/\\\/www.organisator.ch\\\/sustainability\\\/2017-02-02\\\/e-bike-statt-autofahren\\\/\"]}]},{\"@type\":\"ImageObject\",\"inLanguage\":\"en-US\",\"@id\":\"https:\\\/\\\/www.organisator.ch\\\/sustainability\\\/2017-02-02\\\/e-bike-statt-autofahren\\\/#primaryimage\",\"url\":\"https:\\\/\\\/www.organisator.ch\\\/wp-content\\\/uploads\\\/2017\\\/02\\\/FactsTrends_6.jpg\",\"contentUrl\":\"https:\\\/\\\/www.organisator.ch\\\/wp-content\\\/uploads\\\/2017\\\/02\\\/FactsTrends_6.jpg\",\"width\":1800,\"height\":1198,\"caption\":\"Das Auto tempor\u00e4r gegen ein E-Bike zu tauschen, regt zum Umdenken an. (Bild: myblueplanet)\"},{\"@type\":\"BreadcrumbList\",\"@id\":\"https:\\\/\\\/www.organisator.ch\\\/sustainability\\\/2017-02-02\\\/e-bike-statt-autofahren\\\/#breadcrumb\",\"itemListElement\":[{\"@type\":\"ListItem\",\"position\":1,\"name\":\"Home\",\"item\":\"https:\\\/\\\/www.organisator.ch\\\/\"},{\"@type\":\"ListItem\",\"position\":2,\"name\":\"E-Bike statt Autofahren\"}]},{\"@type\":\"WebSite\",\"@id\":\"https:\\\/\\\/www.organisator.ch\\\/#website\",\"url\":\"https:\\\/\\\/www.organisator.ch\\\/\",\"name\":\"Organisator\",\"description\":\"Kompetent. Praxisnah. Der ORGANISATOR bereitet in 10 Ausgaben pro Jahr die wesentlichen Themen f\u00fcr F\u00fchrungskr\u00e4fte von KMU auf.\",\"publisher\":{\"@id\":\"https:\\\/\\\/www.organisator.ch\\\/#organization\"},\"potentialAction\":[{\"@type\":\"SearchAction\",\"target\":{\"@type\":\"EntryPoint\",\"urlTemplate\":\"https:\\\/\\\/www.organisator.ch\\\/?s={search_term_string}\"},\"query-input\":{\"@type\":\"PropertyValueSpecification\",\"valueRequired\":true,\"valueName\":\"search_term_string\"}}],\"inLanguage\":\"en-US\"},{\"@type\":\"Organization\",\"@id\":\"https:\\\/\\\/www.organisator.ch\\\/#organization\",\"name\":\"Organisator\",\"url\":\"https:\\\/\\\/www.organisator.ch\\\/\",\"logo\":{\"@type\":\"ImageObject\",\"inLanguage\":\"en-US\",\"@id\":\"https:\\\/\\\/www.organisator.ch\\\/#\\\/schema\\\/logo\\\/image\\\/\",\"url\":\"https:\\\/\\\/www.organisator.ch\\\/wp-content\\\/uploads\\\/2022\\\/01\\\/Logo_Organisator_Website.png\",\"contentUrl\":\"https:\\\/\\\/www.organisator.ch\\\/wp-content\\\/uploads\\\/2022\\\/01\\\/Logo_Organisator_Website.png\",\"width\":800,\"height\":77,\"caption\":\"Organisator\"},\"image\":{\"@id\":\"https:\\\/\\\/www.organisator.ch\\\/#\\\/schema\\\/logo\\\/image\\\/\"},\"sameAs\":[\"https:\\\/\\\/www.facebook.com\\\/OrganisatorFachmagazin\",\"https:\\\/\\\/www.linkedin.com\\\/showcase\\\/organisator-das-magazin-fr-kmu\",\"https:\\\/\\\/www.xing.com\\\/news\\\/pages\\\/organisator-ch-695\",\"https:\\\/\\\/www.youtube.com\\\/channel\\\/UCGP2Sq0iWaZwT3BdIAQFYpw\"]},{\"@type\":\"Person\",\"@id\":\"https:\\\/\\\/www.organisator.ch\\\/#\\\/schema\\\/person\\\/aa2bace6c5c5aad60102004a50c4eb1c\",\"name\":\"admin\",\"image\":{\"@type\":\"ImageObject\",\"inLanguage\":\"en-US\",\"@id\":\"https:\\\/\\\/secure.gravatar.com\\\/avatar\\\/ae2f4d718e6c49043e314ce431e7e645d646302a24a5ef5a8bc8e3f5a032e319?s=96&d=mm&r=g\",\"url\":\"https:\\\/\\\/secure.gravatar.com\\\/avatar\\\/ae2f4d718e6c49043e314ce431e7e645d646302a24a5ef5a8bc8e3f5a032e319?s=96&d=mm&r=g\",\"contentUrl\":\"https:\\\/\\\/secure.gravatar.com\\\/avatar\\\/ae2f4d718e6c49043e314ce431e7e645d646302a24a5ef5a8bc8e3f5a032e319?s=96&d=mm&r=g\",\"caption\":\"admin\"},\"sameAs\":[\"https:\\\/\\\/www.organisator.ch\"],\"url\":\"https:\\\/\\\/www.organisator.ch\\\/en\\\/author\\\/admin\\\/\"}]}<\/script>\n<!-- \/ Yoast SEO plugin. -->","yoast_head_json":{"title":"E-bike instead of driving a car - organizer","description":"The national Bike4Car campaign has a measurable effect on participants: They drive less often today. This is shown by a survey.","robots":{"index":"index","follow":"follow","max-snippet":"max-snippet:-1","max-image-preview":"max-image-preview:large","max-video-preview":"max-video-preview:-1"},"canonical":"https:\/\/www.organisator.ch\/en\/sustainability\/2017-02-02\/e-bike-statt-autofahren\/","og_locale":"en_US","og_type":"article","og_title":"E-Bike statt Autofahren - Organisator","og_description":"Die nationale Aktion Bike4Car hat einen messbaren Effekt auf die Teilnehmenden: Sie fahren heute weniger oft Auto. Dies zeigt eine Umfrage.","og_url":"https:\/\/www.organisator.ch\/en\/sustainability\/2017-02-02\/e-bike-statt-autofahren\/","og_site_name":"Organisator","article_publisher":"https:\/\/www.facebook.com\/OrganisatorFachmagazin","article_published_time":"2017-02-02T09:57:32+00:00","article_modified_time":"2022-02-09T10:06:57+00:00","og_image":[{"width":1800,"height":1198,"url":"https:\/\/www.organisator.ch\/wp-content\/uploads\/2017\/02\/FactsTrends_6.jpg","type":"image\/jpeg"}],"author":"admin","twitter_card":"summary_large_image","schema":{"@context":"https:\/\/schema.org","@graph":[{"@type":"Article","@id":"https:\/\/www.organisator.ch\/sustainability\/2017-02-02\/e-bike-statt-autofahren\/#article","isPartOf":{"@id":"https:\/\/www.organisator.ch\/sustainability\/2017-02-02\/e-bike-statt-autofahren\/"},"author":{"name":"admin","@id":"https:\/\/www.organisator.ch\/#\/schema\/person\/aa2bace6c5c5aad60102004a50c4eb1c"},"headline":"E-Bike statt Autofahren","datePublished":"2017-02-02T09:57:32+00:00","dateModified":"2022-02-09T10:06:57+00:00","mainEntityOfPage":{"@id":"https:\/\/www.organisator.ch\/sustainability\/2017-02-02\/e-bike-statt-autofahren\/"},"wordCount":440,"commentCount":0,"publisher":{"@id":"https:\/\/www.organisator.ch\/#organization"},"image":{"@id":"https:\/\/www.organisator.ch\/sustainability\/2017-02-02\/e-bike-statt-autofahren\/#primaryimage"},"thumbnailUrl":"https:\/\/www.organisator.ch\/wp-content\/uploads\/2017\/02\/FactsTrends_6.jpg","keywords":["Nachhaltiger Verkehr","Studie","ZHAW"],"articleSection":["SUSTAINABILITY"],"inLanguage":"en-US"},{"@type":"WebPage","@id":"https:\/\/www.organisator.ch\/sustainability\/2017-02-02\/e-bike-statt-autofahren\/","url":"https:\/\/www.organisator.ch\/sustainability\/2017-02-02\/e-bike-statt-autofahren\/","name":"E-bike instead of driving a car - organizer","isPartOf":{"@id":"https:\/\/www.organisator.ch\/#website"},"primaryImageOfPage":{"@id":"https:\/\/www.organisator.ch\/sustainability\/2017-02-02\/e-bike-statt-autofahren\/#primaryimage"},"image":{"@id":"https:\/\/www.organisator.ch\/sustainability\/2017-02-02\/e-bike-statt-autofahren\/#primaryimage"},"thumbnailUrl":"https:\/\/www.organisator.ch\/wp-content\/uploads\/2017\/02\/FactsTrends_6.jpg","datePublished":"2017-02-02T09:57:32+00:00","dateModified":"2022-02-09T10:06:57+00:00","description":"The national Bike4Car campaign has a measurable effect on participants: They drive less often today. This is shown by a survey.","breadcrumb":{"@id":"https:\/\/www.organisator.ch\/sustainability\/2017-02-02\/e-bike-statt-autofahren\/#breadcrumb"},"inLanguage":"en-US","potentialAction":[{"@type":"ReadAction","target":["https:\/\/www.organisator.ch\/sustainability\/2017-02-02\/e-bike-statt-autofahren\/"]}]},{"@type":"ImageObject","inLanguage":"en-US","@id":"https:\/\/www.organisator.ch\/sustainability\/2017-02-02\/e-bike-statt-autofahren\/#primaryimage","url":"https:\/\/www.organisator.ch\/wp-content\/uploads\/2017\/02\/FactsTrends_6.jpg","contentUrl":"https:\/\/www.organisator.ch\/wp-content\/uploads\/2017\/02\/FactsTrends_6.jpg","width":1800,"height":1198,"caption":"Das Auto tempor\u00e4r gegen ein E-Bike zu tauschen, regt zum Umdenken an. (Bild: myblueplanet)"},{"@type":"BreadcrumbList","@id":"https:\/\/www.organisator.ch\/sustainability\/2017-02-02\/e-bike-statt-autofahren\/#breadcrumb","itemListElement":[{"@type":"ListItem","position":1,"name":"Home","item":"https:\/\/www.organisator.ch\/"},{"@type":"ListItem","position":2,"name":"E-Bike statt Autofahren"}]},{"@type":"WebSite","@id":"https:\/\/www.organisator.ch\/#website","url":"https:\/\/www.organisator.ch\/","name":"Organizer","description":"Competent. Practical. In 10 issues per year, ORGANISATOR presents the essential topics for managers of SMEs.","publisher":{"@id":"https:\/\/www.organisator.ch\/#organization"},"potentialAction":[{"@type":"SearchAction","target":{"@type":"EntryPoint","urlTemplate":"https:\/\/www.organisator.ch\/?s={search_term_string}"},"query-input":{"@type":"PropertyValueSpecification","valueRequired":true,"valueName":"search_term_string"}}],"inLanguage":"en-US"},{"@type":"Organization","@id":"https:\/\/www.organisator.ch\/#organization","name":"Organizer","url":"https:\/\/www.organisator.ch\/","logo":{"@type":"ImageObject","inLanguage":"en-US","@id":"https:\/\/www.organisator.ch\/#\/schema\/logo\/image\/","url":"https:\/\/www.organisator.ch\/wp-content\/uploads\/2022\/01\/Logo_Organisator_Website.png","contentUrl":"https:\/\/www.organisator.ch\/wp-content\/uploads\/2022\/01\/Logo_Organisator_Website.png","width":800,"height":77,"caption":"Organisator"},"image":{"@id":"https:\/\/www.organisator.ch\/#\/schema\/logo\/image\/"},"sameAs":["https:\/\/www.facebook.com\/OrganisatorFachmagazin","https:\/\/www.linkedin.com\/showcase\/organisator-das-magazin-fr-kmu","https:\/\/www.xing.com\/news\/pages\/organisator-ch-695","https:\/\/www.youtube.com\/channel\/UCGP2Sq0iWaZwT3BdIAQFYpw"]},{"@type":"Person","@id":"https:\/\/www.organisator.ch\/#\/schema\/person\/aa2bace6c5c5aad60102004a50c4eb1c","name":"admin","image":{"@type":"ImageObject","inLanguage":"en-US","@id":"https:\/\/secure.gravatar.com\/avatar\/ae2f4d718e6c49043e314ce431e7e645d646302a24a5ef5a8bc8e3f5a032e319?s=96&d=mm&r=g","url":"https:\/\/secure.gravatar.com\/avatar\/ae2f4d718e6c49043e314ce431e7e645d646302a24a5ef5a8bc8e3f5a032e319?s=96&d=mm&r=g","contentUrl":"https:\/\/secure.gravatar.com\/avatar\/ae2f4d718e6c49043e314ce431e7e645d646302a24a5ef5a8bc8e3f5a032e319?s=96&d=mm&r=g","caption":"admin"},"sameAs":["https:\/\/www.organisator.ch"],"url":"https:\/\/www.organisator.ch\/en\/author\/admin\/"}]}},"_links":{"self":[{"href":"https:\/\/www.organisator.ch\/en\/wp-json\/wp\/v2\/posts\/9985","targetHints":{"allow":["GET"]}}],"collection":[{"href":"https:\/\/www.organisator.ch\/en\/wp-json\/wp\/v2\/posts"}],"about":[{"href":"https:\/\/www.organisator.ch\/en\/wp-json\/wp\/v2\/types\/post"}],"author":[{"embeddable":true,"href":"https:\/\/www.organisator.ch\/en\/wp-json\/wp\/v2\/users\/1"}],"replies":[{"embeddable":true,"href":"https:\/\/www.organisator.ch\/en\/wp-json\/wp\/v2\/comments?post=9985"}],"version-history":[{"count":1,"href":"https:\/\/www.organisator.ch\/en\/wp-json\/wp\/v2\/posts\/9985\/revisions"}],"predecessor-version":[{"id":10740,"href":"https:\/\/www.organisator.ch\/en\/wp-json\/wp\/v2\/posts\/9985\/revisions\/10740"}],"wp:featuredmedia":[{"embeddable":true,"href":"https:\/\/www.organisator.ch\/en\/wp-json\/wp\/v2\/media\/9458"}],"wp:attachment":[{"href":"https:\/\/www.organisator.ch\/en\/wp-json\/wp\/v2\/media?parent=9985"}],"wp:term":[{"taxonomy":"category","embeddable":true,"href":"https:\/\/www.organisator.ch\/en\/wp-json\/wp\/v2\/categories?post=9985"},{"taxonomy":"post_tag","embeddable":true,"href":"https:\/\/www.organisator.ch\/en\/wp-json\/wp\/v2\/tags?post=9985"}],"curies":[{"name":"wp","href":"https:\/\/api.w.org\/{rel}","templated":true}]}}