{"id":9989,"date":"2017-02-21T15:43:51","date_gmt":"2017-02-21T14:43:51","guid":{"rendered":"https:\/\/www.umweltperspektiven.ch\/?p=751"},"modified":"2022-02-09T11:06:57","modified_gmt":"2022-02-09T10:06:57","slug":"stuttgart-verbietet-aeltere-dieselautos","status":"publish","type":"post","link":"https:\/\/www.organisator.ch\/en\/sustainability\/2017-02-21\/stuttgart-verbietet-aeltere-dieselautos\/","title":{"rendered":"Stuttgart: Driving ban for older diesel cars"},"content":{"rendered":"<figure id=\"attachment_754\" aria-describedby=\"caption-attachment-754\" style=\"width: 680px\" class=\"wp-caption alignnone\"><img loading=\"lazy\" decoding=\"async\" class=\"size-medium wp-image-754\" src=\"\/\/www.umweltperspektiven.ch\/wp-content\/uploads\/2017\/02\/Depositphotos_2797251_m.jpg\" alt=\"\" width=\"680\" height=\"453\" \/><figcaption id=\"caption-attachment-754\" class=\"wp-caption-text\">Excessive air pollution: Older diesel vehicles will face driving bans in Stuttgart in the future.<\/figcaption><\/figure>\n<p>Starting in 2018, diesel cars that do not meet the strict Euro 6 emissions standard will be banned from driving in Stuttgart in the event of a particulate matter alarm. From 2020, the old diesel vehicles will even be banned completely from the city center.<\/p>\n<p>This is part of a catalog of measures by the city government, a coalition of the Green Party and the CSU, to improve air quality in the city.<\/p>\n<p>Green Minister President Winfried Kretschmann is also calling for the introduction of a blue badge at the federal level. The badge, which is given to vehicles that meet the Euro 6 standard, is considered controversial in Germany and was put on hold by the Environment Ministry last year.<\/p>\n<p>In 2016, nitrogen dioxide levels in Germany were above the permitted limit of 40 milligrams per cubic meter on average for the year at the majority of measuring stations.<\/p>\n<p>The Euro 6 standard was introduced in 2014. According to it, nitrogen oxide emissions from new cars should only be 80 mg NOx per kilometer - but in reality they average around 600 mg NOx per kilometer. (Figures: VCS)<\/p>","protected":false},"excerpt":{"rendered":"<p>Ab dem Jahr 2018 gilt in Stuttgart f\u00fcr Dieselautos, welche die strenge Abgasnorm Euro 6 nicht erf\u00fcllen, bei Feinstaubalarm Fahrverbot. Ab 2020 sollen die alten Dieselfahrzeuge gar vollst\u00e4ndig aus der Innenstadt verbannt werden. Dies ist Teil eines Massnahmenkatalogs der Stadtregierung, eine Koalition aus den Gr\u00fcnen und der CSU, um die Luftqualit\u00e4t in der Stadt zu [&hellip;]<\/p>\n","protected":false},"author":1,"featured_media":9467,"comment_status":"open","ping_status":"open","sticky":false,"template":"","format":"standard","meta":{"_acf_changed":false,"_yoast_wpseo_focuskw":"Dieselautos","_yoast_wpseo_metadesc":"Dieselautos, welche die Abgasnorm Euro 6 nicht erf\u00fcllen, d\u00fcrfen ab 2018 bei Feinstaubalarm nicht mehr durch Stuttgart fahren.","articlekey":"","footnotes":""},"categories":[580],"tags":[979,1161,1848],"class_list":["post-9989","post","type-post","status-publish","format-standard","has-post-thumbnail","hentry","category-sustainability","tag-diesel","tag-feinstaub","tag-nox"],"acf":[],"yoast_head":"<!-- This site is optimized with the Yoast SEO plugin v27.4 - https:\/\/yoast.com\/product\/yoast-seo-wordpress\/ -->\n<title>Stuttgart: Fahrverbot f\u00fcr \u00e4ltere Dieselautos - Organisator<\/title>\n<meta name=\"description\" content=\"Dieselautos, welche die Abgasnorm Euro 6 nicht erf\u00fcllen, d\u00fcrfen ab 2018 bei Feinstaubalarm nicht mehr durch Stuttgart fahren.\" \/>\n<meta name=\"robots\" content=\"index, follow, max-snippet:-1, max-image-preview:large, max-video-preview:-1\" \/>\n<link rel=\"canonical\" href=\"https:\/\/www.organisator.ch\/en\/sustainability\/2017-02-21\/stuttgart-verbietet-aeltere-dieselautos\/\" \/>\n<meta property=\"og:locale\" content=\"en_US\" \/>\n<meta property=\"og:type\" content=\"article\" \/>\n<meta property=\"og:title\" content=\"Stuttgart: Fahrverbot f\u00fcr \u00e4ltere Dieselautos - Organisator\" \/>\n<meta property=\"og:description\" content=\"Dieselautos, welche die Abgasnorm Euro 6 nicht erf\u00fcllen, d\u00fcrfen ab 2018 bei Feinstaubalarm nicht mehr durch Stuttgart fahren.\" \/>\n<meta property=\"og:url\" content=\"https:\/\/www.organisator.ch\/en\/sustainability\/2017-02-21\/stuttgart-verbietet-aeltere-dieselautos\/\" \/>\n<meta property=\"og:site_name\" content=\"Organisator\" \/>\n<meta property=\"article:publisher\" content=\"https:\/\/www.facebook.com\/OrganisatorFachmagazin\" \/>\n<meta property=\"article:published_time\" content=\"2017-02-21T14:43:51+00:00\" \/>\n<meta property=\"article:modified_time\" content=\"2022-02-09T10:06:57+00:00\" \/>\n<meta property=\"og:image\" content=\"https:\/\/www.organisator.ch\/wp-content\/uploads\/2017\/02\/Depositphotos_2797251_m.jpg\" \/>\n\t<meta property=\"og:image:width\" content=\"1732\" \/>\n\t<meta property=\"og:image:height\" content=\"1155\" \/>\n\t<meta property=\"og:image:type\" content=\"image\/jpeg\" \/>\n<meta name=\"author\" content=\"admin\" \/>\n<meta name=\"twitter:card\" content=\"summary_large_image\" \/>\n<script type=\"application\/ld+json\" class=\"yoast-schema-graph\">{\"@context\":\"https:\\\/\\\/schema.org\",\"@graph\":[{\"@type\":\"Article\",\"@id\":\"https:\\\/\\\/www.organisator.ch\\\/sustainability\\\/2017-02-21\\\/stuttgart-verbietet-aeltere-dieselautos\\\/#article\",\"isPartOf\":{\"@id\":\"https:\\\/\\\/www.organisator.ch\\\/sustainability\\\/2017-02-21\\\/stuttgart-verbietet-aeltere-dieselautos\\\/\"},\"author\":{\"name\":\"admin\",\"@id\":\"https:\\\/\\\/www.organisator.ch\\\/#\\\/schema\\\/person\\\/aa2bace6c5c5aad60102004a50c4eb1c\"},\"headline\":\"Stuttgart: Fahrverbot f\u00fcr \u00e4ltere Dieselautos\",\"datePublished\":\"2017-02-21T14:43:51+00:00\",\"dateModified\":\"2022-02-09T10:06:57+00:00\",\"mainEntityOfPage\":{\"@id\":\"https:\\\/\\\/www.organisator.ch\\\/sustainability\\\/2017-02-21\\\/stuttgart-verbietet-aeltere-dieselautos\\\/\"},\"wordCount\":190,\"commentCount\":0,\"publisher\":{\"@id\":\"https:\\\/\\\/www.organisator.ch\\\/#organization\"},\"image\":{\"@id\":\"https:\\\/\\\/www.organisator.ch\\\/sustainability\\\/2017-02-21\\\/stuttgart-verbietet-aeltere-dieselautos\\\/#primaryimage\"},\"thumbnailUrl\":\"https:\\\/\\\/www.organisator.ch\\\/wp-content\\\/uploads\\\/2017\\\/02\\\/Depositphotos_2797251_m.jpg\",\"keywords\":[\"Diesel\",\"Feinstaub\",\"NOx\"],\"articleSection\":[\"SUSTAINABILITY\"],\"inLanguage\":\"en-US\"},{\"@type\":\"WebPage\",\"@id\":\"https:\\\/\\\/www.organisator.ch\\\/sustainability\\\/2017-02-21\\\/stuttgart-verbietet-aeltere-dieselautos\\\/\",\"url\":\"https:\\\/\\\/www.organisator.ch\\\/sustainability\\\/2017-02-21\\\/stuttgart-verbietet-aeltere-dieselautos\\\/\",\"name\":\"Stuttgart: Fahrverbot f\u00fcr \u00e4ltere Dieselautos - Organisator\",\"isPartOf\":{\"@id\":\"https:\\\/\\\/www.organisator.ch\\\/#website\"},\"primaryImageOfPage\":{\"@id\":\"https:\\\/\\\/www.organisator.ch\\\/sustainability\\\/2017-02-21\\\/stuttgart-verbietet-aeltere-dieselautos\\\/#primaryimage\"},\"image\":{\"@id\":\"https:\\\/\\\/www.organisator.ch\\\/sustainability\\\/2017-02-21\\\/stuttgart-verbietet-aeltere-dieselautos\\\/#primaryimage\"},\"thumbnailUrl\":\"https:\\\/\\\/www.organisator.ch\\\/wp-content\\\/uploads\\\/2017\\\/02\\\/Depositphotos_2797251_m.jpg\",\"datePublished\":\"2017-02-21T14:43:51+00:00\",\"dateModified\":\"2022-02-09T10:06:57+00:00\",\"description\":\"Dieselautos, welche die Abgasnorm Euro 6 nicht erf\u00fcllen, d\u00fcrfen ab 2018 bei Feinstaubalarm nicht mehr durch Stuttgart fahren.\",\"breadcrumb\":{\"@id\":\"https:\\\/\\\/www.organisator.ch\\\/sustainability\\\/2017-02-21\\\/stuttgart-verbietet-aeltere-dieselautos\\\/#breadcrumb\"},\"inLanguage\":\"en-US\",\"potentialAction\":[{\"@type\":\"ReadAction\",\"target\":[\"https:\\\/\\\/www.organisator.ch\\\/sustainability\\\/2017-02-21\\\/stuttgart-verbietet-aeltere-dieselautos\\\/\"]}]},{\"@type\":\"ImageObject\",\"inLanguage\":\"en-US\",\"@id\":\"https:\\\/\\\/www.organisator.ch\\\/sustainability\\\/2017-02-21\\\/stuttgart-verbietet-aeltere-dieselautos\\\/#primaryimage\",\"url\":\"https:\\\/\\\/www.organisator.ch\\\/wp-content\\\/uploads\\\/2017\\\/02\\\/Depositphotos_2797251_m.jpg\",\"contentUrl\":\"https:\\\/\\\/www.organisator.ch\\\/wp-content\\\/uploads\\\/2017\\\/02\\\/Depositphotos_2797251_m.jpg\",\"width\":1732,\"height\":1155,\"caption\":\"Zu hohe Luftbelastung: \u00c4ltere Dieselfahrzeuge stossen k\u00fcnftig in Stuttgart auf Fahrverbote.\"},{\"@type\":\"BreadcrumbList\",\"@id\":\"https:\\\/\\\/www.organisator.ch\\\/sustainability\\\/2017-02-21\\\/stuttgart-verbietet-aeltere-dieselautos\\\/#breadcrumb\",\"itemListElement\":[{\"@type\":\"ListItem\",\"position\":1,\"name\":\"Home\",\"item\":\"https:\\\/\\\/www.organisator.ch\\\/\"},{\"@type\":\"ListItem\",\"position\":2,\"name\":\"Stuttgart: Fahrverbot f\u00fcr \u00e4ltere Dieselautos\"}]},{\"@type\":\"WebSite\",\"@id\":\"https:\\\/\\\/www.organisator.ch\\\/#website\",\"url\":\"https:\\\/\\\/www.organisator.ch\\\/\",\"name\":\"Organisator\",\"description\":\"Kompetent. Praxisnah. Der ORGANISATOR bereitet in 10 Ausgaben pro Jahr die wesentlichen Themen f\u00fcr F\u00fchrungskr\u00e4fte von KMU auf.\",\"publisher\":{\"@id\":\"https:\\\/\\\/www.organisator.ch\\\/#organization\"},\"potentialAction\":[{\"@type\":\"SearchAction\",\"target\":{\"@type\":\"EntryPoint\",\"urlTemplate\":\"https:\\\/\\\/www.organisator.ch\\\/?s={search_term_string}\"},\"query-input\":{\"@type\":\"PropertyValueSpecification\",\"valueRequired\":true,\"valueName\":\"search_term_string\"}}],\"inLanguage\":\"en-US\"},{\"@type\":\"Organization\",\"@id\":\"https:\\\/\\\/www.organisator.ch\\\/#organization\",\"name\":\"Organisator\",\"url\":\"https:\\\/\\\/www.organisator.ch\\\/\",\"logo\":{\"@type\":\"ImageObject\",\"inLanguage\":\"en-US\",\"@id\":\"https:\\\/\\\/www.organisator.ch\\\/#\\\/schema\\\/logo\\\/image\\\/\",\"url\":\"https:\\\/\\\/www.organisator.ch\\\/wp-content\\\/uploads\\\/2022\\\/01\\\/Logo_Organisator_Website.png\",\"contentUrl\":\"https:\\\/\\\/www.organisator.ch\\\/wp-content\\\/uploads\\\/2022\\\/01\\\/Logo_Organisator_Website.png\",\"width\":800,\"height\":77,\"caption\":\"Organisator\"},\"image\":{\"@id\":\"https:\\\/\\\/www.organisator.ch\\\/#\\\/schema\\\/logo\\\/image\\\/\"},\"sameAs\":[\"https:\\\/\\\/www.facebook.com\\\/OrganisatorFachmagazin\",\"https:\\\/\\\/www.linkedin.com\\\/showcase\\\/organisator-das-magazin-fr-kmu\",\"https:\\\/\\\/www.xing.com\\\/news\\\/pages\\\/organisator-ch-695\",\"https:\\\/\\\/www.youtube.com\\\/channel\\\/UCGP2Sq0iWaZwT3BdIAQFYpw\"]},{\"@type\":\"Person\",\"@id\":\"https:\\\/\\\/www.organisator.ch\\\/#\\\/schema\\\/person\\\/aa2bace6c5c5aad60102004a50c4eb1c\",\"name\":\"admin\",\"image\":{\"@type\":\"ImageObject\",\"inLanguage\":\"en-US\",\"@id\":\"https:\\\/\\\/secure.gravatar.com\\\/avatar\\\/ae2f4d718e6c49043e314ce431e7e645d646302a24a5ef5a8bc8e3f5a032e319?s=96&d=mm&r=g\",\"url\":\"https:\\\/\\\/secure.gravatar.com\\\/avatar\\\/ae2f4d718e6c49043e314ce431e7e645d646302a24a5ef5a8bc8e3f5a032e319?s=96&d=mm&r=g\",\"contentUrl\":\"https:\\\/\\\/secure.gravatar.com\\\/avatar\\\/ae2f4d718e6c49043e314ce431e7e645d646302a24a5ef5a8bc8e3f5a032e319?s=96&d=mm&r=g\",\"caption\":\"admin\"},\"sameAs\":[\"https:\\\/\\\/www.organisator.ch\"],\"url\":\"https:\\\/\\\/www.organisator.ch\\\/en\\\/author\\\/admin\\\/\"}]}<\/script>\n<!-- \/ Yoast SEO plugin. -->","yoast_head_json":{"title":"Stuttgart: Driving ban for older diesel cars - Organizer","description":"Diesel cars that do not meet the Euro 6 emissions standard will no longer be allowed to drive through Stuttgart during particulate matter alerts starting in 2018.","robots":{"index":"index","follow":"follow","max-snippet":"max-snippet:-1","max-image-preview":"max-image-preview:large","max-video-preview":"max-video-preview:-1"},"canonical":"https:\/\/www.organisator.ch\/en\/sustainability\/2017-02-21\/stuttgart-verbietet-aeltere-dieselautos\/","og_locale":"en_US","og_type":"article","og_title":"Stuttgart: Fahrverbot f\u00fcr \u00e4ltere Dieselautos - Organisator","og_description":"Dieselautos, welche die Abgasnorm Euro 6 nicht erf\u00fcllen, d\u00fcrfen ab 2018 bei Feinstaubalarm nicht mehr durch Stuttgart fahren.","og_url":"https:\/\/www.organisator.ch\/en\/sustainability\/2017-02-21\/stuttgart-verbietet-aeltere-dieselautos\/","og_site_name":"Organisator","article_publisher":"https:\/\/www.facebook.com\/OrganisatorFachmagazin","article_published_time":"2017-02-21T14:43:51+00:00","article_modified_time":"2022-02-09T10:06:57+00:00","og_image":[{"width":1732,"height":1155,"url":"https:\/\/www.organisator.ch\/wp-content\/uploads\/2017\/02\/Depositphotos_2797251_m.jpg","type":"image\/jpeg"}],"author":"admin","twitter_card":"summary_large_image","schema":{"@context":"https:\/\/schema.org","@graph":[{"@type":"Article","@id":"https:\/\/www.organisator.ch\/sustainability\/2017-02-21\/stuttgart-verbietet-aeltere-dieselautos\/#article","isPartOf":{"@id":"https:\/\/www.organisator.ch\/sustainability\/2017-02-21\/stuttgart-verbietet-aeltere-dieselautos\/"},"author":{"name":"admin","@id":"https:\/\/www.organisator.ch\/#\/schema\/person\/aa2bace6c5c5aad60102004a50c4eb1c"},"headline":"Stuttgart: Fahrverbot f\u00fcr \u00e4ltere Dieselautos","datePublished":"2017-02-21T14:43:51+00:00","dateModified":"2022-02-09T10:06:57+00:00","mainEntityOfPage":{"@id":"https:\/\/www.organisator.ch\/sustainability\/2017-02-21\/stuttgart-verbietet-aeltere-dieselautos\/"},"wordCount":190,"commentCount":0,"publisher":{"@id":"https:\/\/www.organisator.ch\/#organization"},"image":{"@id":"https:\/\/www.organisator.ch\/sustainability\/2017-02-21\/stuttgart-verbietet-aeltere-dieselautos\/#primaryimage"},"thumbnailUrl":"https:\/\/www.organisator.ch\/wp-content\/uploads\/2017\/02\/Depositphotos_2797251_m.jpg","keywords":["Diesel","Feinstaub","NOx"],"articleSection":["SUSTAINABILITY"],"inLanguage":"en-US"},{"@type":"WebPage","@id":"https:\/\/www.organisator.ch\/sustainability\/2017-02-21\/stuttgart-verbietet-aeltere-dieselautos\/","url":"https:\/\/www.organisator.ch\/sustainability\/2017-02-21\/stuttgart-verbietet-aeltere-dieselautos\/","name":"Stuttgart: Driving ban for older diesel cars - Organizer","isPartOf":{"@id":"https:\/\/www.organisator.ch\/#website"},"primaryImageOfPage":{"@id":"https:\/\/www.organisator.ch\/sustainability\/2017-02-21\/stuttgart-verbietet-aeltere-dieselautos\/#primaryimage"},"image":{"@id":"https:\/\/www.organisator.ch\/sustainability\/2017-02-21\/stuttgart-verbietet-aeltere-dieselautos\/#primaryimage"},"thumbnailUrl":"https:\/\/www.organisator.ch\/wp-content\/uploads\/2017\/02\/Depositphotos_2797251_m.jpg","datePublished":"2017-02-21T14:43:51+00:00","dateModified":"2022-02-09T10:06:57+00:00","description":"Diesel cars that do not meet the Euro 6 emissions standard will no longer be allowed to drive through Stuttgart during particulate matter alerts starting in 2018.","breadcrumb":{"@id":"https:\/\/www.organisator.ch\/sustainability\/2017-02-21\/stuttgart-verbietet-aeltere-dieselautos\/#breadcrumb"},"inLanguage":"en-US","potentialAction":[{"@type":"ReadAction","target":["https:\/\/www.organisator.ch\/sustainability\/2017-02-21\/stuttgart-verbietet-aeltere-dieselautos\/"]}]},{"@type":"ImageObject","inLanguage":"en-US","@id":"https:\/\/www.organisator.ch\/sustainability\/2017-02-21\/stuttgart-verbietet-aeltere-dieselautos\/#primaryimage","url":"https:\/\/www.organisator.ch\/wp-content\/uploads\/2017\/02\/Depositphotos_2797251_m.jpg","contentUrl":"https:\/\/www.organisator.ch\/wp-content\/uploads\/2017\/02\/Depositphotos_2797251_m.jpg","width":1732,"height":1155,"caption":"Zu hohe Luftbelastung: \u00c4ltere Dieselfahrzeuge stossen k\u00fcnftig in Stuttgart auf Fahrverbote."},{"@type":"BreadcrumbList","@id":"https:\/\/www.organisator.ch\/sustainability\/2017-02-21\/stuttgart-verbietet-aeltere-dieselautos\/#breadcrumb","itemListElement":[{"@type":"ListItem","position":1,"name":"Home","item":"https:\/\/www.organisator.ch\/"},{"@type":"ListItem","position":2,"name":"Stuttgart: Fahrverbot f\u00fcr \u00e4ltere Dieselautos"}]},{"@type":"WebSite","@id":"https:\/\/www.organisator.ch\/#website","url":"https:\/\/www.organisator.ch\/","name":"Organizer","description":"Competent. Practical. In 10 issues per year, ORGANISATOR presents the essential topics for managers of SMEs.","publisher":{"@id":"https:\/\/www.organisator.ch\/#organization"},"potentialAction":[{"@type":"SearchAction","target":{"@type":"EntryPoint","urlTemplate":"https:\/\/www.organisator.ch\/?s={search_term_string}"},"query-input":{"@type":"PropertyValueSpecification","valueRequired":true,"valueName":"search_term_string"}}],"inLanguage":"en-US"},{"@type":"Organization","@id":"https:\/\/www.organisator.ch\/#organization","name":"Organizer","url":"https:\/\/www.organisator.ch\/","logo":{"@type":"ImageObject","inLanguage":"en-US","@id":"https:\/\/www.organisator.ch\/#\/schema\/logo\/image\/","url":"https:\/\/www.organisator.ch\/wp-content\/uploads\/2022\/01\/Logo_Organisator_Website.png","contentUrl":"https:\/\/www.organisator.ch\/wp-content\/uploads\/2022\/01\/Logo_Organisator_Website.png","width":800,"height":77,"caption":"Organisator"},"image":{"@id":"https:\/\/www.organisator.ch\/#\/schema\/logo\/image\/"},"sameAs":["https:\/\/www.facebook.com\/OrganisatorFachmagazin","https:\/\/www.linkedin.com\/showcase\/organisator-das-magazin-fr-kmu","https:\/\/www.xing.com\/news\/pages\/organisator-ch-695","https:\/\/www.youtube.com\/channel\/UCGP2Sq0iWaZwT3BdIAQFYpw"]},{"@type":"Person","@id":"https:\/\/www.organisator.ch\/#\/schema\/person\/aa2bace6c5c5aad60102004a50c4eb1c","name":"admin","image":{"@type":"ImageObject","inLanguage":"en-US","@id":"https:\/\/secure.gravatar.com\/avatar\/ae2f4d718e6c49043e314ce431e7e645d646302a24a5ef5a8bc8e3f5a032e319?s=96&d=mm&r=g","url":"https:\/\/secure.gravatar.com\/avatar\/ae2f4d718e6c49043e314ce431e7e645d646302a24a5ef5a8bc8e3f5a032e319?s=96&d=mm&r=g","contentUrl":"https:\/\/secure.gravatar.com\/avatar\/ae2f4d718e6c49043e314ce431e7e645d646302a24a5ef5a8bc8e3f5a032e319?s=96&d=mm&r=g","caption":"admin"},"sameAs":["https:\/\/www.organisator.ch"],"url":"https:\/\/www.organisator.ch\/en\/author\/admin\/"}]}},"_links":{"self":[{"href":"https:\/\/www.organisator.ch\/en\/wp-json\/wp\/v2\/posts\/9989","targetHints":{"allow":["GET"]}}],"collection":[{"href":"https:\/\/www.organisator.ch\/en\/wp-json\/wp\/v2\/posts"}],"about":[{"href":"https:\/\/www.organisator.ch\/en\/wp-json\/wp\/v2\/types\/post"}],"author":[{"embeddable":true,"href":"https:\/\/www.organisator.ch\/en\/wp-json\/wp\/v2\/users\/1"}],"replies":[{"embeddable":true,"href":"https:\/\/www.organisator.ch\/en\/wp-json\/wp\/v2\/comments?post=9989"}],"version-history":[{"count":1,"href":"https:\/\/www.organisator.ch\/en\/wp-json\/wp\/v2\/posts\/9989\/revisions"}],"predecessor-version":[{"id":10738,"href":"https:\/\/www.organisator.ch\/en\/wp-json\/wp\/v2\/posts\/9989\/revisions\/10738"}],"wp:featuredmedia":[{"embeddable":true,"href":"https:\/\/www.organisator.ch\/en\/wp-json\/wp\/v2\/media\/9467"}],"wp:attachment":[{"href":"https:\/\/www.organisator.ch\/en\/wp-json\/wp\/v2\/media?parent=9989"}],"wp:term":[{"taxonomy":"category","embeddable":true,"href":"https:\/\/www.organisator.ch\/en\/wp-json\/wp\/v2\/categories?post=9989"},{"taxonomy":"post_tag","embeddable":true,"href":"https:\/\/www.organisator.ch\/en\/wp-json\/wp\/v2\/tags?post=9989"}],"curies":[{"name":"wp","href":"https:\/\/api.w.org\/{rel}","templated":true}]}}