{"id":9992,"date":"2017-02-27T16:42:17","date_gmt":"2017-02-27T15:42:17","guid":{"rendered":"https:\/\/www.umweltperspektiven.ch\/?p=779"},"modified":"2022-02-09T11:10:12","modified_gmt":"2022-02-09T10:10:12","slug":"779-2","status":"publish","type":"post","link":"https:\/\/www.organisator.ch\/en\/sustainability\/2017-02-27\/779-2\/","title":{"rendered":"Ban on illegally caught fish"},"content":{"rendered":"<figure id=\"attachment_780\" aria-describedby=\"caption-attachment-780\" style=\"width: 680px\" class=\"wp-caption alignnone\"><img loading=\"lazy\" decoding=\"async\" class=\"size-medium wp-image-780\" src=\"\/\/www.umweltperspektiven.ch\/wp-content\/uploads\/2017\/02\/Depositphotos_36704977_l-2015.jpg\" alt=\"\" width=\"680\" height=\"453\" \/><figcaption id=\"caption-attachment-780\" class=\"wp-caption-text\">Imported fish must come from legal sources as of March 1, 2017. This is intended to contribute to the conservation of fish stocks.<\/figcaption><\/figure>\n<p>In the future, only marine fishery products whose legal origin is guaranteed may be imported into Switzerland. On March 1, 2017, a new regulation will come into force that is intended to contribute to the sustainable use of global fish stocks.<\/p>\n<p>Affected by the regulation on the control of the lawful origin of imported marine fishery products are Pacific and Atlantic salmon, herring, tuna, cod, flatfish and other marine fishery products in fresh, chilled, frozen, salted, minced, dried, smoked or live condition.<\/p>\n<p>Their catch must comply with the national and international legal provisions in force in the exporting countries, as well as with the conservation measures and catch quotas. In the European Union, the import of products from illegal, unreported or unregulated (IUU) fishing has been prohibited since 2010.<\/p>\n<p><strong>Controls for fishery products<\/strong><\/p>\n<p>To ensure that the marine fishery products are indeed of legal origin, the Federal Food Safety and Veterinary Office (FSVO) will carry out controls. Deliveries from countries with recognized official monitoring of fisheries can continue to be imported free of inspection and fees. All countries exporting fishery products can submit an application to the FSVO at any time to be recognized as a state with official monitoring by the authorities.<\/p>\n<p><strong>Preserve resources<\/strong><\/p>\n<p>These measures are intended to contribute to the sustainable conservation of fishery resources. Today, several fish species are threatened by overfishing, which can lead to a collapse of stocks. By eliminating trade in illegal fishery products, importing countries can make a significant contribution to the protection of fish stocks.<\/p>","protected":false},"excerpt":{"rendered":"<p>In Zukunft d\u00fcrfen nur noch Meeresfischereierzeugnisse in die Schweiz eingef\u00fchrt werden, deren rechtm\u00e4ssige Herkunft gew\u00e4hrleistet ist. Am 1. M\u00e4rz 2017 tritt eine neue Verordnung in Kraft, die zu einer nachhaltigen Nutzung der weltweiten Fischbest\u00e4nde beitragen soll. Betroffen von der Verordnung \u00fcber die Kontrolle der rechtm\u00e4ssigen Herkunft von eingef\u00fchrten Erzeugnissen der Meeresfischerei sind Pazifische und Atlantische [&hellip;]<\/p>\n","protected":false},"author":1,"featured_media":9472,"comment_status":"open","ping_status":"open","sticky":false,"template":"","format":"standard","meta":{"_acf_changed":false,"_yoast_wpseo_focuskw":"Fisch","_yoast_wpseo_metadesc":"Fischkonsum ohne schlechtes Gewissen: Ab 1. M\u00e4rz 2017 d\u00fcrfen nur noch Fische in die Schweiz importiert werden, die nachweislich legal gefischt wurden.","articlekey":"","footnotes":""},"categories":[580],"tags":[883,1180,1399,1605],"class_list":["post-9992","post","type-post","status-publish","format-standard","has-post-thumbnail","hentry","category-sustainability","tag-bund","tag-fisch","tag-import","tag-lebensmittel"],"acf":[],"yoast_head":"<!-- This site is optimized with the Yoast SEO plugin v27.4 - https:\/\/yoast.com\/product\/yoast-seo-wordpress\/ -->\n<title>Verbot f\u00fcr illegal gefangenen Fisch - Organisator<\/title>\n<meta name=\"description\" content=\"Fischkonsum ohne schlechtes Gewissen: Ab 1. M\u00e4rz 2017 d\u00fcrfen nur noch Fische in die Schweiz importiert werden, die nachweislich legal gefischt wurden.\" \/>\n<meta name=\"robots\" content=\"index, follow, max-snippet:-1, max-image-preview:large, max-video-preview:-1\" \/>\n<link rel=\"canonical\" href=\"https:\/\/www.organisator.ch\/en\/sustainability\/2017-02-27\/779-2\/\" \/>\n<meta property=\"og:locale\" content=\"en_US\" \/>\n<meta property=\"og:type\" content=\"article\" \/>\n<meta property=\"og:title\" content=\"Verbot f\u00fcr illegal gefangenen Fisch - Organisator\" \/>\n<meta property=\"og:description\" content=\"Fischkonsum ohne schlechtes Gewissen: Ab 1. M\u00e4rz 2017 d\u00fcrfen nur noch Fische in die Schweiz importiert werden, die nachweislich legal gefischt wurden.\" \/>\n<meta property=\"og:url\" content=\"https:\/\/www.organisator.ch\/en\/sustainability\/2017-02-27\/779-2\/\" \/>\n<meta property=\"og:site_name\" content=\"Organisator\" \/>\n<meta property=\"article:publisher\" content=\"https:\/\/www.facebook.com\/OrganisatorFachmagazin\" \/>\n<meta property=\"article:published_time\" content=\"2017-02-27T15:42:17+00:00\" \/>\n<meta property=\"article:modified_time\" content=\"2022-02-09T10:10:12+00:00\" \/>\n<meta property=\"og:image\" content=\"https:\/\/www.organisator.ch\/wp-content\/uploads\/2017\/02\/Depositphotos_36704977_l-2015-1024x681.jpg\" \/>\n\t<meta property=\"og:image:width\" content=\"1024\" \/>\n\t<meta property=\"og:image:height\" content=\"681\" \/>\n\t<meta property=\"og:image:type\" content=\"image\/jpeg\" \/>\n<meta name=\"author\" content=\"admin\" \/>\n<meta name=\"twitter:card\" content=\"summary_large_image\" \/>\n<script type=\"application\/ld+json\" class=\"yoast-schema-graph\">{\"@context\":\"https:\\\/\\\/schema.org\",\"@graph\":[{\"@type\":\"Article\",\"@id\":\"https:\\\/\\\/www.organisator.ch\\\/sustainability\\\/2017-02-27\\\/779-2\\\/#article\",\"isPartOf\":{\"@id\":\"https:\\\/\\\/www.organisator.ch\\\/sustainability\\\/2017-02-27\\\/779-2\\\/\"},\"author\":{\"name\":\"admin\",\"@id\":\"https:\\\/\\\/www.organisator.ch\\\/#\\\/schema\\\/person\\\/aa2bace6c5c5aad60102004a50c4eb1c\"},\"headline\":\"Verbot f\u00fcr illegal gefangenen Fisch\",\"datePublished\":\"2017-02-27T15:42:17+00:00\",\"dateModified\":\"2022-02-09T10:10:12+00:00\",\"mainEntityOfPage\":{\"@id\":\"https:\\\/\\\/www.organisator.ch\\\/sustainability\\\/2017-02-27\\\/779-2\\\/\"},\"wordCount\":291,\"commentCount\":0,\"publisher\":{\"@id\":\"https:\\\/\\\/www.organisator.ch\\\/#organization\"},\"image\":{\"@id\":\"https:\\\/\\\/www.organisator.ch\\\/sustainability\\\/2017-02-27\\\/779-2\\\/#primaryimage\"},\"thumbnailUrl\":\"https:\\\/\\\/www.organisator.ch\\\/wp-content\\\/uploads\\\/2017\\\/02\\\/Depositphotos_36704977_l-2015.jpg\",\"keywords\":[\"Bund\",\"Fisch\",\"Import\",\"Lebensmittel\"],\"articleSection\":[\"SUSTAINABILITY\"],\"inLanguage\":\"en-US\"},{\"@type\":\"WebPage\",\"@id\":\"https:\\\/\\\/www.organisator.ch\\\/sustainability\\\/2017-02-27\\\/779-2\\\/\",\"url\":\"https:\\\/\\\/www.organisator.ch\\\/sustainability\\\/2017-02-27\\\/779-2\\\/\",\"name\":\"Verbot f\u00fcr illegal gefangenen Fisch - Organisator\",\"isPartOf\":{\"@id\":\"https:\\\/\\\/www.organisator.ch\\\/#website\"},\"primaryImageOfPage\":{\"@id\":\"https:\\\/\\\/www.organisator.ch\\\/sustainability\\\/2017-02-27\\\/779-2\\\/#primaryimage\"},\"image\":{\"@id\":\"https:\\\/\\\/www.organisator.ch\\\/sustainability\\\/2017-02-27\\\/779-2\\\/#primaryimage\"},\"thumbnailUrl\":\"https:\\\/\\\/www.organisator.ch\\\/wp-content\\\/uploads\\\/2017\\\/02\\\/Depositphotos_36704977_l-2015.jpg\",\"datePublished\":\"2017-02-27T15:42:17+00:00\",\"dateModified\":\"2022-02-09T10:10:12+00:00\",\"description\":\"Fischkonsum ohne schlechtes Gewissen: Ab 1. M\u00e4rz 2017 d\u00fcrfen nur noch Fische in die Schweiz importiert werden, die nachweislich legal gefischt wurden.\",\"breadcrumb\":{\"@id\":\"https:\\\/\\\/www.organisator.ch\\\/sustainability\\\/2017-02-27\\\/779-2\\\/#breadcrumb\"},\"inLanguage\":\"en-US\",\"potentialAction\":[{\"@type\":\"ReadAction\",\"target\":[\"https:\\\/\\\/www.organisator.ch\\\/sustainability\\\/2017-02-27\\\/779-2\\\/\"]}]},{\"@type\":\"ImageObject\",\"inLanguage\":\"en-US\",\"@id\":\"https:\\\/\\\/www.organisator.ch\\\/sustainability\\\/2017-02-27\\\/779-2\\\/#primaryimage\",\"url\":\"https:\\\/\\\/www.organisator.ch\\\/wp-content\\\/uploads\\\/2017\\\/02\\\/Depositphotos_36704977_l-2015.jpg\",\"contentUrl\":\"https:\\\/\\\/www.organisator.ch\\\/wp-content\\\/uploads\\\/2017\\\/02\\\/Depositphotos_36704977_l-2015.jpg\",\"width\":2000,\"height\":1331,\"caption\":\"Importierter Fisch muss per 1. M\u00e4rz 2017 aus legaler Quelle stammen. Dies soll zur Ressourcenerhaltung der Fischbest\u00e4nde beitragen.\"},{\"@type\":\"BreadcrumbList\",\"@id\":\"https:\\\/\\\/www.organisator.ch\\\/sustainability\\\/2017-02-27\\\/779-2\\\/#breadcrumb\",\"itemListElement\":[{\"@type\":\"ListItem\",\"position\":1,\"name\":\"Home\",\"item\":\"https:\\\/\\\/www.organisator.ch\\\/\"},{\"@type\":\"ListItem\",\"position\":2,\"name\":\"Verbot f\u00fcr illegal gefangenen Fisch\"}]},{\"@type\":\"WebSite\",\"@id\":\"https:\\\/\\\/www.organisator.ch\\\/#website\",\"url\":\"https:\\\/\\\/www.organisator.ch\\\/\",\"name\":\"Organisator\",\"description\":\"Kompetent. Praxisnah. Der ORGANISATOR bereitet in 10 Ausgaben pro Jahr die wesentlichen Themen f\u00fcr F\u00fchrungskr\u00e4fte von KMU auf.\",\"publisher\":{\"@id\":\"https:\\\/\\\/www.organisator.ch\\\/#organization\"},\"potentialAction\":[{\"@type\":\"SearchAction\",\"target\":{\"@type\":\"EntryPoint\",\"urlTemplate\":\"https:\\\/\\\/www.organisator.ch\\\/?s={search_term_string}\"},\"query-input\":{\"@type\":\"PropertyValueSpecification\",\"valueRequired\":true,\"valueName\":\"search_term_string\"}}],\"inLanguage\":\"en-US\"},{\"@type\":\"Organization\",\"@id\":\"https:\\\/\\\/www.organisator.ch\\\/#organization\",\"name\":\"Organisator\",\"url\":\"https:\\\/\\\/www.organisator.ch\\\/\",\"logo\":{\"@type\":\"ImageObject\",\"inLanguage\":\"en-US\",\"@id\":\"https:\\\/\\\/www.organisator.ch\\\/#\\\/schema\\\/logo\\\/image\\\/\",\"url\":\"https:\\\/\\\/www.organisator.ch\\\/wp-content\\\/uploads\\\/2022\\\/01\\\/Logo_Organisator_Website.png\",\"contentUrl\":\"https:\\\/\\\/www.organisator.ch\\\/wp-content\\\/uploads\\\/2022\\\/01\\\/Logo_Organisator_Website.png\",\"width\":800,\"height\":77,\"caption\":\"Organisator\"},\"image\":{\"@id\":\"https:\\\/\\\/www.organisator.ch\\\/#\\\/schema\\\/logo\\\/image\\\/\"},\"sameAs\":[\"https:\\\/\\\/www.facebook.com\\\/OrganisatorFachmagazin\",\"https:\\\/\\\/www.linkedin.com\\\/showcase\\\/organisator-das-magazin-fr-kmu\",\"https:\\\/\\\/www.xing.com\\\/news\\\/pages\\\/organisator-ch-695\",\"https:\\\/\\\/www.youtube.com\\\/channel\\\/UCGP2Sq0iWaZwT3BdIAQFYpw\"]},{\"@type\":\"Person\",\"@id\":\"https:\\\/\\\/www.organisator.ch\\\/#\\\/schema\\\/person\\\/aa2bace6c5c5aad60102004a50c4eb1c\",\"name\":\"admin\",\"image\":{\"@type\":\"ImageObject\",\"inLanguage\":\"en-US\",\"@id\":\"https:\\\/\\\/secure.gravatar.com\\\/avatar\\\/ae2f4d718e6c49043e314ce431e7e645d646302a24a5ef5a8bc8e3f5a032e319?s=96&d=mm&r=g\",\"url\":\"https:\\\/\\\/secure.gravatar.com\\\/avatar\\\/ae2f4d718e6c49043e314ce431e7e645d646302a24a5ef5a8bc8e3f5a032e319?s=96&d=mm&r=g\",\"contentUrl\":\"https:\\\/\\\/secure.gravatar.com\\\/avatar\\\/ae2f4d718e6c49043e314ce431e7e645d646302a24a5ef5a8bc8e3f5a032e319?s=96&d=mm&r=g\",\"caption\":\"admin\"},\"sameAs\":[\"https:\\\/\\\/www.organisator.ch\"],\"url\":\"https:\\\/\\\/www.organisator.ch\\\/en\\\/author\\\/admin\\\/\"}]}<\/script>\n<!-- \/ Yoast SEO plugin. -->","yoast_head_json":{"title":"Ban on illegally caught fish - organizer","description":"Fish consumption without a guilty conscience: From March 1, 2017, only fish that can be proven to have been fished legally may be imported into Switzerland.","robots":{"index":"index","follow":"follow","max-snippet":"max-snippet:-1","max-image-preview":"max-image-preview:large","max-video-preview":"max-video-preview:-1"},"canonical":"https:\/\/www.organisator.ch\/en\/sustainability\/2017-02-27\/779-2\/","og_locale":"en_US","og_type":"article","og_title":"Verbot f\u00fcr illegal gefangenen Fisch - Organisator","og_description":"Fischkonsum ohne schlechtes Gewissen: Ab 1. M\u00e4rz 2017 d\u00fcrfen nur noch Fische in die Schweiz importiert werden, die nachweislich legal gefischt wurden.","og_url":"https:\/\/www.organisator.ch\/en\/sustainability\/2017-02-27\/779-2\/","og_site_name":"Organisator","article_publisher":"https:\/\/www.facebook.com\/OrganisatorFachmagazin","article_published_time":"2017-02-27T15:42:17+00:00","article_modified_time":"2022-02-09T10:10:12+00:00","og_image":[{"width":1024,"height":681,"url":"https:\/\/www.organisator.ch\/wp-content\/uploads\/2017\/02\/Depositphotos_36704977_l-2015-1024x681.jpg","type":"image\/jpeg"}],"author":"admin","twitter_card":"summary_large_image","schema":{"@context":"https:\/\/schema.org","@graph":[{"@type":"Article","@id":"https:\/\/www.organisator.ch\/sustainability\/2017-02-27\/779-2\/#article","isPartOf":{"@id":"https:\/\/www.organisator.ch\/sustainability\/2017-02-27\/779-2\/"},"author":{"name":"admin","@id":"https:\/\/www.organisator.ch\/#\/schema\/person\/aa2bace6c5c5aad60102004a50c4eb1c"},"headline":"Verbot f\u00fcr illegal gefangenen Fisch","datePublished":"2017-02-27T15:42:17+00:00","dateModified":"2022-02-09T10:10:12+00:00","mainEntityOfPage":{"@id":"https:\/\/www.organisator.ch\/sustainability\/2017-02-27\/779-2\/"},"wordCount":291,"commentCount":0,"publisher":{"@id":"https:\/\/www.organisator.ch\/#organization"},"image":{"@id":"https:\/\/www.organisator.ch\/sustainability\/2017-02-27\/779-2\/#primaryimage"},"thumbnailUrl":"https:\/\/www.organisator.ch\/wp-content\/uploads\/2017\/02\/Depositphotos_36704977_l-2015.jpg","keywords":["Bund","Fisch","Import","Lebensmittel"],"articleSection":["SUSTAINABILITY"],"inLanguage":"en-US"},{"@type":"WebPage","@id":"https:\/\/www.organisator.ch\/sustainability\/2017-02-27\/779-2\/","url":"https:\/\/www.organisator.ch\/sustainability\/2017-02-27\/779-2\/","name":"Ban on illegally caught fish - organizer","isPartOf":{"@id":"https:\/\/www.organisator.ch\/#website"},"primaryImageOfPage":{"@id":"https:\/\/www.organisator.ch\/sustainability\/2017-02-27\/779-2\/#primaryimage"},"image":{"@id":"https:\/\/www.organisator.ch\/sustainability\/2017-02-27\/779-2\/#primaryimage"},"thumbnailUrl":"https:\/\/www.organisator.ch\/wp-content\/uploads\/2017\/02\/Depositphotos_36704977_l-2015.jpg","datePublished":"2017-02-27T15:42:17+00:00","dateModified":"2022-02-09T10:10:12+00:00","description":"Fish consumption without a guilty conscience: From March 1, 2017, only fish that can be proven to have been fished legally may be imported into Switzerland.","breadcrumb":{"@id":"https:\/\/www.organisator.ch\/sustainability\/2017-02-27\/779-2\/#breadcrumb"},"inLanguage":"en-US","potentialAction":[{"@type":"ReadAction","target":["https:\/\/www.organisator.ch\/sustainability\/2017-02-27\/779-2\/"]}]},{"@type":"ImageObject","inLanguage":"en-US","@id":"https:\/\/www.organisator.ch\/sustainability\/2017-02-27\/779-2\/#primaryimage","url":"https:\/\/www.organisator.ch\/wp-content\/uploads\/2017\/02\/Depositphotos_36704977_l-2015.jpg","contentUrl":"https:\/\/www.organisator.ch\/wp-content\/uploads\/2017\/02\/Depositphotos_36704977_l-2015.jpg","width":2000,"height":1331,"caption":"Importierter Fisch muss per 1. M\u00e4rz 2017 aus legaler Quelle stammen. Dies soll zur Ressourcenerhaltung der Fischbest\u00e4nde beitragen."},{"@type":"BreadcrumbList","@id":"https:\/\/www.organisator.ch\/sustainability\/2017-02-27\/779-2\/#breadcrumb","itemListElement":[{"@type":"ListItem","position":1,"name":"Home","item":"https:\/\/www.organisator.ch\/"},{"@type":"ListItem","position":2,"name":"Verbot f\u00fcr illegal gefangenen Fisch"}]},{"@type":"WebSite","@id":"https:\/\/www.organisator.ch\/#website","url":"https:\/\/www.organisator.ch\/","name":"Organizer","description":"Competent. Practical. In 10 issues per year, ORGANISATOR presents the essential topics for managers of SMEs.","publisher":{"@id":"https:\/\/www.organisator.ch\/#organization"},"potentialAction":[{"@type":"SearchAction","target":{"@type":"EntryPoint","urlTemplate":"https:\/\/www.organisator.ch\/?s={search_term_string}"},"query-input":{"@type":"PropertyValueSpecification","valueRequired":true,"valueName":"search_term_string"}}],"inLanguage":"en-US"},{"@type":"Organization","@id":"https:\/\/www.organisator.ch\/#organization","name":"Organizer","url":"https:\/\/www.organisator.ch\/","logo":{"@type":"ImageObject","inLanguage":"en-US","@id":"https:\/\/www.organisator.ch\/#\/schema\/logo\/image\/","url":"https:\/\/www.organisator.ch\/wp-content\/uploads\/2022\/01\/Logo_Organisator_Website.png","contentUrl":"https:\/\/www.organisator.ch\/wp-content\/uploads\/2022\/01\/Logo_Organisator_Website.png","width":800,"height":77,"caption":"Organisator"},"image":{"@id":"https:\/\/www.organisator.ch\/#\/schema\/logo\/image\/"},"sameAs":["https:\/\/www.facebook.com\/OrganisatorFachmagazin","https:\/\/www.linkedin.com\/showcase\/organisator-das-magazin-fr-kmu","https:\/\/www.xing.com\/news\/pages\/organisator-ch-695","https:\/\/www.youtube.com\/channel\/UCGP2Sq0iWaZwT3BdIAQFYpw"]},{"@type":"Person","@id":"https:\/\/www.organisator.ch\/#\/schema\/person\/aa2bace6c5c5aad60102004a50c4eb1c","name":"admin","image":{"@type":"ImageObject","inLanguage":"en-US","@id":"https:\/\/secure.gravatar.com\/avatar\/ae2f4d718e6c49043e314ce431e7e645d646302a24a5ef5a8bc8e3f5a032e319?s=96&d=mm&r=g","url":"https:\/\/secure.gravatar.com\/avatar\/ae2f4d718e6c49043e314ce431e7e645d646302a24a5ef5a8bc8e3f5a032e319?s=96&d=mm&r=g","contentUrl":"https:\/\/secure.gravatar.com\/avatar\/ae2f4d718e6c49043e314ce431e7e645d646302a24a5ef5a8bc8e3f5a032e319?s=96&d=mm&r=g","caption":"admin"},"sameAs":["https:\/\/www.organisator.ch"],"url":"https:\/\/www.organisator.ch\/en\/author\/admin\/"}]}},"_links":{"self":[{"href":"https:\/\/www.organisator.ch\/en\/wp-json\/wp\/v2\/posts\/9992","targetHints":{"allow":["GET"]}}],"collection":[{"href":"https:\/\/www.organisator.ch\/en\/wp-json\/wp\/v2\/posts"}],"about":[{"href":"https:\/\/www.organisator.ch\/en\/wp-json\/wp\/v2\/types\/post"}],"author":[{"embeddable":true,"href":"https:\/\/www.organisator.ch\/en\/wp-json\/wp\/v2\/users\/1"}],"replies":[{"embeddable":true,"href":"https:\/\/www.organisator.ch\/en\/wp-json\/wp\/v2\/comments?post=9992"}],"version-history":[{"count":1,"href":"https:\/\/www.organisator.ch\/en\/wp-json\/wp\/v2\/posts\/9992\/revisions"}],"predecessor-version":[{"id":10946,"href":"https:\/\/www.organisator.ch\/en\/wp-json\/wp\/v2\/posts\/9992\/revisions\/10946"}],"wp:featuredmedia":[{"embeddable":true,"href":"https:\/\/www.organisator.ch\/en\/wp-json\/wp\/v2\/media\/9472"}],"wp:attachment":[{"href":"https:\/\/www.organisator.ch\/en\/wp-json\/wp\/v2\/media?parent=9992"}],"wp:term":[{"taxonomy":"category","embeddable":true,"href":"https:\/\/www.organisator.ch\/en\/wp-json\/wp\/v2\/categories?post=9992"},{"taxonomy":"post_tag","embeddable":true,"href":"https:\/\/www.organisator.ch\/en\/wp-json\/wp\/v2\/tags?post=9992"}],"curies":[{"name":"wp","href":"https:\/\/api.w.org\/{rel}","templated":true}]}}