{"id":9993,"date":"2017-02-28T15:20:18","date_gmt":"2017-02-28T14:20:18","guid":{"rendered":"https:\/\/www.umweltperspektiven.ch\/?p=784"},"modified":"2022-02-09T11:06:21","modified_gmt":"2022-02-09T10:06:21","slug":"deutschland-will-das-ende-der-oelheizung","status":"publish","type":"post","link":"https:\/\/www.organisator.ch\/en\/sustainability\/2017-02-28\/deutschland-will-das-ende-der-oelheizung\/","title":{"rendered":"Germany wants the end of oil heating"},"content":{"rendered":"<figure id=\"attachment_851\" aria-describedby=\"caption-attachment-851\" style=\"width: 680px\" class=\"wp-caption alignnone\"><img loading=\"lazy\" decoding=\"async\" class=\"wp-image-851 size-medium\" src=\"\/\/www.umweltperspektiven.ch\/wp-content\/uploads\/2017\/02\/Depositphotos_60576019_l-2015.jpg\" width=\"680\" height=\"454\" srcset=\"https:\/\/www.organisator.ch\/wp-content\/uploads\/2017\/02\/Depositphotos_60576019_l-2015.jpg 2000w, https:\/\/www.organisator.ch\/wp-content\/uploads\/2017\/02\/Depositphotos_60576019_l-2015-680x454.jpg 680w, https:\/\/www.organisator.ch\/wp-content\/uploads\/2017\/02\/Depositphotos_60576019_l-2015-1024x684.jpg 1024w, https:\/\/www.organisator.ch\/wp-content\/uploads\/2017\/02\/Depositphotos_60576019_l-2015-768x513.jpg 768w, https:\/\/www.organisator.ch\/wp-content\/uploads\/2017\/02\/Depositphotos_60576019_l-2015-1536x1025.jpg 1536w, https:\/\/www.organisator.ch\/wp-content\/uploads\/2017\/02\/Depositphotos_60576019_l-2015-18x12.jpg 18w, https:\/\/www.organisator.ch\/wp-content\/uploads\/2017\/02\/Depositphotos_60576019_l-2015-262x175.jpg 262w, https:\/\/www.organisator.ch\/wp-content\/uploads\/2017\/02\/Depositphotos_60576019_l-2015-524x350.jpg 524w, https:\/\/www.organisator.ch\/wp-content\/uploads\/2017\/02\/Depositphotos_60576019_l-2015-1199x800.jpg 1199w, https:\/\/www.organisator.ch\/wp-content\/uploads\/2017\/02\/Depositphotos_60576019_l-2015-920x614.jpg 920w, https:\/\/www.organisator.ch\/wp-content\/uploads\/2017\/02\/Depositphotos_60576019_l-2015-1400x935.jpg 1400w, https:\/\/www.organisator.ch\/wp-content\/uploads\/2017\/02\/Depositphotos_60576019_l-2015-300x200.jpg 300w\" sizes=\"auto, (max-width: 680px) 100vw, 680px\" \/><figcaption id=\"caption-attachment-851\" class=\"wp-caption-text\">Heat pumps, gas heating and higher efficiency: The heat turnaround is to be achieved without oil heating.<\/figcaption><\/figure>\n<p>A study by the Fraunhofer Institutes for Wind Energy and Energy Technology Systems (IWES) and for Building Physics (IBP), commissioned by the German think tank Agora Energiewende, has investigated how the German government's targets in relation to the Climate Protection Plan 2050 can be achieved. These stipulate that the building sector may only emit 70 to 72 million tons of CO2 by 2030.<\/p>\n<p>The study concludes that the heating sector mainly needs oil phase-out. While gas heating should be at about a similar level as today, oil heating should be replaced by heat pumps. The target is a mix of about 40% gas, 25% heat pumps and 20% heat networks. Today, there are around 6 million oil-fired heating systems in Germany, equivalent to around a quarter of the total heating stock.<\/p>\n<p>As the German weekly newspaper \"Welt\" <a href=\"\/\/www.welt.de\/wirtschaft\/article162399394\/Das-Ende-der-Oelheizung-ist-nur-ein-Wunschtraum.html\">reports<\/a>In order to achieve the study's targets, five to six million heat pumps would have to be installed by 2030 - but if things continue at their current pace, the figure will be just one to two million.<\/p>\n<p><strong>Increase efficiency<\/strong><\/p>\n<p>In addition to abandoning oil, there would also have to be a massive increase in efficiency in the building sector: for example, the heat consumption of buildings would have to be reduced by 25% compared to current levels.<\/p>\n<p>In order to operate the heat pumps in an environmentally friendly manner, the share of renewable electricity is also to be increased to 60%.<\/p>\n<p><a href=\"\/\/www.agora-energiewende.de\/fileadmin\/Projekte\/2016\/Sektoruebergreifende_EW\/Waermewende-2030_WEB.pdf\">About the study<\/a><\/p>","protected":false},"excerpt":{"rendered":"<p>Eine Studie der Fraunhofer Institute f\u00fcr Windenergie und Energietechniksysteme (IWES) und f\u00fcr Bauphysik (IBP) haben im Auftrag der Deutschen Denkfabrik Agora Energiewende untersucht, wie sich die Ziele der Bundesregierung im Bezug auf den Klimaschutzplan 2050 erreichen lassen. Diese geben vor, dass der Geb\u00e4udesektor bis zum Jahr 2030 nur noch 70 bis 72 Millionen Tonnen CO2 [&hellip;]<\/p>\n","protected":false},"author":1,"featured_media":851,"comment_status":"open","ping_status":"open","sticky":false,"template":"","format":"standard","meta":{"_acf_changed":false,"_yoast_wpseo_focuskw":"\u00d6lheizung","_yoast_wpseo_metadesc":"Gasheizung ja, \u00d6lheizung nein: Um die Paris-Ziele zu erreichen, soll Deutschland bis zum Jahr 2030 seine \u00d6lheizungen durch W\u00e4rmepumpen ersetzt haben.","articlekey":"","footnotes":""},"categories":[580],"tags":[584,1357,1869,2510],"class_list":["post-9993","post","type-post","status-publish","format-standard","has-post-thumbnail","hentry","category-sustainability","tag-energie","tag-heizung","tag-oel","tag-waermewende"],"acf":[],"yoast_head":"<!-- This site is optimized with the Yoast SEO plugin v27.4 - https:\/\/yoast.com\/product\/yoast-seo-wordpress\/ -->\n<title>Deutschland will das Ende der \u00d6lheizung - Organisator<\/title>\n<meta name=\"description\" content=\"Gasheizung ja, \u00d6lheizung nein: Um die Paris-Ziele zu erreichen, soll Deutschland bis zum Jahr 2030 seine \u00d6lheizungen durch W\u00e4rmepumpen ersetzt haben.\" \/>\n<meta name=\"robots\" content=\"index, follow, max-snippet:-1, max-image-preview:large, max-video-preview:-1\" \/>\n<link rel=\"canonical\" href=\"https:\/\/www.organisator.ch\/en\/sustainability\/2017-02-28\/deutschland-will-das-ende-der-oelheizung\/\" \/>\n<meta property=\"og:locale\" content=\"en_US\" \/>\n<meta property=\"og:type\" content=\"article\" \/>\n<meta property=\"og:title\" content=\"Deutschland will das Ende der \u00d6lheizung - Organisator\" \/>\n<meta property=\"og:description\" content=\"Gasheizung ja, \u00d6lheizung nein: Um die Paris-Ziele zu erreichen, soll Deutschland bis zum Jahr 2030 seine \u00d6lheizungen durch W\u00e4rmepumpen ersetzt haben.\" \/>\n<meta property=\"og:url\" content=\"https:\/\/www.organisator.ch\/en\/sustainability\/2017-02-28\/deutschland-will-das-ende-der-oelheizung\/\" \/>\n<meta property=\"og:site_name\" content=\"Organisator\" \/>\n<meta property=\"article:publisher\" content=\"https:\/\/www.facebook.com\/OrganisatorFachmagazin\" \/>\n<meta property=\"article:published_time\" content=\"2017-02-28T14:20:18+00:00\" \/>\n<meta property=\"article:modified_time\" content=\"2022-02-09T10:06:21+00:00\" \/>\n<meta property=\"og:image\" content=\"https:\/\/www.organisator.ch\/wp-content\/uploads\/2017\/02\/Depositphotos_60576019_l-2015-1024x684.jpg\" \/>\n\t<meta property=\"og:image:width\" content=\"1024\" \/>\n\t<meta property=\"og:image:height\" content=\"684\" \/>\n\t<meta property=\"og:image:type\" content=\"image\/jpeg\" \/>\n<meta name=\"author\" content=\"admin\" \/>\n<meta name=\"twitter:card\" content=\"summary_large_image\" \/>\n<script type=\"application\/ld+json\" class=\"yoast-schema-graph\">{\"@context\":\"https:\\\/\\\/schema.org\",\"@graph\":[{\"@type\":\"Article\",\"@id\":\"https:\\\/\\\/www.organisator.ch\\\/sustainability\\\/2017-02-28\\\/deutschland-will-das-ende-der-oelheizung\\\/#article\",\"isPartOf\":{\"@id\":\"https:\\\/\\\/www.organisator.ch\\\/sustainability\\\/2017-02-28\\\/deutschland-will-das-ende-der-oelheizung\\\/\"},\"author\":{\"name\":\"admin\",\"@id\":\"https:\\\/\\\/www.organisator.ch\\\/#\\\/schema\\\/person\\\/aa2bace6c5c5aad60102004a50c4eb1c\"},\"headline\":\"Deutschland will das Ende der \u00d6lheizung\",\"datePublished\":\"2017-02-28T14:20:18+00:00\",\"dateModified\":\"2022-02-09T10:06:21+00:00\",\"mainEntityOfPage\":{\"@id\":\"https:\\\/\\\/www.organisator.ch\\\/sustainability\\\/2017-02-28\\\/deutschland-will-das-ende-der-oelheizung\\\/\"},\"wordCount\":248,\"commentCount\":0,\"publisher\":{\"@id\":\"https:\\\/\\\/www.organisator.ch\\\/#organization\"},\"image\":{\"@id\":\"https:\\\/\\\/www.organisator.ch\\\/sustainability\\\/2017-02-28\\\/deutschland-will-das-ende-der-oelheizung\\\/#primaryimage\"},\"thumbnailUrl\":\"https:\\\/\\\/www.organisator.ch\\\/wp-content\\\/uploads\\\/2017\\\/02\\\/Depositphotos_60576019_l-2015.jpg\",\"keywords\":[\"ENERGIE\",\"Heizung\",\"\u00d6l\",\"W\u00e4rmewende\"],\"articleSection\":[\"SUSTAINABILITY\"],\"inLanguage\":\"en-US\"},{\"@type\":\"WebPage\",\"@id\":\"https:\\\/\\\/www.organisator.ch\\\/sustainability\\\/2017-02-28\\\/deutschland-will-das-ende-der-oelheizung\\\/\",\"url\":\"https:\\\/\\\/www.organisator.ch\\\/sustainability\\\/2017-02-28\\\/deutschland-will-das-ende-der-oelheizung\\\/\",\"name\":\"Deutschland will das Ende der \u00d6lheizung - Organisator\",\"isPartOf\":{\"@id\":\"https:\\\/\\\/www.organisator.ch\\\/#website\"},\"primaryImageOfPage\":{\"@id\":\"https:\\\/\\\/www.organisator.ch\\\/sustainability\\\/2017-02-28\\\/deutschland-will-das-ende-der-oelheizung\\\/#primaryimage\"},\"image\":{\"@id\":\"https:\\\/\\\/www.organisator.ch\\\/sustainability\\\/2017-02-28\\\/deutschland-will-das-ende-der-oelheizung\\\/#primaryimage\"},\"thumbnailUrl\":\"https:\\\/\\\/www.organisator.ch\\\/wp-content\\\/uploads\\\/2017\\\/02\\\/Depositphotos_60576019_l-2015.jpg\",\"datePublished\":\"2017-02-28T14:20:18+00:00\",\"dateModified\":\"2022-02-09T10:06:21+00:00\",\"description\":\"Gasheizung ja, \u00d6lheizung nein: Um die Paris-Ziele zu erreichen, soll Deutschland bis zum Jahr 2030 seine \u00d6lheizungen durch W\u00e4rmepumpen ersetzt haben.\",\"breadcrumb\":{\"@id\":\"https:\\\/\\\/www.organisator.ch\\\/sustainability\\\/2017-02-28\\\/deutschland-will-das-ende-der-oelheizung\\\/#breadcrumb\"},\"inLanguage\":\"en-US\",\"potentialAction\":[{\"@type\":\"ReadAction\",\"target\":[\"https:\\\/\\\/www.organisator.ch\\\/sustainability\\\/2017-02-28\\\/deutschland-will-das-ende-der-oelheizung\\\/\"]}]},{\"@type\":\"ImageObject\",\"inLanguage\":\"en-US\",\"@id\":\"https:\\\/\\\/www.organisator.ch\\\/sustainability\\\/2017-02-28\\\/deutschland-will-das-ende-der-oelheizung\\\/#primaryimage\",\"url\":\"https:\\\/\\\/www.organisator.ch\\\/wp-content\\\/uploads\\\/2017\\\/02\\\/Depositphotos_60576019_l-2015.jpg\",\"contentUrl\":\"https:\\\/\\\/www.organisator.ch\\\/wp-content\\\/uploads\\\/2017\\\/02\\\/Depositphotos_60576019_l-2015.jpg\",\"width\":2000,\"height\":1335,\"caption\":\"W\u00e4rmepumpen, Gasheizungen und h\u00f6here Effizienz: Die W\u00e4rmewende soll ohne \u00d6lheizungen auskommen.\"},{\"@type\":\"BreadcrumbList\",\"@id\":\"https:\\\/\\\/www.organisator.ch\\\/sustainability\\\/2017-02-28\\\/deutschland-will-das-ende-der-oelheizung\\\/#breadcrumb\",\"itemListElement\":[{\"@type\":\"ListItem\",\"position\":1,\"name\":\"Home\",\"item\":\"https:\\\/\\\/www.organisator.ch\\\/\"},{\"@type\":\"ListItem\",\"position\":2,\"name\":\"Deutschland will das Ende der \u00d6lheizung\"}]},{\"@type\":\"WebSite\",\"@id\":\"https:\\\/\\\/www.organisator.ch\\\/#website\",\"url\":\"https:\\\/\\\/www.organisator.ch\\\/\",\"name\":\"Organisator\",\"description\":\"Kompetent. Praxisnah. Der ORGANISATOR bereitet in 10 Ausgaben pro Jahr die wesentlichen Themen f\u00fcr F\u00fchrungskr\u00e4fte von KMU auf.\",\"publisher\":{\"@id\":\"https:\\\/\\\/www.organisator.ch\\\/#organization\"},\"potentialAction\":[{\"@type\":\"SearchAction\",\"target\":{\"@type\":\"EntryPoint\",\"urlTemplate\":\"https:\\\/\\\/www.organisator.ch\\\/?s={search_term_string}\"},\"query-input\":{\"@type\":\"PropertyValueSpecification\",\"valueRequired\":true,\"valueName\":\"search_term_string\"}}],\"inLanguage\":\"en-US\"},{\"@type\":\"Organization\",\"@id\":\"https:\\\/\\\/www.organisator.ch\\\/#organization\",\"name\":\"Organisator\",\"url\":\"https:\\\/\\\/www.organisator.ch\\\/\",\"logo\":{\"@type\":\"ImageObject\",\"inLanguage\":\"en-US\",\"@id\":\"https:\\\/\\\/www.organisator.ch\\\/#\\\/schema\\\/logo\\\/image\\\/\",\"url\":\"https:\\\/\\\/www.organisator.ch\\\/wp-content\\\/uploads\\\/2022\\\/01\\\/Logo_Organisator_Website.png\",\"contentUrl\":\"https:\\\/\\\/www.organisator.ch\\\/wp-content\\\/uploads\\\/2022\\\/01\\\/Logo_Organisator_Website.png\",\"width\":800,\"height\":77,\"caption\":\"Organisator\"},\"image\":{\"@id\":\"https:\\\/\\\/www.organisator.ch\\\/#\\\/schema\\\/logo\\\/image\\\/\"},\"sameAs\":[\"https:\\\/\\\/www.facebook.com\\\/OrganisatorFachmagazin\",\"https:\\\/\\\/www.linkedin.com\\\/showcase\\\/organisator-das-magazin-fr-kmu\",\"https:\\\/\\\/www.xing.com\\\/news\\\/pages\\\/organisator-ch-695\",\"https:\\\/\\\/www.youtube.com\\\/channel\\\/UCGP2Sq0iWaZwT3BdIAQFYpw\"]},{\"@type\":\"Person\",\"@id\":\"https:\\\/\\\/www.organisator.ch\\\/#\\\/schema\\\/person\\\/aa2bace6c5c5aad60102004a50c4eb1c\",\"name\":\"admin\",\"image\":{\"@type\":\"ImageObject\",\"inLanguage\":\"en-US\",\"@id\":\"https:\\\/\\\/secure.gravatar.com\\\/avatar\\\/ae2f4d718e6c49043e314ce431e7e645d646302a24a5ef5a8bc8e3f5a032e319?s=96&d=mm&r=g\",\"url\":\"https:\\\/\\\/secure.gravatar.com\\\/avatar\\\/ae2f4d718e6c49043e314ce431e7e645d646302a24a5ef5a8bc8e3f5a032e319?s=96&d=mm&r=g\",\"contentUrl\":\"https:\\\/\\\/secure.gravatar.com\\\/avatar\\\/ae2f4d718e6c49043e314ce431e7e645d646302a24a5ef5a8bc8e3f5a032e319?s=96&d=mm&r=g\",\"caption\":\"admin\"},\"sameAs\":[\"https:\\\/\\\/www.organisator.ch\"],\"url\":\"https:\\\/\\\/www.organisator.ch\\\/en\\\/author\\\/admin\\\/\"}]}<\/script>\n<!-- \/ Yoast SEO plugin. -->","yoast_head_json":{"title":"Germany wants the end of oil heating - organizer","description":"Gas heating yes, oil heating no: In order to meet the Paris targets, Germany should have replaced its oil heating systems with heat pumps by 2030.","robots":{"index":"index","follow":"follow","max-snippet":"max-snippet:-1","max-image-preview":"max-image-preview:large","max-video-preview":"max-video-preview:-1"},"canonical":"https:\/\/www.organisator.ch\/en\/sustainability\/2017-02-28\/deutschland-will-das-ende-der-oelheizung\/","og_locale":"en_US","og_type":"article","og_title":"Deutschland will das Ende der \u00d6lheizung - Organisator","og_description":"Gasheizung ja, \u00d6lheizung nein: Um die Paris-Ziele zu erreichen, soll Deutschland bis zum Jahr 2030 seine \u00d6lheizungen durch W\u00e4rmepumpen ersetzt haben.","og_url":"https:\/\/www.organisator.ch\/en\/sustainability\/2017-02-28\/deutschland-will-das-ende-der-oelheizung\/","og_site_name":"Organisator","article_publisher":"https:\/\/www.facebook.com\/OrganisatorFachmagazin","article_published_time":"2017-02-28T14:20:18+00:00","article_modified_time":"2022-02-09T10:06:21+00:00","og_image":[{"width":1024,"height":684,"url":"https:\/\/www.organisator.ch\/wp-content\/uploads\/2017\/02\/Depositphotos_60576019_l-2015-1024x684.jpg","type":"image\/jpeg"}],"author":"admin","twitter_card":"summary_large_image","schema":{"@context":"https:\/\/schema.org","@graph":[{"@type":"Article","@id":"https:\/\/www.organisator.ch\/sustainability\/2017-02-28\/deutschland-will-das-ende-der-oelheizung\/#article","isPartOf":{"@id":"https:\/\/www.organisator.ch\/sustainability\/2017-02-28\/deutschland-will-das-ende-der-oelheizung\/"},"author":{"name":"admin","@id":"https:\/\/www.organisator.ch\/#\/schema\/person\/aa2bace6c5c5aad60102004a50c4eb1c"},"headline":"Deutschland will das Ende der \u00d6lheizung","datePublished":"2017-02-28T14:20:18+00:00","dateModified":"2022-02-09T10:06:21+00:00","mainEntityOfPage":{"@id":"https:\/\/www.organisator.ch\/sustainability\/2017-02-28\/deutschland-will-das-ende-der-oelheizung\/"},"wordCount":248,"commentCount":0,"publisher":{"@id":"https:\/\/www.organisator.ch\/#organization"},"image":{"@id":"https:\/\/www.organisator.ch\/sustainability\/2017-02-28\/deutschland-will-das-ende-der-oelheizung\/#primaryimage"},"thumbnailUrl":"https:\/\/www.organisator.ch\/wp-content\/uploads\/2017\/02\/Depositphotos_60576019_l-2015.jpg","keywords":["ENERGIE","Heizung","\u00d6l","W\u00e4rmewende"],"articleSection":["SUSTAINABILITY"],"inLanguage":"en-US"},{"@type":"WebPage","@id":"https:\/\/www.organisator.ch\/sustainability\/2017-02-28\/deutschland-will-das-ende-der-oelheizung\/","url":"https:\/\/www.organisator.ch\/sustainability\/2017-02-28\/deutschland-will-das-ende-der-oelheizung\/","name":"Germany wants the end of oil heating - organizer","isPartOf":{"@id":"https:\/\/www.organisator.ch\/#website"},"primaryImageOfPage":{"@id":"https:\/\/www.organisator.ch\/sustainability\/2017-02-28\/deutschland-will-das-ende-der-oelheizung\/#primaryimage"},"image":{"@id":"https:\/\/www.organisator.ch\/sustainability\/2017-02-28\/deutschland-will-das-ende-der-oelheizung\/#primaryimage"},"thumbnailUrl":"https:\/\/www.organisator.ch\/wp-content\/uploads\/2017\/02\/Depositphotos_60576019_l-2015.jpg","datePublished":"2017-02-28T14:20:18+00:00","dateModified":"2022-02-09T10:06:21+00:00","description":"Gas heating yes, oil heating no: In order to meet the Paris targets, Germany should have replaced its oil heating systems with heat pumps by 2030.","breadcrumb":{"@id":"https:\/\/www.organisator.ch\/sustainability\/2017-02-28\/deutschland-will-das-ende-der-oelheizung\/#breadcrumb"},"inLanguage":"en-US","potentialAction":[{"@type":"ReadAction","target":["https:\/\/www.organisator.ch\/sustainability\/2017-02-28\/deutschland-will-das-ende-der-oelheizung\/"]}]},{"@type":"ImageObject","inLanguage":"en-US","@id":"https:\/\/www.organisator.ch\/sustainability\/2017-02-28\/deutschland-will-das-ende-der-oelheizung\/#primaryimage","url":"https:\/\/www.organisator.ch\/wp-content\/uploads\/2017\/02\/Depositphotos_60576019_l-2015.jpg","contentUrl":"https:\/\/www.organisator.ch\/wp-content\/uploads\/2017\/02\/Depositphotos_60576019_l-2015.jpg","width":2000,"height":1335,"caption":"W\u00e4rmepumpen, Gasheizungen und h\u00f6here Effizienz: Die W\u00e4rmewende soll ohne \u00d6lheizungen auskommen."},{"@type":"BreadcrumbList","@id":"https:\/\/www.organisator.ch\/sustainability\/2017-02-28\/deutschland-will-das-ende-der-oelheizung\/#breadcrumb","itemListElement":[{"@type":"ListItem","position":1,"name":"Home","item":"https:\/\/www.organisator.ch\/"},{"@type":"ListItem","position":2,"name":"Deutschland will das Ende der \u00d6lheizung"}]},{"@type":"WebSite","@id":"https:\/\/www.organisator.ch\/#website","url":"https:\/\/www.organisator.ch\/","name":"Organizer","description":"Competent. Practical. In 10 issues per year, ORGANISATOR presents the essential topics for managers of SMEs.","publisher":{"@id":"https:\/\/www.organisator.ch\/#organization"},"potentialAction":[{"@type":"SearchAction","target":{"@type":"EntryPoint","urlTemplate":"https:\/\/www.organisator.ch\/?s={search_term_string}"},"query-input":{"@type":"PropertyValueSpecification","valueRequired":true,"valueName":"search_term_string"}}],"inLanguage":"en-US"},{"@type":"Organization","@id":"https:\/\/www.organisator.ch\/#organization","name":"Organizer","url":"https:\/\/www.organisator.ch\/","logo":{"@type":"ImageObject","inLanguage":"en-US","@id":"https:\/\/www.organisator.ch\/#\/schema\/logo\/image\/","url":"https:\/\/www.organisator.ch\/wp-content\/uploads\/2022\/01\/Logo_Organisator_Website.png","contentUrl":"https:\/\/www.organisator.ch\/wp-content\/uploads\/2022\/01\/Logo_Organisator_Website.png","width":800,"height":77,"caption":"Organisator"},"image":{"@id":"https:\/\/www.organisator.ch\/#\/schema\/logo\/image\/"},"sameAs":["https:\/\/www.facebook.com\/OrganisatorFachmagazin","https:\/\/www.linkedin.com\/showcase\/organisator-das-magazin-fr-kmu","https:\/\/www.xing.com\/news\/pages\/organisator-ch-695","https:\/\/www.youtube.com\/channel\/UCGP2Sq0iWaZwT3BdIAQFYpw"]},{"@type":"Person","@id":"https:\/\/www.organisator.ch\/#\/schema\/person\/aa2bace6c5c5aad60102004a50c4eb1c","name":"admin","image":{"@type":"ImageObject","inLanguage":"en-US","@id":"https:\/\/secure.gravatar.com\/avatar\/ae2f4d718e6c49043e314ce431e7e645d646302a24a5ef5a8bc8e3f5a032e319?s=96&d=mm&r=g","url":"https:\/\/secure.gravatar.com\/avatar\/ae2f4d718e6c49043e314ce431e7e645d646302a24a5ef5a8bc8e3f5a032e319?s=96&d=mm&r=g","contentUrl":"https:\/\/secure.gravatar.com\/avatar\/ae2f4d718e6c49043e314ce431e7e645d646302a24a5ef5a8bc8e3f5a032e319?s=96&d=mm&r=g","caption":"admin"},"sameAs":["https:\/\/www.organisator.ch"],"url":"https:\/\/www.organisator.ch\/en\/author\/admin\/"}]}},"_links":{"self":[{"href":"https:\/\/www.organisator.ch\/en\/wp-json\/wp\/v2\/posts\/9993","targetHints":{"allow":["GET"]}}],"collection":[{"href":"https:\/\/www.organisator.ch\/en\/wp-json\/wp\/v2\/posts"}],"about":[{"href":"https:\/\/www.organisator.ch\/en\/wp-json\/wp\/v2\/types\/post"}],"author":[{"embeddable":true,"href":"https:\/\/www.organisator.ch\/en\/wp-json\/wp\/v2\/users\/1"}],"replies":[{"embeddable":true,"href":"https:\/\/www.organisator.ch\/en\/wp-json\/wp\/v2\/comments?post=9993"}],"version-history":[{"count":1,"href":"https:\/\/www.organisator.ch\/en\/wp-json\/wp\/v2\/posts\/9993\/revisions"}],"predecessor-version":[{"id":10592,"href":"https:\/\/www.organisator.ch\/en\/wp-json\/wp\/v2\/posts\/9993\/revisions\/10592"}],"wp:featuredmedia":[{"embeddable":true,"href":"https:\/\/www.organisator.ch\/en\/wp-json\/wp\/v2\/media\/851"}],"wp:attachment":[{"href":"https:\/\/www.organisator.ch\/en\/wp-json\/wp\/v2\/media?parent=9993"}],"wp:term":[{"taxonomy":"category","embeddable":true,"href":"https:\/\/www.organisator.ch\/en\/wp-json\/wp\/v2\/categories?post=9993"},{"taxonomy":"post_tag","embeddable":true,"href":"https:\/\/www.organisator.ch\/en\/wp-json\/wp\/v2\/tags?post=9993"}],"curies":[{"name":"wp","href":"https:\/\/api.w.org\/{rel}","templated":true}]}}