{"id":10005,"date":"2017-06-07T16:01:59","date_gmt":"2017-06-07T14:01:59","guid":{"rendered":"https:\/\/www.umweltperspektiven.ch\/?p=962"},"modified":"2022-02-09T11:10:11","modified_gmt":"2022-02-09T10:10:11","slug":"branchenfuehrer-umweltwirtschaft-veroeffentlicht","status":"publish","type":"post","link":"https:\/\/www.organisator.ch\/fr\/sustainability\/2017-06-07\/branchenfuehrer-umweltwirtschaft-veroeffentlicht\/","title":{"rendered":"Publication du guide sectoriel de l'\u00e9conomie de l'environnement"},"content":{"rendered":"<figure id=\"attachment_963\" aria-describedby=\"caption-attachment-963\" style=\"width: 680px\" class=\"wp-caption alignnone\"><img loading=\"lazy\" decoding=\"async\" class=\"size-medium wp-image-963\" src=\"\/\/www.umweltperspektiven.ch\/wp-content\/uploads\/2017\/06\/Branchenf\u00fchrer.jpg\" alt=\"\" width=\"680\" height=\"877\" \/><figcaption id=\"caption-attachment-963\" class=\"wp-caption-text\">Le nouveau guide sectoriel de l'\u00e9conomie de l'environnement offre un \"Who's Who\" du secteur de l'environnement.<\/figcaption><\/figure>\n<p>La votation f\u00e9d\u00e9rale sur la loi sur l'\u00e9nergie a montr\u00e9 dans quelle direction le vent souffle. Le changement de valeurs vers la durabilit\u00e9 va toutefois bien au-del\u00e0 de la politique et de la soci\u00e9t\u00e9. La prise de conscience que seuls ceux qui vivent le principe de durabilit\u00e9 peuvent avoir du succ\u00e8s \u00e9conomique \u00e0 long terme s'impose de plus en plus dans tous les secteurs \u00e9conomiques, que ce soit sur le march\u00e9 bio en croissance constante, le secteur solaire ou le march\u00e9 des placements durables.<\/p>\n<p>Mais quels sont les biens et services qui servent \u00e0 la protection de l'environnement et du climat ? Comment ces groupes de biens peuvent-ils \u00eatre r\u00e9pertori\u00e9s et cat\u00e9goris\u00e9s ? Quelles sont les organisations, les f\u00e9d\u00e9rations sectorielles et les associations qui se trouvent derri\u00e8re ?<\/p>\n<p>L'OrTra Environnement r\u00e9pond \u00e0 ces questions dans le \"Who's Who\" de la branche de l'environnement et des cleantech : le guide de la branche de l'\u00e9conomie de l'environnement 2017. Sur plus de 90 pages, les acteurs de la gestion du recyclage et des d\u00e9chets rencontrent les organisations de la gestion de l'eau, les mus\u00e9es de la nature les bureaux d'\u00e9tudes durables. Un chapitre est consacr\u00e9 au secteur des \u00e9nergies renouvelables, tandis qu'un autre traite des autorit\u00e9s de protection de l'environnement et de la nature.<\/p>\n<p>La diversit\u00e9 des organisations qui se sont positionn\u00e9es dans le domaine de l'efficacit\u00e9 des ressources et de l'\u00e9nergie est impressionnante. Comme l'\u00e9conomie de l'environnement est un secteur transversal, sa mise en r\u00e9seau et sa description sont d'autant plus exigeantes. C'est pourquoi le guide sectoriel de l'\u00e9conomie de l'environnement 2017 est un outil d'orientation important pour tous les secteurs \u00e9conomiques et les sp\u00e9cialistes au sein des secteurs et le long des cha\u00eenes de cr\u00e9ation de valeur. Le guide sectoriel doit animer les \u00e9changes entre les acteurs qui ont pris conscience de l'\u00e9volution de la situation. Il doit offrir aux individus une possibilit\u00e9 de participer aux tendances et aux d\u00e9veloppements durables, quelle que soit la forme qu'ils prennent.<\/p>\n<p>Le guide de l'\u00e9conomie de l'environnement sera publi\u00e9 pour la premi\u00e8re fois en 2017. Il sera continuellement d\u00e9velopp\u00e9 au cours des prochaines ann\u00e9es. D'autres secteurs \u00e9conomiques suivront la tendance de l'efficacit\u00e9 des ressources et de la compatibilit\u00e9 avec le climat, et des acteurs nouvellement cr\u00e9\u00e9s appara\u00eetront au grand jour.<\/p>\n<p>Sur <a href=\"\/\/umweltprofis.ch\">professionnelsdel'environnement.ch<\/a> le leader du secteur se situe en tant que <a href=\"\/\/www.umweltprofis.ch\/media\/medialibrary\/2017\/05\/Branchenfuhrer_der_Umweltwirtschaft_online.pdf\">PDF \u00e0 t\u00e9l\u00e9charger<\/a> (2.8 MB).<\/p>\n<p>Texte : OrTra Environnement<\/p>","protected":false},"excerpt":{"rendered":"<p>Die eidgen\u00f6ssische Abstimmung zum Energiegesetz hat gezeigt, in welche Richtung der Wind weht. Der Wertewandel hin zur Nachhaltigkeit geht jedoch weit \u00fcber Politik und Gesellschaft hinaus. Die Erkenntnis, dass nur langfristig \u00f6konomisch erfolgreich sein kann, wer das Prinzip der Nachhaltigkeit lebt, setzt sich zunehmend quer durch alle Wirtschaftsbranchen durch &#8211; ob im stetig wachsenden Biomarkt, [&hellip;]<\/p>\n","protected":false},"author":1,"featured_media":963,"comment_status":"open","ping_status":"open","sticky":false,"template":"","format":"standard","meta":{"_acf_changed":false,"_yoast_wpseo_focuskw":"Umweltwirtschaft","_yoast_wpseo_metadesc":"Der Branchenf\u00fchrer Umweltwirtschaft 2017 bietet erstmals einen \u00dcberblick \u00fcber die Akteure der Umwelt- und Cleantechbranche in der Schweiz","articlekey":"","footnotes":""},"categories":[580],"tags":[358,2351],"class_list":["post-10005","post","type-post","status-publish","format-standard","has-post-thumbnail","hentry","category-sustainability","tag-nachhaltige-wirtschaft","tag-umwelt"],"acf":[],"yoast_head":"<!-- This site is optimized with the Yoast SEO plugin v27.4 - https:\/\/yoast.com\/product\/yoast-seo-wordpress\/ -->\n<title>Branchenf\u00fchrer Umweltwirtschaft ver\u00f6ffentlicht - Organisator<\/title>\n<meta name=\"description\" content=\"Der Branchenf\u00fchrer Umweltwirtschaft 2017 bietet erstmals einen \u00dcberblick \u00fcber die Akteure der Umwelt- und Cleantechbranche in der Schweiz\" \/>\n<meta name=\"robots\" content=\"index, follow, max-snippet:-1, max-image-preview:large, max-video-preview:-1\" \/>\n<link rel=\"canonical\" href=\"https:\/\/www.organisator.ch\/fr\/sustainability\/2017-06-07\/branchenfuehrer-umweltwirtschaft-veroeffentlicht\/\" \/>\n<meta property=\"og:locale\" content=\"fr_FR\" \/>\n<meta property=\"og:type\" content=\"article\" \/>\n<meta property=\"og:title\" content=\"Branchenf\u00fchrer Umweltwirtschaft ver\u00f6ffentlicht - Organisator\" \/>\n<meta property=\"og:description\" content=\"Der Branchenf\u00fchrer Umweltwirtschaft 2017 bietet erstmals einen \u00dcberblick \u00fcber die Akteure der Umwelt- und Cleantechbranche in der Schweiz\" \/>\n<meta property=\"og:url\" content=\"https:\/\/www.organisator.ch\/fr\/sustainability\/2017-06-07\/branchenfuehrer-umweltwirtschaft-veroeffentlicht\/\" \/>\n<meta property=\"og:site_name\" content=\"Organisator\" \/>\n<meta property=\"article:publisher\" content=\"https:\/\/www.facebook.com\/OrganisatorFachmagazin\" \/>\n<meta property=\"article:published_time\" content=\"2017-06-07T14:01:59+00:00\" \/>\n<meta property=\"article:modified_time\" content=\"2022-02-09T10:10:11+00:00\" \/>\n<meta property=\"og:image\" content=\"https:\/\/www.organisator.ch\/wp-content\/uploads\/2017\/06\/Branchenfuehrer.jpg\" \/>\n\t<meta property=\"og:image:width\" content=\"768\" \/>\n\t<meta property=\"og:image:height\" content=\"991\" \/>\n\t<meta property=\"og:image:type\" content=\"image\/jpeg\" \/>\n<meta name=\"author\" content=\"admin\" \/>\n<meta name=\"twitter:card\" content=\"summary_large_image\" \/>\n<script type=\"application\/ld+json\" class=\"yoast-schema-graph\">{\"@context\":\"https:\\\/\\\/schema.org\",\"@graph\":[{\"@type\":\"Article\",\"@id\":\"https:\\\/\\\/www.organisator.ch\\\/sustainability\\\/2017-06-07\\\/branchenfuehrer-umweltwirtschaft-veroeffentlicht\\\/#article\",\"isPartOf\":{\"@id\":\"https:\\\/\\\/www.organisator.ch\\\/sustainability\\\/2017-06-07\\\/branchenfuehrer-umweltwirtschaft-veroeffentlicht\\\/\"},\"author\":{\"name\":\"admin\",\"@id\":\"https:\\\/\\\/www.organisator.ch\\\/#\\\/schema\\\/person\\\/aa2bace6c5c5aad60102004a50c4eb1c\"},\"headline\":\"Branchenf\u00fchrer Umweltwirtschaft ver\u00f6ffentlicht\",\"datePublished\":\"2017-06-07T14:01:59+00:00\",\"dateModified\":\"2022-02-09T10:10:11+00:00\",\"mainEntityOfPage\":{\"@id\":\"https:\\\/\\\/www.organisator.ch\\\/sustainability\\\/2017-06-07\\\/branchenfuehrer-umweltwirtschaft-veroeffentlicht\\\/\"},\"wordCount\":321,\"commentCount\":0,\"publisher\":{\"@id\":\"https:\\\/\\\/www.organisator.ch\\\/#organization\"},\"image\":{\"@id\":\"https:\\\/\\\/www.organisator.ch\\\/sustainability\\\/2017-06-07\\\/branchenfuehrer-umweltwirtschaft-veroeffentlicht\\\/#primaryimage\"},\"thumbnailUrl\":\"https:\\\/\\\/www.organisator.ch\\\/wp-content\\\/uploads\\\/2017\\\/06\\\/Branchenfuehrer.jpg\",\"keywords\":[\"Nachhaltige Wirtschaft\",\"Umwelt\"],\"articleSection\":[\"SUSTAINABILITY\"],\"inLanguage\":\"fr-FR\"},{\"@type\":\"WebPage\",\"@id\":\"https:\\\/\\\/www.organisator.ch\\\/sustainability\\\/2017-06-07\\\/branchenfuehrer-umweltwirtschaft-veroeffentlicht\\\/\",\"url\":\"https:\\\/\\\/www.organisator.ch\\\/sustainability\\\/2017-06-07\\\/branchenfuehrer-umweltwirtschaft-veroeffentlicht\\\/\",\"name\":\"Branchenf\u00fchrer Umweltwirtschaft ver\u00f6ffentlicht - Organisator\",\"isPartOf\":{\"@id\":\"https:\\\/\\\/www.organisator.ch\\\/#website\"},\"primaryImageOfPage\":{\"@id\":\"https:\\\/\\\/www.organisator.ch\\\/sustainability\\\/2017-06-07\\\/branchenfuehrer-umweltwirtschaft-veroeffentlicht\\\/#primaryimage\"},\"image\":{\"@id\":\"https:\\\/\\\/www.organisator.ch\\\/sustainability\\\/2017-06-07\\\/branchenfuehrer-umweltwirtschaft-veroeffentlicht\\\/#primaryimage\"},\"thumbnailUrl\":\"https:\\\/\\\/www.organisator.ch\\\/wp-content\\\/uploads\\\/2017\\\/06\\\/Branchenfuehrer.jpg\",\"datePublished\":\"2017-06-07T14:01:59+00:00\",\"dateModified\":\"2022-02-09T10:10:11+00:00\",\"description\":\"Der Branchenf\u00fchrer Umweltwirtschaft 2017 bietet erstmals einen \u00dcberblick \u00fcber die Akteure der Umwelt- und Cleantechbranche in der Schweiz\",\"breadcrumb\":{\"@id\":\"https:\\\/\\\/www.organisator.ch\\\/sustainability\\\/2017-06-07\\\/branchenfuehrer-umweltwirtschaft-veroeffentlicht\\\/#breadcrumb\"},\"inLanguage\":\"fr-FR\",\"potentialAction\":[{\"@type\":\"ReadAction\",\"target\":[\"https:\\\/\\\/www.organisator.ch\\\/sustainability\\\/2017-06-07\\\/branchenfuehrer-umweltwirtschaft-veroeffentlicht\\\/\"]}]},{\"@type\":\"ImageObject\",\"inLanguage\":\"fr-FR\",\"@id\":\"https:\\\/\\\/www.organisator.ch\\\/sustainability\\\/2017-06-07\\\/branchenfuehrer-umweltwirtschaft-veroeffentlicht\\\/#primaryimage\",\"url\":\"https:\\\/\\\/www.organisator.ch\\\/wp-content\\\/uploads\\\/2017\\\/06\\\/Branchenfuehrer.jpg\",\"contentUrl\":\"https:\\\/\\\/www.organisator.ch\\\/wp-content\\\/uploads\\\/2017\\\/06\\\/Branchenfuehrer.jpg\",\"width\":768,\"height\":991,\"caption\":\"Der neue Branchenf\u00fchrer Umweltwirtschaft bietet ein \\\"Who is Who\\\" der Umweltbranche\"},{\"@type\":\"BreadcrumbList\",\"@id\":\"https:\\\/\\\/www.organisator.ch\\\/sustainability\\\/2017-06-07\\\/branchenfuehrer-umweltwirtschaft-veroeffentlicht\\\/#breadcrumb\",\"itemListElement\":[{\"@type\":\"ListItem\",\"position\":1,\"name\":\"Home\",\"item\":\"https:\\\/\\\/www.organisator.ch\\\/\"},{\"@type\":\"ListItem\",\"position\":2,\"name\":\"Branchenf\u00fchrer Umweltwirtschaft ver\u00f6ffentlicht\"}]},{\"@type\":\"WebSite\",\"@id\":\"https:\\\/\\\/www.organisator.ch\\\/#website\",\"url\":\"https:\\\/\\\/www.organisator.ch\\\/\",\"name\":\"Organisator\",\"description\":\"Kompetent. Praxisnah. Der ORGANISATOR bereitet in 10 Ausgaben pro Jahr die wesentlichen Themen f\u00fcr F\u00fchrungskr\u00e4fte von KMU auf.\",\"publisher\":{\"@id\":\"https:\\\/\\\/www.organisator.ch\\\/#organization\"},\"potentialAction\":[{\"@type\":\"SearchAction\",\"target\":{\"@type\":\"EntryPoint\",\"urlTemplate\":\"https:\\\/\\\/www.organisator.ch\\\/?s={search_term_string}\"},\"query-input\":{\"@type\":\"PropertyValueSpecification\",\"valueRequired\":true,\"valueName\":\"search_term_string\"}}],\"inLanguage\":\"fr-FR\"},{\"@type\":\"Organization\",\"@id\":\"https:\\\/\\\/www.organisator.ch\\\/#organization\",\"name\":\"Organisator\",\"url\":\"https:\\\/\\\/www.organisator.ch\\\/\",\"logo\":{\"@type\":\"ImageObject\",\"inLanguage\":\"fr-FR\",\"@id\":\"https:\\\/\\\/www.organisator.ch\\\/#\\\/schema\\\/logo\\\/image\\\/\",\"url\":\"https:\\\/\\\/www.organisator.ch\\\/wp-content\\\/uploads\\\/2022\\\/01\\\/Logo_Organisator_Website.png\",\"contentUrl\":\"https:\\\/\\\/www.organisator.ch\\\/wp-content\\\/uploads\\\/2022\\\/01\\\/Logo_Organisator_Website.png\",\"width\":800,\"height\":77,\"caption\":\"Organisator\"},\"image\":{\"@id\":\"https:\\\/\\\/www.organisator.ch\\\/#\\\/schema\\\/logo\\\/image\\\/\"},\"sameAs\":[\"https:\\\/\\\/www.facebook.com\\\/OrganisatorFachmagazin\",\"https:\\\/\\\/www.linkedin.com\\\/showcase\\\/organisator-das-magazin-fr-kmu\",\"https:\\\/\\\/www.xing.com\\\/news\\\/pages\\\/organisator-ch-695\",\"https:\\\/\\\/www.youtube.com\\\/channel\\\/UCGP2Sq0iWaZwT3BdIAQFYpw\"]},{\"@type\":\"Person\",\"@id\":\"https:\\\/\\\/www.organisator.ch\\\/#\\\/schema\\\/person\\\/aa2bace6c5c5aad60102004a50c4eb1c\",\"name\":\"admin\",\"image\":{\"@type\":\"ImageObject\",\"inLanguage\":\"fr-FR\",\"@id\":\"https:\\\/\\\/secure.gravatar.com\\\/avatar\\\/ae2f4d718e6c49043e314ce431e7e645d646302a24a5ef5a8bc8e3f5a032e319?s=96&d=mm&r=g\",\"url\":\"https:\\\/\\\/secure.gravatar.com\\\/avatar\\\/ae2f4d718e6c49043e314ce431e7e645d646302a24a5ef5a8bc8e3f5a032e319?s=96&d=mm&r=g\",\"contentUrl\":\"https:\\\/\\\/secure.gravatar.com\\\/avatar\\\/ae2f4d718e6c49043e314ce431e7e645d646302a24a5ef5a8bc8e3f5a032e319?s=96&d=mm&r=g\",\"caption\":\"admin\"},\"sameAs\":[\"https:\\\/\\\/www.organisator.ch\"],\"url\":\"https:\\\/\\\/www.organisator.ch\\\/fr\\\/author\\\/admin\\\/\"}]}<\/script>\n<!-- \/ Yoast SEO plugin. -->","yoast_head_json":{"title":"Publication du guide sectoriel de l'\u00e9conomie de l'environnement - Organisateur","description":"Le guide des branches de l'\u00e9conomie de l'environnement 2017 offre pour la premi\u00e8re fois une vue d'ensemble des acteurs de la branche de l'environnement et des cleantech en Suisse.","robots":{"index":"index","follow":"follow","max-snippet":"max-snippet:-1","max-image-preview":"max-image-preview:large","max-video-preview":"max-video-preview:-1"},"canonical":"https:\/\/www.organisator.ch\/fr\/sustainability\/2017-06-07\/branchenfuehrer-umweltwirtschaft-veroeffentlicht\/","og_locale":"fr_FR","og_type":"article","og_title":"Branchenf\u00fchrer Umweltwirtschaft ver\u00f6ffentlicht - Organisator","og_description":"Der Branchenf\u00fchrer Umweltwirtschaft 2017 bietet erstmals einen \u00dcberblick \u00fcber die Akteure der Umwelt- und Cleantechbranche in der Schweiz","og_url":"https:\/\/www.organisator.ch\/fr\/sustainability\/2017-06-07\/branchenfuehrer-umweltwirtschaft-veroeffentlicht\/","og_site_name":"Organisator","article_publisher":"https:\/\/www.facebook.com\/OrganisatorFachmagazin","article_published_time":"2017-06-07T14:01:59+00:00","article_modified_time":"2022-02-09T10:10:11+00:00","og_image":[{"width":768,"height":991,"url":"https:\/\/www.organisator.ch\/wp-content\/uploads\/2017\/06\/Branchenfuehrer.jpg","type":"image\/jpeg"}],"author":"admin","twitter_card":"summary_large_image","schema":{"@context":"https:\/\/schema.org","@graph":[{"@type":"Article","@id":"https:\/\/www.organisator.ch\/sustainability\/2017-06-07\/branchenfuehrer-umweltwirtschaft-veroeffentlicht\/#article","isPartOf":{"@id":"https:\/\/www.organisator.ch\/sustainability\/2017-06-07\/branchenfuehrer-umweltwirtschaft-veroeffentlicht\/"},"author":{"name":"admin","@id":"https:\/\/www.organisator.ch\/#\/schema\/person\/aa2bace6c5c5aad60102004a50c4eb1c"},"headline":"Branchenf\u00fchrer Umweltwirtschaft ver\u00f6ffentlicht","datePublished":"2017-06-07T14:01:59+00:00","dateModified":"2022-02-09T10:10:11+00:00","mainEntityOfPage":{"@id":"https:\/\/www.organisator.ch\/sustainability\/2017-06-07\/branchenfuehrer-umweltwirtschaft-veroeffentlicht\/"},"wordCount":321,"commentCount":0,"publisher":{"@id":"https:\/\/www.organisator.ch\/#organization"},"image":{"@id":"https:\/\/www.organisator.ch\/sustainability\/2017-06-07\/branchenfuehrer-umweltwirtschaft-veroeffentlicht\/#primaryimage"},"thumbnailUrl":"https:\/\/www.organisator.ch\/wp-content\/uploads\/2017\/06\/Branchenfuehrer.jpg","keywords":["Nachhaltige Wirtschaft","Umwelt"],"articleSection":["SUSTAINABILITY"],"inLanguage":"fr-FR"},{"@type":"WebPage","@id":"https:\/\/www.organisator.ch\/sustainability\/2017-06-07\/branchenfuehrer-umweltwirtschaft-veroeffentlicht\/","url":"https:\/\/www.organisator.ch\/sustainability\/2017-06-07\/branchenfuehrer-umweltwirtschaft-veroeffentlicht\/","name":"Publication du guide sectoriel de l'\u00e9conomie de l'environnement - Organisateur","isPartOf":{"@id":"https:\/\/www.organisator.ch\/#website"},"primaryImageOfPage":{"@id":"https:\/\/www.organisator.ch\/sustainability\/2017-06-07\/branchenfuehrer-umweltwirtschaft-veroeffentlicht\/#primaryimage"},"image":{"@id":"https:\/\/www.organisator.ch\/sustainability\/2017-06-07\/branchenfuehrer-umweltwirtschaft-veroeffentlicht\/#primaryimage"},"thumbnailUrl":"https:\/\/www.organisator.ch\/wp-content\/uploads\/2017\/06\/Branchenfuehrer.jpg","datePublished":"2017-06-07T14:01:59+00:00","dateModified":"2022-02-09T10:10:11+00:00","description":"Le guide des branches de l'\u00e9conomie de l'environnement 2017 offre pour la premi\u00e8re fois une vue d'ensemble des acteurs de la branche de l'environnement et des cleantech en Suisse.","breadcrumb":{"@id":"https:\/\/www.organisator.ch\/sustainability\/2017-06-07\/branchenfuehrer-umweltwirtschaft-veroeffentlicht\/#breadcrumb"},"inLanguage":"fr-FR","potentialAction":[{"@type":"ReadAction","target":["https:\/\/www.organisator.ch\/sustainability\/2017-06-07\/branchenfuehrer-umweltwirtschaft-veroeffentlicht\/"]}]},{"@type":"ImageObject","inLanguage":"fr-FR","@id":"https:\/\/www.organisator.ch\/sustainability\/2017-06-07\/branchenfuehrer-umweltwirtschaft-veroeffentlicht\/#primaryimage","url":"https:\/\/www.organisator.ch\/wp-content\/uploads\/2017\/06\/Branchenfuehrer.jpg","contentUrl":"https:\/\/www.organisator.ch\/wp-content\/uploads\/2017\/06\/Branchenfuehrer.jpg","width":768,"height":991,"caption":"Der neue Branchenf\u00fchrer Umweltwirtschaft bietet ein \"Who is Who\" der Umweltbranche"},{"@type":"BreadcrumbList","@id":"https:\/\/www.organisator.ch\/sustainability\/2017-06-07\/branchenfuehrer-umweltwirtschaft-veroeffentlicht\/#breadcrumb","itemListElement":[{"@type":"ListItem","position":1,"name":"Home","item":"https:\/\/www.organisator.ch\/"},{"@type":"ListItem","position":2,"name":"Branchenf\u00fchrer Umweltwirtschaft ver\u00f6ffentlicht"}]},{"@type":"WebSite","@id":"https:\/\/www.organisator.ch\/#website","url":"https:\/\/www.organisator.ch\/","name":"Organisateur","description":"Comp\u00e9tence et comp\u00e9tence. Proches de la pratique. L'ORGANISATEUR pr\u00e9pare 10 num\u00e9ros par an sur les th\u00e8mes essentiels pour les dirigeants de PME.","publisher":{"@id":"https:\/\/www.organisator.ch\/#organization"},"potentialAction":[{"@type":"SearchAction","target":{"@type":"EntryPoint","urlTemplate":"https:\/\/www.organisator.ch\/?s={search_term_string}"},"query-input":{"@type":"PropertyValueSpecification","valueRequired":true,"valueName":"search_term_string"}}],"inLanguage":"fr-FR"},{"@type":"Organization","@id":"https:\/\/www.organisator.ch\/#organization","name":"Organisateur","url":"https:\/\/www.organisator.ch\/","logo":{"@type":"ImageObject","inLanguage":"fr-FR","@id":"https:\/\/www.organisator.ch\/#\/schema\/logo\/image\/","url":"https:\/\/www.organisator.ch\/wp-content\/uploads\/2022\/01\/Logo_Organisator_Website.png","contentUrl":"https:\/\/www.organisator.ch\/wp-content\/uploads\/2022\/01\/Logo_Organisator_Website.png","width":800,"height":77,"caption":"Organisator"},"image":{"@id":"https:\/\/www.organisator.ch\/#\/schema\/logo\/image\/"},"sameAs":["https:\/\/www.facebook.com\/OrganisatorFachmagazin","https:\/\/www.linkedin.com\/showcase\/organisator-das-magazin-fr-kmu","https:\/\/www.xing.com\/news\/pages\/organisator-ch-695","https:\/\/www.youtube.com\/channel\/UCGP2Sq0iWaZwT3BdIAQFYpw"]},{"@type":"Person","@id":"https:\/\/www.organisator.ch\/#\/schema\/person\/aa2bace6c5c5aad60102004a50c4eb1c","name":"admin","image":{"@type":"ImageObject","inLanguage":"fr-FR","@id":"https:\/\/secure.gravatar.com\/avatar\/ae2f4d718e6c49043e314ce431e7e645d646302a24a5ef5a8bc8e3f5a032e319?s=96&d=mm&r=g","url":"https:\/\/secure.gravatar.com\/avatar\/ae2f4d718e6c49043e314ce431e7e645d646302a24a5ef5a8bc8e3f5a032e319?s=96&d=mm&r=g","contentUrl":"https:\/\/secure.gravatar.com\/avatar\/ae2f4d718e6c49043e314ce431e7e645d646302a24a5ef5a8bc8e3f5a032e319?s=96&d=mm&r=g","caption":"admin"},"sameAs":["https:\/\/www.organisator.ch"],"url":"https:\/\/www.organisator.ch\/fr\/author\/admin\/"}]}},"_links":{"self":[{"href":"https:\/\/www.organisator.ch\/fr\/wp-json\/wp\/v2\/posts\/10005","targetHints":{"allow":["GET"]}}],"collection":[{"href":"https:\/\/www.organisator.ch\/fr\/wp-json\/wp\/v2\/posts"}],"about":[{"href":"https:\/\/www.organisator.ch\/fr\/wp-json\/wp\/v2\/types\/post"}],"author":[{"embeddable":true,"href":"https:\/\/www.organisator.ch\/fr\/wp-json\/wp\/v2\/users\/1"}],"replies":[{"embeddable":true,"href":"https:\/\/www.organisator.ch\/fr\/wp-json\/wp\/v2\/comments?post=10005"}],"version-history":[{"count":1,"href":"https:\/\/www.organisator.ch\/fr\/wp-json\/wp\/v2\/posts\/10005\/revisions"}],"predecessor-version":[{"id":10937,"href":"https:\/\/www.organisator.ch\/fr\/wp-json\/wp\/v2\/posts\/10005\/revisions\/10937"}],"wp:featuredmedia":[{"embeddable":true,"href":"https:\/\/www.organisator.ch\/fr\/wp-json\/wp\/v2\/media\/963"}],"wp:attachment":[{"href":"https:\/\/www.organisator.ch\/fr\/wp-json\/wp\/v2\/media?parent=10005"}],"wp:term":[{"taxonomy":"category","embeddable":true,"href":"https:\/\/www.organisator.ch\/fr\/wp-json\/wp\/v2\/categories?post=10005"},{"taxonomy":"post_tag","embeddable":true,"href":"https:\/\/www.organisator.ch\/fr\/wp-json\/wp\/v2\/tags?post=10005"}],"curies":[{"name":"wp","href":"https:\/\/api.w.org\/{rel}","templated":true}]}}