{"id":10015,"date":"2017-08-14T14:56:18","date_gmt":"2017-08-14T12:56:18","guid":{"rendered":"https:\/\/www.umweltperspektiven.ch\/?p=1088"},"modified":"2022-02-09T11:06:20","modified_gmt":"2022-02-09T10:06:20","slug":"gueterverkehr-neue-relative-verbrauchswerte-fuer-den-energiekonsum","status":"publish","type":"post","link":"https:\/\/www.organisator.ch\/fr\/sustainability\/2017-08-14\/gueterverkehr-neue-relative-verbrauchswerte-fuer-den-energiekonsum\/","title":{"rendered":"Le transport de marchandises montre des diff\u00e9rences de consommation d'\u00e9nergie"},"content":{"rendered":"<figure id=\"attachment_1094\" aria-describedby=\"caption-attachment-1094\" style=\"width: 640px\" class=\"wp-caption alignnone\"><img loading=\"lazy\" decoding=\"async\" class=\"size-full wp-image-1094\" src=\"\/\/www.umweltperspektiven.ch\/wp-content\/uploads\/2017\/08\/G\u00fcterverkehr-zeigt-unterschiedlichen-Energiekonsum-UP_Umweltperspektiven.jpg\" alt=\"\" width=\"640\" height=\"413\" \/><figcaption id=\"caption-attachment-1094\" class=\"wp-caption-text\">Cargo transportation with Trains and Railways<\/figcaption><\/figure>\n<p>Tous les transports de marchandises ne sont pas \u00e9gaux en termes de consommation d'\u00e9nergie. Dans le cadre de la proc\u00e9dure d'enqu\u00eate, la CACF a examin\u00e9 les valeurs relatives de consommation de courant de traction pour le type de train \"trafic marchandises \u00e0 longue distance\". Elle a constat\u00e9 qu'une approche \u00e9nerg\u00e9tique forfaitaire uniforme pour tous les transports de marchandises regroup\u00e9s dans cette cat\u00e9gorie de trains avait un effet discriminatoire sur l'acc\u00e8s au r\u00e9seau.<\/p>\n<p>Gr\u00e2ce aux efforts d\u00e9ploy\u00e9s jusqu'\u00e0 pr\u00e9sent, le secteur a toutefois d\u00e9j\u00e0 pu mettre en \u0153uvre une r\u00e9duction de la valeur de consommation relative \u00e0 0,0168 kWh\/tkm. En outre, la possibilit\u00e9 de mesurer le courant directement \u00e0 partir du fil de contact a \u00e9t\u00e9 introduite.<\/p>\n<p><strong>Consommation relative pour le train de marchandises longue distance<\/strong><\/p>\n<p>La CACF a donc demand\u00e9 aux gestionnaires d'infrastructure d'introduire dans le catalogue de prestations 2019 une valeur de consommation relative suppl\u00e9mentaire pour le type de train \"trains de marchandises grandes lignes\". Le type de train \"trains de marchandises longue distance\" comprend notamment les trains de marchandises du trafic combin\u00e9 accompagn\u00e9 et non accompagn\u00e9, les trains de marchandises longue distance, les trains complets ainsi que les trains de marchandises de proximit\u00e9 par wagons complets isol\u00e9s. La d\u00e9cision de la CACF du 8 juin 2017 a force de loi.<\/p>\n<p>La division Infrastructure des CFF va maintenant pr\u00e9senter, d'ici le 1er septembre 2017, les premi\u00e8res donn\u00e9es et une proposition de mise en \u0153uvre afin de fixer une valeur de consommation relative diff\u00e9renci\u00e9e et non discriminatoire pour le type de train de marchandises grandes lignes.<\/p>\n<p>Gr\u00e2ce aux efforts d\u00e9ploy\u00e9s jusqu'\u00e0 pr\u00e9sent, le secteur a d\u00e9j\u00e0 pu mettre en \u0153uvre une r\u00e9duction de la valeur de consommation relative \u00e0 0,0168 kWh\/tkm. En outre, la possibilit\u00e9 de mesurer le courant directement \u00e0 partir du fil de contact a \u00e9t\u00e9 introduite. (Source : Commission d'arbitrage dans le domaine des chemins de fer CACF)<\/p>\n<p><a href=\"\/\/www.ske.admin.ch\/\">www.ske.admin.ch\/<\/a><\/p>\n<p>&nbsp;<\/p>","protected":false},"excerpt":{"rendered":"<p>G\u00fcterverkehr ist nicht gleich G\u00fcterverkehr, was den Energieverbrauch angeht. Die SKE hat im Untersuchungsverfahren die relativen Verbrauchswerte f\u00fcr den Bahnstrom in der Zuggattung Ferng\u00fcterverkehr \u00fcberpr\u00fcft. Dabei hat sie festgestellt, dass sich ein einheitlicher pauschaler Energieansatz f\u00fcr alle in dieser Zuggattung zusammengefassten G\u00fcterverkehre diskriminierend auf den Netzzugang auswirkt. Aufgrund der bisherigen Bem\u00fchungen konnte die Branche jedoch [&hellip;]<\/p>\n","protected":false},"author":5,"featured_media":9506,"comment_status":"open","ping_status":"open","sticky":false,"template":"","format":"standard","meta":{"_acf_changed":false,"_yoast_wpseo_focuskw":"G\u00fcterverkehr","_yoast_wpseo_metadesc":"Neue Energie-Limiten im G\u00fcterverkehr: Die Infrastruktur-Betreiberinnen m\u00fcssen auf das Fahrplanjahr 2019 den Verbrauchswert f\u00fcr den Energiekonsum anpassen.","articlekey":"","footnotes":""},"categories":[580],"tags":[1071,1337,1405],"class_list":["post-10015","post","type-post","status-publish","format-standard","has-post-thumbnail","hentry","category-sustainability","tag-energielimiten","tag-gueterverkehr","tag-infrastruktur"],"acf":[],"yoast_head":"<!-- This site is optimized with the Yoast SEO plugin v27.5 - https:\/\/yoast.com\/product\/yoast-seo-wordpress\/ -->\n<title>G\u00fcterverkehr zeigt unterschiedlichen Energiekonsum - Organisator<\/title>\n<meta name=\"description\" content=\"Neue Energie-Limiten im G\u00fcterverkehr: Die Infrastruktur-Betreiberinnen m\u00fcssen auf das Fahrplanjahr 2019 den Verbrauchswert f\u00fcr den Energiekonsum anpassen.\" \/>\n<meta name=\"robots\" content=\"index, follow, max-snippet:-1, max-image-preview:large, max-video-preview:-1\" \/>\n<link rel=\"canonical\" href=\"https:\/\/www.organisator.ch\/fr\/sustainability\/2017-08-14\/gueterverkehr-neue-relative-verbrauchswerte-fuer-den-energiekonsum\/\" \/>\n<meta property=\"og:locale\" content=\"fr_FR\" \/>\n<meta property=\"og:type\" content=\"article\" \/>\n<meta property=\"og:title\" content=\"G\u00fcterverkehr zeigt unterschiedlichen Energiekonsum - Organisator\" \/>\n<meta property=\"og:description\" content=\"Neue Energie-Limiten im G\u00fcterverkehr: Die Infrastruktur-Betreiberinnen m\u00fcssen auf das Fahrplanjahr 2019 den Verbrauchswert f\u00fcr den Energiekonsum anpassen.\" \/>\n<meta property=\"og:url\" content=\"https:\/\/www.organisator.ch\/fr\/sustainability\/2017-08-14\/gueterverkehr-neue-relative-verbrauchswerte-fuer-den-energiekonsum\/\" \/>\n<meta property=\"og:site_name\" content=\"Organisator\" \/>\n<meta property=\"article:publisher\" content=\"https:\/\/www.facebook.com\/OrganisatorFachmagazin\" \/>\n<meta property=\"article:published_time\" content=\"2017-08-14T12:56:18+00:00\" \/>\n<meta property=\"article:modified_time\" content=\"2022-02-09T10:06:20+00:00\" \/>\n<meta property=\"og:image\" content=\"https:\/\/www.organisator.ch\/wp-content\/uploads\/2017\/08\/Gueterverkehr-zeigt-unterschiedlichen-Energiekonsum-UP_Umweltperspektiven.jpg\" \/>\n\t<meta property=\"og:image:width\" content=\"640\" \/>\n\t<meta property=\"og:image:height\" content=\"413\" \/>\n\t<meta property=\"og:image:type\" content=\"image\/jpeg\" \/>\n<meta name=\"author\" content=\"michael.merz\" \/>\n<meta name=\"twitter:card\" content=\"summary_large_image\" \/>\n<script type=\"application\/ld+json\" class=\"yoast-schema-graph\">{\"@context\":\"https:\\\/\\\/schema.org\",\"@graph\":[{\"@type\":\"Article\",\"@id\":\"https:\\\/\\\/www.organisator.ch\\\/sustainability\\\/2017-08-14\\\/gueterverkehr-neue-relative-verbrauchswerte-fuer-den-energiekonsum\\\/#article\",\"isPartOf\":{\"@id\":\"https:\\\/\\\/www.organisator.ch\\\/sustainability\\\/2017-08-14\\\/gueterverkehr-neue-relative-verbrauchswerte-fuer-den-energiekonsum\\\/\"},\"author\":{\"name\":\"michael.merz\",\"@id\":\"https:\\\/\\\/www.organisator.ch\\\/#\\\/schema\\\/person\\\/134708ca9321c57b0362cceb7948ffbd\"},\"headline\":\"G\u00fcterverkehr zeigt unterschiedlichen Energiekonsum\",\"datePublished\":\"2017-08-14T12:56:18+00:00\",\"dateModified\":\"2022-02-09T10:06:20+00:00\",\"mainEntityOfPage\":{\"@id\":\"https:\\\/\\\/www.organisator.ch\\\/sustainability\\\/2017-08-14\\\/gueterverkehr-neue-relative-verbrauchswerte-fuer-den-energiekonsum\\\/\"},\"wordCount\":242,\"commentCount\":0,\"publisher\":{\"@id\":\"https:\\\/\\\/www.organisator.ch\\\/#organization\"},\"image\":{\"@id\":\"https:\\\/\\\/www.organisator.ch\\\/sustainability\\\/2017-08-14\\\/gueterverkehr-neue-relative-verbrauchswerte-fuer-den-energiekonsum\\\/#primaryimage\"},\"thumbnailUrl\":\"https:\\\/\\\/www.organisator.ch\\\/wp-content\\\/uploads\\\/2017\\\/08\\\/Gueterverkehr-zeigt-unterschiedlichen-Energiekonsum-UP_Umweltperspektiven.jpg\",\"keywords\":[\"Energielimiten\",\"G\u00fcterverkehr\",\"Infrastruktur\"],\"articleSection\":[\"SUSTAINABILITY\"],\"inLanguage\":\"fr-FR\"},{\"@type\":\"WebPage\",\"@id\":\"https:\\\/\\\/www.organisator.ch\\\/sustainability\\\/2017-08-14\\\/gueterverkehr-neue-relative-verbrauchswerte-fuer-den-energiekonsum\\\/\",\"url\":\"https:\\\/\\\/www.organisator.ch\\\/sustainability\\\/2017-08-14\\\/gueterverkehr-neue-relative-verbrauchswerte-fuer-den-energiekonsum\\\/\",\"name\":\"G\u00fcterverkehr zeigt unterschiedlichen Energiekonsum - Organisator\",\"isPartOf\":{\"@id\":\"https:\\\/\\\/www.organisator.ch\\\/#website\"},\"primaryImageOfPage\":{\"@id\":\"https:\\\/\\\/www.organisator.ch\\\/sustainability\\\/2017-08-14\\\/gueterverkehr-neue-relative-verbrauchswerte-fuer-den-energiekonsum\\\/#primaryimage\"},\"image\":{\"@id\":\"https:\\\/\\\/www.organisator.ch\\\/sustainability\\\/2017-08-14\\\/gueterverkehr-neue-relative-verbrauchswerte-fuer-den-energiekonsum\\\/#primaryimage\"},\"thumbnailUrl\":\"https:\\\/\\\/www.organisator.ch\\\/wp-content\\\/uploads\\\/2017\\\/08\\\/Gueterverkehr-zeigt-unterschiedlichen-Energiekonsum-UP_Umweltperspektiven.jpg\",\"datePublished\":\"2017-08-14T12:56:18+00:00\",\"dateModified\":\"2022-02-09T10:06:20+00:00\",\"description\":\"Neue Energie-Limiten im G\u00fcterverkehr: Die Infrastruktur-Betreiberinnen m\u00fcssen auf das Fahrplanjahr 2019 den Verbrauchswert f\u00fcr den Energiekonsum anpassen.\",\"breadcrumb\":{\"@id\":\"https:\\\/\\\/www.organisator.ch\\\/sustainability\\\/2017-08-14\\\/gueterverkehr-neue-relative-verbrauchswerte-fuer-den-energiekonsum\\\/#breadcrumb\"},\"inLanguage\":\"fr-FR\",\"potentialAction\":[{\"@type\":\"ReadAction\",\"target\":[\"https:\\\/\\\/www.organisator.ch\\\/sustainability\\\/2017-08-14\\\/gueterverkehr-neue-relative-verbrauchswerte-fuer-den-energiekonsum\\\/\"]}]},{\"@type\":\"ImageObject\",\"inLanguage\":\"fr-FR\",\"@id\":\"https:\\\/\\\/www.organisator.ch\\\/sustainability\\\/2017-08-14\\\/gueterverkehr-neue-relative-verbrauchswerte-fuer-den-energiekonsum\\\/#primaryimage\",\"url\":\"https:\\\/\\\/www.organisator.ch\\\/wp-content\\\/uploads\\\/2017\\\/08\\\/Gueterverkehr-zeigt-unterschiedlichen-Energiekonsum-UP_Umweltperspektiven.jpg\",\"contentUrl\":\"https:\\\/\\\/www.organisator.ch\\\/wp-content\\\/uploads\\\/2017\\\/08\\\/Gueterverkehr-zeigt-unterschiedlichen-Energiekonsum-UP_Umweltperspektiven.jpg\",\"width\":640,\"height\":413,\"caption\":\"Cargo transportatio with Trains and Railways\"},{\"@type\":\"BreadcrumbList\",\"@id\":\"https:\\\/\\\/www.organisator.ch\\\/sustainability\\\/2017-08-14\\\/gueterverkehr-neue-relative-verbrauchswerte-fuer-den-energiekonsum\\\/#breadcrumb\",\"itemListElement\":[{\"@type\":\"ListItem\",\"position\":1,\"name\":\"Home\",\"item\":\"https:\\\/\\\/www.organisator.ch\\\/\"},{\"@type\":\"ListItem\",\"position\":2,\"name\":\"G\u00fcterverkehr zeigt unterschiedlichen Energiekonsum\"}]},{\"@type\":\"WebSite\",\"@id\":\"https:\\\/\\\/www.organisator.ch\\\/#website\",\"url\":\"https:\\\/\\\/www.organisator.ch\\\/\",\"name\":\"Organisator\",\"description\":\"Kompetent. Praxisnah. Der ORGANISATOR bereitet in 10 Ausgaben pro Jahr die wesentlichen Themen f\u00fcr F\u00fchrungskr\u00e4fte von KMU auf.\",\"publisher\":{\"@id\":\"https:\\\/\\\/www.organisator.ch\\\/#organization\"},\"potentialAction\":[{\"@type\":\"SearchAction\",\"target\":{\"@type\":\"EntryPoint\",\"urlTemplate\":\"https:\\\/\\\/www.organisator.ch\\\/?s={search_term_string}\"},\"query-input\":{\"@type\":\"PropertyValueSpecification\",\"valueRequired\":true,\"valueName\":\"search_term_string\"}}],\"inLanguage\":\"fr-FR\"},{\"@type\":\"Organization\",\"@id\":\"https:\\\/\\\/www.organisator.ch\\\/#organization\",\"name\":\"Organisator\",\"url\":\"https:\\\/\\\/www.organisator.ch\\\/\",\"logo\":{\"@type\":\"ImageObject\",\"inLanguage\":\"fr-FR\",\"@id\":\"https:\\\/\\\/www.organisator.ch\\\/#\\\/schema\\\/logo\\\/image\\\/\",\"url\":\"https:\\\/\\\/www.organisator.ch\\\/wp-content\\\/uploads\\\/2022\\\/01\\\/Logo_Organisator_Website.png\",\"contentUrl\":\"https:\\\/\\\/www.organisator.ch\\\/wp-content\\\/uploads\\\/2022\\\/01\\\/Logo_Organisator_Website.png\",\"width\":800,\"height\":77,\"caption\":\"Organisator\"},\"image\":{\"@id\":\"https:\\\/\\\/www.organisator.ch\\\/#\\\/schema\\\/logo\\\/image\\\/\"},\"sameAs\":[\"https:\\\/\\\/www.facebook.com\\\/OrganisatorFachmagazin\",\"https:\\\/\\\/www.linkedin.com\\\/showcase\\\/organisator-das-magazin-fr-kmu\",\"https:\\\/\\\/www.xing.com\\\/news\\\/pages\\\/organisator-ch-695\",\"https:\\\/\\\/www.youtube.com\\\/channel\\\/UCGP2Sq0iWaZwT3BdIAQFYpw\"]},{\"@type\":\"Person\",\"@id\":\"https:\\\/\\\/www.organisator.ch\\\/#\\\/schema\\\/person\\\/134708ca9321c57b0362cceb7948ffbd\",\"name\":\"michael.merz\",\"image\":{\"@type\":\"ImageObject\",\"inLanguage\":\"fr-FR\",\"@id\":\"https:\\\/\\\/secure.gravatar.com\\\/avatar\\\/?s=96&d=mm&r=g\",\"url\":\"https:\\\/\\\/secure.gravatar.com\\\/avatar\\\/?s=96&d=mm&r=g\",\"contentUrl\":\"https:\\\/\\\/secure.gravatar.com\\\/avatar\\\/?s=96&d=mm&r=g\",\"caption\":\"michael.merz\"},\"url\":\"https:\\\/\\\/www.organisator.ch\\\/fr\\\/author\\\/michael-merz\\\/\"}]}<\/script>\n<!-- \/ Yoast SEO plugin. -->","yoast_head_json":{"title":"Le transport de marchandises montre des diff\u00e9rences de consommation d'\u00e9nergie - Organisateur","description":"Nouvelles limites \u00e9nerg\u00e9tiques dans le transport de marchandises : les gestionnaires d'infrastructure doivent adapter la valeur de consommation d'\u00e9nergie pour l'ann\u00e9e d'horaire 2019.","robots":{"index":"index","follow":"follow","max-snippet":"max-snippet:-1","max-image-preview":"max-image-preview:large","max-video-preview":"max-video-preview:-1"},"canonical":"https:\/\/www.organisator.ch\/fr\/sustainability\/2017-08-14\/gueterverkehr-neue-relative-verbrauchswerte-fuer-den-energiekonsum\/","og_locale":"fr_FR","og_type":"article","og_title":"G\u00fcterverkehr zeigt unterschiedlichen Energiekonsum - Organisator","og_description":"Neue Energie-Limiten im G\u00fcterverkehr: Die Infrastruktur-Betreiberinnen m\u00fcssen auf das Fahrplanjahr 2019 den Verbrauchswert f\u00fcr den Energiekonsum anpassen.","og_url":"https:\/\/www.organisator.ch\/fr\/sustainability\/2017-08-14\/gueterverkehr-neue-relative-verbrauchswerte-fuer-den-energiekonsum\/","og_site_name":"Organisator","article_publisher":"https:\/\/www.facebook.com\/OrganisatorFachmagazin","article_published_time":"2017-08-14T12:56:18+00:00","article_modified_time":"2022-02-09T10:06:20+00:00","og_image":[{"width":640,"height":413,"url":"https:\/\/www.organisator.ch\/wp-content\/uploads\/2017\/08\/Gueterverkehr-zeigt-unterschiedlichen-Energiekonsum-UP_Umweltperspektiven.jpg","type":"image\/jpeg"}],"author":"michael.merz","twitter_card":"summary_large_image","schema":{"@context":"https:\/\/schema.org","@graph":[{"@type":"Article","@id":"https:\/\/www.organisator.ch\/sustainability\/2017-08-14\/gueterverkehr-neue-relative-verbrauchswerte-fuer-den-energiekonsum\/#article","isPartOf":{"@id":"https:\/\/www.organisator.ch\/sustainability\/2017-08-14\/gueterverkehr-neue-relative-verbrauchswerte-fuer-den-energiekonsum\/"},"author":{"name":"michael.merz","@id":"https:\/\/www.organisator.ch\/#\/schema\/person\/134708ca9321c57b0362cceb7948ffbd"},"headline":"G\u00fcterverkehr zeigt unterschiedlichen Energiekonsum","datePublished":"2017-08-14T12:56:18+00:00","dateModified":"2022-02-09T10:06:20+00:00","mainEntityOfPage":{"@id":"https:\/\/www.organisator.ch\/sustainability\/2017-08-14\/gueterverkehr-neue-relative-verbrauchswerte-fuer-den-energiekonsum\/"},"wordCount":242,"commentCount":0,"publisher":{"@id":"https:\/\/www.organisator.ch\/#organization"},"image":{"@id":"https:\/\/www.organisator.ch\/sustainability\/2017-08-14\/gueterverkehr-neue-relative-verbrauchswerte-fuer-den-energiekonsum\/#primaryimage"},"thumbnailUrl":"https:\/\/www.organisator.ch\/wp-content\/uploads\/2017\/08\/Gueterverkehr-zeigt-unterschiedlichen-Energiekonsum-UP_Umweltperspektiven.jpg","keywords":["Energielimiten","G\u00fcterverkehr","Infrastruktur"],"articleSection":["SUSTAINABILITY"],"inLanguage":"fr-FR"},{"@type":"WebPage","@id":"https:\/\/www.organisator.ch\/sustainability\/2017-08-14\/gueterverkehr-neue-relative-verbrauchswerte-fuer-den-energiekonsum\/","url":"https:\/\/www.organisator.ch\/sustainability\/2017-08-14\/gueterverkehr-neue-relative-verbrauchswerte-fuer-den-energiekonsum\/","name":"Le transport de marchandises montre des diff\u00e9rences de consommation d'\u00e9nergie - Organisateur","isPartOf":{"@id":"https:\/\/www.organisator.ch\/#website"},"primaryImageOfPage":{"@id":"https:\/\/www.organisator.ch\/sustainability\/2017-08-14\/gueterverkehr-neue-relative-verbrauchswerte-fuer-den-energiekonsum\/#primaryimage"},"image":{"@id":"https:\/\/www.organisator.ch\/sustainability\/2017-08-14\/gueterverkehr-neue-relative-verbrauchswerte-fuer-den-energiekonsum\/#primaryimage"},"thumbnailUrl":"https:\/\/www.organisator.ch\/wp-content\/uploads\/2017\/08\/Gueterverkehr-zeigt-unterschiedlichen-Energiekonsum-UP_Umweltperspektiven.jpg","datePublished":"2017-08-14T12:56:18+00:00","dateModified":"2022-02-09T10:06:20+00:00","description":"Nouvelles limites \u00e9nerg\u00e9tiques dans le transport de marchandises : les gestionnaires d'infrastructure doivent adapter la valeur de consommation d'\u00e9nergie pour l'ann\u00e9e d'horaire 2019.","breadcrumb":{"@id":"https:\/\/www.organisator.ch\/sustainability\/2017-08-14\/gueterverkehr-neue-relative-verbrauchswerte-fuer-den-energiekonsum\/#breadcrumb"},"inLanguage":"fr-FR","potentialAction":[{"@type":"ReadAction","target":["https:\/\/www.organisator.ch\/sustainability\/2017-08-14\/gueterverkehr-neue-relative-verbrauchswerte-fuer-den-energiekonsum\/"]}]},{"@type":"ImageObject","inLanguage":"fr-FR","@id":"https:\/\/www.organisator.ch\/sustainability\/2017-08-14\/gueterverkehr-neue-relative-verbrauchswerte-fuer-den-energiekonsum\/#primaryimage","url":"https:\/\/www.organisator.ch\/wp-content\/uploads\/2017\/08\/Gueterverkehr-zeigt-unterschiedlichen-Energiekonsum-UP_Umweltperspektiven.jpg","contentUrl":"https:\/\/www.organisator.ch\/wp-content\/uploads\/2017\/08\/Gueterverkehr-zeigt-unterschiedlichen-Energiekonsum-UP_Umweltperspektiven.jpg","width":640,"height":413,"caption":"Cargo transportatio with Trains and Railways"},{"@type":"BreadcrumbList","@id":"https:\/\/www.organisator.ch\/sustainability\/2017-08-14\/gueterverkehr-neue-relative-verbrauchswerte-fuer-den-energiekonsum\/#breadcrumb","itemListElement":[{"@type":"ListItem","position":1,"name":"Home","item":"https:\/\/www.organisator.ch\/"},{"@type":"ListItem","position":2,"name":"G\u00fcterverkehr zeigt unterschiedlichen Energiekonsum"}]},{"@type":"WebSite","@id":"https:\/\/www.organisator.ch\/#website","url":"https:\/\/www.organisator.ch\/","name":"Organisateur","description":"Comp\u00e9tence et comp\u00e9tence. Proches de la pratique. L'ORGANISATEUR pr\u00e9pare 10 num\u00e9ros par an sur les th\u00e8mes essentiels pour les dirigeants de PME.","publisher":{"@id":"https:\/\/www.organisator.ch\/#organization"},"potentialAction":[{"@type":"SearchAction","target":{"@type":"EntryPoint","urlTemplate":"https:\/\/www.organisator.ch\/?s={search_term_string}"},"query-input":{"@type":"PropertyValueSpecification","valueRequired":true,"valueName":"search_term_string"}}],"inLanguage":"fr-FR"},{"@type":"Organization","@id":"https:\/\/www.organisator.ch\/#organization","name":"Organisateur","url":"https:\/\/www.organisator.ch\/","logo":{"@type":"ImageObject","inLanguage":"fr-FR","@id":"https:\/\/www.organisator.ch\/#\/schema\/logo\/image\/","url":"https:\/\/www.organisator.ch\/wp-content\/uploads\/2022\/01\/Logo_Organisator_Website.png","contentUrl":"https:\/\/www.organisator.ch\/wp-content\/uploads\/2022\/01\/Logo_Organisator_Website.png","width":800,"height":77,"caption":"Organisator"},"image":{"@id":"https:\/\/www.organisator.ch\/#\/schema\/logo\/image\/"},"sameAs":["https:\/\/www.facebook.com\/OrganisatorFachmagazin","https:\/\/www.linkedin.com\/showcase\/organisator-das-magazin-fr-kmu","https:\/\/www.xing.com\/news\/pages\/organisator-ch-695","https:\/\/www.youtube.com\/channel\/UCGP2Sq0iWaZwT3BdIAQFYpw"]},{"@type":"Person","@id":"https:\/\/www.organisator.ch\/#\/schema\/person\/134708ca9321c57b0362cceb7948ffbd","name":"michael.merz","image":{"@type":"ImageObject","inLanguage":"fr-FR","@id":"https:\/\/secure.gravatar.com\/avatar\/?s=96&d=mm&r=g","url":"https:\/\/secure.gravatar.com\/avatar\/?s=96&d=mm&r=g","contentUrl":"https:\/\/secure.gravatar.com\/avatar\/?s=96&d=mm&r=g","caption":"michael.merz"},"url":"https:\/\/www.organisator.ch\/fr\/author\/michael-merz\/"}]}},"_links":{"self":[{"href":"https:\/\/www.organisator.ch\/fr\/wp-json\/wp\/v2\/posts\/10015","targetHints":{"allow":["GET"]}}],"collection":[{"href":"https:\/\/www.organisator.ch\/fr\/wp-json\/wp\/v2\/posts"}],"about":[{"href":"https:\/\/www.organisator.ch\/fr\/wp-json\/wp\/v2\/types\/post"}],"author":[{"embeddable":true,"href":"https:\/\/www.organisator.ch\/fr\/wp-json\/wp\/v2\/users\/5"}],"replies":[{"embeddable":true,"href":"https:\/\/www.organisator.ch\/fr\/wp-json\/wp\/v2\/comments?post=10015"}],"version-history":[{"count":1,"href":"https:\/\/www.organisator.ch\/fr\/wp-json\/wp\/v2\/posts\/10015\/revisions"}],"predecessor-version":[{"id":10577,"href":"https:\/\/www.organisator.ch\/fr\/wp-json\/wp\/v2\/posts\/10015\/revisions\/10577"}],"wp:featuredmedia":[{"embeddable":true,"href":"https:\/\/www.organisator.ch\/fr\/wp-json\/wp\/v2\/media\/9506"}],"wp:attachment":[{"href":"https:\/\/www.organisator.ch\/fr\/wp-json\/wp\/v2\/media?parent=10015"}],"wp:term":[{"taxonomy":"category","embeddable":true,"href":"https:\/\/www.organisator.ch\/fr\/wp-json\/wp\/v2\/categories?post=10015"},{"taxonomy":"post_tag","embeddable":true,"href":"https:\/\/www.organisator.ch\/fr\/wp-json\/wp\/v2\/tags?post=10015"}],"curies":[{"name":"wp","href":"https:\/\/api.w.org\/{rel}","templated":true}]}}