{"id":10020,"date":"2017-10-13T09:00:01","date_gmt":"2017-10-13T07:00:01","guid":{"rendered":"https:\/\/www.umweltperspektiven.ch\/?p=1265"},"modified":"2022-02-09T11:06:19","modified_gmt":"2022-02-09T10:06:19","slug":"erneuerbare-energien-sommerwetter-foerderte-rekorde","status":"publish","type":"post","link":"https:\/\/www.organisator.ch\/fr\/sustainability\/2017-10-13\/erneuerbare-energien-sommerwetter-foerderte-rekorde\/","title":{"rendered":"\u00c9nergies renouvelables : la m\u00e9t\u00e9o estivale a favoris\u00e9 l'\u00e9tablissement de records"},"content":{"rendered":"<figure id=\"attachment_1266\" aria-describedby=\"caption-attachment-1266\" style=\"width: 600px\" class=\"wp-caption alignnone\"><img loading=\"lazy\" decoding=\"async\" class=\"size-full wp-image-1266\" src=\"\/\/www.umweltperspektiven.ch\/wp-content\/uploads\/2017\/10\/Erneuerbare-Energien-Sommerwetter-f\u00f6rderte-Rekorde-up_umweltperspektiven.jpg\" alt=\"\" width=\"600\" height=\"412\" \/><figcaption id=\"caption-attachment-1266\" class=\"wp-caption-text\">De plus en plus de besoins \u00e9nerg\u00e9tiques europ\u00e9ens sont couverts par les \"\u00e9nergies renouvelables\" - et cela va continuer dans les communes suisses. (Photo zVg)<\/figcaption><\/figure>\n<p>En juin, on attend toujours beaucoup du temps estival. Le temps en Europe n'\u00e9tait pas vraiment \"beau\" au d\u00e9but du mois de juin. Bien s\u00fbr, le soleil s'est montr\u00e9 de temps en temps, mais il y a aussi eu beaucoup de pluie et des vents inhabituellement forts. Ce qui ne plaisait gu\u00e8re aux amateurs d'activit\u00e9s en plein air a manifestement \u00e9t\u00e9 une b\u00e9n\u00e9diction pour les producteurs d'\u00e9nergies renouvelables, et ce dans plusieurs pays europ\u00e9ens.<\/p>\n<p>Que ce soit en Grande-Bretagne, au Danemark ou en Allemagne, des entreprises sp\u00e9cialis\u00e9es ont r\u00e9ussi, un jour ou l'autre en juin, \u00e0 produire plus d'\u00e9lectricit\u00e9 \u00e0 partir de sources propres qu'\u00e0 partir de combustibles fossiles. Ainsi, en Grande-Bretagne, il a \u00e9t\u00e9 possible de produire plus d'\u00e9lectricit\u00e9 \u00e0 partir de sources propres que de charbon et de gaz naturel. Les Britanniques ont fortement investi dans l'\u00e9nergie \u00e9olienne, dont la production a repr\u00e9sent\u00e9 10 pour cent lors de cette journ\u00e9e record. A cela s'ajoutent l'\u00e9nergie solaire, l'\u00e9nergie hydraulique et la biomasse.<\/p>\n<p>Au total, les \u00e9nergies renouvelables ont couvert 50,7 % des besoins en \u00e9nergie. Si l'on y ajoute l'\u00e9nergie nucl\u00e9aire, les Britanniques ont atteint le chiffre impressionnant de 72,1 % de production d'\u00e9nergie neutre en CO2.<\/p>\n<p><strong>Premiers de la classe actuels<\/strong><\/p>\n<p>En Allemagne, la situation \u00e9tait encore meilleure. D\u00e9but juin, 66% des besoins en \u00e9lectricit\u00e9 ont \u00e9t\u00e9 couverts par des sources renouvelables. Il ne s'agit toutefois pas d'un record dans ce pays, puisqu'en avril, on avait d\u00e9j\u00e0 atteint 85 pour cent. Seul le Danemark a fait mieux. Dans ce pays scandinave, l'augmentation de la force des vents a entra\u00een\u00e9 des pics de production d'\u00e9nergie. Pendant une courte p\u00e9riode d\u00e9but juin, les centrales \u00e9oliennes, qui produisent \u00e9galement de l'\u00e9lectricit\u00e9 destin\u00e9e \u00e0 l'exportation, ont couvert pas moins de 137 % des besoins totaux en \u00e9lectricit\u00e9 du royaume.<\/p>\n<p>Le succ\u00e8s de l'\u00e9lectricit\u00e9 verte danoise met \u00e9galement en \u00e9vidence un probl\u00e8me majeur : Si le vent souffle tr\u00e8s fort, la production est excellente, mais s'il n'y a pas de vent, presque aucun watt n'arrive. Comme il manque toujours de grands syst\u00e8mes de stockage d'\u00e9nergie qui pourraient conserver sur place l'\u00e9lectricit\u00e9 produite en trop, l'\u00e9nergie est perdue en p\u00e9riode de surproduction - et les mauvaises p\u00e9riodes de production doivent \u00eatre compens\u00e9es par d'autres moyens.<\/p>\n<p><strong>D'autres journ\u00e9es record en vue<\/strong><\/p>\n<p>La tendance en soi semble irr\u00e9versible : de plus en plus de besoins \u00e9nerg\u00e9tiques europ\u00e9ens sont couverts par les \"\u00e9nergies renouvelables\" - et cela va probablement continuer ainsi. Les investissements importants dans l'\u00e9nergie \u00e9olienne se poursuivent. Ainsi, des centaines de nouvelles turbines offshore devraient \u00eatre install\u00e9es en mer du Nord dans les ann\u00e9es \u00e0 venir et la baisse continue du prix des cellules solaires assure une utilisation croissante - et surtout rentable - de l'\u00e9nergie solaire. Il y aura donc sans aucun doute d'autres journ\u00e9es record. (Source : TechnologyReview)<\/p>\n<p>&nbsp;<\/p>\n<p>&nbsp;<\/p>\n<p><em>Vous trouverez plus d'actualit\u00e9s et de donn\u00e9es de r\u00e9f\u00e9rence sur le secteur solaire suisse sous <a href=\"\/\/www.swissolar.ch\">www.swissolar.ch<\/a><\/em><\/p>","protected":false},"excerpt":{"rendered":"<p>Im Juni hat man immer hohe Erwartungen an das Sommerwetter. Wirklich &#8222;sch\u00f6n&#8220; war das Wetter in Europa Anfang Juni nicht. Nat\u00fcrlich kam die Sonne ab und zu raus, aber es gab auch viel Regen und ungew\u00f6hnlich starke Winde. Was Freunden von Freiluftaktivit\u00e4ten eher weniger gefiel, war f\u00fcr die Produzenten erneuerbarer Energieformen offenbar ein Segen \u2013 [&hellip;]<\/p>\n","protected":false},"author":5,"featured_media":9514,"comment_status":"open","ping_status":"open","sticky":false,"template":"","format":"standard","meta":{"_acf_changed":false,"_yoast_wpseo_focuskw":"Sommerwetter","_yoast_wpseo_metadesc":"Wirklich \"sch\u00f6n\" war das Wetter in Europa Anfang Juni nicht, trotzdem brachte das Sommerwetter 2017 den einen oder anderen neuen Rekord mit sich.","articlekey":"","footnotes":""},"categories":[580],"tags":[1098,2005,2143],"class_list":["post-10020","post","type-post","status-publish","format-standard","has-post-thumbnail","hentry","category-sustainability","tag-enerneuerbare-energie","tag-rekorde","tag-solarenergie"],"acf":[],"yoast_head":"<!-- This site is optimized with the Yoast SEO plugin v27.5 - https:\/\/yoast.com\/product\/yoast-seo-wordpress\/ -->\n<title>Erneuerbare Energien: Sommerwetter f\u00f6rderte Rekorde - Organisator<\/title>\n<meta name=\"description\" content=\"Wirklich &quot;sch\u00f6n&quot; war das Wetter in Europa Anfang Juni nicht, trotzdem brachte das Sommerwetter 2017 den einen oder anderen neuen Rekord mit sich.\" \/>\n<meta name=\"robots\" content=\"index, follow, max-snippet:-1, max-image-preview:large, max-video-preview:-1\" \/>\n<link rel=\"canonical\" href=\"https:\/\/www.organisator.ch\/fr\/sustainability\/2017-10-13\/erneuerbare-energien-sommerwetter-foerderte-rekorde\/\" \/>\n<meta property=\"og:locale\" content=\"fr_FR\" \/>\n<meta property=\"og:type\" content=\"article\" \/>\n<meta property=\"og:title\" content=\"Erneuerbare Energien: Sommerwetter f\u00f6rderte Rekorde - Organisator\" \/>\n<meta property=\"og:description\" content=\"Wirklich &quot;sch\u00f6n&quot; war das Wetter in Europa Anfang Juni nicht, trotzdem brachte das Sommerwetter 2017 den einen oder anderen neuen Rekord mit sich.\" \/>\n<meta property=\"og:url\" content=\"https:\/\/www.organisator.ch\/fr\/sustainability\/2017-10-13\/erneuerbare-energien-sommerwetter-foerderte-rekorde\/\" \/>\n<meta property=\"og:site_name\" content=\"Organisator\" \/>\n<meta property=\"article:publisher\" content=\"https:\/\/www.facebook.com\/OrganisatorFachmagazin\" \/>\n<meta property=\"article:published_time\" content=\"2017-10-13T07:00:01+00:00\" \/>\n<meta property=\"article:modified_time\" content=\"2022-02-09T10:06:19+00:00\" \/>\n<meta property=\"og:image\" content=\"https:\/\/www.organisator.ch\/wp-content\/uploads\/2017\/10\/Erneuerbare-Energien-Sommerwetter-foerderte-Rekorde-up_umweltperspektiven.jpg\" \/>\n\t<meta property=\"og:image:width\" content=\"600\" \/>\n\t<meta property=\"og:image:height\" content=\"412\" \/>\n\t<meta property=\"og:image:type\" content=\"image\/jpeg\" \/>\n<meta name=\"author\" content=\"michael.merz\" \/>\n<meta name=\"twitter:card\" content=\"summary_large_image\" \/>\n<script type=\"application\/ld+json\" class=\"yoast-schema-graph\">{\"@context\":\"https:\\\/\\\/schema.org\",\"@graph\":[{\"@type\":\"Article\",\"@id\":\"https:\\\/\\\/www.organisator.ch\\\/sustainability\\\/2017-10-13\\\/erneuerbare-energien-sommerwetter-foerderte-rekorde\\\/#article\",\"isPartOf\":{\"@id\":\"https:\\\/\\\/www.organisator.ch\\\/sustainability\\\/2017-10-13\\\/erneuerbare-energien-sommerwetter-foerderte-rekorde\\\/\"},\"author\":{\"name\":\"michael.merz\",\"@id\":\"https:\\\/\\\/www.organisator.ch\\\/#\\\/schema\\\/person\\\/134708ca9321c57b0362cceb7948ffbd\"},\"headline\":\"Erneuerbare Energien: Sommerwetter f\u00f6rderte Rekorde\",\"datePublished\":\"2017-10-13T07:00:01+00:00\",\"dateModified\":\"2022-02-09T10:06:19+00:00\",\"mainEntityOfPage\":{\"@id\":\"https:\\\/\\\/www.organisator.ch\\\/sustainability\\\/2017-10-13\\\/erneuerbare-energien-sommerwetter-foerderte-rekorde\\\/\"},\"wordCount\":451,\"commentCount\":0,\"publisher\":{\"@id\":\"https:\\\/\\\/www.organisator.ch\\\/#organization\"},\"image\":{\"@id\":\"https:\\\/\\\/www.organisator.ch\\\/sustainability\\\/2017-10-13\\\/erneuerbare-energien-sommerwetter-foerderte-rekorde\\\/#primaryimage\"},\"thumbnailUrl\":\"https:\\\/\\\/www.organisator.ch\\\/wp-content\\\/uploads\\\/2017\\\/10\\\/Erneuerbare-Energien-Sommerwetter-foerderte-Rekorde-up_umweltperspektiven.jpg\",\"keywords\":[\"Enerneuerbare Energie\",\"Rekorde\",\"Solarenergie\"],\"articleSection\":[\"SUSTAINABILITY\"],\"inLanguage\":\"fr-FR\"},{\"@type\":\"WebPage\",\"@id\":\"https:\\\/\\\/www.organisator.ch\\\/sustainability\\\/2017-10-13\\\/erneuerbare-energien-sommerwetter-foerderte-rekorde\\\/\",\"url\":\"https:\\\/\\\/www.organisator.ch\\\/sustainability\\\/2017-10-13\\\/erneuerbare-energien-sommerwetter-foerderte-rekorde\\\/\",\"name\":\"Erneuerbare Energien: Sommerwetter f\u00f6rderte Rekorde - Organisator\",\"isPartOf\":{\"@id\":\"https:\\\/\\\/www.organisator.ch\\\/#website\"},\"primaryImageOfPage\":{\"@id\":\"https:\\\/\\\/www.organisator.ch\\\/sustainability\\\/2017-10-13\\\/erneuerbare-energien-sommerwetter-foerderte-rekorde\\\/#primaryimage\"},\"image\":{\"@id\":\"https:\\\/\\\/www.organisator.ch\\\/sustainability\\\/2017-10-13\\\/erneuerbare-energien-sommerwetter-foerderte-rekorde\\\/#primaryimage\"},\"thumbnailUrl\":\"https:\\\/\\\/www.organisator.ch\\\/wp-content\\\/uploads\\\/2017\\\/10\\\/Erneuerbare-Energien-Sommerwetter-foerderte-Rekorde-up_umweltperspektiven.jpg\",\"datePublished\":\"2017-10-13T07:00:01+00:00\",\"dateModified\":\"2022-02-09T10:06:19+00:00\",\"description\":\"Wirklich \\\"sch\u00f6n\\\" war das Wetter in Europa Anfang Juni nicht, trotzdem brachte das Sommerwetter 2017 den einen oder anderen neuen Rekord mit sich.\",\"breadcrumb\":{\"@id\":\"https:\\\/\\\/www.organisator.ch\\\/sustainability\\\/2017-10-13\\\/erneuerbare-energien-sommerwetter-foerderte-rekorde\\\/#breadcrumb\"},\"inLanguage\":\"fr-FR\",\"potentialAction\":[{\"@type\":\"ReadAction\",\"target\":[\"https:\\\/\\\/www.organisator.ch\\\/sustainability\\\/2017-10-13\\\/erneuerbare-energien-sommerwetter-foerderte-rekorde\\\/\"]}]},{\"@type\":\"ImageObject\",\"inLanguage\":\"fr-FR\",\"@id\":\"https:\\\/\\\/www.organisator.ch\\\/sustainability\\\/2017-10-13\\\/erneuerbare-energien-sommerwetter-foerderte-rekorde\\\/#primaryimage\",\"url\":\"https:\\\/\\\/www.organisator.ch\\\/wp-content\\\/uploads\\\/2017\\\/10\\\/Erneuerbare-Energien-Sommerwetter-foerderte-Rekorde-up_umweltperspektiven.jpg\",\"contentUrl\":\"https:\\\/\\\/www.organisator.ch\\\/wp-content\\\/uploads\\\/2017\\\/10\\\/Erneuerbare-Energien-Sommerwetter-foerderte-Rekorde-up_umweltperspektiven.jpg\",\"width\":600,\"height\":412,\"caption\":\"Mehr und mehr des europ\u00e4ischen Energiebedarfs wird von den \\\"Erneuerbaren\\\" gedeckt \u2013 das wird auch in Schweizer Gemeinden so weitergehen. (Bild zVg)\"},{\"@type\":\"BreadcrumbList\",\"@id\":\"https:\\\/\\\/www.organisator.ch\\\/sustainability\\\/2017-10-13\\\/erneuerbare-energien-sommerwetter-foerderte-rekorde\\\/#breadcrumb\",\"itemListElement\":[{\"@type\":\"ListItem\",\"position\":1,\"name\":\"Home\",\"item\":\"https:\\\/\\\/www.organisator.ch\\\/\"},{\"@type\":\"ListItem\",\"position\":2,\"name\":\"Erneuerbare Energien: Sommerwetter f\u00f6rderte Rekorde\"}]},{\"@type\":\"WebSite\",\"@id\":\"https:\\\/\\\/www.organisator.ch\\\/#website\",\"url\":\"https:\\\/\\\/www.organisator.ch\\\/\",\"name\":\"Organisator\",\"description\":\"Kompetent. Praxisnah. Der ORGANISATOR bereitet in 10 Ausgaben pro Jahr die wesentlichen Themen f\u00fcr F\u00fchrungskr\u00e4fte von KMU auf.\",\"publisher\":{\"@id\":\"https:\\\/\\\/www.organisator.ch\\\/#organization\"},\"potentialAction\":[{\"@type\":\"SearchAction\",\"target\":{\"@type\":\"EntryPoint\",\"urlTemplate\":\"https:\\\/\\\/www.organisator.ch\\\/?s={search_term_string}\"},\"query-input\":{\"@type\":\"PropertyValueSpecification\",\"valueRequired\":true,\"valueName\":\"search_term_string\"}}],\"inLanguage\":\"fr-FR\"},{\"@type\":\"Organization\",\"@id\":\"https:\\\/\\\/www.organisator.ch\\\/#organization\",\"name\":\"Organisator\",\"url\":\"https:\\\/\\\/www.organisator.ch\\\/\",\"logo\":{\"@type\":\"ImageObject\",\"inLanguage\":\"fr-FR\",\"@id\":\"https:\\\/\\\/www.organisator.ch\\\/#\\\/schema\\\/logo\\\/image\\\/\",\"url\":\"https:\\\/\\\/www.organisator.ch\\\/wp-content\\\/uploads\\\/2022\\\/01\\\/Logo_Organisator_Website.png\",\"contentUrl\":\"https:\\\/\\\/www.organisator.ch\\\/wp-content\\\/uploads\\\/2022\\\/01\\\/Logo_Organisator_Website.png\",\"width\":800,\"height\":77,\"caption\":\"Organisator\"},\"image\":{\"@id\":\"https:\\\/\\\/www.organisator.ch\\\/#\\\/schema\\\/logo\\\/image\\\/\"},\"sameAs\":[\"https:\\\/\\\/www.facebook.com\\\/OrganisatorFachmagazin\",\"https:\\\/\\\/www.linkedin.com\\\/showcase\\\/organisator-das-magazin-fr-kmu\",\"https:\\\/\\\/www.xing.com\\\/news\\\/pages\\\/organisator-ch-695\",\"https:\\\/\\\/www.youtube.com\\\/channel\\\/UCGP2Sq0iWaZwT3BdIAQFYpw\"]},{\"@type\":\"Person\",\"@id\":\"https:\\\/\\\/www.organisator.ch\\\/#\\\/schema\\\/person\\\/134708ca9321c57b0362cceb7948ffbd\",\"name\":\"michael.merz\",\"image\":{\"@type\":\"ImageObject\",\"inLanguage\":\"fr-FR\",\"@id\":\"https:\\\/\\\/secure.gravatar.com\\\/avatar\\\/?s=96&d=mm&r=g\",\"url\":\"https:\\\/\\\/secure.gravatar.com\\\/avatar\\\/?s=96&d=mm&r=g\",\"contentUrl\":\"https:\\\/\\\/secure.gravatar.com\\\/avatar\\\/?s=96&d=mm&r=g\",\"caption\":\"michael.merz\"},\"url\":\"https:\\\/\\\/www.organisator.ch\\\/fr\\\/author\\\/michael-merz\\\/\"}]}<\/script>\n<!-- \/ Yoast SEO plugin. -->","yoast_head_json":{"title":"\u00c9nergies renouvelables : le temps estival a favoris\u00e9 les records - Organisateur","description":"Le temps en Europe n'\u00e9tait pas vraiment \"beau\" au d\u00e9but du mois de juin, mais la m\u00e9t\u00e9o estivale de 2017 a tout de m\u00eame apport\u00e9 l'un ou l'autre nouveau record.","robots":{"index":"index","follow":"follow","max-snippet":"max-snippet:-1","max-image-preview":"max-image-preview:large","max-video-preview":"max-video-preview:-1"},"canonical":"https:\/\/www.organisator.ch\/fr\/sustainability\/2017-10-13\/erneuerbare-energien-sommerwetter-foerderte-rekorde\/","og_locale":"fr_FR","og_type":"article","og_title":"Erneuerbare Energien: Sommerwetter f\u00f6rderte Rekorde - Organisator","og_description":"Wirklich \"sch\u00f6n\" war das Wetter in Europa Anfang Juni nicht, trotzdem brachte das Sommerwetter 2017 den einen oder anderen neuen Rekord mit sich.","og_url":"https:\/\/www.organisator.ch\/fr\/sustainability\/2017-10-13\/erneuerbare-energien-sommerwetter-foerderte-rekorde\/","og_site_name":"Organisator","article_publisher":"https:\/\/www.facebook.com\/OrganisatorFachmagazin","article_published_time":"2017-10-13T07:00:01+00:00","article_modified_time":"2022-02-09T10:06:19+00:00","og_image":[{"width":600,"height":412,"url":"https:\/\/www.organisator.ch\/wp-content\/uploads\/2017\/10\/Erneuerbare-Energien-Sommerwetter-foerderte-Rekorde-up_umweltperspektiven.jpg","type":"image\/jpeg"}],"author":"michael.merz","twitter_card":"summary_large_image","schema":{"@context":"https:\/\/schema.org","@graph":[{"@type":"Article","@id":"https:\/\/www.organisator.ch\/sustainability\/2017-10-13\/erneuerbare-energien-sommerwetter-foerderte-rekorde\/#article","isPartOf":{"@id":"https:\/\/www.organisator.ch\/sustainability\/2017-10-13\/erneuerbare-energien-sommerwetter-foerderte-rekorde\/"},"author":{"name":"michael.merz","@id":"https:\/\/www.organisator.ch\/#\/schema\/person\/134708ca9321c57b0362cceb7948ffbd"},"headline":"Erneuerbare Energien: Sommerwetter f\u00f6rderte Rekorde","datePublished":"2017-10-13T07:00:01+00:00","dateModified":"2022-02-09T10:06:19+00:00","mainEntityOfPage":{"@id":"https:\/\/www.organisator.ch\/sustainability\/2017-10-13\/erneuerbare-energien-sommerwetter-foerderte-rekorde\/"},"wordCount":451,"commentCount":0,"publisher":{"@id":"https:\/\/www.organisator.ch\/#organization"},"image":{"@id":"https:\/\/www.organisator.ch\/sustainability\/2017-10-13\/erneuerbare-energien-sommerwetter-foerderte-rekorde\/#primaryimage"},"thumbnailUrl":"https:\/\/www.organisator.ch\/wp-content\/uploads\/2017\/10\/Erneuerbare-Energien-Sommerwetter-foerderte-Rekorde-up_umweltperspektiven.jpg","keywords":["Enerneuerbare Energie","Rekorde","Solarenergie"],"articleSection":["SUSTAINABILITY"],"inLanguage":"fr-FR"},{"@type":"WebPage","@id":"https:\/\/www.organisator.ch\/sustainability\/2017-10-13\/erneuerbare-energien-sommerwetter-foerderte-rekorde\/","url":"https:\/\/www.organisator.ch\/sustainability\/2017-10-13\/erneuerbare-energien-sommerwetter-foerderte-rekorde\/","name":"\u00c9nergies renouvelables : le temps estival a favoris\u00e9 les records - Organisateur","isPartOf":{"@id":"https:\/\/www.organisator.ch\/#website"},"primaryImageOfPage":{"@id":"https:\/\/www.organisator.ch\/sustainability\/2017-10-13\/erneuerbare-energien-sommerwetter-foerderte-rekorde\/#primaryimage"},"image":{"@id":"https:\/\/www.organisator.ch\/sustainability\/2017-10-13\/erneuerbare-energien-sommerwetter-foerderte-rekorde\/#primaryimage"},"thumbnailUrl":"https:\/\/www.organisator.ch\/wp-content\/uploads\/2017\/10\/Erneuerbare-Energien-Sommerwetter-foerderte-Rekorde-up_umweltperspektiven.jpg","datePublished":"2017-10-13T07:00:01+00:00","dateModified":"2022-02-09T10:06:19+00:00","description":"Le temps en Europe n'\u00e9tait pas vraiment \"beau\" au d\u00e9but du mois de juin, mais la m\u00e9t\u00e9o estivale de 2017 a tout de m\u00eame apport\u00e9 l'un ou l'autre nouveau record.","breadcrumb":{"@id":"https:\/\/www.organisator.ch\/sustainability\/2017-10-13\/erneuerbare-energien-sommerwetter-foerderte-rekorde\/#breadcrumb"},"inLanguage":"fr-FR","potentialAction":[{"@type":"ReadAction","target":["https:\/\/www.organisator.ch\/sustainability\/2017-10-13\/erneuerbare-energien-sommerwetter-foerderte-rekorde\/"]}]},{"@type":"ImageObject","inLanguage":"fr-FR","@id":"https:\/\/www.organisator.ch\/sustainability\/2017-10-13\/erneuerbare-energien-sommerwetter-foerderte-rekorde\/#primaryimage","url":"https:\/\/www.organisator.ch\/wp-content\/uploads\/2017\/10\/Erneuerbare-Energien-Sommerwetter-foerderte-Rekorde-up_umweltperspektiven.jpg","contentUrl":"https:\/\/www.organisator.ch\/wp-content\/uploads\/2017\/10\/Erneuerbare-Energien-Sommerwetter-foerderte-Rekorde-up_umweltperspektiven.jpg","width":600,"height":412,"caption":"Mehr und mehr des europ\u00e4ischen Energiebedarfs wird von den \"Erneuerbaren\" gedeckt \u2013 das wird auch in Schweizer Gemeinden so weitergehen. (Bild zVg)"},{"@type":"BreadcrumbList","@id":"https:\/\/www.organisator.ch\/sustainability\/2017-10-13\/erneuerbare-energien-sommerwetter-foerderte-rekorde\/#breadcrumb","itemListElement":[{"@type":"ListItem","position":1,"name":"Home","item":"https:\/\/www.organisator.ch\/"},{"@type":"ListItem","position":2,"name":"Erneuerbare Energien: Sommerwetter f\u00f6rderte Rekorde"}]},{"@type":"WebSite","@id":"https:\/\/www.organisator.ch\/#website","url":"https:\/\/www.organisator.ch\/","name":"Organisateur","description":"Comp\u00e9tence et comp\u00e9tence. Proches de la pratique. L'ORGANISATEUR pr\u00e9pare 10 num\u00e9ros par an sur les th\u00e8mes essentiels pour les dirigeants de PME.","publisher":{"@id":"https:\/\/www.organisator.ch\/#organization"},"potentialAction":[{"@type":"SearchAction","target":{"@type":"EntryPoint","urlTemplate":"https:\/\/www.organisator.ch\/?s={search_term_string}"},"query-input":{"@type":"PropertyValueSpecification","valueRequired":true,"valueName":"search_term_string"}}],"inLanguage":"fr-FR"},{"@type":"Organization","@id":"https:\/\/www.organisator.ch\/#organization","name":"Organisateur","url":"https:\/\/www.organisator.ch\/","logo":{"@type":"ImageObject","inLanguage":"fr-FR","@id":"https:\/\/www.organisator.ch\/#\/schema\/logo\/image\/","url":"https:\/\/www.organisator.ch\/wp-content\/uploads\/2022\/01\/Logo_Organisator_Website.png","contentUrl":"https:\/\/www.organisator.ch\/wp-content\/uploads\/2022\/01\/Logo_Organisator_Website.png","width":800,"height":77,"caption":"Organisator"},"image":{"@id":"https:\/\/www.organisator.ch\/#\/schema\/logo\/image\/"},"sameAs":["https:\/\/www.facebook.com\/OrganisatorFachmagazin","https:\/\/www.linkedin.com\/showcase\/organisator-das-magazin-fr-kmu","https:\/\/www.xing.com\/news\/pages\/organisator-ch-695","https:\/\/www.youtube.com\/channel\/UCGP2Sq0iWaZwT3BdIAQFYpw"]},{"@type":"Person","@id":"https:\/\/www.organisator.ch\/#\/schema\/person\/134708ca9321c57b0362cceb7948ffbd","name":"michael.merz","image":{"@type":"ImageObject","inLanguage":"fr-FR","@id":"https:\/\/secure.gravatar.com\/avatar\/?s=96&d=mm&r=g","url":"https:\/\/secure.gravatar.com\/avatar\/?s=96&d=mm&r=g","contentUrl":"https:\/\/secure.gravatar.com\/avatar\/?s=96&d=mm&r=g","caption":"michael.merz"},"url":"https:\/\/www.organisator.ch\/fr\/author\/michael-merz\/"}]}},"_links":{"self":[{"href":"https:\/\/www.organisator.ch\/fr\/wp-json\/wp\/v2\/posts\/10020","targetHints":{"allow":["GET"]}}],"collection":[{"href":"https:\/\/www.organisator.ch\/fr\/wp-json\/wp\/v2\/posts"}],"about":[{"href":"https:\/\/www.organisator.ch\/fr\/wp-json\/wp\/v2\/types\/post"}],"author":[{"embeddable":true,"href":"https:\/\/www.organisator.ch\/fr\/wp-json\/wp\/v2\/users\/5"}],"replies":[{"embeddable":true,"href":"https:\/\/www.organisator.ch\/fr\/wp-json\/wp\/v2\/comments?post=10020"}],"version-history":[{"count":1,"href":"https:\/\/www.organisator.ch\/fr\/wp-json\/wp\/v2\/posts\/10020\/revisions"}],"predecessor-version":[{"id":10575,"href":"https:\/\/www.organisator.ch\/fr\/wp-json\/wp\/v2\/posts\/10020\/revisions\/10575"}],"wp:featuredmedia":[{"embeddable":true,"href":"https:\/\/www.organisator.ch\/fr\/wp-json\/wp\/v2\/media\/9514"}],"wp:attachment":[{"href":"https:\/\/www.organisator.ch\/fr\/wp-json\/wp\/v2\/media?parent=10020"}],"wp:term":[{"taxonomy":"category","embeddable":true,"href":"https:\/\/www.organisator.ch\/fr\/wp-json\/wp\/v2\/categories?post=10020"},{"taxonomy":"post_tag","embeddable":true,"href":"https:\/\/www.organisator.ch\/fr\/wp-json\/wp\/v2\/tags?post=10020"}],"curies":[{"name":"wp","href":"https:\/\/api.w.org\/{rel}","templated":true}]}}