{"id":10024,"date":"2017-11-24T17:07:37","date_gmt":"2017-11-24T16:07:37","guid":{"rendered":"https:\/\/www.umweltperspektiven.ch\/?p=1381"},"modified":"2022-02-09T11:06:55","modified_gmt":"2022-02-09T10:06:55","slug":"emmisionshandelssyssteme-schweiz-und-eu-fuer-abkommen","status":"publish","type":"post","link":"https:\/\/www.organisator.ch\/fr\/sustainability\/2017-11-24\/emmisionshandelssyssteme-schweiz-und-eu-fuer-abkommen\/","title":{"rendered":"Syst\u00e8mes d'\u00e9change de quotas d'\u00e9mission : la Suisse et l'UE en faveur d'un accord"},"content":{"rendered":"<figure id=\"attachment_1382\" aria-describedby=\"caption-attachment-1382\" style=\"width: 640px\" class=\"wp-caption alignnone\"><img loading=\"lazy\" decoding=\"async\" class=\"size-full wp-image-1382\" src=\"\/\/www.umweltperspektiven.ch\/wp-content\/uploads\/2017\/11\/Emmisionshandelssyssteme-Schweiz-und-EU-f\u00fcr-Abkommen-up-umweltperspektiven.jpg.png\" alt=\"\" width=\"640\" height=\"426\" \/><figcaption id=\"caption-attachment-1382\" class=\"wp-caption-text\">Le commerce des \u00e9missions de CO2 et une r\u00e9gulation de l'\u00e9lectricit\u00e9 \u00e0 l'\u00e9chelle europ\u00e9enne sont-ils compatibles avec une population toujours plus mobile et croissante ? (Image : Unsplash)<\/figcaption><\/figure>\n<p>La Suisse est le premier pays tiers \u00e0 approuver les syst\u00e8mes d'\u00e9change de quotas d'\u00e9mission de l'UE, a d\u00e9clar\u00e9 la pr\u00e9sidente de la Conf\u00e9d\u00e9ration et ministre de l'\u00e9nergie Doris Leuthard (PDC) \u00e0 Berne. C'est un progr\u00e8s important pour la politique climatique internationale. C'est \u00e9galement l'avis de Bruxelles. Pour l'UE, il s'agit de la premi\u00e8re conclusion de ce type entre deux parties qui soutiennent l'accord de Paris sur le climat, a fait savoir la Commission europ\u00e9enne. Pour l'UE, l'objectif \u00e0 long terme est de relier les syst\u00e8mes d'\u00e9change de quotas d'\u00e9mission afin de r\u00e9duire les \u00e9missions et de diminuer les co\u00fbts de la lutte contre le changement climatique.<\/p>\n<p><strong>La Suisse et l'UE veulent \u00eatre des mod\u00e8les<\/strong><\/p>\n<p>La Suisse et l'UE ont entam\u00e9 les discussions sur l'interconnexion des syst\u00e8mes d'\u00e9change en 2010 et se sont mises d'accord sur les crit\u00e8res l'ann\u00e9e derni\u00e8re. Le lien entre les syst\u00e8mes est d\u00e9sormais en cours de pr\u00e9paration. La conclusion d'un accord \u00e9tait initialement pr\u00e9vue pour janvier 2016, mais l'acceptation de l'initiative sur l'immigration de masse avait retard\u00e9 cette \u00e9ch\u00e9ance.<\/p>\n<p>\"Il s'agit d'une \u00e9tape tr\u00e8s importante dans l'intensification de la coop\u00e9ration entre l'UE et la Suisse en mati\u00e8re de politique climatique\", a d\u00e9clar\u00e9 le commissaire europ\u00e9en \u00e0 l'\u00e9nergie et au climat, Arias Canete, cit\u00e9 dans le communiqu\u00e9. L'UE continue de montrer son r\u00f4le de leader \u00e0 un moment o\u00f9 des d\u00e9veloppements importants sont en cours dans d'autres parties du monde en mati\u00e8re de tarification du carbone.<\/p>\n<p><strong>L'Alliance pour le climat ne croit pas \u00e0 l'accord<\/strong><\/p>\n<p>L'accord sur le commerce des \u00e9missions a \u00e9t\u00e9 critiqu\u00e9 par l'Alliance pour le climat. \"Le syst\u00e8me europ\u00e9en d'\u00e9change de quotas d'\u00e9mission ne permet pas de r\u00e9duire les \u00e9missions de CO2\", a d\u00e9clar\u00e9 Christian L\u00fcthi, directeur de l'Alliance pour le climat. En effet, le prix des droits d'\u00e9mission, inf\u00e9rieur \u00e0 dix euros par tonne de CO2, est trop bas et il est peu probable que cela change d'ici 2030. Patrick Hofstetter, responsable climat et \u00e9nergie au WWF, a critiqu\u00e9 :<\/p>\n<p>\"Si aucun signal de prix du CO2 ne parvient aux entreprises concern\u00e9es, celles-ci risquent d'effectuer des investissements qui s'av\u00e9reront non rentables d\u00e8s que des instruments efficaces devront \u00eatre mis en place\". Greenpeace Suisse a \u00e9t\u00e9 encore plus critique : \"Le syst\u00e8me europ\u00e9en d'\u00e9change de quotas d'\u00e9mission est devenu un terrain de jeu inefficace pour les n\u00e9gociants et les lobbyistes industriels\", a d\u00e9clar\u00e9 Georg Klingler, expert climatique de Greenpeace. Avec le linking actuellement pr\u00e9vu, la Suisse cr\u00e9e une bureaucratie inefficace et perd de son influence.<\/p>\n<p><strong>L'accord sur l'\u00e9lectricit\u00e9 se fait toujours attendre<\/strong><\/p>\n<p>Juncker et Leuthard ont r\u00e9sum\u00e9 \u00e0 Berne que des progr\u00e8s avaient \u00e9t\u00e9 r\u00e9alis\u00e9s sur les dossiers. Le DFAE a ainsi fait savoir que les questions institutionnelles faisaient partie des dossiers ayant progress\u00e9. Un accord-cadre se fait toutefois encore attendre, car il reste encore des points \u00e0 \u00e9claircir. Dans ce contexte, il n'y a eu aucune nouvelle concernant l'accord sur l'\u00e9lectricit\u00e9.<\/p>\n<p>L'accord-cadre, que Junker voulait appeler \"plut\u00f4t un trait\u00e9 d'amiti\u00e9\", devrait \u00eatre pr\u00eat d'ici le printemps. Les choses bougeraient et iraient dans la bonne direction. Juncker accueille \"avec sympathie\" la r\u00e9glementation pr\u00e9vue par la Suisse sur la libre circulation des personnes. Le DFAE constate ainsi qu'une dynamique positive s'est enclench\u00e9e cette ann\u00e9e, qui a conduit \u00e0 la reprise de diff\u00e9rents dossiers en suspens.  (Source : DETEC)<\/p>","protected":false},"excerpt":{"rendered":"<p>Die Schweiz ist der erste Drittstaat, der Emissionshandelssysteme der EU bef\u00fcrwortet, erkl\u00e4rte Bundespr\u00e4sidentin und Energieministerin Doris Leuthard (CVP) in Bern. Dies sei f\u00fcr die internationale Klimapolitik ein wichtiger Fortschritt. Dies sieht auch Br\u00fcssel so. F\u00fcr die EU sei es der erste Abschluss dieser Art und zwischen zwei Parteien, die hinter dem Pariser Klimaabkommen st\u00fcnden, teilte [&hellip;]<\/p>\n","protected":false},"author":5,"featured_media":9524,"comment_status":"open","ping_status":"open","sticky":false,"template":"","format":"standard","meta":{"_acf_changed":false,"_yoast_wpseo_focuskw":"Emmisionshandelssyssteme","_yoast_wpseo_metadesc":"Die Schweiz und die EU haben am 23. November 2017 ein Abkommen zur Verkn\u00fcpfung der CO2 Emissionshandelssysteme ver\u00f6ffentlicht.","articlekey":"","footnotes":""},"categories":[580],"tags":[928,1051,1134,2216],"class_list":["post-10024","post","type-post","status-publish","format-standard","has-post-thumbnail","hentry","category-sustainability","tag-co2","tag-emmisionshandel","tag-eu-abkommen","tag-strom"],"acf":[],"yoast_head":"<!-- This site is optimized with the Yoast SEO plugin v27.5 - https:\/\/yoast.com\/product\/yoast-seo-wordpress\/ -->\n<title>Emmisionshandelssyssteme: Schweiz und EU f\u00fcr Abkommen - Organisator<\/title>\n<meta name=\"description\" content=\"Die Schweiz und die EU haben am 23. November 2017 ein Abkommen zur Verkn\u00fcpfung der CO2 Emissionshandelssysteme ver\u00f6ffentlicht.\" \/>\n<meta name=\"robots\" content=\"index, follow, max-snippet:-1, max-image-preview:large, max-video-preview:-1\" \/>\n<link rel=\"canonical\" href=\"https:\/\/www.organisator.ch\/fr\/sustainability\/2017-11-24\/emmisionshandelssyssteme-schweiz-und-eu-fuer-abkommen\/\" \/>\n<meta property=\"og:locale\" content=\"fr_FR\" \/>\n<meta property=\"og:type\" content=\"article\" \/>\n<meta property=\"og:title\" content=\"Emmisionshandelssyssteme: Schweiz und EU f\u00fcr Abkommen - Organisator\" \/>\n<meta property=\"og:description\" content=\"Die Schweiz und die EU haben am 23. November 2017 ein Abkommen zur Verkn\u00fcpfung der CO2 Emissionshandelssysteme ver\u00f6ffentlicht.\" \/>\n<meta property=\"og:url\" content=\"https:\/\/www.organisator.ch\/fr\/sustainability\/2017-11-24\/emmisionshandelssyssteme-schweiz-und-eu-fuer-abkommen\/\" \/>\n<meta property=\"og:site_name\" content=\"Organisator\" \/>\n<meta property=\"article:publisher\" content=\"https:\/\/www.facebook.com\/OrganisatorFachmagazin\" \/>\n<meta property=\"article:published_time\" content=\"2017-11-24T16:07:37+00:00\" \/>\n<meta property=\"article:modified_time\" content=\"2022-02-09T10:06:55+00:00\" \/>\n<meta property=\"og:image\" content=\"https:\/\/www.organisator.ch\/wp-content\/uploads\/2017\/11\/Emmisionshandelssyssteme-Schweiz-und-EU-fuer-Abkommen-up-umweltperspektiven.jpg.png\" \/>\n\t<meta property=\"og:image:width\" content=\"640\" \/>\n\t<meta property=\"og:image:height\" content=\"426\" \/>\n\t<meta property=\"og:image:type\" content=\"image\/png\" \/>\n<meta name=\"author\" content=\"michael.merz\" \/>\n<meta name=\"twitter:card\" content=\"summary_large_image\" \/>\n<script type=\"application\/ld+json\" class=\"yoast-schema-graph\">{\"@context\":\"https:\\\/\\\/schema.org\",\"@graph\":[{\"@type\":\"Article\",\"@id\":\"https:\\\/\\\/www.organisator.ch\\\/sustainability\\\/2017-11-24\\\/emmisionshandelssyssteme-schweiz-und-eu-fuer-abkommen\\\/#article\",\"isPartOf\":{\"@id\":\"https:\\\/\\\/www.organisator.ch\\\/sustainability\\\/2017-11-24\\\/emmisionshandelssyssteme-schweiz-und-eu-fuer-abkommen\\\/\"},\"author\":{\"name\":\"michael.merz\",\"@id\":\"https:\\\/\\\/www.organisator.ch\\\/#\\\/schema\\\/person\\\/134708ca9321c57b0362cceb7948ffbd\"},\"headline\":\"Emmisionshandelssyssteme: Schweiz und EU f\u00fcr Abkommen\",\"datePublished\":\"2017-11-24T16:07:37+00:00\",\"dateModified\":\"2022-02-09T10:06:55+00:00\",\"mainEntityOfPage\":{\"@id\":\"https:\\\/\\\/www.organisator.ch\\\/sustainability\\\/2017-11-24\\\/emmisionshandelssyssteme-schweiz-und-eu-fuer-abkommen\\\/\"},\"wordCount\":503,\"commentCount\":0,\"publisher\":{\"@id\":\"https:\\\/\\\/www.organisator.ch\\\/#organization\"},\"image\":{\"@id\":\"https:\\\/\\\/www.organisator.ch\\\/sustainability\\\/2017-11-24\\\/emmisionshandelssyssteme-schweiz-und-eu-fuer-abkommen\\\/#primaryimage\"},\"thumbnailUrl\":\"https:\\\/\\\/www.organisator.ch\\\/wp-content\\\/uploads\\\/2017\\\/11\\\/Emmisionshandelssyssteme-Schweiz-und-EU-fuer-Abkommen-up-umweltperspektiven.jpg.png\",\"keywords\":[\"CO2\",\"Emmisionshandel\",\"EU-Abkommen\",\"Strom\"],\"articleSection\":[\"SUSTAINABILITY\"],\"inLanguage\":\"fr-FR\"},{\"@type\":\"WebPage\",\"@id\":\"https:\\\/\\\/www.organisator.ch\\\/sustainability\\\/2017-11-24\\\/emmisionshandelssyssteme-schweiz-und-eu-fuer-abkommen\\\/\",\"url\":\"https:\\\/\\\/www.organisator.ch\\\/sustainability\\\/2017-11-24\\\/emmisionshandelssyssteme-schweiz-und-eu-fuer-abkommen\\\/\",\"name\":\"Emmisionshandelssyssteme: Schweiz und EU f\u00fcr Abkommen - Organisator\",\"isPartOf\":{\"@id\":\"https:\\\/\\\/www.organisator.ch\\\/#website\"},\"primaryImageOfPage\":{\"@id\":\"https:\\\/\\\/www.organisator.ch\\\/sustainability\\\/2017-11-24\\\/emmisionshandelssyssteme-schweiz-und-eu-fuer-abkommen\\\/#primaryimage\"},\"image\":{\"@id\":\"https:\\\/\\\/www.organisator.ch\\\/sustainability\\\/2017-11-24\\\/emmisionshandelssyssteme-schweiz-und-eu-fuer-abkommen\\\/#primaryimage\"},\"thumbnailUrl\":\"https:\\\/\\\/www.organisator.ch\\\/wp-content\\\/uploads\\\/2017\\\/11\\\/Emmisionshandelssyssteme-Schweiz-und-EU-fuer-Abkommen-up-umweltperspektiven.jpg.png\",\"datePublished\":\"2017-11-24T16:07:37+00:00\",\"dateModified\":\"2022-02-09T10:06:55+00:00\",\"description\":\"Die Schweiz und die EU haben am 23. November 2017 ein Abkommen zur Verkn\u00fcpfung der CO2 Emissionshandelssysteme ver\u00f6ffentlicht.\",\"breadcrumb\":{\"@id\":\"https:\\\/\\\/www.organisator.ch\\\/sustainability\\\/2017-11-24\\\/emmisionshandelssyssteme-schweiz-und-eu-fuer-abkommen\\\/#breadcrumb\"},\"inLanguage\":\"fr-FR\",\"potentialAction\":[{\"@type\":\"ReadAction\",\"target\":[\"https:\\\/\\\/www.organisator.ch\\\/sustainability\\\/2017-11-24\\\/emmisionshandelssyssteme-schweiz-und-eu-fuer-abkommen\\\/\"]}]},{\"@type\":\"ImageObject\",\"inLanguage\":\"fr-FR\",\"@id\":\"https:\\\/\\\/www.organisator.ch\\\/sustainability\\\/2017-11-24\\\/emmisionshandelssyssteme-schweiz-und-eu-fuer-abkommen\\\/#primaryimage\",\"url\":\"https:\\\/\\\/www.organisator.ch\\\/wp-content\\\/uploads\\\/2017\\\/11\\\/Emmisionshandelssyssteme-Schweiz-und-EU-fuer-Abkommen-up-umweltperspektiven.jpg.png\",\"contentUrl\":\"https:\\\/\\\/www.organisator.ch\\\/wp-content\\\/uploads\\\/2017\\\/11\\\/Emmisionshandelssyssteme-Schweiz-und-EU-fuer-Abkommen-up-umweltperspektiven.jpg.png\",\"width\":640,\"height\":426,\"caption\":\"Vertr\u00e4gt sich der CO2-Emmisisionshandel und eine Stromregulierung \u00fcberhaupt in einer wachsenden Bev\u00f6lkerung? (Bild: Unsplah)\"},{\"@type\":\"BreadcrumbList\",\"@id\":\"https:\\\/\\\/www.organisator.ch\\\/sustainability\\\/2017-11-24\\\/emmisionshandelssyssteme-schweiz-und-eu-fuer-abkommen\\\/#breadcrumb\",\"itemListElement\":[{\"@type\":\"ListItem\",\"position\":1,\"name\":\"Home\",\"item\":\"https:\\\/\\\/www.organisator.ch\\\/\"},{\"@type\":\"ListItem\",\"position\":2,\"name\":\"Emmisionshandelssyssteme: Schweiz und EU f\u00fcr Abkommen\"}]},{\"@type\":\"WebSite\",\"@id\":\"https:\\\/\\\/www.organisator.ch\\\/#website\",\"url\":\"https:\\\/\\\/www.organisator.ch\\\/\",\"name\":\"Organisator\",\"description\":\"Kompetent. Praxisnah. Der ORGANISATOR bereitet in 10 Ausgaben pro Jahr die wesentlichen Themen f\u00fcr F\u00fchrungskr\u00e4fte von KMU auf.\",\"publisher\":{\"@id\":\"https:\\\/\\\/www.organisator.ch\\\/#organization\"},\"potentialAction\":[{\"@type\":\"SearchAction\",\"target\":{\"@type\":\"EntryPoint\",\"urlTemplate\":\"https:\\\/\\\/www.organisator.ch\\\/?s={search_term_string}\"},\"query-input\":{\"@type\":\"PropertyValueSpecification\",\"valueRequired\":true,\"valueName\":\"search_term_string\"}}],\"inLanguage\":\"fr-FR\"},{\"@type\":\"Organization\",\"@id\":\"https:\\\/\\\/www.organisator.ch\\\/#organization\",\"name\":\"Organisator\",\"url\":\"https:\\\/\\\/www.organisator.ch\\\/\",\"logo\":{\"@type\":\"ImageObject\",\"inLanguage\":\"fr-FR\",\"@id\":\"https:\\\/\\\/www.organisator.ch\\\/#\\\/schema\\\/logo\\\/image\\\/\",\"url\":\"https:\\\/\\\/www.organisator.ch\\\/wp-content\\\/uploads\\\/2022\\\/01\\\/Logo_Organisator_Website.png\",\"contentUrl\":\"https:\\\/\\\/www.organisator.ch\\\/wp-content\\\/uploads\\\/2022\\\/01\\\/Logo_Organisator_Website.png\",\"width\":800,\"height\":77,\"caption\":\"Organisator\"},\"image\":{\"@id\":\"https:\\\/\\\/www.organisator.ch\\\/#\\\/schema\\\/logo\\\/image\\\/\"},\"sameAs\":[\"https:\\\/\\\/www.facebook.com\\\/OrganisatorFachmagazin\",\"https:\\\/\\\/www.linkedin.com\\\/showcase\\\/organisator-das-magazin-fr-kmu\",\"https:\\\/\\\/www.xing.com\\\/news\\\/pages\\\/organisator-ch-695\",\"https:\\\/\\\/www.youtube.com\\\/channel\\\/UCGP2Sq0iWaZwT3BdIAQFYpw\"]},{\"@type\":\"Person\",\"@id\":\"https:\\\/\\\/www.organisator.ch\\\/#\\\/schema\\\/person\\\/134708ca9321c57b0362cceb7948ffbd\",\"name\":\"michael.merz\",\"image\":{\"@type\":\"ImageObject\",\"inLanguage\":\"fr-FR\",\"@id\":\"https:\\\/\\\/secure.gravatar.com\\\/avatar\\\/?s=96&d=mm&r=g\",\"url\":\"https:\\\/\\\/secure.gravatar.com\\\/avatar\\\/?s=96&d=mm&r=g\",\"contentUrl\":\"https:\\\/\\\/secure.gravatar.com\\\/avatar\\\/?s=96&d=mm&r=g\",\"caption\":\"michael.merz\"},\"url\":\"https:\\\/\\\/www.organisator.ch\\\/fr\\\/author\\\/michael-merz\\\/\"}]}<\/script>\n<!-- \/ Yoast SEO plugin. -->","yoast_head_json":{"title":"Syst\u00e8mes d'\u00e9change de quotas d'\u00e9mission : la Suisse et l'UE en faveur d'un accord - Organisateur","description":"La Suisse et l'UE ont publi\u00e9 le 23 novembre 2017 un accord visant \u00e0 lier les syst\u00e8mes d'\u00e9change de quotas d'\u00e9mission de CO2.","robots":{"index":"index","follow":"follow","max-snippet":"max-snippet:-1","max-image-preview":"max-image-preview:large","max-video-preview":"max-video-preview:-1"},"canonical":"https:\/\/www.organisator.ch\/fr\/sustainability\/2017-11-24\/emmisionshandelssyssteme-schweiz-und-eu-fuer-abkommen\/","og_locale":"fr_FR","og_type":"article","og_title":"Emmisionshandelssyssteme: Schweiz und EU f\u00fcr Abkommen - Organisator","og_description":"Die Schweiz und die EU haben am 23. November 2017 ein Abkommen zur Verkn\u00fcpfung der CO2 Emissionshandelssysteme ver\u00f6ffentlicht.","og_url":"https:\/\/www.organisator.ch\/fr\/sustainability\/2017-11-24\/emmisionshandelssyssteme-schweiz-und-eu-fuer-abkommen\/","og_site_name":"Organisator","article_publisher":"https:\/\/www.facebook.com\/OrganisatorFachmagazin","article_published_time":"2017-11-24T16:07:37+00:00","article_modified_time":"2022-02-09T10:06:55+00:00","og_image":[{"width":640,"height":426,"url":"https:\/\/www.organisator.ch\/wp-content\/uploads\/2017\/11\/Emmisionshandelssyssteme-Schweiz-und-EU-fuer-Abkommen-up-umweltperspektiven.jpg.png","type":"image\/png"}],"author":"michael.merz","twitter_card":"summary_large_image","schema":{"@context":"https:\/\/schema.org","@graph":[{"@type":"Article","@id":"https:\/\/www.organisator.ch\/sustainability\/2017-11-24\/emmisionshandelssyssteme-schweiz-und-eu-fuer-abkommen\/#article","isPartOf":{"@id":"https:\/\/www.organisator.ch\/sustainability\/2017-11-24\/emmisionshandelssyssteme-schweiz-und-eu-fuer-abkommen\/"},"author":{"name":"michael.merz","@id":"https:\/\/www.organisator.ch\/#\/schema\/person\/134708ca9321c57b0362cceb7948ffbd"},"headline":"Emmisionshandelssyssteme: Schweiz und EU f\u00fcr Abkommen","datePublished":"2017-11-24T16:07:37+00:00","dateModified":"2022-02-09T10:06:55+00:00","mainEntityOfPage":{"@id":"https:\/\/www.organisator.ch\/sustainability\/2017-11-24\/emmisionshandelssyssteme-schweiz-und-eu-fuer-abkommen\/"},"wordCount":503,"commentCount":0,"publisher":{"@id":"https:\/\/www.organisator.ch\/#organization"},"image":{"@id":"https:\/\/www.organisator.ch\/sustainability\/2017-11-24\/emmisionshandelssyssteme-schweiz-und-eu-fuer-abkommen\/#primaryimage"},"thumbnailUrl":"https:\/\/www.organisator.ch\/wp-content\/uploads\/2017\/11\/Emmisionshandelssyssteme-Schweiz-und-EU-fuer-Abkommen-up-umweltperspektiven.jpg.png","keywords":["CO2","Emmisionshandel","EU-Abkommen","Strom"],"articleSection":["SUSTAINABILITY"],"inLanguage":"fr-FR"},{"@type":"WebPage","@id":"https:\/\/www.organisator.ch\/sustainability\/2017-11-24\/emmisionshandelssyssteme-schweiz-und-eu-fuer-abkommen\/","url":"https:\/\/www.organisator.ch\/sustainability\/2017-11-24\/emmisionshandelssyssteme-schweiz-und-eu-fuer-abkommen\/","name":"Syst\u00e8mes d'\u00e9change de quotas d'\u00e9mission : la Suisse et l'UE en faveur d'un accord - Organisateur","isPartOf":{"@id":"https:\/\/www.organisator.ch\/#website"},"primaryImageOfPage":{"@id":"https:\/\/www.organisator.ch\/sustainability\/2017-11-24\/emmisionshandelssyssteme-schweiz-und-eu-fuer-abkommen\/#primaryimage"},"image":{"@id":"https:\/\/www.organisator.ch\/sustainability\/2017-11-24\/emmisionshandelssyssteme-schweiz-und-eu-fuer-abkommen\/#primaryimage"},"thumbnailUrl":"https:\/\/www.organisator.ch\/wp-content\/uploads\/2017\/11\/Emmisionshandelssyssteme-Schweiz-und-EU-fuer-Abkommen-up-umweltperspektiven.jpg.png","datePublished":"2017-11-24T16:07:37+00:00","dateModified":"2022-02-09T10:06:55+00:00","description":"La Suisse et l'UE ont publi\u00e9 le 23 novembre 2017 un accord visant \u00e0 lier les syst\u00e8mes d'\u00e9change de quotas d'\u00e9mission de CO2.","breadcrumb":{"@id":"https:\/\/www.organisator.ch\/sustainability\/2017-11-24\/emmisionshandelssyssteme-schweiz-und-eu-fuer-abkommen\/#breadcrumb"},"inLanguage":"fr-FR","potentialAction":[{"@type":"ReadAction","target":["https:\/\/www.organisator.ch\/sustainability\/2017-11-24\/emmisionshandelssyssteme-schweiz-und-eu-fuer-abkommen\/"]}]},{"@type":"ImageObject","inLanguage":"fr-FR","@id":"https:\/\/www.organisator.ch\/sustainability\/2017-11-24\/emmisionshandelssyssteme-schweiz-und-eu-fuer-abkommen\/#primaryimage","url":"https:\/\/www.organisator.ch\/wp-content\/uploads\/2017\/11\/Emmisionshandelssyssteme-Schweiz-und-EU-fuer-Abkommen-up-umweltperspektiven.jpg.png","contentUrl":"https:\/\/www.organisator.ch\/wp-content\/uploads\/2017\/11\/Emmisionshandelssyssteme-Schweiz-und-EU-fuer-Abkommen-up-umweltperspektiven.jpg.png","width":640,"height":426,"caption":"Vertr\u00e4gt sich der CO2-Emmisisionshandel und eine Stromregulierung \u00fcberhaupt in einer wachsenden Bev\u00f6lkerung? (Bild: Unsplah)"},{"@type":"BreadcrumbList","@id":"https:\/\/www.organisator.ch\/sustainability\/2017-11-24\/emmisionshandelssyssteme-schweiz-und-eu-fuer-abkommen\/#breadcrumb","itemListElement":[{"@type":"ListItem","position":1,"name":"Home","item":"https:\/\/www.organisator.ch\/"},{"@type":"ListItem","position":2,"name":"Emmisionshandelssyssteme: Schweiz und EU f\u00fcr Abkommen"}]},{"@type":"WebSite","@id":"https:\/\/www.organisator.ch\/#website","url":"https:\/\/www.organisator.ch\/","name":"Organisateur","description":"Comp\u00e9tence et comp\u00e9tence. Proches de la pratique. L'ORGANISATEUR pr\u00e9pare 10 num\u00e9ros par an sur les th\u00e8mes essentiels pour les dirigeants de PME.","publisher":{"@id":"https:\/\/www.organisator.ch\/#organization"},"potentialAction":[{"@type":"SearchAction","target":{"@type":"EntryPoint","urlTemplate":"https:\/\/www.organisator.ch\/?s={search_term_string}"},"query-input":{"@type":"PropertyValueSpecification","valueRequired":true,"valueName":"search_term_string"}}],"inLanguage":"fr-FR"},{"@type":"Organization","@id":"https:\/\/www.organisator.ch\/#organization","name":"Organisateur","url":"https:\/\/www.organisator.ch\/","logo":{"@type":"ImageObject","inLanguage":"fr-FR","@id":"https:\/\/www.organisator.ch\/#\/schema\/logo\/image\/","url":"https:\/\/www.organisator.ch\/wp-content\/uploads\/2022\/01\/Logo_Organisator_Website.png","contentUrl":"https:\/\/www.organisator.ch\/wp-content\/uploads\/2022\/01\/Logo_Organisator_Website.png","width":800,"height":77,"caption":"Organisator"},"image":{"@id":"https:\/\/www.organisator.ch\/#\/schema\/logo\/image\/"},"sameAs":["https:\/\/www.facebook.com\/OrganisatorFachmagazin","https:\/\/www.linkedin.com\/showcase\/organisator-das-magazin-fr-kmu","https:\/\/www.xing.com\/news\/pages\/organisator-ch-695","https:\/\/www.youtube.com\/channel\/UCGP2Sq0iWaZwT3BdIAQFYpw"]},{"@type":"Person","@id":"https:\/\/www.organisator.ch\/#\/schema\/person\/134708ca9321c57b0362cceb7948ffbd","name":"michael.merz","image":{"@type":"ImageObject","inLanguage":"fr-FR","@id":"https:\/\/secure.gravatar.com\/avatar\/?s=96&d=mm&r=g","url":"https:\/\/secure.gravatar.com\/avatar\/?s=96&d=mm&r=g","contentUrl":"https:\/\/secure.gravatar.com\/avatar\/?s=96&d=mm&r=g","caption":"michael.merz"},"url":"https:\/\/www.organisator.ch\/fr\/author\/michael-merz\/"}]}},"_links":{"self":[{"href":"https:\/\/www.organisator.ch\/fr\/wp-json\/wp\/v2\/posts\/10024","targetHints":{"allow":["GET"]}}],"collection":[{"href":"https:\/\/www.organisator.ch\/fr\/wp-json\/wp\/v2\/posts"}],"about":[{"href":"https:\/\/www.organisator.ch\/fr\/wp-json\/wp\/v2\/types\/post"}],"author":[{"embeddable":true,"href":"https:\/\/www.organisator.ch\/fr\/wp-json\/wp\/v2\/users\/5"}],"replies":[{"embeddable":true,"href":"https:\/\/www.organisator.ch\/fr\/wp-json\/wp\/v2\/comments?post=10024"}],"version-history":[{"count":1,"href":"https:\/\/www.organisator.ch\/fr\/wp-json\/wp\/v2\/posts\/10024\/revisions"}],"predecessor-version":[{"id":10720,"href":"https:\/\/www.organisator.ch\/fr\/wp-json\/wp\/v2\/posts\/10024\/revisions\/10720"}],"wp:featuredmedia":[{"embeddable":true,"href":"https:\/\/www.organisator.ch\/fr\/wp-json\/wp\/v2\/media\/9524"}],"wp:attachment":[{"href":"https:\/\/www.organisator.ch\/fr\/wp-json\/wp\/v2\/media?parent=10024"}],"wp:term":[{"taxonomy":"category","embeddable":true,"href":"https:\/\/www.organisator.ch\/fr\/wp-json\/wp\/v2\/categories?post=10024"},{"taxonomy":"post_tag","embeddable":true,"href":"https:\/\/www.organisator.ch\/fr\/wp-json\/wp\/v2\/tags?post=10024"}],"curies":[{"name":"wp","href":"https:\/\/api.w.org\/{rel}","templated":true}]}}