{"id":10028,"date":"2017-12-11T07:00:38","date_gmt":"2017-12-11T06:00:38","guid":{"rendered":"https:\/\/www.umweltperspektiven.ch\/?p=1401"},"modified":"2017-12-11T07:00:38","modified_gmt":"2017-12-11T06:00:38","slug":"1401-2","status":"publish","type":"post","link":"https:\/\/www.organisator.ch\/fr\/allgemein\/2017-12-11\/1401-2\/","title":{"rendered":"Indice des villes intelligentes : Zurich et Gen\u00e8ve en t\u00eate du classement mondial"},"content":{"rendered":"<figure id=\"attachment_1403\" aria-describedby=\"caption-attachment-1403\" style=\"width: 680px\" class=\"wp-caption alignnone\"><img loading=\"lazy\" decoding=\"async\" class=\"wp-image-1403 size-medium\" src=\"\/\/www.umweltperspektiven.ch\/wp-content\/uploads\/2017\/12\/Smart-City-Studie-Z\u00fcrich-und-Genf-sind-Weltspitze-up-umweltperspektiven.jpg\" alt=\"\" width=\"680\" height=\"454\" \/><figcaption id=\"caption-attachment-1403\" class=\"wp-caption-text\">En ce qui concerne le trafic, l'utilisation du wifi ou la 5G, les villes de Zurich et de Gen\u00e8ve sont en queue de peloton. (Image : zVg)<\/figcaption><\/figure>\n<p>L'indice des villes intelligentes a \u00e9t\u00e9 \u00e9tabli par l'entreprise su\u00e9doise EasyPark, qui gagne principalement de l'argent dans le secteur des parkings intelligents. Ils ont \u00e9tabli une short-list de 100 villes en \u00e9valuant les \"outputs\" de quelque 20'000 journalistes.<\/p>\n<p>Les villes du monde doivent devenir plus vivables, c'est-\u00e0-dire plus intelligentes. C'est du moins ce que promettent tous ceux qui veulent concevoir des smart cities. Zurich et Gen\u00e8ve comptent d\u00e9j\u00e0 parmi les villes les plus agr\u00e9ables \u00e0 vivre du monde, comme le soulignent r\u00e9guli\u00e8rement les classements de villes. Comment s'en sortent-elles dans l'actuel \"indice des villes intelligentes 2017\" ? Dans le classement global, Zurich est en quatri\u00e8me position et Gen\u00e8ve en neuvi\u00e8me. Mais si l'on consid\u00e8re l'ensemble, elles pr\u00e9sentent aussi des faiblesses. La situation est vraiment mauvaise en mati\u00e8re de d\u00e9mocratie directe et de participation des citoyens \u00e0 des projets collectifs :<\/p>\n<p>Gen\u00e8ve n'occupe que la 88e place, juste devant Moscou, mais loin derri\u00e8re Medellin, la capitale mondiale de la coca\u00efne. Il en va de m\u00eame pour Zurich (86e). Elles sont \u00e9galement loin derri\u00e8re dans le contexte des transports (Gen\u00e8ve 44e, Zurich 56e). Dans le domaine de la 4G LTE, Gen\u00e8ve est au moins 19e, mais Zurich seulement 63e. En ce qui concerne la vitesse d'Internet, Gen\u00e8ve est \u00e9galement 14e, loin devant Zurich (66e). Dans deux autres aspects de la num\u00e9risation, on trouve Zurich et Gen\u00e8ve dans la derni\u00e8re partie du classement.<\/p>\n<p>Selon les auteurs du Smart-City Index, les villes de Zurich et de Gen\u00e8ve se situent en queue de peloton en ce qui concerne le trafic, l'utilisation de la Wifi ou la 5G. D'un point de vue smartness, ce dernier point est toutefois relatif. Il n'est pas n\u00e9cessaire d'analyser tous les domaines de la vie.<\/p>\n<p><a href=\"\/\/www.easyparkgroup.com\">www.easyparkgroup.com<\/a><\/p>\n<p>&nbsp;<\/p>\n<p>&nbsp;<\/p>","protected":false},"excerpt":{"rendered":"<p>Der Smart-City-Index wurde von der schwedischen Firma EasyPark erstellt, welche prim\u00e4r im Smart-Parking-Business Geld verdient. Sie haben eine Short-List von 100 St\u00e4dten aufgestellt, dabei haben sie angeblich &#8222;Outputs&#8220; von rund 20&#8217;000 Journalisten ausgewertet. Lebenswerter, sprich smarter sollen sie werden, die Weltst\u00e4dte. Das versprechen mindestens all jene, welche die Smart Cities konzipieren wollen. Z\u00fcrich und Genf [&hellip;]<\/p>\n","protected":false},"author":5,"featured_media":9526,"comment_status":"open","ping_status":"open","sticky":false,"template":"","format":"standard","meta":{"_acf_changed":false,"_yoast_wpseo_focuskw":"Smart-City-Index","_yoast_wpseo_metadesc":"Der Smart-City-Index wurde von der schwedischen Firma EasyPark erstellt. Er pr\u00e4miert benutzerfreundliche, lebenswerte St\u00e4dte rund um die vernetzte Erdkugel.","articlekey":"","footnotes":""},"categories":[1],"tags":[1769,2129],"class_list":["post-10028","post","type-post","status-publish","format-standard","has-post-thumbnail","hentry","category-allgemein","tag-nachhaltige-mobilitaet","tag-smart-city-index"],"acf":[],"yoast_head":"<!-- This site is optimized with the Yoast SEO plugin v27.5 - https:\/\/yoast.com\/product\/yoast-seo-wordpress\/ -->\n<title>Smart-City-Index: Z\u00fcrich und Genf sind Weltspitze - Organisator<\/title>\n<meta name=\"description\" content=\"Der Smart-City-Index wurde von der schwedischen Firma EasyPark erstellt. Er pr\u00e4miert benutzerfreundliche, lebenswerte St\u00e4dte rund um die vernetzte Erdkugel.\" \/>\n<meta name=\"robots\" content=\"index, follow, max-snippet:-1, max-image-preview:large, max-video-preview:-1\" \/>\n<link rel=\"canonical\" href=\"https:\/\/www.organisator.ch\/fr\/general\/2017-12-11\/1401-2\/\" \/>\n<meta property=\"og:locale\" content=\"fr_FR\" \/>\n<meta property=\"og:type\" content=\"article\" \/>\n<meta property=\"og:title\" content=\"Smart-City-Index: Z\u00fcrich und Genf sind Weltspitze - Organisator\" \/>\n<meta property=\"og:description\" content=\"Der Smart-City-Index wurde von der schwedischen Firma EasyPark erstellt. Er pr\u00e4miert benutzerfreundliche, lebenswerte St\u00e4dte rund um die vernetzte Erdkugel.\" \/>\n<meta property=\"og:url\" content=\"https:\/\/www.organisator.ch\/fr\/general\/2017-12-11\/1401-2\/\" \/>\n<meta property=\"og:site_name\" content=\"Organisator\" \/>\n<meta property=\"article:publisher\" content=\"https:\/\/www.facebook.com\/OrganisatorFachmagazin\" \/>\n<meta property=\"article:published_time\" content=\"2017-12-11T06:00:38+00:00\" \/>\n<meta property=\"og:image\" content=\"https:\/\/www.organisator.ch\/wp-content\/uploads\/2017\/12\/Smart-City-Studie-Zuerich-und-Genf-sind-Weltspitze-up-umweltperspektiven.jpg\" \/>\n\t<meta property=\"og:image:width\" content=\"700\" \/>\n\t<meta property=\"og:image:height\" content=\"467\" \/>\n\t<meta property=\"og:image:type\" content=\"image\/jpeg\" \/>\n<meta name=\"author\" content=\"michael.merz\" \/>\n<meta name=\"twitter:card\" content=\"summary_large_image\" \/>\n<script type=\"application\/ld+json\" class=\"yoast-schema-graph\">{\"@context\":\"https:\\\/\\\/schema.org\",\"@graph\":[{\"@type\":\"Article\",\"@id\":\"https:\\\/\\\/www.organisator.ch\\\/de\\\/allgemein\\\/2017-12-11\\\/1401-2\\\/#article\",\"isPartOf\":{\"@id\":\"https:\\\/\\\/www.organisator.ch\\\/de\\\/allgemein\\\/2017-12-11\\\/1401-2\\\/\"},\"author\":{\"name\":\"michael.merz\",\"@id\":\"https:\\\/\\\/www.organisator.ch\\\/#\\\/schema\\\/person\\\/134708ca9321c57b0362cceb7948ffbd\"},\"headline\":\"Smart-City-Index: Z\u00fcrich und Genf sind Weltspitze\",\"datePublished\":\"2017-12-11T06:00:38+00:00\",\"mainEntityOfPage\":{\"@id\":\"https:\\\/\\\/www.organisator.ch\\\/de\\\/allgemein\\\/2017-12-11\\\/1401-2\\\/\"},\"wordCount\":271,\"commentCount\":0,\"publisher\":{\"@id\":\"https:\\\/\\\/www.organisator.ch\\\/#organization\"},\"image\":{\"@id\":\"https:\\\/\\\/www.organisator.ch\\\/de\\\/allgemein\\\/2017-12-11\\\/1401-2\\\/#primaryimage\"},\"thumbnailUrl\":\"https:\\\/\\\/www.organisator.ch\\\/wp-content\\\/uploads\\\/2017\\\/12\\\/Smart-City-Studie-Zuerich-und-Genf-sind-Weltspitze-up-umweltperspektiven.jpg\",\"keywords\":[\"Nachhaltige Mobilit\u00e4t\",\"Smart City Index\"],\"articleSection\":[\"Allgemein\"],\"inLanguage\":\"fr-FR\"},{\"@type\":\"WebPage\",\"@id\":\"https:\\\/\\\/www.organisator.ch\\\/de\\\/allgemein\\\/2017-12-11\\\/1401-2\\\/\",\"url\":\"https:\\\/\\\/www.organisator.ch\\\/de\\\/allgemein\\\/2017-12-11\\\/1401-2\\\/\",\"name\":\"Smart-City-Index: Z\u00fcrich und Genf sind Weltspitze - Organisator\",\"isPartOf\":{\"@id\":\"https:\\\/\\\/www.organisator.ch\\\/#website\"},\"primaryImageOfPage\":{\"@id\":\"https:\\\/\\\/www.organisator.ch\\\/de\\\/allgemein\\\/2017-12-11\\\/1401-2\\\/#primaryimage\"},\"image\":{\"@id\":\"https:\\\/\\\/www.organisator.ch\\\/de\\\/allgemein\\\/2017-12-11\\\/1401-2\\\/#primaryimage\"},\"thumbnailUrl\":\"https:\\\/\\\/www.organisator.ch\\\/wp-content\\\/uploads\\\/2017\\\/12\\\/Smart-City-Studie-Zuerich-und-Genf-sind-Weltspitze-up-umweltperspektiven.jpg\",\"datePublished\":\"2017-12-11T06:00:38+00:00\",\"description\":\"Der Smart-City-Index wurde von der schwedischen Firma EasyPark erstellt. Er pr\u00e4miert benutzerfreundliche, lebenswerte St\u00e4dte rund um die vernetzte Erdkugel.\",\"breadcrumb\":{\"@id\":\"https:\\\/\\\/www.organisator.ch\\\/de\\\/allgemein\\\/2017-12-11\\\/1401-2\\\/#breadcrumb\"},\"inLanguage\":\"fr-FR\",\"potentialAction\":[{\"@type\":\"ReadAction\",\"target\":[\"https:\\\/\\\/www.organisator.ch\\\/de\\\/allgemein\\\/2017-12-11\\\/1401-2\\\/\"]}]},{\"@type\":\"ImageObject\",\"inLanguage\":\"fr-FR\",\"@id\":\"https:\\\/\\\/www.organisator.ch\\\/de\\\/allgemein\\\/2017-12-11\\\/1401-2\\\/#primaryimage\",\"url\":\"https:\\\/\\\/www.organisator.ch\\\/wp-content\\\/uploads\\\/2017\\\/12\\\/Smart-City-Studie-Zuerich-und-Genf-sind-Weltspitze-up-umweltperspektiven.jpg\",\"contentUrl\":\"https:\\\/\\\/www.organisator.ch\\\/wp-content\\\/uploads\\\/2017\\\/12\\\/Smart-City-Studie-Zuerich-und-Genf-sind-Weltspitze-up-umweltperspektiven.jpg\",\"width\":700,\"height\":467},{\"@type\":\"BreadcrumbList\",\"@id\":\"https:\\\/\\\/www.organisator.ch\\\/de\\\/allgemein\\\/2017-12-11\\\/1401-2\\\/#breadcrumb\",\"itemListElement\":[{\"@type\":\"ListItem\",\"position\":1,\"name\":\"Home\",\"item\":\"https:\\\/\\\/www.organisator.ch\\\/\"},{\"@type\":\"ListItem\",\"position\":2,\"name\":\"Smart-City-Index: Z\u00fcrich und Genf sind Weltspitze\"}]},{\"@type\":\"WebSite\",\"@id\":\"https:\\\/\\\/www.organisator.ch\\\/#website\",\"url\":\"https:\\\/\\\/www.organisator.ch\\\/\",\"name\":\"Organisator\",\"description\":\"Kompetent. Praxisnah. Der ORGANISATOR bereitet in 10 Ausgaben pro Jahr die wesentlichen Themen f\u00fcr F\u00fchrungskr\u00e4fte von KMU auf.\",\"publisher\":{\"@id\":\"https:\\\/\\\/www.organisator.ch\\\/#organization\"},\"potentialAction\":[{\"@type\":\"SearchAction\",\"target\":{\"@type\":\"EntryPoint\",\"urlTemplate\":\"https:\\\/\\\/www.organisator.ch\\\/?s={search_term_string}\"},\"query-input\":{\"@type\":\"PropertyValueSpecification\",\"valueRequired\":true,\"valueName\":\"search_term_string\"}}],\"inLanguage\":\"fr-FR\"},{\"@type\":\"Organization\",\"@id\":\"https:\\\/\\\/www.organisator.ch\\\/#organization\",\"name\":\"Organisator\",\"url\":\"https:\\\/\\\/www.organisator.ch\\\/\",\"logo\":{\"@type\":\"ImageObject\",\"inLanguage\":\"fr-FR\",\"@id\":\"https:\\\/\\\/www.organisator.ch\\\/#\\\/schema\\\/logo\\\/image\\\/\",\"url\":\"https:\\\/\\\/www.organisator.ch\\\/wp-content\\\/uploads\\\/2022\\\/01\\\/Logo_Organisator_Website.png\",\"contentUrl\":\"https:\\\/\\\/www.organisator.ch\\\/wp-content\\\/uploads\\\/2022\\\/01\\\/Logo_Organisator_Website.png\",\"width\":800,\"height\":77,\"caption\":\"Organisator\"},\"image\":{\"@id\":\"https:\\\/\\\/www.organisator.ch\\\/#\\\/schema\\\/logo\\\/image\\\/\"},\"sameAs\":[\"https:\\\/\\\/www.facebook.com\\\/OrganisatorFachmagazin\",\"https:\\\/\\\/www.linkedin.com\\\/showcase\\\/organisator-das-magazin-fr-kmu\",\"https:\\\/\\\/www.xing.com\\\/news\\\/pages\\\/organisator-ch-695\",\"https:\\\/\\\/www.youtube.com\\\/channel\\\/UCGP2Sq0iWaZwT3BdIAQFYpw\"]},{\"@type\":\"Person\",\"@id\":\"https:\\\/\\\/www.organisator.ch\\\/#\\\/schema\\\/person\\\/134708ca9321c57b0362cceb7948ffbd\",\"name\":\"michael.merz\",\"image\":{\"@type\":\"ImageObject\",\"inLanguage\":\"fr-FR\",\"@id\":\"https:\\\/\\\/secure.gravatar.com\\\/avatar\\\/?s=96&d=mm&r=g\",\"url\":\"https:\\\/\\\/secure.gravatar.com\\\/avatar\\\/?s=96&d=mm&r=g\",\"contentUrl\":\"https:\\\/\\\/secure.gravatar.com\\\/avatar\\\/?s=96&d=mm&r=g\",\"caption\":\"michael.merz\"},\"url\":\"https:\\\/\\\/www.organisator.ch\\\/fr\\\/author\\\/michael-merz\\\/\"}]}<\/script>\n<!-- \/ Yoast SEO plugin. -->","yoast_head_json":{"title":"Index des villes intelligentes : Zurich et Gen\u00e8ve en t\u00eate du classement mondial - Organisateur","description":"L'indice des villes intelligentes a \u00e9t\u00e9 cr\u00e9\u00e9 par la soci\u00e9t\u00e9 su\u00e9doise EasyPark. Il r\u00e9compense les villes conviviales et agr\u00e9ables \u00e0 vivre tout autour du globe connect\u00e9.","robots":{"index":"index","follow":"follow","max-snippet":"max-snippet:-1","max-image-preview":"max-image-preview:large","max-video-preview":"max-video-preview:-1"},"canonical":"https:\/\/www.organisator.ch\/fr\/general\/2017-12-11\/1401-2\/","og_locale":"fr_FR","og_type":"article","og_title":"Smart-City-Index: Z\u00fcrich und Genf sind Weltspitze - Organisator","og_description":"Der Smart-City-Index wurde von der schwedischen Firma EasyPark erstellt. Er pr\u00e4miert benutzerfreundliche, lebenswerte St\u00e4dte rund um die vernetzte Erdkugel.","og_url":"https:\/\/www.organisator.ch\/fr\/general\/2017-12-11\/1401-2\/","og_site_name":"Organisator","article_publisher":"https:\/\/www.facebook.com\/OrganisatorFachmagazin","article_published_time":"2017-12-11T06:00:38+00:00","og_image":[{"width":700,"height":467,"url":"https:\/\/www.organisator.ch\/wp-content\/uploads\/2017\/12\/Smart-City-Studie-Zuerich-und-Genf-sind-Weltspitze-up-umweltperspektiven.jpg","type":"image\/jpeg"}],"author":"michael.merz","twitter_card":"summary_large_image","schema":{"@context":"https:\/\/schema.org","@graph":[{"@type":"Article","@id":"https:\/\/www.organisator.ch\/de\/allgemein\/2017-12-11\/1401-2\/#article","isPartOf":{"@id":"https:\/\/www.organisator.ch\/de\/allgemein\/2017-12-11\/1401-2\/"},"author":{"name":"michael.merz","@id":"https:\/\/www.organisator.ch\/#\/schema\/person\/134708ca9321c57b0362cceb7948ffbd"},"headline":"Smart-City-Index: Z\u00fcrich und Genf sind Weltspitze","datePublished":"2017-12-11T06:00:38+00:00","mainEntityOfPage":{"@id":"https:\/\/www.organisator.ch\/de\/allgemein\/2017-12-11\/1401-2\/"},"wordCount":271,"commentCount":0,"publisher":{"@id":"https:\/\/www.organisator.ch\/#organization"},"image":{"@id":"https:\/\/www.organisator.ch\/de\/allgemein\/2017-12-11\/1401-2\/#primaryimage"},"thumbnailUrl":"https:\/\/www.organisator.ch\/wp-content\/uploads\/2017\/12\/Smart-City-Studie-Zuerich-und-Genf-sind-Weltspitze-up-umweltperspektiven.jpg","keywords":["Nachhaltige Mobilit\u00e4t","Smart City Index"],"articleSection":["Allgemein"],"inLanguage":"fr-FR"},{"@type":"WebPage","@id":"https:\/\/www.organisator.ch\/de\/allgemein\/2017-12-11\/1401-2\/","url":"https:\/\/www.organisator.ch\/de\/allgemein\/2017-12-11\/1401-2\/","name":"Index des villes intelligentes : Zurich et Gen\u00e8ve en t\u00eate du classement mondial - Organisateur","isPartOf":{"@id":"https:\/\/www.organisator.ch\/#website"},"primaryImageOfPage":{"@id":"https:\/\/www.organisator.ch\/de\/allgemein\/2017-12-11\/1401-2\/#primaryimage"},"image":{"@id":"https:\/\/www.organisator.ch\/de\/allgemein\/2017-12-11\/1401-2\/#primaryimage"},"thumbnailUrl":"https:\/\/www.organisator.ch\/wp-content\/uploads\/2017\/12\/Smart-City-Studie-Zuerich-und-Genf-sind-Weltspitze-up-umweltperspektiven.jpg","datePublished":"2017-12-11T06:00:38+00:00","description":"L'indice des villes intelligentes a \u00e9t\u00e9 cr\u00e9\u00e9 par la soci\u00e9t\u00e9 su\u00e9doise EasyPark. Il r\u00e9compense les villes conviviales et agr\u00e9ables \u00e0 vivre tout autour du globe connect\u00e9.","breadcrumb":{"@id":"https:\/\/www.organisator.ch\/de\/allgemein\/2017-12-11\/1401-2\/#breadcrumb"},"inLanguage":"fr-FR","potentialAction":[{"@type":"ReadAction","target":["https:\/\/www.organisator.ch\/de\/allgemein\/2017-12-11\/1401-2\/"]}]},{"@type":"ImageObject","inLanguage":"fr-FR","@id":"https:\/\/www.organisator.ch\/de\/allgemein\/2017-12-11\/1401-2\/#primaryimage","url":"https:\/\/www.organisator.ch\/wp-content\/uploads\/2017\/12\/Smart-City-Studie-Zuerich-und-Genf-sind-Weltspitze-up-umweltperspektiven.jpg","contentUrl":"https:\/\/www.organisator.ch\/wp-content\/uploads\/2017\/12\/Smart-City-Studie-Zuerich-und-Genf-sind-Weltspitze-up-umweltperspektiven.jpg","width":700,"height":467},{"@type":"BreadcrumbList","@id":"https:\/\/www.organisator.ch\/de\/allgemein\/2017-12-11\/1401-2\/#breadcrumb","itemListElement":[{"@type":"ListItem","position":1,"name":"Home","item":"https:\/\/www.organisator.ch\/"},{"@type":"ListItem","position":2,"name":"Smart-City-Index: Z\u00fcrich und Genf sind Weltspitze"}]},{"@type":"WebSite","@id":"https:\/\/www.organisator.ch\/#website","url":"https:\/\/www.organisator.ch\/","name":"Organisateur","description":"Comp\u00e9tence et comp\u00e9tence. Proches de la pratique. L'ORGANISATEUR pr\u00e9pare 10 num\u00e9ros par an sur les th\u00e8mes essentiels pour les dirigeants de PME.","publisher":{"@id":"https:\/\/www.organisator.ch\/#organization"},"potentialAction":[{"@type":"SearchAction","target":{"@type":"EntryPoint","urlTemplate":"https:\/\/www.organisator.ch\/?s={search_term_string}"},"query-input":{"@type":"PropertyValueSpecification","valueRequired":true,"valueName":"search_term_string"}}],"inLanguage":"fr-FR"},{"@type":"Organization","@id":"https:\/\/www.organisator.ch\/#organization","name":"Organisateur","url":"https:\/\/www.organisator.ch\/","logo":{"@type":"ImageObject","inLanguage":"fr-FR","@id":"https:\/\/www.organisator.ch\/#\/schema\/logo\/image\/","url":"https:\/\/www.organisator.ch\/wp-content\/uploads\/2022\/01\/Logo_Organisator_Website.png","contentUrl":"https:\/\/www.organisator.ch\/wp-content\/uploads\/2022\/01\/Logo_Organisator_Website.png","width":800,"height":77,"caption":"Organisator"},"image":{"@id":"https:\/\/www.organisator.ch\/#\/schema\/logo\/image\/"},"sameAs":["https:\/\/www.facebook.com\/OrganisatorFachmagazin","https:\/\/www.linkedin.com\/showcase\/organisator-das-magazin-fr-kmu","https:\/\/www.xing.com\/news\/pages\/organisator-ch-695","https:\/\/www.youtube.com\/channel\/UCGP2Sq0iWaZwT3BdIAQFYpw"]},{"@type":"Person","@id":"https:\/\/www.organisator.ch\/#\/schema\/person\/134708ca9321c57b0362cceb7948ffbd","name":"michael.merz","image":{"@type":"ImageObject","inLanguage":"fr-FR","@id":"https:\/\/secure.gravatar.com\/avatar\/?s=96&d=mm&r=g","url":"https:\/\/secure.gravatar.com\/avatar\/?s=96&d=mm&r=g","contentUrl":"https:\/\/secure.gravatar.com\/avatar\/?s=96&d=mm&r=g","caption":"michael.merz"},"url":"https:\/\/www.organisator.ch\/fr\/author\/michael-merz\/"}]}},"_links":{"self":[{"href":"https:\/\/www.organisator.ch\/fr\/wp-json\/wp\/v2\/posts\/10028","targetHints":{"allow":["GET"]}}],"collection":[{"href":"https:\/\/www.organisator.ch\/fr\/wp-json\/wp\/v2\/posts"}],"about":[{"href":"https:\/\/www.organisator.ch\/fr\/wp-json\/wp\/v2\/types\/post"}],"author":[{"embeddable":true,"href":"https:\/\/www.organisator.ch\/fr\/wp-json\/wp\/v2\/users\/5"}],"replies":[{"embeddable":true,"href":"https:\/\/www.organisator.ch\/fr\/wp-json\/wp\/v2\/comments?post=10028"}],"version-history":[{"count":0,"href":"https:\/\/www.organisator.ch\/fr\/wp-json\/wp\/v2\/posts\/10028\/revisions"}],"wp:featuredmedia":[{"embeddable":true,"href":"https:\/\/www.organisator.ch\/fr\/wp-json\/wp\/v2\/media\/9526"}],"wp:attachment":[{"href":"https:\/\/www.organisator.ch\/fr\/wp-json\/wp\/v2\/media?parent=10028"}],"wp:term":[{"taxonomy":"category","embeddable":true,"href":"https:\/\/www.organisator.ch\/fr\/wp-json\/wp\/v2\/categories?post=10028"},{"taxonomy":"post_tag","embeddable":true,"href":"https:\/\/www.organisator.ch\/fr\/wp-json\/wp\/v2\/tags?post=10028"}],"curies":[{"name":"wp","href":"https:\/\/api.w.org\/{rel}","templated":true}]}}