{"id":10033,"date":"2018-03-01T08:00:23","date_gmt":"2018-03-01T07:00:23","guid":{"rendered":"https:\/\/www.umweltperspektiven.ch\/?p=1527"},"modified":"2022-02-09T11:06:19","modified_gmt":"2022-02-09T10:06:19","slug":"initiative-lean-green-von-gs1-schweiz","status":"publish","type":"post","link":"https:\/\/www.organisator.ch\/fr\/sustainability\/2018-03-01\/initiative-lean-green-von-gs1-schweiz\/","title":{"rendered":"Initiative Lean &amp; Green de GS1 Suisse"},"content":{"rendered":"<figure id=\"attachment_1529\" aria-describedby=\"caption-attachment-1529\" style=\"width: 640px\" class=\"wp-caption alignnone\"><img loading=\"lazy\" decoding=\"async\" class=\"size-full wp-image-1529\" src=\"\/\/www.umweltperspektiven.ch\/wp-content\/uploads\/2018\/02\/Initiative_Palette_up_umwelt-perspektiven.jpg\" alt=\"\" width=\"640\" height=\"391\" \/><figcaption id=\"caption-attachment-1529\" class=\"wp-caption-text\">Une logistique moderne signifie : offrir des services de soutien universels qui servent l'efficacit\u00e9 et r\u00e9duisent les risques, tout en am\u00e9liorant la durabilit\u00e9 \u00e9cologique. (Image : pixabay)<\/figcaption><\/figure>\n<p>L'initiative Lean &amp; Green r\u00e9compense les entreprises qui s'engagent \u00e0 prot\u00e9ger le climat par un plan d'action en leur d\u00e9cernant le Lean &amp; Green Award. S'il est prouv\u00e9 que l'objectif de r\u00e9duire les \u00e9missions de CO2 d'au moins 20 pour cent en l'espace de cinq ans a \u00e9t\u00e9 atteint, la certification avec la c\u00e9l\u00e8bre \u00e9toile Lean &amp; Green sera d\u00e9cern\u00e9e dans une deuxi\u00e8me \u00e9tape. CHEP est le sponsor principal de l'initiative et joue en m\u00eame temps un r\u00f4le de pionnier dans le secteur de la logistique. En effet, la durabilit\u00e9 et le principe de l'\u00e9conomie circulaire sont fermement ancr\u00e9s dans les objectifs de l'entreprise CHEP.<\/p>\n<p>\"En tant que leader mondial du pooling, nous sommes heureux que Lean &amp; Green soit d\u00e9sormais d\u00e9ploy\u00e9 en Suisse. Cette initiative donne aux entreprises suisses la possibilit\u00e9 d'apporter une contribution individuelle \u00e0 la protection de l'environnement, ce que CHEP soutient volontiers en tant que sponsor principal. Notre mod\u00e8le commercial de pooling de supports de charge est en soi durable et repr\u00e9sente une approche globale. CHEP applique ce principe de 'partage et de r\u00e9utilisation' depuis de nombreuses ann\u00e9es. C'est pourquoi nous poss\u00e9dons l'expertise n\u00e9cessaire pour aider les participants \u00e0 l'initiative \u00e0 atteindre leurs objectifs climatiques\", d\u00e9clare Anita Kaufmann, Country Leader chez CHEP Suisse.<\/p>\n<p>Au cours de l'ann\u00e9e \u00e0 venir, CHEP pr\u00e9voit diverses activit\u00e9s en collaboration avec GS1 Suisse afin de promouvoir l'initiative Lean &amp; Green ainsi que la sensibilisation \u00e0 la durabilit\u00e9 dans la cha\u00eene d'approvisionnement.<\/p>\n<p><strong>CHEP-Pooling et collaboration de transport : simplement intelligent<\/strong><\/p>\n<p>En Suisse, l'expert en pooling CHEP d\u00e9place chaque jour plusieurs milliers de supports de charge bleus. Selon le principe \"louer au lieu d'acheter\", les clients ne paient que pour les palettes en circulation. CHEP organise le retour des supports de charge ainsi que leur nettoyage et leur entretien ou remplacement. M\u00eame en p\u00e9riode de haute conjoncture, l'entreprise assure la disponibilit\u00e9 constante des supports de charge tout en maintenant la qualit\u00e9. Avec 120 millions de palettes en circulation et 220 centres de service rien qu'en Europe, CHEP offre \u00e0 ses clients une port\u00e9e in\u00e9gal\u00e9e pour les livraisons transfrontali\u00e8res. L'utilisation de palettes CHEP n'aide pas seulement les entreprises \u00e0 g\u00e9rer plus efficacement leur cha\u00eene d'approvisionnement. Gr\u00e2ce \u00e0 la mise en commun et au recyclage des palettes, elles r\u00e9duisent en m\u00eame temps leur empreinte \u00e9cologique en diminuant leurs \u00e9missions de CO2, leur consommation de bois et leur production de d\u00e9chets.<\/p>\n<p>Outre la mise en commun de supports de charge, CHEP propose une s\u00e9rie de solutions de cha\u00eene d'approvisionnement pour r\u00e9pondre aux multiples questions qui se posent tout au long de la cha\u00eene de cr\u00e9ation de valeur, de l'optimisation des co\u00fbts et de l'augmentation de l'efficacit\u00e9 \u00e0 l'assurance qualit\u00e9. Ainsi, le programme de collaboration de transport offre aux clients la possibilit\u00e9 de combiner leurs transports avec ceux de CHEP ou d'autres clients afin d'utiliser au mieux l'espace de chargement et d'\u00e9viter les trajets \u00e0 vide. Les clients peuvent ainsi partager leurs transports et utiliser par exemple les transports \u00e0 vide d'autres clients CHEP pour leur propre fret. Cette orchestration des transports est rendue possible par un logiciel sp\u00e9cial de matching d\u00e9velopp\u00e9 par CHEP, qui compare les 225 000 trajets de transport et les 13,5 millions d'accords de livraison de la base de donn\u00e9es CHEP afin de d\u00e9gager des potentiels de synergie.<\/p>\n<p>En Allemagne, CHEP fait partie des membres fondateurs de l'initiative Lean &amp; Green. Depuis mai 2013, Christophe Campe, VP Chep Europe First Mile Solutions &amp; European Key Accounts, est l'ambassadeur de Lean &amp; Green en Europe. Jusqu'\u00e0 pr\u00e9sent, CHEP a \u00e9t\u00e9 r\u00e9compens\u00e9e \u00e0 plusieurs reprises en Europe par le Lean &amp; Green Award ainsi que par le Lean &amp; Green Star, \u00e9tayant ainsi la transition vers une logistique sans CO2.<\/p>\n<p><em>Pour plus d'informations sur CHEP, consultez <a href=\"\/\/www.chep.com\">www.chep.com<\/a><\/em><\/p>","protected":false},"excerpt":{"rendered":"<p>Die Initiative Lean &amp; Green pr\u00e4miert Unternehmen, die sich mit einem Aktionsplan zum Klimaschutz verpflichten, mit dem Lean &amp; Green Award. Wird das Ziel, den CO2-Ausstoss innerhalb von f\u00fcnf Jahren um mindestens 20 Prozent zu senken, nachweislich erreicht, winkt in einer zweiten Stufe die Zertifizierung mit dem renommierten Lean &amp; Green Star. CHEP ist Hauptsponsor [&hellip;]<\/p>\n","protected":false},"author":5,"featured_media":9539,"comment_status":"open","ping_status":"open","sticky":false,"template":"","format":"standard","meta":{"_acf_changed":false,"_yoast_wpseo_focuskw":"Initiative Lean & Green","_yoast_wpseo_metadesc":"CHEP ist Hauptsponsor der Initiative Lean & Green von GS1 Schweiz. Die Initiative verfolgt das Ziel die CO2-Emissionen in der Logistik zu reduzieren.","articlekey":"","footnotes":""},"categories":[580],"tags":[125,328,358,2243],"class_list":["post-10033","post","type-post","status-publish","format-standard","has-post-thumbnail","hentry","category-sustainability","tag-co2-reduktion","tag-logistik","tag-nachhaltige-wirtschaft","tag-supply-chain"],"acf":[],"yoast_head":"<!-- This site is optimized with the Yoast SEO plugin v27.4 - https:\/\/yoast.com\/product\/yoast-seo-wordpress\/ -->\n<title>Initiative Lean &amp; Green von GS1 Schweiz - Organisator<\/title>\n<meta name=\"description\" content=\"CHEP ist Hauptsponsor der Initiative Lean &amp; Green von GS1 Schweiz. Die Initiative verfolgt das Ziel die CO2-Emissionen in der Logistik zu reduzieren.\" \/>\n<meta name=\"robots\" content=\"index, follow, max-snippet:-1, max-image-preview:large, max-video-preview:-1\" \/>\n<link rel=\"canonical\" href=\"https:\/\/www.organisator.ch\/fr\/sustainability\/2018-03-01\/initiative-lean-green-von-gs1-schweiz\/\" \/>\n<meta property=\"og:locale\" content=\"fr_FR\" \/>\n<meta property=\"og:type\" content=\"article\" \/>\n<meta property=\"og:title\" content=\"Initiative Lean &amp; Green von GS1 Schweiz - Organisator\" \/>\n<meta property=\"og:description\" content=\"CHEP ist Hauptsponsor der Initiative Lean &amp; Green von GS1 Schweiz. Die Initiative verfolgt das Ziel die CO2-Emissionen in der Logistik zu reduzieren.\" \/>\n<meta property=\"og:url\" content=\"https:\/\/www.organisator.ch\/fr\/sustainability\/2018-03-01\/initiative-lean-green-von-gs1-schweiz\/\" \/>\n<meta property=\"og:site_name\" content=\"Organisator\" \/>\n<meta property=\"article:publisher\" content=\"https:\/\/www.facebook.com\/OrganisatorFachmagazin\" \/>\n<meta property=\"article:published_time\" content=\"2018-03-01T07:00:23+00:00\" \/>\n<meta property=\"article:modified_time\" content=\"2022-02-09T10:06:19+00:00\" \/>\n<meta property=\"og:image\" content=\"https:\/\/www.organisator.ch\/wp-content\/uploads\/2018\/02\/Initiative_Palette_up_umwelt-perspektiven.jpg\" \/>\n\t<meta property=\"og:image:width\" content=\"640\" \/>\n\t<meta property=\"og:image:height\" content=\"391\" \/>\n\t<meta property=\"og:image:type\" content=\"image\/jpeg\" \/>\n<meta name=\"author\" content=\"michael.merz\" \/>\n<meta name=\"twitter:card\" content=\"summary_large_image\" \/>\n<script type=\"application\/ld+json\" class=\"yoast-schema-graph\">{\"@context\":\"https:\\\/\\\/schema.org\",\"@graph\":[{\"@type\":\"Article\",\"@id\":\"https:\\\/\\\/www.organisator.ch\\\/sustainability\\\/2018-03-01\\\/initiative-lean-green-von-gs1-schweiz\\\/#article\",\"isPartOf\":{\"@id\":\"https:\\\/\\\/www.organisator.ch\\\/sustainability\\\/2018-03-01\\\/initiative-lean-green-von-gs1-schweiz\\\/\"},\"author\":{\"name\":\"michael.merz\",\"@id\":\"https:\\\/\\\/www.organisator.ch\\\/#\\\/schema\\\/person\\\/134708ca9321c57b0362cceb7948ffbd\"},\"headline\":\"Initiative Lean &#038; Green von GS1 Schweiz\",\"datePublished\":\"2018-03-01T07:00:23+00:00\",\"dateModified\":\"2022-02-09T10:06:19+00:00\",\"mainEntityOfPage\":{\"@id\":\"https:\\\/\\\/www.organisator.ch\\\/sustainability\\\/2018-03-01\\\/initiative-lean-green-von-gs1-schweiz\\\/\"},\"wordCount\":558,\"commentCount\":0,\"publisher\":{\"@id\":\"https:\\\/\\\/www.organisator.ch\\\/#organization\"},\"image\":{\"@id\":\"https:\\\/\\\/www.organisator.ch\\\/sustainability\\\/2018-03-01\\\/initiative-lean-green-von-gs1-schweiz\\\/#primaryimage\"},\"thumbnailUrl\":\"https:\\\/\\\/www.organisator.ch\\\/wp-content\\\/uploads\\\/2018\\\/02\\\/Initiative_Palette_up_umwelt-perspektiven.jpg\",\"keywords\":[\"CO2 Reduktion\",\"Logistik\",\"Nachhaltige Wirtschaft\",\"Supply Chain\"],\"articleSection\":[\"SUSTAINABILITY\"],\"inLanguage\":\"fr-FR\"},{\"@type\":\"WebPage\",\"@id\":\"https:\\\/\\\/www.organisator.ch\\\/sustainability\\\/2018-03-01\\\/initiative-lean-green-von-gs1-schweiz\\\/\",\"url\":\"https:\\\/\\\/www.organisator.ch\\\/sustainability\\\/2018-03-01\\\/initiative-lean-green-von-gs1-schweiz\\\/\",\"name\":\"Initiative Lean & Green von GS1 Schweiz - Organisator\",\"isPartOf\":{\"@id\":\"https:\\\/\\\/www.organisator.ch\\\/#website\"},\"primaryImageOfPage\":{\"@id\":\"https:\\\/\\\/www.organisator.ch\\\/sustainability\\\/2018-03-01\\\/initiative-lean-green-von-gs1-schweiz\\\/#primaryimage\"},\"image\":{\"@id\":\"https:\\\/\\\/www.organisator.ch\\\/sustainability\\\/2018-03-01\\\/initiative-lean-green-von-gs1-schweiz\\\/#primaryimage\"},\"thumbnailUrl\":\"https:\\\/\\\/www.organisator.ch\\\/wp-content\\\/uploads\\\/2018\\\/02\\\/Initiative_Palette_up_umwelt-perspektiven.jpg\",\"datePublished\":\"2018-03-01T07:00:23+00:00\",\"dateModified\":\"2022-02-09T10:06:19+00:00\",\"description\":\"CHEP ist Hauptsponsor der Initiative Lean & Green von GS1 Schweiz. Die Initiative verfolgt das Ziel die CO2-Emissionen in der Logistik zu reduzieren.\",\"breadcrumb\":{\"@id\":\"https:\\\/\\\/www.organisator.ch\\\/sustainability\\\/2018-03-01\\\/initiative-lean-green-von-gs1-schweiz\\\/#breadcrumb\"},\"inLanguage\":\"fr-FR\",\"potentialAction\":[{\"@type\":\"ReadAction\",\"target\":[\"https:\\\/\\\/www.organisator.ch\\\/sustainability\\\/2018-03-01\\\/initiative-lean-green-von-gs1-schweiz\\\/\"]}]},{\"@type\":\"ImageObject\",\"inLanguage\":\"fr-FR\",\"@id\":\"https:\\\/\\\/www.organisator.ch\\\/sustainability\\\/2018-03-01\\\/initiative-lean-green-von-gs1-schweiz\\\/#primaryimage\",\"url\":\"https:\\\/\\\/www.organisator.ch\\\/wp-content\\\/uploads\\\/2018\\\/02\\\/Initiative_Palette_up_umwelt-perspektiven.jpg\",\"contentUrl\":\"https:\\\/\\\/www.organisator.ch\\\/wp-content\\\/uploads\\\/2018\\\/02\\\/Initiative_Palette_up_umwelt-perspektiven.jpg\",\"width\":640,\"height\":391,\"caption\":\"Moderne Logistik heisst: Universelle Support-Services anbieten, die der Effizienz und Leistung dienen, Risiken vermindern, w\u00e4hrend die \u00f6kologische Nachhaltigkeit gleichzeitig verbessert wird. (Bild: pixabay)\"},{\"@type\":\"BreadcrumbList\",\"@id\":\"https:\\\/\\\/www.organisator.ch\\\/sustainability\\\/2018-03-01\\\/initiative-lean-green-von-gs1-schweiz\\\/#breadcrumb\",\"itemListElement\":[{\"@type\":\"ListItem\",\"position\":1,\"name\":\"Home\",\"item\":\"https:\\\/\\\/www.organisator.ch\\\/\"},{\"@type\":\"ListItem\",\"position\":2,\"name\":\"Initiative Lean &#038; Green von GS1 Schweiz\"}]},{\"@type\":\"WebSite\",\"@id\":\"https:\\\/\\\/www.organisator.ch\\\/#website\",\"url\":\"https:\\\/\\\/www.organisator.ch\\\/\",\"name\":\"Organisator\",\"description\":\"Kompetent. Praxisnah. Der ORGANISATOR bereitet in 10 Ausgaben pro Jahr die wesentlichen Themen f\u00fcr F\u00fchrungskr\u00e4fte von KMU auf.\",\"publisher\":{\"@id\":\"https:\\\/\\\/www.organisator.ch\\\/#organization\"},\"potentialAction\":[{\"@type\":\"SearchAction\",\"target\":{\"@type\":\"EntryPoint\",\"urlTemplate\":\"https:\\\/\\\/www.organisator.ch\\\/?s={search_term_string}\"},\"query-input\":{\"@type\":\"PropertyValueSpecification\",\"valueRequired\":true,\"valueName\":\"search_term_string\"}}],\"inLanguage\":\"fr-FR\"},{\"@type\":\"Organization\",\"@id\":\"https:\\\/\\\/www.organisator.ch\\\/#organization\",\"name\":\"Organisator\",\"url\":\"https:\\\/\\\/www.organisator.ch\\\/\",\"logo\":{\"@type\":\"ImageObject\",\"inLanguage\":\"fr-FR\",\"@id\":\"https:\\\/\\\/www.organisator.ch\\\/#\\\/schema\\\/logo\\\/image\\\/\",\"url\":\"https:\\\/\\\/www.organisator.ch\\\/wp-content\\\/uploads\\\/2022\\\/01\\\/Logo_Organisator_Website.png\",\"contentUrl\":\"https:\\\/\\\/www.organisator.ch\\\/wp-content\\\/uploads\\\/2022\\\/01\\\/Logo_Organisator_Website.png\",\"width\":800,\"height\":77,\"caption\":\"Organisator\"},\"image\":{\"@id\":\"https:\\\/\\\/www.organisator.ch\\\/#\\\/schema\\\/logo\\\/image\\\/\"},\"sameAs\":[\"https:\\\/\\\/www.facebook.com\\\/OrganisatorFachmagazin\",\"https:\\\/\\\/www.linkedin.com\\\/showcase\\\/organisator-das-magazin-fr-kmu\",\"https:\\\/\\\/www.xing.com\\\/news\\\/pages\\\/organisator-ch-695\",\"https:\\\/\\\/www.youtube.com\\\/channel\\\/UCGP2Sq0iWaZwT3BdIAQFYpw\"]},{\"@type\":\"Person\",\"@id\":\"https:\\\/\\\/www.organisator.ch\\\/#\\\/schema\\\/person\\\/134708ca9321c57b0362cceb7948ffbd\",\"name\":\"michael.merz\",\"image\":{\"@type\":\"ImageObject\",\"inLanguage\":\"fr-FR\",\"@id\":\"https:\\\/\\\/secure.gravatar.com\\\/avatar\\\/?s=96&d=mm&r=g\",\"url\":\"https:\\\/\\\/secure.gravatar.com\\\/avatar\\\/?s=96&d=mm&r=g\",\"contentUrl\":\"https:\\\/\\\/secure.gravatar.com\\\/avatar\\\/?s=96&d=mm&r=g\",\"caption\":\"michael.merz\"},\"url\":\"https:\\\/\\\/www.organisator.ch\\\/fr\\\/author\\\/michael-merz\\\/\"}]}<\/script>\n<!-- \/ Yoast SEO plugin. -->","yoast_head_json":{"title":"Initiative Lean &amp; Green de GS1 Suisse - Organisateur","description":"CHEP est le sponsor principal de l'initiative Lean &amp; Green de GS1 Suisse. L'initiative a pour but de r\u00e9duire les \u00e9missions de CO2 dans la logistique.","robots":{"index":"index","follow":"follow","max-snippet":"max-snippet:-1","max-image-preview":"max-image-preview:large","max-video-preview":"max-video-preview:-1"},"canonical":"https:\/\/www.organisator.ch\/fr\/sustainability\/2018-03-01\/initiative-lean-green-von-gs1-schweiz\/","og_locale":"fr_FR","og_type":"article","og_title":"Initiative Lean & Green von GS1 Schweiz - Organisator","og_description":"CHEP ist Hauptsponsor der Initiative Lean & Green von GS1 Schweiz. Die Initiative verfolgt das Ziel die CO2-Emissionen in der Logistik zu reduzieren.","og_url":"https:\/\/www.organisator.ch\/fr\/sustainability\/2018-03-01\/initiative-lean-green-von-gs1-schweiz\/","og_site_name":"Organisator","article_publisher":"https:\/\/www.facebook.com\/OrganisatorFachmagazin","article_published_time":"2018-03-01T07:00:23+00:00","article_modified_time":"2022-02-09T10:06:19+00:00","og_image":[{"width":640,"height":391,"url":"https:\/\/www.organisator.ch\/wp-content\/uploads\/2018\/02\/Initiative_Palette_up_umwelt-perspektiven.jpg","type":"image\/jpeg"}],"author":"michael.merz","twitter_card":"summary_large_image","schema":{"@context":"https:\/\/schema.org","@graph":[{"@type":"Article","@id":"https:\/\/www.organisator.ch\/sustainability\/2018-03-01\/initiative-lean-green-von-gs1-schweiz\/#article","isPartOf":{"@id":"https:\/\/www.organisator.ch\/sustainability\/2018-03-01\/initiative-lean-green-von-gs1-schweiz\/"},"author":{"name":"michael.merz","@id":"https:\/\/www.organisator.ch\/#\/schema\/person\/134708ca9321c57b0362cceb7948ffbd"},"headline":"Initiative Lean &#038; Green von GS1 Schweiz","datePublished":"2018-03-01T07:00:23+00:00","dateModified":"2022-02-09T10:06:19+00:00","mainEntityOfPage":{"@id":"https:\/\/www.organisator.ch\/sustainability\/2018-03-01\/initiative-lean-green-von-gs1-schweiz\/"},"wordCount":558,"commentCount":0,"publisher":{"@id":"https:\/\/www.organisator.ch\/#organization"},"image":{"@id":"https:\/\/www.organisator.ch\/sustainability\/2018-03-01\/initiative-lean-green-von-gs1-schweiz\/#primaryimage"},"thumbnailUrl":"https:\/\/www.organisator.ch\/wp-content\/uploads\/2018\/02\/Initiative_Palette_up_umwelt-perspektiven.jpg","keywords":["CO2 Reduktion","Logistik","Nachhaltige Wirtschaft","Supply Chain"],"articleSection":["SUSTAINABILITY"],"inLanguage":"fr-FR"},{"@type":"WebPage","@id":"https:\/\/www.organisator.ch\/sustainability\/2018-03-01\/initiative-lean-green-von-gs1-schweiz\/","url":"https:\/\/www.organisator.ch\/sustainability\/2018-03-01\/initiative-lean-green-von-gs1-schweiz\/","name":"Initiative Lean &amp; Green de GS1 Suisse - Organisateur","isPartOf":{"@id":"https:\/\/www.organisator.ch\/#website"},"primaryImageOfPage":{"@id":"https:\/\/www.organisator.ch\/sustainability\/2018-03-01\/initiative-lean-green-von-gs1-schweiz\/#primaryimage"},"image":{"@id":"https:\/\/www.organisator.ch\/sustainability\/2018-03-01\/initiative-lean-green-von-gs1-schweiz\/#primaryimage"},"thumbnailUrl":"https:\/\/www.organisator.ch\/wp-content\/uploads\/2018\/02\/Initiative_Palette_up_umwelt-perspektiven.jpg","datePublished":"2018-03-01T07:00:23+00:00","dateModified":"2022-02-09T10:06:19+00:00","description":"CHEP est le sponsor principal de l'initiative Lean &amp; Green de GS1 Suisse. L'initiative a pour but de r\u00e9duire les \u00e9missions de CO2 dans la logistique.","breadcrumb":{"@id":"https:\/\/www.organisator.ch\/sustainability\/2018-03-01\/initiative-lean-green-von-gs1-schweiz\/#breadcrumb"},"inLanguage":"fr-FR","potentialAction":[{"@type":"ReadAction","target":["https:\/\/www.organisator.ch\/sustainability\/2018-03-01\/initiative-lean-green-von-gs1-schweiz\/"]}]},{"@type":"ImageObject","inLanguage":"fr-FR","@id":"https:\/\/www.organisator.ch\/sustainability\/2018-03-01\/initiative-lean-green-von-gs1-schweiz\/#primaryimage","url":"https:\/\/www.organisator.ch\/wp-content\/uploads\/2018\/02\/Initiative_Palette_up_umwelt-perspektiven.jpg","contentUrl":"https:\/\/www.organisator.ch\/wp-content\/uploads\/2018\/02\/Initiative_Palette_up_umwelt-perspektiven.jpg","width":640,"height":391,"caption":"Moderne Logistik heisst: Universelle Support-Services anbieten, die der Effizienz und Leistung dienen, Risiken vermindern, w\u00e4hrend die \u00f6kologische Nachhaltigkeit gleichzeitig verbessert wird. (Bild: pixabay)"},{"@type":"BreadcrumbList","@id":"https:\/\/www.organisator.ch\/sustainability\/2018-03-01\/initiative-lean-green-von-gs1-schweiz\/#breadcrumb","itemListElement":[{"@type":"ListItem","position":1,"name":"Home","item":"https:\/\/www.organisator.ch\/"},{"@type":"ListItem","position":2,"name":"Initiative Lean &#038; Green von GS1 Schweiz"}]},{"@type":"WebSite","@id":"https:\/\/www.organisator.ch\/#website","url":"https:\/\/www.organisator.ch\/","name":"Organisateur","description":"Comp\u00e9tence et comp\u00e9tence. Proches de la pratique. L'ORGANISATEUR pr\u00e9pare 10 num\u00e9ros par an sur les th\u00e8mes essentiels pour les dirigeants de PME.","publisher":{"@id":"https:\/\/www.organisator.ch\/#organization"},"potentialAction":[{"@type":"SearchAction","target":{"@type":"EntryPoint","urlTemplate":"https:\/\/www.organisator.ch\/?s={search_term_string}"},"query-input":{"@type":"PropertyValueSpecification","valueRequired":true,"valueName":"search_term_string"}}],"inLanguage":"fr-FR"},{"@type":"Organization","@id":"https:\/\/www.organisator.ch\/#organization","name":"Organisateur","url":"https:\/\/www.organisator.ch\/","logo":{"@type":"ImageObject","inLanguage":"fr-FR","@id":"https:\/\/www.organisator.ch\/#\/schema\/logo\/image\/","url":"https:\/\/www.organisator.ch\/wp-content\/uploads\/2022\/01\/Logo_Organisator_Website.png","contentUrl":"https:\/\/www.organisator.ch\/wp-content\/uploads\/2022\/01\/Logo_Organisator_Website.png","width":800,"height":77,"caption":"Organisator"},"image":{"@id":"https:\/\/www.organisator.ch\/#\/schema\/logo\/image\/"},"sameAs":["https:\/\/www.facebook.com\/OrganisatorFachmagazin","https:\/\/www.linkedin.com\/showcase\/organisator-das-magazin-fr-kmu","https:\/\/www.xing.com\/news\/pages\/organisator-ch-695","https:\/\/www.youtube.com\/channel\/UCGP2Sq0iWaZwT3BdIAQFYpw"]},{"@type":"Person","@id":"https:\/\/www.organisator.ch\/#\/schema\/person\/134708ca9321c57b0362cceb7948ffbd","name":"michael.merz","image":{"@type":"ImageObject","inLanguage":"fr-FR","@id":"https:\/\/secure.gravatar.com\/avatar\/?s=96&d=mm&r=g","url":"https:\/\/secure.gravatar.com\/avatar\/?s=96&d=mm&r=g","contentUrl":"https:\/\/secure.gravatar.com\/avatar\/?s=96&d=mm&r=g","caption":"michael.merz"},"url":"https:\/\/www.organisator.ch\/fr\/author\/michael-merz\/"}]}},"_links":{"self":[{"href":"https:\/\/www.organisator.ch\/fr\/wp-json\/wp\/v2\/posts\/10033","targetHints":{"allow":["GET"]}}],"collection":[{"href":"https:\/\/www.organisator.ch\/fr\/wp-json\/wp\/v2\/posts"}],"about":[{"href":"https:\/\/www.organisator.ch\/fr\/wp-json\/wp\/v2\/types\/post"}],"author":[{"embeddable":true,"href":"https:\/\/www.organisator.ch\/fr\/wp-json\/wp\/v2\/users\/5"}],"replies":[{"embeddable":true,"href":"https:\/\/www.organisator.ch\/fr\/wp-json\/wp\/v2\/comments?post=10033"}],"version-history":[{"count":1,"href":"https:\/\/www.organisator.ch\/fr\/wp-json\/wp\/v2\/posts\/10033\/revisions"}],"predecessor-version":[{"id":10571,"href":"https:\/\/www.organisator.ch\/fr\/wp-json\/wp\/v2\/posts\/10033\/revisions\/10571"}],"wp:featuredmedia":[{"embeddable":true,"href":"https:\/\/www.organisator.ch\/fr\/wp-json\/wp\/v2\/media\/9539"}],"wp:attachment":[{"href":"https:\/\/www.organisator.ch\/fr\/wp-json\/wp\/v2\/media?parent=10033"}],"wp:term":[{"taxonomy":"category","embeddable":true,"href":"https:\/\/www.organisator.ch\/fr\/wp-json\/wp\/v2\/categories?post=10033"},{"taxonomy":"post_tag","embeddable":true,"href":"https:\/\/www.organisator.ch\/fr\/wp-json\/wp\/v2\/tags?post=10033"}],"curies":[{"name":"wp","href":"https:\/\/api.w.org\/{rel}","templated":true}]}}