{"id":10035,"date":"2018-02-27T12:49:34","date_gmt":"2018-02-27T11:49:34","guid":{"rendered":"https:\/\/www.umweltperspektiven.ch\/?p=1550"},"modified":"2018-02-27T12:49:34","modified_gmt":"2018-02-27T11:49:34","slug":"waerme-initative-schweiz","status":"publish","type":"post","link":"https:\/\/www.organisator.ch\/fr\/allgemein\/2018-02-27\/waerme-initative-schweiz\/","title":{"rendered":"Initiative chaleur Suisse"},"content":{"rendered":"<figure id=\"attachment_1551\" aria-describedby=\"caption-attachment-1551\" style=\"width: 680px\" class=\"wp-caption alignnone\"><img loading=\"lazy\" decoding=\"async\" class=\"size-medium wp-image-1551\" src=\"\/\/www.umweltperspektiven.ch\/wp-content\/uploads\/2018\/03\/W\u00e4rme-Initative-Schweiz-up-UmweltPerspektiven.jpg\" alt=\"\" width=\"680\" height=\"453\" \/><figcaption id=\"caption-attachment-1551\" class=\"wp-caption-text\">Il y a encore beaucoup \u00e0 faire, a-t-on constat\u00e9 lors de la r\u00e9union de lancement de l'\"Initiative chaleur Suisse\" fin janvier 2018 \u00e0 Zurich. (Image : depositphotos)<\/figcaption><\/figure>\n<p>Les membres de l'alliance \"Initiative chaleur Suisse\" sont unanimes : la votation du 21 mai 2017 sur la Strat\u00e9gie \u00e9nerg\u00e9tique 2050 n'a pas encore permis d'atteindre l'objectif d'un approvisionnement \u00e9nerg\u00e9tique durable et bas\u00e9 sur les \u00e9nergies renouvelables.<\/p>\n<p><strong>Objectifs et vision<br \/>\n<\/strong>La consommation de chaleur repr\u00e9sente, avec la mobilit\u00e9, la plus grande part des besoins \u00e9nerg\u00e9tiques en Suisse. 45 pour cent de la consommation d'\u00e9nergie sont consacr\u00e9s au chauffage des locaux et \u00e0 la production d'eau chaude. Le parc immobilier suisse engloutit environ 100 TWh par an et repr\u00e9sente ainsi 50 pour cent de toutes les \u00e9missions de CO<sub>2<\/sub>-de la consommation d'\u00e9nergie. Le chauffage repr\u00e9sente 75 % de ces besoins. Actuellement, 50 % de ces besoins sont couverts par le mazout et 25 % par le gaz naturel (tous les chiffres sont des estimations de l'OFEN pour la p\u00e9riode 2010-2015). La vision de l'OFEN est de r\u00e9duire cette consommation \u00e0 55 TWh par an d'ici 2050. En outre, aucun mazout, gaz naturel ou \u00e9lectricit\u00e9 ne doit \u00eatre utilis\u00e9 pour la consommation directe pour le chauffage (avec d'\u00e9ventuelles exceptions). Les r\u00e9seaux de chauffage urbain doivent \u00eatre aliment\u00e9s \u00e0 plus de 80 % par des rejets thermiques ou des \u00e9nergies renouvelables d'ici 2025. D'ici 2050, les \u00e9nergies renouvelables doivent permettre de couvrir le plus largement possible les besoins propres tout au long de l'ann\u00e9e. Les r\u00e9seaux ne doivent pas seulement fournir de l'\u00e9nergie, mais aussi pouvoir l'absorber en fonction de la production d\u00e9centralis\u00e9e.<\/p>\n<p><strong>Le chemin est encore long<br \/>\n<\/strong>Bien que la part des \u00e9nergies renouvelables dans le secteur du chauffage domestique ait doubl\u00e9 depuis 1990, leur part dans la consommation totale n'est encore que de 17,6%. Et ce, bien que les technologies n\u00e9cessaires soient d\u00e9j\u00e0 disponibles et bien \u00e9tablies. La g\u00e9othermie constitue ici une pierre angulaire importante. Il est urgent d'agir pour assurer l'avenir de l'approvisionnement \u00e9nerg\u00e9tique. L'alliance \"Initiative Chaleur Suisse\" r\u00e9unit les forces de l'\u00e9conomie, des associations et de la science afin d'atteindre les objectifs et les mesures souhait\u00e9s pour un approvisionnement en chaleur et en froid renouvelable et efficace dans la future r\u00e9vision totale de la loi sur le CO<sub>2<\/sub>-la loi sur l'am\u00e9nagement du territoire et les mod\u00e8les de prescriptions \u00e9nerg\u00e9tiques des cantons (MoPEC). Pour ce faire, il est n\u00e9cessaire de mettre en place des conditions-cadres politiques appropri\u00e9es et d'assurer une prospection active du march\u00e9.<\/p>\n<p><strong>Le temps est venu<br \/>\n<\/strong>Le moment est venu d'acc\u00e9l\u00e9rer la mise en place des conditions-cadres n\u00e9cessaires avec l'\"Initiative chaleur suisse\". La consultation sur la r\u00e9vision de la loi sur le CO<sub>2<\/sub>-Les travaux de r\u00e9vision de la loi sur l'\u00e9nergie ont commenc\u00e9 au sein de la commission consultative du Conseil national. Les MoPEC 2014 sont actuellement en cours de mise en \u0153uvre dans les cantons de Berne, des Grisons, de Lucerne et de Soleure, et le message relatif \u00e0 la r\u00e9vision de la loi sur l'am\u00e9nagement du territoire sera publi\u00e9 en 2018. L'approvisionnement en chaleur renouvelable est non seulement possible, mais \u00e9galement plus \u00e9conomique.<\/p>\n<p><strong>\"Initiative chaleur Suisse\"<br \/>\n<\/strong>Les objectifs de l'\"Initiative chaleur suisse\" sont en particulier les suivants :<\/p>\n<ul>\n<li><em>Concentrer les forces du secteur de la chaleur renouvelable et efficace<\/em><\/li>\n<li><em>Des impulsions tangibles pour la politique, la soci\u00e9t\u00e9 et les utilisateurs<\/em><\/li>\n<li><em>Prise en compte des pr\u00e9occupations dans les lois et r\u00e8glements pertinents<\/em><\/li>\n<li><em>Utilisation de la r\u00e9vision de la loi sur le CO<sub>2<\/sub>-La loi sur l'\u00e9nergie, la mise en \u0153uvre du MoPEC et la r\u00e9vision de la loi sur l'am\u00e9nagement du territoire sont autant d'occasions de sensibiliser et de valoriser (politiquement) l'\u00e9nergie thermique.<\/em><\/li>\n<li><em>Optimisation des conditions-cadres\/r\u00e8gles du jeu politiques sur le march\u00e9 suisse de la chaleur<\/em><\/li>\n<li><em>Engagement pour une perc\u00e9e durable de la production de chaleur renouvelable et de l'utilisation efficace de la chaleur<\/em><\/li>\n<li><em>Contribution essentielle \u00e0 la mise en \u0153uvre de la strat\u00e9gie \u00e9nerg\u00e9tique et \u00e0 la r\u00e9alisation des objectifs climatiques<\/em><\/li>\n<\/ul>\n<p>L'\"Initiative chaleur Suisse\" va \u00e9laborer un engagement commun sous l'\u00e9gide de l'AEE Suisse. Lors de la r\u00e9union de lancement du 25 janvier 2018, les participants ont remis un premier engagement et d\u00e9fini les bases, les objectifs et les to-dos. Lors d'une autre r\u00e9union, l'engagement de l'alliance sera finalis\u00e9 et les objectifs de l'\"Initiative chaleur Suisse\" seront fix\u00e9s. Une strat\u00e9gie en mati\u00e8re de chaleur sera \u00e9labor\u00e9e et un programme d'action sera mis en place. G\u00e9othermie-Suisse s'engagera. La g\u00e9othermie a un \u00e9norme potentiel pour un approvisionnement efficace en chaleur et en froid renouvelables. (Source : geothermie-schweiz.ch)<\/p>\n<p><a href=\"\/\/geothermie-schweiz.ch\">http:\/\/geothermie-schweiz.ch<\/a><\/p>","protected":false},"excerpt":{"rendered":"<p>Die Allianz-Mitglieder der &#8222;W\u00e4rme Iniative Schweiz&#8220; sind sich einig: Mit der Abstimmung zur Energiestrategie 2050 am 21. Mai 2017 ist das Ziel einer zukunftsf\u00e4higen und auf erneuerbaren Energien beruhenden Energieversorgung noch nicht erreicht. Ziele und Vision Der W\u00e4rmeverbrauch hat neben der Mobilit\u00e4t den gr\u00f6ssten Anteil in der Schweiz am Energiebedarf. 45 Prozent des Energieverbrauches werden [&hellip;]<\/p>\n","protected":false},"author":5,"featured_media":9541,"comment_status":"open","ping_status":"open","sticky":false,"template":"","format":"standard","meta":{"_acf_changed":false,"_yoast_wpseo_focuskw":"W\u00e4rme Initiative Schweiz","_yoast_wpseo_metadesc":"Akteure aus Wirtschaft, Verb\u00e4nden, Wissenschaft und Verwaltung trafen sich auf Einladung der AEE Suisse zum Kick-off Meeting der \"W\u00e4rme Initiative Schweiz\".","articlekey":"","footnotes":""},"categories":[1],"tags":[1086,2507,2511],"class_list":["post-10035","post","type-post","status-publish","format-standard","has-post-thumbnail","hentry","category-allgemein","tag-energiestrategie","tag-waere-initative-schweiz","tag-waermewirtschaft"],"acf":[],"yoast_head":"<!-- This site is optimized with the Yoast SEO plugin v27.5 - https:\/\/yoast.com\/product\/yoast-seo-wordpress\/ -->\n<title>W\u00e4rme Initative Schweiz - Organisator<\/title>\n<meta name=\"description\" content=\"Akteure aus Wirtschaft, Verb\u00e4nden, Wissenschaft und Verwaltung trafen sich auf Einladung der AEE Suisse zum Kick-off Meeting der &quot;W\u00e4rme Initiative Schweiz&quot;.\" \/>\n<meta name=\"robots\" content=\"index, follow, max-snippet:-1, max-image-preview:large, max-video-preview:-1\" \/>\n<link rel=\"canonical\" href=\"https:\/\/www.organisator.ch\/fr\/general\/2018-02-27\/waerme-initative-schweiz\/\" \/>\n<meta property=\"og:locale\" content=\"fr_FR\" \/>\n<meta property=\"og:type\" content=\"article\" \/>\n<meta property=\"og:title\" content=\"W\u00e4rme Initative Schweiz\" \/>\n<meta property=\"og:description\" content=\"Akteure aus Wirtschaft, Verb\u00e4nden, Wissenschaft und Verwaltung trafen sich auf Einladung der AEE Suisse zum Kick-off Meeting der &quot;W\u00e4rme Initiative Schweiz&quot;.\" \/>\n<meta property=\"og:url\" content=\"https:\/\/www.organisator.ch\/fr\/general\/2018-02-27\/waerme-initative-schweiz\/\" \/>\n<meta property=\"og:site_name\" content=\"Organisator\" \/>\n<meta property=\"article:publisher\" content=\"https:\/\/www.facebook.com\/OrganisatorFachmagazin\" \/>\n<meta property=\"article:published_time\" content=\"2018-02-27T11:49:34+00:00\" \/>\n<meta property=\"og:image\" content=\"https:\/\/www.organisator.ch\/wp-content\/uploads\/2018\/03\/Waerme-Initative-Schweiz-up-UmweltPerspektiven-1024x682.jpg\" \/>\n\t<meta property=\"og:image:width\" content=\"1024\" \/>\n\t<meta property=\"og:image:height\" content=\"682\" \/>\n\t<meta property=\"og:image:type\" content=\"image\/jpeg\" \/>\n<meta name=\"author\" content=\"michael.merz\" \/>\n<meta name=\"twitter:card\" content=\"summary_large_image\" \/>\n<script type=\"application\/ld+json\" class=\"yoast-schema-graph\">{\"@context\":\"https:\\\/\\\/schema.org\",\"@graph\":[{\"@type\":\"Article\",\"@id\":\"https:\\\/\\\/www.organisator.ch\\\/en\\\/general\\\/2018-02-27\\\/waerme-initative-schweiz\\\/#article\",\"isPartOf\":{\"@id\":\"https:\\\/\\\/www.organisator.ch\\\/en\\\/general\\\/2018-02-27\\\/waerme-initative-schweiz\\\/\"},\"author\":{\"name\":\"michael.merz\",\"@id\":\"https:\\\/\\\/www.organisator.ch\\\/#\\\/schema\\\/person\\\/134708ca9321c57b0362cceb7948ffbd\"},\"headline\":\"W\u00e4rme Initative Schweiz\",\"datePublished\":\"2018-02-27T11:49:34+00:00\",\"mainEntityOfPage\":{\"@id\":\"https:\\\/\\\/www.organisator.ch\\\/en\\\/general\\\/2018-02-27\\\/waerme-initative-schweiz\\\/\"},\"wordCount\":625,\"commentCount\":0,\"publisher\":{\"@id\":\"https:\\\/\\\/www.organisator.ch\\\/#organization\"},\"image\":{\"@id\":\"https:\\\/\\\/www.organisator.ch\\\/en\\\/general\\\/2018-02-27\\\/waerme-initative-schweiz\\\/#primaryimage\"},\"thumbnailUrl\":\"https:\\\/\\\/www.organisator.ch\\\/wp-content\\\/uploads\\\/2018\\\/03\\\/Waerme-Initative-Schweiz-up-UmweltPerspektiven.jpg\",\"keywords\":[\"Energiestrategie\",\"W\u00e4re Initative Schweiz\",\"W\u00e4rmewirtschaft\"],\"articleSection\":[\"Allgemein\"],\"inLanguage\":\"fr-FR\"},{\"@type\":\"WebPage\",\"@id\":\"https:\\\/\\\/www.organisator.ch\\\/en\\\/general\\\/2018-02-27\\\/waerme-initative-schweiz\\\/\",\"url\":\"https:\\\/\\\/www.organisator.ch\\\/en\\\/general\\\/2018-02-27\\\/waerme-initative-schweiz\\\/\",\"name\":\"W\u00e4rme Initative Schweiz - Organisator\",\"isPartOf\":{\"@id\":\"https:\\\/\\\/www.organisator.ch\\\/#website\"},\"primaryImageOfPage\":{\"@id\":\"https:\\\/\\\/www.organisator.ch\\\/en\\\/general\\\/2018-02-27\\\/waerme-initative-schweiz\\\/#primaryimage\"},\"image\":{\"@id\":\"https:\\\/\\\/www.organisator.ch\\\/en\\\/general\\\/2018-02-27\\\/waerme-initative-schweiz\\\/#primaryimage\"},\"thumbnailUrl\":\"https:\\\/\\\/www.organisator.ch\\\/wp-content\\\/uploads\\\/2018\\\/03\\\/Waerme-Initative-Schweiz-up-UmweltPerspektiven.jpg\",\"datePublished\":\"2018-02-27T11:49:34+00:00\",\"description\":\"Akteure aus Wirtschaft, Verb\u00e4nden, Wissenschaft und Verwaltung trafen sich auf Einladung der AEE Suisse zum Kick-off Meeting der \\\"W\u00e4rme Initiative Schweiz\\\".\",\"breadcrumb\":{\"@id\":\"https:\\\/\\\/www.organisator.ch\\\/en\\\/general\\\/2018-02-27\\\/waerme-initative-schweiz\\\/#breadcrumb\"},\"inLanguage\":\"fr-FR\",\"potentialAction\":[{\"@type\":\"ReadAction\",\"target\":[\"https:\\\/\\\/www.organisator.ch\\\/en\\\/general\\\/2018-02-27\\\/waerme-initative-schweiz\\\/\"]}]},{\"@type\":\"ImageObject\",\"inLanguage\":\"fr-FR\",\"@id\":\"https:\\\/\\\/www.organisator.ch\\\/en\\\/general\\\/2018-02-27\\\/waerme-initative-schweiz\\\/#primaryimage\",\"url\":\"https:\\\/\\\/www.organisator.ch\\\/wp-content\\\/uploads\\\/2018\\\/03\\\/Waerme-Initative-Schweiz-up-UmweltPerspektiven.jpg\",\"contentUrl\":\"https:\\\/\\\/www.organisator.ch\\\/wp-content\\\/uploads\\\/2018\\\/03\\\/Waerme-Initative-Schweiz-up-UmweltPerspektiven.jpg\",\"width\":2000,\"height\":1333,\"caption\":\"Es gibt noch viel zu tun, wurde am Kick-off-Meeting der \\\"W\u00e4rme Iniative Schweiz\\\" Ende Januar 2018 in Z\u00fcrich festgehalten. (Bild: depositphotos)\"},{\"@type\":\"BreadcrumbList\",\"@id\":\"https:\\\/\\\/www.organisator.ch\\\/en\\\/general\\\/2018-02-27\\\/waerme-initative-schweiz\\\/#breadcrumb\",\"itemListElement\":[{\"@type\":\"ListItem\",\"position\":1,\"name\":\"Home\",\"item\":\"https:\\\/\\\/www.organisator.ch\\\/\"},{\"@type\":\"ListItem\",\"position\":2,\"name\":\"W\u00e4rme Initative Schweiz\"}]},{\"@type\":\"WebSite\",\"@id\":\"https:\\\/\\\/www.organisator.ch\\\/#website\",\"url\":\"https:\\\/\\\/www.organisator.ch\\\/\",\"name\":\"Organisator\",\"description\":\"Kompetent. Praxisnah. Der ORGANISATOR bereitet in 10 Ausgaben pro Jahr die wesentlichen Themen f\u00fcr F\u00fchrungskr\u00e4fte von KMU auf.\",\"publisher\":{\"@id\":\"https:\\\/\\\/www.organisator.ch\\\/#organization\"},\"potentialAction\":[{\"@type\":\"SearchAction\",\"target\":{\"@type\":\"EntryPoint\",\"urlTemplate\":\"https:\\\/\\\/www.organisator.ch\\\/?s={search_term_string}\"},\"query-input\":{\"@type\":\"PropertyValueSpecification\",\"valueRequired\":true,\"valueName\":\"search_term_string\"}}],\"inLanguage\":\"fr-FR\"},{\"@type\":\"Organization\",\"@id\":\"https:\\\/\\\/www.organisator.ch\\\/#organization\",\"name\":\"Organisator\",\"url\":\"https:\\\/\\\/www.organisator.ch\\\/\",\"logo\":{\"@type\":\"ImageObject\",\"inLanguage\":\"fr-FR\",\"@id\":\"https:\\\/\\\/www.organisator.ch\\\/#\\\/schema\\\/logo\\\/image\\\/\",\"url\":\"https:\\\/\\\/www.organisator.ch\\\/wp-content\\\/uploads\\\/2022\\\/01\\\/Logo_Organisator_Website.png\",\"contentUrl\":\"https:\\\/\\\/www.organisator.ch\\\/wp-content\\\/uploads\\\/2022\\\/01\\\/Logo_Organisator_Website.png\",\"width\":800,\"height\":77,\"caption\":\"Organisator\"},\"image\":{\"@id\":\"https:\\\/\\\/www.organisator.ch\\\/#\\\/schema\\\/logo\\\/image\\\/\"},\"sameAs\":[\"https:\\\/\\\/www.facebook.com\\\/OrganisatorFachmagazin\",\"https:\\\/\\\/www.linkedin.com\\\/showcase\\\/organisator-das-magazin-fr-kmu\",\"https:\\\/\\\/www.xing.com\\\/news\\\/pages\\\/organisator-ch-695\",\"https:\\\/\\\/www.youtube.com\\\/channel\\\/UCGP2Sq0iWaZwT3BdIAQFYpw\"]},{\"@type\":\"Person\",\"@id\":\"https:\\\/\\\/www.organisator.ch\\\/#\\\/schema\\\/person\\\/134708ca9321c57b0362cceb7948ffbd\",\"name\":\"michael.merz\",\"image\":{\"@type\":\"ImageObject\",\"inLanguage\":\"fr-FR\",\"@id\":\"https:\\\/\\\/secure.gravatar.com\\\/avatar\\\/?s=96&d=mm&r=g\",\"url\":\"https:\\\/\\\/secure.gravatar.com\\\/avatar\\\/?s=96&d=mm&r=g\",\"contentUrl\":\"https:\\\/\\\/secure.gravatar.com\\\/avatar\\\/?s=96&d=mm&r=g\",\"caption\":\"michael.merz\"},\"url\":\"https:\\\/\\\/www.organisator.ch\\\/fr\\\/author\\\/michael-merz\\\/\"}]}<\/script>\n<!-- \/ Yoast SEO plugin. -->","yoast_head_json":{"title":"Initiative chaleur Suisse - Organisateur","description":"Des acteurs de l'\u00e9conomie, des associations, de la science et de l'administration se sont r\u00e9unis \u00e0 l'invitation de l'AEE Suisse pour le kick-off meeting de l'\"Initiative chaleur Suisse\".","robots":{"index":"index","follow":"follow","max-snippet":"max-snippet:-1","max-image-preview":"max-image-preview:large","max-video-preview":"max-video-preview:-1"},"canonical":"https:\/\/www.organisator.ch\/fr\/general\/2018-02-27\/waerme-initative-schweiz\/","og_locale":"fr_FR","og_type":"article","og_title":"W\u00e4rme Initative Schweiz","og_description":"Akteure aus Wirtschaft, Verb\u00e4nden, Wissenschaft und Verwaltung trafen sich auf Einladung der AEE Suisse zum Kick-off Meeting der \"W\u00e4rme Initiative Schweiz\".","og_url":"https:\/\/www.organisator.ch\/fr\/general\/2018-02-27\/waerme-initative-schweiz\/","og_site_name":"Organisator","article_publisher":"https:\/\/www.facebook.com\/OrganisatorFachmagazin","article_published_time":"2018-02-27T11:49:34+00:00","og_image":[{"width":1024,"height":682,"url":"https:\/\/www.organisator.ch\/wp-content\/uploads\/2018\/03\/Waerme-Initative-Schweiz-up-UmweltPerspektiven-1024x682.jpg","type":"image\/jpeg"}],"author":"michael.merz","twitter_card":"summary_large_image","schema":{"@context":"https:\/\/schema.org","@graph":[{"@type":"Article","@id":"https:\/\/www.organisator.ch\/en\/general\/2018-02-27\/waerme-initative-schweiz\/#article","isPartOf":{"@id":"https:\/\/www.organisator.ch\/en\/general\/2018-02-27\/waerme-initative-schweiz\/"},"author":{"name":"michael.merz","@id":"https:\/\/www.organisator.ch\/#\/schema\/person\/134708ca9321c57b0362cceb7948ffbd"},"headline":"W\u00e4rme Initative Schweiz","datePublished":"2018-02-27T11:49:34+00:00","mainEntityOfPage":{"@id":"https:\/\/www.organisator.ch\/en\/general\/2018-02-27\/waerme-initative-schweiz\/"},"wordCount":625,"commentCount":0,"publisher":{"@id":"https:\/\/www.organisator.ch\/#organization"},"image":{"@id":"https:\/\/www.organisator.ch\/en\/general\/2018-02-27\/waerme-initative-schweiz\/#primaryimage"},"thumbnailUrl":"https:\/\/www.organisator.ch\/wp-content\/uploads\/2018\/03\/Waerme-Initative-Schweiz-up-UmweltPerspektiven.jpg","keywords":["Energiestrategie","W\u00e4re Initative Schweiz","W\u00e4rmewirtschaft"],"articleSection":["Allgemein"],"inLanguage":"fr-FR"},{"@type":"WebPage","@id":"https:\/\/www.organisator.ch\/en\/general\/2018-02-27\/waerme-initative-schweiz\/","url":"https:\/\/www.organisator.ch\/en\/general\/2018-02-27\/waerme-initative-schweiz\/","name":"Initiative chaleur Suisse - Organisateur","isPartOf":{"@id":"https:\/\/www.organisator.ch\/#website"},"primaryImageOfPage":{"@id":"https:\/\/www.organisator.ch\/en\/general\/2018-02-27\/waerme-initative-schweiz\/#primaryimage"},"image":{"@id":"https:\/\/www.organisator.ch\/en\/general\/2018-02-27\/waerme-initative-schweiz\/#primaryimage"},"thumbnailUrl":"https:\/\/www.organisator.ch\/wp-content\/uploads\/2018\/03\/Waerme-Initative-Schweiz-up-UmweltPerspektiven.jpg","datePublished":"2018-02-27T11:49:34+00:00","description":"Des acteurs de l'\u00e9conomie, des associations, de la science et de l'administration se sont r\u00e9unis \u00e0 l'invitation de l'AEE Suisse pour le kick-off meeting de l'\"Initiative chaleur Suisse\".","breadcrumb":{"@id":"https:\/\/www.organisator.ch\/en\/general\/2018-02-27\/waerme-initative-schweiz\/#breadcrumb"},"inLanguage":"fr-FR","potentialAction":[{"@type":"ReadAction","target":["https:\/\/www.organisator.ch\/en\/general\/2018-02-27\/waerme-initative-schweiz\/"]}]},{"@type":"ImageObject","inLanguage":"fr-FR","@id":"https:\/\/www.organisator.ch\/en\/general\/2018-02-27\/waerme-initative-schweiz\/#primaryimage","url":"https:\/\/www.organisator.ch\/wp-content\/uploads\/2018\/03\/Waerme-Initative-Schweiz-up-UmweltPerspektiven.jpg","contentUrl":"https:\/\/www.organisator.ch\/wp-content\/uploads\/2018\/03\/Waerme-Initative-Schweiz-up-UmweltPerspektiven.jpg","width":2000,"height":1333,"caption":"Es gibt noch viel zu tun, wurde am Kick-off-Meeting der \"W\u00e4rme Iniative Schweiz\" Ende Januar 2018 in Z\u00fcrich festgehalten. (Bild: depositphotos)"},{"@type":"BreadcrumbList","@id":"https:\/\/www.organisator.ch\/en\/general\/2018-02-27\/waerme-initative-schweiz\/#breadcrumb","itemListElement":[{"@type":"ListItem","position":1,"name":"Home","item":"https:\/\/www.organisator.ch\/"},{"@type":"ListItem","position":2,"name":"W\u00e4rme Initative Schweiz"}]},{"@type":"WebSite","@id":"https:\/\/www.organisator.ch\/#website","url":"https:\/\/www.organisator.ch\/","name":"Organisateur","description":"Comp\u00e9tence et comp\u00e9tence. Proches de la pratique. L'ORGANISATEUR pr\u00e9pare 10 num\u00e9ros par an sur les th\u00e8mes essentiels pour les dirigeants de PME.","publisher":{"@id":"https:\/\/www.organisator.ch\/#organization"},"potentialAction":[{"@type":"SearchAction","target":{"@type":"EntryPoint","urlTemplate":"https:\/\/www.organisator.ch\/?s={search_term_string}"},"query-input":{"@type":"PropertyValueSpecification","valueRequired":true,"valueName":"search_term_string"}}],"inLanguage":"fr-FR"},{"@type":"Organization","@id":"https:\/\/www.organisator.ch\/#organization","name":"Organisateur","url":"https:\/\/www.organisator.ch\/","logo":{"@type":"ImageObject","inLanguage":"fr-FR","@id":"https:\/\/www.organisator.ch\/#\/schema\/logo\/image\/","url":"https:\/\/www.organisator.ch\/wp-content\/uploads\/2022\/01\/Logo_Organisator_Website.png","contentUrl":"https:\/\/www.organisator.ch\/wp-content\/uploads\/2022\/01\/Logo_Organisator_Website.png","width":800,"height":77,"caption":"Organisator"},"image":{"@id":"https:\/\/www.organisator.ch\/#\/schema\/logo\/image\/"},"sameAs":["https:\/\/www.facebook.com\/OrganisatorFachmagazin","https:\/\/www.linkedin.com\/showcase\/organisator-das-magazin-fr-kmu","https:\/\/www.xing.com\/news\/pages\/organisator-ch-695","https:\/\/www.youtube.com\/channel\/UCGP2Sq0iWaZwT3BdIAQFYpw"]},{"@type":"Person","@id":"https:\/\/www.organisator.ch\/#\/schema\/person\/134708ca9321c57b0362cceb7948ffbd","name":"michael.merz","image":{"@type":"ImageObject","inLanguage":"fr-FR","@id":"https:\/\/secure.gravatar.com\/avatar\/?s=96&d=mm&r=g","url":"https:\/\/secure.gravatar.com\/avatar\/?s=96&d=mm&r=g","contentUrl":"https:\/\/secure.gravatar.com\/avatar\/?s=96&d=mm&r=g","caption":"michael.merz"},"url":"https:\/\/www.organisator.ch\/fr\/author\/michael-merz\/"}]}},"_links":{"self":[{"href":"https:\/\/www.organisator.ch\/fr\/wp-json\/wp\/v2\/posts\/10035","targetHints":{"allow":["GET"]}}],"collection":[{"href":"https:\/\/www.organisator.ch\/fr\/wp-json\/wp\/v2\/posts"}],"about":[{"href":"https:\/\/www.organisator.ch\/fr\/wp-json\/wp\/v2\/types\/post"}],"author":[{"embeddable":true,"href":"https:\/\/www.organisator.ch\/fr\/wp-json\/wp\/v2\/users\/5"}],"replies":[{"embeddable":true,"href":"https:\/\/www.organisator.ch\/fr\/wp-json\/wp\/v2\/comments?post=10035"}],"version-history":[{"count":0,"href":"https:\/\/www.organisator.ch\/fr\/wp-json\/wp\/v2\/posts\/10035\/revisions"}],"wp:featuredmedia":[{"embeddable":true,"href":"https:\/\/www.organisator.ch\/fr\/wp-json\/wp\/v2\/media\/9541"}],"wp:attachment":[{"href":"https:\/\/www.organisator.ch\/fr\/wp-json\/wp\/v2\/media?parent=10035"}],"wp:term":[{"taxonomy":"category","embeddable":true,"href":"https:\/\/www.organisator.ch\/fr\/wp-json\/wp\/v2\/categories?post=10035"},{"taxonomy":"post_tag","embeddable":true,"href":"https:\/\/www.organisator.ch\/fr\/wp-json\/wp\/v2\/tags?post=10035"}],"curies":[{"name":"wp","href":"https:\/\/api.w.org\/{rel}","templated":true}]}}