{"id":10037,"date":"2018-03-12T10:24:21","date_gmt":"2018-03-12T09:24:21","guid":{"rendered":"https:\/\/www.umweltperspektiven.ch\/?p=1576"},"modified":"2022-02-09T11:10:09","modified_gmt":"2022-02-09T10:10:09","slug":"trends-bei-der-nachhaltigkeitsberichterstattung","status":"publish","type":"post","link":"https:\/\/www.organisator.ch\/fr\/sustainability\/2018-03-12\/trends-bei-der-nachhaltigkeitsberichterstattung\/","title":{"rendered":"Quand la durabilit\u00e9 est tendance"},"content":{"rendered":"<div class=\"obu-content-middle has-overview-link\">\n<div class=\"overview-link\">\n<figure id=\"attachment_1577\" aria-describedby=\"caption-attachment-1577\" style=\"width: 680px\" class=\"wp-caption alignnone\"><img loading=\"lazy\" decoding=\"async\" class=\"size-medium wp-image-1577\" src=\"\/\/www.umweltperspektiven.ch\/wp-content\/uploads\/2018\/03\/Trends-bei-der-Nachhaltigkeitsberichterstattung-up-umweltperspektiven.jpg\" alt=\"\" width=\"680\" height=\"213\" srcset=\"https:\/\/www.organisator.ch\/wp-content\/uploads\/2018\/03\/Trends-bei-der-Nachhaltigkeitsberichterstattung-up-umweltperspektiven.jpg 976w, https:\/\/www.organisator.ch\/wp-content\/uploads\/2018\/03\/Trends-bei-der-Nachhaltigkeitsberichterstattung-up-umweltperspektiven-680x213.jpg 680w, https:\/\/www.organisator.ch\/wp-content\/uploads\/2018\/03\/Trends-bei-der-Nachhaltigkeitsberichterstattung-up-umweltperspektiven-768x241.jpg 768w, https:\/\/www.organisator.ch\/wp-content\/uploads\/2018\/03\/Trends-bei-der-Nachhaltigkeitsberichterstattung-up-umweltperspektiven-18x6.jpg 18w, https:\/\/www.organisator.ch\/wp-content\/uploads\/2018\/03\/Trends-bei-der-Nachhaltigkeitsberichterstattung-up-umweltperspektiven-375x118.jpg 375w, https:\/\/www.organisator.ch\/wp-content\/uploads\/2018\/03\/Trends-bei-der-Nachhaltigkeitsberichterstattung-up-umweltperspektiven-760x238.jpg 760w, https:\/\/www.organisator.ch\/wp-content\/uploads\/2018\/03\/Trends-bei-der-Nachhaltigkeitsberichterstattung-up-umweltperspektiven-920x288.jpg 920w, https:\/\/www.organisator.ch\/wp-content\/uploads\/2018\/03\/Trends-bei-der-Nachhaltigkeitsberichterstattung-up-umweltperspektiven-300x94.jpg 300w\" sizes=\"auto, (max-width: 680px) 100vw, 680px\" \/><figcaption id=\"caption-attachment-1577\" class=\"wp-caption-text\">Dans le cadre des objectifs de durabilit\u00e9, on attend de plus en plus des entreprises qu'elles respectent les normes environnementales - montre le rapport du WBCSD. (Image : WBCSD)<\/figcaption><\/figure>\n<p>Le rapport sur le reporting en mati\u00e8re de d\u00e9veloppement durable a \u00e9t\u00e9 \u00e9labor\u00e9 conjointement par le Climate Disclosure Standards Board (CDSB) avec le soutien de <a href=\"\/\/www.oebu.ch\/de\/news\/aktuelle-news\/globale-trends-der-nachhaltigkeitsberichterstattung-3414.html\">\u00f6bu<\/a> et de l'engageability. Le rapport du World Business Council for Sustainable Development (WBCSD) met en lumi\u00e8re les tendances en mati\u00e8re de reporting sur le d\u00e9veloppement durable dans 60 pays.<\/p>\n<\/div>\n<\/div>\n<div class=\"ym-grid linearize-level-1\">\n<div class=\"ym-g66 ym-gl stage\">\n<div class=\"ym-gbox-left\">\n<section class=\"obu-section-text\">\n<h2 class=\"title-2\">De plus en plus d'entreprises publient volontairement des rapports sur les questions environnementales<\/h2>\n<div class=\"obu-txt\">\n<p>Le rapport montre par exemple qu'au cours des 25 derni\u00e8res ann\u00e9es, les questions environnementales ont \u00e9t\u00e9 le plus souvent couvertes par le reporting, tandis que les questions de gouvernance ont \u00e9t\u00e9 le moins souvent abord\u00e9es. En outre, le nombre d'exigences de reporting volontaire est pass\u00e9 de moins de 10 \u00e0 182 au niveau mondial, 80% de ces exigences \u00e9tant \u00e9mises par des organisations non gouvernementales comme le CDP, la Global Reporting Initiative (GRI) ou le Sustainability Accounting Standards Board (SASB).<\/p>\n<p>La tendance est clairement \u00e0 l'int\u00e9gration du rapport de durabilit\u00e9 dans le rapport annuel ; la durabilit\u00e9 est ainsi de plus en plus consid\u00e9r\u00e9e comme faisant partie int\u00e9grante non seulement du rapport d'entreprise, mais aussi des pratiques commerciales de l'entreprise, argumente le WBCSD.<\/p>\n<p>Enfin, le WBCSD souligne l'importance d'harmoniser les pratiques en mati\u00e8re de rapports, tant au niveau national qu'international, afin de pouvoir mieux classer et comparer les rapports entre eux.<\/p>\n<\/div>\n<\/section>\n<section class=\"obu-section-text\">\n<h2 class=\"title-2\">L'\u00e9change de rapports<\/h2>\n<div class=\"obu-txt\">\n<p>En 2017, le WBCSD a lanc\u00e9 le \"Reporting Exchange\" en collaboration avec le CDSB et Ecodesk. Cette plateforme en ligne gratuite a \u00e9t\u00e9 con\u00e7ue pour aider les entreprises \u00e0 s'orienter dans le monde encore souvent confus du reporting d'entreprise.<\/p>\n<\/div>\n<p><em>Pour plus de d\u00e9tails sur le rapport de durabilit\u00e9 (en anglais), veuillez consulter ce <a href=\"\/\/www.wbcsd.org\/Projects\/Reporting\/The-Reporting-Exchange\/News\/New-report-helps-business-navigate-global-sustainability-reporting-trends\">Lien<\/a><\/em><\/p>\n<\/section>\n<\/div>\n<\/div>\n<\/div>","protected":false},"excerpt":{"rendered":"<p>Der Bericht zur Berichterstattung in der Nachhaltigkeit wurde gemeinsam vom Climate Disclosure Standards Board (CDSB) mit Unterst\u00fctzung von \u00f6bu und engageability aufgestellt. Der Bericht des World Business Council for Sustainable Development (WBCSD) leuchtet die Trends in der Nachhaltigkeitsberichterstattung in 60 L\u00e4ndern aus. Immer mehr Unternehmen berichten freiwillig \u00fcber Umweltthemen Der Bericht zeigt zum Beispiel, dass [&hellip;]<\/p>\n","protected":false},"author":5,"featured_media":9543,"comment_status":"open","ping_status":"open","sticky":false,"template":"","format":"standard","meta":{"_acf_changed":false,"_yoast_wpseo_focuskw":"Nachhaltigkeit","_yoast_wpseo_metadesc":"Die Trends in Berichen zur Nachhaltigkeit verschieben sich. Der WBCSD hat einen Bericht ver\u00f6ffentlicht, der die neuen Dimensionen ausleuchtet.","articlekey":"","footnotes":""},"categories":[580],"tags":[1677,1787,2246,485],"class_list":["post-10037","post","type-post","status-publish","format-standard","has-post-thumbnail","hentry","category-sustainability","tag-medien","tag-nachhaltigkeit","tag-sustainability","tag-trends"],"acf":[],"yoast_head":"<!-- This site is optimized with the Yoast SEO plugin v27.5 - https:\/\/yoast.com\/product\/yoast-seo-wordpress\/ -->\n<title>Wenn Nachhaltigkeit trendy ist - Organisator<\/title>\n<meta name=\"description\" content=\"Die Trends in Berichen zur Nachhaltigkeit verschieben sich. Der WBCSD hat einen Bericht ver\u00f6ffentlicht, der die neuen Dimensionen ausleuchtet.\" \/>\n<meta name=\"robots\" content=\"index, follow, max-snippet:-1, max-image-preview:large, max-video-preview:-1\" \/>\n<link rel=\"canonical\" href=\"https:\/\/www.organisator.ch\/fr\/sustainability\/2018-03-12\/trends-bei-der-nachhaltigkeitsberichterstattung\/\" \/>\n<meta property=\"og:locale\" content=\"fr_FR\" \/>\n<meta property=\"og:type\" content=\"article\" \/>\n<meta property=\"og:title\" content=\"Wenn Nachhaltigkeit trendy ist - Organisator\" \/>\n<meta property=\"og:description\" content=\"Die Trends in Berichen zur Nachhaltigkeit verschieben sich. Der WBCSD hat einen Bericht ver\u00f6ffentlicht, der die neuen Dimensionen ausleuchtet.\" \/>\n<meta property=\"og:url\" content=\"https:\/\/www.organisator.ch\/fr\/sustainability\/2018-03-12\/trends-bei-der-nachhaltigkeitsberichterstattung\/\" \/>\n<meta property=\"og:site_name\" content=\"Organisator\" \/>\n<meta property=\"article:publisher\" content=\"https:\/\/www.facebook.com\/OrganisatorFachmagazin\" \/>\n<meta property=\"article:published_time\" content=\"2018-03-12T09:24:21+00:00\" \/>\n<meta property=\"article:modified_time\" content=\"2022-02-09T10:10:09+00:00\" \/>\n<meta property=\"og:image\" content=\"https:\/\/www.organisator.ch\/wp-content\/uploads\/2018\/03\/WBCSD-UP-Umweltperspektiven-Nachhaltigkeitsberichterstattung.jpg\" \/>\n\t<meta property=\"og:image:width\" content=\"833\" \/>\n\t<meta property=\"og:image:height\" content=\"529\" \/>\n\t<meta property=\"og:image:type\" content=\"image\/jpeg\" \/>\n<meta name=\"author\" content=\"michael.merz\" \/>\n<meta name=\"twitter:card\" content=\"summary_large_image\" \/>\n<script type=\"application\/ld+json\" class=\"yoast-schema-graph\">{\"@context\":\"https:\\\/\\\/schema.org\",\"@graph\":[{\"@type\":\"Article\",\"@id\":\"https:\\\/\\\/www.organisator.ch\\\/sustainability\\\/2018-03-12\\\/trends-bei-der-nachhaltigkeitsberichterstattung\\\/#article\",\"isPartOf\":{\"@id\":\"https:\\\/\\\/www.organisator.ch\\\/sustainability\\\/2018-03-12\\\/trends-bei-der-nachhaltigkeitsberichterstattung\\\/\"},\"author\":{\"name\":\"michael.merz\",\"@id\":\"https:\\\/\\\/www.organisator.ch\\\/#\\\/schema\\\/person\\\/134708ca9321c57b0362cceb7948ffbd\"},\"headline\":\"Wenn Nachhaltigkeit trendy ist\",\"datePublished\":\"2018-03-12T09:24:21+00:00\",\"dateModified\":\"2022-02-09T10:10:09+00:00\",\"mainEntityOfPage\":{\"@id\":\"https:\\\/\\\/www.organisator.ch\\\/sustainability\\\/2018-03-12\\\/trends-bei-der-nachhaltigkeitsberichterstattung\\\/\"},\"wordCount\":253,\"commentCount\":0,\"publisher\":{\"@id\":\"https:\\\/\\\/www.organisator.ch\\\/#organization\"},\"image\":{\"@id\":\"https:\\\/\\\/www.organisator.ch\\\/sustainability\\\/2018-03-12\\\/trends-bei-der-nachhaltigkeitsberichterstattung\\\/#primaryimage\"},\"thumbnailUrl\":\"https:\\\/\\\/www.organisator.ch\\\/wp-content\\\/uploads\\\/2018\\\/03\\\/WBCSD-UP-Umweltperspektiven-Nachhaltigkeitsberichterstattung.jpg\",\"keywords\":[\"Medien\",\"Nachhaltigkeit\",\"Sustainability\",\"Trends\"],\"articleSection\":[\"SUSTAINABILITY\"],\"inLanguage\":\"fr-FR\"},{\"@type\":\"WebPage\",\"@id\":\"https:\\\/\\\/www.organisator.ch\\\/sustainability\\\/2018-03-12\\\/trends-bei-der-nachhaltigkeitsberichterstattung\\\/\",\"url\":\"https:\\\/\\\/www.organisator.ch\\\/sustainability\\\/2018-03-12\\\/trends-bei-der-nachhaltigkeitsberichterstattung\\\/\",\"name\":\"Wenn Nachhaltigkeit trendy ist - Organisator\",\"isPartOf\":{\"@id\":\"https:\\\/\\\/www.organisator.ch\\\/#website\"},\"primaryImageOfPage\":{\"@id\":\"https:\\\/\\\/www.organisator.ch\\\/sustainability\\\/2018-03-12\\\/trends-bei-der-nachhaltigkeitsberichterstattung\\\/#primaryimage\"},\"image\":{\"@id\":\"https:\\\/\\\/www.organisator.ch\\\/sustainability\\\/2018-03-12\\\/trends-bei-der-nachhaltigkeitsberichterstattung\\\/#primaryimage\"},\"thumbnailUrl\":\"https:\\\/\\\/www.organisator.ch\\\/wp-content\\\/uploads\\\/2018\\\/03\\\/WBCSD-UP-Umweltperspektiven-Nachhaltigkeitsberichterstattung.jpg\",\"datePublished\":\"2018-03-12T09:24:21+00:00\",\"dateModified\":\"2022-02-09T10:10:09+00:00\",\"description\":\"Die Trends in Berichen zur Nachhaltigkeit verschieben sich. Der WBCSD hat einen Bericht ver\u00f6ffentlicht, der die neuen Dimensionen ausleuchtet.\",\"breadcrumb\":{\"@id\":\"https:\\\/\\\/www.organisator.ch\\\/sustainability\\\/2018-03-12\\\/trends-bei-der-nachhaltigkeitsberichterstattung\\\/#breadcrumb\"},\"inLanguage\":\"fr-FR\",\"potentialAction\":[{\"@type\":\"ReadAction\",\"target\":[\"https:\\\/\\\/www.organisator.ch\\\/sustainability\\\/2018-03-12\\\/trends-bei-der-nachhaltigkeitsberichterstattung\\\/\"]}]},{\"@type\":\"ImageObject\",\"inLanguage\":\"fr-FR\",\"@id\":\"https:\\\/\\\/www.organisator.ch\\\/sustainability\\\/2018-03-12\\\/trends-bei-der-nachhaltigkeitsberichterstattung\\\/#primaryimage\",\"url\":\"https:\\\/\\\/www.organisator.ch\\\/wp-content\\\/uploads\\\/2018\\\/03\\\/WBCSD-UP-Umweltperspektiven-Nachhaltigkeitsberichterstattung.jpg\",\"contentUrl\":\"https:\\\/\\\/www.organisator.ch\\\/wp-content\\\/uploads\\\/2018\\\/03\\\/WBCSD-UP-Umweltperspektiven-Nachhaltigkeitsberichterstattung.jpg\",\"width\":833,\"height\":529},{\"@type\":\"BreadcrumbList\",\"@id\":\"https:\\\/\\\/www.organisator.ch\\\/sustainability\\\/2018-03-12\\\/trends-bei-der-nachhaltigkeitsberichterstattung\\\/#breadcrumb\",\"itemListElement\":[{\"@type\":\"ListItem\",\"position\":1,\"name\":\"Home\",\"item\":\"https:\\\/\\\/www.organisator.ch\\\/\"},{\"@type\":\"ListItem\",\"position\":2,\"name\":\"Wenn Nachhaltigkeit trendy ist\"}]},{\"@type\":\"WebSite\",\"@id\":\"https:\\\/\\\/www.organisator.ch\\\/#website\",\"url\":\"https:\\\/\\\/www.organisator.ch\\\/\",\"name\":\"Organisator\",\"description\":\"Kompetent. Praxisnah. Der ORGANISATOR bereitet in 10 Ausgaben pro Jahr die wesentlichen Themen f\u00fcr F\u00fchrungskr\u00e4fte von KMU auf.\",\"publisher\":{\"@id\":\"https:\\\/\\\/www.organisator.ch\\\/#organization\"},\"potentialAction\":[{\"@type\":\"SearchAction\",\"target\":{\"@type\":\"EntryPoint\",\"urlTemplate\":\"https:\\\/\\\/www.organisator.ch\\\/?s={search_term_string}\"},\"query-input\":{\"@type\":\"PropertyValueSpecification\",\"valueRequired\":true,\"valueName\":\"search_term_string\"}}],\"inLanguage\":\"fr-FR\"},{\"@type\":\"Organization\",\"@id\":\"https:\\\/\\\/www.organisator.ch\\\/#organization\",\"name\":\"Organisator\",\"url\":\"https:\\\/\\\/www.organisator.ch\\\/\",\"logo\":{\"@type\":\"ImageObject\",\"inLanguage\":\"fr-FR\",\"@id\":\"https:\\\/\\\/www.organisator.ch\\\/#\\\/schema\\\/logo\\\/image\\\/\",\"url\":\"https:\\\/\\\/www.organisator.ch\\\/wp-content\\\/uploads\\\/2022\\\/01\\\/Logo_Organisator_Website.png\",\"contentUrl\":\"https:\\\/\\\/www.organisator.ch\\\/wp-content\\\/uploads\\\/2022\\\/01\\\/Logo_Organisator_Website.png\",\"width\":800,\"height\":77,\"caption\":\"Organisator\"},\"image\":{\"@id\":\"https:\\\/\\\/www.organisator.ch\\\/#\\\/schema\\\/logo\\\/image\\\/\"},\"sameAs\":[\"https:\\\/\\\/www.facebook.com\\\/OrganisatorFachmagazin\",\"https:\\\/\\\/www.linkedin.com\\\/showcase\\\/organisator-das-magazin-fr-kmu\",\"https:\\\/\\\/www.xing.com\\\/news\\\/pages\\\/organisator-ch-695\",\"https:\\\/\\\/www.youtube.com\\\/channel\\\/UCGP2Sq0iWaZwT3BdIAQFYpw\"]},{\"@type\":\"Person\",\"@id\":\"https:\\\/\\\/www.organisator.ch\\\/#\\\/schema\\\/person\\\/134708ca9321c57b0362cceb7948ffbd\",\"name\":\"michael.merz\",\"image\":{\"@type\":\"ImageObject\",\"inLanguage\":\"fr-FR\",\"@id\":\"https:\\\/\\\/secure.gravatar.com\\\/avatar\\\/?s=96&d=mm&r=g\",\"url\":\"https:\\\/\\\/secure.gravatar.com\\\/avatar\\\/?s=96&d=mm&r=g\",\"contentUrl\":\"https:\\\/\\\/secure.gravatar.com\\\/avatar\\\/?s=96&d=mm&r=g\",\"caption\":\"michael.merz\"},\"url\":\"https:\\\/\\\/www.organisator.ch\\\/fr\\\/author\\\/michael-merz\\\/\"}]}<\/script>\n<!-- \/ Yoast SEO plugin. -->","yoast_head_json":{"title":"Quand le d\u00e9veloppement durable devient tendance - Organisateur","description":"Les tendances dans les rapports sur la durabilit\u00e9 se d\u00e9placent. Le WBCSD a publi\u00e9 un rapport qui met en lumi\u00e8re les nouvelles dimensions.","robots":{"index":"index","follow":"follow","max-snippet":"max-snippet:-1","max-image-preview":"max-image-preview:large","max-video-preview":"max-video-preview:-1"},"canonical":"https:\/\/www.organisator.ch\/fr\/sustainability\/2018-03-12\/trends-bei-der-nachhaltigkeitsberichterstattung\/","og_locale":"fr_FR","og_type":"article","og_title":"Wenn Nachhaltigkeit trendy ist - Organisator","og_description":"Die Trends in Berichen zur Nachhaltigkeit verschieben sich. Der WBCSD hat einen Bericht ver\u00f6ffentlicht, der die neuen Dimensionen ausleuchtet.","og_url":"https:\/\/www.organisator.ch\/fr\/sustainability\/2018-03-12\/trends-bei-der-nachhaltigkeitsberichterstattung\/","og_site_name":"Organisator","article_publisher":"https:\/\/www.facebook.com\/OrganisatorFachmagazin","article_published_time":"2018-03-12T09:24:21+00:00","article_modified_time":"2022-02-09T10:10:09+00:00","og_image":[{"width":833,"height":529,"url":"https:\/\/www.organisator.ch\/wp-content\/uploads\/2018\/03\/WBCSD-UP-Umweltperspektiven-Nachhaltigkeitsberichterstattung.jpg","type":"image\/jpeg"}],"author":"michael.merz","twitter_card":"summary_large_image","schema":{"@context":"https:\/\/schema.org","@graph":[{"@type":"Article","@id":"https:\/\/www.organisator.ch\/sustainability\/2018-03-12\/trends-bei-der-nachhaltigkeitsberichterstattung\/#article","isPartOf":{"@id":"https:\/\/www.organisator.ch\/sustainability\/2018-03-12\/trends-bei-der-nachhaltigkeitsberichterstattung\/"},"author":{"name":"michael.merz","@id":"https:\/\/www.organisator.ch\/#\/schema\/person\/134708ca9321c57b0362cceb7948ffbd"},"headline":"Wenn Nachhaltigkeit trendy ist","datePublished":"2018-03-12T09:24:21+00:00","dateModified":"2022-02-09T10:10:09+00:00","mainEntityOfPage":{"@id":"https:\/\/www.organisator.ch\/sustainability\/2018-03-12\/trends-bei-der-nachhaltigkeitsberichterstattung\/"},"wordCount":253,"commentCount":0,"publisher":{"@id":"https:\/\/www.organisator.ch\/#organization"},"image":{"@id":"https:\/\/www.organisator.ch\/sustainability\/2018-03-12\/trends-bei-der-nachhaltigkeitsberichterstattung\/#primaryimage"},"thumbnailUrl":"https:\/\/www.organisator.ch\/wp-content\/uploads\/2018\/03\/WBCSD-UP-Umweltperspektiven-Nachhaltigkeitsberichterstattung.jpg","keywords":["Medien","Nachhaltigkeit","Sustainability","Trends"],"articleSection":["SUSTAINABILITY"],"inLanguage":"fr-FR"},{"@type":"WebPage","@id":"https:\/\/www.organisator.ch\/sustainability\/2018-03-12\/trends-bei-der-nachhaltigkeitsberichterstattung\/","url":"https:\/\/www.organisator.ch\/sustainability\/2018-03-12\/trends-bei-der-nachhaltigkeitsberichterstattung\/","name":"Quand le d\u00e9veloppement durable devient tendance - Organisateur","isPartOf":{"@id":"https:\/\/www.organisator.ch\/#website"},"primaryImageOfPage":{"@id":"https:\/\/www.organisator.ch\/sustainability\/2018-03-12\/trends-bei-der-nachhaltigkeitsberichterstattung\/#primaryimage"},"image":{"@id":"https:\/\/www.organisator.ch\/sustainability\/2018-03-12\/trends-bei-der-nachhaltigkeitsberichterstattung\/#primaryimage"},"thumbnailUrl":"https:\/\/www.organisator.ch\/wp-content\/uploads\/2018\/03\/WBCSD-UP-Umweltperspektiven-Nachhaltigkeitsberichterstattung.jpg","datePublished":"2018-03-12T09:24:21+00:00","dateModified":"2022-02-09T10:10:09+00:00","description":"Les tendances dans les rapports sur la durabilit\u00e9 se d\u00e9placent. Le WBCSD a publi\u00e9 un rapport qui met en lumi\u00e8re les nouvelles dimensions.","breadcrumb":{"@id":"https:\/\/www.organisator.ch\/sustainability\/2018-03-12\/trends-bei-der-nachhaltigkeitsberichterstattung\/#breadcrumb"},"inLanguage":"fr-FR","potentialAction":[{"@type":"ReadAction","target":["https:\/\/www.organisator.ch\/sustainability\/2018-03-12\/trends-bei-der-nachhaltigkeitsberichterstattung\/"]}]},{"@type":"ImageObject","inLanguage":"fr-FR","@id":"https:\/\/www.organisator.ch\/sustainability\/2018-03-12\/trends-bei-der-nachhaltigkeitsberichterstattung\/#primaryimage","url":"https:\/\/www.organisator.ch\/wp-content\/uploads\/2018\/03\/WBCSD-UP-Umweltperspektiven-Nachhaltigkeitsberichterstattung.jpg","contentUrl":"https:\/\/www.organisator.ch\/wp-content\/uploads\/2018\/03\/WBCSD-UP-Umweltperspektiven-Nachhaltigkeitsberichterstattung.jpg","width":833,"height":529},{"@type":"BreadcrumbList","@id":"https:\/\/www.organisator.ch\/sustainability\/2018-03-12\/trends-bei-der-nachhaltigkeitsberichterstattung\/#breadcrumb","itemListElement":[{"@type":"ListItem","position":1,"name":"Home","item":"https:\/\/www.organisator.ch\/"},{"@type":"ListItem","position":2,"name":"Wenn Nachhaltigkeit trendy ist"}]},{"@type":"WebSite","@id":"https:\/\/www.organisator.ch\/#website","url":"https:\/\/www.organisator.ch\/","name":"Organisateur","description":"Comp\u00e9tence et comp\u00e9tence. Proches de la pratique. L'ORGANISATEUR pr\u00e9pare 10 num\u00e9ros par an sur les th\u00e8mes essentiels pour les dirigeants de PME.","publisher":{"@id":"https:\/\/www.organisator.ch\/#organization"},"potentialAction":[{"@type":"SearchAction","target":{"@type":"EntryPoint","urlTemplate":"https:\/\/www.organisator.ch\/?s={search_term_string}"},"query-input":{"@type":"PropertyValueSpecification","valueRequired":true,"valueName":"search_term_string"}}],"inLanguage":"fr-FR"},{"@type":"Organization","@id":"https:\/\/www.organisator.ch\/#organization","name":"Organisateur","url":"https:\/\/www.organisator.ch\/","logo":{"@type":"ImageObject","inLanguage":"fr-FR","@id":"https:\/\/www.organisator.ch\/#\/schema\/logo\/image\/","url":"https:\/\/www.organisator.ch\/wp-content\/uploads\/2022\/01\/Logo_Organisator_Website.png","contentUrl":"https:\/\/www.organisator.ch\/wp-content\/uploads\/2022\/01\/Logo_Organisator_Website.png","width":800,"height":77,"caption":"Organisator"},"image":{"@id":"https:\/\/www.organisator.ch\/#\/schema\/logo\/image\/"},"sameAs":["https:\/\/www.facebook.com\/OrganisatorFachmagazin","https:\/\/www.linkedin.com\/showcase\/organisator-das-magazin-fr-kmu","https:\/\/www.xing.com\/news\/pages\/organisator-ch-695","https:\/\/www.youtube.com\/channel\/UCGP2Sq0iWaZwT3BdIAQFYpw"]},{"@type":"Person","@id":"https:\/\/www.organisator.ch\/#\/schema\/person\/134708ca9321c57b0362cceb7948ffbd","name":"michael.merz","image":{"@type":"ImageObject","inLanguage":"fr-FR","@id":"https:\/\/secure.gravatar.com\/avatar\/?s=96&d=mm&r=g","url":"https:\/\/secure.gravatar.com\/avatar\/?s=96&d=mm&r=g","contentUrl":"https:\/\/secure.gravatar.com\/avatar\/?s=96&d=mm&r=g","caption":"michael.merz"},"url":"https:\/\/www.organisator.ch\/fr\/author\/michael-merz\/"}]}},"_links":{"self":[{"href":"https:\/\/www.organisator.ch\/fr\/wp-json\/wp\/v2\/posts\/10037","targetHints":{"allow":["GET"]}}],"collection":[{"href":"https:\/\/www.organisator.ch\/fr\/wp-json\/wp\/v2\/posts"}],"about":[{"href":"https:\/\/www.organisator.ch\/fr\/wp-json\/wp\/v2\/types\/post"}],"author":[{"embeddable":true,"href":"https:\/\/www.organisator.ch\/fr\/wp-json\/wp\/v2\/users\/5"}],"replies":[{"embeddable":true,"href":"https:\/\/www.organisator.ch\/fr\/wp-json\/wp\/v2\/comments?post=10037"}],"version-history":[{"count":1,"href":"https:\/\/www.organisator.ch\/fr\/wp-json\/wp\/v2\/posts\/10037\/revisions"}],"predecessor-version":[{"id":10925,"href":"https:\/\/www.organisator.ch\/fr\/wp-json\/wp\/v2\/posts\/10037\/revisions\/10925"}],"wp:featuredmedia":[{"embeddable":true,"href":"https:\/\/www.organisator.ch\/fr\/wp-json\/wp\/v2\/media\/9543"}],"wp:attachment":[{"href":"https:\/\/www.organisator.ch\/fr\/wp-json\/wp\/v2\/media?parent=10037"}],"wp:term":[{"taxonomy":"category","embeddable":true,"href":"https:\/\/www.organisator.ch\/fr\/wp-json\/wp\/v2\/categories?post=10037"},{"taxonomy":"post_tag","embeddable":true,"href":"https:\/\/www.organisator.ch\/fr\/wp-json\/wp\/v2\/tags?post=10037"}],"curies":[{"name":"wp","href":"https:\/\/api.w.org\/{rel}","templated":true}]}}