{"id":10038,"date":"2018-03-13T10:19:55","date_gmt":"2018-03-13T09:19:55","guid":{"rendered":"https:\/\/www.umweltperspektiven.ch\/?p=1586"},"modified":"2018-03-13T10:19:55","modified_gmt":"2018-03-13T09:19:55","slug":"vorstandserweiterung-bei-swisscleantech","status":"publish","type":"post","link":"https:\/\/www.organisator.ch\/fr\/allgemein\/2018-03-13\/vorstandserweiterung-bei-swisscleantech\/","title":{"rendered":"\u00c9largissement du comit\u00e9 directeur de swisscleantech"},"content":{"rendered":"<figure id=\"attachment_1587\" aria-describedby=\"caption-attachment-1587\" style=\"width: 640px\" class=\"wp-caption alignnone\"><img loading=\"lazy\" decoding=\"async\" class=\"size-full wp-image-1587\" src=\"\/\/www.umweltperspektiven.ch\/wp-content\/uploads\/2018\/03\/Der-Wirtschaftsverband-swisscleantech-treibt-seine-Neuausrichtung-up-umweltperspektiven.jpg\" alt=\"\" width=\"640\" height=\"427\" \/><figcaption id=\"caption-attachment-1587\" class=\"wp-caption-text\">L'association swisscleantech s'est fix\u00e9 quelques objectifs environnementaux pour 2018, parmi lesquels ne figure pas seulement l'\u00e9nergie \u00e9olienne. (Image : depositphotos)<\/figcaption><\/figure>\n<p><span style=\"font-size: 10.0pt; font-family: 'Arial','sans-serif';\">swisscleantech se r\u00e9jouit beaucoup de la collaboration avec les membres du comit\u00e9 nouvellement \u00e9lus. Les objectifs cl\u00e9s pour les ann\u00e9es \u00e0 venir sont la mise en \u0153uvre de l'accord de Paris sur le climat, la r\u00e9alisation d'une Suisse sans \u00e9nergie fossile apr\u00e8s 2050 et d'un approvisionnement en \u00e9lectricit\u00e9 s\u00fbr, ainsi que le soutien de mod\u00e8les d'entreprise innovants.<\/span><\/p>\n<p><strong><span style=\"font-size: 10.0pt; font-family: 'Arial','sans-serif';\">Nouveaux membres du comit\u00e9 directeur issus de domaines intersectoriels<\/span><\/strong><\/p>\n<p><span style=\"font-size: 10.0pt; font-family: 'Arial','sans-serif';\">Carsten Bopp est propri\u00e9taire de Bopp Consulting GmbH, une soci\u00e9t\u00e9 de conseil dans les domaines de la gestion g\u00e9n\u00e9rale, des ressources humaines ainsi que du marketing et de la communication. Ancien pr\u00e9sident du conseil d'administration de Bombardier et membre du conseil d'administration de House of Logistics &amp; Mobility (HOLM), Carsten Bopp s'engage depuis longtemps pour une mobilit\u00e9 efficace, s\u00fbre et respectueuse de l'environnement.<\/span><\/p>\n<p><span style=\"font-size: 10.0pt; font-family: 'Arial','sans-serif';\">Fabian Etter est membre du conseil d'administration d'Elektro Etter AG. L'entreprise familiale est sp\u00e9cialis\u00e9e dans la planification, l'installation et la vente d'installations \u00e9lectriques. L'efficacit\u00e9 \u00e9nerg\u00e9tique et la promotion des \u00e9nergies renouvelables sont au c\u0153ur de ses pr\u00e9occupations. Sur le plan op\u00e9rationnel, il travaille chez Swisscom en tant que Head of Innovation for Workspace &amp; Collaboration.<\/span><\/p>\n<p><span style=\"font-size: 10.0pt; font-family: 'Arial','sans-serif';\">Lorenz Isler a d'abord \u00e9t\u00e9 Sustainability Manager chez Microsoft et occupe le m\u00eame poste chez IKEA Suisse depuis 2013. Cet \u00e9conomiste d'entreprise HSG met \u00e9galement en pratique dans sa vie priv\u00e9e son engagement professionnel pour une vie respectueuse des ressources et g\u00e8re en outre un concept store \u00e0 Zurich. Depuis, nous avons d\u00e9j\u00e0 eu l'occasion de collaborer tr\u00e8s \u00e9troitement avec IKEA Suisse dans le cadre de diff\u00e9rents projets.<\/span><\/p>\n<p><span style=\"font-size: 10.0pt; font-family: 'Arial','sans-serif';\">C\u00e9dric Jeanneret est membre de la direction des Services Industriels Gen\u00e8ve (SIG) et remplace Robert V\u00f6lki, membre de notre comit\u00e9 directeur depuis de nombreuses ann\u00e9es, qui va prendre de nouvelles fonctions au sein des SIG. Les Services Industriels de Gen\u00e8ve (SIG) sont une entreprise d'infrastructure dans les domaines de l'eau potable, des eaux us\u00e9es, de l'\u00e9limination des d\u00e9chets et de la distribution et production d'\u00e9lectricit\u00e9 ainsi que de la fourniture de gaz naturel et de chaleur, avec un accent particulier sur les \u00e9nergies renouvelables.<\/span><\/p>\n<p><span style=\"font-size: 10.0pt; font-family: 'Arial','sans-serif';\">Matthias Schwendimann est pr\u00e9sident administratif et directeur g\u00e9n\u00e9ral de Schwendimann AG. L'entreprise familiale est le plus grand prestataire priv\u00e9 dans le domaine de l'\u00e9limination des d\u00e9chets dans l'agglom\u00e9ration bernoise et dispose d'une longue exp\u00e9rience dans l'\u00e9limination des d\u00e9chets de toutes sortes. Une \u00e9conomie adapt\u00e9e aux petits-enfants tient beaucoup \u00e0 c\u0153ur \u00e0 Schwendimann AG, qui a donc \u00e9largi son champ d'action avec la solution d'\u00e9limination durable et \u00e9conomique System-Alpenluft AG.<\/span><\/p>\n<p><span style=\"font-size: 10.0pt; font-family: 'Arial','sans-serif';\">Christina W\u00fcrthner a une longue exp\u00e9rience dans la cr\u00e9ation, la restructuration et le d\u00e9veloppement d'activit\u00e9s internationales et fait partie de l'\u00e9quipe op\u00e9rationnelle d'enersis depuis 2015 en tant que CFO &amp; Head of Group Strategy. L'entreprise est une plateforme de big data qui aide les entreprises, les villes et les citoyens \u00e0 ma\u00eetriser la transformation num\u00e9rique, en particulier la transition \u00e9nerg\u00e9tique num\u00e9rique.<\/span><\/p>\n<p><a href=\"\/\/www.swisscleantech.ch\/\">www.swisscleantech.ch\/<\/a><\/p>","protected":false},"excerpt":{"rendered":"<p>swisscleantech freut sich sehr auf die Zusammenarbeit mit den neugew\u00e4hlten Vorstandsmitgliedern. Kernziele f\u00fcr die kommenden Jahre sind die Umsetzung des Pariser Klimaabkommens, die Durchsetzung einer fossilfreien Schweiz nach 2050 und einer sicheren Stromversorgung sowie die Unterst\u00fctzung von innovativen Businessmodellen. Neue Vorstandsmitglieder aus branchen\u00fcbergreifenden Bereichen Carsten Bopp ist Inhaber der Bopp Consulting GmbH, einer Beratungsfirma in [&hellip;]<\/p>\n","protected":false},"author":5,"featured_media":9544,"comment_status":"open","ping_status":"open","sticky":false,"template":"","format":"standard","meta":{"_acf_changed":false,"_yoast_wpseo_focuskw":"swisscleantech","_yoast_wpseo_metadesc":"Der Schweizer Wirtschaftsverband swisscleantech treibt dieses Jahr seine Neuausrichtung auch mit einer Vorstandserweiterung voran.","articlekey":"","footnotes":""},"categories":[1],"tags":[381,2266],"class_list":["post-10038","post","type-post","status-publish","format-standard","has-post-thumbnail","hentry","category-allgemein","tag-personalia","tag-swisscleantech"],"acf":[],"yoast_head":"<!-- This site is optimized with the Yoast SEO plugin v27.4 - https:\/\/yoast.com\/product\/yoast-seo-wordpress\/ -->\n<title>Vorstandserweiterung bei swisscleantech - Organisator<\/title>\n<meta name=\"description\" content=\"Der Schweizer Wirtschaftsverband swisscleantech treibt dieses Jahr seine Neuausrichtung auch mit einer Vorstandserweiterung voran.\" \/>\n<meta name=\"robots\" content=\"index, follow, max-snippet:-1, max-image-preview:large, max-video-preview:-1\" \/>\n<link rel=\"canonical\" href=\"https:\/\/www.organisator.ch\/fr\/general\/2018-03-13\/vorstandserweiterung-bei-swisscleantech\/\" \/>\n<meta property=\"og:locale\" content=\"fr_FR\" \/>\n<meta property=\"og:type\" content=\"article\" \/>\n<meta property=\"og:title\" content=\"Vorstandserweiterung bei swisscleantech - Organisator\" \/>\n<meta property=\"og:description\" content=\"Der Schweizer Wirtschaftsverband swisscleantech treibt dieses Jahr seine Neuausrichtung auch mit einer Vorstandserweiterung voran.\" \/>\n<meta property=\"og:url\" content=\"https:\/\/www.organisator.ch\/fr\/general\/2018-03-13\/vorstandserweiterung-bei-swisscleantech\/\" \/>\n<meta property=\"og:site_name\" content=\"Organisator\" \/>\n<meta property=\"article:publisher\" content=\"https:\/\/www.facebook.com\/OrganisatorFachmagazin\" \/>\n<meta property=\"article:published_time\" content=\"2018-03-13T09:19:55+00:00\" \/>\n<meta property=\"og:image\" content=\"https:\/\/www.organisator.ch\/wp-content\/uploads\/2018\/03\/Der-Wirtschaftsverband-swisscleantech-treibt-seine-Neuausrichtung-up-umweltperspektiven.jpg\" \/>\n\t<meta property=\"og:image:width\" content=\"640\" \/>\n\t<meta property=\"og:image:height\" content=\"427\" \/>\n\t<meta property=\"og:image:type\" content=\"image\/jpeg\" \/>\n<meta name=\"author\" content=\"michael.merz\" \/>\n<meta name=\"twitter:card\" content=\"summary_large_image\" \/>\n<script type=\"application\/ld+json\" class=\"yoast-schema-graph\">{\"@context\":\"https:\\\/\\\/schema.org\",\"@graph\":[{\"@type\":\"Article\",\"@id\":\"https:\\\/\\\/www.organisator.ch\\\/fr\\\/general\\\/2018-03-13\\\/vorstandserweiterung-bei-swisscleantech\\\/#article\",\"isPartOf\":{\"@id\":\"https:\\\/\\\/www.organisator.ch\\\/fr\\\/general\\\/2018-03-13\\\/vorstandserweiterung-bei-swisscleantech\\\/\"},\"author\":{\"name\":\"michael.merz\",\"@id\":\"https:\\\/\\\/www.organisator.ch\\\/#\\\/schema\\\/person\\\/134708ca9321c57b0362cceb7948ffbd\"},\"headline\":\"Vorstandserweiterung bei swisscleantech\",\"datePublished\":\"2018-03-13T09:19:55+00:00\",\"mainEntityOfPage\":{\"@id\":\"https:\\\/\\\/www.organisator.ch\\\/fr\\\/general\\\/2018-03-13\\\/vorstandserweiterung-bei-swisscleantech\\\/\"},\"wordCount\":413,\"commentCount\":0,\"publisher\":{\"@id\":\"https:\\\/\\\/www.organisator.ch\\\/#organization\"},\"image\":{\"@id\":\"https:\\\/\\\/www.organisator.ch\\\/fr\\\/general\\\/2018-03-13\\\/vorstandserweiterung-bei-swisscleantech\\\/#primaryimage\"},\"thumbnailUrl\":\"https:\\\/\\\/www.organisator.ch\\\/wp-content\\\/uploads\\\/2018\\\/03\\\/Der-Wirtschaftsverband-swisscleantech-treibt-seine-Neuausrichtung-up-umweltperspektiven.jpg\",\"keywords\":[\"Personalia\",\"swisscleantech\"],\"articleSection\":[\"Allgemein\"],\"inLanguage\":\"fr-FR\"},{\"@type\":\"WebPage\",\"@id\":\"https:\\\/\\\/www.organisator.ch\\\/fr\\\/general\\\/2018-03-13\\\/vorstandserweiterung-bei-swisscleantech\\\/\",\"url\":\"https:\\\/\\\/www.organisator.ch\\\/fr\\\/general\\\/2018-03-13\\\/vorstandserweiterung-bei-swisscleantech\\\/\",\"name\":\"Vorstandserweiterung bei swisscleantech - Organisator\",\"isPartOf\":{\"@id\":\"https:\\\/\\\/www.organisator.ch\\\/#website\"},\"primaryImageOfPage\":{\"@id\":\"https:\\\/\\\/www.organisator.ch\\\/fr\\\/general\\\/2018-03-13\\\/vorstandserweiterung-bei-swisscleantech\\\/#primaryimage\"},\"image\":{\"@id\":\"https:\\\/\\\/www.organisator.ch\\\/fr\\\/general\\\/2018-03-13\\\/vorstandserweiterung-bei-swisscleantech\\\/#primaryimage\"},\"thumbnailUrl\":\"https:\\\/\\\/www.organisator.ch\\\/wp-content\\\/uploads\\\/2018\\\/03\\\/Der-Wirtschaftsverband-swisscleantech-treibt-seine-Neuausrichtung-up-umweltperspektiven.jpg\",\"datePublished\":\"2018-03-13T09:19:55+00:00\",\"description\":\"Der Schweizer Wirtschaftsverband swisscleantech treibt dieses Jahr seine Neuausrichtung auch mit einer Vorstandserweiterung voran.\",\"breadcrumb\":{\"@id\":\"https:\\\/\\\/www.organisator.ch\\\/fr\\\/general\\\/2018-03-13\\\/vorstandserweiterung-bei-swisscleantech\\\/#breadcrumb\"},\"inLanguage\":\"fr-FR\",\"potentialAction\":[{\"@type\":\"ReadAction\",\"target\":[\"https:\\\/\\\/www.organisator.ch\\\/fr\\\/general\\\/2018-03-13\\\/vorstandserweiterung-bei-swisscleantech\\\/\"]}]},{\"@type\":\"ImageObject\",\"inLanguage\":\"fr-FR\",\"@id\":\"https:\\\/\\\/www.organisator.ch\\\/fr\\\/general\\\/2018-03-13\\\/vorstandserweiterung-bei-swisscleantech\\\/#primaryimage\",\"url\":\"https:\\\/\\\/www.organisator.ch\\\/wp-content\\\/uploads\\\/2018\\\/03\\\/Der-Wirtschaftsverband-swisscleantech-treibt-seine-Neuausrichtung-up-umweltperspektiven.jpg\",\"contentUrl\":\"https:\\\/\\\/www.organisator.ch\\\/wp-content\\\/uploads\\\/2018\\\/03\\\/Der-Wirtschaftsverband-swisscleantech-treibt-seine-Neuausrichtung-up-umweltperspektiven.jpg\",\"width\":640,\"height\":427,\"caption\":\"Der Verband swisscleantech hat sich f\u00fcr 2018 einige Umweltziele gesetzt, darunter f\u00e4llt nicht nur die Windenergie. (Bild: depositphotos)\"},{\"@type\":\"BreadcrumbList\",\"@id\":\"https:\\\/\\\/www.organisator.ch\\\/fr\\\/general\\\/2018-03-13\\\/vorstandserweiterung-bei-swisscleantech\\\/#breadcrumb\",\"itemListElement\":[{\"@type\":\"ListItem\",\"position\":1,\"name\":\"Home\",\"item\":\"https:\\\/\\\/www.organisator.ch\\\/\"},{\"@type\":\"ListItem\",\"position\":2,\"name\":\"Vorstandserweiterung bei swisscleantech\"}]},{\"@type\":\"WebSite\",\"@id\":\"https:\\\/\\\/www.organisator.ch\\\/#website\",\"url\":\"https:\\\/\\\/www.organisator.ch\\\/\",\"name\":\"Organisator\",\"description\":\"Kompetent. Praxisnah. Der ORGANISATOR bereitet in 10 Ausgaben pro Jahr die wesentlichen Themen f\u00fcr F\u00fchrungskr\u00e4fte von KMU auf.\",\"publisher\":{\"@id\":\"https:\\\/\\\/www.organisator.ch\\\/#organization\"},\"potentialAction\":[{\"@type\":\"SearchAction\",\"target\":{\"@type\":\"EntryPoint\",\"urlTemplate\":\"https:\\\/\\\/www.organisator.ch\\\/?s={search_term_string}\"},\"query-input\":{\"@type\":\"PropertyValueSpecification\",\"valueRequired\":true,\"valueName\":\"search_term_string\"}}],\"inLanguage\":\"fr-FR\"},{\"@type\":\"Organization\",\"@id\":\"https:\\\/\\\/www.organisator.ch\\\/#organization\",\"name\":\"Organisator\",\"url\":\"https:\\\/\\\/www.organisator.ch\\\/\",\"logo\":{\"@type\":\"ImageObject\",\"inLanguage\":\"fr-FR\",\"@id\":\"https:\\\/\\\/www.organisator.ch\\\/#\\\/schema\\\/logo\\\/image\\\/\",\"url\":\"https:\\\/\\\/www.organisator.ch\\\/wp-content\\\/uploads\\\/2022\\\/01\\\/Logo_Organisator_Website.png\",\"contentUrl\":\"https:\\\/\\\/www.organisator.ch\\\/wp-content\\\/uploads\\\/2022\\\/01\\\/Logo_Organisator_Website.png\",\"width\":800,\"height\":77,\"caption\":\"Organisator\"},\"image\":{\"@id\":\"https:\\\/\\\/www.organisator.ch\\\/#\\\/schema\\\/logo\\\/image\\\/\"},\"sameAs\":[\"https:\\\/\\\/www.facebook.com\\\/OrganisatorFachmagazin\",\"https:\\\/\\\/www.linkedin.com\\\/showcase\\\/organisator-das-magazin-fr-kmu\",\"https:\\\/\\\/www.xing.com\\\/news\\\/pages\\\/organisator-ch-695\",\"https:\\\/\\\/www.youtube.com\\\/channel\\\/UCGP2Sq0iWaZwT3BdIAQFYpw\"]},{\"@type\":\"Person\",\"@id\":\"https:\\\/\\\/www.organisator.ch\\\/#\\\/schema\\\/person\\\/134708ca9321c57b0362cceb7948ffbd\",\"name\":\"michael.merz\",\"image\":{\"@type\":\"ImageObject\",\"inLanguage\":\"fr-FR\",\"@id\":\"https:\\\/\\\/secure.gravatar.com\\\/avatar\\\/?s=96&d=mm&r=g\",\"url\":\"https:\\\/\\\/secure.gravatar.com\\\/avatar\\\/?s=96&d=mm&r=g\",\"contentUrl\":\"https:\\\/\\\/secure.gravatar.com\\\/avatar\\\/?s=96&d=mm&r=g\",\"caption\":\"michael.merz\"},\"url\":\"https:\\\/\\\/www.organisator.ch\\\/fr\\\/author\\\/michael-merz\\\/\"}]}<\/script>\n<!-- \/ Yoast SEO plugin. -->","yoast_head_json":{"title":"Elargissement du comit\u00e9 directeur de swisscleantech - Organisateur","description":"Cette ann\u00e9e, l'association \u00e9conomique suisse swisscleantech poursuit sa r\u00e9orientation en \u00e9largissant \u00e9galement son comit\u00e9.","robots":{"index":"index","follow":"follow","max-snippet":"max-snippet:-1","max-image-preview":"max-image-preview:large","max-video-preview":"max-video-preview:-1"},"canonical":"https:\/\/www.organisator.ch\/fr\/general\/2018-03-13\/vorstandserweiterung-bei-swisscleantech\/","og_locale":"fr_FR","og_type":"article","og_title":"Vorstandserweiterung bei swisscleantech - Organisator","og_description":"Der Schweizer Wirtschaftsverband swisscleantech treibt dieses Jahr seine Neuausrichtung auch mit einer Vorstandserweiterung voran.","og_url":"https:\/\/www.organisator.ch\/fr\/general\/2018-03-13\/vorstandserweiterung-bei-swisscleantech\/","og_site_name":"Organisator","article_publisher":"https:\/\/www.facebook.com\/OrganisatorFachmagazin","article_published_time":"2018-03-13T09:19:55+00:00","og_image":[{"width":640,"height":427,"url":"https:\/\/www.organisator.ch\/wp-content\/uploads\/2018\/03\/Der-Wirtschaftsverband-swisscleantech-treibt-seine-Neuausrichtung-up-umweltperspektiven.jpg","type":"image\/jpeg"}],"author":"michael.merz","twitter_card":"summary_large_image","schema":{"@context":"https:\/\/schema.org","@graph":[{"@type":"Article","@id":"https:\/\/www.organisator.ch\/fr\/general\/2018-03-13\/vorstandserweiterung-bei-swisscleantech\/#article","isPartOf":{"@id":"https:\/\/www.organisator.ch\/fr\/general\/2018-03-13\/vorstandserweiterung-bei-swisscleantech\/"},"author":{"name":"michael.merz","@id":"https:\/\/www.organisator.ch\/#\/schema\/person\/134708ca9321c57b0362cceb7948ffbd"},"headline":"Vorstandserweiterung bei swisscleantech","datePublished":"2018-03-13T09:19:55+00:00","mainEntityOfPage":{"@id":"https:\/\/www.organisator.ch\/fr\/general\/2018-03-13\/vorstandserweiterung-bei-swisscleantech\/"},"wordCount":413,"commentCount":0,"publisher":{"@id":"https:\/\/www.organisator.ch\/#organization"},"image":{"@id":"https:\/\/www.organisator.ch\/fr\/general\/2018-03-13\/vorstandserweiterung-bei-swisscleantech\/#primaryimage"},"thumbnailUrl":"https:\/\/www.organisator.ch\/wp-content\/uploads\/2018\/03\/Der-Wirtschaftsverband-swisscleantech-treibt-seine-Neuausrichtung-up-umweltperspektiven.jpg","keywords":["Personalia","swisscleantech"],"articleSection":["Allgemein"],"inLanguage":"fr-FR"},{"@type":"WebPage","@id":"https:\/\/www.organisator.ch\/fr\/general\/2018-03-13\/vorstandserweiterung-bei-swisscleantech\/","url":"https:\/\/www.organisator.ch\/fr\/general\/2018-03-13\/vorstandserweiterung-bei-swisscleantech\/","name":"Elargissement du comit\u00e9 directeur de swisscleantech - Organisateur","isPartOf":{"@id":"https:\/\/www.organisator.ch\/#website"},"primaryImageOfPage":{"@id":"https:\/\/www.organisator.ch\/fr\/general\/2018-03-13\/vorstandserweiterung-bei-swisscleantech\/#primaryimage"},"image":{"@id":"https:\/\/www.organisator.ch\/fr\/general\/2018-03-13\/vorstandserweiterung-bei-swisscleantech\/#primaryimage"},"thumbnailUrl":"https:\/\/www.organisator.ch\/wp-content\/uploads\/2018\/03\/Der-Wirtschaftsverband-swisscleantech-treibt-seine-Neuausrichtung-up-umweltperspektiven.jpg","datePublished":"2018-03-13T09:19:55+00:00","description":"Cette ann\u00e9e, l'association \u00e9conomique suisse swisscleantech poursuit sa r\u00e9orientation en \u00e9largissant \u00e9galement son comit\u00e9.","breadcrumb":{"@id":"https:\/\/www.organisator.ch\/fr\/general\/2018-03-13\/vorstandserweiterung-bei-swisscleantech\/#breadcrumb"},"inLanguage":"fr-FR","potentialAction":[{"@type":"ReadAction","target":["https:\/\/www.organisator.ch\/fr\/general\/2018-03-13\/vorstandserweiterung-bei-swisscleantech\/"]}]},{"@type":"ImageObject","inLanguage":"fr-FR","@id":"https:\/\/www.organisator.ch\/fr\/general\/2018-03-13\/vorstandserweiterung-bei-swisscleantech\/#primaryimage","url":"https:\/\/www.organisator.ch\/wp-content\/uploads\/2018\/03\/Der-Wirtschaftsverband-swisscleantech-treibt-seine-Neuausrichtung-up-umweltperspektiven.jpg","contentUrl":"https:\/\/www.organisator.ch\/wp-content\/uploads\/2018\/03\/Der-Wirtschaftsverband-swisscleantech-treibt-seine-Neuausrichtung-up-umweltperspektiven.jpg","width":640,"height":427,"caption":"Der Verband swisscleantech hat sich f\u00fcr 2018 einige Umweltziele gesetzt, darunter f\u00e4llt nicht nur die Windenergie. (Bild: depositphotos)"},{"@type":"BreadcrumbList","@id":"https:\/\/www.organisator.ch\/fr\/general\/2018-03-13\/vorstandserweiterung-bei-swisscleantech\/#breadcrumb","itemListElement":[{"@type":"ListItem","position":1,"name":"Home","item":"https:\/\/www.organisator.ch\/"},{"@type":"ListItem","position":2,"name":"Vorstandserweiterung bei swisscleantech"}]},{"@type":"WebSite","@id":"https:\/\/www.organisator.ch\/#website","url":"https:\/\/www.organisator.ch\/","name":"Organisateur","description":"Comp\u00e9tence et comp\u00e9tence. Proches de la pratique. L'ORGANISATEUR pr\u00e9pare 10 num\u00e9ros par an sur les th\u00e8mes essentiels pour les dirigeants de PME.","publisher":{"@id":"https:\/\/www.organisator.ch\/#organization"},"potentialAction":[{"@type":"SearchAction","target":{"@type":"EntryPoint","urlTemplate":"https:\/\/www.organisator.ch\/?s={search_term_string}"},"query-input":{"@type":"PropertyValueSpecification","valueRequired":true,"valueName":"search_term_string"}}],"inLanguage":"fr-FR"},{"@type":"Organization","@id":"https:\/\/www.organisator.ch\/#organization","name":"Organisateur","url":"https:\/\/www.organisator.ch\/","logo":{"@type":"ImageObject","inLanguage":"fr-FR","@id":"https:\/\/www.organisator.ch\/#\/schema\/logo\/image\/","url":"https:\/\/www.organisator.ch\/wp-content\/uploads\/2022\/01\/Logo_Organisator_Website.png","contentUrl":"https:\/\/www.organisator.ch\/wp-content\/uploads\/2022\/01\/Logo_Organisator_Website.png","width":800,"height":77,"caption":"Organisator"},"image":{"@id":"https:\/\/www.organisator.ch\/#\/schema\/logo\/image\/"},"sameAs":["https:\/\/www.facebook.com\/OrganisatorFachmagazin","https:\/\/www.linkedin.com\/showcase\/organisator-das-magazin-fr-kmu","https:\/\/www.xing.com\/news\/pages\/organisator-ch-695","https:\/\/www.youtube.com\/channel\/UCGP2Sq0iWaZwT3BdIAQFYpw"]},{"@type":"Person","@id":"https:\/\/www.organisator.ch\/#\/schema\/person\/134708ca9321c57b0362cceb7948ffbd","name":"michael.merz","image":{"@type":"ImageObject","inLanguage":"fr-FR","@id":"https:\/\/secure.gravatar.com\/avatar\/?s=96&d=mm&r=g","url":"https:\/\/secure.gravatar.com\/avatar\/?s=96&d=mm&r=g","contentUrl":"https:\/\/secure.gravatar.com\/avatar\/?s=96&d=mm&r=g","caption":"michael.merz"},"url":"https:\/\/www.organisator.ch\/fr\/author\/michael-merz\/"}]}},"_links":{"self":[{"href":"https:\/\/www.organisator.ch\/fr\/wp-json\/wp\/v2\/posts\/10038","targetHints":{"allow":["GET"]}}],"collection":[{"href":"https:\/\/www.organisator.ch\/fr\/wp-json\/wp\/v2\/posts"}],"about":[{"href":"https:\/\/www.organisator.ch\/fr\/wp-json\/wp\/v2\/types\/post"}],"author":[{"embeddable":true,"href":"https:\/\/www.organisator.ch\/fr\/wp-json\/wp\/v2\/users\/5"}],"replies":[{"embeddable":true,"href":"https:\/\/www.organisator.ch\/fr\/wp-json\/wp\/v2\/comments?post=10038"}],"version-history":[{"count":0,"href":"https:\/\/www.organisator.ch\/fr\/wp-json\/wp\/v2\/posts\/10038\/revisions"}],"wp:featuredmedia":[{"embeddable":true,"href":"https:\/\/www.organisator.ch\/fr\/wp-json\/wp\/v2\/media\/9544"}],"wp:attachment":[{"href":"https:\/\/www.organisator.ch\/fr\/wp-json\/wp\/v2\/media?parent=10038"}],"wp:term":[{"taxonomy":"category","embeddable":true,"href":"https:\/\/www.organisator.ch\/fr\/wp-json\/wp\/v2\/categories?post=10038"},{"taxonomy":"post_tag","embeddable":true,"href":"https:\/\/www.organisator.ch\/fr\/wp-json\/wp\/v2\/tags?post=10038"}],"curies":[{"name":"wp","href":"https:\/\/api.w.org\/{rel}","templated":true}]}}