{"id":10040,"date":"2018-04-19T11:51:17","date_gmt":"2018-04-19T09:51:17","guid":{"rendered":"https:\/\/www.umweltperspektiven.ch\/?p=1657"},"modified":"2022-08-02T16:41:42","modified_gmt":"2022-08-02T14:41:42","slug":"minergie-jubilaeum-und-1500-eco-zertifizierungen","status":"publish","type":"post","link":"https:\/\/www.organisator.ch\/fr\/sustainability\/2018-04-19\/minergie-jubilaeum-und-1500-eco-zertifizierungen\/","title":{"rendered":"Anniversaire de Minergie et 1500 certifications ECO"},"content":{"rendered":"<div class=\"row\">\n<div class=\"col-md-9\">\n<div class=\"field field-name-field-title field-type-text field-label-hidden\">\n<div class=\"field-items\">\n<figure id=\"attachment_1658\" aria-describedby=\"caption-attachment-1658\" style=\"width: 680px\" class=\"wp-caption alignnone\"><img loading=\"lazy\" decoding=\"async\" class=\"wp-image-1658 size-medium\" src=\"\/\/www.umweltperspektiven.ch\/wp-content\/uploads\/2018\/04\/Minergie-Jubil\u00e4um-und-1500-ECO-Zertifizierungen-up-umweltperspektiven.jpg\" alt=\"Minergie\" width=\"680\" height=\"454\" \/><figcaption id=\"caption-attachment-1658\" class=\"wp-caption-text\">Depuis 1998, le standard en mati\u00e8re de confort, d'efficacit\u00e9 et de pr\u00e9servation de la valeur en Suisse : Minergie. (Image : Minergie)<\/figcaption><\/figure>\n<p>En 2018, l'association Minergie f\u00eatera ses 20 ans d'existence et remerciera ainsi tous les participants qui ont rendu possible ce succ\u00e8s commun. De nombreuses manifestations, des participations \u00e0 des salons, une pr\u00e9sence dans les m\u00e9dias et un site Internet autonome guideront les visiteurs tout au long de cette ann\u00e9e anniversaire 2018.<\/p>\n<p>1 million de personnes vivent et utilisent Minergie en Suisse, que ce soit pour leur travail ou leurs loisirs. 45'000 b\u00e2timents sont d\u00e9j\u00e0 certifi\u00e9s selon les normes de construction Minergie. 2'000 membres et partenaires sp\u00e9cialis\u00e9s d\u00e9fendent Minergie dans leur quotidien.<\/p>\n<div>\u00a0Quelques jalons des activit\u00e9s Minergie men\u00e9es jusqu'\u00e0 pr\u00e9sent :<\/div>\n<\/div>\n<\/div>\n<\/div>\n<\/div>\n<div class=\"row\">\n<div class=\"col-md-6\">\n<div class=\"text\">\n<div class=\"field field-name-body field-type-text-with-summary field-label-hidden\">\n<div class=\"field-items\">\n<ul>\n<li><strong>Efficacit\u00e9 \u00e9nerg\u00e9tique<\/strong>45 000 b\u00e2timents certifi\u00e9s Minergie ont d\u00e9j\u00e0 \u00e9t\u00e9 construits, ce qui repr\u00e9sente 50 milliards de kilowattheures d'\u00e9nergie et 10 millions de tonnes de CO<sub>2<\/sub> ont \u00e9t\u00e9 \u00e9conomis\u00e9s.<\/li>\n<li><strong>Facteur \u00e9conomique<\/strong>Le secteur de la construction a \u00e9t\u00e9 fortement stimul\u00e9 par les investissements.<\/li>\n<li><strong>Innovations techniques<\/strong>Minergie a encourag\u00e9 de nombreuses innovations et de nouveaux syst\u00e8mes techniques gr\u00e2ce \u00e0 ses exigences sp\u00e9cifiques.<\/li>\n<\/ul>\n<\/div>\n<\/div>\n<\/div>\n<\/div>\n<\/div>\n<p><strong>1500 certifications selon ECO<\/strong><\/p>\n<p>En janvier 2018, le 1 500e certificat provisoire portant la mention ECO a \u00e9t\u00e9 d\u00e9livr\u00e9. Depuis son lancement en 2006, ECO s'est bien positionn\u00e9 sur le march\u00e9. ECO compl\u00e8te les standards de construction Minergie en proposant un mode de construction particuli\u00e8rement sain et \u00e9cologique et peut \u00eatre combin\u00e9 avec les trois standards Minergie, Minergie-P et Minergie-A. Il s'agit d'un label de qualit\u00e9 pour les b\u00e2timents de grande taille.<\/p>\n<p>Depuis le d\u00e9but de l'ann\u00e9e, les cat\u00e9gories de b\u00e2timents Mus\u00e9es (administration), Restaurants, H\u00f4pitaux et Industrie ont \u00e9galement \u00e9t\u00e9 ouvertes \u00e0 ECO. De plus, une proc\u00e9dure de justification simplifi\u00e9e a \u00e9t\u00e9 introduite pour les petits b\u00e2timents scolaires jusqu'\u00e0 500m2 de SRE.<\/p>\n<p><strong>Perspectives d'avenir<\/strong><\/p>\n<p>Depuis 1998, Minergie est le standard suisse en mati\u00e8re de confort, d'efficacit\u00e9 et de pr\u00e9servation de la valeur. A l'avenir, Minergie se concentrera sur l'\u00e9norme potentiel de la modernisation des b\u00e2timents. Pour cela, Minergie veut avant tout offrir une orientation et a d\u00e9velopp\u00e9 ses nouveaux produits MQS Construction et MQS Exploitation pour assurer une qualit\u00e9 globale.<\/p>\n<p>Sur le site web anniversaire de Minergie, vous pouvez d\u00e9couvrir de mani\u00e8re ludique o\u00f9 Minergie se cache partout en Suisse.<\/p>\n<p><a href=\"\/\/www.minergie20.ch\">www.minergie20.ch<\/a><\/p>\n<p><em>Vous trouverez des informations d\u00e9taill\u00e9es sur Minergie-ECO sous Certifier\/ECO :<\/em><\/p>\n<p><a href=\"\/\/www.minergie.ch\">www.minergie.ch<\/a><\/p>\n<p>&nbsp;<\/p>","protected":false},"excerpt":{"rendered":"<p>2018 feiert der Verein Minergie sein 20-j\u00e4hriges Bestehen und bedankt sich damit bei allen Beteiligten, welche diesen gemeinsamen Erfolg m\u00f6glich gemacht haben. Zahlreiche Veranstaltungen, Messeauftritte, mediale Pr\u00e4senz und eine eigenst\u00e4ndige Webseite f\u00fchren durch das Jubil\u00e4umsjahr 2018. 1 Million Menschen wohnen und nutzen, beruflich oder in der Freizeit, Minergie in der Schweiz. Bereits sind 45\u2019000 Geb\u00e4ude [&hellip;]<\/p>\n","protected":false},"author":5,"featured_media":9550,"comment_status":"closed","ping_status":"closed","sticky":false,"template":"","format":"standard","meta":{"_acf_changed":false,"_yoast_wpseo_focuskw":"Minergie Jubil\u00e4um","_yoast_wpseo_metadesc":"Der Verein Minergie Schweiz hat in den vergangenen 20 Jahren sehr viel erreicht. Unter anderem hat er 2018 sein 1500stes ECO-Zertifikat vergeben.","articlekey":"","footnotes":""},"categories":[580],"tags":[292,1719,424],"class_list":["post-10040","post","type-post","status-publish","format-standard","has-post-thumbnail","hentry","category-sustainability","tag-jubilaeum","tag-minergie","tag-schweiz"],"acf":[],"yoast_head":"<!-- This site is optimized with the Yoast SEO plugin v27.4 - https:\/\/yoast.com\/product\/yoast-seo-wordpress\/ -->\n<title>Minergie Jubil\u00e4um und 1500 ECO-Zertifizierungen - Organisator<\/title>\n<meta name=\"description\" content=\"Der Verein Minergie Schweiz hat in den vergangenen 20 Jahren sehr viel erreicht. Unter anderem hat er 2018 sein 1500stes ECO-Zertifikat vergeben.\" \/>\n<meta name=\"robots\" content=\"index, follow, max-snippet:-1, max-image-preview:large, max-video-preview:-1\" \/>\n<link rel=\"canonical\" href=\"https:\/\/www.organisator.ch\/fr\/sustainability\/2018-04-19\/minergie-jubilaeum-und-1500-eco-zertifizierungen\/\" \/>\n<meta property=\"og:locale\" content=\"fr_FR\" \/>\n<meta property=\"og:type\" content=\"article\" \/>\n<meta property=\"og:title\" content=\"Minergie Jubil\u00e4um und 1500 ECO-Zertifizierungen - Organisator\" \/>\n<meta property=\"og:description\" content=\"Der Verein Minergie Schweiz hat in den vergangenen 20 Jahren sehr viel erreicht. Unter anderem hat er 2018 sein 1500stes ECO-Zertifikat vergeben.\" \/>\n<meta property=\"og:url\" content=\"https:\/\/www.organisator.ch\/fr\/sustainability\/2018-04-19\/minergie-jubilaeum-und-1500-eco-zertifizierungen\/\" \/>\n<meta property=\"og:site_name\" content=\"Organisator\" \/>\n<meta property=\"article:publisher\" content=\"https:\/\/www.facebook.com\/OrganisatorFachmagazin\" \/>\n<meta property=\"article:published_time\" content=\"2018-04-19T09:51:17+00:00\" \/>\n<meta property=\"article:modified_time\" content=\"2022-08-02T14:41:42+00:00\" \/>\n<meta property=\"og:image\" content=\"https:\/\/www.organisator.ch\/wp-content\/uploads\/2018\/04\/Minergie-Jubilaeum-und-1500-ECO-Zertifizierungen-up-umweltperspektiven.jpg\" \/>\n\t<meta property=\"og:image:width\" content=\"2302\" \/>\n\t<meta property=\"og:image:height\" content=\"1536\" \/>\n\t<meta property=\"og:image:type\" content=\"image\/jpeg\" \/>\n<meta name=\"author\" content=\"michael.merz\" \/>\n<meta name=\"twitter:card\" content=\"summary_large_image\" \/>\n<script type=\"application\/ld+json\" class=\"yoast-schema-graph\">{\"@context\":\"https:\\\/\\\/schema.org\",\"@graph\":[{\"@type\":\"Article\",\"@id\":\"https:\\\/\\\/www.organisator.ch\\\/sustainability\\\/2018-04-19\\\/minergie-jubilaeum-und-1500-eco-zertifizierungen\\\/#article\",\"isPartOf\":{\"@id\":\"https:\\\/\\\/www.organisator.ch\\\/sustainability\\\/2018-04-19\\\/minergie-jubilaeum-und-1500-eco-zertifizierungen\\\/\"},\"author\":{\"name\":\"michael.merz\",\"@id\":\"https:\\\/\\\/www.organisator.ch\\\/#\\\/schema\\\/person\\\/134708ca9321c57b0362cceb7948ffbd\"},\"headline\":\"Minergie Jubil\u00e4um und 1500 ECO-Zertifizierungen\",\"datePublished\":\"2018-04-19T09:51:17+00:00\",\"dateModified\":\"2022-08-02T14:41:42+00:00\",\"mainEntityOfPage\":{\"@id\":\"https:\\\/\\\/www.organisator.ch\\\/sustainability\\\/2018-04-19\\\/minergie-jubilaeum-und-1500-eco-zertifizierungen\\\/\"},\"wordCount\":320,\"publisher\":{\"@id\":\"https:\\\/\\\/www.organisator.ch\\\/#organization\"},\"image\":{\"@id\":\"https:\\\/\\\/www.organisator.ch\\\/sustainability\\\/2018-04-19\\\/minergie-jubilaeum-und-1500-eco-zertifizierungen\\\/#primaryimage\"},\"thumbnailUrl\":\"https:\\\/\\\/www.organisator.ch\\\/wp-content\\\/uploads\\\/2018\\\/04\\\/Minergie-Jubilaeum-und-1500-ECO-Zertifizierungen-up-umweltperspektiven.jpg\",\"keywords\":[\"Jubil\u00e4um\",\"Minergie\",\"Schweiz\"],\"articleSection\":[\"SUSTAINABILITY\"],\"inLanguage\":\"fr-FR\"},{\"@type\":\"WebPage\",\"@id\":\"https:\\\/\\\/www.organisator.ch\\\/sustainability\\\/2018-04-19\\\/minergie-jubilaeum-und-1500-eco-zertifizierungen\\\/\",\"url\":\"https:\\\/\\\/www.organisator.ch\\\/sustainability\\\/2018-04-19\\\/minergie-jubilaeum-und-1500-eco-zertifizierungen\\\/\",\"name\":\"Minergie Jubil\u00e4um und 1500 ECO-Zertifizierungen - Organisator\",\"isPartOf\":{\"@id\":\"https:\\\/\\\/www.organisator.ch\\\/#website\"},\"primaryImageOfPage\":{\"@id\":\"https:\\\/\\\/www.organisator.ch\\\/sustainability\\\/2018-04-19\\\/minergie-jubilaeum-und-1500-eco-zertifizierungen\\\/#primaryimage\"},\"image\":{\"@id\":\"https:\\\/\\\/www.organisator.ch\\\/sustainability\\\/2018-04-19\\\/minergie-jubilaeum-und-1500-eco-zertifizierungen\\\/#primaryimage\"},\"thumbnailUrl\":\"https:\\\/\\\/www.organisator.ch\\\/wp-content\\\/uploads\\\/2018\\\/04\\\/Minergie-Jubilaeum-und-1500-ECO-Zertifizierungen-up-umweltperspektiven.jpg\",\"datePublished\":\"2018-04-19T09:51:17+00:00\",\"dateModified\":\"2022-08-02T14:41:42+00:00\",\"description\":\"Der Verein Minergie Schweiz hat in den vergangenen 20 Jahren sehr viel erreicht. Unter anderem hat er 2018 sein 1500stes ECO-Zertifikat vergeben.\",\"breadcrumb\":{\"@id\":\"https:\\\/\\\/www.organisator.ch\\\/sustainability\\\/2018-04-19\\\/minergie-jubilaeum-und-1500-eco-zertifizierungen\\\/#breadcrumb\"},\"inLanguage\":\"fr-FR\",\"potentialAction\":[{\"@type\":\"ReadAction\",\"target\":[\"https:\\\/\\\/www.organisator.ch\\\/sustainability\\\/2018-04-19\\\/minergie-jubilaeum-und-1500-eco-zertifizierungen\\\/\"]}]},{\"@type\":\"ImageObject\",\"inLanguage\":\"fr-FR\",\"@id\":\"https:\\\/\\\/www.organisator.ch\\\/sustainability\\\/2018-04-19\\\/minergie-jubilaeum-und-1500-eco-zertifizierungen\\\/#primaryimage\",\"url\":\"https:\\\/\\\/www.organisator.ch\\\/wp-content\\\/uploads\\\/2018\\\/04\\\/Minergie-Jubilaeum-und-1500-ECO-Zertifizierungen-up-umweltperspektiven.jpg\",\"contentUrl\":\"https:\\\/\\\/www.organisator.ch\\\/wp-content\\\/uploads\\\/2018\\\/04\\\/Minergie-Jubilaeum-und-1500-ECO-Zertifizierungen-up-umweltperspektiven.jpg\",\"width\":2302,\"height\":1536,\"caption\":\"Seit 1998 der Standard f\u00fcr Komfort, Effizienz und Werterhalt in der Schweiz: Minergie. (Bild: Minergie)\"},{\"@type\":\"BreadcrumbList\",\"@id\":\"https:\\\/\\\/www.organisator.ch\\\/sustainability\\\/2018-04-19\\\/minergie-jubilaeum-und-1500-eco-zertifizierungen\\\/#breadcrumb\",\"itemListElement\":[{\"@type\":\"ListItem\",\"position\":1,\"name\":\"Home\",\"item\":\"https:\\\/\\\/www.organisator.ch\\\/\"},{\"@type\":\"ListItem\",\"position\":2,\"name\":\"Minergie Jubil\u00e4um und 1500 ECO-Zertifizierungen\"}]},{\"@type\":\"WebSite\",\"@id\":\"https:\\\/\\\/www.organisator.ch\\\/#website\",\"url\":\"https:\\\/\\\/www.organisator.ch\\\/\",\"name\":\"Organisator\",\"description\":\"Kompetent. Praxisnah. Der ORGANISATOR bereitet in 10 Ausgaben pro Jahr die wesentlichen Themen f\u00fcr F\u00fchrungskr\u00e4fte von KMU auf.\",\"publisher\":{\"@id\":\"https:\\\/\\\/www.organisator.ch\\\/#organization\"},\"potentialAction\":[{\"@type\":\"SearchAction\",\"target\":{\"@type\":\"EntryPoint\",\"urlTemplate\":\"https:\\\/\\\/www.organisator.ch\\\/?s={search_term_string}\"},\"query-input\":{\"@type\":\"PropertyValueSpecification\",\"valueRequired\":true,\"valueName\":\"search_term_string\"}}],\"inLanguage\":\"fr-FR\"},{\"@type\":\"Organization\",\"@id\":\"https:\\\/\\\/www.organisator.ch\\\/#organization\",\"name\":\"Organisator\",\"url\":\"https:\\\/\\\/www.organisator.ch\\\/\",\"logo\":{\"@type\":\"ImageObject\",\"inLanguage\":\"fr-FR\",\"@id\":\"https:\\\/\\\/www.organisator.ch\\\/#\\\/schema\\\/logo\\\/image\\\/\",\"url\":\"https:\\\/\\\/www.organisator.ch\\\/wp-content\\\/uploads\\\/2022\\\/01\\\/Logo_Organisator_Website.png\",\"contentUrl\":\"https:\\\/\\\/www.organisator.ch\\\/wp-content\\\/uploads\\\/2022\\\/01\\\/Logo_Organisator_Website.png\",\"width\":800,\"height\":77,\"caption\":\"Organisator\"},\"image\":{\"@id\":\"https:\\\/\\\/www.organisator.ch\\\/#\\\/schema\\\/logo\\\/image\\\/\"},\"sameAs\":[\"https:\\\/\\\/www.facebook.com\\\/OrganisatorFachmagazin\",\"https:\\\/\\\/www.linkedin.com\\\/showcase\\\/organisator-das-magazin-fr-kmu\",\"https:\\\/\\\/www.xing.com\\\/news\\\/pages\\\/organisator-ch-695\",\"https:\\\/\\\/www.youtube.com\\\/channel\\\/UCGP2Sq0iWaZwT3BdIAQFYpw\"]},{\"@type\":\"Person\",\"@id\":\"https:\\\/\\\/www.organisator.ch\\\/#\\\/schema\\\/person\\\/134708ca9321c57b0362cceb7948ffbd\",\"name\":\"michael.merz\",\"image\":{\"@type\":\"ImageObject\",\"inLanguage\":\"fr-FR\",\"@id\":\"https:\\\/\\\/secure.gravatar.com\\\/avatar\\\/?s=96&d=mm&r=g\",\"url\":\"https:\\\/\\\/secure.gravatar.com\\\/avatar\\\/?s=96&d=mm&r=g\",\"contentUrl\":\"https:\\\/\\\/secure.gravatar.com\\\/avatar\\\/?s=96&d=mm&r=g\",\"caption\":\"michael.merz\"},\"url\":\"https:\\\/\\\/www.organisator.ch\\\/fr\\\/author\\\/michael-merz\\\/\"}]}<\/script>\n<!-- \/ Yoast SEO plugin. -->","yoast_head_json":{"title":"Anniversaire de Minergie et 1500 certifications ECO - Organisateur","description":"L'association Minergie Suisse a r\u00e9alis\u00e9 beaucoup de choses au cours des 20 derni\u00e8res ann\u00e9es. Elle a notamment d\u00e9cern\u00e9 son 1500e certificat ECO en 2018.","robots":{"index":"index","follow":"follow","max-snippet":"max-snippet:-1","max-image-preview":"max-image-preview:large","max-video-preview":"max-video-preview:-1"},"canonical":"https:\/\/www.organisator.ch\/fr\/sustainability\/2018-04-19\/minergie-jubilaeum-und-1500-eco-zertifizierungen\/","og_locale":"fr_FR","og_type":"article","og_title":"Minergie Jubil\u00e4um und 1500 ECO-Zertifizierungen - Organisator","og_description":"Der Verein Minergie Schweiz hat in den vergangenen 20 Jahren sehr viel erreicht. Unter anderem hat er 2018 sein 1500stes ECO-Zertifikat vergeben.","og_url":"https:\/\/www.organisator.ch\/fr\/sustainability\/2018-04-19\/minergie-jubilaeum-und-1500-eco-zertifizierungen\/","og_site_name":"Organisator","article_publisher":"https:\/\/www.facebook.com\/OrganisatorFachmagazin","article_published_time":"2018-04-19T09:51:17+00:00","article_modified_time":"2022-08-02T14:41:42+00:00","og_image":[{"width":2302,"height":1536,"url":"https:\/\/www.organisator.ch\/wp-content\/uploads\/2018\/04\/Minergie-Jubilaeum-und-1500-ECO-Zertifizierungen-up-umweltperspektiven.jpg","type":"image\/jpeg"}],"author":"michael.merz","twitter_card":"summary_large_image","schema":{"@context":"https:\/\/schema.org","@graph":[{"@type":"Article","@id":"https:\/\/www.organisator.ch\/sustainability\/2018-04-19\/minergie-jubilaeum-und-1500-eco-zertifizierungen\/#article","isPartOf":{"@id":"https:\/\/www.organisator.ch\/sustainability\/2018-04-19\/minergie-jubilaeum-und-1500-eco-zertifizierungen\/"},"author":{"name":"michael.merz","@id":"https:\/\/www.organisator.ch\/#\/schema\/person\/134708ca9321c57b0362cceb7948ffbd"},"headline":"Minergie Jubil\u00e4um und 1500 ECO-Zertifizierungen","datePublished":"2018-04-19T09:51:17+00:00","dateModified":"2022-08-02T14:41:42+00:00","mainEntityOfPage":{"@id":"https:\/\/www.organisator.ch\/sustainability\/2018-04-19\/minergie-jubilaeum-und-1500-eco-zertifizierungen\/"},"wordCount":320,"publisher":{"@id":"https:\/\/www.organisator.ch\/#organization"},"image":{"@id":"https:\/\/www.organisator.ch\/sustainability\/2018-04-19\/minergie-jubilaeum-und-1500-eco-zertifizierungen\/#primaryimage"},"thumbnailUrl":"https:\/\/www.organisator.ch\/wp-content\/uploads\/2018\/04\/Minergie-Jubilaeum-und-1500-ECO-Zertifizierungen-up-umweltperspektiven.jpg","keywords":["Jubil\u00e4um","Minergie","Schweiz"],"articleSection":["SUSTAINABILITY"],"inLanguage":"fr-FR"},{"@type":"WebPage","@id":"https:\/\/www.organisator.ch\/sustainability\/2018-04-19\/minergie-jubilaeum-und-1500-eco-zertifizierungen\/","url":"https:\/\/www.organisator.ch\/sustainability\/2018-04-19\/minergie-jubilaeum-und-1500-eco-zertifizierungen\/","name":"Anniversaire de Minergie et 1500 certifications ECO - Organisateur","isPartOf":{"@id":"https:\/\/www.organisator.ch\/#website"},"primaryImageOfPage":{"@id":"https:\/\/www.organisator.ch\/sustainability\/2018-04-19\/minergie-jubilaeum-und-1500-eco-zertifizierungen\/#primaryimage"},"image":{"@id":"https:\/\/www.organisator.ch\/sustainability\/2018-04-19\/minergie-jubilaeum-und-1500-eco-zertifizierungen\/#primaryimage"},"thumbnailUrl":"https:\/\/www.organisator.ch\/wp-content\/uploads\/2018\/04\/Minergie-Jubilaeum-und-1500-ECO-Zertifizierungen-up-umweltperspektiven.jpg","datePublished":"2018-04-19T09:51:17+00:00","dateModified":"2022-08-02T14:41:42+00:00","description":"L'association Minergie Suisse a r\u00e9alis\u00e9 beaucoup de choses au cours des 20 derni\u00e8res ann\u00e9es. Elle a notamment d\u00e9cern\u00e9 son 1500e certificat ECO en 2018.","breadcrumb":{"@id":"https:\/\/www.organisator.ch\/sustainability\/2018-04-19\/minergie-jubilaeum-und-1500-eco-zertifizierungen\/#breadcrumb"},"inLanguage":"fr-FR","potentialAction":[{"@type":"ReadAction","target":["https:\/\/www.organisator.ch\/sustainability\/2018-04-19\/minergie-jubilaeum-und-1500-eco-zertifizierungen\/"]}]},{"@type":"ImageObject","inLanguage":"fr-FR","@id":"https:\/\/www.organisator.ch\/sustainability\/2018-04-19\/minergie-jubilaeum-und-1500-eco-zertifizierungen\/#primaryimage","url":"https:\/\/www.organisator.ch\/wp-content\/uploads\/2018\/04\/Minergie-Jubilaeum-und-1500-ECO-Zertifizierungen-up-umweltperspektiven.jpg","contentUrl":"https:\/\/www.organisator.ch\/wp-content\/uploads\/2018\/04\/Minergie-Jubilaeum-und-1500-ECO-Zertifizierungen-up-umweltperspektiven.jpg","width":2302,"height":1536,"caption":"Seit 1998 der Standard f\u00fcr Komfort, Effizienz und Werterhalt in der Schweiz: Minergie. (Bild: Minergie)"},{"@type":"BreadcrumbList","@id":"https:\/\/www.organisator.ch\/sustainability\/2018-04-19\/minergie-jubilaeum-und-1500-eco-zertifizierungen\/#breadcrumb","itemListElement":[{"@type":"ListItem","position":1,"name":"Home","item":"https:\/\/www.organisator.ch\/"},{"@type":"ListItem","position":2,"name":"Minergie Jubil\u00e4um und 1500 ECO-Zertifizierungen"}]},{"@type":"WebSite","@id":"https:\/\/www.organisator.ch\/#website","url":"https:\/\/www.organisator.ch\/","name":"Organisateur","description":"Comp\u00e9tence et comp\u00e9tence. Proches de la pratique. L'ORGANISATEUR pr\u00e9pare 10 num\u00e9ros par an sur les th\u00e8mes essentiels pour les dirigeants de PME.","publisher":{"@id":"https:\/\/www.organisator.ch\/#organization"},"potentialAction":[{"@type":"SearchAction","target":{"@type":"EntryPoint","urlTemplate":"https:\/\/www.organisator.ch\/?s={search_term_string}"},"query-input":{"@type":"PropertyValueSpecification","valueRequired":true,"valueName":"search_term_string"}}],"inLanguage":"fr-FR"},{"@type":"Organization","@id":"https:\/\/www.organisator.ch\/#organization","name":"Organisateur","url":"https:\/\/www.organisator.ch\/","logo":{"@type":"ImageObject","inLanguage":"fr-FR","@id":"https:\/\/www.organisator.ch\/#\/schema\/logo\/image\/","url":"https:\/\/www.organisator.ch\/wp-content\/uploads\/2022\/01\/Logo_Organisator_Website.png","contentUrl":"https:\/\/www.organisator.ch\/wp-content\/uploads\/2022\/01\/Logo_Organisator_Website.png","width":800,"height":77,"caption":"Organisator"},"image":{"@id":"https:\/\/www.organisator.ch\/#\/schema\/logo\/image\/"},"sameAs":["https:\/\/www.facebook.com\/OrganisatorFachmagazin","https:\/\/www.linkedin.com\/showcase\/organisator-das-magazin-fr-kmu","https:\/\/www.xing.com\/news\/pages\/organisator-ch-695","https:\/\/www.youtube.com\/channel\/UCGP2Sq0iWaZwT3BdIAQFYpw"]},{"@type":"Person","@id":"https:\/\/www.organisator.ch\/#\/schema\/person\/134708ca9321c57b0362cceb7948ffbd","name":"michael.merz","image":{"@type":"ImageObject","inLanguage":"fr-FR","@id":"https:\/\/secure.gravatar.com\/avatar\/?s=96&d=mm&r=g","url":"https:\/\/secure.gravatar.com\/avatar\/?s=96&d=mm&r=g","contentUrl":"https:\/\/secure.gravatar.com\/avatar\/?s=96&d=mm&r=g","caption":"michael.merz"},"url":"https:\/\/www.organisator.ch\/fr\/author\/michael-merz\/"}]}},"_links":{"self":[{"href":"https:\/\/www.organisator.ch\/fr\/wp-json\/wp\/v2\/posts\/10040","targetHints":{"allow":["GET"]}}],"collection":[{"href":"https:\/\/www.organisator.ch\/fr\/wp-json\/wp\/v2\/posts"}],"about":[{"href":"https:\/\/www.organisator.ch\/fr\/wp-json\/wp\/v2\/types\/post"}],"author":[{"embeddable":true,"href":"https:\/\/www.organisator.ch\/fr\/wp-json\/wp\/v2\/users\/5"}],"replies":[{"embeddable":true,"href":"https:\/\/www.organisator.ch\/fr\/wp-json\/wp\/v2\/comments?post=10040"}],"version-history":[{"count":4,"href":"https:\/\/www.organisator.ch\/fr\/wp-json\/wp\/v2\/posts\/10040\/revisions"}],"predecessor-version":[{"id":16283,"href":"https:\/\/www.organisator.ch\/fr\/wp-json\/wp\/v2\/posts\/10040\/revisions\/16283"}],"wp:featuredmedia":[{"embeddable":true,"href":"https:\/\/www.organisator.ch\/fr\/wp-json\/wp\/v2\/media\/9550"}],"wp:attachment":[{"href":"https:\/\/www.organisator.ch\/fr\/wp-json\/wp\/v2\/media?parent=10040"}],"wp:term":[{"taxonomy":"category","embeddable":true,"href":"https:\/\/www.organisator.ch\/fr\/wp-json\/wp\/v2\/categories?post=10040"},{"taxonomy":"post_tag","embeddable":true,"href":"https:\/\/www.organisator.ch\/fr\/wp-json\/wp\/v2\/tags?post=10040"}],"curies":[{"name":"wp","href":"https:\/\/api.w.org\/{rel}","templated":true}]}}