{"id":10041,"date":"2018-04-19T15:50:27","date_gmt":"2018-04-19T13:50:27","guid":{"rendered":"https:\/\/www.umweltperspektiven.ch\/?p=1661"},"modified":"2024-11-07T07:22:09","modified_gmt":"2024-11-07T06:22:09","slug":"vorschau-zum-remforum-2018","status":"publish","type":"post","link":"https:\/\/www.organisator.ch\/fr\/sustainability\/2018-04-19\/vorschau-zum-remforum-2018\/","title":{"rendered":"Aper\u00e7u du REMforum 2018"},"content":{"rendered":"<figure id=\"attachment_1662\" aria-describedby=\"caption-attachment-1662\" style=\"width: 680px\" class=\"wp-caption alignnone\"><img loading=\"lazy\" decoding=\"async\" class=\"wp-image-1662 size-medium\" src=\"https:\/\/www.organisator.ch\/wp-content\/uploads\/2018\/04\/Vorschau-zum-REMforum-2018-up-umwelt-perspektiven-680x467.jpg\" alt=\"REMforum 2018\" width=\"680\" height=\"467\" srcset=\"https:\/\/www.organisator.ch\/wp-content\/uploads\/2018\/04\/Vorschau-zum-REMforum-2018-up-umwelt-perspektiven-680x467.jpg 680w, https:\/\/www.organisator.ch\/wp-content\/uploads\/2018\/04\/Vorschau-zum-REMforum-2018-up-umwelt-perspektiven-1024x704.jpg 1024w, https:\/\/www.organisator.ch\/wp-content\/uploads\/2018\/04\/Vorschau-zum-REMforum-2018-up-umwelt-perspektiven-768x528.jpg 768w, https:\/\/www.organisator.ch\/wp-content\/uploads\/2018\/04\/Vorschau-zum-REMforum-2018-up-umwelt-perspektiven-18x12.jpg 18w, https:\/\/www.organisator.ch\/wp-content\/uploads\/2018\/04\/Vorschau-zum-REMforum-2018-up-umwelt-perspektiven-255x175.jpg 255w, https:\/\/www.organisator.ch\/wp-content\/uploads\/2018\/04\/Vorschau-zum-REMforum-2018-up-umwelt-perspektiven-509x350.jpg 509w, https:\/\/www.organisator.ch\/wp-content\/uploads\/2018\/04\/Vorschau-zum-REMforum-2018-up-umwelt-perspektiven-1164x800.jpg 1164w, https:\/\/www.organisator.ch\/wp-content\/uploads\/2018\/04\/Vorschau-zum-REMforum-2018-up-umwelt-perspektiven-920x632.jpg 920w, https:\/\/www.organisator.ch\/wp-content\/uploads\/2018\/04\/Vorschau-zum-REMforum-2018-up-umwelt-perspektiven-1400x962.jpg 1400w, https:\/\/www.organisator.ch\/wp-content\/uploads\/2018\/04\/Vorschau-zum-REMforum-2018-up-umwelt-perspektiven-300x206.jpg 300w, https:\/\/www.organisator.ch\/wp-content\/uploads\/2018\/04\/Vorschau-zum-REMforum-2018-up-umwelt-perspektiven.jpg 1521w\" sizes=\"auto, (max-width: 680px) 100vw, 680px\" \/><figcaption id=\"caption-attachment-1662\" class=\"wp-caption-text\">Le #REMforum offre la possibilit\u00e9 de discuter des nouvelles technologies en mati\u00e8re d'\u00e9nergie renouvelable. (Image : zVg)<\/figcaption><\/figure>\n<p>Le REMforum 2018 est plus qu'une source d'inspiration pour les initi\u00e9s de l'\u00e9nergie. Au cours des deux derni\u00e8res d\u00e9cennies, le syst\u00e8me \u00e9nerg\u00e9tique s'est d\u00e9plac\u00e9 de l'infrastructure centralis\u00e9e vers la d\u00e9centralisation. Alors que les \u00e9nergies renouvelables sont propos\u00e9es de mani\u00e8re centralis\u00e9e (par exemple, les grandes centrales hydro\u00e9lectriques ou les installations \u00e9oliennes offshore) et d\u00e9centralis\u00e9e (par exemple, le photovolta\u00efque), les tendances technologiques les plus r\u00e9centes r\u00e9v\u00e8lent des tendances plus fortes et mondiales en mati\u00e8re de distribution de l'\u00e9nergie.<\/p>\n<p>La convergence de la conversion et du stockage de l'\u00e9nergie \u00e0 petite \u00e9chelle avec l'\u00e9lectromobilit\u00e9 et la technologie num\u00e9rique pousse les syst\u00e8mes \u00e9nerg\u00e9tiques \u00e0 un haut degr\u00e9 d'autonomie locale. Cela cr\u00e9e des opportunit\u00e9s pour de nouveaux mod\u00e8les commerciaux pour l'autoconsommation et pour le commerce peer-to-peer des \u00e9nergies renouvelables, mais remet \u00e9galement en question le cadre institutionnel actuel des march\u00e9s de l'\u00e9nergie.<\/p>\n<p>Sur le site <a href=\"\/\/www.REMforum.ch\">#REMforum 2018<\/a>Galler Forum for Management of Renewable Energy, les leaders des march\u00e9s \u00e9nerg\u00e9tiques de demain partageront les derni\u00e8res connaissances et discuteront de nouvelles opportunit\u00e9s commerciales. Cet \u00e9v\u00e9nement annuel unique en son genre r\u00e9unit des gestionnaires, des investisseurs et d'autres acteurs cl\u00e9s de la transition \u00e9nerg\u00e9tique mondiale et propose des orateurs inspirants, des d\u00e9bats instructifs, des ateliers interactifs et de vastes possibilit\u00e9s de r\u00e9seautage. Le \"#REMforum\" est organis\u00e9 par le <a href=\"\/\/iwoe.unisg.ch\/de\/lehrstuhlmanagementee\">Chaire de gestion des \u00e9nergies renouvelables<\/a> \u00e0 l'Universit\u00e9 de Saint-Gall, l'une des principales \u00e9coles de commerce europ\u00e9ennes.<\/p>\n<p><em>Le 9e Forum de St-Gall pour la gestion des \u00e9nergies renouvelables (\"Disruptive Decentralization ? Energy Markets at a Crossroads\" aura lieu du 31 mai au 1er juin 2018 \u00e0 Saint-Gall.<\/em> <strong><br \/>\n<\/strong><\/p>\n<p><em>Vous trouverez le programme actuel sur <a href=\"\/\/www.REMforum.ch\">www.REMforum.ch<\/a><\/em><\/p>\n<p>&nbsp;<\/p>","protected":false},"excerpt":{"rendered":"<p>Das REMforum 2018 ist mehr als ein Impulsgeber f\u00fcr Energie-Insider. In den letzten zwei Jahrzehnten hat sich das Energiesystem von der zentralen Infrastruktur in Richtung Dezentralisierung verschoben. W\u00e4hrend erneuerbare Energien sowohl zentral (z.B. grosse Wasserkraft oder Offshore-Wind-Anlagen) als auch dezentral (z.B. Photovoltaik) angeboten werden, zeigen die j\u00fcngsten technologischen Trends st\u00e4rkere, weltweite Verteilungstendenzen von Energie auf. [&hellip;]<\/p>\n","protected":false},"author":5,"featured_media":1662,"comment_status":"closed","ping_status":"closed","sticky":false,"template":"","format":"standard","meta":{"_acf_changed":false,"_yoast_wpseo_focuskw":"REMforum 2018","_yoast_wpseo_metadesc":"Das REMforum 2018 beleuchtet die Dezentralisierung der Energiem\u00e4rkte und neue Gesch\u00e4ftsmodelle f\u00fcr erneuerbare Energien.","articlekey":"","footnotes":""},"categories":[580],"tags":[1098,221],"class_list":["post-10041","post","type-post","status-publish","format-standard","has-post-thumbnail","hentry","category-sustainability","tag-enerneuerbare-energie","tag-forum"],"acf":[],"yoast_head":"<!-- This site is optimized with the Yoast SEO plugin v27.5 - https:\/\/yoast.com\/product\/yoast-seo-wordpress\/ -->\n<title>Vorschau zum REMforum 2018 - Organisator<\/title>\n<meta name=\"description\" content=\"Das REMforum 2018 beleuchtet die Dezentralisierung der Energiem\u00e4rkte und neue Gesch\u00e4ftsmodelle f\u00fcr erneuerbare Energien.\" \/>\n<meta name=\"robots\" content=\"index, follow, max-snippet:-1, max-image-preview:large, max-video-preview:-1\" \/>\n<link rel=\"canonical\" href=\"https:\/\/www.organisator.ch\/fr\/sustainability\/2018-04-19\/vorschau-zum-remforum-2018\/\" \/>\n<meta property=\"og:locale\" content=\"fr_FR\" \/>\n<meta property=\"og:type\" content=\"article\" \/>\n<meta property=\"og:title\" content=\"Vorschau zum REMforum 2018 - Organisator\" \/>\n<meta property=\"og:description\" content=\"Das REMforum 2018 beleuchtet die Dezentralisierung der Energiem\u00e4rkte und neue Gesch\u00e4ftsmodelle f\u00fcr erneuerbare Energien.\" \/>\n<meta property=\"og:url\" content=\"https:\/\/www.organisator.ch\/fr\/sustainability\/2018-04-19\/vorschau-zum-remforum-2018\/\" \/>\n<meta property=\"og:site_name\" content=\"Organisator\" \/>\n<meta property=\"article:publisher\" content=\"https:\/\/www.facebook.com\/OrganisatorFachmagazin\" \/>\n<meta property=\"article:published_time\" content=\"2018-04-19T13:50:27+00:00\" \/>\n<meta property=\"article:modified_time\" content=\"2024-11-07T06:22:09+00:00\" \/>\n<meta property=\"og:image\" content=\"https:\/\/www.organisator.ch\/wp-content\/uploads\/2018\/04\/Vorschau-zum-REMforum-2018-up-umwelt-perspektiven.jpg\" \/>\n\t<meta property=\"og:image:width\" content=\"1521\" \/>\n\t<meta property=\"og:image:height\" content=\"1045\" \/>\n\t<meta property=\"og:image:type\" content=\"image\/jpeg\" \/>\n<meta name=\"author\" content=\"michael.merz\" \/>\n<meta name=\"twitter:card\" content=\"summary_large_image\" \/>\n<script type=\"application\/ld+json\" class=\"yoast-schema-graph\">{\"@context\":\"https:\\\/\\\/schema.org\",\"@graph\":[{\"@type\":\"Article\",\"@id\":\"https:\\\/\\\/www.organisator.ch\\\/sustainability\\\/2018-04-19\\\/vorschau-zum-remforum-2018\\\/#article\",\"isPartOf\":{\"@id\":\"https:\\\/\\\/www.organisator.ch\\\/sustainability\\\/2018-04-19\\\/vorschau-zum-remforum-2018\\\/\"},\"author\":{\"name\":\"michael.merz\",\"@id\":\"https:\\\/\\\/www.organisator.ch\\\/#\\\/schema\\\/person\\\/134708ca9321c57b0362cceb7948ffbd\"},\"headline\":\"Vorschau zum REMforum 2018\",\"datePublished\":\"2018-04-19T13:50:27+00:00\",\"dateModified\":\"2024-11-07T06:22:09+00:00\",\"mainEntityOfPage\":{\"@id\":\"https:\\\/\\\/www.organisator.ch\\\/sustainability\\\/2018-04-19\\\/vorschau-zum-remforum-2018\\\/\"},\"wordCount\":256,\"publisher\":{\"@id\":\"https:\\\/\\\/www.organisator.ch\\\/#organization\"},\"image\":{\"@id\":\"https:\\\/\\\/www.organisator.ch\\\/sustainability\\\/2018-04-19\\\/vorschau-zum-remforum-2018\\\/#primaryimage\"},\"thumbnailUrl\":\"https:\\\/\\\/www.organisator.ch\\\/wp-content\\\/uploads\\\/2018\\\/04\\\/Vorschau-zum-REMforum-2018-up-umwelt-perspektiven.jpg\",\"keywords\":[\"Enerneuerbare Energie\",\"Forum\"],\"articleSection\":[\"SUSTAINABILITY\"],\"inLanguage\":\"fr-FR\"},{\"@type\":\"WebPage\",\"@id\":\"https:\\\/\\\/www.organisator.ch\\\/sustainability\\\/2018-04-19\\\/vorschau-zum-remforum-2018\\\/\",\"url\":\"https:\\\/\\\/www.organisator.ch\\\/sustainability\\\/2018-04-19\\\/vorschau-zum-remforum-2018\\\/\",\"name\":\"Vorschau zum REMforum 2018 - Organisator\",\"isPartOf\":{\"@id\":\"https:\\\/\\\/www.organisator.ch\\\/#website\"},\"primaryImageOfPage\":{\"@id\":\"https:\\\/\\\/www.organisator.ch\\\/sustainability\\\/2018-04-19\\\/vorschau-zum-remforum-2018\\\/#primaryimage\"},\"image\":{\"@id\":\"https:\\\/\\\/www.organisator.ch\\\/sustainability\\\/2018-04-19\\\/vorschau-zum-remforum-2018\\\/#primaryimage\"},\"thumbnailUrl\":\"https:\\\/\\\/www.organisator.ch\\\/wp-content\\\/uploads\\\/2018\\\/04\\\/Vorschau-zum-REMforum-2018-up-umwelt-perspektiven.jpg\",\"datePublished\":\"2018-04-19T13:50:27+00:00\",\"dateModified\":\"2024-11-07T06:22:09+00:00\",\"description\":\"Das REMforum 2018 beleuchtet die Dezentralisierung der Energiem\u00e4rkte und neue Gesch\u00e4ftsmodelle f\u00fcr erneuerbare Energien.\",\"breadcrumb\":{\"@id\":\"https:\\\/\\\/www.organisator.ch\\\/sustainability\\\/2018-04-19\\\/vorschau-zum-remforum-2018\\\/#breadcrumb\"},\"inLanguage\":\"fr-FR\",\"potentialAction\":[{\"@type\":\"ReadAction\",\"target\":[\"https:\\\/\\\/www.organisator.ch\\\/sustainability\\\/2018-04-19\\\/vorschau-zum-remforum-2018\\\/\"]}]},{\"@type\":\"ImageObject\",\"inLanguage\":\"fr-FR\",\"@id\":\"https:\\\/\\\/www.organisator.ch\\\/sustainability\\\/2018-04-19\\\/vorschau-zum-remforum-2018\\\/#primaryimage\",\"url\":\"https:\\\/\\\/www.organisator.ch\\\/wp-content\\\/uploads\\\/2018\\\/04\\\/Vorschau-zum-REMforum-2018-up-umwelt-perspektiven.jpg\",\"contentUrl\":\"https:\\\/\\\/www.organisator.ch\\\/wp-content\\\/uploads\\\/2018\\\/04\\\/Vorschau-zum-REMforum-2018-up-umwelt-perspektiven.jpg\",\"width\":1521,\"height\":1045,\"caption\":\"Das #REMforum bietet M\u00f6glichkeiten \u00fcber neue Technologien f\u00fcr erneuerbare Energie zu diskutieren. (Bild: zVg)\"},{\"@type\":\"BreadcrumbList\",\"@id\":\"https:\\\/\\\/www.organisator.ch\\\/sustainability\\\/2018-04-19\\\/vorschau-zum-remforum-2018\\\/#breadcrumb\",\"itemListElement\":[{\"@type\":\"ListItem\",\"position\":1,\"name\":\"Home\",\"item\":\"https:\\\/\\\/www.organisator.ch\\\/\"},{\"@type\":\"ListItem\",\"position\":2,\"name\":\"Vorschau zum REMforum 2018\"}]},{\"@type\":\"WebSite\",\"@id\":\"https:\\\/\\\/www.organisator.ch\\\/#website\",\"url\":\"https:\\\/\\\/www.organisator.ch\\\/\",\"name\":\"Organisator\",\"description\":\"Kompetent. Praxisnah. Der ORGANISATOR bereitet in 10 Ausgaben pro Jahr die wesentlichen Themen f\u00fcr F\u00fchrungskr\u00e4fte von KMU auf.\",\"publisher\":{\"@id\":\"https:\\\/\\\/www.organisator.ch\\\/#organization\"},\"potentialAction\":[{\"@type\":\"SearchAction\",\"target\":{\"@type\":\"EntryPoint\",\"urlTemplate\":\"https:\\\/\\\/www.organisator.ch\\\/?s={search_term_string}\"},\"query-input\":{\"@type\":\"PropertyValueSpecification\",\"valueRequired\":true,\"valueName\":\"search_term_string\"}}],\"inLanguage\":\"fr-FR\"},{\"@type\":\"Organization\",\"@id\":\"https:\\\/\\\/www.organisator.ch\\\/#organization\",\"name\":\"Organisator\",\"url\":\"https:\\\/\\\/www.organisator.ch\\\/\",\"logo\":{\"@type\":\"ImageObject\",\"inLanguage\":\"fr-FR\",\"@id\":\"https:\\\/\\\/www.organisator.ch\\\/#\\\/schema\\\/logo\\\/image\\\/\",\"url\":\"https:\\\/\\\/www.organisator.ch\\\/wp-content\\\/uploads\\\/2022\\\/01\\\/Logo_Organisator_Website.png\",\"contentUrl\":\"https:\\\/\\\/www.organisator.ch\\\/wp-content\\\/uploads\\\/2022\\\/01\\\/Logo_Organisator_Website.png\",\"width\":800,\"height\":77,\"caption\":\"Organisator\"},\"image\":{\"@id\":\"https:\\\/\\\/www.organisator.ch\\\/#\\\/schema\\\/logo\\\/image\\\/\"},\"sameAs\":[\"https:\\\/\\\/www.facebook.com\\\/OrganisatorFachmagazin\",\"https:\\\/\\\/www.linkedin.com\\\/showcase\\\/organisator-das-magazin-fr-kmu\",\"https:\\\/\\\/www.xing.com\\\/news\\\/pages\\\/organisator-ch-695\",\"https:\\\/\\\/www.youtube.com\\\/channel\\\/UCGP2Sq0iWaZwT3BdIAQFYpw\"]},{\"@type\":\"Person\",\"@id\":\"https:\\\/\\\/www.organisator.ch\\\/#\\\/schema\\\/person\\\/134708ca9321c57b0362cceb7948ffbd\",\"name\":\"michael.merz\",\"image\":{\"@type\":\"ImageObject\",\"inLanguage\":\"fr-FR\",\"@id\":\"https:\\\/\\\/secure.gravatar.com\\\/avatar\\\/?s=96&d=mm&r=g\",\"url\":\"https:\\\/\\\/secure.gravatar.com\\\/avatar\\\/?s=96&d=mm&r=g\",\"contentUrl\":\"https:\\\/\\\/secure.gravatar.com\\\/avatar\\\/?s=96&d=mm&r=g\",\"caption\":\"michael.merz\"},\"url\":\"https:\\\/\\\/www.organisator.ch\\\/fr\\\/author\\\/michael-merz\\\/\"}]}<\/script>\n<!-- \/ Yoast SEO plugin. -->","yoast_head_json":{"title":"Aper\u00e7u du REMforum 2018 - Organisateur","description":"Le REMforum 2018 met en lumi\u00e8re la d\u00e9centralisation des march\u00e9s de l'\u00e9nergie et les nouveaux mod\u00e8les commerciaux pour les \u00e9nergies renouvelables.","robots":{"index":"index","follow":"follow","max-snippet":"max-snippet:-1","max-image-preview":"max-image-preview:large","max-video-preview":"max-video-preview:-1"},"canonical":"https:\/\/www.organisator.ch\/fr\/sustainability\/2018-04-19\/vorschau-zum-remforum-2018\/","og_locale":"fr_FR","og_type":"article","og_title":"Vorschau zum REMforum 2018 - Organisator","og_description":"Das REMforum 2018 beleuchtet die Dezentralisierung der Energiem\u00e4rkte und neue Gesch\u00e4ftsmodelle f\u00fcr erneuerbare Energien.","og_url":"https:\/\/www.organisator.ch\/fr\/sustainability\/2018-04-19\/vorschau-zum-remforum-2018\/","og_site_name":"Organisator","article_publisher":"https:\/\/www.facebook.com\/OrganisatorFachmagazin","article_published_time":"2018-04-19T13:50:27+00:00","article_modified_time":"2024-11-07T06:22:09+00:00","og_image":[{"width":1521,"height":1045,"url":"https:\/\/www.organisator.ch\/wp-content\/uploads\/2018\/04\/Vorschau-zum-REMforum-2018-up-umwelt-perspektiven.jpg","type":"image\/jpeg"}],"author":"michael.merz","twitter_card":"summary_large_image","schema":{"@context":"https:\/\/schema.org","@graph":[{"@type":"Article","@id":"https:\/\/www.organisator.ch\/sustainability\/2018-04-19\/vorschau-zum-remforum-2018\/#article","isPartOf":{"@id":"https:\/\/www.organisator.ch\/sustainability\/2018-04-19\/vorschau-zum-remforum-2018\/"},"author":{"name":"michael.merz","@id":"https:\/\/www.organisator.ch\/#\/schema\/person\/134708ca9321c57b0362cceb7948ffbd"},"headline":"Vorschau zum REMforum 2018","datePublished":"2018-04-19T13:50:27+00:00","dateModified":"2024-11-07T06:22:09+00:00","mainEntityOfPage":{"@id":"https:\/\/www.organisator.ch\/sustainability\/2018-04-19\/vorschau-zum-remforum-2018\/"},"wordCount":256,"publisher":{"@id":"https:\/\/www.organisator.ch\/#organization"},"image":{"@id":"https:\/\/www.organisator.ch\/sustainability\/2018-04-19\/vorschau-zum-remforum-2018\/#primaryimage"},"thumbnailUrl":"https:\/\/www.organisator.ch\/wp-content\/uploads\/2018\/04\/Vorschau-zum-REMforum-2018-up-umwelt-perspektiven.jpg","keywords":["Enerneuerbare Energie","Forum"],"articleSection":["SUSTAINABILITY"],"inLanguage":"fr-FR"},{"@type":"WebPage","@id":"https:\/\/www.organisator.ch\/sustainability\/2018-04-19\/vorschau-zum-remforum-2018\/","url":"https:\/\/www.organisator.ch\/sustainability\/2018-04-19\/vorschau-zum-remforum-2018\/","name":"Aper\u00e7u du REMforum 2018 - Organisateur","isPartOf":{"@id":"https:\/\/www.organisator.ch\/#website"},"primaryImageOfPage":{"@id":"https:\/\/www.organisator.ch\/sustainability\/2018-04-19\/vorschau-zum-remforum-2018\/#primaryimage"},"image":{"@id":"https:\/\/www.organisator.ch\/sustainability\/2018-04-19\/vorschau-zum-remforum-2018\/#primaryimage"},"thumbnailUrl":"https:\/\/www.organisator.ch\/wp-content\/uploads\/2018\/04\/Vorschau-zum-REMforum-2018-up-umwelt-perspektiven.jpg","datePublished":"2018-04-19T13:50:27+00:00","dateModified":"2024-11-07T06:22:09+00:00","description":"Le REMforum 2018 met en lumi\u00e8re la d\u00e9centralisation des march\u00e9s de l'\u00e9nergie et les nouveaux mod\u00e8les commerciaux pour les \u00e9nergies renouvelables.","breadcrumb":{"@id":"https:\/\/www.organisator.ch\/sustainability\/2018-04-19\/vorschau-zum-remforum-2018\/#breadcrumb"},"inLanguage":"fr-FR","potentialAction":[{"@type":"ReadAction","target":["https:\/\/www.organisator.ch\/sustainability\/2018-04-19\/vorschau-zum-remforum-2018\/"]}]},{"@type":"ImageObject","inLanguage":"fr-FR","@id":"https:\/\/www.organisator.ch\/sustainability\/2018-04-19\/vorschau-zum-remforum-2018\/#primaryimage","url":"https:\/\/www.organisator.ch\/wp-content\/uploads\/2018\/04\/Vorschau-zum-REMforum-2018-up-umwelt-perspektiven.jpg","contentUrl":"https:\/\/www.organisator.ch\/wp-content\/uploads\/2018\/04\/Vorschau-zum-REMforum-2018-up-umwelt-perspektiven.jpg","width":1521,"height":1045,"caption":"Das #REMforum bietet M\u00f6glichkeiten \u00fcber neue Technologien f\u00fcr erneuerbare Energie zu diskutieren. (Bild: zVg)"},{"@type":"BreadcrumbList","@id":"https:\/\/www.organisator.ch\/sustainability\/2018-04-19\/vorschau-zum-remforum-2018\/#breadcrumb","itemListElement":[{"@type":"ListItem","position":1,"name":"Home","item":"https:\/\/www.organisator.ch\/"},{"@type":"ListItem","position":2,"name":"Vorschau zum REMforum 2018"}]},{"@type":"WebSite","@id":"https:\/\/www.organisator.ch\/#website","url":"https:\/\/www.organisator.ch\/","name":"Organisateur","description":"Comp\u00e9tence et comp\u00e9tence. Proches de la pratique. L'ORGANISATEUR pr\u00e9pare 10 num\u00e9ros par an sur les th\u00e8mes essentiels pour les dirigeants de PME.","publisher":{"@id":"https:\/\/www.organisator.ch\/#organization"},"potentialAction":[{"@type":"SearchAction","target":{"@type":"EntryPoint","urlTemplate":"https:\/\/www.organisator.ch\/?s={search_term_string}"},"query-input":{"@type":"PropertyValueSpecification","valueRequired":true,"valueName":"search_term_string"}}],"inLanguage":"fr-FR"},{"@type":"Organization","@id":"https:\/\/www.organisator.ch\/#organization","name":"Organisateur","url":"https:\/\/www.organisator.ch\/","logo":{"@type":"ImageObject","inLanguage":"fr-FR","@id":"https:\/\/www.organisator.ch\/#\/schema\/logo\/image\/","url":"https:\/\/www.organisator.ch\/wp-content\/uploads\/2022\/01\/Logo_Organisator_Website.png","contentUrl":"https:\/\/www.organisator.ch\/wp-content\/uploads\/2022\/01\/Logo_Organisator_Website.png","width":800,"height":77,"caption":"Organisator"},"image":{"@id":"https:\/\/www.organisator.ch\/#\/schema\/logo\/image\/"},"sameAs":["https:\/\/www.facebook.com\/OrganisatorFachmagazin","https:\/\/www.linkedin.com\/showcase\/organisator-das-magazin-fr-kmu","https:\/\/www.xing.com\/news\/pages\/organisator-ch-695","https:\/\/www.youtube.com\/channel\/UCGP2Sq0iWaZwT3BdIAQFYpw"]},{"@type":"Person","@id":"https:\/\/www.organisator.ch\/#\/schema\/person\/134708ca9321c57b0362cceb7948ffbd","name":"michael.merz","image":{"@type":"ImageObject","inLanguage":"fr-FR","@id":"https:\/\/secure.gravatar.com\/avatar\/?s=96&d=mm&r=g","url":"https:\/\/secure.gravatar.com\/avatar\/?s=96&d=mm&r=g","contentUrl":"https:\/\/secure.gravatar.com\/avatar\/?s=96&d=mm&r=g","caption":"michael.merz"},"url":"https:\/\/www.organisator.ch\/fr\/author\/michael-merz\/"}]}},"_links":{"self":[{"href":"https:\/\/www.organisator.ch\/fr\/wp-json\/wp\/v2\/posts\/10041","targetHints":{"allow":["GET"]}}],"collection":[{"href":"https:\/\/www.organisator.ch\/fr\/wp-json\/wp\/v2\/posts"}],"about":[{"href":"https:\/\/www.organisator.ch\/fr\/wp-json\/wp\/v2\/types\/post"}],"author":[{"embeddable":true,"href":"https:\/\/www.organisator.ch\/fr\/wp-json\/wp\/v2\/users\/5"}],"replies":[{"embeddable":true,"href":"https:\/\/www.organisator.ch\/fr\/wp-json\/wp\/v2\/comments?post=10041"}],"version-history":[{"count":2,"href":"https:\/\/www.organisator.ch\/fr\/wp-json\/wp\/v2\/posts\/10041\/revisions"}],"predecessor-version":[{"id":31649,"href":"https:\/\/www.organisator.ch\/fr\/wp-json\/wp\/v2\/posts\/10041\/revisions\/31649"}],"wp:featuredmedia":[{"embeddable":true,"href":"https:\/\/www.organisator.ch\/fr\/wp-json\/wp\/v2\/media\/1662"}],"wp:attachment":[{"href":"https:\/\/www.organisator.ch\/fr\/wp-json\/wp\/v2\/media?parent=10041"}],"wp:term":[{"taxonomy":"category","embeddable":true,"href":"https:\/\/www.organisator.ch\/fr\/wp-json\/wp\/v2\/categories?post=10041"},{"taxonomy":"post_tag","embeddable":true,"href":"https:\/\/www.organisator.ch\/fr\/wp-json\/wp\/v2\/tags?post=10041"}],"curies":[{"name":"wp","href":"https:\/\/api.w.org\/{rel}","templated":true}]}}