{"id":10045,"date":"2018-06-18T10:10:18","date_gmt":"2018-06-18T08:10:18","guid":{"rendered":"https:\/\/www.umweltperspektiven.ch\/?p=1731"},"modified":"2022-02-09T11:06:53","modified_gmt":"2022-02-09T10:06:53","slug":"empa-analysiert-wasserphaenomene","status":"publish","type":"post","link":"https:\/\/www.organisator.ch\/fr\/sustainability\/2018-06-18\/empa-analysiert-wasserphaenomene\/","title":{"rendered":"L'Empa analyse les \"ph\u00e9nom\u00e8nes de l'eau"},"content":{"rendered":"<figure id=\"attachment_1732\" aria-describedby=\"caption-attachment-1732\" style=\"width: 680px\" class=\"wp-caption alignnone\"><img loading=\"lazy\" decoding=\"async\" class=\"size-medium wp-image-1732\" src=\"\/\/www.umweltperspektiven.ch\/wp-content\/uploads\/2018\/06\/Wasser_empa.jpg\" alt=\"\" width=\"680\" height=\"510\" \/><figcaption id=\"caption-attachment-1732\" class=\"wp-caption-text\">Il est remarquable que le nouvel \u00e9tablissement de l'Empa se concentre fortement sur la chaleur comme cons\u00e9quence du changement climatique. (Image : zVg)<\/figcaption><\/figure>\n<p>Le canal d'eau de l'Empa D\u00fcbendorf mesure six m\u00e8tres de long, un m\u00e8tre de large et 0,6 m\u00e8tre de haut. Le couloir en verre acrylique rempli d'un liquide vert lumineux flotte entre deux imposants bo\u00eetiers bleus qui assurent le courant et la circulation. L'installation se trouve dans son hall \u00e0 quelques pas de la soufflerie plus grande dont l'Empa dispose d\u00e9j\u00e0 depuis 2010.<\/p>\n<p>Pour l'\u00e9tude des processus dynamiques dans l'atmosph\u00e8re, le nouvel appareil de test et de mesure le compl\u00e8te. Il permet par exemple de mieux simuler l'effet de la pouss\u00e9e d'Archim\u00e8de entre des volumes de construction dans un canal d'eau, d'utiliser des mod\u00e8les \u00e0 plus petite \u00e9chelle repr\u00e9sentant un environnement plus vaste.<\/p>\n<p><strong>Ph\u00e9nom\u00e8nes m\u00e9t\u00e9orologiques<\/strong><\/p>\n<p>Les mouvements au-dessus et entre la masse solide peuvent \u00eatre d\u00e9tect\u00e9s et enregistr\u00e9s gr\u00e2ce \u00e0 un syst\u00e8me de mesure laser : De minuscules particules et un colorant fluorescent sont m\u00e9lang\u00e9s \u00e0 l'eau. Le faisceau laser \u00e9claire les particules - photographi\u00e9es par une cam\u00e9ra qui prend deux images l'une apr\u00e8s l'autre.<\/p>\n<p>Les informations obtenues concernent la vitesse et la direction de l'\u00e9coulement, comme dans les essais a\u00e9rodynamiques, et la r\u00e9partition de la temp\u00e9rature est \u00e9galement visible avec cette m\u00e9thode.<\/p>\n<p>Ces exp\u00e9riences sont l'une des nombreuses pi\u00e8ces de la mosa\u00efque \u00e0 l'aide desquelles l'\u00e9quipe de recherche de l'Empa, en collaboration avec des instituts apparent\u00e9s de l'ETH Zurich, souhaite suivre \u00e0 la trace les \u00e9v\u00e9nements m\u00e9t\u00e9orologiques et climatiques. Les effets de la nature des surfaces, de la v\u00e9g\u00e9tation, de l'ombre, etc. seront \u00e9galement \u00e9tudi\u00e9s. L'objectif est d'obtenir des informations pr\u00e9cises et fiables sur les ph\u00e9nom\u00e8nes naturels dans notre environnement.<\/p>\n<p>De brefs expos\u00e9s techniques pr\u00e9sent\u00e9s lors de l'inauguration du canal d'eau ont d\u00e9montr\u00e9 que le chemin pour les atteindre est tr\u00e8s difficile. Les chercheurs travaillent avec des mod\u00e8les, des r\u00e9sultats de mesure et des simulations. L'atmosph\u00e8re est souvent difficile \u00e0 d\u00e9limiter, les observations peuvent fournir des faits diff\u00e9rents ou, au contraire, les passer sous silence, selon le niveau de d\u00e9tail ou la \"r\u00e9solution\".<\/p>\n<p>La collectivit\u00e9, qui finance la recherche et les appareils co\u00fbteux, est en droit d'attendre que les nouvelles connaissances acquises dans ce domaine soient int\u00e9gr\u00e9es dans les r\u00e9glementations de la planification r\u00e9gionale et urbaine. Elles devraient nous montrer quelles m\u00e9thodes de construction, quels concepts de planification et quels am\u00e9nagements ext\u00e9rieurs favorisent un climat agr\u00e9able dans des lieux sp\u00e9cifiques et mettent un terme au gaspillage de l'\u00e9nergie de refroidissement.<\/p>\n<p>Il est remarquable que l'accent soit mis sur la chaleur en tant que cons\u00e9quence du changement climatique. Le traitement du froid ou des courants d'air dans l'espace urbain semble en comparaison tout \u00e0 fait n\u00e9gligeable.<\/p>\n<p><a href=\"\/\/www.empa.ch\">www.empa.ch <\/a><\/p>","protected":false},"excerpt":{"rendered":"<p>Der Wasserkanal in der Empa D\u00fcbendorf ist sechs Meter lang, ein Meter breit und 0,6 Meter hoch. Der mit gr\u00fcn leuchtender Fl\u00fcssigkeit gef\u00fcllte Acrylglaskorridor schwebt zwischen zwei m\u00e4chtigen blauen Geh\u00e4usen, welche f\u00fcr Str\u00f6mung und Umlauf sorgen. Die Anlage steht in ihrer Halle wenige Schritte entfernt vom gr\u00f6sseren Windkanal, welcher der Empa schon seit 2010 zur [&hellip;]<\/p>\n","protected":false},"author":5,"featured_media":9555,"comment_status":"open","ping_status":"open","sticky":false,"template":"","format":"standard","meta":{"_acf_changed":false,"_yoast_wpseo_focuskw":"Empa","_yoast_wpseo_metadesc":"Mittels eines neuen Wasserkanals geht die Empa in D\u00fcbendorf klimatischen Ph\u00e4nomenen wie der urbanen Klimaerw\u00e4rmnung nach.","articlekey":"","footnotes":""},"categories":[580],"tags":[1195,1509,1700],"class_list":["post-10045","post","type-post","status-publish","format-standard","has-post-thumbnail","hentry","category-sustainability","tag-fliessgewaesser","tag-klimaerwaermung","tag-meteorologie"],"acf":[],"yoast_head":"<!-- This site is optimized with the Yoast SEO plugin v27.4 - https:\/\/yoast.com\/product\/yoast-seo-wordpress\/ -->\n<title>Empa analysiert &quot;Wasserph\u00e4nomene&quot; - Organisator<\/title>\n<meta name=\"description\" content=\"Mittels eines neuen Wasserkanals geht die Empa in D\u00fcbendorf klimatischen Ph\u00e4nomenen wie der urbanen Klimaerw\u00e4rmnung nach.\" \/>\n<meta name=\"robots\" content=\"index, follow, max-snippet:-1, max-image-preview:large, max-video-preview:-1\" \/>\n<link rel=\"canonical\" href=\"https:\/\/www.organisator.ch\/fr\/sustainability\/2018-06-18\/empa-analysiert-wasserphaenomene\/\" \/>\n<meta property=\"og:locale\" content=\"fr_FR\" \/>\n<meta property=\"og:type\" content=\"article\" \/>\n<meta property=\"og:title\" content=\"Empa analysiert &quot;Wasserph\u00e4nomene&quot; - Organisator\" \/>\n<meta property=\"og:description\" content=\"Mittels eines neuen Wasserkanals geht die Empa in D\u00fcbendorf klimatischen Ph\u00e4nomenen wie der urbanen Klimaerw\u00e4rmnung nach.\" \/>\n<meta property=\"og:url\" content=\"https:\/\/www.organisator.ch\/fr\/sustainability\/2018-06-18\/empa-analysiert-wasserphaenomene\/\" \/>\n<meta property=\"og:site_name\" content=\"Organisator\" \/>\n<meta property=\"article:publisher\" content=\"https:\/\/www.facebook.com\/OrganisatorFachmagazin\" \/>\n<meta property=\"article:published_time\" content=\"2018-06-18T08:10:18+00:00\" \/>\n<meta property=\"article:modified_time\" content=\"2022-02-09T10:06:53+00:00\" \/>\n<meta property=\"og:image\" content=\"https:\/\/www.organisator.ch\/wp-content\/uploads\/2018\/06\/Wasser_empa.jpg\" \/>\n\t<meta property=\"og:image:width\" content=\"700\" \/>\n\t<meta property=\"og:image:height\" content=\"525\" \/>\n\t<meta property=\"og:image:type\" content=\"image\/jpeg\" \/>\n<meta name=\"author\" content=\"michael.merz\" \/>\n<meta name=\"twitter:card\" content=\"summary_large_image\" \/>\n<script type=\"application\/ld+json\" class=\"yoast-schema-graph\">{\"@context\":\"https:\\\/\\\/schema.org\",\"@graph\":[{\"@type\":\"Article\",\"@id\":\"https:\\\/\\\/www.organisator.ch\\\/sustainability\\\/2018-06-18\\\/empa-analysiert-wasserphaenomene\\\/#article\",\"isPartOf\":{\"@id\":\"https:\\\/\\\/www.organisator.ch\\\/sustainability\\\/2018-06-18\\\/empa-analysiert-wasserphaenomene\\\/\"},\"author\":{\"name\":\"michael.merz\",\"@id\":\"https:\\\/\\\/www.organisator.ch\\\/#\\\/schema\\\/person\\\/134708ca9321c57b0362cceb7948ffbd\"},\"headline\":\"Empa analysiert &#8222;Wasserph\u00e4nomene&#8220;\",\"datePublished\":\"2018-06-18T08:10:18+00:00\",\"dateModified\":\"2022-02-09T10:06:53+00:00\",\"mainEntityOfPage\":{\"@id\":\"https:\\\/\\\/www.organisator.ch\\\/sustainability\\\/2018-06-18\\\/empa-analysiert-wasserphaenomene\\\/\"},\"wordCount\":406,\"commentCount\":0,\"publisher\":{\"@id\":\"https:\\\/\\\/www.organisator.ch\\\/#organization\"},\"image\":{\"@id\":\"https:\\\/\\\/www.organisator.ch\\\/sustainability\\\/2018-06-18\\\/empa-analysiert-wasserphaenomene\\\/#primaryimage\"},\"thumbnailUrl\":\"https:\\\/\\\/www.organisator.ch\\\/wp-content\\\/uploads\\\/2018\\\/06\\\/Wasser_empa.jpg\",\"keywords\":[\"Fliessgew\u00e4sser\",\"Klimaerw\u00e4rmung\",\"Meteorologie\"],\"articleSection\":[\"SUSTAINABILITY\"],\"inLanguage\":\"fr-FR\"},{\"@type\":\"WebPage\",\"@id\":\"https:\\\/\\\/www.organisator.ch\\\/sustainability\\\/2018-06-18\\\/empa-analysiert-wasserphaenomene\\\/\",\"url\":\"https:\\\/\\\/www.organisator.ch\\\/sustainability\\\/2018-06-18\\\/empa-analysiert-wasserphaenomene\\\/\",\"name\":\"Empa analysiert \\\"Wasserph\u00e4nomene\\\" - Organisator\",\"isPartOf\":{\"@id\":\"https:\\\/\\\/www.organisator.ch\\\/#website\"},\"primaryImageOfPage\":{\"@id\":\"https:\\\/\\\/www.organisator.ch\\\/sustainability\\\/2018-06-18\\\/empa-analysiert-wasserphaenomene\\\/#primaryimage\"},\"image\":{\"@id\":\"https:\\\/\\\/www.organisator.ch\\\/sustainability\\\/2018-06-18\\\/empa-analysiert-wasserphaenomene\\\/#primaryimage\"},\"thumbnailUrl\":\"https:\\\/\\\/www.organisator.ch\\\/wp-content\\\/uploads\\\/2018\\\/06\\\/Wasser_empa.jpg\",\"datePublished\":\"2018-06-18T08:10:18+00:00\",\"dateModified\":\"2022-02-09T10:06:53+00:00\",\"description\":\"Mittels eines neuen Wasserkanals geht die Empa in D\u00fcbendorf klimatischen Ph\u00e4nomenen wie der urbanen Klimaerw\u00e4rmnung nach.\",\"breadcrumb\":{\"@id\":\"https:\\\/\\\/www.organisator.ch\\\/sustainability\\\/2018-06-18\\\/empa-analysiert-wasserphaenomene\\\/#breadcrumb\"},\"inLanguage\":\"fr-FR\",\"potentialAction\":[{\"@type\":\"ReadAction\",\"target\":[\"https:\\\/\\\/www.organisator.ch\\\/sustainability\\\/2018-06-18\\\/empa-analysiert-wasserphaenomene\\\/\"]}]},{\"@type\":\"ImageObject\",\"inLanguage\":\"fr-FR\",\"@id\":\"https:\\\/\\\/www.organisator.ch\\\/sustainability\\\/2018-06-18\\\/empa-analysiert-wasserphaenomene\\\/#primaryimage\",\"url\":\"https:\\\/\\\/www.organisator.ch\\\/wp-content\\\/uploads\\\/2018\\\/06\\\/Wasser_empa.jpg\",\"contentUrl\":\"https:\\\/\\\/www.organisator.ch\\\/wp-content\\\/uploads\\\/2018\\\/06\\\/Wasser_empa.jpg\",\"width\":700,\"height\":525,\"caption\":\"Bemerkenswerterweise geht der Fokus der neuen Empa-Einrichtung stark auf die Hitze als Folge des Klimawandels ein. (Bild: zVg)\"},{\"@type\":\"BreadcrumbList\",\"@id\":\"https:\\\/\\\/www.organisator.ch\\\/sustainability\\\/2018-06-18\\\/empa-analysiert-wasserphaenomene\\\/#breadcrumb\",\"itemListElement\":[{\"@type\":\"ListItem\",\"position\":1,\"name\":\"Home\",\"item\":\"https:\\\/\\\/www.organisator.ch\\\/\"},{\"@type\":\"ListItem\",\"position\":2,\"name\":\"Empa analysiert &#8222;Wasserph\u00e4nomene&#8220;\"}]},{\"@type\":\"WebSite\",\"@id\":\"https:\\\/\\\/www.organisator.ch\\\/#website\",\"url\":\"https:\\\/\\\/www.organisator.ch\\\/\",\"name\":\"Organisator\",\"description\":\"Kompetent. Praxisnah. Der ORGANISATOR bereitet in 10 Ausgaben pro Jahr die wesentlichen Themen f\u00fcr F\u00fchrungskr\u00e4fte von KMU auf.\",\"publisher\":{\"@id\":\"https:\\\/\\\/www.organisator.ch\\\/#organization\"},\"potentialAction\":[{\"@type\":\"SearchAction\",\"target\":{\"@type\":\"EntryPoint\",\"urlTemplate\":\"https:\\\/\\\/www.organisator.ch\\\/?s={search_term_string}\"},\"query-input\":{\"@type\":\"PropertyValueSpecification\",\"valueRequired\":true,\"valueName\":\"search_term_string\"}}],\"inLanguage\":\"fr-FR\"},{\"@type\":\"Organization\",\"@id\":\"https:\\\/\\\/www.organisator.ch\\\/#organization\",\"name\":\"Organisator\",\"url\":\"https:\\\/\\\/www.organisator.ch\\\/\",\"logo\":{\"@type\":\"ImageObject\",\"inLanguage\":\"fr-FR\",\"@id\":\"https:\\\/\\\/www.organisator.ch\\\/#\\\/schema\\\/logo\\\/image\\\/\",\"url\":\"https:\\\/\\\/www.organisator.ch\\\/wp-content\\\/uploads\\\/2022\\\/01\\\/Logo_Organisator_Website.png\",\"contentUrl\":\"https:\\\/\\\/www.organisator.ch\\\/wp-content\\\/uploads\\\/2022\\\/01\\\/Logo_Organisator_Website.png\",\"width\":800,\"height\":77,\"caption\":\"Organisator\"},\"image\":{\"@id\":\"https:\\\/\\\/www.organisator.ch\\\/#\\\/schema\\\/logo\\\/image\\\/\"},\"sameAs\":[\"https:\\\/\\\/www.facebook.com\\\/OrganisatorFachmagazin\",\"https:\\\/\\\/www.linkedin.com\\\/showcase\\\/organisator-das-magazin-fr-kmu\",\"https:\\\/\\\/www.xing.com\\\/news\\\/pages\\\/organisator-ch-695\",\"https:\\\/\\\/www.youtube.com\\\/channel\\\/UCGP2Sq0iWaZwT3BdIAQFYpw\"]},{\"@type\":\"Person\",\"@id\":\"https:\\\/\\\/www.organisator.ch\\\/#\\\/schema\\\/person\\\/134708ca9321c57b0362cceb7948ffbd\",\"name\":\"michael.merz\",\"image\":{\"@type\":\"ImageObject\",\"inLanguage\":\"fr-FR\",\"@id\":\"https:\\\/\\\/secure.gravatar.com\\\/avatar\\\/?s=96&d=mm&r=g\",\"url\":\"https:\\\/\\\/secure.gravatar.com\\\/avatar\\\/?s=96&d=mm&r=g\",\"contentUrl\":\"https:\\\/\\\/secure.gravatar.com\\\/avatar\\\/?s=96&d=mm&r=g\",\"caption\":\"michael.merz\"},\"url\":\"https:\\\/\\\/www.organisator.ch\\\/fr\\\/author\\\/michael-merz\\\/\"}]}<\/script>\n<!-- \/ Yoast SEO plugin. -->","yoast_head_json":{"title":"L'Empa analyse les \"ph\u00e9nom\u00e8nes de l'eau\" - Organisateur","description":"Au moyen d'un nouveau canal d'eau, l'Empa \u00e9tudie \u00e0 D\u00fcbendorf des ph\u00e9nom\u00e8nes climatiques tels que le r\u00e9chauffement climatique urbain.","robots":{"index":"index","follow":"follow","max-snippet":"max-snippet:-1","max-image-preview":"max-image-preview:large","max-video-preview":"max-video-preview:-1"},"canonical":"https:\/\/www.organisator.ch\/fr\/sustainability\/2018-06-18\/empa-analysiert-wasserphaenomene\/","og_locale":"fr_FR","og_type":"article","og_title":"Empa analysiert \"Wasserph\u00e4nomene\" - Organisator","og_description":"Mittels eines neuen Wasserkanals geht die Empa in D\u00fcbendorf klimatischen Ph\u00e4nomenen wie der urbanen Klimaerw\u00e4rmnung nach.","og_url":"https:\/\/www.organisator.ch\/fr\/sustainability\/2018-06-18\/empa-analysiert-wasserphaenomene\/","og_site_name":"Organisator","article_publisher":"https:\/\/www.facebook.com\/OrganisatorFachmagazin","article_published_time":"2018-06-18T08:10:18+00:00","article_modified_time":"2022-02-09T10:06:53+00:00","og_image":[{"width":700,"height":525,"url":"https:\/\/www.organisator.ch\/wp-content\/uploads\/2018\/06\/Wasser_empa.jpg","type":"image\/jpeg"}],"author":"michael.merz","twitter_card":"summary_large_image","schema":{"@context":"https:\/\/schema.org","@graph":[{"@type":"Article","@id":"https:\/\/www.organisator.ch\/sustainability\/2018-06-18\/empa-analysiert-wasserphaenomene\/#article","isPartOf":{"@id":"https:\/\/www.organisator.ch\/sustainability\/2018-06-18\/empa-analysiert-wasserphaenomene\/"},"author":{"name":"michael.merz","@id":"https:\/\/www.organisator.ch\/#\/schema\/person\/134708ca9321c57b0362cceb7948ffbd"},"headline":"Empa analysiert &#8222;Wasserph\u00e4nomene&#8220;","datePublished":"2018-06-18T08:10:18+00:00","dateModified":"2022-02-09T10:06:53+00:00","mainEntityOfPage":{"@id":"https:\/\/www.organisator.ch\/sustainability\/2018-06-18\/empa-analysiert-wasserphaenomene\/"},"wordCount":406,"commentCount":0,"publisher":{"@id":"https:\/\/www.organisator.ch\/#organization"},"image":{"@id":"https:\/\/www.organisator.ch\/sustainability\/2018-06-18\/empa-analysiert-wasserphaenomene\/#primaryimage"},"thumbnailUrl":"https:\/\/www.organisator.ch\/wp-content\/uploads\/2018\/06\/Wasser_empa.jpg","keywords":["Fliessgew\u00e4sser","Klimaerw\u00e4rmung","Meteorologie"],"articleSection":["SUSTAINABILITY"],"inLanguage":"fr-FR"},{"@type":"WebPage","@id":"https:\/\/www.organisator.ch\/sustainability\/2018-06-18\/empa-analysiert-wasserphaenomene\/","url":"https:\/\/www.organisator.ch\/sustainability\/2018-06-18\/empa-analysiert-wasserphaenomene\/","name":"L'Empa analyse les \"ph\u00e9nom\u00e8nes de l'eau\" - Organisateur","isPartOf":{"@id":"https:\/\/www.organisator.ch\/#website"},"primaryImageOfPage":{"@id":"https:\/\/www.organisator.ch\/sustainability\/2018-06-18\/empa-analysiert-wasserphaenomene\/#primaryimage"},"image":{"@id":"https:\/\/www.organisator.ch\/sustainability\/2018-06-18\/empa-analysiert-wasserphaenomene\/#primaryimage"},"thumbnailUrl":"https:\/\/www.organisator.ch\/wp-content\/uploads\/2018\/06\/Wasser_empa.jpg","datePublished":"2018-06-18T08:10:18+00:00","dateModified":"2022-02-09T10:06:53+00:00","description":"Au moyen d'un nouveau canal d'eau, l'Empa \u00e9tudie \u00e0 D\u00fcbendorf des ph\u00e9nom\u00e8nes climatiques tels que le r\u00e9chauffement climatique urbain.","breadcrumb":{"@id":"https:\/\/www.organisator.ch\/sustainability\/2018-06-18\/empa-analysiert-wasserphaenomene\/#breadcrumb"},"inLanguage":"fr-FR","potentialAction":[{"@type":"ReadAction","target":["https:\/\/www.organisator.ch\/sustainability\/2018-06-18\/empa-analysiert-wasserphaenomene\/"]}]},{"@type":"ImageObject","inLanguage":"fr-FR","@id":"https:\/\/www.organisator.ch\/sustainability\/2018-06-18\/empa-analysiert-wasserphaenomene\/#primaryimage","url":"https:\/\/www.organisator.ch\/wp-content\/uploads\/2018\/06\/Wasser_empa.jpg","contentUrl":"https:\/\/www.organisator.ch\/wp-content\/uploads\/2018\/06\/Wasser_empa.jpg","width":700,"height":525,"caption":"Bemerkenswerterweise geht der Fokus der neuen Empa-Einrichtung stark auf die Hitze als Folge des Klimawandels ein. (Bild: zVg)"},{"@type":"BreadcrumbList","@id":"https:\/\/www.organisator.ch\/sustainability\/2018-06-18\/empa-analysiert-wasserphaenomene\/#breadcrumb","itemListElement":[{"@type":"ListItem","position":1,"name":"Home","item":"https:\/\/www.organisator.ch\/"},{"@type":"ListItem","position":2,"name":"Empa analysiert &#8222;Wasserph\u00e4nomene&#8220;"}]},{"@type":"WebSite","@id":"https:\/\/www.organisator.ch\/#website","url":"https:\/\/www.organisator.ch\/","name":"Organisateur","description":"Comp\u00e9tence et comp\u00e9tence. Proches de la pratique. L'ORGANISATEUR pr\u00e9pare 10 num\u00e9ros par an sur les th\u00e8mes essentiels pour les dirigeants de PME.","publisher":{"@id":"https:\/\/www.organisator.ch\/#organization"},"potentialAction":[{"@type":"SearchAction","target":{"@type":"EntryPoint","urlTemplate":"https:\/\/www.organisator.ch\/?s={search_term_string}"},"query-input":{"@type":"PropertyValueSpecification","valueRequired":true,"valueName":"search_term_string"}}],"inLanguage":"fr-FR"},{"@type":"Organization","@id":"https:\/\/www.organisator.ch\/#organization","name":"Organisateur","url":"https:\/\/www.organisator.ch\/","logo":{"@type":"ImageObject","inLanguage":"fr-FR","@id":"https:\/\/www.organisator.ch\/#\/schema\/logo\/image\/","url":"https:\/\/www.organisator.ch\/wp-content\/uploads\/2022\/01\/Logo_Organisator_Website.png","contentUrl":"https:\/\/www.organisator.ch\/wp-content\/uploads\/2022\/01\/Logo_Organisator_Website.png","width":800,"height":77,"caption":"Organisator"},"image":{"@id":"https:\/\/www.organisator.ch\/#\/schema\/logo\/image\/"},"sameAs":["https:\/\/www.facebook.com\/OrganisatorFachmagazin","https:\/\/www.linkedin.com\/showcase\/organisator-das-magazin-fr-kmu","https:\/\/www.xing.com\/news\/pages\/organisator-ch-695","https:\/\/www.youtube.com\/channel\/UCGP2Sq0iWaZwT3BdIAQFYpw"]},{"@type":"Person","@id":"https:\/\/www.organisator.ch\/#\/schema\/person\/134708ca9321c57b0362cceb7948ffbd","name":"michael.merz","image":{"@type":"ImageObject","inLanguage":"fr-FR","@id":"https:\/\/secure.gravatar.com\/avatar\/?s=96&d=mm&r=g","url":"https:\/\/secure.gravatar.com\/avatar\/?s=96&d=mm&r=g","contentUrl":"https:\/\/secure.gravatar.com\/avatar\/?s=96&d=mm&r=g","caption":"michael.merz"},"url":"https:\/\/www.organisator.ch\/fr\/author\/michael-merz\/"}]}},"_links":{"self":[{"href":"https:\/\/www.organisator.ch\/fr\/wp-json\/wp\/v2\/posts\/10045","targetHints":{"allow":["GET"]}}],"collection":[{"href":"https:\/\/www.organisator.ch\/fr\/wp-json\/wp\/v2\/posts"}],"about":[{"href":"https:\/\/www.organisator.ch\/fr\/wp-json\/wp\/v2\/types\/post"}],"author":[{"embeddable":true,"href":"https:\/\/www.organisator.ch\/fr\/wp-json\/wp\/v2\/users\/5"}],"replies":[{"embeddable":true,"href":"https:\/\/www.organisator.ch\/fr\/wp-json\/wp\/v2\/comments?post=10045"}],"version-history":[{"count":1,"href":"https:\/\/www.organisator.ch\/fr\/wp-json\/wp\/v2\/posts\/10045\/revisions"}],"predecessor-version":[{"id":10711,"href":"https:\/\/www.organisator.ch\/fr\/wp-json\/wp\/v2\/posts\/10045\/revisions\/10711"}],"wp:featuredmedia":[{"embeddable":true,"href":"https:\/\/www.organisator.ch\/fr\/wp-json\/wp\/v2\/media\/9555"}],"wp:attachment":[{"href":"https:\/\/www.organisator.ch\/fr\/wp-json\/wp\/v2\/media?parent=10045"}],"wp:term":[{"taxonomy":"category","embeddable":true,"href":"https:\/\/www.organisator.ch\/fr\/wp-json\/wp\/v2\/categories?post=10045"},{"taxonomy":"post_tag","embeddable":true,"href":"https:\/\/www.organisator.ch\/fr\/wp-json\/wp\/v2\/tags?post=10045"}],"curies":[{"name":"wp","href":"https:\/\/api.w.org\/{rel}","templated":true}]}}