{"id":10048,"date":"2018-08-06T05:48:36","date_gmt":"2018-08-06T03:48:36","guid":{"rendered":"https:\/\/www.umweltperspektiven.ch\/?p=1810"},"modified":"2024-11-07T07:18:59","modified_gmt":"2024-11-07T06:18:59","slug":"ernaehrungsgesundheitsvereine-sge-und-radix-kooperieren","status":"publish","type":"post","link":"https:\/\/www.organisator.ch\/fr\/allgemein\/2018-08-06\/ernaehrungsgesundheitsvereine-sge-und-radix-kooperieren\/","title":{"rendered":"La SSN et RADIX coop\u00e8rent au nom de la nutrition"},"content":{"rendered":"<figure id=\"attachment_1811\" aria-describedby=\"caption-attachment-1811\" style=\"width: 150px\" class=\"wp-caption alignnone\"><img loading=\"lazy\" decoding=\"async\" class=\"wp-image-1811 size-thumbnail\" src=\"https:\/\/www.organisator.ch\/wp-content\/uploads\/2017\/04\/Coople-Ein-Unternehmen-revolutioniert-die-Arbeitswelt_Organisator-150x150.jpg\" alt=\"Soci\u00e9t\u00e9 Suisse de Nutrition \" width=\"150\" height=\"150\" srcset=\"https:\/\/www.organisator.ch\/wp-content\/uploads\/2017\/04\/Coople-Ein-Unternehmen-revolutioniert-die-Arbeitswelt_Organisator-150x150.jpg 150w, https:\/\/www.organisator.ch\/wp-content\/uploads\/2017\/04\/Coople-Ein-Unternehmen-revolutioniert-die-Arbeitswelt_Organisator-12x12.jpg 12w, https:\/\/www.organisator.ch\/wp-content\/uploads\/2017\/04\/Coople-Ein-Unternehmen-revolutioniert-die-Arbeitswelt_Organisator-175x175.jpg 175w, https:\/\/www.organisator.ch\/wp-content\/uploads\/2017\/04\/Coople-Ein-Unternehmen-revolutioniert-die-Arbeitswelt_Organisator-350x350.jpg 350w, https:\/\/www.organisator.ch\/wp-content\/uploads\/2017\/04\/Coople-Ein-Unternehmen-revolutioniert-die-Arbeitswelt_Organisator-250x250.jpg 250w, https:\/\/www.organisator.ch\/wp-content\/uploads\/2017\/04\/Coople-Ein-Unternehmen-revolutioniert-die-Arbeitswelt_Organisator-300x300.jpg 300w, https:\/\/www.organisator.ch\/wp-content\/uploads\/2017\/04\/Coople-Ein-Unternehmen-revolutioniert-die-Arbeitswelt_Organisator-100x100.jpg 100w, https:\/\/www.organisator.ch\/wp-content\/uploads\/2017\/04\/Coople-Ein-Unternehmen-revolutioniert-die-Arbeitswelt_Organisator.jpg 480w\" sizes=\"auto, (max-width: 150px) 100vw, 150px\" \/><figcaption id=\"caption-attachment-1811\" class=\"wp-caption-text\">La Soci\u00e9t\u00e9 Suisse de Nutrition SSN et RADIX entament une collaboration op\u00e9rationnelle. (Image : zVg)<\/figcaption><\/figure>\n<p>La Soci\u00e9t\u00e9 Suisse de Nutrition SSN g\u00e9n\u00e8re un d\u00e9ficit structurel depuis 2015. Les liquidit\u00e9s de la SSN ne pouvaient plus \u00eatre garanties \u00e0 long terme. C'est pourquoi le comit\u00e9 s'est activ\u00e9 et a convoqu\u00e9 une assembl\u00e9e g\u00e9n\u00e9rale extraordinaire le 30 juillet 2018. Trois options ont \u00e9t\u00e9 pr\u00e9sent\u00e9es aux personnes pr\u00e9sentes quant \u00e0 l'avenir de la SSN :<\/p>\n<p><em>1. la liquidation de la SSN. Tous les collaborateurs perdent leur emploi et l'objectif de l'association est remis en question. <\/em><em>ne peut plus \u00eatre mis en \u0153uvre.<\/em><br \/>\n<em>2. la SSN se r\u00e9tr\u00e9cit par ses propres moyens. Une grande partie des collaborateurs <\/em><em>mais perd ainsi son emploi. Les ressources disponibles sont donc massivement r\u00e9duites. <\/em><em>d\u00e9cision. L'objectif de l'association ne peut plus \u00eatre r\u00e9alis\u00e9 que partiellement.<\/em><br \/>\n<em>3. la SSN cherche un partenaire pour le secr\u00e9tariat, qui assume la direction op\u00e9rationnelle <\/em><em>prend en charge. L'association continue d'exister et son objectif peut \u00eatre poursuivi. <\/em><em>\u00eatre.<\/em><\/p>\n<p>Le comit\u00e9 directeur de la SSN consid\u00e8re la troisi\u00e8me option comme la seule voie viable pour l'avenir.<\/p>\n<p><strong>Un partenariat de longue date se transforme en coop\u00e9ration<\/strong><\/p>\n<p>La fondation pour la sant\u00e9 RADIX avait eu connaissance des difficult\u00e9s financi\u00e8res de la SSN et avait contact\u00e9 la pr\u00e9sidente de la SSN \u00e0 la fin du printemps. De l\u00e0 est n\u00e9e l'id\u00e9e que la fondation RADIX pourrait reprendre la gestion du secr\u00e9tariat de la SSN, mais que l'association SSN continuerait d'exister. Les recettes de la SSN seraient int\u00e9gralement utilis\u00e9es pour r\u00e9aliser les objectifs de l'association. \"Nous travaillons depuis de nombreuses ann\u00e9es dans le domaine de la nutrition en tant que partenaire sp\u00e9cialis\u00e9 avec RADIX. La possibilit\u00e9 d'une coop\u00e9ration op\u00e9rationnelle est une aubaine absolue pour la SSN. Notre secr\u00e9tariat b\u00e9n\u00e9ficie ainsi d'une \u00e9quipe exp\u00e9riment\u00e9e en mati\u00e8re de gestion, nous pouvons exploiter des synergies tout en \u00e9largissant notre r\u00e9seau\", explique Isabelle Herter, pr\u00e9sidente de la SSN. \"Cette solution est \u00e0 la fois solide et porteuse d'avenir pour les collaborateurs, les membres, les donateurs et les partenaires de la SSN\", d\u00e9clare Isabelle Herter.<br \/>\nconvaincu.<\/p>\n<p><a href=\"\/\/www.sge-ssn.ch\">www.sge-ssn.ch<\/a><\/p>\n<p>&nbsp;<\/p>\n<p><em><strong>Congr\u00e8s national de la SSN 2018, mardi 11 septembre 2018<\/strong><\/em><\/p>\n<p><em>La SSN organise son congr\u00e8s national annuel le 11 septembre 2018. Des experts de la recherche et de l'industrie pr\u00e9senteront des expos\u00e9s et des ateliers sur le th\u00e8me<a href=\"\/\/www.sge-ssn.ch\/die-sge\/partner-und-netzwerke\/fachtagung\/\"><strong> \"L'alimentation au travail : plus qu'un simple d\u00e9jeuner !\" <\/strong><\/a>tenir.<\/em><\/p>\n<p><em><strong>Date : mardi 11 septembre 2018, 8h30 - 17h<\/strong><\/em><br \/>\n<em><strong>Lieu : H\u00f4pital de l'\u00cele, Ettore Rossi, Berne<\/strong><\/em><\/p>","protected":false},"excerpt":{"rendered":"<p>Die Schweizerische Gesellschaft f\u00fcr Ern\u00e4hrung SGE erwirtschaftet seit 2015 ein strukturelles Defizit. Die Liquidit\u00e4t der SGE konnte langfristig nicht mehr gew\u00e4hrleistet werden. Aus diesem Grund wurde der Vorstand aktiv und berief auf den 30. Juli 2018 eine ausserordentliche Mitgliederversammlung ein. Den anwesenden wurden drei Optionen pr\u00e4sentiert, wie es mit der SGE weitergehen k\u00f6nnte: 1. Liquidation [&hellip;]<\/p>\n","protected":false},"author":5,"featured_media":9563,"comment_status":"closed","ping_status":"closed","sticky":false,"template":"","format":"standard","meta":{"_acf_changed":false,"_yoast_wpseo_focuskw":"Schweizerische Gesellschaft f\u00fcr Ern\u00e4hrung","_yoast_wpseo_metadesc":"Die SGE erwirtschaftet seit 2015 ein strukturelles Defizit und strebt eine operative Kooperation mit der Gesundheitsstiftung RADIX an.","articlekey":"","footnotes":""},"categories":[1],"tags":[181,1150,313,424,2114],"class_list":["post-10048","post","type-post","status-publish","format-standard","has-post-thumbnail","hentry","category-allgemein","tag-ernaehrung","tag-fachtagung","tag-kooperation","tag-schweiz","tag-sge"],"acf":[],"yoast_head":"<!-- This site is optimized with the Yoast SEO plugin v27.5 - https:\/\/yoast.com\/product\/yoast-seo-wordpress\/ -->\n<title>SGE und RADIX kooperieren im Namen der Ern\u00e4hrung - Organisator<\/title>\n<meta name=\"description\" content=\"Die SGE erwirtschaftet seit 2015 ein strukturelles Defizit und strebt eine operative Kooperation mit der Gesundheitsstiftung RADIX an.\" \/>\n<meta name=\"robots\" content=\"index, follow, max-snippet:-1, max-image-preview:large, max-video-preview:-1\" \/>\n<link rel=\"canonical\" href=\"https:\/\/www.organisator.ch\/fr\/general\/2018-08-06\/ernaehrungsgesundheitsvereine-sge-und-radix-kooperieren\/\" \/>\n<meta property=\"og:locale\" content=\"fr_FR\" \/>\n<meta property=\"og:type\" content=\"article\" \/>\n<meta property=\"og:title\" content=\"SGE und RADIX kooperieren im Namen der Ern\u00e4hrung - Organisator\" \/>\n<meta property=\"og:description\" content=\"Die SGE erwirtschaftet seit 2015 ein strukturelles Defizit und strebt eine operative Kooperation mit der Gesundheitsstiftung RADIX an.\" \/>\n<meta property=\"og:url\" content=\"https:\/\/www.organisator.ch\/fr\/general\/2018-08-06\/ernaehrungsgesundheitsvereine-sge-und-radix-kooperieren\/\" \/>\n<meta property=\"og:site_name\" content=\"Organisator\" \/>\n<meta property=\"article:publisher\" content=\"https:\/\/www.facebook.com\/OrganisatorFachmagazin\" \/>\n<meta property=\"article:published_time\" content=\"2018-08-06T03:48:36+00:00\" \/>\n<meta property=\"article:modified_time\" content=\"2024-11-07T06:18:59+00:00\" \/>\n<meta property=\"og:image\" content=\"https:\/\/www.organisator.ch\/wp-content\/uploads\/2018\/08\/Ernaehrungsgesundheitsvereine-SGE-und-RADIX-tun-sich-zusammen-up-umweltperspektiven.jpg\" \/>\n\t<meta property=\"og:image:width\" content=\"687\" \/>\n\t<meta property=\"og:image:height\" content=\"400\" \/>\n\t<meta property=\"og:image:type\" content=\"image\/jpeg\" \/>\n<meta name=\"author\" content=\"michael.merz\" \/>\n<meta name=\"twitter:card\" content=\"summary_large_image\" \/>\n<script type=\"application\/ld+json\" class=\"yoast-schema-graph\">{\"@context\":\"https:\\\/\\\/schema.org\",\"@graph\":[{\"@type\":\"Article\",\"@id\":\"https:\\\/\\\/www.organisator.ch\\\/allgemein\\\/2018-08-06\\\/ernaehrungsgesundheitsvereine-sge-und-radix-kooperieren\\\/#article\",\"isPartOf\":{\"@id\":\"https:\\\/\\\/www.organisator.ch\\\/allgemein\\\/2018-08-06\\\/ernaehrungsgesundheitsvereine-sge-und-radix-kooperieren\\\/\"},\"author\":{\"name\":\"michael.merz\",\"@id\":\"https:\\\/\\\/www.organisator.ch\\\/#\\\/schema\\\/person\\\/134708ca9321c57b0362cceb7948ffbd\"},\"headline\":\"SGE und RADIX kooperieren im Namen der Ern\u00e4hrung\",\"datePublished\":\"2018-08-06T03:48:36+00:00\",\"dateModified\":\"2024-11-07T06:18:59+00:00\",\"mainEntityOfPage\":{\"@id\":\"https:\\\/\\\/www.organisator.ch\\\/allgemein\\\/2018-08-06\\\/ernaehrungsgesundheitsvereine-sge-und-radix-kooperieren\\\/\"},\"wordCount\":385,\"publisher\":{\"@id\":\"https:\\\/\\\/www.organisator.ch\\\/#organization\"},\"image\":{\"@id\":\"https:\\\/\\\/www.organisator.ch\\\/allgemein\\\/2018-08-06\\\/ernaehrungsgesundheitsvereine-sge-und-radix-kooperieren\\\/#primaryimage\"},\"thumbnailUrl\":\"https:\\\/\\\/www.organisator.ch\\\/wp-content\\\/uploads\\\/2018\\\/08\\\/Ernaehrungsgesundheitsvereine-SGE-und-RADIX-tun-sich-zusammen-up-umweltperspektiven.jpg\",\"keywords\":[\"Ern\u00e4hrung\",\"Fachtagung\",\"Kooperation\",\"Schweiz\",\"SGE\"],\"articleSection\":[\"Allgemein\"],\"inLanguage\":\"fr-FR\"},{\"@type\":\"WebPage\",\"@id\":\"https:\\\/\\\/www.organisator.ch\\\/allgemein\\\/2018-08-06\\\/ernaehrungsgesundheitsvereine-sge-und-radix-kooperieren\\\/\",\"url\":\"https:\\\/\\\/www.organisator.ch\\\/allgemein\\\/2018-08-06\\\/ernaehrungsgesundheitsvereine-sge-und-radix-kooperieren\\\/\",\"name\":\"SGE und RADIX kooperieren im Namen der Ern\u00e4hrung - Organisator\",\"isPartOf\":{\"@id\":\"https:\\\/\\\/www.organisator.ch\\\/#website\"},\"primaryImageOfPage\":{\"@id\":\"https:\\\/\\\/www.organisator.ch\\\/allgemein\\\/2018-08-06\\\/ernaehrungsgesundheitsvereine-sge-und-radix-kooperieren\\\/#primaryimage\"},\"image\":{\"@id\":\"https:\\\/\\\/www.organisator.ch\\\/allgemein\\\/2018-08-06\\\/ernaehrungsgesundheitsvereine-sge-und-radix-kooperieren\\\/#primaryimage\"},\"thumbnailUrl\":\"https:\\\/\\\/www.organisator.ch\\\/wp-content\\\/uploads\\\/2018\\\/08\\\/Ernaehrungsgesundheitsvereine-SGE-und-RADIX-tun-sich-zusammen-up-umweltperspektiven.jpg\",\"datePublished\":\"2018-08-06T03:48:36+00:00\",\"dateModified\":\"2024-11-07T06:18:59+00:00\",\"description\":\"Die SGE erwirtschaftet seit 2015 ein strukturelles Defizit und strebt eine operative Kooperation mit der Gesundheitsstiftung RADIX an.\",\"breadcrumb\":{\"@id\":\"https:\\\/\\\/www.organisator.ch\\\/allgemein\\\/2018-08-06\\\/ernaehrungsgesundheitsvereine-sge-und-radix-kooperieren\\\/#breadcrumb\"},\"inLanguage\":\"fr-FR\",\"potentialAction\":[{\"@type\":\"ReadAction\",\"target\":[\"https:\\\/\\\/www.organisator.ch\\\/allgemein\\\/2018-08-06\\\/ernaehrungsgesundheitsvereine-sge-und-radix-kooperieren\\\/\"]}]},{\"@type\":\"ImageObject\",\"inLanguage\":\"fr-FR\",\"@id\":\"https:\\\/\\\/www.organisator.ch\\\/allgemein\\\/2018-08-06\\\/ernaehrungsgesundheitsvereine-sge-und-radix-kooperieren\\\/#primaryimage\",\"url\":\"https:\\\/\\\/www.organisator.ch\\\/wp-content\\\/uploads\\\/2018\\\/08\\\/Ernaehrungsgesundheitsvereine-SGE-und-RADIX-tun-sich-zusammen-up-umweltperspektiven.jpg\",\"contentUrl\":\"https:\\\/\\\/www.organisator.ch\\\/wp-content\\\/uploads\\\/2018\\\/08\\\/Ernaehrungsgesundheitsvereine-SGE-und-RADIX-tun-sich-zusammen-up-umweltperspektiven.jpg\",\"width\":687,\"height\":400,\"caption\":\"Die Schweizerischen Gesellschaft f\u00fcr Ern\u00e4hrung SGE und RADIX schliesslich sich zusammen. (Bild: zVg)\"},{\"@type\":\"BreadcrumbList\",\"@id\":\"https:\\\/\\\/www.organisator.ch\\\/allgemein\\\/2018-08-06\\\/ernaehrungsgesundheitsvereine-sge-und-radix-kooperieren\\\/#breadcrumb\",\"itemListElement\":[{\"@type\":\"ListItem\",\"position\":1,\"name\":\"Home\",\"item\":\"https:\\\/\\\/www.organisator.ch\\\/\"},{\"@type\":\"ListItem\",\"position\":2,\"name\":\"SGE und RADIX kooperieren im Namen der Ern\u00e4hrung\"}]},{\"@type\":\"WebSite\",\"@id\":\"https:\\\/\\\/www.organisator.ch\\\/#website\",\"url\":\"https:\\\/\\\/www.organisator.ch\\\/\",\"name\":\"Organisator\",\"description\":\"Kompetent. Praxisnah. Der ORGANISATOR bereitet in 10 Ausgaben pro Jahr die wesentlichen Themen f\u00fcr F\u00fchrungskr\u00e4fte von KMU auf.\",\"publisher\":{\"@id\":\"https:\\\/\\\/www.organisator.ch\\\/#organization\"},\"potentialAction\":[{\"@type\":\"SearchAction\",\"target\":{\"@type\":\"EntryPoint\",\"urlTemplate\":\"https:\\\/\\\/www.organisator.ch\\\/?s={search_term_string}\"},\"query-input\":{\"@type\":\"PropertyValueSpecification\",\"valueRequired\":true,\"valueName\":\"search_term_string\"}}],\"inLanguage\":\"fr-FR\"},{\"@type\":\"Organization\",\"@id\":\"https:\\\/\\\/www.organisator.ch\\\/#organization\",\"name\":\"Organisator\",\"url\":\"https:\\\/\\\/www.organisator.ch\\\/\",\"logo\":{\"@type\":\"ImageObject\",\"inLanguage\":\"fr-FR\",\"@id\":\"https:\\\/\\\/www.organisator.ch\\\/#\\\/schema\\\/logo\\\/image\\\/\",\"url\":\"https:\\\/\\\/www.organisator.ch\\\/wp-content\\\/uploads\\\/2022\\\/01\\\/Logo_Organisator_Website.png\",\"contentUrl\":\"https:\\\/\\\/www.organisator.ch\\\/wp-content\\\/uploads\\\/2022\\\/01\\\/Logo_Organisator_Website.png\",\"width\":800,\"height\":77,\"caption\":\"Organisator\"},\"image\":{\"@id\":\"https:\\\/\\\/www.organisator.ch\\\/#\\\/schema\\\/logo\\\/image\\\/\"},\"sameAs\":[\"https:\\\/\\\/www.facebook.com\\\/OrganisatorFachmagazin\",\"https:\\\/\\\/www.linkedin.com\\\/showcase\\\/organisator-das-magazin-fr-kmu\",\"https:\\\/\\\/www.xing.com\\\/news\\\/pages\\\/organisator-ch-695\",\"https:\\\/\\\/www.youtube.com\\\/channel\\\/UCGP2Sq0iWaZwT3BdIAQFYpw\"]},{\"@type\":\"Person\",\"@id\":\"https:\\\/\\\/www.organisator.ch\\\/#\\\/schema\\\/person\\\/134708ca9321c57b0362cceb7948ffbd\",\"name\":\"michael.merz\",\"image\":{\"@type\":\"ImageObject\",\"inLanguage\":\"fr-FR\",\"@id\":\"https:\\\/\\\/secure.gravatar.com\\\/avatar\\\/?s=96&d=mm&r=g\",\"url\":\"https:\\\/\\\/secure.gravatar.com\\\/avatar\\\/?s=96&d=mm&r=g\",\"contentUrl\":\"https:\\\/\\\/secure.gravatar.com\\\/avatar\\\/?s=96&d=mm&r=g\",\"caption\":\"michael.merz\"},\"url\":\"https:\\\/\\\/www.organisator.ch\\\/fr\\\/author\\\/michael-merz\\\/\"}]}<\/script>\n<!-- \/ Yoast SEO plugin. -->","yoast_head_json":{"title":"La SSN et RADIX coop\u00e8rent au nom de l'alimentation - Organisateur","description":"Depuis 2015, la SSN enregistre un d\u00e9ficit structurel et vise une coop\u00e9ration op\u00e9rationnelle avec la fondation de sant\u00e9 RADIX.","robots":{"index":"index","follow":"follow","max-snippet":"max-snippet:-1","max-image-preview":"max-image-preview:large","max-video-preview":"max-video-preview:-1"},"canonical":"https:\/\/www.organisator.ch\/fr\/general\/2018-08-06\/ernaehrungsgesundheitsvereine-sge-und-radix-kooperieren\/","og_locale":"fr_FR","og_type":"article","og_title":"SGE und RADIX kooperieren im Namen der Ern\u00e4hrung - Organisator","og_description":"Die SGE erwirtschaftet seit 2015 ein strukturelles Defizit und strebt eine operative Kooperation mit der Gesundheitsstiftung RADIX an.","og_url":"https:\/\/www.organisator.ch\/fr\/general\/2018-08-06\/ernaehrungsgesundheitsvereine-sge-und-radix-kooperieren\/","og_site_name":"Organisator","article_publisher":"https:\/\/www.facebook.com\/OrganisatorFachmagazin","article_published_time":"2018-08-06T03:48:36+00:00","article_modified_time":"2024-11-07T06:18:59+00:00","og_image":[{"width":687,"height":400,"url":"https:\/\/www.organisator.ch\/wp-content\/uploads\/2018\/08\/Ernaehrungsgesundheitsvereine-SGE-und-RADIX-tun-sich-zusammen-up-umweltperspektiven.jpg","type":"image\/jpeg"}],"author":"michael.merz","twitter_card":"summary_large_image","schema":{"@context":"https:\/\/schema.org","@graph":[{"@type":"Article","@id":"https:\/\/www.organisator.ch\/allgemein\/2018-08-06\/ernaehrungsgesundheitsvereine-sge-und-radix-kooperieren\/#article","isPartOf":{"@id":"https:\/\/www.organisator.ch\/allgemein\/2018-08-06\/ernaehrungsgesundheitsvereine-sge-und-radix-kooperieren\/"},"author":{"name":"michael.merz","@id":"https:\/\/www.organisator.ch\/#\/schema\/person\/134708ca9321c57b0362cceb7948ffbd"},"headline":"SGE und RADIX kooperieren im Namen der Ern\u00e4hrung","datePublished":"2018-08-06T03:48:36+00:00","dateModified":"2024-11-07T06:18:59+00:00","mainEntityOfPage":{"@id":"https:\/\/www.organisator.ch\/allgemein\/2018-08-06\/ernaehrungsgesundheitsvereine-sge-und-radix-kooperieren\/"},"wordCount":385,"publisher":{"@id":"https:\/\/www.organisator.ch\/#organization"},"image":{"@id":"https:\/\/www.organisator.ch\/allgemein\/2018-08-06\/ernaehrungsgesundheitsvereine-sge-und-radix-kooperieren\/#primaryimage"},"thumbnailUrl":"https:\/\/www.organisator.ch\/wp-content\/uploads\/2018\/08\/Ernaehrungsgesundheitsvereine-SGE-und-RADIX-tun-sich-zusammen-up-umweltperspektiven.jpg","keywords":["Ern\u00e4hrung","Fachtagung","Kooperation","Schweiz","SGE"],"articleSection":["Allgemein"],"inLanguage":"fr-FR"},{"@type":"WebPage","@id":"https:\/\/www.organisator.ch\/allgemein\/2018-08-06\/ernaehrungsgesundheitsvereine-sge-und-radix-kooperieren\/","url":"https:\/\/www.organisator.ch\/allgemein\/2018-08-06\/ernaehrungsgesundheitsvereine-sge-und-radix-kooperieren\/","name":"La SSN et RADIX coop\u00e8rent au nom de l'alimentation - Organisateur","isPartOf":{"@id":"https:\/\/www.organisator.ch\/#website"},"primaryImageOfPage":{"@id":"https:\/\/www.organisator.ch\/allgemein\/2018-08-06\/ernaehrungsgesundheitsvereine-sge-und-radix-kooperieren\/#primaryimage"},"image":{"@id":"https:\/\/www.organisator.ch\/allgemein\/2018-08-06\/ernaehrungsgesundheitsvereine-sge-und-radix-kooperieren\/#primaryimage"},"thumbnailUrl":"https:\/\/www.organisator.ch\/wp-content\/uploads\/2018\/08\/Ernaehrungsgesundheitsvereine-SGE-und-RADIX-tun-sich-zusammen-up-umweltperspektiven.jpg","datePublished":"2018-08-06T03:48:36+00:00","dateModified":"2024-11-07T06:18:59+00:00","description":"Depuis 2015, la SSN enregistre un d\u00e9ficit structurel et vise une coop\u00e9ration op\u00e9rationnelle avec la fondation de sant\u00e9 RADIX.","breadcrumb":{"@id":"https:\/\/www.organisator.ch\/allgemein\/2018-08-06\/ernaehrungsgesundheitsvereine-sge-und-radix-kooperieren\/#breadcrumb"},"inLanguage":"fr-FR","potentialAction":[{"@type":"ReadAction","target":["https:\/\/www.organisator.ch\/allgemein\/2018-08-06\/ernaehrungsgesundheitsvereine-sge-und-radix-kooperieren\/"]}]},{"@type":"ImageObject","inLanguage":"fr-FR","@id":"https:\/\/www.organisator.ch\/allgemein\/2018-08-06\/ernaehrungsgesundheitsvereine-sge-und-radix-kooperieren\/#primaryimage","url":"https:\/\/www.organisator.ch\/wp-content\/uploads\/2018\/08\/Ernaehrungsgesundheitsvereine-SGE-und-RADIX-tun-sich-zusammen-up-umweltperspektiven.jpg","contentUrl":"https:\/\/www.organisator.ch\/wp-content\/uploads\/2018\/08\/Ernaehrungsgesundheitsvereine-SGE-und-RADIX-tun-sich-zusammen-up-umweltperspektiven.jpg","width":687,"height":400,"caption":"Die Schweizerischen Gesellschaft f\u00fcr Ern\u00e4hrung SGE und RADIX schliesslich sich zusammen. (Bild: zVg)"},{"@type":"BreadcrumbList","@id":"https:\/\/www.organisator.ch\/allgemein\/2018-08-06\/ernaehrungsgesundheitsvereine-sge-und-radix-kooperieren\/#breadcrumb","itemListElement":[{"@type":"ListItem","position":1,"name":"Home","item":"https:\/\/www.organisator.ch\/"},{"@type":"ListItem","position":2,"name":"SGE und RADIX kooperieren im Namen der Ern\u00e4hrung"}]},{"@type":"WebSite","@id":"https:\/\/www.organisator.ch\/#website","url":"https:\/\/www.organisator.ch\/","name":"Organisateur","description":"Comp\u00e9tence et comp\u00e9tence. Proches de la pratique. L'ORGANISATEUR pr\u00e9pare 10 num\u00e9ros par an sur les th\u00e8mes essentiels pour les dirigeants de PME.","publisher":{"@id":"https:\/\/www.organisator.ch\/#organization"},"potentialAction":[{"@type":"SearchAction","target":{"@type":"EntryPoint","urlTemplate":"https:\/\/www.organisator.ch\/?s={search_term_string}"},"query-input":{"@type":"PropertyValueSpecification","valueRequired":true,"valueName":"search_term_string"}}],"inLanguage":"fr-FR"},{"@type":"Organization","@id":"https:\/\/www.organisator.ch\/#organization","name":"Organisateur","url":"https:\/\/www.organisator.ch\/","logo":{"@type":"ImageObject","inLanguage":"fr-FR","@id":"https:\/\/www.organisator.ch\/#\/schema\/logo\/image\/","url":"https:\/\/www.organisator.ch\/wp-content\/uploads\/2022\/01\/Logo_Organisator_Website.png","contentUrl":"https:\/\/www.organisator.ch\/wp-content\/uploads\/2022\/01\/Logo_Organisator_Website.png","width":800,"height":77,"caption":"Organisator"},"image":{"@id":"https:\/\/www.organisator.ch\/#\/schema\/logo\/image\/"},"sameAs":["https:\/\/www.facebook.com\/OrganisatorFachmagazin","https:\/\/www.linkedin.com\/showcase\/organisator-das-magazin-fr-kmu","https:\/\/www.xing.com\/news\/pages\/organisator-ch-695","https:\/\/www.youtube.com\/channel\/UCGP2Sq0iWaZwT3BdIAQFYpw"]},{"@type":"Person","@id":"https:\/\/www.organisator.ch\/#\/schema\/person\/134708ca9321c57b0362cceb7948ffbd","name":"michael.merz","image":{"@type":"ImageObject","inLanguage":"fr-FR","@id":"https:\/\/secure.gravatar.com\/avatar\/?s=96&d=mm&r=g","url":"https:\/\/secure.gravatar.com\/avatar\/?s=96&d=mm&r=g","contentUrl":"https:\/\/secure.gravatar.com\/avatar\/?s=96&d=mm&r=g","caption":"michael.merz"},"url":"https:\/\/www.organisator.ch\/fr\/author\/michael-merz\/"}]}},"_links":{"self":[{"href":"https:\/\/www.organisator.ch\/fr\/wp-json\/wp\/v2\/posts\/10048","targetHints":{"allow":["GET"]}}],"collection":[{"href":"https:\/\/www.organisator.ch\/fr\/wp-json\/wp\/v2\/posts"}],"about":[{"href":"https:\/\/www.organisator.ch\/fr\/wp-json\/wp\/v2\/types\/post"}],"author":[{"embeddable":true,"href":"https:\/\/www.organisator.ch\/fr\/wp-json\/wp\/v2\/users\/5"}],"replies":[{"embeddable":true,"href":"https:\/\/www.organisator.ch\/fr\/wp-json\/wp\/v2\/comments?post=10048"}],"version-history":[{"count":2,"href":"https:\/\/www.organisator.ch\/fr\/wp-json\/wp\/v2\/posts\/10048\/revisions"}],"predecessor-version":[{"id":31647,"href":"https:\/\/www.organisator.ch\/fr\/wp-json\/wp\/v2\/posts\/10048\/revisions\/31647"}],"wp:featuredmedia":[{"embeddable":true,"href":"https:\/\/www.organisator.ch\/fr\/wp-json\/wp\/v2\/media\/9563"}],"wp:attachment":[{"href":"https:\/\/www.organisator.ch\/fr\/wp-json\/wp\/v2\/media?parent=10048"}],"wp:term":[{"taxonomy":"category","embeddable":true,"href":"https:\/\/www.organisator.ch\/fr\/wp-json\/wp\/v2\/categories?post=10048"},{"taxonomy":"post_tag","embeddable":true,"href":"https:\/\/www.organisator.ch\/fr\/wp-json\/wp\/v2\/tags?post=10048"}],"curies":[{"name":"wp","href":"https:\/\/api.w.org\/{rel}","templated":true}]}}