{"id":10053,"date":"2018-10-30T11:11:57","date_gmt":"2018-10-30T10:11:57","guid":{"rendered":"https:\/\/www.umweltperspektiven.ch\/?p=1889"},"modified":"2018-10-30T11:11:57","modified_gmt":"2018-10-30T10:11:57","slug":"universitaet-basel-und-eth-zuerich-buendeln-spitzenforschung-fuer-kinder-und-jugendliche-weltweit","status":"publish","type":"post","link":"https:\/\/www.organisator.ch\/fr\/allgemein\/2018-10-30\/universitaet-basel-und-eth-zuerich-buendeln-spitzenforschung-fuer-kinder-und-jugendliche-weltweit\/","title":{"rendered":"L'Universit\u00e9 de B\u00e2le et l'EPFZ regroupent la recherche de pointe pour les enfants et les jeunes du monde entier"},"content":{"rendered":"<div class=\"basecomponent textimage\">\n<div class=\"\">\n<div class=\"textimage\">\n<figure id=\"attachment_1890\" aria-describedby=\"caption-attachment-1890\" style=\"width: 680px\" class=\"wp-caption alignnone\"><img loading=\"lazy\" decoding=\"async\" class=\"size-medium wp-image-1890\" src=\"\/\/www.umweltperspektiven.ch\/wp-content\/uploads\/2018\/10\/Universit\u00e4t-Basel-und-ETH-Z\u00fcrich-b\u00fcndeln-Spitzenforschung-f\u00fcr-Kinder-und-Jugendliche-UP-Umweltperspektiven.jpg\" alt=\"\" width=\"680\" height=\"454\" \/><figcaption id=\"caption-attachment-1890\" class=\"wp-caption-text\">L'Universit\u00e9 de B\u00e2le et l'ETH Zurich permettent une recherche de pointe pour aider les enfants et les jeunes dans le monde entier. (Image : depositphotos)<\/figcaption><\/figure>\n<p>Le Botnar Research Centre for Child Health (BRCCH) est soutenu par l'Universit\u00e9 de B\u00e2le et l'EPF de Zurich. Le r\u00e9seau du centre de recherche comprend \u00e9galement des instituts partenaires tels que l'H\u00f4pital universitaire pour enfants des deux B\u00e2le et l'Institut tropical et de sant\u00e9 publique suisse \u00e0 B\u00e2le.<\/p>\n<p>Le centre de recherche regroupe les comp\u00e9tences des deux universit\u00e9s en biologie des syst\u00e8mes et en m\u00e9decine, ainsi que dans les domaines li\u00e9s \u00e0 la sant\u00e9 des sciences de la vie, de l'ing\u00e9nierie, des sciences sociales et des technologies de l'information. Par ses travaux, le centre de recherche doit contribuer \u00e0 pr\u00e9venir les maladies, \u00e0 d\u00e9velopper de nouvelles approches th\u00e9rapeutiques, \u00e0 am\u00e9liorer les diagnostics et les pronostics d'efficacit\u00e9 et \u00e0 promouvoir des solutions financi\u00e8rement viables. L'objectif du BRCCH est d'obtenir des r\u00e9sultats concrets : \"Nous voulons avoir un impact sur les enfants et les jeunes\", explique Andrea Schenker-Wicki, rectrice de l'Universit\u00e9 de B\u00e2le.<\/p>\n<h2><b>Approche transdisciplinaire de la recherche<\/b><\/h2>\n<p>Au sein du BRCCH, des chercheurs fondamentaux, des chercheurs cliniques ainsi que des scientifiques travaillent en \u00e9troite collaboration dans les domaines de la recherche sur l'impl\u00e9mentation, les syst\u00e8mes de sant\u00e9, l'\u00e9conomie de la sant\u00e9, la p\u00e9dagogie, l'\u00e9thique et le droit. L'accent est mis sur les pays aux ressources limit\u00e9es, mais les solutions d\u00e9velopp\u00e9es doivent pouvoir \u00eatre appliqu\u00e9es partout. Cette approche permet une recherche et un d\u00e9veloppement durables avec un b\u00e9n\u00e9fice direct pour la sant\u00e9 des enfants et des adolescents.<\/p>\n<p>Le BRCCH se concentrera en particulier sur quatre axes de recherche au sein de la p\u00e9diatrie : Le diab\u00e8te, les maladies infectieuses\/immunologie, les maladies cardio-pulmonaires et la restauration des fonctions corporelles par la chirurgie r\u00e9g\u00e9n\u00e9rative. Diff\u00e9rents domaines de recherche ont d\u00e9j\u00e0 \u00e9t\u00e9 d\u00e9finis au sein des axes de recherche.<\/p>\n<p>L'accent sera mis sur des approches ax\u00e9es sur des solutions de sant\u00e9 num\u00e9riques et mobiles ainsi que sur des th\u00e9rapies \u00e0 base de cellules. \"Notre objectif est de d\u00e9velopper des solutions num\u00e9riques pionni\u00e8res pour la sant\u00e9 des enfants et des adolescents\", explique Lino Guzzella, pr\u00e9sident de l'ETH Zurich.<\/p>\n<h2><b>Investissement prioritaire de la Fondation Botnar<\/b><\/h2>\n<p>Le BRCCH est financ\u00e9 par une contribution de la Fondation Botnar \u00e0 B\u00e2le de 100 millions de CHF, vers\u00e9e pour moiti\u00e9 \u00e0 l'Universit\u00e9 de B\u00e2le et pour moiti\u00e9 \u00e0 l'ETH Zurich Foundation. La contribution est r\u00e9partie sur dix ans. La Fondation Botnar s'engage pour l'am\u00e9lioration de la sant\u00e9 et du bien-\u00eatre des enfants et des adolescents dans les villes \u00e0 forte croissance du monde entier.<\/p>\n<p>Elle investit dans des solutions qui utilisent et encouragent les innovations num\u00e9riques en mettant l'accent sur l'intelligence artificielle. \"Les enfants et les jeunes sont des piliers importants de la soci\u00e9t\u00e9. Nous souhaitons leur donner les moyens de r\u00e9ussir leur vie et de contribuer activement \u00e0 un d\u00e9veloppement positif. Le BRCCH apportera de nombreuses solutions nouvelles \u00e0 cet \u00e9gard\", d\u00e9clare Peter Lenz, pr\u00e9sident du conseil de fondation de la Fondation Botnar.<\/p>\n<p>L'engagement dans le BRCCH repr\u00e9sente un investissement prioritaire pour la fondation cr\u00e9\u00e9e en 2003. Dans la phase de lancement de solutions nouvellement d\u00e9velopp\u00e9es, la Fondation Botnar met \u00e0 disposition du BRCCH ses r\u00e9seaux dans diff\u00e9rentes villes, notamment en Tanzanie et en Roumanie.<\/p>\n<h2><em><b>Site de B\u00e2le<\/b><\/em><\/h2>\n<p><em>Le centre de recherche d\u00e9butera ses activit\u00e9s op\u00e9rationnelles \u00e0 B\u00e2le d\u00e9but 2019 et sera mis en place progressivement. Avec son universit\u00e9, le D\u00e9partement des biosyst\u00e8mes (D-BSSE) de l'EPF de Zurich et de nombreuses entreprises tr\u00e8s innovantes dans les domaines de la biotechnologie et des sciences de la vie, la ville est le site pr\u00e9destin\u00e9 pour le BRCCH.<\/em><\/p>\n<\/div>\n<\/div>\n<\/div>\n<p><a name=\"news_content_textimage_1168139157\"><\/a><\/p>\n<div class=\"basecomponent textimage\">\n<div class=\"text-box\">\n<div class=\"textimage\">\n<p>Vers la Fondation Botnar :<\/p>\n<p>La Fondation Botnar est une fondation suisse cr\u00e9\u00e9e en 2003 et bas\u00e9e \u00e0 B\u00e2le. Elle poursuit l'h\u00e9ritage philanthropique de la famille Botnar. La fondation s'engage \u00e0 am\u00e9liorer la sant\u00e9 et le bien-\u00eatre des enfants et des adolescents dans les villes \u00e0 forte croissance du monde entier. Elle agit comme un catalyseur, s'appuie sur des r\u00e9seaux de partenaires et investit dans des solutions qui utilisent et encouragent les innovations num\u00e9riques, dont notamment l'intelligence artificielle. La Fondation Botnar est membre de SwissFoundations, l'association fa\u00eeti\u00e8re des fondations donatrices suisses.<\/p>\n<p><a href=\"\/\/www.fondationbotnar.org\">www.fondationbotnar.org<\/a><\/p>\n<\/div>\n<\/div>\n<\/div>","protected":false},"excerpt":{"rendered":"<p>Das Botnar Research Centre for Child Health (BRCCH) wird von der Universit\u00e4t Basel und der ETH Z\u00fcrich getragen. Zum Netzwerk des Forschungszentrums geh\u00f6ren zudem Partnerinstitute wie das Universit\u00e4ts Kinderspital beider Basel und das Schweizerische Tropen- und Public Health-Institut in Basel. Das Forschungszentrum b\u00fcndelt die Kompetenzen der beiden Hochschulen in Systembiologie und Medizin sowie in gesundheitsrelevanten [&hellip;]<\/p>\n","protected":false},"author":5,"featured_media":1890,"comment_status":"open","ping_status":"open","sticky":false,"template":"","format":"standard","meta":{"_acf_changed":false,"_yoast_wpseo_focuskw":"Botnar Research Centre for Child Health","_yoast_wpseo_metadesc":"Die Universit\u00e4t Basel und die ETH Z\u00fcrich haben heute gemeinsam das Botnar Research Centre for Child Health (BRCCH) in Basel gegr\u00fcndet.","articlekey":"","footnotes":""},"categories":[1],"tags":[1128,1205,242,1490,2405],"class_list":["post-10053","post","type-post","status-publish","format-standard","has-post-thumbnail","hentry","category-allgemein","tag-eth-zurich","tag-fondation","tag-gesundheit","tag-kinder","tag-universitaet-basel"],"acf":[],"yoast_head":"<!-- This site is optimized with the Yoast SEO plugin v27.4 - https:\/\/yoast.com\/product\/yoast-seo-wordpress\/ -->\n<title>Universit\u00e4t Basel und ETH Z\u00fcrich b\u00fcndeln Spitzenforschung f\u00fcr Kinder und Jugendliche weltweit - Organisator<\/title>\n<meta name=\"description\" content=\"Die Universit\u00e4t Basel und die ETH Z\u00fcrich haben heute gemeinsam das Botnar Research Centre for Child Health (BRCCH) in Basel gegr\u00fcndet.\" \/>\n<meta name=\"robots\" content=\"index, follow, max-snippet:-1, max-image-preview:large, max-video-preview:-1\" \/>\n<link rel=\"canonical\" href=\"https:\/\/www.organisator.ch\/fr\/general\/2018-10-30\/universitaet-basel-und-eth-zuerich-buendeln-spitzenforschung-fuer-kinder-und-jugendliche-weltweit\/\" \/>\n<meta property=\"og:locale\" content=\"fr_FR\" \/>\n<meta property=\"og:type\" content=\"article\" \/>\n<meta property=\"og:title\" content=\"Universit\u00e4t Basel und ETH Z\u00fcrich b\u00fcndeln Spitzenforschung f\u00fcr Kinder und Jugendliche weltweit - Organisator\" \/>\n<meta property=\"og:description\" content=\"Die Universit\u00e4t Basel und die ETH Z\u00fcrich haben heute gemeinsam das Botnar Research Centre for Child Health (BRCCH) in Basel gegr\u00fcndet.\" \/>\n<meta property=\"og:url\" content=\"https:\/\/www.organisator.ch\/fr\/general\/2018-10-30\/universitaet-basel-und-eth-zuerich-buendeln-spitzenforschung-fuer-kinder-und-jugendliche-weltweit\/\" \/>\n<meta property=\"og:site_name\" content=\"Organisator\" \/>\n<meta property=\"article:publisher\" content=\"https:\/\/www.facebook.com\/OrganisatorFachmagazin\" \/>\n<meta property=\"article:published_time\" content=\"2018-10-30T10:11:57+00:00\" \/>\n<meta property=\"og:image\" content=\"https:\/\/www.organisator.ch\/wp-content\/uploads\/2018\/10\/Universitaet-Basel-und-ETH-Zuerich-buendeln-Spitzenforschung-fuer-Kinder-und-Jugendliche-UP-Umweltperspektiven.jpg\" \/>\n\t<meta property=\"og:image:width\" content=\"1000\" \/>\n\t<meta property=\"og:image:height\" content=\"667\" \/>\n\t<meta property=\"og:image:type\" content=\"image\/jpeg\" \/>\n<meta name=\"author\" content=\"michael.merz\" \/>\n<meta name=\"twitter:card\" content=\"summary_large_image\" \/>\n<script type=\"application\/ld+json\" class=\"yoast-schema-graph\">{\"@context\":\"https:\\\/\\\/schema.org\",\"@graph\":[{\"@type\":\"Article\",\"@id\":\"https:\\\/\\\/www.organisator.ch\\\/it\\\/generale\\\/2018-10-30\\\/universitaet-basel-und-eth-zuerich-buendeln-spitzenforschung-fuer-kinder-und-jugendliche-weltweit\\\/#article\",\"isPartOf\":{\"@id\":\"https:\\\/\\\/www.organisator.ch\\\/it\\\/generale\\\/2018-10-30\\\/universitaet-basel-und-eth-zuerich-buendeln-spitzenforschung-fuer-kinder-und-jugendliche-weltweit\\\/\"},\"author\":{\"name\":\"michael.merz\",\"@id\":\"https:\\\/\\\/www.organisator.ch\\\/#\\\/schema\\\/person\\\/134708ca9321c57b0362cceb7948ffbd\"},\"headline\":\"Universit\u00e4t Basel und ETH Z\u00fcrich b\u00fcndeln Spitzenforschung f\u00fcr Kinder und Jugendliche weltweit\",\"datePublished\":\"2018-10-30T10:11:57+00:00\",\"mainEntityOfPage\":{\"@id\":\"https:\\\/\\\/www.organisator.ch\\\/it\\\/generale\\\/2018-10-30\\\/universitaet-basel-und-eth-zuerich-buendeln-spitzenforschung-fuer-kinder-und-jugendliche-weltweit\\\/\"},\"wordCount\":620,\"commentCount\":0,\"publisher\":{\"@id\":\"https:\\\/\\\/www.organisator.ch\\\/#organization\"},\"image\":{\"@id\":\"https:\\\/\\\/www.organisator.ch\\\/it\\\/generale\\\/2018-10-30\\\/universitaet-basel-und-eth-zuerich-buendeln-spitzenforschung-fuer-kinder-und-jugendliche-weltweit\\\/#primaryimage\"},\"thumbnailUrl\":\"https:\\\/\\\/www.organisator.ch\\\/wp-content\\\/uploads\\\/2018\\\/10\\\/Universitaet-Basel-und-ETH-Zuerich-buendeln-Spitzenforschung-fuer-Kinder-und-Jugendliche-UP-Umweltperspektiven.jpg\",\"keywords\":[\"ETH Zurich\",\"Fondation\",\"Gesundheit\",\"Kinder\",\"Universit\u00e4t Basel\"],\"articleSection\":[\"Allgemein\"],\"inLanguage\":\"fr-FR\"},{\"@type\":\"WebPage\",\"@id\":\"https:\\\/\\\/www.organisator.ch\\\/it\\\/generale\\\/2018-10-30\\\/universitaet-basel-und-eth-zuerich-buendeln-spitzenforschung-fuer-kinder-und-jugendliche-weltweit\\\/\",\"url\":\"https:\\\/\\\/www.organisator.ch\\\/it\\\/generale\\\/2018-10-30\\\/universitaet-basel-und-eth-zuerich-buendeln-spitzenforschung-fuer-kinder-und-jugendliche-weltweit\\\/\",\"name\":\"Universit\u00e4t Basel und ETH Z\u00fcrich b\u00fcndeln Spitzenforschung f\u00fcr Kinder und Jugendliche weltweit - Organisator\",\"isPartOf\":{\"@id\":\"https:\\\/\\\/www.organisator.ch\\\/#website\"},\"primaryImageOfPage\":{\"@id\":\"https:\\\/\\\/www.organisator.ch\\\/it\\\/generale\\\/2018-10-30\\\/universitaet-basel-und-eth-zuerich-buendeln-spitzenforschung-fuer-kinder-und-jugendliche-weltweit\\\/#primaryimage\"},\"image\":{\"@id\":\"https:\\\/\\\/www.organisator.ch\\\/it\\\/generale\\\/2018-10-30\\\/universitaet-basel-und-eth-zuerich-buendeln-spitzenforschung-fuer-kinder-und-jugendliche-weltweit\\\/#primaryimage\"},\"thumbnailUrl\":\"https:\\\/\\\/www.organisator.ch\\\/wp-content\\\/uploads\\\/2018\\\/10\\\/Universitaet-Basel-und-ETH-Zuerich-buendeln-Spitzenforschung-fuer-Kinder-und-Jugendliche-UP-Umweltperspektiven.jpg\",\"datePublished\":\"2018-10-30T10:11:57+00:00\",\"description\":\"Die Universit\u00e4t Basel und die ETH Z\u00fcrich haben heute gemeinsam das Botnar Research Centre for Child Health (BRCCH) in Basel gegr\u00fcndet.\",\"breadcrumb\":{\"@id\":\"https:\\\/\\\/www.organisator.ch\\\/it\\\/generale\\\/2018-10-30\\\/universitaet-basel-und-eth-zuerich-buendeln-spitzenforschung-fuer-kinder-und-jugendliche-weltweit\\\/#breadcrumb\"},\"inLanguage\":\"fr-FR\",\"potentialAction\":[{\"@type\":\"ReadAction\",\"target\":[\"https:\\\/\\\/www.organisator.ch\\\/it\\\/generale\\\/2018-10-30\\\/universitaet-basel-und-eth-zuerich-buendeln-spitzenforschung-fuer-kinder-und-jugendliche-weltweit\\\/\"]}]},{\"@type\":\"ImageObject\",\"inLanguage\":\"fr-FR\",\"@id\":\"https:\\\/\\\/www.organisator.ch\\\/it\\\/generale\\\/2018-10-30\\\/universitaet-basel-und-eth-zuerich-buendeln-spitzenforschung-fuer-kinder-und-jugendliche-weltweit\\\/#primaryimage\",\"url\":\"https:\\\/\\\/www.organisator.ch\\\/wp-content\\\/uploads\\\/2018\\\/10\\\/Universitaet-Basel-und-ETH-Zuerich-buendeln-Spitzenforschung-fuer-Kinder-und-Jugendliche-UP-Umweltperspektiven.jpg\",\"contentUrl\":\"https:\\\/\\\/www.organisator.ch\\\/wp-content\\\/uploads\\\/2018\\\/10\\\/Universitaet-Basel-und-ETH-Zuerich-buendeln-Spitzenforschung-fuer-Kinder-und-Jugendliche-UP-Umweltperspektiven.jpg\",\"width\":1000,\"height\":667,\"caption\":\"Universit\u00e4t Basel und ETH Z\u00fcrich erm\u00f6glichen Spitzenforschung, um Kindern und Jugendliche weltweit zu helfen. (Bild: depositphotos)\"},{\"@type\":\"BreadcrumbList\",\"@id\":\"https:\\\/\\\/www.organisator.ch\\\/it\\\/generale\\\/2018-10-30\\\/universitaet-basel-und-eth-zuerich-buendeln-spitzenforschung-fuer-kinder-und-jugendliche-weltweit\\\/#breadcrumb\",\"itemListElement\":[{\"@type\":\"ListItem\",\"position\":1,\"name\":\"Home\",\"item\":\"https:\\\/\\\/www.organisator.ch\\\/\"},{\"@type\":\"ListItem\",\"position\":2,\"name\":\"Universit\u00e4t Basel und ETH Z\u00fcrich b\u00fcndeln Spitzenforschung f\u00fcr Kinder und Jugendliche weltweit\"}]},{\"@type\":\"WebSite\",\"@id\":\"https:\\\/\\\/www.organisator.ch\\\/#website\",\"url\":\"https:\\\/\\\/www.organisator.ch\\\/\",\"name\":\"Organisator\",\"description\":\"Kompetent. Praxisnah. Der ORGANISATOR bereitet in 10 Ausgaben pro Jahr die wesentlichen Themen f\u00fcr F\u00fchrungskr\u00e4fte von KMU auf.\",\"publisher\":{\"@id\":\"https:\\\/\\\/www.organisator.ch\\\/#organization\"},\"potentialAction\":[{\"@type\":\"SearchAction\",\"target\":{\"@type\":\"EntryPoint\",\"urlTemplate\":\"https:\\\/\\\/www.organisator.ch\\\/?s={search_term_string}\"},\"query-input\":{\"@type\":\"PropertyValueSpecification\",\"valueRequired\":true,\"valueName\":\"search_term_string\"}}],\"inLanguage\":\"fr-FR\"},{\"@type\":\"Organization\",\"@id\":\"https:\\\/\\\/www.organisator.ch\\\/#organization\",\"name\":\"Organisator\",\"url\":\"https:\\\/\\\/www.organisator.ch\\\/\",\"logo\":{\"@type\":\"ImageObject\",\"inLanguage\":\"fr-FR\",\"@id\":\"https:\\\/\\\/www.organisator.ch\\\/#\\\/schema\\\/logo\\\/image\\\/\",\"url\":\"https:\\\/\\\/www.organisator.ch\\\/wp-content\\\/uploads\\\/2022\\\/01\\\/Logo_Organisator_Website.png\",\"contentUrl\":\"https:\\\/\\\/www.organisator.ch\\\/wp-content\\\/uploads\\\/2022\\\/01\\\/Logo_Organisator_Website.png\",\"width\":800,\"height\":77,\"caption\":\"Organisator\"},\"image\":{\"@id\":\"https:\\\/\\\/www.organisator.ch\\\/#\\\/schema\\\/logo\\\/image\\\/\"},\"sameAs\":[\"https:\\\/\\\/www.facebook.com\\\/OrganisatorFachmagazin\",\"https:\\\/\\\/www.linkedin.com\\\/showcase\\\/organisator-das-magazin-fr-kmu\",\"https:\\\/\\\/www.xing.com\\\/news\\\/pages\\\/organisator-ch-695\",\"https:\\\/\\\/www.youtube.com\\\/channel\\\/UCGP2Sq0iWaZwT3BdIAQFYpw\"]},{\"@type\":\"Person\",\"@id\":\"https:\\\/\\\/www.organisator.ch\\\/#\\\/schema\\\/person\\\/134708ca9321c57b0362cceb7948ffbd\",\"name\":\"michael.merz\",\"image\":{\"@type\":\"ImageObject\",\"inLanguage\":\"fr-FR\",\"@id\":\"https:\\\/\\\/secure.gravatar.com\\\/avatar\\\/?s=96&d=mm&r=g\",\"url\":\"https:\\\/\\\/secure.gravatar.com\\\/avatar\\\/?s=96&d=mm&r=g\",\"contentUrl\":\"https:\\\/\\\/secure.gravatar.com\\\/avatar\\\/?s=96&d=mm&r=g\",\"caption\":\"michael.merz\"},\"url\":\"https:\\\/\\\/www.organisator.ch\\\/fr\\\/author\\\/michael-merz\\\/\"}]}<\/script>\n<!-- \/ Yoast SEO plugin. -->","yoast_head_json":{"title":"L'Universit\u00e9 de B\u00e2le et l'ETH Zurich regroupent la recherche de pointe pour les enfants et les jeunes du monde entier - Organisateur","description":"L'Universit\u00e9 de B\u00e2le et l'EPFZ ont cr\u00e9\u00e9 aujourd'hui conjointement le Botnar Research Centre for Child Health (BRCCH) \u00e0 B\u00e2le.","robots":{"index":"index","follow":"follow","max-snippet":"max-snippet:-1","max-image-preview":"max-image-preview:large","max-video-preview":"max-video-preview:-1"},"canonical":"https:\/\/www.organisator.ch\/fr\/general\/2018-10-30\/universitaet-basel-und-eth-zuerich-buendeln-spitzenforschung-fuer-kinder-und-jugendliche-weltweit\/","og_locale":"fr_FR","og_type":"article","og_title":"Universit\u00e4t Basel und ETH Z\u00fcrich b\u00fcndeln Spitzenforschung f\u00fcr Kinder und Jugendliche weltweit - Organisator","og_description":"Die Universit\u00e4t Basel und die ETH Z\u00fcrich haben heute gemeinsam das Botnar Research Centre for Child Health (BRCCH) in Basel gegr\u00fcndet.","og_url":"https:\/\/www.organisator.ch\/fr\/general\/2018-10-30\/universitaet-basel-und-eth-zuerich-buendeln-spitzenforschung-fuer-kinder-und-jugendliche-weltweit\/","og_site_name":"Organisator","article_publisher":"https:\/\/www.facebook.com\/OrganisatorFachmagazin","article_published_time":"2018-10-30T10:11:57+00:00","og_image":[{"width":1000,"height":667,"url":"https:\/\/www.organisator.ch\/wp-content\/uploads\/2018\/10\/Universitaet-Basel-und-ETH-Zuerich-buendeln-Spitzenforschung-fuer-Kinder-und-Jugendliche-UP-Umweltperspektiven.jpg","type":"image\/jpeg"}],"author":"michael.merz","twitter_card":"summary_large_image","schema":{"@context":"https:\/\/schema.org","@graph":[{"@type":"Article","@id":"https:\/\/www.organisator.ch\/it\/generale\/2018-10-30\/universitaet-basel-und-eth-zuerich-buendeln-spitzenforschung-fuer-kinder-und-jugendliche-weltweit\/#article","isPartOf":{"@id":"https:\/\/www.organisator.ch\/it\/generale\/2018-10-30\/universitaet-basel-und-eth-zuerich-buendeln-spitzenforschung-fuer-kinder-und-jugendliche-weltweit\/"},"author":{"name":"michael.merz","@id":"https:\/\/www.organisator.ch\/#\/schema\/person\/134708ca9321c57b0362cceb7948ffbd"},"headline":"Universit\u00e4t Basel und ETH Z\u00fcrich b\u00fcndeln Spitzenforschung f\u00fcr Kinder und Jugendliche weltweit","datePublished":"2018-10-30T10:11:57+00:00","mainEntityOfPage":{"@id":"https:\/\/www.organisator.ch\/it\/generale\/2018-10-30\/universitaet-basel-und-eth-zuerich-buendeln-spitzenforschung-fuer-kinder-und-jugendliche-weltweit\/"},"wordCount":620,"commentCount":0,"publisher":{"@id":"https:\/\/www.organisator.ch\/#organization"},"image":{"@id":"https:\/\/www.organisator.ch\/it\/generale\/2018-10-30\/universitaet-basel-und-eth-zuerich-buendeln-spitzenforschung-fuer-kinder-und-jugendliche-weltweit\/#primaryimage"},"thumbnailUrl":"https:\/\/www.organisator.ch\/wp-content\/uploads\/2018\/10\/Universitaet-Basel-und-ETH-Zuerich-buendeln-Spitzenforschung-fuer-Kinder-und-Jugendliche-UP-Umweltperspektiven.jpg","keywords":["ETH Zurich","Fondation","Gesundheit","Kinder","Universit\u00e4t Basel"],"articleSection":["Allgemein"],"inLanguage":"fr-FR"},{"@type":"WebPage","@id":"https:\/\/www.organisator.ch\/it\/generale\/2018-10-30\/universitaet-basel-und-eth-zuerich-buendeln-spitzenforschung-fuer-kinder-und-jugendliche-weltweit\/","url":"https:\/\/www.organisator.ch\/it\/generale\/2018-10-30\/universitaet-basel-und-eth-zuerich-buendeln-spitzenforschung-fuer-kinder-und-jugendliche-weltweit\/","name":"L'Universit\u00e9 de B\u00e2le et l'ETH Zurich regroupent la recherche de pointe pour les enfants et les jeunes du monde entier - Organisateur","isPartOf":{"@id":"https:\/\/www.organisator.ch\/#website"},"primaryImageOfPage":{"@id":"https:\/\/www.organisator.ch\/it\/generale\/2018-10-30\/universitaet-basel-und-eth-zuerich-buendeln-spitzenforschung-fuer-kinder-und-jugendliche-weltweit\/#primaryimage"},"image":{"@id":"https:\/\/www.organisator.ch\/it\/generale\/2018-10-30\/universitaet-basel-und-eth-zuerich-buendeln-spitzenforschung-fuer-kinder-und-jugendliche-weltweit\/#primaryimage"},"thumbnailUrl":"https:\/\/www.organisator.ch\/wp-content\/uploads\/2018\/10\/Universitaet-Basel-und-ETH-Zuerich-buendeln-Spitzenforschung-fuer-Kinder-und-Jugendliche-UP-Umweltperspektiven.jpg","datePublished":"2018-10-30T10:11:57+00:00","description":"L'Universit\u00e9 de B\u00e2le et l'EPFZ ont cr\u00e9\u00e9 aujourd'hui conjointement le Botnar Research Centre for Child Health (BRCCH) \u00e0 B\u00e2le.","breadcrumb":{"@id":"https:\/\/www.organisator.ch\/it\/generale\/2018-10-30\/universitaet-basel-und-eth-zuerich-buendeln-spitzenforschung-fuer-kinder-und-jugendliche-weltweit\/#breadcrumb"},"inLanguage":"fr-FR","potentialAction":[{"@type":"ReadAction","target":["https:\/\/www.organisator.ch\/it\/generale\/2018-10-30\/universitaet-basel-und-eth-zuerich-buendeln-spitzenforschung-fuer-kinder-und-jugendliche-weltweit\/"]}]},{"@type":"ImageObject","inLanguage":"fr-FR","@id":"https:\/\/www.organisator.ch\/it\/generale\/2018-10-30\/universitaet-basel-und-eth-zuerich-buendeln-spitzenforschung-fuer-kinder-und-jugendliche-weltweit\/#primaryimage","url":"https:\/\/www.organisator.ch\/wp-content\/uploads\/2018\/10\/Universitaet-Basel-und-ETH-Zuerich-buendeln-Spitzenforschung-fuer-Kinder-und-Jugendliche-UP-Umweltperspektiven.jpg","contentUrl":"https:\/\/www.organisator.ch\/wp-content\/uploads\/2018\/10\/Universitaet-Basel-und-ETH-Zuerich-buendeln-Spitzenforschung-fuer-Kinder-und-Jugendliche-UP-Umweltperspektiven.jpg","width":1000,"height":667,"caption":"Universit\u00e4t Basel und ETH Z\u00fcrich erm\u00f6glichen Spitzenforschung, um Kindern und Jugendliche weltweit zu helfen. (Bild: depositphotos)"},{"@type":"BreadcrumbList","@id":"https:\/\/www.organisator.ch\/it\/generale\/2018-10-30\/universitaet-basel-und-eth-zuerich-buendeln-spitzenforschung-fuer-kinder-und-jugendliche-weltweit\/#breadcrumb","itemListElement":[{"@type":"ListItem","position":1,"name":"Home","item":"https:\/\/www.organisator.ch\/"},{"@type":"ListItem","position":2,"name":"Universit\u00e4t Basel und ETH Z\u00fcrich b\u00fcndeln Spitzenforschung f\u00fcr Kinder und Jugendliche weltweit"}]},{"@type":"WebSite","@id":"https:\/\/www.organisator.ch\/#website","url":"https:\/\/www.organisator.ch\/","name":"Organisateur","description":"Comp\u00e9tence et comp\u00e9tence. Proches de la pratique. L'ORGANISATEUR pr\u00e9pare 10 num\u00e9ros par an sur les th\u00e8mes essentiels pour les dirigeants de PME.","publisher":{"@id":"https:\/\/www.organisator.ch\/#organization"},"potentialAction":[{"@type":"SearchAction","target":{"@type":"EntryPoint","urlTemplate":"https:\/\/www.organisator.ch\/?s={search_term_string}"},"query-input":{"@type":"PropertyValueSpecification","valueRequired":true,"valueName":"search_term_string"}}],"inLanguage":"fr-FR"},{"@type":"Organization","@id":"https:\/\/www.organisator.ch\/#organization","name":"Organisateur","url":"https:\/\/www.organisator.ch\/","logo":{"@type":"ImageObject","inLanguage":"fr-FR","@id":"https:\/\/www.organisator.ch\/#\/schema\/logo\/image\/","url":"https:\/\/www.organisator.ch\/wp-content\/uploads\/2022\/01\/Logo_Organisator_Website.png","contentUrl":"https:\/\/www.organisator.ch\/wp-content\/uploads\/2022\/01\/Logo_Organisator_Website.png","width":800,"height":77,"caption":"Organisator"},"image":{"@id":"https:\/\/www.organisator.ch\/#\/schema\/logo\/image\/"},"sameAs":["https:\/\/www.facebook.com\/OrganisatorFachmagazin","https:\/\/www.linkedin.com\/showcase\/organisator-das-magazin-fr-kmu","https:\/\/www.xing.com\/news\/pages\/organisator-ch-695","https:\/\/www.youtube.com\/channel\/UCGP2Sq0iWaZwT3BdIAQFYpw"]},{"@type":"Person","@id":"https:\/\/www.organisator.ch\/#\/schema\/person\/134708ca9321c57b0362cceb7948ffbd","name":"michael.merz","image":{"@type":"ImageObject","inLanguage":"fr-FR","@id":"https:\/\/secure.gravatar.com\/avatar\/?s=96&d=mm&r=g","url":"https:\/\/secure.gravatar.com\/avatar\/?s=96&d=mm&r=g","contentUrl":"https:\/\/secure.gravatar.com\/avatar\/?s=96&d=mm&r=g","caption":"michael.merz"},"url":"https:\/\/www.organisator.ch\/fr\/author\/michael-merz\/"}]}},"_links":{"self":[{"href":"https:\/\/www.organisator.ch\/fr\/wp-json\/wp\/v2\/posts\/10053","targetHints":{"allow":["GET"]}}],"collection":[{"href":"https:\/\/www.organisator.ch\/fr\/wp-json\/wp\/v2\/posts"}],"about":[{"href":"https:\/\/www.organisator.ch\/fr\/wp-json\/wp\/v2\/types\/post"}],"author":[{"embeddable":true,"href":"https:\/\/www.organisator.ch\/fr\/wp-json\/wp\/v2\/users\/5"}],"replies":[{"embeddable":true,"href":"https:\/\/www.organisator.ch\/fr\/wp-json\/wp\/v2\/comments?post=10053"}],"version-history":[{"count":0,"href":"https:\/\/www.organisator.ch\/fr\/wp-json\/wp\/v2\/posts\/10053\/revisions"}],"wp:featuredmedia":[{"embeddable":true,"href":"https:\/\/www.organisator.ch\/fr\/wp-json\/wp\/v2\/media\/1890"}],"wp:attachment":[{"href":"https:\/\/www.organisator.ch\/fr\/wp-json\/wp\/v2\/media?parent=10053"}],"wp:term":[{"taxonomy":"category","embeddable":true,"href":"https:\/\/www.organisator.ch\/fr\/wp-json\/wp\/v2\/categories?post=10053"},{"taxonomy":"post_tag","embeddable":true,"href":"https:\/\/www.organisator.ch\/fr\/wp-json\/wp\/v2\/tags?post=10053"}],"curies":[{"name":"wp","href":"https:\/\/api.w.org\/{rel}","templated":true}]}}