{"id":10056,"date":"2018-11-23T13:20:01","date_gmt":"2018-11-23T12:20:01","guid":{"rendered":"https:\/\/www.umweltperspektiven.ch\/?p=1912"},"modified":"2022-02-09T11:10:08","modified_gmt":"2022-02-09T10:10:08","slug":"eu-aktionsplan-zur-nachhaltigen-wirtschaft","status":"publish","type":"post","link":"https:\/\/www.organisator.ch\/fr\/sustainability\/2018-11-23\/eu-aktionsplan-zur-nachhaltigen-wirtschaft\/","title":{"rendered":"Plan d'action de l'UE pour une \u00e9conomie durable"},"content":{"rendered":"<figure id=\"attachment_1915\" aria-describedby=\"caption-attachment-1915\" style=\"width: 680px\" class=\"wp-caption alignnone\"><img loading=\"lazy\" decoding=\"async\" class=\"size-medium wp-image-1915\" src=\"\/\/www.umweltperspektiven.ch\/wp-content\/uploads\/2018\/11\/eu-aktionsplan-up-umweltperspektiven.jpg\" alt=\"\" width=\"680\" height=\"454\" \/><figcaption id=\"caption-attachment-1915\" class=\"wp-caption-text\">Pour mettre en \u0153uvre les propositions de l'UE, des mesures de grande envergure, y compris l\u00e9gislatives, sont n\u00e9cessaires. (Image : depositphotos)<\/figcaption><\/figure>\n<p>Le plan d'action de l'UE vise \u00e0 orienter davantage le secteur financier europ\u00e9en vers le financement d'une croissance durable \u00e0 plus long terme. Cela n\u00e9cessite des mesures \u00e9tendues, y compris l\u00e9gislatives, en mati\u00e8re de reporting, d'\u00e9tablissement des comptes, de r\u00e9glementation et de gouvernance d'entreprise.<\/p>\n<p>Le plan d'action pr\u00e9sent\u00e9 d\u00e9but mars 2018 se base sur le rapport final pr\u00e9sent\u00e9 en janvier par une commission d'experts de haut niveau, le \"High-Level Expert Group on Sustainable Finance\" (HLEG), dont les recommandations ont \u00e9t\u00e9 largement reprises.  Depuis quelques semaines, on constate d\u00e9sormais un net regain d'int\u00e9r\u00eat.<\/p>\n<p><strong>Propositions du groupe d'experts <\/strong><\/p>\n<p>Pour mettre en \u0153uvre les propositions, il est n\u00e9cessaire de prendre des mesures de grande envergure, notamment l\u00e9gislatives, qui englobent l'\u00e9tablissement du bilan, la gouvernance d'entreprise, la gestion des risques et les d\u00e9marches r\u00e9glementaires. En particulier, l'horizon temporel doit \u00eatre nettement \u00e9tendu pour l'\u00e9tablissement du bilan et la saisie des risques, afin de refl\u00e9ter par exemple de mani\u00e8re ad\u00e9quate les effets du changement climatique et de la transition \u00e9nerg\u00e9tique.<\/p>\n<p><strong>Le plan d'action en bref :<\/strong><\/p>\n<p>Voici un bref r\u00e9sum\u00e9 du plan de la Commission europ\u00e9enne, qui s'\u00e9tend sur vingt pages, et de ses implications pratiques pour le secteur bancaire :<\/p>\n<p>&nbsp;<\/p>\n<ol>\n<li><em> Classification des activit\u00e9s \u00e9conomiques en fonction de leur contribution au d\u00e9veloppement durable (\"taxonomie\")<\/em><\/li>\n<\/ol>\n<p>Les crit\u00e8res du changement climatique, de l'impact environnemental et de l'impact social seront principalement appliqu\u00e9s. Dans un premier temps, un groupe d'experts techniques se concentrera sur le changement climatique et la transition \u00e9nerg\u00e9tique.<\/p>\n<p>&nbsp;<\/p>\n<ol start=\"2\">\n<li><em> Normes\/labels de qualit\u00e9 pour les produits financiers \"verts<\/em><\/li>\n<\/ol>\n<p>Dans un premier temps, la Commission vise la standardisation des obligations \"vertes\", appel\u00e9es green bonds. Par la suite, d'autres produits seront examin\u00e9s sur la base de la taxonomie.<\/p>\n<p>&nbsp;<\/p>\n<ol start=\"3\">\n<li><em> Promotion des investissements dans des projets durables<\/em><\/li>\n<\/ol>\n<p>D\u00e9veloppement des capacit\u00e9s de conseil pour les projets d'infrastructure durables dans l'UE et les pays voisins<\/p>\n<p>&nbsp;<\/p>\n<ol start=\"4\">\n<li><em> Int\u00e9gration de la durabilit\u00e9 dans le conseil financier<\/em><\/li>\n<\/ol>\n<p>Modification des directives de distribution pour les banques (MiFID II) et les assurances (IDD, Insurance Distribution Delegated Acts). Remarque : ces points n'\u00e9taient pas aussi clairement mentionn\u00e9s dans la recommandation des experts.<\/p>\n<p>&nbsp;<\/p>\n<ol start=\"5\">\n<li><em> Crit\u00e8res de qualit\u00e9 pour la durabilit\u00e9<\/em><\/li>\n<\/ol>\n<p>Cr\u00e9ation de plus de transparence et de comparabilit\u00e9 des crit\u00e8res de durabilit\u00e9<\/p>\n<p>&nbsp;<\/p>\n<ol start=\"6\">\n<li><em> Meilleure int\u00e9gration de la durabilit\u00e9 dans les notations et la recherche de march\u00e9<\/em><\/li>\n<\/ol>\n<p>Pertinence pour la solvabilit\u00e9 (credit rating) et m\u00e9thodologie des notations de durabilit\u00e9<\/p>\n<p>&nbsp;<\/p>\n<ol start=\"7\">\n<li><em> Clarification des obligations des investisseurs et des gestionnaires d'actifs<\/em><\/li>\n<\/ol>\n<p>Le rapport d'experts a clairement demand\u00e9 un \"devoir fiduciaire\" des investisseurs pour la g\u00e9n\u00e9ration future. Or, cette obligation n'est gu\u00e8re ancr\u00e9e dans le droit constitutionnel, la loi fondamentale allemande ne pr\u00e9voyant pas d'exigences de durabilit\u00e9 en la mati\u00e8re.<\/p>\n<p>&nbsp;<\/p>\n<ol start=\"8\">\n<li><em> Prise en compte des crit\u00e8res de durabilit\u00e9 dans la gestion des risques et la r\u00e9glementation<\/em><\/li>\n<\/ol>\n<p>Dans un premier temps, l'accent sera surtout mis sur les risques climatiques et la transition \u00e9nerg\u00e9tique. Concr\u00e8tement, il s'agit de mettre en \u0153uvre les propositions de la Taskforce TCFD (Task force for climate-related financial disclosures) mise en place par le Financial Stability Board.<\/p>\n<p>&nbsp;<\/p>\n<p>Certaines autorit\u00e9s de surveillance, comme la Bundesbank allemande, l'ont express\u00e9ment demand\u00e9, et la banque centrale n\u00e9erlandaise a d\u00e9j\u00e0 annonc\u00e9 un test de r\u00e9sistance pour les risques climatiques dans les banques.<\/p>\n<p>&nbsp;<\/p>\n<ol start=\"9\">\n<li><em> Extension des obligations en mati\u00e8re de rapports et de comptabilit\u00e9<\/em><\/li>\n<\/ol>\n<p>Des adaptations importantes sont n\u00e9cessaires en ce qui concerne le caract\u00e8re essentiel dans le rapport et surtout l'horizon temporel ou la r\u00e9f\u00e9rence \u00e0 l'avenir.<\/p>\n<p>&nbsp;<\/p>\n<ol start=\"10\">\n<li>Renforcement des aspects de durabilit\u00e9 dans la gestion d'entreprise et la communication sur le march\u00e9 des capitaux<\/li>\n<\/ol>\n<p>Les directions des entreprises devraient \u00eatre tenues de formuler et de publier des strat\u00e9gies de durabilit\u00e9. Selon les id\u00e9es du plan d'action, la pression des march\u00e9s des capitaux en faveur d'une action \u00e0 court terme dans les entreprises pourrait \u00eatre r\u00e9duite, entre autres, par des p\u00e9riodes de d\u00e9tention et des limites de rotation pour les gestionnaires d'actifs.<\/p>\n<p>A condition que le Parlement europ\u00e9en suive le plan d'action, les mesures prendront effet, le cas \u00e9ch\u00e9ant, en l'espace de quelques mois, par exemple par des adaptations des r\u00e9glementations MiFID II (banques) et IDD (distribution d'assurances). Il fallait s'attendre \u00e0 ce que la Commission europ\u00e9enne agisse dans ce sens, mais une partie du secteur bancaire sera probablement surprise de la rapidit\u00e9 et de l'ampleur des interventions.<\/p>\n<p><em>Pour plus de d\u00e9tails sur les interpr\u00e9tations du plan d'action de l'UE, voir <a href=\"\/\/ec.europa.eu\/info\/publications\/180308-action-plan-sustainable-growth_en\">ici<\/a> (en anglais) ou encore <a href=\"\/\/www.unpri.org\/sustainable-financial-system\/explaining-the-eu-action-plan-for-financing-sustainable-growth\/3000.article\">ici\u00a0<\/a><\/em><\/p>\n<p>&nbsp;<\/p>","protected":false},"excerpt":{"rendered":"<p>Der EU-Aktionsplan soll die europ\u00e4ische Finanzwirtschaft st\u00e4rker auf die Finanzierung eines l\u00e4ngerfristigen, nachhaltigen Wachstums ausrichten. Dies erfordert weitgehende, auch gesetzgeberische Massnahmen in Bezug auf Berichterstattung, Bilanzierung, Regulierung und Unternehmensf\u00fchrung. Grundlage des anfangs M\u00e4rz 2018 vorgestellten Aktionsplans ist der im Januar vorgelegte Schlussbericht einer hochrangigen Expertenkommission, der \u201eHigh-Level Expert Group on Sustainable Finance\u201c (HLEG), deren Empfehlungen [&hellip;]<\/p>\n","protected":false},"author":5,"featured_media":9574,"comment_status":"open","ping_status":"open","sticky":false,"template":"","format":"standard","meta":{"_acf_changed":false,"_yoast_wpseo_focuskw":"EU-Aktionsplan","_yoast_wpseo_metadesc":"Die EU-Kommission hat einen Aktionsplan vorgelegt. Die Grundlage f\u00fcr \u201eFinancing Sustainable Growth\u201c zeigt erste kleine Fr\u00fcchte.","articlekey":"","footnotes":""},"categories":[580],"tags":[1135,1765,2286],"class_list":["post-10056","post","type-post","status-publish","format-standard","has-post-thumbnail","hentry","category-sustainability","tag-eu-aktionsplan","tag-nachhaltige-investments","tag-taxonomie"],"acf":[],"yoast_head":"<!-- This site is optimized with the Yoast SEO plugin v27.5 - https:\/\/yoast.com\/product\/yoast-seo-wordpress\/ -->\n<title>EU-Aktionsplan zur nachhaltigen Wirtschaft - Organisator<\/title>\n<meta name=\"description\" content=\"Die EU-Kommission hat einen Aktionsplan vorgelegt. Die Grundlage f\u00fcr \u201eFinancing Sustainable Growth\u201c zeigt erste kleine Fr\u00fcchte.\" \/>\n<meta name=\"robots\" content=\"index, follow, max-snippet:-1, max-image-preview:large, max-video-preview:-1\" \/>\n<link rel=\"canonical\" href=\"https:\/\/www.organisator.ch\/fr\/sustainability\/2018-11-23\/eu-aktionsplan-zur-nachhaltigen-wirtschaft\/\" \/>\n<meta property=\"og:locale\" content=\"fr_FR\" \/>\n<meta property=\"og:type\" content=\"article\" \/>\n<meta property=\"og:title\" content=\"EU-Aktionsplan zur nachhaltigen Wirtschaft - Organisator\" \/>\n<meta property=\"og:description\" content=\"Die EU-Kommission hat einen Aktionsplan vorgelegt. Die Grundlage f\u00fcr \u201eFinancing Sustainable Growth\u201c zeigt erste kleine Fr\u00fcchte.\" \/>\n<meta property=\"og:url\" content=\"https:\/\/www.organisator.ch\/fr\/sustainability\/2018-11-23\/eu-aktionsplan-zur-nachhaltigen-wirtschaft\/\" \/>\n<meta property=\"og:site_name\" content=\"Organisator\" \/>\n<meta property=\"article:publisher\" content=\"https:\/\/www.facebook.com\/OrganisatorFachmagazin\" \/>\n<meta property=\"article:published_time\" content=\"2018-11-23T12:20:01+00:00\" \/>\n<meta property=\"article:modified_time\" content=\"2022-02-09T10:10:08+00:00\" \/>\n<meta property=\"og:image\" content=\"https:\/\/www.organisator.ch\/wp-content\/uploads\/2018\/11\/eu-aktionsplan-up-umweltperspektiven.jpg\" \/>\n\t<meta property=\"og:image:width\" content=\"1000\" \/>\n\t<meta property=\"og:image:height\" content=\"667\" \/>\n\t<meta property=\"og:image:type\" content=\"image\/jpeg\" \/>\n<meta name=\"author\" content=\"michael.merz\" \/>\n<meta name=\"twitter:card\" content=\"summary_large_image\" \/>\n<script type=\"application\/ld+json\" class=\"yoast-schema-graph\">{\"@context\":\"https:\\\/\\\/schema.org\",\"@graph\":[{\"@type\":\"Article\",\"@id\":\"https:\\\/\\\/www.organisator.ch\\\/sustainability\\\/2018-11-23\\\/eu-aktionsplan-zur-nachhaltigen-wirtschaft\\\/#article\",\"isPartOf\":{\"@id\":\"https:\\\/\\\/www.organisator.ch\\\/sustainability\\\/2018-11-23\\\/eu-aktionsplan-zur-nachhaltigen-wirtschaft\\\/\"},\"author\":{\"name\":\"michael.merz\",\"@id\":\"https:\\\/\\\/www.organisator.ch\\\/#\\\/schema\\\/person\\\/134708ca9321c57b0362cceb7948ffbd\"},\"headline\":\"EU-Aktionsplan zur nachhaltigen Wirtschaft\",\"datePublished\":\"2018-11-23T12:20:01+00:00\",\"dateModified\":\"2022-02-09T10:10:08+00:00\",\"mainEntityOfPage\":{\"@id\":\"https:\\\/\\\/www.organisator.ch\\\/sustainability\\\/2018-11-23\\\/eu-aktionsplan-zur-nachhaltigen-wirtschaft\\\/\"},\"wordCount\":616,\"commentCount\":0,\"publisher\":{\"@id\":\"https:\\\/\\\/www.organisator.ch\\\/#organization\"},\"image\":{\"@id\":\"https:\\\/\\\/www.organisator.ch\\\/sustainability\\\/2018-11-23\\\/eu-aktionsplan-zur-nachhaltigen-wirtschaft\\\/#primaryimage\"},\"thumbnailUrl\":\"https:\\\/\\\/www.organisator.ch\\\/wp-content\\\/uploads\\\/2018\\\/11\\\/eu-aktionsplan-up-umweltperspektiven.jpg\",\"keywords\":[\"EU-Aktionsplan\",\"Nachhaltige Investments\",\"Taxonomie\"],\"articleSection\":[\"SUSTAINABILITY\"],\"inLanguage\":\"fr-FR\"},{\"@type\":\"WebPage\",\"@id\":\"https:\\\/\\\/www.organisator.ch\\\/sustainability\\\/2018-11-23\\\/eu-aktionsplan-zur-nachhaltigen-wirtschaft\\\/\",\"url\":\"https:\\\/\\\/www.organisator.ch\\\/sustainability\\\/2018-11-23\\\/eu-aktionsplan-zur-nachhaltigen-wirtschaft\\\/\",\"name\":\"EU-Aktionsplan zur nachhaltigen Wirtschaft - Organisator\",\"isPartOf\":{\"@id\":\"https:\\\/\\\/www.organisator.ch\\\/#website\"},\"primaryImageOfPage\":{\"@id\":\"https:\\\/\\\/www.organisator.ch\\\/sustainability\\\/2018-11-23\\\/eu-aktionsplan-zur-nachhaltigen-wirtschaft\\\/#primaryimage\"},\"image\":{\"@id\":\"https:\\\/\\\/www.organisator.ch\\\/sustainability\\\/2018-11-23\\\/eu-aktionsplan-zur-nachhaltigen-wirtschaft\\\/#primaryimage\"},\"thumbnailUrl\":\"https:\\\/\\\/www.organisator.ch\\\/wp-content\\\/uploads\\\/2018\\\/11\\\/eu-aktionsplan-up-umweltperspektiven.jpg\",\"datePublished\":\"2018-11-23T12:20:01+00:00\",\"dateModified\":\"2022-02-09T10:10:08+00:00\",\"description\":\"Die EU-Kommission hat einen Aktionsplan vorgelegt. Die Grundlage f\u00fcr \u201eFinancing Sustainable Growth\u201c zeigt erste kleine Fr\u00fcchte.\",\"breadcrumb\":{\"@id\":\"https:\\\/\\\/www.organisator.ch\\\/sustainability\\\/2018-11-23\\\/eu-aktionsplan-zur-nachhaltigen-wirtschaft\\\/#breadcrumb\"},\"inLanguage\":\"fr-FR\",\"potentialAction\":[{\"@type\":\"ReadAction\",\"target\":[\"https:\\\/\\\/www.organisator.ch\\\/sustainability\\\/2018-11-23\\\/eu-aktionsplan-zur-nachhaltigen-wirtschaft\\\/\"]}]},{\"@type\":\"ImageObject\",\"inLanguage\":\"fr-FR\",\"@id\":\"https:\\\/\\\/www.organisator.ch\\\/sustainability\\\/2018-11-23\\\/eu-aktionsplan-zur-nachhaltigen-wirtschaft\\\/#primaryimage\",\"url\":\"https:\\\/\\\/www.organisator.ch\\\/wp-content\\\/uploads\\\/2018\\\/11\\\/eu-aktionsplan-up-umweltperspektiven.jpg\",\"contentUrl\":\"https:\\\/\\\/www.organisator.ch\\\/wp-content\\\/uploads\\\/2018\\\/11\\\/eu-aktionsplan-up-umweltperspektiven.jpg\",\"width\":1000,\"height\":667,\"caption\":\"Zur Umsetzung der EU-Vorschl\u00e4ge sind weitreichende, auch gesetzgeberische Massnahmen notwendig. (Bild: depositphotos)\"},{\"@type\":\"BreadcrumbList\",\"@id\":\"https:\\\/\\\/www.organisator.ch\\\/sustainability\\\/2018-11-23\\\/eu-aktionsplan-zur-nachhaltigen-wirtschaft\\\/#breadcrumb\",\"itemListElement\":[{\"@type\":\"ListItem\",\"position\":1,\"name\":\"Home\",\"item\":\"https:\\\/\\\/www.organisator.ch\\\/\"},{\"@type\":\"ListItem\",\"position\":2,\"name\":\"EU-Aktionsplan zur nachhaltigen Wirtschaft\"}]},{\"@type\":\"WebSite\",\"@id\":\"https:\\\/\\\/www.organisator.ch\\\/#website\",\"url\":\"https:\\\/\\\/www.organisator.ch\\\/\",\"name\":\"Organisator\",\"description\":\"Kompetent. Praxisnah. Der ORGANISATOR bereitet in 10 Ausgaben pro Jahr die wesentlichen Themen f\u00fcr F\u00fchrungskr\u00e4fte von KMU auf.\",\"publisher\":{\"@id\":\"https:\\\/\\\/www.organisator.ch\\\/#organization\"},\"potentialAction\":[{\"@type\":\"SearchAction\",\"target\":{\"@type\":\"EntryPoint\",\"urlTemplate\":\"https:\\\/\\\/www.organisator.ch\\\/?s={search_term_string}\"},\"query-input\":{\"@type\":\"PropertyValueSpecification\",\"valueRequired\":true,\"valueName\":\"search_term_string\"}}],\"inLanguage\":\"fr-FR\"},{\"@type\":\"Organization\",\"@id\":\"https:\\\/\\\/www.organisator.ch\\\/#organization\",\"name\":\"Organisator\",\"url\":\"https:\\\/\\\/www.organisator.ch\\\/\",\"logo\":{\"@type\":\"ImageObject\",\"inLanguage\":\"fr-FR\",\"@id\":\"https:\\\/\\\/www.organisator.ch\\\/#\\\/schema\\\/logo\\\/image\\\/\",\"url\":\"https:\\\/\\\/www.organisator.ch\\\/wp-content\\\/uploads\\\/2022\\\/01\\\/Logo_Organisator_Website.png\",\"contentUrl\":\"https:\\\/\\\/www.organisator.ch\\\/wp-content\\\/uploads\\\/2022\\\/01\\\/Logo_Organisator_Website.png\",\"width\":800,\"height\":77,\"caption\":\"Organisator\"},\"image\":{\"@id\":\"https:\\\/\\\/www.organisator.ch\\\/#\\\/schema\\\/logo\\\/image\\\/\"},\"sameAs\":[\"https:\\\/\\\/www.facebook.com\\\/OrganisatorFachmagazin\",\"https:\\\/\\\/www.linkedin.com\\\/showcase\\\/organisator-das-magazin-fr-kmu\",\"https:\\\/\\\/www.xing.com\\\/news\\\/pages\\\/organisator-ch-695\",\"https:\\\/\\\/www.youtube.com\\\/channel\\\/UCGP2Sq0iWaZwT3BdIAQFYpw\"]},{\"@type\":\"Person\",\"@id\":\"https:\\\/\\\/www.organisator.ch\\\/#\\\/schema\\\/person\\\/134708ca9321c57b0362cceb7948ffbd\",\"name\":\"michael.merz\",\"image\":{\"@type\":\"ImageObject\",\"inLanguage\":\"fr-FR\",\"@id\":\"https:\\\/\\\/secure.gravatar.com\\\/avatar\\\/?s=96&d=mm&r=g\",\"url\":\"https:\\\/\\\/secure.gravatar.com\\\/avatar\\\/?s=96&d=mm&r=g\",\"contentUrl\":\"https:\\\/\\\/secure.gravatar.com\\\/avatar\\\/?s=96&d=mm&r=g\",\"caption\":\"michael.merz\"},\"url\":\"https:\\\/\\\/www.organisator.ch\\\/fr\\\/author\\\/michael-merz\\\/\"}]}<\/script>\n<!-- \/ Yoast SEO plugin. -->","yoast_head_json":{"title":"Plan d'action de l'UE pour une \u00e9conomie durable - Organisateur","description":"La Commission europ\u00e9enne a pr\u00e9sent\u00e9 un plan d'action. La base de \"Financing Sustainable Growth\" commence \u00e0 porter ses petits fruits.","robots":{"index":"index","follow":"follow","max-snippet":"max-snippet:-1","max-image-preview":"max-image-preview:large","max-video-preview":"max-video-preview:-1"},"canonical":"https:\/\/www.organisator.ch\/fr\/sustainability\/2018-11-23\/eu-aktionsplan-zur-nachhaltigen-wirtschaft\/","og_locale":"fr_FR","og_type":"article","og_title":"EU-Aktionsplan zur nachhaltigen Wirtschaft - Organisator","og_description":"Die EU-Kommission hat einen Aktionsplan vorgelegt. Die Grundlage f\u00fcr \u201eFinancing Sustainable Growth\u201c zeigt erste kleine Fr\u00fcchte.","og_url":"https:\/\/www.organisator.ch\/fr\/sustainability\/2018-11-23\/eu-aktionsplan-zur-nachhaltigen-wirtschaft\/","og_site_name":"Organisator","article_publisher":"https:\/\/www.facebook.com\/OrganisatorFachmagazin","article_published_time":"2018-11-23T12:20:01+00:00","article_modified_time":"2022-02-09T10:10:08+00:00","og_image":[{"width":1000,"height":667,"url":"https:\/\/www.organisator.ch\/wp-content\/uploads\/2018\/11\/eu-aktionsplan-up-umweltperspektiven.jpg","type":"image\/jpeg"}],"author":"michael.merz","twitter_card":"summary_large_image","schema":{"@context":"https:\/\/schema.org","@graph":[{"@type":"Article","@id":"https:\/\/www.organisator.ch\/sustainability\/2018-11-23\/eu-aktionsplan-zur-nachhaltigen-wirtschaft\/#article","isPartOf":{"@id":"https:\/\/www.organisator.ch\/sustainability\/2018-11-23\/eu-aktionsplan-zur-nachhaltigen-wirtschaft\/"},"author":{"name":"michael.merz","@id":"https:\/\/www.organisator.ch\/#\/schema\/person\/134708ca9321c57b0362cceb7948ffbd"},"headline":"EU-Aktionsplan zur nachhaltigen Wirtschaft","datePublished":"2018-11-23T12:20:01+00:00","dateModified":"2022-02-09T10:10:08+00:00","mainEntityOfPage":{"@id":"https:\/\/www.organisator.ch\/sustainability\/2018-11-23\/eu-aktionsplan-zur-nachhaltigen-wirtschaft\/"},"wordCount":616,"commentCount":0,"publisher":{"@id":"https:\/\/www.organisator.ch\/#organization"},"image":{"@id":"https:\/\/www.organisator.ch\/sustainability\/2018-11-23\/eu-aktionsplan-zur-nachhaltigen-wirtschaft\/#primaryimage"},"thumbnailUrl":"https:\/\/www.organisator.ch\/wp-content\/uploads\/2018\/11\/eu-aktionsplan-up-umweltperspektiven.jpg","keywords":["EU-Aktionsplan","Nachhaltige Investments","Taxonomie"],"articleSection":["SUSTAINABILITY"],"inLanguage":"fr-FR"},{"@type":"WebPage","@id":"https:\/\/www.organisator.ch\/sustainability\/2018-11-23\/eu-aktionsplan-zur-nachhaltigen-wirtschaft\/","url":"https:\/\/www.organisator.ch\/sustainability\/2018-11-23\/eu-aktionsplan-zur-nachhaltigen-wirtschaft\/","name":"Plan d'action de l'UE pour une \u00e9conomie durable - Organisateur","isPartOf":{"@id":"https:\/\/www.organisator.ch\/#website"},"primaryImageOfPage":{"@id":"https:\/\/www.organisator.ch\/sustainability\/2018-11-23\/eu-aktionsplan-zur-nachhaltigen-wirtschaft\/#primaryimage"},"image":{"@id":"https:\/\/www.organisator.ch\/sustainability\/2018-11-23\/eu-aktionsplan-zur-nachhaltigen-wirtschaft\/#primaryimage"},"thumbnailUrl":"https:\/\/www.organisator.ch\/wp-content\/uploads\/2018\/11\/eu-aktionsplan-up-umweltperspektiven.jpg","datePublished":"2018-11-23T12:20:01+00:00","dateModified":"2022-02-09T10:10:08+00:00","description":"La Commission europ\u00e9enne a pr\u00e9sent\u00e9 un plan d'action. La base de \"Financing Sustainable Growth\" commence \u00e0 porter ses petits fruits.","breadcrumb":{"@id":"https:\/\/www.organisator.ch\/sustainability\/2018-11-23\/eu-aktionsplan-zur-nachhaltigen-wirtschaft\/#breadcrumb"},"inLanguage":"fr-FR","potentialAction":[{"@type":"ReadAction","target":["https:\/\/www.organisator.ch\/sustainability\/2018-11-23\/eu-aktionsplan-zur-nachhaltigen-wirtschaft\/"]}]},{"@type":"ImageObject","inLanguage":"fr-FR","@id":"https:\/\/www.organisator.ch\/sustainability\/2018-11-23\/eu-aktionsplan-zur-nachhaltigen-wirtschaft\/#primaryimage","url":"https:\/\/www.organisator.ch\/wp-content\/uploads\/2018\/11\/eu-aktionsplan-up-umweltperspektiven.jpg","contentUrl":"https:\/\/www.organisator.ch\/wp-content\/uploads\/2018\/11\/eu-aktionsplan-up-umweltperspektiven.jpg","width":1000,"height":667,"caption":"Zur Umsetzung der EU-Vorschl\u00e4ge sind weitreichende, auch gesetzgeberische Massnahmen notwendig. (Bild: depositphotos)"},{"@type":"BreadcrumbList","@id":"https:\/\/www.organisator.ch\/sustainability\/2018-11-23\/eu-aktionsplan-zur-nachhaltigen-wirtschaft\/#breadcrumb","itemListElement":[{"@type":"ListItem","position":1,"name":"Home","item":"https:\/\/www.organisator.ch\/"},{"@type":"ListItem","position":2,"name":"EU-Aktionsplan zur nachhaltigen Wirtschaft"}]},{"@type":"WebSite","@id":"https:\/\/www.organisator.ch\/#website","url":"https:\/\/www.organisator.ch\/","name":"Organisateur","description":"Comp\u00e9tence et comp\u00e9tence. Proches de la pratique. L'ORGANISATEUR pr\u00e9pare 10 num\u00e9ros par an sur les th\u00e8mes essentiels pour les dirigeants de PME.","publisher":{"@id":"https:\/\/www.organisator.ch\/#organization"},"potentialAction":[{"@type":"SearchAction","target":{"@type":"EntryPoint","urlTemplate":"https:\/\/www.organisator.ch\/?s={search_term_string}"},"query-input":{"@type":"PropertyValueSpecification","valueRequired":true,"valueName":"search_term_string"}}],"inLanguage":"fr-FR"},{"@type":"Organization","@id":"https:\/\/www.organisator.ch\/#organization","name":"Organisateur","url":"https:\/\/www.organisator.ch\/","logo":{"@type":"ImageObject","inLanguage":"fr-FR","@id":"https:\/\/www.organisator.ch\/#\/schema\/logo\/image\/","url":"https:\/\/www.organisator.ch\/wp-content\/uploads\/2022\/01\/Logo_Organisator_Website.png","contentUrl":"https:\/\/www.organisator.ch\/wp-content\/uploads\/2022\/01\/Logo_Organisator_Website.png","width":800,"height":77,"caption":"Organisator"},"image":{"@id":"https:\/\/www.organisator.ch\/#\/schema\/logo\/image\/"},"sameAs":["https:\/\/www.facebook.com\/OrganisatorFachmagazin","https:\/\/www.linkedin.com\/showcase\/organisator-das-magazin-fr-kmu","https:\/\/www.xing.com\/news\/pages\/organisator-ch-695","https:\/\/www.youtube.com\/channel\/UCGP2Sq0iWaZwT3BdIAQFYpw"]},{"@type":"Person","@id":"https:\/\/www.organisator.ch\/#\/schema\/person\/134708ca9321c57b0362cceb7948ffbd","name":"michael.merz","image":{"@type":"ImageObject","inLanguage":"fr-FR","@id":"https:\/\/secure.gravatar.com\/avatar\/?s=96&d=mm&r=g","url":"https:\/\/secure.gravatar.com\/avatar\/?s=96&d=mm&r=g","contentUrl":"https:\/\/secure.gravatar.com\/avatar\/?s=96&d=mm&r=g","caption":"michael.merz"},"url":"https:\/\/www.organisator.ch\/fr\/author\/michael-merz\/"}]}},"_links":{"self":[{"href":"https:\/\/www.organisator.ch\/fr\/wp-json\/wp\/v2\/posts\/10056","targetHints":{"allow":["GET"]}}],"collection":[{"href":"https:\/\/www.organisator.ch\/fr\/wp-json\/wp\/v2\/posts"}],"about":[{"href":"https:\/\/www.organisator.ch\/fr\/wp-json\/wp\/v2\/types\/post"}],"author":[{"embeddable":true,"href":"https:\/\/www.organisator.ch\/fr\/wp-json\/wp\/v2\/users\/5"}],"replies":[{"embeddable":true,"href":"https:\/\/www.organisator.ch\/fr\/wp-json\/wp\/v2\/comments?post=10056"}],"version-history":[{"count":1,"href":"https:\/\/www.organisator.ch\/fr\/wp-json\/wp\/v2\/posts\/10056\/revisions"}],"predecessor-version":[{"id":10916,"href":"https:\/\/www.organisator.ch\/fr\/wp-json\/wp\/v2\/posts\/10056\/revisions\/10916"}],"wp:featuredmedia":[{"embeddable":true,"href":"https:\/\/www.organisator.ch\/fr\/wp-json\/wp\/v2\/media\/9574"}],"wp:attachment":[{"href":"https:\/\/www.organisator.ch\/fr\/wp-json\/wp\/v2\/media?parent=10056"}],"wp:term":[{"taxonomy":"category","embeddable":true,"href":"https:\/\/www.organisator.ch\/fr\/wp-json\/wp\/v2\/categories?post=10056"},{"taxonomy":"post_tag","embeddable":true,"href":"https:\/\/www.organisator.ch\/fr\/wp-json\/wp\/v2\/tags?post=10056"}],"curies":[{"name":"wp","href":"https:\/\/api.w.org\/{rel}","templated":true}]}}