{"id":10060,"date":"2019-01-16T15:08:28","date_gmt":"2019-01-16T14:08:28","guid":{"rendered":"https:\/\/www.umweltperspektiven.ch\/?p=1946"},"modified":"2019-01-16T15:08:28","modified_gmt":"2019-01-16T14:08:28","slug":"universitaet-basel-erhaelt-watt-dor","status":"publish","type":"post","link":"https:\/\/www.organisator.ch\/fr\/allgemein\/2019-01-16\/universitaet-basel-erhaelt-watt-dor\/","title":{"rendered":"L'Universit\u00e9 de B\u00e2le re\u00e7oit le Watt d'Or"},"content":{"rendered":"<div class=\"rte\">\n<figure id=\"attachment_1948\" aria-describedby=\"caption-attachment-1948\" style=\"width: 680px\" class=\"wp-caption alignnone\"><img loading=\"lazy\" decoding=\"async\" class=\"wp-image-1948 size-medium\" src=\"\/\/www.umweltperspektiven.ch\/wp-content\/uploads\/2019\/01\/watt-dor-2019_BFE_1000x500.jpg\" alt=\"\" width=\"680\" height=\"340\" srcset=\"https:\/\/www.organisator.ch\/wp-content\/uploads\/2019\/01\/watt-dor-2019_BFE_1000x500.jpg 1000w, https:\/\/www.organisator.ch\/wp-content\/uploads\/2019\/01\/watt-dor-2019_BFE_1000x500-680x340.jpg 680w, https:\/\/www.organisator.ch\/wp-content\/uploads\/2019\/01\/watt-dor-2019_BFE_1000x500-768x384.jpg 768w, https:\/\/www.organisator.ch\/wp-content\/uploads\/2019\/01\/watt-dor-2019_BFE_1000x500-18x9.jpg 18w, https:\/\/www.organisator.ch\/wp-content\/uploads\/2019\/01\/watt-dor-2019_BFE_1000x500-350x175.jpg 350w, https:\/\/www.organisator.ch\/wp-content\/uploads\/2019\/01\/watt-dor-2019_BFE_1000x500-700x350.jpg 700w, https:\/\/www.organisator.ch\/wp-content\/uploads\/2019\/01\/watt-dor-2019_BFE_1000x500-920x460.jpg 920w, https:\/\/www.organisator.ch\/wp-content\/uploads\/2019\/01\/watt-dor-2019_BFE_1000x500-300x150.jpg 300w\" sizes=\"auto, (max-width: 680px) 100vw, 680px\" \/><figcaption id=\"caption-attachment-1948\" class=\"wp-caption-text\">Une \u00e9quipe de l'Universit\u00e9 de B\u00e2le et de la BLS se voit d\u00e9cerner le Watt d'Or 2019 pour la r\u00e9duction de la consommation d'\u00e9nergie dans le transport ferroviaire. Au premier plan, \u00e0 droite, l'initiateur, le physicien Prof. (Image : Office f\u00e9d\u00e9ral de l'\u00e9nergie OFEN)<\/figcaption><\/figure>\n<p>Le troph\u00e9e du Watt d'Or a \u00e9t\u00e9 remis aux laur\u00e9ats par la conseill\u00e8re aux \u00c9tats Pascale Bruderer le 10 janvier \u00e0 Berne. Le professeur Peter Oelhafen, professeur \u00e9m\u00e9rite de physique exp\u00e9rimentale \u00e0 l'Universit\u00e9 de B\u00e2le, a re\u00e7u le prix dans la cat\u00e9gorie \"Mobilit\u00e9 efficace sur le plan \u00e9nerg\u00e9tique\", en compagnie de repr\u00e9sentants de l'entreprise ferroviaire BLS.<\/p>\n<p>Oelhafen avait propos\u00e9 \u00e0 BLS AG de mesurer en d\u00e9tail la consommation d'\u00e9nergie dans les v\u00e9hicules ferroviaires afin d'obtenir une base solide pour r\u00e9aliser des \u00e9conomies. Pour la campagne de mesure, une des rames de BLS a \u00e9t\u00e9 \u00e9quip\u00e9e de capteurs et de compteurs \u00e9lectriques afin de mesurer la consommation de tous les sous-syst\u00e8mes.<\/p>\n<p>Les r\u00e9sultats l'ont montr\u00e9 : Un train de type \"Nina\" ne consomme qu'un peu plus de la moiti\u00e9 de l'\u00e9nergie totale annuelle pour la conduite proprement dite. Un tiers est consomm\u00e9 pour le chauffage, la ventilation et le refroidissement. Environ un autre tiers de la consommation a lieu \u00e0 l'arr\u00eat, car de nombreux syst\u00e8mes continuent de fonctionner.<\/p>\n<p>&nbsp;<\/p>\n<\/div>\n<p><iframe loading=\"lazy\" title=\"Watt d&#039;Or 2019 : petit \u00e0 petit vers une meilleure efficacit\u00e9 \u00e9nerg\u00e9tique\" width=\"768\" height=\"432\" src=\"https:\/\/www.youtube.com\/embed\/38U4lnVrb84?feature=oembed\" frameborder=\"0\" allow=\"accelerometer; autoplay; clipboard-write; encrypted-media; gyroscope; picture-in-picture\" allowfullscreen><\/iframe><\/p>\n<p><strong>Consommation annuelle de 3000 m\u00e9nages \u00e9conomis\u00e9e<\/strong><\/p>\n<div class=\"rte\">\n<p>Les r\u00e9sultats impressionnants des mesures ont conduit \u00e0 une modernisation compl\u00e8te de 36 rames du RER. Les travaux ont notamment consist\u00e9 \u00e0 introduire un service de somnolence, \u00e0 moderniser la technique \u00e9nerg\u00e9tique et \u00e0 installer de nouvelles sources lumineuses et de nouveaux vitrages.<\/p>\n<p>Gr\u00e2ce \u00e0 cela et \u00e0 d'autres mesures d'efficacit\u00e9 pour les autres flottes de v\u00e9hicules ferroviaires, le BLS \u00e9conomise chaque ann\u00e9e environ 13 millions de kilowattheures d'\u00e9lectricit\u00e9, ce qui correspond \u00e0 la consommation annuelle de plus de 3000 foyers. D'autres entreprises de transport ainsi que de nombreux partenaires de la recherche et de l'industrie participent \u00e0 des projets partiels du programme d'\u00e9conomie d'\u00e9nergie initi\u00e9 par Peter Oelhafen.<\/p>\n<\/div>\n<p><a href=\"\/\/www.unibas.ch\">www.unibas.ch<\/a><\/p>","protected":false},"excerpt":{"rendered":"<p>Die Watt d\u2019Or-Troph\u00e4e wurde den Gewinnerinnen und Gewinnern von St\u00e4nder\u00e4tin Pascale Bruderer am 10. Januar in Bern \u00fcberreicht. Prof. Dr. Peter Oelhafen, emeritierter Professor f\u00fcr experimentelle Physik an der Universit\u00e4t Basel, konnte den Preis zusammen mit Vertretern des Bahnunternehmens BLS in der Kategorie \u00abEnergieeffizente Mobilit\u00e4t\u00bb entgegennehmen. Oelhafen hatte der BLS AG vorgeschlagen, den Energieverbrauch in [&hellip;]<\/p>\n","protected":false},"author":5,"featured_media":1948,"comment_status":"open","ping_status":"open","sticky":false,"template":"","format":"standard","meta":{"_acf_changed":false,"_yoast_wpseo_focuskw":"Watt d'Or","_yoast_wpseo_metadesc":"Zu den diesj\u00e4hrigen Gewinnern des Energiepreises Watt d'Or geh\u00f6ren das Bahnunternehmen BLS und die Universit\u00e4t Basel mit einem Energieteilprojekt.","articlekey":"","footnotes":""},"categories":[1],"tags":[1081,354,1943,2408],"class_list":["post-10060","post","type-post","status-publish","format-standard","has-post-thumbnail","hentry","category-allgemein","tag-energieprojekt","tag-mobilitaet","tag-preis","tag-universtitaet-basel"],"acf":[],"yoast_head":"<!-- This site is optimized with the Yoast SEO plugin v27.4 - https:\/\/yoast.com\/product\/yoast-seo-wordpress\/ -->\n<title>Universit\u00e4t Basel erh\u00e4lt Watt d&#039;Or - Organisator<\/title>\n<meta name=\"description\" content=\"Zu den diesj\u00e4hrigen Gewinnern des Energiepreises Watt d&#039;Or geh\u00f6ren das Bahnunternehmen BLS und die Universit\u00e4t Basel mit einem Energieteilprojekt.\" \/>\n<meta name=\"robots\" content=\"index, follow, max-snippet:-1, max-image-preview:large, max-video-preview:-1\" \/>\n<link rel=\"canonical\" href=\"https:\/\/www.organisator.ch\/fr\/general\/2019-01-16\/universitaet-basel-erhaelt-watt-dor\/\" \/>\n<meta property=\"og:locale\" content=\"fr_FR\" \/>\n<meta property=\"og:type\" content=\"article\" \/>\n<meta property=\"og:title\" content=\"Universit\u00e4t Basel erh\u00e4lt Watt d&#039;Or - Organisator\" \/>\n<meta property=\"og:description\" content=\"Zu den diesj\u00e4hrigen Gewinnern des Energiepreises Watt d&#039;Or geh\u00f6ren das Bahnunternehmen BLS und die Universit\u00e4t Basel mit einem Energieteilprojekt.\" \/>\n<meta property=\"og:url\" content=\"https:\/\/www.organisator.ch\/fr\/general\/2019-01-16\/universitaet-basel-erhaelt-watt-dor\/\" \/>\n<meta property=\"og:site_name\" content=\"Organisator\" \/>\n<meta property=\"article:publisher\" content=\"https:\/\/www.facebook.com\/OrganisatorFachmagazin\" \/>\n<meta property=\"article:published_time\" content=\"2019-01-16T14:08:28+00:00\" \/>\n<meta property=\"og:image\" content=\"https:\/\/www.organisator.ch\/wp-content\/uploads\/2019\/01\/watt-dor-2019_BFE_1000x500.jpg\" \/>\n\t<meta property=\"og:image:width\" content=\"1000\" \/>\n\t<meta property=\"og:image:height\" content=\"500\" \/>\n\t<meta property=\"og:image:type\" content=\"image\/jpeg\" \/>\n<meta name=\"author\" content=\"michael.merz\" \/>\n<meta name=\"twitter:card\" content=\"summary_large_image\" \/>\n<script type=\"application\/ld+json\" class=\"yoast-schema-graph\">{\"@context\":\"https:\\\/\\\/schema.org\",\"@graph\":[{\"@type\":\"Article\",\"@id\":\"https:\\\/\\\/www.organisator.ch\\\/en\\\/general\\\/2019-01-16\\\/universitaet-basel-erhaelt-watt-dor\\\/#article\",\"isPartOf\":{\"@id\":\"https:\\\/\\\/www.organisator.ch\\\/en\\\/general\\\/2019-01-16\\\/universitaet-basel-erhaelt-watt-dor\\\/\"},\"author\":{\"name\":\"michael.merz\",\"@id\":\"https:\\\/\\\/www.organisator.ch\\\/#\\\/schema\\\/person\\\/134708ca9321c57b0362cceb7948ffbd\"},\"headline\":\"Universit\u00e4t Basel erh\u00e4lt Watt d&#8217;Or\",\"datePublished\":\"2019-01-16T14:08:28+00:00\",\"mainEntityOfPage\":{\"@id\":\"https:\\\/\\\/www.organisator.ch\\\/en\\\/general\\\/2019-01-16\\\/universitaet-basel-erhaelt-watt-dor\\\/\"},\"wordCount\":303,\"commentCount\":0,\"publisher\":{\"@id\":\"https:\\\/\\\/www.organisator.ch\\\/#organization\"},\"image\":{\"@id\":\"https:\\\/\\\/www.organisator.ch\\\/en\\\/general\\\/2019-01-16\\\/universitaet-basel-erhaelt-watt-dor\\\/#primaryimage\"},\"thumbnailUrl\":\"https:\\\/\\\/www.organisator.ch\\\/wp-content\\\/uploads\\\/2019\\\/01\\\/watt-dor-2019_BFE_1000x500.jpg\",\"keywords\":[\"Energieprojekt\",\"Mobilit\u00e4t\",\"Preis\",\"Universtit\u00e4t Basel\"],\"articleSection\":[\"Allgemein\"],\"inLanguage\":\"fr-FR\"},{\"@type\":\"WebPage\",\"@id\":\"https:\\\/\\\/www.organisator.ch\\\/en\\\/general\\\/2019-01-16\\\/universitaet-basel-erhaelt-watt-dor\\\/\",\"url\":\"https:\\\/\\\/www.organisator.ch\\\/en\\\/general\\\/2019-01-16\\\/universitaet-basel-erhaelt-watt-dor\\\/\",\"name\":\"Universit\u00e4t Basel erh\u00e4lt Watt d'Or - Organisator\",\"isPartOf\":{\"@id\":\"https:\\\/\\\/www.organisator.ch\\\/#website\"},\"primaryImageOfPage\":{\"@id\":\"https:\\\/\\\/www.organisator.ch\\\/en\\\/general\\\/2019-01-16\\\/universitaet-basel-erhaelt-watt-dor\\\/#primaryimage\"},\"image\":{\"@id\":\"https:\\\/\\\/www.organisator.ch\\\/en\\\/general\\\/2019-01-16\\\/universitaet-basel-erhaelt-watt-dor\\\/#primaryimage\"},\"thumbnailUrl\":\"https:\\\/\\\/www.organisator.ch\\\/wp-content\\\/uploads\\\/2019\\\/01\\\/watt-dor-2019_BFE_1000x500.jpg\",\"datePublished\":\"2019-01-16T14:08:28+00:00\",\"description\":\"Zu den diesj\u00e4hrigen Gewinnern des Energiepreises Watt d'Or geh\u00f6ren das Bahnunternehmen BLS und die Universit\u00e4t Basel mit einem Energieteilprojekt.\",\"breadcrumb\":{\"@id\":\"https:\\\/\\\/www.organisator.ch\\\/en\\\/general\\\/2019-01-16\\\/universitaet-basel-erhaelt-watt-dor\\\/#breadcrumb\"},\"inLanguage\":\"fr-FR\",\"potentialAction\":[{\"@type\":\"ReadAction\",\"target\":[\"https:\\\/\\\/www.organisator.ch\\\/en\\\/general\\\/2019-01-16\\\/universitaet-basel-erhaelt-watt-dor\\\/\"]}]},{\"@type\":\"ImageObject\",\"inLanguage\":\"fr-FR\",\"@id\":\"https:\\\/\\\/www.organisator.ch\\\/en\\\/general\\\/2019-01-16\\\/universitaet-basel-erhaelt-watt-dor\\\/#primaryimage\",\"url\":\"https:\\\/\\\/www.organisator.ch\\\/wp-content\\\/uploads\\\/2019\\\/01\\\/watt-dor-2019_BFE_1000x500.jpg\",\"contentUrl\":\"https:\\\/\\\/www.organisator.ch\\\/wp-content\\\/uploads\\\/2019\\\/01\\\/watt-dor-2019_BFE_1000x500.jpg\",\"width\":1000,\"height\":500,\"caption\":\"(Bild: Universit\u00e4t Basel)\"},{\"@type\":\"BreadcrumbList\",\"@id\":\"https:\\\/\\\/www.organisator.ch\\\/en\\\/general\\\/2019-01-16\\\/universitaet-basel-erhaelt-watt-dor\\\/#breadcrumb\",\"itemListElement\":[{\"@type\":\"ListItem\",\"position\":1,\"name\":\"Home\",\"item\":\"https:\\\/\\\/www.organisator.ch\\\/\"},{\"@type\":\"ListItem\",\"position\":2,\"name\":\"Universit\u00e4t Basel erh\u00e4lt Watt d&#8217;Or\"}]},{\"@type\":\"WebSite\",\"@id\":\"https:\\\/\\\/www.organisator.ch\\\/#website\",\"url\":\"https:\\\/\\\/www.organisator.ch\\\/\",\"name\":\"Organisator\",\"description\":\"Kompetent. Praxisnah. Der ORGANISATOR bereitet in 10 Ausgaben pro Jahr die wesentlichen Themen f\u00fcr F\u00fchrungskr\u00e4fte von KMU auf.\",\"publisher\":{\"@id\":\"https:\\\/\\\/www.organisator.ch\\\/#organization\"},\"potentialAction\":[{\"@type\":\"SearchAction\",\"target\":{\"@type\":\"EntryPoint\",\"urlTemplate\":\"https:\\\/\\\/www.organisator.ch\\\/?s={search_term_string}\"},\"query-input\":{\"@type\":\"PropertyValueSpecification\",\"valueRequired\":true,\"valueName\":\"search_term_string\"}}],\"inLanguage\":\"fr-FR\"},{\"@type\":\"Organization\",\"@id\":\"https:\\\/\\\/www.organisator.ch\\\/#organization\",\"name\":\"Organisator\",\"url\":\"https:\\\/\\\/www.organisator.ch\\\/\",\"logo\":{\"@type\":\"ImageObject\",\"inLanguage\":\"fr-FR\",\"@id\":\"https:\\\/\\\/www.organisator.ch\\\/#\\\/schema\\\/logo\\\/image\\\/\",\"url\":\"https:\\\/\\\/www.organisator.ch\\\/wp-content\\\/uploads\\\/2022\\\/01\\\/Logo_Organisator_Website.png\",\"contentUrl\":\"https:\\\/\\\/www.organisator.ch\\\/wp-content\\\/uploads\\\/2022\\\/01\\\/Logo_Organisator_Website.png\",\"width\":800,\"height\":77,\"caption\":\"Organisator\"},\"image\":{\"@id\":\"https:\\\/\\\/www.organisator.ch\\\/#\\\/schema\\\/logo\\\/image\\\/\"},\"sameAs\":[\"https:\\\/\\\/www.facebook.com\\\/OrganisatorFachmagazin\",\"https:\\\/\\\/www.linkedin.com\\\/showcase\\\/organisator-das-magazin-fr-kmu\",\"https:\\\/\\\/www.xing.com\\\/news\\\/pages\\\/organisator-ch-695\",\"https:\\\/\\\/www.youtube.com\\\/channel\\\/UCGP2Sq0iWaZwT3BdIAQFYpw\"]},{\"@type\":\"Person\",\"@id\":\"https:\\\/\\\/www.organisator.ch\\\/#\\\/schema\\\/person\\\/134708ca9321c57b0362cceb7948ffbd\",\"name\":\"michael.merz\",\"image\":{\"@type\":\"ImageObject\",\"inLanguage\":\"fr-FR\",\"@id\":\"https:\\\/\\\/secure.gravatar.com\\\/avatar\\\/?s=96&d=mm&r=g\",\"url\":\"https:\\\/\\\/secure.gravatar.com\\\/avatar\\\/?s=96&d=mm&r=g\",\"contentUrl\":\"https:\\\/\\\/secure.gravatar.com\\\/avatar\\\/?s=96&d=mm&r=g\",\"caption\":\"michael.merz\"},\"url\":\"https:\\\/\\\/www.organisator.ch\\\/fr\\\/author\\\/michael-merz\\\/\"}]}<\/script>\n<!-- \/ Yoast SEO plugin. -->","yoast_head_json":{"title":"L'Universit\u00e9 de B\u00e2le re\u00e7oit le Watt d'Or - Organisateur","description":"Parmi les laur\u00e9ats du prix de l'\u00e9nergie Watt d'Or de cette ann\u00e9e, on trouve l'entreprise ferroviaire BLS et l'Universit\u00e9 de B\u00e2le avec un projet \u00e9nerg\u00e9tique partiel.","robots":{"index":"index","follow":"follow","max-snippet":"max-snippet:-1","max-image-preview":"max-image-preview:large","max-video-preview":"max-video-preview:-1"},"canonical":"https:\/\/www.organisator.ch\/fr\/general\/2019-01-16\/universitaet-basel-erhaelt-watt-dor\/","og_locale":"fr_FR","og_type":"article","og_title":"Universit\u00e4t Basel erh\u00e4lt Watt d'Or - Organisator","og_description":"Zu den diesj\u00e4hrigen Gewinnern des Energiepreises Watt d'Or geh\u00f6ren das Bahnunternehmen BLS und die Universit\u00e4t Basel mit einem Energieteilprojekt.","og_url":"https:\/\/www.organisator.ch\/fr\/general\/2019-01-16\/universitaet-basel-erhaelt-watt-dor\/","og_site_name":"Organisator","article_publisher":"https:\/\/www.facebook.com\/OrganisatorFachmagazin","article_published_time":"2019-01-16T14:08:28+00:00","og_image":[{"width":1000,"height":500,"url":"https:\/\/www.organisator.ch\/wp-content\/uploads\/2019\/01\/watt-dor-2019_BFE_1000x500.jpg","type":"image\/jpeg"}],"author":"michael.merz","twitter_card":"summary_large_image","schema":{"@context":"https:\/\/schema.org","@graph":[{"@type":"Article","@id":"https:\/\/www.organisator.ch\/en\/general\/2019-01-16\/universitaet-basel-erhaelt-watt-dor\/#article","isPartOf":{"@id":"https:\/\/www.organisator.ch\/en\/general\/2019-01-16\/universitaet-basel-erhaelt-watt-dor\/"},"author":{"name":"michael.merz","@id":"https:\/\/www.organisator.ch\/#\/schema\/person\/134708ca9321c57b0362cceb7948ffbd"},"headline":"Universit\u00e4t Basel erh\u00e4lt Watt d&#8217;Or","datePublished":"2019-01-16T14:08:28+00:00","mainEntityOfPage":{"@id":"https:\/\/www.organisator.ch\/en\/general\/2019-01-16\/universitaet-basel-erhaelt-watt-dor\/"},"wordCount":303,"commentCount":0,"publisher":{"@id":"https:\/\/www.organisator.ch\/#organization"},"image":{"@id":"https:\/\/www.organisator.ch\/en\/general\/2019-01-16\/universitaet-basel-erhaelt-watt-dor\/#primaryimage"},"thumbnailUrl":"https:\/\/www.organisator.ch\/wp-content\/uploads\/2019\/01\/watt-dor-2019_BFE_1000x500.jpg","keywords":["Energieprojekt","Mobilit\u00e4t","Preis","Universtit\u00e4t Basel"],"articleSection":["Allgemein"],"inLanguage":"fr-FR"},{"@type":"WebPage","@id":"https:\/\/www.organisator.ch\/en\/general\/2019-01-16\/universitaet-basel-erhaelt-watt-dor\/","url":"https:\/\/www.organisator.ch\/en\/general\/2019-01-16\/universitaet-basel-erhaelt-watt-dor\/","name":"L'Universit\u00e9 de B\u00e2le re\u00e7oit le Watt d'Or - Organisateur","isPartOf":{"@id":"https:\/\/www.organisator.ch\/#website"},"primaryImageOfPage":{"@id":"https:\/\/www.organisator.ch\/en\/general\/2019-01-16\/universitaet-basel-erhaelt-watt-dor\/#primaryimage"},"image":{"@id":"https:\/\/www.organisator.ch\/en\/general\/2019-01-16\/universitaet-basel-erhaelt-watt-dor\/#primaryimage"},"thumbnailUrl":"https:\/\/www.organisator.ch\/wp-content\/uploads\/2019\/01\/watt-dor-2019_BFE_1000x500.jpg","datePublished":"2019-01-16T14:08:28+00:00","description":"Parmi les laur\u00e9ats du prix de l'\u00e9nergie Watt d'Or de cette ann\u00e9e, on trouve l'entreprise ferroviaire BLS et l'Universit\u00e9 de B\u00e2le avec un projet \u00e9nerg\u00e9tique partiel.","breadcrumb":{"@id":"https:\/\/www.organisator.ch\/en\/general\/2019-01-16\/universitaet-basel-erhaelt-watt-dor\/#breadcrumb"},"inLanguage":"fr-FR","potentialAction":[{"@type":"ReadAction","target":["https:\/\/www.organisator.ch\/en\/general\/2019-01-16\/universitaet-basel-erhaelt-watt-dor\/"]}]},{"@type":"ImageObject","inLanguage":"fr-FR","@id":"https:\/\/www.organisator.ch\/en\/general\/2019-01-16\/universitaet-basel-erhaelt-watt-dor\/#primaryimage","url":"https:\/\/www.organisator.ch\/wp-content\/uploads\/2019\/01\/watt-dor-2019_BFE_1000x500.jpg","contentUrl":"https:\/\/www.organisator.ch\/wp-content\/uploads\/2019\/01\/watt-dor-2019_BFE_1000x500.jpg","width":1000,"height":500,"caption":"(Bild: Universit\u00e4t Basel)"},{"@type":"BreadcrumbList","@id":"https:\/\/www.organisator.ch\/en\/general\/2019-01-16\/universitaet-basel-erhaelt-watt-dor\/#breadcrumb","itemListElement":[{"@type":"ListItem","position":1,"name":"Home","item":"https:\/\/www.organisator.ch\/"},{"@type":"ListItem","position":2,"name":"Universit\u00e4t Basel erh\u00e4lt Watt d&#8217;Or"}]},{"@type":"WebSite","@id":"https:\/\/www.organisator.ch\/#website","url":"https:\/\/www.organisator.ch\/","name":"Organisateur","description":"Comp\u00e9tence et comp\u00e9tence. Proches de la pratique. L'ORGANISATEUR pr\u00e9pare 10 num\u00e9ros par an sur les th\u00e8mes essentiels pour les dirigeants de PME.","publisher":{"@id":"https:\/\/www.organisator.ch\/#organization"},"potentialAction":[{"@type":"SearchAction","target":{"@type":"EntryPoint","urlTemplate":"https:\/\/www.organisator.ch\/?s={search_term_string}"},"query-input":{"@type":"PropertyValueSpecification","valueRequired":true,"valueName":"search_term_string"}}],"inLanguage":"fr-FR"},{"@type":"Organization","@id":"https:\/\/www.organisator.ch\/#organization","name":"Organisateur","url":"https:\/\/www.organisator.ch\/","logo":{"@type":"ImageObject","inLanguage":"fr-FR","@id":"https:\/\/www.organisator.ch\/#\/schema\/logo\/image\/","url":"https:\/\/www.organisator.ch\/wp-content\/uploads\/2022\/01\/Logo_Organisator_Website.png","contentUrl":"https:\/\/www.organisator.ch\/wp-content\/uploads\/2022\/01\/Logo_Organisator_Website.png","width":800,"height":77,"caption":"Organisator"},"image":{"@id":"https:\/\/www.organisator.ch\/#\/schema\/logo\/image\/"},"sameAs":["https:\/\/www.facebook.com\/OrganisatorFachmagazin","https:\/\/www.linkedin.com\/showcase\/organisator-das-magazin-fr-kmu","https:\/\/www.xing.com\/news\/pages\/organisator-ch-695","https:\/\/www.youtube.com\/channel\/UCGP2Sq0iWaZwT3BdIAQFYpw"]},{"@type":"Person","@id":"https:\/\/www.organisator.ch\/#\/schema\/person\/134708ca9321c57b0362cceb7948ffbd","name":"michael.merz","image":{"@type":"ImageObject","inLanguage":"fr-FR","@id":"https:\/\/secure.gravatar.com\/avatar\/?s=96&d=mm&r=g","url":"https:\/\/secure.gravatar.com\/avatar\/?s=96&d=mm&r=g","contentUrl":"https:\/\/secure.gravatar.com\/avatar\/?s=96&d=mm&r=g","caption":"michael.merz"},"url":"https:\/\/www.organisator.ch\/fr\/author\/michael-merz\/"}]}},"_links":{"self":[{"href":"https:\/\/www.organisator.ch\/fr\/wp-json\/wp\/v2\/posts\/10060","targetHints":{"allow":["GET"]}}],"collection":[{"href":"https:\/\/www.organisator.ch\/fr\/wp-json\/wp\/v2\/posts"}],"about":[{"href":"https:\/\/www.organisator.ch\/fr\/wp-json\/wp\/v2\/types\/post"}],"author":[{"embeddable":true,"href":"https:\/\/www.organisator.ch\/fr\/wp-json\/wp\/v2\/users\/5"}],"replies":[{"embeddable":true,"href":"https:\/\/www.organisator.ch\/fr\/wp-json\/wp\/v2\/comments?post=10060"}],"version-history":[{"count":0,"href":"https:\/\/www.organisator.ch\/fr\/wp-json\/wp\/v2\/posts\/10060\/revisions"}],"wp:featuredmedia":[{"embeddable":true,"href":"https:\/\/www.organisator.ch\/fr\/wp-json\/wp\/v2\/media\/1948"}],"wp:attachment":[{"href":"https:\/\/www.organisator.ch\/fr\/wp-json\/wp\/v2\/media?parent=10060"}],"wp:term":[{"taxonomy":"category","embeddable":true,"href":"https:\/\/www.organisator.ch\/fr\/wp-json\/wp\/v2\/categories?post=10060"},{"taxonomy":"post_tag","embeddable":true,"href":"https:\/\/www.organisator.ch\/fr\/wp-json\/wp\/v2\/tags?post=10060"}],"curies":[{"name":"wp","href":"https:\/\/api.w.org\/{rel}","templated":true}]}}