{"id":10070,"date":"2019-02-14T10:51:47","date_gmt":"2019-02-14T09:51:47","guid":{"rendered":"https:\/\/www.umweltperspektiven.ch\/?p=2020"},"modified":"2019-02-14T10:51:47","modified_gmt":"2019-02-14T09:51:47","slug":"deutschland-produziert-1-6-millionen-mehr-e-autos","status":"publish","type":"post","link":"https:\/\/www.organisator.ch\/fr\/allgemein\/2019-02-14\/deutschland-produziert-1-6-millionen-mehr-e-autos\/","title":{"rendered":"L'Allemagne produit 1,6 million de voitures \u00e9lectriques suppl\u00e9mentaires"},"content":{"rendered":"<figure id=\"attachment_2021\" aria-describedby=\"caption-attachment-2021\" style=\"width: 640px\" class=\"wp-caption alignnone\"><img loading=\"lazy\" decoding=\"async\" class=\"size-full wp-image-2021\" src=\"\/\/www.umweltperspektiven.ch\/wp-content\/uploads\/2019\/02\/Deutschland-E-Autos-Umweltperspektiven-UP.jpg\" alt=\"\" width=\"640\" height=\"427\" \/><figcaption id=\"caption-attachment-2021\" class=\"wp-caption-text\">Ventes de voitures \u00e9lectriques : la production dans les usines allemandes s'acc\u00e9l\u00e8re jusqu'en 2025. (Image symbolique : Unsplash)<\/figcaption><\/figure>\n<p>En 2025, pr\u00e8s de 1,6 million de voitures \u00e9lectriques seront produites en Allemagne et repr\u00e9senteront une part de pr\u00e8s de 30 % de la production nationale totale de v\u00e9hicules. \u00c0 partir de cette date, les fournisseurs devront s'attendre \u00e0 un d\u00e9placement sensible de la valeur ajout\u00e9e des moteurs conventionnels vers les moteurs \u00e9lectrifi\u00e9s. Telles sont les conclusions de l'\u00e9tude \"Strat\u00e9gies d'\u00e9lectromobilit\u00e9 des constructeurs automobiles\" du r\u00e9seau de fournisseurs automobiles AMZ <a href=\"\/\/amz-sachsen.de\" target=\"_blank\" rel=\"nofollow noopener\">http:\/\/amz-sachsen.de<\/a> et du Chemnitz Automotive Institute (CATI) <a href=\"\/\/cati.institute\" target=\"_blank\" rel=\"nofollow noopener\">http:\/\/cati.institute<\/a> .<\/p>\n<p><strong>30 pour cent d'ici 2025<\/strong><\/p>\n<p>Les analystes d'AMZ et de CATI ont \u00e9tudi\u00e9 les strat\u00e9gies et les plans de produits de Volkswagen, Audi, Porsche, Daimler, BMW, Opel et Ford. Ils montrent les mod\u00e8les et le nombre de pi\u00e8ces pr\u00e9vus d'ici 2025, le d\u00e9veloppement pr\u00e9vu des sites de production de v\u00e9hicules \u00e9lectriques ou de composants \u00e9lectriques ainsi que d'autres tendances technologiques. Sur cette base, on pr\u00e9voit pour 2025 une production d'environ 1,6 million de voitures \u00e9lectriques en Allemagne. Si la production nationale totale reste \u00e0 peu pr\u00e8s au niveau actuel, soit environ 5,6 millions de voitures par an, la part des voitures \u00e9lectriques atteindra pr\u00e8s de 30 %. Aujourd'hui, elle est nettement inf\u00e9rieure \u00e0 cinq pour cent.<\/p>\n<p>\"Avec un taux d'exportation aussi \u00e9lev\u00e9 qu'aujourd'hui, 77 pour cent des voitures produites en Allemagne sont export\u00e9es, on peut s'attendre \u00e0 ce que les voitures enti\u00e8rement \u00e9lectriques repr\u00e9sentent environ dix pour cent des nouvelles immatriculations sur le march\u00e9 national. Aujourd'hui, ce chiffre est de 1 %. Les infrastructures n\u00e9cessaires \u00e0 cette p\u00e9n\u00e9tration du march\u00e9 doivent \u00eatre mises en place\", rappellent Werner Olle, membre du comit\u00e9 directeur du CATI, et Dirk Vogel, directeur de l'AMZ.<\/p>\n<p><strong>Croissance en Saxe<\/strong><\/p>\n<p>Pour la Saxe, l'\u00e9tude pr\u00e9voit des r\u00e9sultats diff\u00e9rents en ce qui concerne les chiffres de production. \"Contrairement \u00e0 la moyenne nationale, le volume de v\u00e9hicules produits en Saxe en 2025 augmentera d'environ 15 pour cent par rapport \u00e0 2017, passant de 740.000 v\u00e9hicules aujourd'hui \u00e0 850.000 \u00e0 l'avenir. La part des v\u00e9hicules enti\u00e8rement \u00e9lectriques atteindra un ordre de grandeur de 40 \u00e0 45 pour cent et sera ainsi nettement sup\u00e9rieure \u00e0 la moyenne f\u00e9d\u00e9rale. En 2025, pr\u00e8s d'un v\u00e9hicule tout \u00e9lectrique sur quatre fabriqu\u00e9 en Allemagne proviendrait donc de Saxe\", a d\u00e9clar\u00e9 Olle.<\/p>\n<p>Ces pr\u00e9visions se basent sur la transformation de l'usine VW de Zwickau en un site de construction de v\u00e9hicules \u00e9lectriques pour plusieurs marques et sur l'augmentation de capacit\u00e9 qui en d\u00e9coule, ainsi que sur l'extension de l'usine BMW de Leipzig, qui entra\u00eene \u00e9galement une augmentation de capacit\u00e9. En outre, la construction d'un v\u00e9hicule \u00e9lectrique est \u00e9galement pr\u00e9vue chez Porsche Leipzig.<\/p>\n<p>\"Pour l'industrie de la sous-traitance, cela signifie s'adapter au plus tard maintenant \u00e0 la forte croissance du volume de production des v\u00e9hicules \u00e9lectriques \u00e0 batterie en Allemagne et d\u00e9finir son orientation strat\u00e9gique pour les cinq \u00e0 dix prochaines ann\u00e9es \u00e0 partir des changements qui en d\u00e9coulent dans les structures de cr\u00e9ation de valeur. Cela ne concerne pas seulement les activit\u00e9s en Allemagne, mais aussi, et dans une plus large mesure encore, la Chine en tant que march\u00e9 leader mondial de l'industrie automobile moderne\", r\u00e9sument Olle et Vogel.<\/p>","protected":false},"excerpt":{"rendered":"<p>2025 werden in Deutschland knapp 1,6 Mio. E-Autos produziert und einen Anteil an der gesamten Fahrzeuginlandsproduktion von nahezu 30 Prozent erreichen. Ab diesem Zeitpunkt ist f\u00fcr Zulieferer eine sp\u00fcrbare Verschiebung der Wertsch\u00f6pfung von konventionellen hin zu elektrifizierten Antrieben zu erwarten. Zu diesen Ergebnissen kommt die Studie &#8222;Elektromobilit\u00e4tsstrategien der Automobilhersteller&#8220; des Automobilzuliefernetzwerks AMZ http:\/\/amz-sachsen.de und des [&hellip;]<\/p>\n","protected":false},"author":5,"featured_media":9587,"comment_status":"open","ping_status":"open","sticky":false,"template":"","format":"standard","meta":{"_acf_changed":false,"_yoast_wpseo_focuskw":"E-Autos","_yoast_wpseo_metadesc":"Bis 2025 werden in Deutschland knapp 1,6 Mio. E-Autos produziert. Sie machen an der gesamten Fahrzeuginlandsproduktion nahezu 30 Prozent aus.","articlekey":"","footnotes":""},"categories":[1],"tags":[997,1006,459],"class_list":["post-10070","post","type-post","status-publish","format-standard","has-post-thumbnail","hentry","category-allgemein","tag-e-auto","tag-e-mobilitaet","tag-studie"],"acf":[],"yoast_head":"<!-- This site is optimized with the Yoast SEO plugin v27.5 - https:\/\/yoast.com\/product\/yoast-seo-wordpress\/ -->\n<title>Deutschland produziert 1.6 Millionen mehr E-Autos - Organisator<\/title>\n<meta name=\"description\" content=\"Bis 2025 werden in Deutschland knapp 1,6 Mio. E-Autos produziert. Sie machen an der gesamten Fahrzeuginlandsproduktion nahezu 30 Prozent aus.\" \/>\n<meta name=\"robots\" content=\"index, follow, max-snippet:-1, max-image-preview:large, max-video-preview:-1\" \/>\n<link rel=\"canonical\" href=\"https:\/\/www.organisator.ch\/fr\/general\/2019-02-14\/deutschland-produziert-1-6-millionen-mehr-e-autos\/\" \/>\n<meta property=\"og:locale\" content=\"fr_FR\" \/>\n<meta property=\"og:type\" content=\"article\" \/>\n<meta property=\"og:title\" content=\"Deutschland produziert 1.6 Millionen mehr E-Autos - Organisator\" \/>\n<meta property=\"og:description\" content=\"Bis 2025 werden in Deutschland knapp 1,6 Mio. E-Autos produziert. Sie machen an der gesamten Fahrzeuginlandsproduktion nahezu 30 Prozent aus.\" \/>\n<meta property=\"og:url\" content=\"https:\/\/www.organisator.ch\/fr\/general\/2019-02-14\/deutschland-produziert-1-6-millionen-mehr-e-autos\/\" \/>\n<meta property=\"og:site_name\" content=\"Organisator\" \/>\n<meta property=\"article:publisher\" content=\"https:\/\/www.facebook.com\/OrganisatorFachmagazin\" \/>\n<meta property=\"article:published_time\" content=\"2019-02-14T09:51:47+00:00\" \/>\n<meta property=\"og:image\" content=\"https:\/\/www.organisator.ch\/wp-content\/uploads\/2019\/02\/Deutschland-E-Autos-Umweltperspektiven-UP.jpg\" \/>\n\t<meta property=\"og:image:width\" content=\"640\" \/>\n\t<meta property=\"og:image:height\" content=\"427\" \/>\n\t<meta property=\"og:image:type\" content=\"image\/jpeg\" \/>\n<meta name=\"author\" content=\"michael.merz\" \/>\n<meta name=\"twitter:card\" content=\"summary_large_image\" \/>\n<script type=\"application\/ld+json\" class=\"yoast-schema-graph\">{\"@context\":\"https:\\\/\\\/schema.org\",\"@graph\":[{\"@type\":\"Article\",\"@id\":\"https:\\\/\\\/www.organisator.ch\\\/it\\\/generale\\\/2019-02-14\\\/deutschland-produziert-1-6-millionen-mehr-e-autos\\\/#article\",\"isPartOf\":{\"@id\":\"https:\\\/\\\/www.organisator.ch\\\/it\\\/generale\\\/2019-02-14\\\/deutschland-produziert-1-6-millionen-mehr-e-autos\\\/\"},\"author\":{\"name\":\"michael.merz\",\"@id\":\"https:\\\/\\\/www.organisator.ch\\\/#\\\/schema\\\/person\\\/134708ca9321c57b0362cceb7948ffbd\"},\"headline\":\"Deutschland produziert 1.6 Millionen mehr E-Autos\",\"datePublished\":\"2019-02-14T09:51:47+00:00\",\"mainEntityOfPage\":{\"@id\":\"https:\\\/\\\/www.organisator.ch\\\/it\\\/generale\\\/2019-02-14\\\/deutschland-produziert-1-6-millionen-mehr-e-autos\\\/\"},\"wordCount\":448,\"commentCount\":0,\"publisher\":{\"@id\":\"https:\\\/\\\/www.organisator.ch\\\/#organization\"},\"image\":{\"@id\":\"https:\\\/\\\/www.organisator.ch\\\/it\\\/generale\\\/2019-02-14\\\/deutschland-produziert-1-6-millionen-mehr-e-autos\\\/#primaryimage\"},\"thumbnailUrl\":\"https:\\\/\\\/www.organisator.ch\\\/wp-content\\\/uploads\\\/2019\\\/02\\\/Deutschland-E-Autos-Umweltperspektiven-UP.jpg\",\"keywords\":[\"E-Auto\",\"E-Mobilit\u00e4t\",\"Studie\"],\"articleSection\":[\"Allgemein\"],\"inLanguage\":\"fr-FR\"},{\"@type\":\"WebPage\",\"@id\":\"https:\\\/\\\/www.organisator.ch\\\/it\\\/generale\\\/2019-02-14\\\/deutschland-produziert-1-6-millionen-mehr-e-autos\\\/\",\"url\":\"https:\\\/\\\/www.organisator.ch\\\/it\\\/generale\\\/2019-02-14\\\/deutschland-produziert-1-6-millionen-mehr-e-autos\\\/\",\"name\":\"Deutschland produziert 1.6 Millionen mehr E-Autos - Organisator\",\"isPartOf\":{\"@id\":\"https:\\\/\\\/www.organisator.ch\\\/#website\"},\"primaryImageOfPage\":{\"@id\":\"https:\\\/\\\/www.organisator.ch\\\/it\\\/generale\\\/2019-02-14\\\/deutschland-produziert-1-6-millionen-mehr-e-autos\\\/#primaryimage\"},\"image\":{\"@id\":\"https:\\\/\\\/www.organisator.ch\\\/it\\\/generale\\\/2019-02-14\\\/deutschland-produziert-1-6-millionen-mehr-e-autos\\\/#primaryimage\"},\"thumbnailUrl\":\"https:\\\/\\\/www.organisator.ch\\\/wp-content\\\/uploads\\\/2019\\\/02\\\/Deutschland-E-Autos-Umweltperspektiven-UP.jpg\",\"datePublished\":\"2019-02-14T09:51:47+00:00\",\"description\":\"Bis 2025 werden in Deutschland knapp 1,6 Mio. E-Autos produziert. Sie machen an der gesamten Fahrzeuginlandsproduktion nahezu 30 Prozent aus.\",\"breadcrumb\":{\"@id\":\"https:\\\/\\\/www.organisator.ch\\\/it\\\/generale\\\/2019-02-14\\\/deutschland-produziert-1-6-millionen-mehr-e-autos\\\/#breadcrumb\"},\"inLanguage\":\"fr-FR\",\"potentialAction\":[{\"@type\":\"ReadAction\",\"target\":[\"https:\\\/\\\/www.organisator.ch\\\/it\\\/generale\\\/2019-02-14\\\/deutschland-produziert-1-6-millionen-mehr-e-autos\\\/\"]}]},{\"@type\":\"ImageObject\",\"inLanguage\":\"fr-FR\",\"@id\":\"https:\\\/\\\/www.organisator.ch\\\/it\\\/generale\\\/2019-02-14\\\/deutschland-produziert-1-6-millionen-mehr-e-autos\\\/#primaryimage\",\"url\":\"https:\\\/\\\/www.organisator.ch\\\/wp-content\\\/uploads\\\/2019\\\/02\\\/Deutschland-E-Autos-Umweltperspektiven-UP.jpg\",\"contentUrl\":\"https:\\\/\\\/www.organisator.ch\\\/wp-content\\\/uploads\\\/2019\\\/02\\\/Deutschland-E-Autos-Umweltperspektiven-UP.jpg\",\"width\":640,\"height\":427,\"caption\":\"E-Auto Absatz: Produktion in Deutschen Werken nimmt bis 2025 an Fahrt auf. (Symbolbild: Unsplash)\"},{\"@type\":\"BreadcrumbList\",\"@id\":\"https:\\\/\\\/www.organisator.ch\\\/it\\\/generale\\\/2019-02-14\\\/deutschland-produziert-1-6-millionen-mehr-e-autos\\\/#breadcrumb\",\"itemListElement\":[{\"@type\":\"ListItem\",\"position\":1,\"name\":\"Home\",\"item\":\"https:\\\/\\\/www.organisator.ch\\\/\"},{\"@type\":\"ListItem\",\"position\":2,\"name\":\"Deutschland produziert 1.6 Millionen mehr E-Autos\"}]},{\"@type\":\"WebSite\",\"@id\":\"https:\\\/\\\/www.organisator.ch\\\/#website\",\"url\":\"https:\\\/\\\/www.organisator.ch\\\/\",\"name\":\"Organisator\",\"description\":\"Kompetent. Praxisnah. Der ORGANISATOR bereitet in 10 Ausgaben pro Jahr die wesentlichen Themen f\u00fcr F\u00fchrungskr\u00e4fte von KMU auf.\",\"publisher\":{\"@id\":\"https:\\\/\\\/www.organisator.ch\\\/#organization\"},\"potentialAction\":[{\"@type\":\"SearchAction\",\"target\":{\"@type\":\"EntryPoint\",\"urlTemplate\":\"https:\\\/\\\/www.organisator.ch\\\/?s={search_term_string}\"},\"query-input\":{\"@type\":\"PropertyValueSpecification\",\"valueRequired\":true,\"valueName\":\"search_term_string\"}}],\"inLanguage\":\"fr-FR\"},{\"@type\":\"Organization\",\"@id\":\"https:\\\/\\\/www.organisator.ch\\\/#organization\",\"name\":\"Organisator\",\"url\":\"https:\\\/\\\/www.organisator.ch\\\/\",\"logo\":{\"@type\":\"ImageObject\",\"inLanguage\":\"fr-FR\",\"@id\":\"https:\\\/\\\/www.organisator.ch\\\/#\\\/schema\\\/logo\\\/image\\\/\",\"url\":\"https:\\\/\\\/www.organisator.ch\\\/wp-content\\\/uploads\\\/2022\\\/01\\\/Logo_Organisator_Website.png\",\"contentUrl\":\"https:\\\/\\\/www.organisator.ch\\\/wp-content\\\/uploads\\\/2022\\\/01\\\/Logo_Organisator_Website.png\",\"width\":800,\"height\":77,\"caption\":\"Organisator\"},\"image\":{\"@id\":\"https:\\\/\\\/www.organisator.ch\\\/#\\\/schema\\\/logo\\\/image\\\/\"},\"sameAs\":[\"https:\\\/\\\/www.facebook.com\\\/OrganisatorFachmagazin\",\"https:\\\/\\\/www.linkedin.com\\\/showcase\\\/organisator-das-magazin-fr-kmu\",\"https:\\\/\\\/www.xing.com\\\/news\\\/pages\\\/organisator-ch-695\",\"https:\\\/\\\/www.youtube.com\\\/channel\\\/UCGP2Sq0iWaZwT3BdIAQFYpw\"]},{\"@type\":\"Person\",\"@id\":\"https:\\\/\\\/www.organisator.ch\\\/#\\\/schema\\\/person\\\/134708ca9321c57b0362cceb7948ffbd\",\"name\":\"michael.merz\",\"image\":{\"@type\":\"ImageObject\",\"inLanguage\":\"fr-FR\",\"@id\":\"https:\\\/\\\/secure.gravatar.com\\\/avatar\\\/?s=96&d=mm&r=g\",\"url\":\"https:\\\/\\\/secure.gravatar.com\\\/avatar\\\/?s=96&d=mm&r=g\",\"contentUrl\":\"https:\\\/\\\/secure.gravatar.com\\\/avatar\\\/?s=96&d=mm&r=g\",\"caption\":\"michael.merz\"},\"url\":\"https:\\\/\\\/www.organisator.ch\\\/fr\\\/author\\\/michael-merz\\\/\"}]}<\/script>\n<!-- \/ Yoast SEO plugin. -->","yoast_head_json":{"title":"L'Allemagne produit 1,6 million de voitures \u00e9lectriques suppl\u00e9mentaires - Organisateur","description":"D'ici 2025, pr\u00e8s de 1,6 million de voitures \u00e9lectriques seront produites en Allemagne. Elles repr\u00e9sentent pr\u00e8s de 30 % de la production nationale totale de v\u00e9hicules.","robots":{"index":"index","follow":"follow","max-snippet":"max-snippet:-1","max-image-preview":"max-image-preview:large","max-video-preview":"max-video-preview:-1"},"canonical":"https:\/\/www.organisator.ch\/fr\/general\/2019-02-14\/deutschland-produziert-1-6-millionen-mehr-e-autos\/","og_locale":"fr_FR","og_type":"article","og_title":"Deutschland produziert 1.6 Millionen mehr E-Autos - Organisator","og_description":"Bis 2025 werden in Deutschland knapp 1,6 Mio. E-Autos produziert. Sie machen an der gesamten Fahrzeuginlandsproduktion nahezu 30 Prozent aus.","og_url":"https:\/\/www.organisator.ch\/fr\/general\/2019-02-14\/deutschland-produziert-1-6-millionen-mehr-e-autos\/","og_site_name":"Organisator","article_publisher":"https:\/\/www.facebook.com\/OrganisatorFachmagazin","article_published_time":"2019-02-14T09:51:47+00:00","og_image":[{"width":640,"height":427,"url":"https:\/\/www.organisator.ch\/wp-content\/uploads\/2019\/02\/Deutschland-E-Autos-Umweltperspektiven-UP.jpg","type":"image\/jpeg"}],"author":"michael.merz","twitter_card":"summary_large_image","schema":{"@context":"https:\/\/schema.org","@graph":[{"@type":"Article","@id":"https:\/\/www.organisator.ch\/it\/generale\/2019-02-14\/deutschland-produziert-1-6-millionen-mehr-e-autos\/#article","isPartOf":{"@id":"https:\/\/www.organisator.ch\/it\/generale\/2019-02-14\/deutschland-produziert-1-6-millionen-mehr-e-autos\/"},"author":{"name":"michael.merz","@id":"https:\/\/www.organisator.ch\/#\/schema\/person\/134708ca9321c57b0362cceb7948ffbd"},"headline":"Deutschland produziert 1.6 Millionen mehr E-Autos","datePublished":"2019-02-14T09:51:47+00:00","mainEntityOfPage":{"@id":"https:\/\/www.organisator.ch\/it\/generale\/2019-02-14\/deutschland-produziert-1-6-millionen-mehr-e-autos\/"},"wordCount":448,"commentCount":0,"publisher":{"@id":"https:\/\/www.organisator.ch\/#organization"},"image":{"@id":"https:\/\/www.organisator.ch\/it\/generale\/2019-02-14\/deutschland-produziert-1-6-millionen-mehr-e-autos\/#primaryimage"},"thumbnailUrl":"https:\/\/www.organisator.ch\/wp-content\/uploads\/2019\/02\/Deutschland-E-Autos-Umweltperspektiven-UP.jpg","keywords":["E-Auto","E-Mobilit\u00e4t","Studie"],"articleSection":["Allgemein"],"inLanguage":"fr-FR"},{"@type":"WebPage","@id":"https:\/\/www.organisator.ch\/it\/generale\/2019-02-14\/deutschland-produziert-1-6-millionen-mehr-e-autos\/","url":"https:\/\/www.organisator.ch\/it\/generale\/2019-02-14\/deutschland-produziert-1-6-millionen-mehr-e-autos\/","name":"L'Allemagne produit 1,6 million de voitures \u00e9lectriques suppl\u00e9mentaires - Organisateur","isPartOf":{"@id":"https:\/\/www.organisator.ch\/#website"},"primaryImageOfPage":{"@id":"https:\/\/www.organisator.ch\/it\/generale\/2019-02-14\/deutschland-produziert-1-6-millionen-mehr-e-autos\/#primaryimage"},"image":{"@id":"https:\/\/www.organisator.ch\/it\/generale\/2019-02-14\/deutschland-produziert-1-6-millionen-mehr-e-autos\/#primaryimage"},"thumbnailUrl":"https:\/\/www.organisator.ch\/wp-content\/uploads\/2019\/02\/Deutschland-E-Autos-Umweltperspektiven-UP.jpg","datePublished":"2019-02-14T09:51:47+00:00","description":"D'ici 2025, pr\u00e8s de 1,6 million de voitures \u00e9lectriques seront produites en Allemagne. Elles repr\u00e9sentent pr\u00e8s de 30 % de la production nationale totale de v\u00e9hicules.","breadcrumb":{"@id":"https:\/\/www.organisator.ch\/it\/generale\/2019-02-14\/deutschland-produziert-1-6-millionen-mehr-e-autos\/#breadcrumb"},"inLanguage":"fr-FR","potentialAction":[{"@type":"ReadAction","target":["https:\/\/www.organisator.ch\/it\/generale\/2019-02-14\/deutschland-produziert-1-6-millionen-mehr-e-autos\/"]}]},{"@type":"ImageObject","inLanguage":"fr-FR","@id":"https:\/\/www.organisator.ch\/it\/generale\/2019-02-14\/deutschland-produziert-1-6-millionen-mehr-e-autos\/#primaryimage","url":"https:\/\/www.organisator.ch\/wp-content\/uploads\/2019\/02\/Deutschland-E-Autos-Umweltperspektiven-UP.jpg","contentUrl":"https:\/\/www.organisator.ch\/wp-content\/uploads\/2019\/02\/Deutschland-E-Autos-Umweltperspektiven-UP.jpg","width":640,"height":427,"caption":"E-Auto Absatz: Produktion in Deutschen Werken nimmt bis 2025 an Fahrt auf. (Symbolbild: Unsplash)"},{"@type":"BreadcrumbList","@id":"https:\/\/www.organisator.ch\/it\/generale\/2019-02-14\/deutschland-produziert-1-6-millionen-mehr-e-autos\/#breadcrumb","itemListElement":[{"@type":"ListItem","position":1,"name":"Home","item":"https:\/\/www.organisator.ch\/"},{"@type":"ListItem","position":2,"name":"Deutschland produziert 1.6 Millionen mehr E-Autos"}]},{"@type":"WebSite","@id":"https:\/\/www.organisator.ch\/#website","url":"https:\/\/www.organisator.ch\/","name":"Organisateur","description":"Comp\u00e9tence et comp\u00e9tence. Proches de la pratique. L'ORGANISATEUR pr\u00e9pare 10 num\u00e9ros par an sur les th\u00e8mes essentiels pour les dirigeants de PME.","publisher":{"@id":"https:\/\/www.organisator.ch\/#organization"},"potentialAction":[{"@type":"SearchAction","target":{"@type":"EntryPoint","urlTemplate":"https:\/\/www.organisator.ch\/?s={search_term_string}"},"query-input":{"@type":"PropertyValueSpecification","valueRequired":true,"valueName":"search_term_string"}}],"inLanguage":"fr-FR"},{"@type":"Organization","@id":"https:\/\/www.organisator.ch\/#organization","name":"Organisateur","url":"https:\/\/www.organisator.ch\/","logo":{"@type":"ImageObject","inLanguage":"fr-FR","@id":"https:\/\/www.organisator.ch\/#\/schema\/logo\/image\/","url":"https:\/\/www.organisator.ch\/wp-content\/uploads\/2022\/01\/Logo_Organisator_Website.png","contentUrl":"https:\/\/www.organisator.ch\/wp-content\/uploads\/2022\/01\/Logo_Organisator_Website.png","width":800,"height":77,"caption":"Organisator"},"image":{"@id":"https:\/\/www.organisator.ch\/#\/schema\/logo\/image\/"},"sameAs":["https:\/\/www.facebook.com\/OrganisatorFachmagazin","https:\/\/www.linkedin.com\/showcase\/organisator-das-magazin-fr-kmu","https:\/\/www.xing.com\/news\/pages\/organisator-ch-695","https:\/\/www.youtube.com\/channel\/UCGP2Sq0iWaZwT3BdIAQFYpw"]},{"@type":"Person","@id":"https:\/\/www.organisator.ch\/#\/schema\/person\/134708ca9321c57b0362cceb7948ffbd","name":"michael.merz","image":{"@type":"ImageObject","inLanguage":"fr-FR","@id":"https:\/\/secure.gravatar.com\/avatar\/?s=96&d=mm&r=g","url":"https:\/\/secure.gravatar.com\/avatar\/?s=96&d=mm&r=g","contentUrl":"https:\/\/secure.gravatar.com\/avatar\/?s=96&d=mm&r=g","caption":"michael.merz"},"url":"https:\/\/www.organisator.ch\/fr\/author\/michael-merz\/"}]}},"_links":{"self":[{"href":"https:\/\/www.organisator.ch\/fr\/wp-json\/wp\/v2\/posts\/10070","targetHints":{"allow":["GET"]}}],"collection":[{"href":"https:\/\/www.organisator.ch\/fr\/wp-json\/wp\/v2\/posts"}],"about":[{"href":"https:\/\/www.organisator.ch\/fr\/wp-json\/wp\/v2\/types\/post"}],"author":[{"embeddable":true,"href":"https:\/\/www.organisator.ch\/fr\/wp-json\/wp\/v2\/users\/5"}],"replies":[{"embeddable":true,"href":"https:\/\/www.organisator.ch\/fr\/wp-json\/wp\/v2\/comments?post=10070"}],"version-history":[{"count":0,"href":"https:\/\/www.organisator.ch\/fr\/wp-json\/wp\/v2\/posts\/10070\/revisions"}],"wp:featuredmedia":[{"embeddable":true,"href":"https:\/\/www.organisator.ch\/fr\/wp-json\/wp\/v2\/media\/9587"}],"wp:attachment":[{"href":"https:\/\/www.organisator.ch\/fr\/wp-json\/wp\/v2\/media?parent=10070"}],"wp:term":[{"taxonomy":"category","embeddable":true,"href":"https:\/\/www.organisator.ch\/fr\/wp-json\/wp\/v2\/categories?post=10070"},{"taxonomy":"post_tag","embeddable":true,"href":"https:\/\/www.organisator.ch\/fr\/wp-json\/wp\/v2\/tags?post=10070"}],"curies":[{"name":"wp","href":"https:\/\/api.w.org\/{rel}","templated":true}]}}